{"id":83656,"date":"2013-05-16T12:56:45","date_gmt":"2013-05-16T10:56:45","guid":{"rendered":"https:\/\/www.iemj.org\/alkan-charles-valentin-1813-1888\/"},"modified":"2025-07-09T15:30:07","modified_gmt":"2025-07-09T13:30:07","slug":"alkan-charles-valentin-1813-1888","status":"publish","type":"post","link":"https:\/\/www.iemj.org\/it\/alkan-charles-valentin-1813-1888\/","title":{"rendered":"Alkan, Charles-Valentin (1813-1888)"},"content":{"rendered":"<p>Charles-Valentin Alkan (30 novembre 1813 \u2013 29 marzo 1888), compositore e musicista precoce come Mozart, dotato di una tecnica solida come Liszt, amico di Chopin (che, alla sua morte, gli lascia \u00ab\u00a0in eredit\u00e0\u00a0\u00bb i suoi allievi ), \u00e8 sempre stato riconosciuto come un pianista senza pari nella tradizione dei grandi virtuosismi dell&#8217;epoca romantica.<\/p>\n<p>Alkan \u00e8 nato e morto nella fede ebraica. Con i suoi fratelli e sorelle, nati Morhange, prende come cognome il nome ebraico di suo padre e diventa Charles-Valentin Alkan maggiore. Conoscendo molte lingue antiche (ebraico, latino, greco, siriaco), traduce l&#8217;Antico, ma anche il Nuovo Testamento. Scrive a un amico ebreo tedesco, Stephen Heller, che \u00e8 meglio essere ebreo per capire bene il Nuovo Testamento&#8230; ma distrugge la sua traduzione. Ha in programma di mettere in musica la Bibbia, ma non inizier\u00e0 mai.<\/p>\n<p>Raramente si esibisce in concerto e si fabbrica una solida reputazione di misantropo, soprattutto dopo il suo insuccesso nel 1848, quando cerca il posto di insegnante di pianoforte al Conservatorio, posto che \u00e8 infine assegnato a Marmontel. Tuttavia \u00e8 un rinomato pedagogo e si guadagna da vivere dando lezioni.<\/p>\n<p>Collabora in modo intermittente con il Concistoro per la trasformazione e l\u2019unificazione della liturgia, ma non compone in tutto che 2 brani propriamente liturgici su richiesta del chazan Samuel Naumbourg (<em>Ets Khayim e Hallelujah<\/em><span class=\"footnote_referrer\"><a role=\"button\" tabindex=\"0\" onclick=\"footnote_moveToReference_83656_1('footnote_plugin_reference_83656_1_1');\" onkeypress=\"footnote_moveToReference_83656_1('footnote_plugin_reference_83656_1_1');\" ><sup id=\"footnote_plugin_tooltip_83656_1_1\" class=\"footnote_plugin_tooltip_text\">[1]<\/sup><\/a><span id=\"footnote_plugin_tooltip_text_83656_1_1\" class=\"footnote_tooltip\">Delle registrazioni e degli spartiti possono essere consultati presso l&#8217;Istituto Europeo di Musiche Ebraiche<\/span><\/span><script type=\"text\/javascript\"> jQuery('#footnote_plugin_tooltip_83656_1_1').tooltip({ tip: '#footnote_plugin_tooltip_text_83656_1_1', tipClass: 'footnote_tooltip', effect: 'fade', predelay: 0, fadeInSpeed: 200, delay: 400, fadeOutSpeed: 200, position: 'top center', relative: true, offset: [-7, 0], });<\/script>). Accetta l&#8217;incarico di organista della sinagoga di rue Notre-Dame de Nazareth (la prima delle grandi sinagoghe erette a Parigi nel XIX secolo, prima di quelle della Vittoria, Tournelles, Buffault, ecc.), per&#8230; dimettersi pochi giorni dopo ! Scrive una raccolta di <em>Preghiere per organo<\/em>, alcune con un testo ebraico in evidenza, ma questi brani, per il resto di grande successo, sono delle composizioni libere tanto quanto delle preghiere. Scrive una <em>Parafrasi sul Salmo 137<\/em> (Al N&#8217;harot Bavel), ma gli d\u00e0 il titolo latino di <em>Super flumina Babylonis<\/em>, e l&#8217;opera \u00e8 dedicata ad un abate. Anche le parole del suo Salmo 41 sono in latino.<\/p>\n<p>Scrive brevi <em>Melodie ebraiche<\/em>, ma la prima (<em>Adon Olom Acher Moloch<\/em>, in pronuncia ashkenazita) porta le parole <em>Andon \u00d4lom, Ansch\u00e9r molac&#8217;h<\/em>, senza che nessuno sappia molto bene, Alkan non scrivendo nulla a caso, la causa o l&#8217;origine di queste modifiche. La terza \u00e8 una melodia\u2026 senza parole, per organo, su un tema che la musicologa Anny Kessous-Dreyfus ha dimostrato essere gi\u00e0 stato utilizzato da Benedetto Marcello, compositore veneziano del Settecento, cristiano interessato alla liturgia ebraica. Queste melodie sono dedicate inoltre ad un&#8217;aristocratica russa, Zina de Mansouroff, di cui non sappiamo nulla (probabilmente una allieva, forse un&#8217;amante?), tranne che sarebbe diventata dama di compagnia della zarina, una funzione che aveva poco da fare con la melodia ebraica.<\/p>\n<p>Alkan cita il profeta Michea all&#8217;inizio del 3\u00b0 movimento (adagio) della sua <em>Grande Sonata per pianoforte e violoncello<\/em>, senza dubbio la sua opera pi\u00f9 compiuta, e apparentemente perfettamente profana. Questo 3\u00b0 movimento \u00e8 scritto in do maggiore, chiave meditativa che si trova in <em>Ets Khayim<\/em>.<\/p>\n<p>Alkan muore nel 1888, schiacciato dalla sua biblioteca mentre vi cerca il Talmud, secondo una tenace leggenda, probabilmente falsa, ma appropriata al nostro grande uomo. \u00c8 sepolto nella sezione israelita del cimitero di Montmartre la domenica di Pasqua&#8230;<\/p>\n<p>Nel suo testamento lascia una parte dei suoi beni a suo figlio naturale Elie Miriam Delaborde ed al fratello minore Napol\u00e9on Alkan (entrambi pianisti di alto livello), e prevede una rendita per un concorso annuale di cantate su temi biblici, concorso che non vedr\u00e0 mai la luce del giorno.<\/p>\n<p><a href=\"http:\/\/www.alkansociety.org\/\" target=\"_blank\" rel=\"noopener\">Ulteriori informazioni su Charles-Valentin Alkan<\/a><br \/><a href=\"http:\/\/alkan.assos.free.fr\/alkan\/04_partitions_fr_2.html\" target=\"_blank\" rel=\"noopener\">Consultare gli spartiti online di Charles-Valentin Alkan<\/a><br \/><a href=\"http:\/\/www.rachelnet.net\/F\/?func=find-c&amp;ccl_term=WRD+%3D+alkan&amp;local_base=iemcg\" target=\"_blank\" rel=\"noopener\">Consultare i nostri archivi su Charles-Valentin Alkan<\/a><\/p>\n\n\n<p><\/p>\n<div class=\"speaker-mute footnotes_reference_container\"> <div class=\"footnote_container_prepare\"><p><span role=\"button\" tabindex=\"0\" class=\"footnote_reference_container_label pointer\" onclick=\"footnote_expand_collapse_reference_container_83656_1();\">&#x202F;<\/span><span role=\"button\" tabindex=\"0\" class=\"footnote_reference_container_collapse_button\" style=\"display: none;\" onclick=\"footnote_expand_collapse_reference_container_83656_1();\">[<a id=\"footnote_reference_container_collapse_button_83656_1\">+<\/a>]<\/span><\/p><\/div> <div id=\"footnote_references_container_83656_1\" style=\"\"><table class=\"footnotes_table footnote-reference-container\"><caption class=\"accessibility\">References<\/caption> <tbody> \r\n\r\n<tr class=\"footnotes_plugin_reference_row\"> <th scope=\"row\" class=\"footnote_plugin_index_combi pointer\"  onclick=\"footnote_moveToAnchor_83656_1('footnote_plugin_tooltip_83656_1_1');\"><a id=\"footnote_plugin_reference_83656_1_1\" class=\"footnote_backlink\">1<\/a><\/th> <td class=\"footnote_plugin_text\">Delle registrazioni e degli spartiti possono essere consultati presso l&#8217;Istituto Europeo di Musiche Ebraiche<\/td><\/tr>\r\n\r\n <\/tbody> <\/table> <\/div><\/div><script type=\"text\/javascript\"> function footnote_expand_reference_container_83656_1() { jQuery('#footnote_references_container_83656_1').show(); jQuery('#footnote_reference_container_collapse_button_83656_1').text('\u2212'); } function footnote_collapse_reference_container_83656_1() { jQuery('#footnote_references_container_83656_1').hide(); jQuery('#footnote_reference_container_collapse_button_83656_1').text('+'); } function footnote_expand_collapse_reference_container_83656_1() { if (jQuery('#footnote_references_container_83656_1').is(':hidden')) { footnote_expand_reference_container_83656_1(); } else { footnote_collapse_reference_container_83656_1(); } } function footnote_moveToReference_83656_1(p_str_TargetID) { footnote_expand_reference_container_83656_1(); var l_obj_Target = jQuery('#' + p_str_TargetID); if (l_obj_Target.length) { jQuery( 'html, body' ).delay( 0 ); jQuery('html, body').animate({ scrollTop: l_obj_Target.offset().top - window.innerHeight * 0.2 }, 380); } } function footnote_moveToAnchor_83656_1(p_str_TargetID) { footnote_expand_reference_container_83656_1(); var l_obj_Target = jQuery('#' + p_str_TargetID); if (l_obj_Target.length) { jQuery( 'html, body' ).delay( 0 ); jQuery('html, body').animate({ scrollTop: l_obj_Target.offset().top - window.innerHeight * 0.2 }, 380); } }<\/script>","protected":false},"excerpt":{"rendered":"<p>Charles-Valentin Alkan (30 novembre 1813 \u2013 29 marzo 1888), compositore e musicista precoce come Mozart, dotato di una tecnica solida come Liszt, amico di Chopin (che, alla sua morte, gli<\/p>\n","protected":false},"author":1050,"featured_media":51285,"comment_status":"closed","ping_status":"open","sticky":false,"template":"","format":"standard","meta":{"_acf_changed":false,"footnotes":""},"categories":[1416],"tags":[],"technique":[],"squelettes":[],"sujet":[],"formation":[],"genre":[],"fonds":[],"tradition":[],"type-de-contenu":[],"interprete-compositeur":[],"frise":[],"type-devenement":[],"tableaux-liens-externes":[],"class_list":["post-83656","post","type-post","status-publish","format-standard","has-post-thumbnail","hentry","category-biografie-it"],"acf":[],"yoast_head":"<!-- This site is optimized with the Yoast SEO plugin v27.3 - https:\/\/yoast.com\/product\/yoast-seo-wordpress\/ -->\n<title>Alkan, Charles-Valentin (1813-1888) - Institut Europ\u00e9en des Musiques Juives<\/title>\n<meta name=\"robots\" content=\"index, follow, max-snippet:-1, max-image-preview:large, max-video-preview:-1\" \/>\n<link rel=\"canonical\" href=\"https:\/\/www.iemj.org\/it\/alkan-charles-valentin-1813-1888\/\" \/>\n<meta property=\"og:locale\" content=\"it_IT\" \/>\n<meta property=\"og:type\" content=\"article\" \/>\n<meta property=\"og:title\" content=\"Alkan, Charles-Valentin (1813-1888) - Institut Europ\u00e9en des Musiques Juives\" \/>\n<meta property=\"og:description\" content=\"Charles-Valentin Alkan (30 novembre 1813 \u2013 29 marzo 1888), compositore e musicista precoce come Mozart, dotato di una tecnica solida come Liszt, amico di Chopin (che, alla sua morte, gli\" \/>\n<meta property=\"og:url\" content=\"https:\/\/www.iemj.org\/it\/alkan-charles-valentin-1813-1888\/\" \/>\n<meta property=\"og:site_name\" content=\"Institut Europ\u00e9en des Musiques Juives\" \/>\n<meta property=\"article:publisher\" content=\"https:\/\/www.facebook.com\/MusiquesJuives\/\" \/>\n<meta property=\"article:published_time\" content=\"2013-05-16T10:56:45+00:00\" \/>\n<meta property=\"article:modified_time\" content=\"2025-07-09T13:30:07+00:00\" \/>\n<meta property=\"og:image\" content=\"https:\/\/www.iemj.org\/wp-content\/uploads\/2013\/05\/arton696-e1752067779228.jpg\" \/>\n\t<meta property=\"og:image:width\" content=\"164\" \/>\n\t<meta property=\"og:image:height\" content=\"218\" \/>\n\t<meta property=\"og:image:type\" content=\"image\/jpeg\" \/>\n<meta name=\"author\" content=\"ncochin\" \/>\n<meta name=\"twitter:card\" content=\"summary_large_image\" \/>\n<meta name=\"twitter:label1\" content=\"Scritto da\" \/>\n\t<meta name=\"twitter:data1\" content=\"ncochin\" \/>\n\t<meta name=\"twitter:label2\" content=\"Tempo di lettura stimato\" \/>\n\t<meta name=\"twitter:data2\" content=\"4 minuti\" \/>\n<script type=\"application\/ld+json\" class=\"yoast-schema-graph\">{\"@context\":\"https:\\\/\\\/schema.org\",\"@graph\":[{\"@type\":\"Article\",\"@id\":\"https:\\\/\\\/www.iemj.org\\\/it\\\/alkan-charles-valentin-1813-1888\\\/#article\",\"isPartOf\":{\"@id\":\"https:\\\/\\\/www.iemj.org\\\/it\\\/alkan-charles-valentin-1813-1888\\\/\"},\"author\":{\"name\":\"ncochin\",\"@id\":\"https:\\\/\\\/www.iemj.org\\\/it\\\/#\\\/schema\\\/person\\\/f826ad11b0cd58dd99babe0a3fbcb86e\"},\"headline\":\"Alkan, Charles-Valentin (1813-1888)\",\"datePublished\":\"2013-05-16T10:56:45+00:00\",\"dateModified\":\"2025-07-09T13:30:07+00:00\",\"mainEntityOfPage\":{\"@id\":\"https:\\\/\\\/www.iemj.org\\\/it\\\/alkan-charles-valentin-1813-1888\\\/\"},\"wordCount\":596,\"publisher\":{\"@id\":\"https:\\\/\\\/www.iemj.org\\\/it\\\/#organization\"},\"image\":{\"@id\":\"https:\\\/\\\/www.iemj.org\\\/it\\\/alkan-charles-valentin-1813-1888\\\/#primaryimage\"},\"thumbnailUrl\":\"https:\\\/\\\/www.iemj.org\\\/wp-content\\\/uploads\\\/2013\\\/05\\\/arton696-e1752067779228.jpg\",\"articleSection\":[\"Biografie\"],\"inLanguage\":\"it-IT\"},{\"@type\":\"WebPage\",\"@id\":\"https:\\\/\\\/www.iemj.org\\\/it\\\/alkan-charles-valentin-1813-1888\\\/\",\"url\":\"https:\\\/\\\/www.iemj.org\\\/it\\\/alkan-charles-valentin-1813-1888\\\/\",\"name\":\"Alkan, Charles-Valentin (1813-1888) - Institut Europ\u00e9en des Musiques Juives\",\"isPartOf\":{\"@id\":\"https:\\\/\\\/www.iemj.org\\\/it\\\/#website\"},\"primaryImageOfPage\":{\"@id\":\"https:\\\/\\\/www.iemj.org\\\/it\\\/alkan-charles-valentin-1813-1888\\\/#primaryimage\"},\"image\":{\"@id\":\"https:\\\/\\\/www.iemj.org\\\/it\\\/alkan-charles-valentin-1813-1888\\\/#primaryimage\"},\"thumbnailUrl\":\"https:\\\/\\\/www.iemj.org\\\/wp-content\\\/uploads\\\/2013\\\/05\\\/arton696-e1752067779228.jpg\",\"datePublished\":\"2013-05-16T10:56:45+00:00\",\"dateModified\":\"2025-07-09T13:30:07+00:00\",\"breadcrumb\":{\"@id\":\"https:\\\/\\\/www.iemj.org\\\/it\\\/alkan-charles-valentin-1813-1888\\\/#breadcrumb\"},\"inLanguage\":\"it-IT\",\"potentialAction\":[{\"@type\":\"ReadAction\",\"target\":[\"https:\\\/\\\/www.iemj.org\\\/it\\\/alkan-charles-valentin-1813-1888\\\/\"]}]},{\"@type\":\"ImageObject\",\"inLanguage\":\"it-IT\",\"@id\":\"https:\\\/\\\/www.iemj.org\\\/it\\\/alkan-charles-valentin-1813-1888\\\/#primaryimage\",\"url\":\"https:\\\/\\\/www.iemj.org\\\/wp-content\\\/uploads\\\/2013\\\/05\\\/arton696-e1752067779228.jpg\",\"contentUrl\":\"https:\\\/\\\/www.iemj.org\\\/wp-content\\\/uploads\\\/2013\\\/05\\\/arton696-e1752067779228.jpg\",\"width\":164,\"height\":218},{\"@type\":\"BreadcrumbList\",\"@id\":\"https:\\\/\\\/www.iemj.org\\\/it\\\/alkan-charles-valentin-1813-1888\\\/#breadcrumb\",\"itemListElement\":[{\"@type\":\"ListItem\",\"position\":1,\"name\":\"Accueil\",\"item\":\"https:\\\/\\\/www.iemj.org\\\/it\\\/\"},{\"@type\":\"ListItem\",\"position\":2,\"name\":\"Alkan, Charles-Valentin (1813-1888)\"}]},{\"@type\":\"WebSite\",\"@id\":\"https:\\\/\\\/www.iemj.org\\\/it\\\/#website\",\"url\":\"https:\\\/\\\/www.iemj.org\\\/it\\\/\",\"name\":\"Institut Europ\u00e9en des Musiques Juives\",\"description\":\"Des traditions musicales \u00e0 la port\u00e9e de tous\",\"publisher\":{\"@id\":\"https:\\\/\\\/www.iemj.org\\\/it\\\/#organization\"},\"potentialAction\":[{\"@type\":\"SearchAction\",\"target\":{\"@type\":\"EntryPoint\",\"urlTemplate\":\"https:\\\/\\\/www.iemj.org\\\/it\\\/?s={search_term_string}\"},\"query-input\":{\"@type\":\"PropertyValueSpecification\",\"valueRequired\":true,\"valueName\":\"search_term_string\"}}],\"inLanguage\":\"it-IT\"},{\"@type\":\"Organization\",\"@id\":\"https:\\\/\\\/www.iemj.org\\\/it\\\/#organization\",\"name\":\"Institut Europ\u00e9en des Musiques Juives\",\"url\":\"https:\\\/\\\/www.iemj.org\\\/it\\\/\",\"logo\":{\"@type\":\"ImageObject\",\"inLanguage\":\"it-IT\",\"@id\":\"https:\\\/\\\/www.iemj.org\\\/it\\\/#\\\/schema\\\/logo\\\/image\\\/\",\"url\":\"https:\\\/\\\/www.iemj.org\\\/wp-content\\\/uploads\\\/2021\\\/09\\\/Logo-IEMJ-Paypal.jpg\",\"contentUrl\":\"https:\\\/\\\/www.iemj.org\\\/wp-content\\\/uploads\\\/2021\\\/09\\\/Logo-IEMJ-Paypal.jpg\",\"width\":150,\"height\":50,\"caption\":\"Institut Europ\u00e9en des Musiques Juives\"},\"image\":{\"@id\":\"https:\\\/\\\/www.iemj.org\\\/it\\\/#\\\/schema\\\/logo\\\/image\\\/\"},\"sameAs\":[\"https:\\\/\\\/www.facebook.com\\\/MusiquesJuives\\\/\",\"https:\\\/\\\/www.instagram.com\\\/musiquesjuives\\\/\",\"https:\\\/\\\/www.youtube.com\\\/user\\\/musiquesjuives\"]},{\"@type\":\"Person\",\"@id\":\"https:\\\/\\\/www.iemj.org\\\/it\\\/#\\\/schema\\\/person\\\/f826ad11b0cd58dd99babe0a3fbcb86e\",\"name\":\"ncochin\",\"image\":{\"@type\":\"ImageObject\",\"inLanguage\":\"it-IT\",\"@id\":\"https:\\\/\\\/secure.gravatar.com\\\/avatar\\\/4499f551e6a9b8c28bd3132f28d79657b2cb55ff363257726f67e89c95e2a33c?s=96&d=mm&r=g\",\"url\":\"https:\\\/\\\/secure.gravatar.com\\\/avatar\\\/4499f551e6a9b8c28bd3132f28d79657b2cb55ff363257726f67e89c95e2a33c?s=96&d=mm&r=g\",\"contentUrl\":\"https:\\\/\\\/secure.gravatar.com\\\/avatar\\\/4499f551e6a9b8c28bd3132f28d79657b2cb55ff363257726f67e89c95e2a33c?s=96&d=mm&r=g\",\"caption\":\"ncochin\"}}]}<\/script>\n<!-- \/ Yoast SEO plugin. -->","yoast_head_json":{"title":"Alkan, Charles-Valentin (1813-1888) - Institut Europ\u00e9en des Musiques Juives","robots":{"index":"index","follow":"follow","max-snippet":"max-snippet:-1","max-image-preview":"max-image-preview:large","max-video-preview":"max-video-preview:-1"},"canonical":"https:\/\/www.iemj.org\/it\/alkan-charles-valentin-1813-1888\/","og_locale":"it_IT","og_type":"article","og_title":"Alkan, Charles-Valentin (1813-1888) - Institut Europ\u00e9en des Musiques Juives","og_description":"Charles-Valentin Alkan (30 novembre 1813 \u2013 29 marzo 1888), compositore e musicista precoce come Mozart, dotato di una tecnica solida come Liszt, amico di Chopin (che, alla sua morte, gli","og_url":"https:\/\/www.iemj.org\/it\/alkan-charles-valentin-1813-1888\/","og_site_name":"Institut Europ\u00e9en des Musiques Juives","article_publisher":"https:\/\/www.facebook.com\/MusiquesJuives\/","article_published_time":"2013-05-16T10:56:45+00:00","article_modified_time":"2025-07-09T13:30:07+00:00","og_image":[{"width":164,"height":218,"url":"https:\/\/www.iemj.org\/wp-content\/uploads\/2013\/05\/arton696-e1752067779228.jpg","type":"image\/jpeg"}],"author":"ncochin","twitter_card":"summary_large_image","twitter_misc":{"Scritto da":"ncochin","Tempo di lettura stimato":"4 minuti"},"schema":{"@context":"https:\/\/schema.org","@graph":[{"@type":"Article","@id":"https:\/\/www.iemj.org\/it\/alkan-charles-valentin-1813-1888\/#article","isPartOf":{"@id":"https:\/\/www.iemj.org\/it\/alkan-charles-valentin-1813-1888\/"},"author":{"name":"ncochin","@id":"https:\/\/www.iemj.org\/it\/#\/schema\/person\/f826ad11b0cd58dd99babe0a3fbcb86e"},"headline":"Alkan, Charles-Valentin (1813-1888)","datePublished":"2013-05-16T10:56:45+00:00","dateModified":"2025-07-09T13:30:07+00:00","mainEntityOfPage":{"@id":"https:\/\/www.iemj.org\/it\/alkan-charles-valentin-1813-1888\/"},"wordCount":596,"publisher":{"@id":"https:\/\/www.iemj.org\/it\/#organization"},"image":{"@id":"https:\/\/www.iemj.org\/it\/alkan-charles-valentin-1813-1888\/#primaryimage"},"thumbnailUrl":"https:\/\/www.iemj.org\/wp-content\/uploads\/2013\/05\/arton696-e1752067779228.jpg","articleSection":["Biografie"],"inLanguage":"it-IT"},{"@type":"WebPage","@id":"https:\/\/www.iemj.org\/it\/alkan-charles-valentin-1813-1888\/","url":"https:\/\/www.iemj.org\/it\/alkan-charles-valentin-1813-1888\/","name":"Alkan, Charles-Valentin (1813-1888) - Institut Europ\u00e9en des Musiques Juives","isPartOf":{"@id":"https:\/\/www.iemj.org\/it\/#website"},"primaryImageOfPage":{"@id":"https:\/\/www.iemj.org\/it\/alkan-charles-valentin-1813-1888\/#primaryimage"},"image":{"@id":"https:\/\/www.iemj.org\/it\/alkan-charles-valentin-1813-1888\/#primaryimage"},"thumbnailUrl":"https:\/\/www.iemj.org\/wp-content\/uploads\/2013\/05\/arton696-e1752067779228.jpg","datePublished":"2013-05-16T10:56:45+00:00","dateModified":"2025-07-09T13:30:07+00:00","breadcrumb":{"@id":"https:\/\/www.iemj.org\/it\/alkan-charles-valentin-1813-1888\/#breadcrumb"},"inLanguage":"it-IT","potentialAction":[{"@type":"ReadAction","target":["https:\/\/www.iemj.org\/it\/alkan-charles-valentin-1813-1888\/"]}]},{"@type":"ImageObject","inLanguage":"it-IT","@id":"https:\/\/www.iemj.org\/it\/alkan-charles-valentin-1813-1888\/#primaryimage","url":"https:\/\/www.iemj.org\/wp-content\/uploads\/2013\/05\/arton696-e1752067779228.jpg","contentUrl":"https:\/\/www.iemj.org\/wp-content\/uploads\/2013\/05\/arton696-e1752067779228.jpg","width":164,"height":218},{"@type":"BreadcrumbList","@id":"https:\/\/www.iemj.org\/it\/alkan-charles-valentin-1813-1888\/#breadcrumb","itemListElement":[{"@type":"ListItem","position":1,"name":"Accueil","item":"https:\/\/www.iemj.org\/it\/"},{"@type":"ListItem","position":2,"name":"Alkan, Charles-Valentin (1813-1888)"}]},{"@type":"WebSite","@id":"https:\/\/www.iemj.org\/it\/#website","url":"https:\/\/www.iemj.org\/it\/","name":"Institut Europ\u00e9en des Musiques Juives","description":"Des traditions musicales \u00e0 la port\u00e9e de tous","publisher":{"@id":"https:\/\/www.iemj.org\/it\/#organization"},"potentialAction":[{"@type":"SearchAction","target":{"@type":"EntryPoint","urlTemplate":"https:\/\/www.iemj.org\/it\/?s={search_term_string}"},"query-input":{"@type":"PropertyValueSpecification","valueRequired":true,"valueName":"search_term_string"}}],"inLanguage":"it-IT"},{"@type":"Organization","@id":"https:\/\/www.iemj.org\/it\/#organization","name":"Institut Europ\u00e9en des Musiques Juives","url":"https:\/\/www.iemj.org\/it\/","logo":{"@type":"ImageObject","inLanguage":"it-IT","@id":"https:\/\/www.iemj.org\/it\/#\/schema\/logo\/image\/","url":"https:\/\/www.iemj.org\/wp-content\/uploads\/2021\/09\/Logo-IEMJ-Paypal.jpg","contentUrl":"https:\/\/www.iemj.org\/wp-content\/uploads\/2021\/09\/Logo-IEMJ-Paypal.jpg","width":150,"height":50,"caption":"Institut Europ\u00e9en des Musiques Juives"},"image":{"@id":"https:\/\/www.iemj.org\/it\/#\/schema\/logo\/image\/"},"sameAs":["https:\/\/www.facebook.com\/MusiquesJuives\/","https:\/\/www.instagram.com\/musiquesjuives\/","https:\/\/www.youtube.com\/user\/musiquesjuives"]},{"@type":"Person","@id":"https:\/\/www.iemj.org\/it\/#\/schema\/person\/f826ad11b0cd58dd99babe0a3fbcb86e","name":"ncochin","image":{"@type":"ImageObject","inLanguage":"it-IT","@id":"https:\/\/secure.gravatar.com\/avatar\/4499f551e6a9b8c28bd3132f28d79657b2cb55ff363257726f67e89c95e2a33c?s=96&d=mm&r=g","url":"https:\/\/secure.gravatar.com\/avatar\/4499f551e6a9b8c28bd3132f28d79657b2cb55ff363257726f67e89c95e2a33c?s=96&d=mm&r=g","contentUrl":"https:\/\/secure.gravatar.com\/avatar\/4499f551e6a9b8c28bd3132f28d79657b2cb55ff363257726f67e89c95e2a33c?s=96&d=mm&r=g","caption":"ncochin"}}]}},"_links":{"self":[{"href":"https:\/\/www.iemj.org\/it\/wp-json\/wp\/v2\/posts\/83656","targetHints":{"allow":["GET"]}}],"collection":[{"href":"https:\/\/www.iemj.org\/it\/wp-json\/wp\/v2\/posts"}],"about":[{"href":"https:\/\/www.iemj.org\/it\/wp-json\/wp\/v2\/types\/post"}],"author":[{"embeddable":true,"href":"https:\/\/www.iemj.org\/it\/wp-json\/wp\/v2\/users\/1050"}],"replies":[{"embeddable":true,"href":"https:\/\/www.iemj.org\/it\/wp-json\/wp\/v2\/comments?post=83656"}],"version-history":[{"count":0,"href":"https:\/\/www.iemj.org\/it\/wp-json\/wp\/v2\/posts\/83656\/revisions"}],"wp:featuredmedia":[{"embeddable":true,"href":"https:\/\/www.iemj.org\/it\/wp-json\/wp\/v2\/media\/51285"}],"wp:attachment":[{"href":"https:\/\/www.iemj.org\/it\/wp-json\/wp\/v2\/media?parent=83656"}],"wp:term":[{"taxonomy":"category","embeddable":true,"href":"https:\/\/www.iemj.org\/it\/wp-json\/wp\/v2\/categories?post=83656"},{"taxonomy":"post_tag","embeddable":true,"href":"https:\/\/www.iemj.org\/it\/wp-json\/wp\/v2\/tags?post=83656"},{"taxonomy":"technique","embeddable":true,"href":"https:\/\/www.iemj.org\/it\/wp-json\/wp\/v2\/technique?post=83656"},{"taxonomy":"squelettes","embeddable":true,"href":"https:\/\/www.iemj.org\/it\/wp-json\/wp\/v2\/squelettes?post=83656"},{"taxonomy":"sujet","embeddable":true,"href":"https:\/\/www.iemj.org\/it\/wp-json\/wp\/v2\/sujet?post=83656"},{"taxonomy":"formation","embeddable":true,"href":"https:\/\/www.iemj.org\/it\/wp-json\/wp\/v2\/formation?post=83656"},{"taxonomy":"genre","embeddable":true,"href":"https:\/\/www.iemj.org\/it\/wp-json\/wp\/v2\/genre?post=83656"},{"taxonomy":"fonds","embeddable":true,"href":"https:\/\/www.iemj.org\/it\/wp-json\/wp\/v2\/fonds?post=83656"},{"taxonomy":"tradition","embeddable":true,"href":"https:\/\/www.iemj.org\/it\/wp-json\/wp\/v2\/tradition?post=83656"},{"taxonomy":"type-de-contenu","embeddable":true,"href":"https:\/\/www.iemj.org\/it\/wp-json\/wp\/v2\/type-de-contenu?post=83656"},{"taxonomy":"interprete-compositeur","embeddable":true,"href":"https:\/\/www.iemj.org\/it\/wp-json\/wp\/v2\/interprete-compositeur?post=83656"},{"taxonomy":"frise","embeddable":true,"href":"https:\/\/www.iemj.org\/it\/wp-json\/wp\/v2\/frise?post=83656"},{"taxonomy":"type-devenement","embeddable":true,"href":"https:\/\/www.iemj.org\/it\/wp-json\/wp\/v2\/type-devenement?post=83656"},{"taxonomy":"tableaux-liens-externes","embeddable":true,"href":"https:\/\/www.iemj.org\/it\/wp-json\/wp\/v2\/tableaux-liens-externes?post=83656"}],"curies":[{"name":"wp","href":"https:\/\/api.w.org\/{rel}","templated":true}]}}