{"id":83663,"date":"2014-12-11T11:37:27","date_gmt":"2014-12-11T10:37:27","guid":{"rendered":"https:\/\/www.iemj.org\/alman-samuel-1877-1947\/"},"modified":"2025-09-02T09:33:46","modified_gmt":"2025-09-02T07:33:46","slug":"alman-samuel-1877-1947","status":"publish","type":"post","link":"https:\/\/www.iemj.org\/it\/alman-samuel-1877-1947\/","title":{"rendered":"Alman, Samuel (1877-1947)"},"content":{"rendered":"<p>Samuel Alman nasce a Sobolevka (Russia) nel 1877. Sesto di una famiglia di quattordici figli, suo padre era un talmudista e musicista, sua madre una poetessa dilettante. Dall&#8217;et\u00e0 di cinque anni canta nel coro della sinagoga e diventa presto solista. \u00c8 soprannominato \u00ab\u00a0il bambino cantante di Sobolevka\u00a0\u00bb. Impara a leggere la musica all&#8217;et\u00e0 di dieci anni.<\/p>\n<p>A 17 anni entra al Conservatorio di Odessa e inizia a scrivere brani di musica liturgica. Durante i quattro anni del servizio militare fa parte dei musicisti dell&#8217;esercito russo. Frequenta in seguito il Conservatorio di Kishinev.<\/p>\n<p><img decoding=\"async\" class=\" alignright size-full wp-image-4440\" src=\"https:\/\/www.iemj.org\/wp-content\/uploads\/2014\/12\/p_938_vig.jpg\" alt=\"p_938_vig.jpg\" width=\"179\" height=\"230\" align=\"right\" \/>Testimone dei pogrom che hanno luogo nel 1903, decide di partire per Londra, dove viveva uno zio. In Inghilterra, prosegue gli studi musicali presso la Guildhall School of Music e poi presso il Royal College of Music. Interrompe gli studi di dottorato durante la prima guerra mondiale.<\/p>\n<p>Ottiene rapidamente l&#8217;incarico di direttore del coro della Grande Sinagoga di Londra e poi, per 22 anni, quello dei cori della sinagoga nel quartiere di Hampstead.<\/p>\n<p>Dirige anche il London Hazzanim Choir e fonda la Halevi Choral Society, il cui repertorio \u00e8 dedicato a composizioni in ebraico e yiddish, spesso personali.<\/p>\n<p>Nel 1911 e nel 1912 dirige dei concerti di musica sinagogale alla Queen&#8217;s Hall e al Royal Albert Halls.<\/p>\n<p>Parallelamente a queste attivit\u00e0, Samuel Alman compone brani per pianoforte, organo (Undici brevi brani per l&#8217;organo), quartetto d&#8217;archi (Ebraica Quartet Suite, 1932), arrangiamenti di canzoni yiddish popolari, nonch\u00e9 la prima grande opera yiddish <em>Melech Ahaz<\/em> (Il Re Ahaz), creata nel 1912.<\/p>\n<p><img decoding=\"async\" class=\" alignleft size-full wp-image-4442\" src=\"https:\/\/www.iemj.org\/wp-content\/uploads\/2014\/12\/p_952_vig.jpg\" alt=\"p_952_vig.jpg\" width=\"166\" height=\"230\" align=\"left\" \/>Compone anche musiche liturgiche per le sinagoghe in cui officia.<\/p>\n<p>Le sue composizioni sono spesso dedicate ai grandi hazanim del suo tempo (Halter, Shechter e Boyars) e sono composte da : coro, cantore, pianoforte e organo.<\/p>\n<p>Nel 1925 e nel 1938 pubblica una raccolta in due volumi di brani per cantore e coro, intitolata \u00ab\u00a0Shirei Beit ha-Knesset\u00a0\u00bb, per le funzioni dello Shabbat. Il primo volume, pubblicato a Berlino, raccoglie 55 brani tra cui delle composizioni personali. Il secondo volume \u00e8 pubblicato dalla Oxford University Press e contiene 97 brani per gli yamim noraim.<\/p>\n<p><img decoding=\"async\" class=\" alignright size-full wp-image-4444\" src=\"https:\/\/www.iemj.org\/wp-content\/uploads\/2014\/12\/p_4022_vig.jpg\" alt=\"p_4022_vig.jpg\" width=\"167\" height=\"230\" align=\"right\" \/>Nel 1929, un recital delle sue opere \u00e8 dato alla Wigmore Hall. Ottiene molto successo. Si tratta del primo concerto di musica ebraica che questa sala abbia dato.<\/p>\n<p>Nel 1933 \u00e8 chiamato per aggiornare il \u201cBlue Book, The Voice of Prayer and Praise \u2013 A Handbook of Synagogue Music\u201d, pubblicato nel 1899.<\/p>\n<p>Si tratta di un&#8217;edizione ampliata di \u201cShirei Kennesset Yisrael \u2013 A Handbook of Synagogue Music for Congregational Singing\u201d, pubblicata dieci anni prima.<\/p>\n<p>Samuel Alman vi aggiunge 58 pezzi, di cui 15 composizioni personali.<\/p>\n<p>Era previsto che ogni membro dell&#8217;assemblea, ogni fedele, avesse una copia della raccolta per seguire il canto durante la funzione.<\/p>\n<p><img loading=\"lazy\" decoding=\"async\" class=\" alignleft size-full wp-image-4446\" src=\"https:\/\/www.iemj.org\/wp-content\/uploads\/2014\/12\/p_4024_vig.jpg\" alt=\"p_4024_vig.jpg\" width=\"167\" height=\"230\" align=\"left\" \/><\/p>\n<p>Samuel Alman muore nel 1947.<\/p>\n<p>Considerato come il pi\u00f9 grande compositore inglese di musica liturgica ebraica, Samuel Alman ha creato un&#8217;opera che ha influenzato tutta la musica sinagogale londinese.<\/p>\n<p><a href=\"http:\/\/www.shulmusic.org\/sheetmusic\/index.html\" target=\"_blank\" rel=\"noopener\">Trovare degli spartiti di Samuel Alman<\/a><br \/><a href=\"http:\/\/www.rachelnet.net\/F\/?func=find-c&amp;ccl_term=WRD+%3D+samuel+alman&amp;local_base=iemcg\" target=\"_blank\" rel=\"noopener\">Consultare i nostri archivi su Samuel Alman<\/a><\/p>\n\n\n<h2 class=\"wp-block-heading\"><\/h2>\n\n\n<div class=\"wp-block-image\">\n<figure class=\"aligncenter size-large\"><img loading=\"lazy\" decoding=\"async\" width=\"1024\" height=\"133\" src=\"https:\/\/www.iemj.org\/wp-content\/uploads\/2024\/03\/AUDIO-PLAYER-1024x133.png\" alt=\"\" class=\"wp-image-110609\" srcset=\"https:\/\/www.iemj.org\/wp-content\/uploads\/2024\/03\/AUDIO-PLAYER-1024x133.png 1024w, https:\/\/www.iemj.org\/wp-content\/uploads\/2024\/03\/AUDIO-PLAYER-300x39.png 300w, https:\/\/www.iemj.org\/wp-content\/uploads\/2024\/03\/AUDIO-PLAYER-768x100.png 768w, https:\/\/www.iemj.org\/wp-content\/uploads\/2024\/03\/AUDIO-PLAYER-600x78.png 600w, https:\/\/www.iemj.org\/wp-content\/uploads\/2024\/03\/AUDIO-PLAYER.png 1210w\" sizes=\"(max-width: 1024px) 100vw, 1024px\" \/><\/figure>\n<\/div>\n\n\n<div class=\"wp-block-file\"><a id=\"wp-block-file--media-153be52e-f8ab-40df-8df3-1cf764fa143b\" href=\"https:\/\/www.iemj.org\/wp-content\/uploads\/2018\/04\/cd_56_08.mp3\">Kiddousch du vendredi soir (EXTRAIT) &#8211; Samuel Alman<\/a><\/div>\n\n\n\n<div class=\"wp-block-file\"><a id=\"wp-block-file--media-fbc7ba1e-2c72-45d8-843a-8bee74d86bde\" href=\"https:\/\/www.iemj.org\/wp-content\/uploads\/2018\/04\/cd_347_05.mp3\">Chomer Israel (EXTRAIT) &#8211; Samuel Alman<\/a><\/div>\n\n\n\n<div class=\"wp-block-file\"><a id=\"wp-block-file--media-eea9d8bd-4fd5-4413-991a-b510dd977da5\" href=\"https:\/\/www.iemj.org\/wp-content\/uploads\/2018\/04\/cd_812a_14-2.mp3\">Hashkiveinou (EXTRAIT) &#8211; Samuel Alman<\/a><\/div>\n","protected":false},"excerpt":{"rendered":"<p>Samuel Alman nasce a Sobolevka (Russia) nel 1877. Sesto di una famiglia di quattordici figli, suo padre era un talmudista e musicista, sua madre una poetessa dilettante. Dall&#8217;et\u00e0 di cinque<\/p>\n","protected":false},"author":1045,"featured_media":83664,"comment_status":"closed","ping_status":"open","sticky":false,"template":"","format":"standard","meta":{"_acf_changed":false,"footnotes":""},"categories":[1416],"tags":[],"technique":[],"squelettes":[],"sujet":[],"formation":[],"genre":[1892],"fonds":[],"tradition":[],"type-de-contenu":[],"interprete-compositeur":[3283],"frise":[],"type-devenement":[],"tableaux-liens-externes":[],"class_list":["post-83663","post","type-post","status-publish","format-standard","has-post-thumbnail","hentry","category-biografie-it","genre-liturgia-it","interprete-compositeur-samuel-alman-it"],"acf":[],"yoast_head":"<!-- This site is optimized with the Yoast SEO plugin v27.3 - https:\/\/yoast.com\/product\/yoast-seo-wordpress\/ -->\n<title>Alman, Samuel (1877-1947) - Institut Europ\u00e9en des Musiques Juives<\/title>\n<meta name=\"robots\" content=\"index, follow, max-snippet:-1, max-image-preview:large, max-video-preview:-1\" \/>\n<link rel=\"canonical\" href=\"https:\/\/www.iemj.org\/it\/alman-samuel-1877-1947\/\" \/>\n<meta property=\"og:locale\" content=\"it_IT\" \/>\n<meta property=\"og:type\" content=\"article\" \/>\n<meta property=\"og:title\" content=\"Alman, Samuel (1877-1947) - Institut Europ\u00e9en des Musiques Juives\" \/>\n<meta property=\"og:description\" content=\"Samuel Alman nasce a Sobolevka (Russia) nel 1877. Sesto di una famiglia di quattordici figli, suo padre era un talmudista e musicista, sua madre una poetessa dilettante. Dall&#8217;et\u00e0 di cinque\" \/>\n<meta property=\"og:url\" content=\"https:\/\/www.iemj.org\/it\/alman-samuel-1877-1947\/\" \/>\n<meta property=\"og:site_name\" content=\"Institut Europ\u00e9en des Musiques Juives\" \/>\n<meta property=\"article:publisher\" content=\"https:\/\/www.facebook.com\/MusiquesJuives\/\" \/>\n<meta property=\"article:published_time\" content=\"2014-12-11T10:37:27+00:00\" \/>\n<meta property=\"article:modified_time\" content=\"2025-09-02T07:33:46+00:00\" \/>\n<meta property=\"og:image\" content=\"https:\/\/www.iemj.org\/wp-content\/uploads\/2014\/12\/arton414-e1617027772725.jpg\" \/>\n\t<meta property=\"og:image:width\" content=\"177\" \/>\n\t<meta property=\"og:image:height\" content=\"218\" \/>\n\t<meta property=\"og:image:type\" content=\"image\/jpeg\" \/>\n<meta name=\"author\" content=\"Herv\u00e9 Roten\" \/>\n<meta name=\"twitter:card\" content=\"summary_large_image\" \/>\n<meta name=\"twitter:label1\" content=\"Scritto da\" \/>\n\t<meta name=\"twitter:data1\" content=\"Herv\u00e9 Roten\" \/>\n\t<meta name=\"twitter:label2\" content=\"Tempo di lettura stimato\" \/>\n\t<meta name=\"twitter:data2\" content=\"4 minuti\" \/>\n<script type=\"application\/ld+json\" class=\"yoast-schema-graph\">{\"@context\":\"https:\\\/\\\/schema.org\",\"@graph\":[{\"@type\":\"Article\",\"@id\":\"https:\\\/\\\/www.iemj.org\\\/it\\\/alman-samuel-1877-1947\\\/#article\",\"isPartOf\":{\"@id\":\"https:\\\/\\\/www.iemj.org\\\/it\\\/alman-samuel-1877-1947\\\/\"},\"author\":{\"name\":\"Herv\u00e9 Roten\",\"@id\":\"https:\\\/\\\/www.iemj.org\\\/it\\\/#\\\/schema\\\/person\\\/906134402c29d5c76e7b726261dd4bbd\"},\"headline\":\"Alman, Samuel (1877-1947)\",\"datePublished\":\"2014-12-11T10:37:27+00:00\",\"dateModified\":\"2025-09-02T07:33:46+00:00\",\"mainEntityOfPage\":{\"@id\":\"https:\\\/\\\/www.iemj.org\\\/it\\\/alman-samuel-1877-1947\\\/\"},\"wordCount\":496,\"publisher\":{\"@id\":\"https:\\\/\\\/www.iemj.org\\\/it\\\/#organization\"},\"image\":{\"@id\":\"https:\\\/\\\/www.iemj.org\\\/it\\\/alman-samuel-1877-1947\\\/#primaryimage\"},\"thumbnailUrl\":\"https:\\\/\\\/www.iemj.org\\\/wp-content\\\/uploads\\\/2014\\\/12\\\/arton414-e1617027772725.jpg\",\"articleSection\":[\"Biografie\"],\"inLanguage\":\"it-IT\"},{\"@type\":\"WebPage\",\"@id\":\"https:\\\/\\\/www.iemj.org\\\/it\\\/alman-samuel-1877-1947\\\/\",\"url\":\"https:\\\/\\\/www.iemj.org\\\/it\\\/alman-samuel-1877-1947\\\/\",\"name\":\"Alman, Samuel (1877-1947) - Institut Europ\u00e9en des Musiques Juives\",\"isPartOf\":{\"@id\":\"https:\\\/\\\/www.iemj.org\\\/it\\\/#website\"},\"primaryImageOfPage\":{\"@id\":\"https:\\\/\\\/www.iemj.org\\\/it\\\/alman-samuel-1877-1947\\\/#primaryimage\"},\"image\":{\"@id\":\"https:\\\/\\\/www.iemj.org\\\/it\\\/alman-samuel-1877-1947\\\/#primaryimage\"},\"thumbnailUrl\":\"https:\\\/\\\/www.iemj.org\\\/wp-content\\\/uploads\\\/2014\\\/12\\\/arton414-e1617027772725.jpg\",\"datePublished\":\"2014-12-11T10:37:27+00:00\",\"dateModified\":\"2025-09-02T07:33:46+00:00\",\"breadcrumb\":{\"@id\":\"https:\\\/\\\/www.iemj.org\\\/it\\\/alman-samuel-1877-1947\\\/#breadcrumb\"},\"inLanguage\":\"it-IT\",\"potentialAction\":[{\"@type\":\"ReadAction\",\"target\":[\"https:\\\/\\\/www.iemj.org\\\/it\\\/alman-samuel-1877-1947\\\/\"]}]},{\"@type\":\"ImageObject\",\"inLanguage\":\"it-IT\",\"@id\":\"https:\\\/\\\/www.iemj.org\\\/it\\\/alman-samuel-1877-1947\\\/#primaryimage\",\"url\":\"https:\\\/\\\/www.iemj.org\\\/wp-content\\\/uploads\\\/2014\\\/12\\\/arton414-e1617027772725.jpg\",\"contentUrl\":\"https:\\\/\\\/www.iemj.org\\\/wp-content\\\/uploads\\\/2014\\\/12\\\/arton414-e1617027772725.jpg\",\"width\":177,\"height\":218},{\"@type\":\"BreadcrumbList\",\"@id\":\"https:\\\/\\\/www.iemj.org\\\/it\\\/alman-samuel-1877-1947\\\/#breadcrumb\",\"itemListElement\":[{\"@type\":\"ListItem\",\"position\":1,\"name\":\"Accueil\",\"item\":\"https:\\\/\\\/www.iemj.org\\\/it\\\/\"},{\"@type\":\"ListItem\",\"position\":2,\"name\":\"Alman, Samuel (1877-1947)\"}]},{\"@type\":\"WebSite\",\"@id\":\"https:\\\/\\\/www.iemj.org\\\/it\\\/#website\",\"url\":\"https:\\\/\\\/www.iemj.org\\\/it\\\/\",\"name\":\"Institut Europ\u00e9en des Musiques Juives\",\"description\":\"Des traditions musicales \u00e0 la port\u00e9e de tous\",\"publisher\":{\"@id\":\"https:\\\/\\\/www.iemj.org\\\/it\\\/#organization\"},\"potentialAction\":[{\"@type\":\"SearchAction\",\"target\":{\"@type\":\"EntryPoint\",\"urlTemplate\":\"https:\\\/\\\/www.iemj.org\\\/it\\\/?s={search_term_string}\"},\"query-input\":{\"@type\":\"PropertyValueSpecification\",\"valueRequired\":true,\"valueName\":\"search_term_string\"}}],\"inLanguage\":\"it-IT\"},{\"@type\":\"Organization\",\"@id\":\"https:\\\/\\\/www.iemj.org\\\/it\\\/#organization\",\"name\":\"Institut Europ\u00e9en des Musiques Juives\",\"url\":\"https:\\\/\\\/www.iemj.org\\\/it\\\/\",\"logo\":{\"@type\":\"ImageObject\",\"inLanguage\":\"it-IT\",\"@id\":\"https:\\\/\\\/www.iemj.org\\\/it\\\/#\\\/schema\\\/logo\\\/image\\\/\",\"url\":\"https:\\\/\\\/www.iemj.org\\\/wp-content\\\/uploads\\\/2021\\\/09\\\/Logo-IEMJ-Paypal.jpg\",\"contentUrl\":\"https:\\\/\\\/www.iemj.org\\\/wp-content\\\/uploads\\\/2021\\\/09\\\/Logo-IEMJ-Paypal.jpg\",\"width\":150,\"height\":50,\"caption\":\"Institut Europ\u00e9en des Musiques Juives\"},\"image\":{\"@id\":\"https:\\\/\\\/www.iemj.org\\\/it\\\/#\\\/schema\\\/logo\\\/image\\\/\"},\"sameAs\":[\"https:\\\/\\\/www.facebook.com\\\/MusiquesJuives\\\/\",\"https:\\\/\\\/www.instagram.com\\\/musiquesjuives\\\/\",\"https:\\\/\\\/www.youtube.com\\\/user\\\/musiquesjuives\"]},{\"@type\":\"Person\",\"@id\":\"https:\\\/\\\/www.iemj.org\\\/it\\\/#\\\/schema\\\/person\\\/906134402c29d5c76e7b726261dd4bbd\",\"name\":\"Herv\u00e9 Roten\",\"image\":{\"@type\":\"ImageObject\",\"inLanguage\":\"it-IT\",\"@id\":\"https:\\\/\\\/secure.gravatar.com\\\/avatar\\\/f96ad2db538a26481f18384936b5cd0610c92d390c4dc382209216d455f685ff?s=96&d=mm&r=g\",\"url\":\"https:\\\/\\\/secure.gravatar.com\\\/avatar\\\/f96ad2db538a26481f18384936b5cd0610c92d390c4dc382209216d455f685ff?s=96&d=mm&r=g\",\"contentUrl\":\"https:\\\/\\\/secure.gravatar.com\\\/avatar\\\/f96ad2db538a26481f18384936b5cd0610c92d390c4dc382209216d455f685ff?s=96&d=mm&r=g\",\"caption\":\"Herv\u00e9 Roten\"}}]}<\/script>\n<!-- \/ Yoast SEO plugin. -->","yoast_head_json":{"title":"Alman, Samuel (1877-1947) - Institut Europ\u00e9en des Musiques Juives","robots":{"index":"index","follow":"follow","max-snippet":"max-snippet:-1","max-image-preview":"max-image-preview:large","max-video-preview":"max-video-preview:-1"},"canonical":"https:\/\/www.iemj.org\/it\/alman-samuel-1877-1947\/","og_locale":"it_IT","og_type":"article","og_title":"Alman, Samuel (1877-1947) - Institut Europ\u00e9en des Musiques Juives","og_description":"Samuel Alman nasce a Sobolevka (Russia) nel 1877. Sesto di una famiglia di quattordici figli, suo padre era un talmudista e musicista, sua madre una poetessa dilettante. Dall&#8217;et\u00e0 di cinque","og_url":"https:\/\/www.iemj.org\/it\/alman-samuel-1877-1947\/","og_site_name":"Institut Europ\u00e9en des Musiques Juives","article_publisher":"https:\/\/www.facebook.com\/MusiquesJuives\/","article_published_time":"2014-12-11T10:37:27+00:00","article_modified_time":"2025-09-02T07:33:46+00:00","og_image":[{"width":177,"height":218,"url":"https:\/\/www.iemj.org\/wp-content\/uploads\/2014\/12\/arton414-e1617027772725.jpg","type":"image\/jpeg"}],"author":"Herv\u00e9 Roten","twitter_card":"summary_large_image","twitter_misc":{"Scritto da":"Herv\u00e9 Roten","Tempo di lettura stimato":"4 minuti"},"schema":{"@context":"https:\/\/schema.org","@graph":[{"@type":"Article","@id":"https:\/\/www.iemj.org\/it\/alman-samuel-1877-1947\/#article","isPartOf":{"@id":"https:\/\/www.iemj.org\/it\/alman-samuel-1877-1947\/"},"author":{"name":"Herv\u00e9 Roten","@id":"https:\/\/www.iemj.org\/it\/#\/schema\/person\/906134402c29d5c76e7b726261dd4bbd"},"headline":"Alman, Samuel (1877-1947)","datePublished":"2014-12-11T10:37:27+00:00","dateModified":"2025-09-02T07:33:46+00:00","mainEntityOfPage":{"@id":"https:\/\/www.iemj.org\/it\/alman-samuel-1877-1947\/"},"wordCount":496,"publisher":{"@id":"https:\/\/www.iemj.org\/it\/#organization"},"image":{"@id":"https:\/\/www.iemj.org\/it\/alman-samuel-1877-1947\/#primaryimage"},"thumbnailUrl":"https:\/\/www.iemj.org\/wp-content\/uploads\/2014\/12\/arton414-e1617027772725.jpg","articleSection":["Biografie"],"inLanguage":"it-IT"},{"@type":"WebPage","@id":"https:\/\/www.iemj.org\/it\/alman-samuel-1877-1947\/","url":"https:\/\/www.iemj.org\/it\/alman-samuel-1877-1947\/","name":"Alman, Samuel (1877-1947) - Institut Europ\u00e9en des Musiques Juives","isPartOf":{"@id":"https:\/\/www.iemj.org\/it\/#website"},"primaryImageOfPage":{"@id":"https:\/\/www.iemj.org\/it\/alman-samuel-1877-1947\/#primaryimage"},"image":{"@id":"https:\/\/www.iemj.org\/it\/alman-samuel-1877-1947\/#primaryimage"},"thumbnailUrl":"https:\/\/www.iemj.org\/wp-content\/uploads\/2014\/12\/arton414-e1617027772725.jpg","datePublished":"2014-12-11T10:37:27+00:00","dateModified":"2025-09-02T07:33:46+00:00","breadcrumb":{"@id":"https:\/\/www.iemj.org\/it\/alman-samuel-1877-1947\/#breadcrumb"},"inLanguage":"it-IT","potentialAction":[{"@type":"ReadAction","target":["https:\/\/www.iemj.org\/it\/alman-samuel-1877-1947\/"]}]},{"@type":"ImageObject","inLanguage":"it-IT","@id":"https:\/\/www.iemj.org\/it\/alman-samuel-1877-1947\/#primaryimage","url":"https:\/\/www.iemj.org\/wp-content\/uploads\/2014\/12\/arton414-e1617027772725.jpg","contentUrl":"https:\/\/www.iemj.org\/wp-content\/uploads\/2014\/12\/arton414-e1617027772725.jpg","width":177,"height":218},{"@type":"BreadcrumbList","@id":"https:\/\/www.iemj.org\/it\/alman-samuel-1877-1947\/#breadcrumb","itemListElement":[{"@type":"ListItem","position":1,"name":"Accueil","item":"https:\/\/www.iemj.org\/it\/"},{"@type":"ListItem","position":2,"name":"Alman, Samuel (1877-1947)"}]},{"@type":"WebSite","@id":"https:\/\/www.iemj.org\/it\/#website","url":"https:\/\/www.iemj.org\/it\/","name":"Institut Europ\u00e9en des Musiques Juives","description":"Des traditions musicales \u00e0 la port\u00e9e de tous","publisher":{"@id":"https:\/\/www.iemj.org\/it\/#organization"},"potentialAction":[{"@type":"SearchAction","target":{"@type":"EntryPoint","urlTemplate":"https:\/\/www.iemj.org\/it\/?s={search_term_string}"},"query-input":{"@type":"PropertyValueSpecification","valueRequired":true,"valueName":"search_term_string"}}],"inLanguage":"it-IT"},{"@type":"Organization","@id":"https:\/\/www.iemj.org\/it\/#organization","name":"Institut Europ\u00e9en des Musiques Juives","url":"https:\/\/www.iemj.org\/it\/","logo":{"@type":"ImageObject","inLanguage":"it-IT","@id":"https:\/\/www.iemj.org\/it\/#\/schema\/logo\/image\/","url":"https:\/\/www.iemj.org\/wp-content\/uploads\/2021\/09\/Logo-IEMJ-Paypal.jpg","contentUrl":"https:\/\/www.iemj.org\/wp-content\/uploads\/2021\/09\/Logo-IEMJ-Paypal.jpg","width":150,"height":50,"caption":"Institut Europ\u00e9en des Musiques Juives"},"image":{"@id":"https:\/\/www.iemj.org\/it\/#\/schema\/logo\/image\/"},"sameAs":["https:\/\/www.facebook.com\/MusiquesJuives\/","https:\/\/www.instagram.com\/musiquesjuives\/","https:\/\/www.youtube.com\/user\/musiquesjuives"]},{"@type":"Person","@id":"https:\/\/www.iemj.org\/it\/#\/schema\/person\/906134402c29d5c76e7b726261dd4bbd","name":"Herv\u00e9 Roten","image":{"@type":"ImageObject","inLanguage":"it-IT","@id":"https:\/\/secure.gravatar.com\/avatar\/f96ad2db538a26481f18384936b5cd0610c92d390c4dc382209216d455f685ff?s=96&d=mm&r=g","url":"https:\/\/secure.gravatar.com\/avatar\/f96ad2db538a26481f18384936b5cd0610c92d390c4dc382209216d455f685ff?s=96&d=mm&r=g","contentUrl":"https:\/\/secure.gravatar.com\/avatar\/f96ad2db538a26481f18384936b5cd0610c92d390c4dc382209216d455f685ff?s=96&d=mm&r=g","caption":"Herv\u00e9 Roten"}}]}},"_links":{"self":[{"href":"https:\/\/www.iemj.org\/it\/wp-json\/wp\/v2\/posts\/83663","targetHints":{"allow":["GET"]}}],"collection":[{"href":"https:\/\/www.iemj.org\/it\/wp-json\/wp\/v2\/posts"}],"about":[{"href":"https:\/\/www.iemj.org\/it\/wp-json\/wp\/v2\/types\/post"}],"author":[{"embeddable":true,"href":"https:\/\/www.iemj.org\/it\/wp-json\/wp\/v2\/users\/1045"}],"replies":[{"embeddable":true,"href":"https:\/\/www.iemj.org\/it\/wp-json\/wp\/v2\/comments?post=83663"}],"version-history":[{"count":0,"href":"https:\/\/www.iemj.org\/it\/wp-json\/wp\/v2\/posts\/83663\/revisions"}],"wp:featuredmedia":[{"embeddable":true,"href":"https:\/\/www.iemj.org\/it\/wp-json\/wp\/v2\/media\/83664"}],"wp:attachment":[{"href":"https:\/\/www.iemj.org\/it\/wp-json\/wp\/v2\/media?parent=83663"}],"wp:term":[{"taxonomy":"category","embeddable":true,"href":"https:\/\/www.iemj.org\/it\/wp-json\/wp\/v2\/categories?post=83663"},{"taxonomy":"post_tag","embeddable":true,"href":"https:\/\/www.iemj.org\/it\/wp-json\/wp\/v2\/tags?post=83663"},{"taxonomy":"technique","embeddable":true,"href":"https:\/\/www.iemj.org\/it\/wp-json\/wp\/v2\/technique?post=83663"},{"taxonomy":"squelettes","embeddable":true,"href":"https:\/\/www.iemj.org\/it\/wp-json\/wp\/v2\/squelettes?post=83663"},{"taxonomy":"sujet","embeddable":true,"href":"https:\/\/www.iemj.org\/it\/wp-json\/wp\/v2\/sujet?post=83663"},{"taxonomy":"formation","embeddable":true,"href":"https:\/\/www.iemj.org\/it\/wp-json\/wp\/v2\/formation?post=83663"},{"taxonomy":"genre","embeddable":true,"href":"https:\/\/www.iemj.org\/it\/wp-json\/wp\/v2\/genre?post=83663"},{"taxonomy":"fonds","embeddable":true,"href":"https:\/\/www.iemj.org\/it\/wp-json\/wp\/v2\/fonds?post=83663"},{"taxonomy":"tradition","embeddable":true,"href":"https:\/\/www.iemj.org\/it\/wp-json\/wp\/v2\/tradition?post=83663"},{"taxonomy":"type-de-contenu","embeddable":true,"href":"https:\/\/www.iemj.org\/it\/wp-json\/wp\/v2\/type-de-contenu?post=83663"},{"taxonomy":"interprete-compositeur","embeddable":true,"href":"https:\/\/www.iemj.org\/it\/wp-json\/wp\/v2\/interprete-compositeur?post=83663"},{"taxonomy":"frise","embeddable":true,"href":"https:\/\/www.iemj.org\/it\/wp-json\/wp\/v2\/frise?post=83663"},{"taxonomy":"type-devenement","embeddable":true,"href":"https:\/\/www.iemj.org\/it\/wp-json\/wp\/v2\/type-devenement?post=83663"},{"taxonomy":"tableaux-liens-externes","embeddable":true,"href":"https:\/\/www.iemj.org\/it\/wp-json\/wp\/v2\/tableaux-liens-externes?post=83663"}],"curies":[{"name":"wp","href":"https:\/\/api.w.org\/{rel}","templated":true}]}}