{"id":83676,"date":"2020-03-18T16:53:17","date_gmt":"2020-03-18T15:53:17","guid":{"rendered":"https:\/\/www.iemj.org\/arrouasse-maurice-1932-2017\/"},"modified":"2022-08-30T15:20:11","modified_gmt":"2022-08-30T13:20:11","slug":"arrouasse-maurice-1932-2017","status":"publish","type":"post","link":"https:\/\/www.iemj.org\/it\/arrouasse-maurice-1932-2017\/","title":{"rendered":"Arrouasse, Maurice (1932-2017)"},"content":{"rendered":"<p>Nato a Tlemcen (Algeria) il 31 luglio 1932, in una famiglia di dieci figli, Maurice Arrouasse proviene da una famiglia modesta ma felice. Felice fu anche la vita sociale tra le diverse comunit\u00e0 religiose che costituivano l&#8217;Algeria prima dell&#8217;indipendenza, fino all&#8217;anno 1962 quando il giovane Maurice Arrouasse e la sua famiglia furono costretti a raggiungere il porto della citt\u00e0 di Orano per salire su una nave (la &#8220;Ville d&#8217;Oran&#8221;) diretta in Francia. La traversata durer\u00e0 36 ore prima che la famiglia raggiunga Marsiglia. Gli Arrouasse si trasferiscono quindi a Parigi in treno, un viaggio che all&#8217;epoca durava dalle 11 alle 12 ore.<\/p>\n<p><img decoding=\"async\" class=\" alignright  wp-image-51312\" src=\"https:\/\/www.iemj.org\/wp-content\/uploads\/2020\/03\/1.famille_de_ma_avec_les_enfants_300px_vertic.jpg\" alt=\"1.famille_de_ma_avec_les_enfants_300px_vertic.jpg\" width=\"168\" height=\"255\" align=\"right\" \/>Gli inizi della nuova vita parigina di Maurice Arrouasse sono difficili prima di riuscire a stabilizzarsi geograficamente e finanziariamente. Poco dopo il suo arrivo a Parigi, Maurice Arrouasse \u00e8 prima assunto come tecnico di saldatura nella Societ\u00e0 Saint Gobin, poi nel 1976 apre la sua prima attivit\u00e0 di lavanderia a gettoni.<\/p>\n<p>Lo stesso anno, in occasione della bar mitzvah del figlio Serge, da lui stesso organizzata, si lancia in una nuova attivit\u00e0 di ristorazione, in un\u2019epoca nella quale il cibo kosher non era ancora molto diffuso, a Parigi, come lo \u00e8 oggi. Otterr\u00e0 la certificazione kosher all&#8217;inizio degli anni &#8217;80, contestualmente al suo ingresso, tramite l&#8217;amico e conduttore radiofonico Maurice Azoulay, a Radio Shalom, la giovanissima radio libera parigina ebrea creata nel 1981.<\/p>\n<p><img fetchpriority=\"high\" decoding=\"async\" class=\" alignleft  wp-image-51315\" src=\"https:\/\/www.iemj.org\/wp-content\/uploads\/2020\/03\/2._a_radio_shalom_300px_horiz.jpg\" alt=\"2._a_radio_shalom_300px_horiz.jpg\" width=\"280\" height=\"193\" align=\"left\" \/>Su queste onde animer\u00e0 per una trentina d\u2019anni &#8220;Orientissimo&#8221;, un programma di musica giudaico-orientale che offriva la possibilit\u00e0 agli ascoltatori di dedicare un brano musicale in diretta alla propria famiglia o agli amici. Attraverso il suo spettacolo, Maurice Arrouasse ha saputo intrecciare con i suoi numerosi ascoltatori un&#8217;atmosfera familiare, durante i suoi tre decenni al microfono. Durante le sue numerose trasmissioni ha ricevuto anche i pi\u00f9 grandi nomi della musica orientale.<\/p>\n<p>Titolare di un&#8217;importante collezione di musica orientale e desideroso di preservare questo prezioso patrimonio, Maurice Arrouasse ha depositato nel 2015 presso l&#8217;Istituto Europeo delle Musiche Ebraiche pi\u00f9 di 300 documenti, principalmente registrazioni, ma anche foto di famiglia. Questo <a href=\"https:\/\/www.iemj.org\/fonds-depose-par-maurice-arrouasse\/\" target=\"_blank\" rel=\"noopener\">fondo Maurice Arrouasse<\/a> pu\u00f2 ora essere consultato nel catalogo delle collezioni EIJM o su appuntamento.<\/p>\n<p>Maurice Arrouasse ci ha lasciato il 4 ottobre 2017, durante le festivit\u00e0 ebraiche del mese di Tichri, lasciando in eredit\u00e0 alle generazioni future una documentazione che permette una migliore conoscenza delle musiche ebraiche del Nord Africa e del Medio Oriente.<\/p>\n<p><a href=\"https:\/\/www.iemj.org\/fonds-depose-par-maurice-arrouasse\/?\" target=\"_blank\" rel=\"noopener\">Consultare il Fondo Maurice Arrouasse<\/a><\/p>\n\n\n<p><\/p>\n","protected":false},"excerpt":{"rendered":"<p>Nato a Tlemcen (Algeria) il 31 luglio 1932, in una famiglia di dieci figli, Maurice Arrouasse proviene da una famiglia modesta ma felice. Felice fu anche la vita sociale tra<\/p>\n","protected":false},"author":5,"featured_media":51308,"comment_status":"closed","ping_status":"closed","sticky":false,"template":"","format":"standard","meta":{"_acf_changed":false,"footnotes":""},"categories":[1416],"tags":[],"technique":[],"squelettes":[],"sujet":[],"formation":[],"genre":[1916],"fonds":[],"tradition":[],"type-de-contenu":[],"interprete-compositeur":[],"frise":[],"type-devenement":[],"tableaux-liens-externes":[],"class_list":["post-83676","post","type-post","status-publish","format-standard","has-post-thumbnail","hentry","category-biografie-it","genre-oriental-it"],"acf":[],"yoast_head":"<!-- This site is optimized with the Yoast SEO plugin v27.3 - https:\/\/yoast.com\/product\/yoast-seo-wordpress\/ -->\n<title>Arrouasse, Maurice (1932-2017) - Institut Europ\u00e9en des Musiques Juives<\/title>\n<meta name=\"robots\" content=\"index, follow, max-snippet:-1, max-image-preview:large, max-video-preview:-1\" \/>\n<link rel=\"canonical\" href=\"https:\/\/www.iemj.org\/it\/arrouasse-maurice-1932-2017\/\" \/>\n<meta property=\"og:locale\" content=\"it_IT\" \/>\n<meta property=\"og:type\" content=\"article\" \/>\n<meta property=\"og:title\" content=\"Arrouasse, Maurice (1932-2017) - Institut Europ\u00e9en des Musiques Juives\" \/>\n<meta property=\"og:description\" content=\"Nato a Tlemcen (Algeria) il 31 luglio 1932, in una famiglia di dieci figli, Maurice Arrouasse proviene da una famiglia modesta ma felice. Felice fu anche la vita sociale tra\" \/>\n<meta property=\"og:url\" content=\"https:\/\/www.iemj.org\/it\/arrouasse-maurice-1932-2017\/\" \/>\n<meta property=\"og:site_name\" content=\"Institut Europ\u00e9en des Musiques Juives\" \/>\n<meta property=\"article:publisher\" content=\"https:\/\/www.facebook.com\/MusiquesJuives\/\" \/>\n<meta property=\"article:published_time\" content=\"2020-03-18T15:53:17+00:00\" \/>\n<meta property=\"article:modified_time\" content=\"2022-08-30T13:20:11+00:00\" \/>\n<meta property=\"og:image\" content=\"https:\/\/www.iemj.org\/wp-content\/uploads\/2020\/03\/arton4609-e1661864754111.jpg\" \/>\n\t<meta property=\"og:image:width\" content=\"160\" \/>\n\t<meta property=\"og:image:height\" content=\"218\" \/>\n\t<meta property=\"og:image:type\" content=\"image\/jpeg\" \/>\n<meta name=\"author\" content=\"Jacqueline ROTEN\" \/>\n<meta name=\"twitter:card\" content=\"summary_large_image\" \/>\n<meta name=\"twitter:label1\" content=\"Scritto da\" \/>\n\t<meta name=\"twitter:data1\" content=\"Jacqueline ROTEN\" \/>\n\t<meta name=\"twitter:label2\" content=\"Tempo di lettura stimato\" \/>\n\t<meta name=\"twitter:data2\" content=\"3 minuti\" \/>\n<script type=\"application\/ld+json\" class=\"yoast-schema-graph\">{\"@context\":\"https:\\\/\\\/schema.org\",\"@graph\":[{\"@type\":\"Article\",\"@id\":\"https:\\\/\\\/www.iemj.org\\\/it\\\/arrouasse-maurice-1932-2017\\\/#article\",\"isPartOf\":{\"@id\":\"https:\\\/\\\/www.iemj.org\\\/it\\\/arrouasse-maurice-1932-2017\\\/\"},\"author\":{\"name\":\"Jacqueline ROTEN\",\"@id\":\"https:\\\/\\\/www.iemj.org\\\/it\\\/#\\\/schema\\\/person\\\/358e26c18aca017fcc4cc15437f7279c\"},\"headline\":\"Arrouasse, Maurice (1932-2017)\",\"datePublished\":\"2020-03-18T15:53:17+00:00\",\"dateModified\":\"2022-08-30T13:20:11+00:00\",\"mainEntityOfPage\":{\"@id\":\"https:\\\/\\\/www.iemj.org\\\/it\\\/arrouasse-maurice-1932-2017\\\/\"},\"wordCount\":394,\"publisher\":{\"@id\":\"https:\\\/\\\/www.iemj.org\\\/it\\\/#organization\"},\"image\":{\"@id\":\"https:\\\/\\\/www.iemj.org\\\/it\\\/arrouasse-maurice-1932-2017\\\/#primaryimage\"},\"thumbnailUrl\":\"https:\\\/\\\/www.iemj.org\\\/wp-content\\\/uploads\\\/2020\\\/03\\\/arton4609-e1661864754111.jpg\",\"articleSection\":[\"Biografie\"],\"inLanguage\":\"it-IT\"},{\"@type\":\"WebPage\",\"@id\":\"https:\\\/\\\/www.iemj.org\\\/it\\\/arrouasse-maurice-1932-2017\\\/\",\"url\":\"https:\\\/\\\/www.iemj.org\\\/it\\\/arrouasse-maurice-1932-2017\\\/\",\"name\":\"Arrouasse, Maurice (1932-2017) - Institut Europ\u00e9en des Musiques Juives\",\"isPartOf\":{\"@id\":\"https:\\\/\\\/www.iemj.org\\\/it\\\/#website\"},\"primaryImageOfPage\":{\"@id\":\"https:\\\/\\\/www.iemj.org\\\/it\\\/arrouasse-maurice-1932-2017\\\/#primaryimage\"},\"image\":{\"@id\":\"https:\\\/\\\/www.iemj.org\\\/it\\\/arrouasse-maurice-1932-2017\\\/#primaryimage\"},\"thumbnailUrl\":\"https:\\\/\\\/www.iemj.org\\\/wp-content\\\/uploads\\\/2020\\\/03\\\/arton4609-e1661864754111.jpg\",\"datePublished\":\"2020-03-18T15:53:17+00:00\",\"dateModified\":\"2022-08-30T13:20:11+00:00\",\"breadcrumb\":{\"@id\":\"https:\\\/\\\/www.iemj.org\\\/it\\\/arrouasse-maurice-1932-2017\\\/#breadcrumb\"},\"inLanguage\":\"it-IT\",\"potentialAction\":[{\"@type\":\"ReadAction\",\"target\":[\"https:\\\/\\\/www.iemj.org\\\/it\\\/arrouasse-maurice-1932-2017\\\/\"]}]},{\"@type\":\"ImageObject\",\"inLanguage\":\"it-IT\",\"@id\":\"https:\\\/\\\/www.iemj.org\\\/it\\\/arrouasse-maurice-1932-2017\\\/#primaryimage\",\"url\":\"https:\\\/\\\/www.iemj.org\\\/wp-content\\\/uploads\\\/2020\\\/03\\\/arton4609-e1661864754111.jpg\",\"contentUrl\":\"https:\\\/\\\/www.iemj.org\\\/wp-content\\\/uploads\\\/2020\\\/03\\\/arton4609-e1661864754111.jpg\",\"width\":160,\"height\":218},{\"@type\":\"BreadcrumbList\",\"@id\":\"https:\\\/\\\/www.iemj.org\\\/it\\\/arrouasse-maurice-1932-2017\\\/#breadcrumb\",\"itemListElement\":[{\"@type\":\"ListItem\",\"position\":1,\"name\":\"Accueil\",\"item\":\"https:\\\/\\\/www.iemj.org\\\/it\\\/\"},{\"@type\":\"ListItem\",\"position\":2,\"name\":\"Arrouasse, Maurice (1932-2017)\"}]},{\"@type\":\"WebSite\",\"@id\":\"https:\\\/\\\/www.iemj.org\\\/it\\\/#website\",\"url\":\"https:\\\/\\\/www.iemj.org\\\/it\\\/\",\"name\":\"Institut Europ\u00e9en des Musiques Juives\",\"description\":\"Des traditions musicales \u00e0 la port\u00e9e de tous\",\"publisher\":{\"@id\":\"https:\\\/\\\/www.iemj.org\\\/it\\\/#organization\"},\"potentialAction\":[{\"@type\":\"SearchAction\",\"target\":{\"@type\":\"EntryPoint\",\"urlTemplate\":\"https:\\\/\\\/www.iemj.org\\\/it\\\/?s={search_term_string}\"},\"query-input\":{\"@type\":\"PropertyValueSpecification\",\"valueRequired\":true,\"valueName\":\"search_term_string\"}}],\"inLanguage\":\"it-IT\"},{\"@type\":\"Organization\",\"@id\":\"https:\\\/\\\/www.iemj.org\\\/it\\\/#organization\",\"name\":\"Institut Europ\u00e9en des Musiques Juives\",\"url\":\"https:\\\/\\\/www.iemj.org\\\/it\\\/\",\"logo\":{\"@type\":\"ImageObject\",\"inLanguage\":\"it-IT\",\"@id\":\"https:\\\/\\\/www.iemj.org\\\/it\\\/#\\\/schema\\\/logo\\\/image\\\/\",\"url\":\"https:\\\/\\\/www.iemj.org\\\/wp-content\\\/uploads\\\/2021\\\/09\\\/Logo-IEMJ-Paypal.jpg\",\"contentUrl\":\"https:\\\/\\\/www.iemj.org\\\/wp-content\\\/uploads\\\/2021\\\/09\\\/Logo-IEMJ-Paypal.jpg\",\"width\":150,\"height\":50,\"caption\":\"Institut Europ\u00e9en des Musiques Juives\"},\"image\":{\"@id\":\"https:\\\/\\\/www.iemj.org\\\/it\\\/#\\\/schema\\\/logo\\\/image\\\/\"},\"sameAs\":[\"https:\\\/\\\/www.facebook.com\\\/MusiquesJuives\\\/\",\"https:\\\/\\\/www.instagram.com\\\/musiquesjuives\\\/\",\"https:\\\/\\\/www.youtube.com\\\/user\\\/musiquesjuives\"]},{\"@type\":\"Person\",\"@id\":\"https:\\\/\\\/www.iemj.org\\\/it\\\/#\\\/schema\\\/person\\\/358e26c18aca017fcc4cc15437f7279c\",\"name\":\"Jacqueline ROTEN\",\"image\":{\"@type\":\"ImageObject\",\"inLanguage\":\"it-IT\",\"@id\":\"https:\\\/\\\/secure.gravatar.com\\\/avatar\\\/5964256d6c6957de3a3505278957e0fb2a35119ac47ea41827a65301213c810b?s=96&d=mm&r=g\",\"url\":\"https:\\\/\\\/secure.gravatar.com\\\/avatar\\\/5964256d6c6957de3a3505278957e0fb2a35119ac47ea41827a65301213c810b?s=96&d=mm&r=g\",\"contentUrl\":\"https:\\\/\\\/secure.gravatar.com\\\/avatar\\\/5964256d6c6957de3a3505278957e0fb2a35119ac47ea41827a65301213c810b?s=96&d=mm&r=g\",\"caption\":\"Jacqueline ROTEN\"}}]}<\/script>\n<!-- \/ Yoast SEO plugin. -->","yoast_head_json":{"title":"Arrouasse, Maurice (1932-2017) - Institut Europ\u00e9en des Musiques Juives","robots":{"index":"index","follow":"follow","max-snippet":"max-snippet:-1","max-image-preview":"max-image-preview:large","max-video-preview":"max-video-preview:-1"},"canonical":"https:\/\/www.iemj.org\/it\/arrouasse-maurice-1932-2017\/","og_locale":"it_IT","og_type":"article","og_title":"Arrouasse, Maurice (1932-2017) - Institut Europ\u00e9en des Musiques Juives","og_description":"Nato a Tlemcen (Algeria) il 31 luglio 1932, in una famiglia di dieci figli, Maurice Arrouasse proviene da una famiglia modesta ma felice. Felice fu anche la vita sociale tra","og_url":"https:\/\/www.iemj.org\/it\/arrouasse-maurice-1932-2017\/","og_site_name":"Institut Europ\u00e9en des Musiques Juives","article_publisher":"https:\/\/www.facebook.com\/MusiquesJuives\/","article_published_time":"2020-03-18T15:53:17+00:00","article_modified_time":"2022-08-30T13:20:11+00:00","og_image":[{"width":160,"height":218,"url":"https:\/\/www.iemj.org\/wp-content\/uploads\/2020\/03\/arton4609-e1661864754111.jpg","type":"image\/jpeg"}],"author":"Jacqueline ROTEN","twitter_card":"summary_large_image","twitter_misc":{"Scritto da":"Jacqueline ROTEN","Tempo di lettura stimato":"3 minuti"},"schema":{"@context":"https:\/\/schema.org","@graph":[{"@type":"Article","@id":"https:\/\/www.iemj.org\/it\/arrouasse-maurice-1932-2017\/#article","isPartOf":{"@id":"https:\/\/www.iemj.org\/it\/arrouasse-maurice-1932-2017\/"},"author":{"name":"Jacqueline ROTEN","@id":"https:\/\/www.iemj.org\/it\/#\/schema\/person\/358e26c18aca017fcc4cc15437f7279c"},"headline":"Arrouasse, Maurice (1932-2017)","datePublished":"2020-03-18T15:53:17+00:00","dateModified":"2022-08-30T13:20:11+00:00","mainEntityOfPage":{"@id":"https:\/\/www.iemj.org\/it\/arrouasse-maurice-1932-2017\/"},"wordCount":394,"publisher":{"@id":"https:\/\/www.iemj.org\/it\/#organization"},"image":{"@id":"https:\/\/www.iemj.org\/it\/arrouasse-maurice-1932-2017\/#primaryimage"},"thumbnailUrl":"https:\/\/www.iemj.org\/wp-content\/uploads\/2020\/03\/arton4609-e1661864754111.jpg","articleSection":["Biografie"],"inLanguage":"it-IT"},{"@type":"WebPage","@id":"https:\/\/www.iemj.org\/it\/arrouasse-maurice-1932-2017\/","url":"https:\/\/www.iemj.org\/it\/arrouasse-maurice-1932-2017\/","name":"Arrouasse, Maurice (1932-2017) - Institut Europ\u00e9en des Musiques Juives","isPartOf":{"@id":"https:\/\/www.iemj.org\/it\/#website"},"primaryImageOfPage":{"@id":"https:\/\/www.iemj.org\/it\/arrouasse-maurice-1932-2017\/#primaryimage"},"image":{"@id":"https:\/\/www.iemj.org\/it\/arrouasse-maurice-1932-2017\/#primaryimage"},"thumbnailUrl":"https:\/\/www.iemj.org\/wp-content\/uploads\/2020\/03\/arton4609-e1661864754111.jpg","datePublished":"2020-03-18T15:53:17+00:00","dateModified":"2022-08-30T13:20:11+00:00","breadcrumb":{"@id":"https:\/\/www.iemj.org\/it\/arrouasse-maurice-1932-2017\/#breadcrumb"},"inLanguage":"it-IT","potentialAction":[{"@type":"ReadAction","target":["https:\/\/www.iemj.org\/it\/arrouasse-maurice-1932-2017\/"]}]},{"@type":"ImageObject","inLanguage":"it-IT","@id":"https:\/\/www.iemj.org\/it\/arrouasse-maurice-1932-2017\/#primaryimage","url":"https:\/\/www.iemj.org\/wp-content\/uploads\/2020\/03\/arton4609-e1661864754111.jpg","contentUrl":"https:\/\/www.iemj.org\/wp-content\/uploads\/2020\/03\/arton4609-e1661864754111.jpg","width":160,"height":218},{"@type":"BreadcrumbList","@id":"https:\/\/www.iemj.org\/it\/arrouasse-maurice-1932-2017\/#breadcrumb","itemListElement":[{"@type":"ListItem","position":1,"name":"Accueil","item":"https:\/\/www.iemj.org\/it\/"},{"@type":"ListItem","position":2,"name":"Arrouasse, Maurice (1932-2017)"}]},{"@type":"WebSite","@id":"https:\/\/www.iemj.org\/it\/#website","url":"https:\/\/www.iemj.org\/it\/","name":"Institut Europ\u00e9en des Musiques Juives","description":"Des traditions musicales \u00e0 la port\u00e9e de tous","publisher":{"@id":"https:\/\/www.iemj.org\/it\/#organization"},"potentialAction":[{"@type":"SearchAction","target":{"@type":"EntryPoint","urlTemplate":"https:\/\/www.iemj.org\/it\/?s={search_term_string}"},"query-input":{"@type":"PropertyValueSpecification","valueRequired":true,"valueName":"search_term_string"}}],"inLanguage":"it-IT"},{"@type":"Organization","@id":"https:\/\/www.iemj.org\/it\/#organization","name":"Institut Europ\u00e9en des Musiques Juives","url":"https:\/\/www.iemj.org\/it\/","logo":{"@type":"ImageObject","inLanguage":"it-IT","@id":"https:\/\/www.iemj.org\/it\/#\/schema\/logo\/image\/","url":"https:\/\/www.iemj.org\/wp-content\/uploads\/2021\/09\/Logo-IEMJ-Paypal.jpg","contentUrl":"https:\/\/www.iemj.org\/wp-content\/uploads\/2021\/09\/Logo-IEMJ-Paypal.jpg","width":150,"height":50,"caption":"Institut Europ\u00e9en des Musiques Juives"},"image":{"@id":"https:\/\/www.iemj.org\/it\/#\/schema\/logo\/image\/"},"sameAs":["https:\/\/www.facebook.com\/MusiquesJuives\/","https:\/\/www.instagram.com\/musiquesjuives\/","https:\/\/www.youtube.com\/user\/musiquesjuives"]},{"@type":"Person","@id":"https:\/\/www.iemj.org\/it\/#\/schema\/person\/358e26c18aca017fcc4cc15437f7279c","name":"Jacqueline ROTEN","image":{"@type":"ImageObject","inLanguage":"it-IT","@id":"https:\/\/secure.gravatar.com\/avatar\/5964256d6c6957de3a3505278957e0fb2a35119ac47ea41827a65301213c810b?s=96&d=mm&r=g","url":"https:\/\/secure.gravatar.com\/avatar\/5964256d6c6957de3a3505278957e0fb2a35119ac47ea41827a65301213c810b?s=96&d=mm&r=g","contentUrl":"https:\/\/secure.gravatar.com\/avatar\/5964256d6c6957de3a3505278957e0fb2a35119ac47ea41827a65301213c810b?s=96&d=mm&r=g","caption":"Jacqueline ROTEN"}}]}},"_links":{"self":[{"href":"https:\/\/www.iemj.org\/it\/wp-json\/wp\/v2\/posts\/83676","targetHints":{"allow":["GET"]}}],"collection":[{"href":"https:\/\/www.iemj.org\/it\/wp-json\/wp\/v2\/posts"}],"about":[{"href":"https:\/\/www.iemj.org\/it\/wp-json\/wp\/v2\/types\/post"}],"author":[{"embeddable":true,"href":"https:\/\/www.iemj.org\/it\/wp-json\/wp\/v2\/users\/5"}],"replies":[{"embeddable":true,"href":"https:\/\/www.iemj.org\/it\/wp-json\/wp\/v2\/comments?post=83676"}],"version-history":[{"count":0,"href":"https:\/\/www.iemj.org\/it\/wp-json\/wp\/v2\/posts\/83676\/revisions"}],"wp:featuredmedia":[{"embeddable":true,"href":"https:\/\/www.iemj.org\/it\/wp-json\/wp\/v2\/media\/51308"}],"wp:attachment":[{"href":"https:\/\/www.iemj.org\/it\/wp-json\/wp\/v2\/media?parent=83676"}],"wp:term":[{"taxonomy":"category","embeddable":true,"href":"https:\/\/www.iemj.org\/it\/wp-json\/wp\/v2\/categories?post=83676"},{"taxonomy":"post_tag","embeddable":true,"href":"https:\/\/www.iemj.org\/it\/wp-json\/wp\/v2\/tags?post=83676"},{"taxonomy":"technique","embeddable":true,"href":"https:\/\/www.iemj.org\/it\/wp-json\/wp\/v2\/technique?post=83676"},{"taxonomy":"squelettes","embeddable":true,"href":"https:\/\/www.iemj.org\/it\/wp-json\/wp\/v2\/squelettes?post=83676"},{"taxonomy":"sujet","embeddable":true,"href":"https:\/\/www.iemj.org\/it\/wp-json\/wp\/v2\/sujet?post=83676"},{"taxonomy":"formation","embeddable":true,"href":"https:\/\/www.iemj.org\/it\/wp-json\/wp\/v2\/formation?post=83676"},{"taxonomy":"genre","embeddable":true,"href":"https:\/\/www.iemj.org\/it\/wp-json\/wp\/v2\/genre?post=83676"},{"taxonomy":"fonds","embeddable":true,"href":"https:\/\/www.iemj.org\/it\/wp-json\/wp\/v2\/fonds?post=83676"},{"taxonomy":"tradition","embeddable":true,"href":"https:\/\/www.iemj.org\/it\/wp-json\/wp\/v2\/tradition?post=83676"},{"taxonomy":"type-de-contenu","embeddable":true,"href":"https:\/\/www.iemj.org\/it\/wp-json\/wp\/v2\/type-de-contenu?post=83676"},{"taxonomy":"interprete-compositeur","embeddable":true,"href":"https:\/\/www.iemj.org\/it\/wp-json\/wp\/v2\/interprete-compositeur?post=83676"},{"taxonomy":"frise","embeddable":true,"href":"https:\/\/www.iemj.org\/it\/wp-json\/wp\/v2\/frise?post=83676"},{"taxonomy":"type-devenement","embeddable":true,"href":"https:\/\/www.iemj.org\/it\/wp-json\/wp\/v2\/type-devenement?post=83676"},{"taxonomy":"tableaux-liens-externes","embeddable":true,"href":"https:\/\/www.iemj.org\/it\/wp-json\/wp\/v2\/tableaux-liens-externes?post=83676"}],"curies":[{"name":"wp","href":"https:\/\/api.w.org\/{rel}","templated":true}]}}