{"id":83684,"date":"2018-10-17T12:55:02","date_gmt":"2018-10-17T10:55:02","guid":{"rendered":"https:\/\/www.iemj.org\/atlan-francoise\/"},"modified":"2022-05-19T14:53:45","modified_gmt":"2022-05-19T12:53:45","slug":"atlan-francoise","status":"publish","type":"post","link":"https:\/\/www.iemj.org\/it\/atlan-francoise\/","title":{"rendered":"Atlan, Fran\u00e7oise"},"content":{"rendered":"<p>Artista dalla doppia cultura, dotata di un&#8217;espressione vocale, di uno stile e di una tecnica unici nel suo genere, le sue radici giudeo-berbere l&#8217;hanno portata naturalmente ad appassionarsi al patrimonio vocale mediterraneo, in particolare alle tradizioni giudaico-spagnola e giudeo-araba, continuando, nello stesso tempo, la sua carriera come cantante lirica.<\/p>\n<p>Titolare del Capes di Musicologia dell&#8217;Universit\u00e0 di Aix-en-Provence, Medaglia Vermeil in pianoforte (classe di Monique Oberdoerfer) e Medaglia d&#8217;oro in Musica da Camera, il compositore Maurice Ohana la incoraggia a cantare, dopo averla scelta per interpretare le sue Cantigas.<\/p>\n<p>Prima soprano nel Complesso Musicatreize diretto da Roland Hayrabedian, diventa allieva di Andr\u00e9a Guiot al Conservatorio di Parigi.<\/p>\n<p>Nel 1998 \u00e8 laureata del Premio Villa Medicis Fuori le Mura per aver collezionato la tradizione musicale e poetica della citt\u00e0 di Fez in Marocco, nonch\u00e9 il Premio della Fondazione Caisse d&#8217;Epargne &#8220;Miglior artista musicale del mondo 2007&#8221;\u00a0; tiene regolarmente delle masterclass di canto a Ginevra, Montreal, Aix-en-Provence, Bruxelles o Basilea.<\/p>\n<p><img decoding=\"async\" class=\" alignright  wp-image-21260\" src=\"https:\/\/www.iemj.org\/wp-content\/uploads\/2018\/10\/img-4651_-_pour_bio_site_iemj.jpg\" alt=\"img-4651_-_pour_bio_site_iemj.jpg\" width=\"198\" height=\"218\" align=\"right\" \/>Parallelamente alla sua carriera di cantante internazionale, \u00e8 anche Direttrice Artistico del Festival delle Andalusie Atlantiche di Essaouira (Marocco) dal 2007 al 2015 e del Festival delle Musiche del Mondo di Gibilterra.<\/p>\n<p>Il Festival delle Andalusie Atlantiche ha anche ispirato, nell&#8217;estate del 2015, il Festival D&#8217;arte Lirica d&#8217;Aix En Provence, poich\u00e9 Fran\u00e7oise Atlan vi \u00e8 stata invitata a cantare &#8220;Lo spirito di Essaouira&#8221;.<\/p>\n<p>Nel 2013 crea la Compagnia Yemaya ed il Complesso Vocale Femminile Bilbilikos, complesso amatoriale per il quale riscrive, tra l&#8217;altro, i repertor\u00ee giudeo-spagnolo e arabo-andaluso a 4 voci.<\/p>\n<p><img decoding=\"async\" class=\" alignleft  wp-image-21262\" src=\"https:\/\/www.iemj.org\/wp-content\/uploads\/2018\/10\/img-4756_-_pour_bio_site_iemj.jpg\" alt=\"img-4756_-_pour_bio_site_iemj.jpg\" width=\"195\" height=\"218\" align=\"left\" \/><\/p>\n<p>Il suo nuovo album \u201cAman ! Sefarad\u2026\u201d con il Complesso Greco Enchordais, uscito nel gennaio 2015, riceve il \u201cCoup de Coeur\u201d dall&#8217;Acad\u00e9mie Charles Cros 2015. Nello stesso anno si esibisce \u2013 tra l\u2019altro \u2013 con l&#8217;Orchestra Sinfonica di Montreal sotto la direzione del M\u00b0 Kent Nagano, nell&#8217;ambito della stagione \u201cl&#8217;Oriente Immaginario\u201d, insieme al compositore Philipp Glass. E France Musique le ha dedicato un ritratto di un&#8217;ora nel programma Colori del Mondo, in occasione dei suoi 20 anni di carriera.<\/p>\n<p>Sempre nel 2015 il Ministero della Cultura le commissiona un lavoro sulla tradizione vocale femminile del Mediterraneo. Nasce cos\u00ec \u201cZelliges\u201d (1h15), per voce, oud, pianoforte e percussioni. In questo pezzo, creato durante le Joutes Musicales de Correns (Var), Fran\u00e7oise Atlan mescola le sue lingue preferite ebraico, arabo e castigliano all&#8217;interno dei suoi poemi.<\/p>\n<p>Nel 2016 Francoise Atlan dirige, tra l&#8217;altro, un progetto Corale Accademica \u201cConvivencia\u201d, con pi\u00f9 di 100 studenti delle scuole medie.<\/p>\n<p>Invitata sui grandi palcoscenici internazionali come il Carnegie Hall di New York, il Festival Internazionale del Messico, il Teatro de La Monnaie di Bruxelles, il Festival di Musica Sacra di Fez, l&#8217;Arsenale di Metz, la Salle Pleyel ed il Festival d&#8217;arte lirica d&#8217;Aix, la cantante Fran\u00e7oise Atlan ha registrato diversi dischi acclamati dalla critica: Diapason d&#8217;Oro, Choc del Monde de La Musique, FFFF T\u00e9l\u00e9rama, Grand Prix de l&#8217;Acad\u00e9mie Charles Cros&#8230;<\/p>\n<p><strong>Discographie :<\/strong><br \/>&#8220;Romances Sefarades &#8221; presso Buda Musique (FFFF T\u00e9l\u00e9rama)<br \/>&#8220;Noches &#8221; presso Buda Musique (Choc du Monde de La Musique)<br \/>&#8220;Entre la rose et le jasmin&#8221; (Diapason d\u2019Or)<br \/>&#8220;Cantigas de Santa Maria&#8221; con Joel Cohen ed il complesso Gilles Binchois (Erato e Na\u00efve)<br \/>&#8220;Nawah &#8221; con il cantante palestinese Moneim Oudwan<br \/>&#8220;Andalussiyat&#8221; presso Universal (Premio dell&#8217;Acad\u00e9mie Charles Cros)<br \/>&#8220;Terres Turquoise&#8221; con Constantinople presso Atma (Diapason d&#8217;Or)<br \/>&#8220;Ay Amor !! &#8221; con Constantinople.<br \/>&#8220;Aman ! Sefarad&#8221; (2015) con il Complesso En Chordais di Tessalonica<\/p>\n<p><a href=\"http:\/\/www.rachelnet.net\/F\/?func=find-c&amp;ccl_term=WAU%3DFran\u00e7oise+Atlan&amp;local_base=cfmcg&amp;x=0&amp;y=0\" target=\"_blank\" rel=\"noopener\">Consultare il nostro catalogo di pezzi di Fran\u00e7oise Atlan<\/a><\/p>\n<p><a href=\"https:\/\/www.musicme.com\/#\/Francoise-Atlan\/albums\/\" target=\"_blank\" rel=\"noopener\">Ascoltare i titoli degli album di Fran\u00e7oise Atlan<\/a><\/p>\n\n\n<figure class=\"wp-block-embed is-type-video is-provider-youtube wp-block-embed-youtube wp-embed-aspect-16-9 wp-has-aspect-ratio\"><div class=\"wp-block-embed__wrapper\">\n<iframe title=\"Andalouses | Fran\u00e7oise Atlan et Bahaa Ronda\" width=\"640\" height=\"360\" src=\"https:\/\/www.youtube.com\/embed\/6pvkr2nkGSs?feature=oembed\" frameborder=\"0\" allow=\"accelerometer; autoplay; clipboard-write; encrypted-media; gyroscope; picture-in-picture; web-share\" referrerpolicy=\"strict-origin-when-cross-origin\" allowfullscreen><\/iframe>\n<\/div><figcaption><strong>Los bilbilikos<\/strong><\/figcaption><\/figure>\n","protected":false},"excerpt":{"rendered":"<p>Artista dalla doppia cultura, dotata di un&#8217;espressione vocale, di uno stile e di una tecnica unici nel suo genere, le sue radici giudeo-berbere l&#8217;hanno portata naturalmente ad appassionarsi al patrimonio<\/p>\n","protected":false},"author":5,"featured_media":83685,"comment_status":"closed","ping_status":"open","sticky":false,"template":"","format":"standard","meta":{"_acf_changed":false,"footnotes":""},"categories":[1416],"tags":[],"technique":[],"squelettes":[],"sujet":[],"formation":[],"genre":[],"fonds":[],"tradition":[],"type-de-contenu":[],"interprete-compositeur":[],"frise":[],"type-devenement":[],"tableaux-liens-externes":[],"class_list":["post-83684","post","type-post","status-publish","format-standard","has-post-thumbnail","hentry","category-biografie-it"],"acf":[],"yoast_head":"<!-- This site is optimized with the Yoast SEO plugin v27.3 - https:\/\/yoast.com\/product\/yoast-seo-wordpress\/ -->\n<title>Atlan, Fran\u00e7oise - Institut Europ\u00e9en des Musiques Juives<\/title>\n<meta name=\"robots\" content=\"index, follow, max-snippet:-1, max-image-preview:large, max-video-preview:-1\" \/>\n<link rel=\"canonical\" href=\"https:\/\/www.iemj.org\/it\/atlan-francoise\/\" \/>\n<meta property=\"og:locale\" content=\"it_IT\" \/>\n<meta property=\"og:type\" content=\"article\" \/>\n<meta property=\"og:title\" content=\"Atlan, Fran\u00e7oise - Institut Europ\u00e9en des Musiques Juives\" \/>\n<meta property=\"og:description\" content=\"Artista dalla doppia cultura, dotata di un&#8217;espressione vocale, di uno stile e di una tecnica unici nel suo genere, le sue radici giudeo-berbere l&#8217;hanno portata naturalmente ad appassionarsi al patrimonio\" \/>\n<meta property=\"og:url\" content=\"https:\/\/www.iemj.org\/it\/atlan-francoise\/\" \/>\n<meta property=\"og:site_name\" content=\"Institut Europ\u00e9en des Musiques Juives\" \/>\n<meta property=\"article:publisher\" content=\"https:\/\/www.facebook.com\/MusiquesJuives\/\" \/>\n<meta property=\"article:published_time\" content=\"2018-10-17T10:55:02+00:00\" \/>\n<meta property=\"article:modified_time\" content=\"2022-05-19T12:53:45+00:00\" \/>\n<meta property=\"og:image\" content=\"https:\/\/www.iemj.org\/wp-content\/uploads\/2018\/10\/arton3682-e1617023581644.jpg\" \/>\n\t<meta property=\"og:image:width\" content=\"190\" \/>\n\t<meta property=\"og:image:height\" content=\"218\" \/>\n\t<meta property=\"og:image:type\" content=\"image\/jpeg\" \/>\n<meta name=\"author\" content=\"Jacqueline ROTEN\" \/>\n<meta name=\"twitter:card\" content=\"summary_large_image\" \/>\n<meta name=\"twitter:label1\" content=\"Scritto da\" \/>\n\t<meta name=\"twitter:data1\" content=\"Jacqueline ROTEN\" \/>\n\t<meta name=\"twitter:label2\" content=\"Tempo di lettura stimato\" \/>\n\t<meta name=\"twitter:data2\" content=\"4 minuti\" \/>\n<script type=\"application\/ld+json\" class=\"yoast-schema-graph\">{\"@context\":\"https:\\\/\\\/schema.org\",\"@graph\":[{\"@type\":\"Article\",\"@id\":\"https:\\\/\\\/www.iemj.org\\\/it\\\/atlan-francoise\\\/#article\",\"isPartOf\":{\"@id\":\"https:\\\/\\\/www.iemj.org\\\/it\\\/atlan-francoise\\\/\"},\"author\":{\"name\":\"Jacqueline ROTEN\",\"@id\":\"https:\\\/\\\/www.iemj.org\\\/it\\\/#\\\/schema\\\/person\\\/358e26c18aca017fcc4cc15437f7279c\"},\"headline\":\"Atlan, Fran\u00e7oise\",\"datePublished\":\"2018-10-17T10:55:02+00:00\",\"dateModified\":\"2022-05-19T12:53:45+00:00\",\"mainEntityOfPage\":{\"@id\":\"https:\\\/\\\/www.iemj.org\\\/it\\\/atlan-francoise\\\/\"},\"wordCount\":593,\"publisher\":{\"@id\":\"https:\\\/\\\/www.iemj.org\\\/it\\\/#organization\"},\"image\":{\"@id\":\"https:\\\/\\\/www.iemj.org\\\/it\\\/atlan-francoise\\\/#primaryimage\"},\"thumbnailUrl\":\"https:\\\/\\\/www.iemj.org\\\/wp-content\\\/uploads\\\/2018\\\/10\\\/arton3682-e1617023581644.jpg\",\"articleSection\":[\"Biografie\"],\"inLanguage\":\"it-IT\"},{\"@type\":\"WebPage\",\"@id\":\"https:\\\/\\\/www.iemj.org\\\/it\\\/atlan-francoise\\\/\",\"url\":\"https:\\\/\\\/www.iemj.org\\\/it\\\/atlan-francoise\\\/\",\"name\":\"Atlan, Fran\u00e7oise - Institut Europ\u00e9en des Musiques Juives\",\"isPartOf\":{\"@id\":\"https:\\\/\\\/www.iemj.org\\\/it\\\/#website\"},\"primaryImageOfPage\":{\"@id\":\"https:\\\/\\\/www.iemj.org\\\/it\\\/atlan-francoise\\\/#primaryimage\"},\"image\":{\"@id\":\"https:\\\/\\\/www.iemj.org\\\/it\\\/atlan-francoise\\\/#primaryimage\"},\"thumbnailUrl\":\"https:\\\/\\\/www.iemj.org\\\/wp-content\\\/uploads\\\/2018\\\/10\\\/arton3682-e1617023581644.jpg\",\"datePublished\":\"2018-10-17T10:55:02+00:00\",\"dateModified\":\"2022-05-19T12:53:45+00:00\",\"breadcrumb\":{\"@id\":\"https:\\\/\\\/www.iemj.org\\\/it\\\/atlan-francoise\\\/#breadcrumb\"},\"inLanguage\":\"it-IT\",\"potentialAction\":[{\"@type\":\"ReadAction\",\"target\":[\"https:\\\/\\\/www.iemj.org\\\/it\\\/atlan-francoise\\\/\"]}]},{\"@type\":\"ImageObject\",\"inLanguage\":\"it-IT\",\"@id\":\"https:\\\/\\\/www.iemj.org\\\/it\\\/atlan-francoise\\\/#primaryimage\",\"url\":\"https:\\\/\\\/www.iemj.org\\\/wp-content\\\/uploads\\\/2018\\\/10\\\/arton3682-e1617023581644.jpg\",\"contentUrl\":\"https:\\\/\\\/www.iemj.org\\\/wp-content\\\/uploads\\\/2018\\\/10\\\/arton3682-e1617023581644.jpg\",\"width\":190,\"height\":218},{\"@type\":\"BreadcrumbList\",\"@id\":\"https:\\\/\\\/www.iemj.org\\\/it\\\/atlan-francoise\\\/#breadcrumb\",\"itemListElement\":[{\"@type\":\"ListItem\",\"position\":1,\"name\":\"Accueil\",\"item\":\"https:\\\/\\\/www.iemj.org\\\/it\\\/\"},{\"@type\":\"ListItem\",\"position\":2,\"name\":\"Atlan, Fran\u00e7oise\"}]},{\"@type\":\"WebSite\",\"@id\":\"https:\\\/\\\/www.iemj.org\\\/it\\\/#website\",\"url\":\"https:\\\/\\\/www.iemj.org\\\/it\\\/\",\"name\":\"Institut Europ\u00e9en des Musiques Juives\",\"description\":\"Des traditions musicales \u00e0 la port\u00e9e de tous\",\"publisher\":{\"@id\":\"https:\\\/\\\/www.iemj.org\\\/it\\\/#organization\"},\"potentialAction\":[{\"@type\":\"SearchAction\",\"target\":{\"@type\":\"EntryPoint\",\"urlTemplate\":\"https:\\\/\\\/www.iemj.org\\\/it\\\/?s={search_term_string}\"},\"query-input\":{\"@type\":\"PropertyValueSpecification\",\"valueRequired\":true,\"valueName\":\"search_term_string\"}}],\"inLanguage\":\"it-IT\"},{\"@type\":\"Organization\",\"@id\":\"https:\\\/\\\/www.iemj.org\\\/it\\\/#organization\",\"name\":\"Institut Europ\u00e9en des Musiques Juives\",\"url\":\"https:\\\/\\\/www.iemj.org\\\/it\\\/\",\"logo\":{\"@type\":\"ImageObject\",\"inLanguage\":\"it-IT\",\"@id\":\"https:\\\/\\\/www.iemj.org\\\/it\\\/#\\\/schema\\\/logo\\\/image\\\/\",\"url\":\"https:\\\/\\\/www.iemj.org\\\/wp-content\\\/uploads\\\/2021\\\/09\\\/Logo-IEMJ-Paypal.jpg\",\"contentUrl\":\"https:\\\/\\\/www.iemj.org\\\/wp-content\\\/uploads\\\/2021\\\/09\\\/Logo-IEMJ-Paypal.jpg\",\"width\":150,\"height\":50,\"caption\":\"Institut Europ\u00e9en des Musiques Juives\"},\"image\":{\"@id\":\"https:\\\/\\\/www.iemj.org\\\/it\\\/#\\\/schema\\\/logo\\\/image\\\/\"},\"sameAs\":[\"https:\\\/\\\/www.facebook.com\\\/MusiquesJuives\\\/\",\"https:\\\/\\\/www.instagram.com\\\/musiquesjuives\\\/\",\"https:\\\/\\\/www.youtube.com\\\/user\\\/musiquesjuives\"]},{\"@type\":\"Person\",\"@id\":\"https:\\\/\\\/www.iemj.org\\\/it\\\/#\\\/schema\\\/person\\\/358e26c18aca017fcc4cc15437f7279c\",\"name\":\"Jacqueline ROTEN\",\"image\":{\"@type\":\"ImageObject\",\"inLanguage\":\"it-IT\",\"@id\":\"https:\\\/\\\/secure.gravatar.com\\\/avatar\\\/5964256d6c6957de3a3505278957e0fb2a35119ac47ea41827a65301213c810b?s=96&d=mm&r=g\",\"url\":\"https:\\\/\\\/secure.gravatar.com\\\/avatar\\\/5964256d6c6957de3a3505278957e0fb2a35119ac47ea41827a65301213c810b?s=96&d=mm&r=g\",\"contentUrl\":\"https:\\\/\\\/secure.gravatar.com\\\/avatar\\\/5964256d6c6957de3a3505278957e0fb2a35119ac47ea41827a65301213c810b?s=96&d=mm&r=g\",\"caption\":\"Jacqueline ROTEN\"}}]}<\/script>\n<!-- \/ Yoast SEO plugin. -->","yoast_head_json":{"title":"Atlan, Fran\u00e7oise - Institut Europ\u00e9en des Musiques Juives","robots":{"index":"index","follow":"follow","max-snippet":"max-snippet:-1","max-image-preview":"max-image-preview:large","max-video-preview":"max-video-preview:-1"},"canonical":"https:\/\/www.iemj.org\/it\/atlan-francoise\/","og_locale":"it_IT","og_type":"article","og_title":"Atlan, Fran\u00e7oise - Institut Europ\u00e9en des Musiques Juives","og_description":"Artista dalla doppia cultura, dotata di un&#8217;espressione vocale, di uno stile e di una tecnica unici nel suo genere, le sue radici giudeo-berbere l&#8217;hanno portata naturalmente ad appassionarsi al patrimonio","og_url":"https:\/\/www.iemj.org\/it\/atlan-francoise\/","og_site_name":"Institut Europ\u00e9en des Musiques Juives","article_publisher":"https:\/\/www.facebook.com\/MusiquesJuives\/","article_published_time":"2018-10-17T10:55:02+00:00","article_modified_time":"2022-05-19T12:53:45+00:00","og_image":[{"width":190,"height":218,"url":"https:\/\/www.iemj.org\/wp-content\/uploads\/2018\/10\/arton3682-e1617023581644.jpg","type":"image\/jpeg"}],"author":"Jacqueline ROTEN","twitter_card":"summary_large_image","twitter_misc":{"Scritto da":"Jacqueline ROTEN","Tempo di lettura stimato":"4 minuti"},"schema":{"@context":"https:\/\/schema.org","@graph":[{"@type":"Article","@id":"https:\/\/www.iemj.org\/it\/atlan-francoise\/#article","isPartOf":{"@id":"https:\/\/www.iemj.org\/it\/atlan-francoise\/"},"author":{"name":"Jacqueline ROTEN","@id":"https:\/\/www.iemj.org\/it\/#\/schema\/person\/358e26c18aca017fcc4cc15437f7279c"},"headline":"Atlan, Fran\u00e7oise","datePublished":"2018-10-17T10:55:02+00:00","dateModified":"2022-05-19T12:53:45+00:00","mainEntityOfPage":{"@id":"https:\/\/www.iemj.org\/it\/atlan-francoise\/"},"wordCount":593,"publisher":{"@id":"https:\/\/www.iemj.org\/it\/#organization"},"image":{"@id":"https:\/\/www.iemj.org\/it\/atlan-francoise\/#primaryimage"},"thumbnailUrl":"https:\/\/www.iemj.org\/wp-content\/uploads\/2018\/10\/arton3682-e1617023581644.jpg","articleSection":["Biografie"],"inLanguage":"it-IT"},{"@type":"WebPage","@id":"https:\/\/www.iemj.org\/it\/atlan-francoise\/","url":"https:\/\/www.iemj.org\/it\/atlan-francoise\/","name":"Atlan, Fran\u00e7oise - Institut Europ\u00e9en des Musiques Juives","isPartOf":{"@id":"https:\/\/www.iemj.org\/it\/#website"},"primaryImageOfPage":{"@id":"https:\/\/www.iemj.org\/it\/atlan-francoise\/#primaryimage"},"image":{"@id":"https:\/\/www.iemj.org\/it\/atlan-francoise\/#primaryimage"},"thumbnailUrl":"https:\/\/www.iemj.org\/wp-content\/uploads\/2018\/10\/arton3682-e1617023581644.jpg","datePublished":"2018-10-17T10:55:02+00:00","dateModified":"2022-05-19T12:53:45+00:00","breadcrumb":{"@id":"https:\/\/www.iemj.org\/it\/atlan-francoise\/#breadcrumb"},"inLanguage":"it-IT","potentialAction":[{"@type":"ReadAction","target":["https:\/\/www.iemj.org\/it\/atlan-francoise\/"]}]},{"@type":"ImageObject","inLanguage":"it-IT","@id":"https:\/\/www.iemj.org\/it\/atlan-francoise\/#primaryimage","url":"https:\/\/www.iemj.org\/wp-content\/uploads\/2018\/10\/arton3682-e1617023581644.jpg","contentUrl":"https:\/\/www.iemj.org\/wp-content\/uploads\/2018\/10\/arton3682-e1617023581644.jpg","width":190,"height":218},{"@type":"BreadcrumbList","@id":"https:\/\/www.iemj.org\/it\/atlan-francoise\/#breadcrumb","itemListElement":[{"@type":"ListItem","position":1,"name":"Accueil","item":"https:\/\/www.iemj.org\/it\/"},{"@type":"ListItem","position":2,"name":"Atlan, Fran\u00e7oise"}]},{"@type":"WebSite","@id":"https:\/\/www.iemj.org\/it\/#website","url":"https:\/\/www.iemj.org\/it\/","name":"Institut Europ\u00e9en des Musiques Juives","description":"Des traditions musicales \u00e0 la port\u00e9e de tous","publisher":{"@id":"https:\/\/www.iemj.org\/it\/#organization"},"potentialAction":[{"@type":"SearchAction","target":{"@type":"EntryPoint","urlTemplate":"https:\/\/www.iemj.org\/it\/?s={search_term_string}"},"query-input":{"@type":"PropertyValueSpecification","valueRequired":true,"valueName":"search_term_string"}}],"inLanguage":"it-IT"},{"@type":"Organization","@id":"https:\/\/www.iemj.org\/it\/#organization","name":"Institut Europ\u00e9en des Musiques Juives","url":"https:\/\/www.iemj.org\/it\/","logo":{"@type":"ImageObject","inLanguage":"it-IT","@id":"https:\/\/www.iemj.org\/it\/#\/schema\/logo\/image\/","url":"https:\/\/www.iemj.org\/wp-content\/uploads\/2021\/09\/Logo-IEMJ-Paypal.jpg","contentUrl":"https:\/\/www.iemj.org\/wp-content\/uploads\/2021\/09\/Logo-IEMJ-Paypal.jpg","width":150,"height":50,"caption":"Institut Europ\u00e9en des Musiques Juives"},"image":{"@id":"https:\/\/www.iemj.org\/it\/#\/schema\/logo\/image\/"},"sameAs":["https:\/\/www.facebook.com\/MusiquesJuives\/","https:\/\/www.instagram.com\/musiquesjuives\/","https:\/\/www.youtube.com\/user\/musiquesjuives"]},{"@type":"Person","@id":"https:\/\/www.iemj.org\/it\/#\/schema\/person\/358e26c18aca017fcc4cc15437f7279c","name":"Jacqueline ROTEN","image":{"@type":"ImageObject","inLanguage":"it-IT","@id":"https:\/\/secure.gravatar.com\/avatar\/5964256d6c6957de3a3505278957e0fb2a35119ac47ea41827a65301213c810b?s=96&d=mm&r=g","url":"https:\/\/secure.gravatar.com\/avatar\/5964256d6c6957de3a3505278957e0fb2a35119ac47ea41827a65301213c810b?s=96&d=mm&r=g","contentUrl":"https:\/\/secure.gravatar.com\/avatar\/5964256d6c6957de3a3505278957e0fb2a35119ac47ea41827a65301213c810b?s=96&d=mm&r=g","caption":"Jacqueline ROTEN"}}]}},"_links":{"self":[{"href":"https:\/\/www.iemj.org\/it\/wp-json\/wp\/v2\/posts\/83684","targetHints":{"allow":["GET"]}}],"collection":[{"href":"https:\/\/www.iemj.org\/it\/wp-json\/wp\/v2\/posts"}],"about":[{"href":"https:\/\/www.iemj.org\/it\/wp-json\/wp\/v2\/types\/post"}],"author":[{"embeddable":true,"href":"https:\/\/www.iemj.org\/it\/wp-json\/wp\/v2\/users\/5"}],"replies":[{"embeddable":true,"href":"https:\/\/www.iemj.org\/it\/wp-json\/wp\/v2\/comments?post=83684"}],"version-history":[{"count":0,"href":"https:\/\/www.iemj.org\/it\/wp-json\/wp\/v2\/posts\/83684\/revisions"}],"wp:featuredmedia":[{"embeddable":true,"href":"https:\/\/www.iemj.org\/it\/wp-json\/wp\/v2\/media\/83685"}],"wp:attachment":[{"href":"https:\/\/www.iemj.org\/it\/wp-json\/wp\/v2\/media?parent=83684"}],"wp:term":[{"taxonomy":"category","embeddable":true,"href":"https:\/\/www.iemj.org\/it\/wp-json\/wp\/v2\/categories?post=83684"},{"taxonomy":"post_tag","embeddable":true,"href":"https:\/\/www.iemj.org\/it\/wp-json\/wp\/v2\/tags?post=83684"},{"taxonomy":"technique","embeddable":true,"href":"https:\/\/www.iemj.org\/it\/wp-json\/wp\/v2\/technique?post=83684"},{"taxonomy":"squelettes","embeddable":true,"href":"https:\/\/www.iemj.org\/it\/wp-json\/wp\/v2\/squelettes?post=83684"},{"taxonomy":"sujet","embeddable":true,"href":"https:\/\/www.iemj.org\/it\/wp-json\/wp\/v2\/sujet?post=83684"},{"taxonomy":"formation","embeddable":true,"href":"https:\/\/www.iemj.org\/it\/wp-json\/wp\/v2\/formation?post=83684"},{"taxonomy":"genre","embeddable":true,"href":"https:\/\/www.iemj.org\/it\/wp-json\/wp\/v2\/genre?post=83684"},{"taxonomy":"fonds","embeddable":true,"href":"https:\/\/www.iemj.org\/it\/wp-json\/wp\/v2\/fonds?post=83684"},{"taxonomy":"tradition","embeddable":true,"href":"https:\/\/www.iemj.org\/it\/wp-json\/wp\/v2\/tradition?post=83684"},{"taxonomy":"type-de-contenu","embeddable":true,"href":"https:\/\/www.iemj.org\/it\/wp-json\/wp\/v2\/type-de-contenu?post=83684"},{"taxonomy":"interprete-compositeur","embeddable":true,"href":"https:\/\/www.iemj.org\/it\/wp-json\/wp\/v2\/interprete-compositeur?post=83684"},{"taxonomy":"frise","embeddable":true,"href":"https:\/\/www.iemj.org\/it\/wp-json\/wp\/v2\/frise?post=83684"},{"taxonomy":"type-devenement","embeddable":true,"href":"https:\/\/www.iemj.org\/it\/wp-json\/wp\/v2\/type-devenement?post=83684"},{"taxonomy":"tableaux-liens-externes","embeddable":true,"href":"https:\/\/www.iemj.org\/it\/wp-json\/wp\/v2\/tableaux-liens-externes?post=83684"}],"curies":[{"name":"wp","href":"https:\/\/api.w.org\/{rel}","templated":true}]}}