{"id":83692,"date":"2013-05-23T17:04:12","date_gmt":"2013-05-23T15:04:12","guid":{"rendered":"https:\/\/www.iemj.org\/barraine-elsa-1910-1999\/"},"modified":"2022-05-05T17:24:30","modified_gmt":"2022-05-05T15:24:30","slug":"barraine-elsa-1910-1999","status":"publish","type":"post","link":"https:\/\/www.iemj.org\/it\/barraine-elsa-1910-1999\/","title":{"rendered":"Barraine, Elsa (1910-1999)"},"content":{"rendered":"<p>Figlia di Mathieu Barraine, violoncellista solista dell&#8217;orchestra dell&#8217;Opera di Parigi, licenziato durante l&#8217;occupazione, come gli altri musicisti ebrei dell&#8217;orchestra, Elsa Barraine ha studiato al Conservatorio Nazionale Superiore di Musica de Parigi (CNSM) con Georges Caussade, Jean Gallon e Paul Dukas (era in particolare nella stessa classe di Olivier Messiaen).<\/p>\n<p>Nel 1928 vince il secondo Gran Premio di Roma con Eracle a Delfi, poi nel 1929 il primo Gran Premio con la cantata <em>La Vergine guerriera<\/em> su di un poema di Armand Foucher, una trilogia sacra su Giovanna d&#8217;Arco.<\/p>\n<figure id=\"attachment_5797\" aria-describedby=\"caption-attachment-5797\" style=\"width: 568px\" class=\"wp-caption aligncenter\"><img fetchpriority=\"high\" decoding=\"async\" class=\"wp-image-5797\" src=\"https:\/\/www.iemj.org\/wp-content\/uploads\/2013\/05\/la_classe_de_paul_dukas_en_1929_copyright_musicologie.org_.jpg\" alt=\"la_classe_de_paul_dukas_en_1929_copyright_musicologie.org.jpg\" width=\"568\" height=\"357\" align=\"middle\"><figcaption id=\"caption-attachment-5797\" class=\"wp-caption-text\"><strong><em>Classe di Paul Dukas nel 1929 : da sinistra a destra, vicino al piano , pr\u00e8s du piano : Pierre Maillard-Verger, Elsa Barraine (braccia incrociate), Yvonne Desportes, Tony Aubin, Pierre Revel, Georges Favre, Paul Dukas, Ren\u00e9 Duclos, Georges Hugon, Maurice Durufl\u00e9. A destra, seduti: Claude Arrieu, Olivier Messiaen.<\/em><\/strong><\/figcaption><\/figure>\n<p>Dal 1936 al 1939 Elsa Barraine \u00e8 direttrice di canto all&#8217;Orchestra nazionale della Radiodiffusione francese. Nel 1938 aderisce al Partito Comunista Francese, seguendo gli accordi di Monaco. Nel 1941 \u00e8 esclusa da tutte le sue funzioni ed entra nella Resistenza. Grazie a Roger Desormi\u00e8re, lavora all&#8217;Op\u00e9ra-Comique di Parigi, \u00e8 arrestata e poi rilasciata grazie ad un funzionario della prefettura di polizia. Suo padre, che era ebreo, muore il 24 settembre 1943. Sfuggendo ad un agguato, si nasconde con il nome di Catherine Bonnard. Dalla fine del 1944 \u00e8 editorialista di musica per il quotidiano l&#8217;Humanit\u00e9.<\/p>\n<p>Dal 1944 al 1946 Elsa Barraine \u00e8 direttrice dell&#8217;Orchestra Nazionale e direttrice musicale delle edizioni del Canto del Mondo. Nel 1953 \u00e8 nominata professoressa al Conservatorio Nazionale superiore di Parigi, dove insegna analisi dal 1969 al 1973. Nel 1972-1974 \u00e8 ispettrice dei teatri lirici nazionali presso la Direzione della musica al Ministero della Cultura. Negli anni &#8217;80 inizia a studiare cinese e russo, viaggia in Cina e prende parte a numerosi incontri e manifestazioni in Unione Sovietica.<\/p>\n<p>Elsa Barraine muore il 20 marzo 1999 a Strasburgo, all&#8217;et\u00e0 di 89 anni.<\/p>\n<p><strong>La sua opera<\/strong><\/p>\n<p>Compositrice di talento, le &nbsp;dobbiamo della musica per orchestra (tre <em>Sinfonie,<\/em> una <em>Fantasia<\/em> per pianoforte e orchestra, una <em>Suite Astrologica<\/em> per piccola orchestra\u2026), della musica per il palcoscenico (<em>Le Roi-gobbo, Il Muro, La Canzone della persona impopolare, I Paesani\u2026<\/em>)<em>,<\/em> della musica da camera e strumentale (<em>Quintetto a fiato, Musica rituale<\/em> per organo, gong e xylorimba\u2026) e della musica corale: <em>Inno alla luce<\/em> per soprano e orchestra, <em>Poesia ininterrotta (cantata su dei poemi diPaul Elouard)<\/em>, <em>Cantata del Venerd\u00ec santo<\/em>.<\/p>\n<p>Una piccola parte del suo lavoro si ispira al giudaismo: <em>Pogroms,<\/em> per orchestra (1933), <em>3 Canzoni ebraiche<\/em> (1935), <em>4 Canti ebraici<\/em> (1937), <em>Suite ebraica<\/em>, for violin and piano (1951).<\/p>\n<p>Testo preparato da Herv\u00e9 Roten e Bruno Fraitag basato su <a href=\"https:\/\/www.musicologie.org\/Biographies\/b\/barraine.html\">Musicologie.org<\/a> e <a href=\"http:\/\/www.musimem.com\/prix-rome-1920-1929.htm#barraine.<\/em>%3C\/font%3E&#8221;>Musica et memoria<\/a><\/p>\n<ul>\n<li><a href=\"http:\/\/www.rachelnet.net\/F\/?func=find-c&amp;ccl_term=WRD+%3D+Barraine&amp;local_base=iemcg\" target=\"_blank\" rel=\"noopener\">Consultare gli archivi EIJM di Elsa Barraine<\/a><\/li>\n<li><a href=\"http:\/\/www.rachelnet.net\/F\/?func=find-c&amp;ccl_term=WRD+%3D+Barraine+ET+WFT+%3D+MU&amp;local_base=iemcg\" target=\"_blank\" rel=\"noopener\">Ascoltare 3 estratti dei Quattro canti ebraici di Elsa Barraine<\/a>, dall&#8217;album <a href=\"https:\/\/www.iemj.org\/confluences\/\" target=\"_blank\" rel=\"noopener\">Confluence(s) di Benjamin Alunni<\/a><\/li>\n<li><a href=\"https:\/\/www.francemusique.fr\/emissions\/musicopolis\/elsa-barraine-a-paris-en-1958-1-5-59075\" target=\"_blank\" rel=\"noopener\">Ascoltare il programma France Musique Musicopolis dedicato a Elsa Barraine<\/a><\/li>\n<\/ul>\n\n\n<figure class=\"wp-block-embed is-type-video is-provider-youtube wp-block-embed-youtube wp-embed-aspect-4-3 wp-has-aspect-ratio\"><div class=\"wp-block-embed__wrapper\">\n<iframe title=\"Elsa Barraine (1910-1999) : Symphonie n\u00b0 2 (1938)\" width=\"640\" height=\"480\" src=\"https:\/\/www.youtube.com\/embed\/yPnUkjjfpp0?feature=oembed\" frameborder=\"0\" allow=\"accelerometer; autoplay; clipboard-write; encrypted-media; gyroscope; picture-in-picture; web-share\" referrerpolicy=\"strict-origin-when-cross-origin\" allowfullscreen><\/iframe>\n<\/div><\/figure>\n","protected":false},"excerpt":{"rendered":"<p>Figlia di Mathieu Barraine, violoncellista solista dell&#8217;orchestra dell&#8217;Opera di Parigi, licenziato durante l&#8217;occupazione, come gli altri musicisti ebrei dell&#8217;orchestra, Elsa Barraine ha studiato al Conservatorio Nazionale Superiore di Musica de<\/p>\n","protected":false},"author":1050,"featured_media":83694,"comment_status":"closed","ping_status":"open","sticky":false,"template":"","format":"standard","meta":{"_acf_changed":false,"footnotes":""},"categories":[1416],"tags":[],"technique":[],"squelettes":[],"sujet":[],"formation":[],"genre":[],"fonds":[],"tradition":[],"type-de-contenu":[],"interprete-compositeur":[],"frise":[],"type-devenement":[],"tableaux-liens-externes":[],"class_list":["post-83692","post","type-post","status-publish","format-standard","has-post-thumbnail","hentry","category-biografie-it"],"acf":[],"yoast_head":"<!-- This site is optimized with the Yoast SEO plugin v27.3 - https:\/\/yoast.com\/product\/yoast-seo-wordpress\/ -->\n<title>Barraine, Elsa (1910-1999) - Institut Europ\u00e9en des Musiques Juives<\/title>\n<meta name=\"robots\" content=\"index, follow, max-snippet:-1, max-image-preview:large, max-video-preview:-1\" \/>\n<link rel=\"canonical\" href=\"https:\/\/www.iemj.org\/it\/barraine-elsa-1910-1999\/\" \/>\n<meta property=\"og:locale\" content=\"it_IT\" \/>\n<meta property=\"og:type\" content=\"article\" \/>\n<meta property=\"og:title\" content=\"Barraine, Elsa (1910-1999) - Institut Europ\u00e9en des Musiques Juives\" \/>\n<meta property=\"og:description\" content=\"Figlia di Mathieu Barraine, violoncellista solista dell&#8217;orchestra dell&#8217;Opera di Parigi, licenziato durante l&#8217;occupazione, come gli altri musicisti ebrei dell&#8217;orchestra, Elsa Barraine ha studiato al Conservatorio Nazionale Superiore di Musica de\" \/>\n<meta property=\"og:url\" content=\"https:\/\/www.iemj.org\/it\/barraine-elsa-1910-1999\/\" \/>\n<meta property=\"og:site_name\" content=\"Institut Europ\u00e9en des Musiques Juives\" \/>\n<meta property=\"article:publisher\" content=\"https:\/\/www.facebook.com\/MusiquesJuives\/\" \/>\n<meta property=\"article:published_time\" content=\"2013-05-23T15:04:12+00:00\" \/>\n<meta property=\"article:modified_time\" content=\"2022-05-05T15:24:30+00:00\" \/>\n<meta property=\"og:image\" content=\"https:\/\/www.iemj.org\/wp-content\/uploads\/2013\/05\/logo-bio-Elsa-Barraine-e1617030583958.jpg\" \/>\n\t<meta property=\"og:image:width\" content=\"196\" \/>\n\t<meta property=\"og:image:height\" content=\"218\" \/>\n\t<meta property=\"og:image:type\" content=\"image\/jpeg\" \/>\n<meta name=\"author\" content=\"ncochin\" \/>\n<meta name=\"twitter:card\" content=\"summary_large_image\" \/>\n<meta name=\"twitter:label1\" content=\"Scritto da\" \/>\n\t<meta name=\"twitter:data1\" content=\"ncochin\" \/>\n\t<meta name=\"twitter:label2\" content=\"Tempo di lettura stimato\" \/>\n\t<meta name=\"twitter:data2\" content=\"3 minuti\" \/>\n<script type=\"application\/ld+json\" class=\"yoast-schema-graph\">{\"@context\":\"https:\\\/\\\/schema.org\",\"@graph\":[{\"@type\":\"Article\",\"@id\":\"https:\\\/\\\/www.iemj.org\\\/it\\\/barraine-elsa-1910-1999\\\/#article\",\"isPartOf\":{\"@id\":\"https:\\\/\\\/www.iemj.org\\\/it\\\/barraine-elsa-1910-1999\\\/\"},\"author\":{\"name\":\"ncochin\",\"@id\":\"https:\\\/\\\/www.iemj.org\\\/it\\\/#\\\/schema\\\/person\\\/f826ad11b0cd58dd99babe0a3fbcb86e\"},\"headline\":\"Barraine, Elsa (1910-1999)\",\"datePublished\":\"2013-05-23T15:04:12+00:00\",\"dateModified\":\"2022-05-05T15:24:30+00:00\",\"mainEntityOfPage\":{\"@id\":\"https:\\\/\\\/www.iemj.org\\\/it\\\/barraine-elsa-1910-1999\\\/\"},\"wordCount\":473,\"publisher\":{\"@id\":\"https:\\\/\\\/www.iemj.org\\\/it\\\/#organization\"},\"image\":{\"@id\":\"https:\\\/\\\/www.iemj.org\\\/it\\\/barraine-elsa-1910-1999\\\/#primaryimage\"},\"thumbnailUrl\":\"https:\\\/\\\/www.iemj.org\\\/wp-content\\\/uploads\\\/2013\\\/05\\\/logo-bio-Elsa-Barraine-e1617030583958.jpg\",\"articleSection\":[\"Biografie\"],\"inLanguage\":\"it-IT\"},{\"@type\":\"WebPage\",\"@id\":\"https:\\\/\\\/www.iemj.org\\\/it\\\/barraine-elsa-1910-1999\\\/\",\"url\":\"https:\\\/\\\/www.iemj.org\\\/it\\\/barraine-elsa-1910-1999\\\/\",\"name\":\"Barraine, Elsa (1910-1999) - Institut Europ\u00e9en des Musiques Juives\",\"isPartOf\":{\"@id\":\"https:\\\/\\\/www.iemj.org\\\/it\\\/#website\"},\"primaryImageOfPage\":{\"@id\":\"https:\\\/\\\/www.iemj.org\\\/it\\\/barraine-elsa-1910-1999\\\/#primaryimage\"},\"image\":{\"@id\":\"https:\\\/\\\/www.iemj.org\\\/it\\\/barraine-elsa-1910-1999\\\/#primaryimage\"},\"thumbnailUrl\":\"https:\\\/\\\/www.iemj.org\\\/wp-content\\\/uploads\\\/2013\\\/05\\\/logo-bio-Elsa-Barraine-e1617030583958.jpg\",\"datePublished\":\"2013-05-23T15:04:12+00:00\",\"dateModified\":\"2022-05-05T15:24:30+00:00\",\"breadcrumb\":{\"@id\":\"https:\\\/\\\/www.iemj.org\\\/it\\\/barraine-elsa-1910-1999\\\/#breadcrumb\"},\"inLanguage\":\"it-IT\",\"potentialAction\":[{\"@type\":\"ReadAction\",\"target\":[\"https:\\\/\\\/www.iemj.org\\\/it\\\/barraine-elsa-1910-1999\\\/\"]}]},{\"@type\":\"ImageObject\",\"inLanguage\":\"it-IT\",\"@id\":\"https:\\\/\\\/www.iemj.org\\\/it\\\/barraine-elsa-1910-1999\\\/#primaryimage\",\"url\":\"https:\\\/\\\/www.iemj.org\\\/wp-content\\\/uploads\\\/2013\\\/05\\\/logo-bio-Elsa-Barraine-e1617030583958.jpg\",\"contentUrl\":\"https:\\\/\\\/www.iemj.org\\\/wp-content\\\/uploads\\\/2013\\\/05\\\/logo-bio-Elsa-Barraine-e1617030583958.jpg\",\"width\":196,\"height\":218},{\"@type\":\"BreadcrumbList\",\"@id\":\"https:\\\/\\\/www.iemj.org\\\/it\\\/barraine-elsa-1910-1999\\\/#breadcrumb\",\"itemListElement\":[{\"@type\":\"ListItem\",\"position\":1,\"name\":\"Accueil\",\"item\":\"https:\\\/\\\/www.iemj.org\\\/it\\\/\"},{\"@type\":\"ListItem\",\"position\":2,\"name\":\"Barraine, Elsa (1910-1999)\"}]},{\"@type\":\"WebSite\",\"@id\":\"https:\\\/\\\/www.iemj.org\\\/it\\\/#website\",\"url\":\"https:\\\/\\\/www.iemj.org\\\/it\\\/\",\"name\":\"Institut Europ\u00e9en des Musiques Juives\",\"description\":\"Des traditions musicales \u00e0 la port\u00e9e de tous\",\"publisher\":{\"@id\":\"https:\\\/\\\/www.iemj.org\\\/it\\\/#organization\"},\"potentialAction\":[{\"@type\":\"SearchAction\",\"target\":{\"@type\":\"EntryPoint\",\"urlTemplate\":\"https:\\\/\\\/www.iemj.org\\\/it\\\/?s={search_term_string}\"},\"query-input\":{\"@type\":\"PropertyValueSpecification\",\"valueRequired\":true,\"valueName\":\"search_term_string\"}}],\"inLanguage\":\"it-IT\"},{\"@type\":\"Organization\",\"@id\":\"https:\\\/\\\/www.iemj.org\\\/it\\\/#organization\",\"name\":\"Institut Europ\u00e9en des Musiques Juives\",\"url\":\"https:\\\/\\\/www.iemj.org\\\/it\\\/\",\"logo\":{\"@type\":\"ImageObject\",\"inLanguage\":\"it-IT\",\"@id\":\"https:\\\/\\\/www.iemj.org\\\/it\\\/#\\\/schema\\\/logo\\\/image\\\/\",\"url\":\"https:\\\/\\\/www.iemj.org\\\/wp-content\\\/uploads\\\/2021\\\/09\\\/Logo-IEMJ-Paypal.jpg\",\"contentUrl\":\"https:\\\/\\\/www.iemj.org\\\/wp-content\\\/uploads\\\/2021\\\/09\\\/Logo-IEMJ-Paypal.jpg\",\"width\":150,\"height\":50,\"caption\":\"Institut Europ\u00e9en des Musiques Juives\"},\"image\":{\"@id\":\"https:\\\/\\\/www.iemj.org\\\/it\\\/#\\\/schema\\\/logo\\\/image\\\/\"},\"sameAs\":[\"https:\\\/\\\/www.facebook.com\\\/MusiquesJuives\\\/\",\"https:\\\/\\\/www.instagram.com\\\/musiquesjuives\\\/\",\"https:\\\/\\\/www.youtube.com\\\/user\\\/musiquesjuives\"]},{\"@type\":\"Person\",\"@id\":\"https:\\\/\\\/www.iemj.org\\\/it\\\/#\\\/schema\\\/person\\\/f826ad11b0cd58dd99babe0a3fbcb86e\",\"name\":\"ncochin\",\"image\":{\"@type\":\"ImageObject\",\"inLanguage\":\"it-IT\",\"@id\":\"https:\\\/\\\/secure.gravatar.com\\\/avatar\\\/4499f551e6a9b8c28bd3132f28d79657b2cb55ff363257726f67e89c95e2a33c?s=96&d=mm&r=g\",\"url\":\"https:\\\/\\\/secure.gravatar.com\\\/avatar\\\/4499f551e6a9b8c28bd3132f28d79657b2cb55ff363257726f67e89c95e2a33c?s=96&d=mm&r=g\",\"contentUrl\":\"https:\\\/\\\/secure.gravatar.com\\\/avatar\\\/4499f551e6a9b8c28bd3132f28d79657b2cb55ff363257726f67e89c95e2a33c?s=96&d=mm&r=g\",\"caption\":\"ncochin\"}}]}<\/script>\n<!-- \/ Yoast SEO plugin. -->","yoast_head_json":{"title":"Barraine, Elsa (1910-1999) - Institut Europ\u00e9en des Musiques Juives","robots":{"index":"index","follow":"follow","max-snippet":"max-snippet:-1","max-image-preview":"max-image-preview:large","max-video-preview":"max-video-preview:-1"},"canonical":"https:\/\/www.iemj.org\/it\/barraine-elsa-1910-1999\/","og_locale":"it_IT","og_type":"article","og_title":"Barraine, Elsa (1910-1999) - Institut Europ\u00e9en des Musiques Juives","og_description":"Figlia di Mathieu Barraine, violoncellista solista dell&#8217;orchestra dell&#8217;Opera di Parigi, licenziato durante l&#8217;occupazione, come gli altri musicisti ebrei dell&#8217;orchestra, Elsa Barraine ha studiato al Conservatorio Nazionale Superiore di Musica de","og_url":"https:\/\/www.iemj.org\/it\/barraine-elsa-1910-1999\/","og_site_name":"Institut Europ\u00e9en des Musiques Juives","article_publisher":"https:\/\/www.facebook.com\/MusiquesJuives\/","article_published_time":"2013-05-23T15:04:12+00:00","article_modified_time":"2022-05-05T15:24:30+00:00","og_image":[{"width":196,"height":218,"url":"https:\/\/www.iemj.org\/wp-content\/uploads\/2013\/05\/logo-bio-Elsa-Barraine-e1617030583958.jpg","type":"image\/jpeg"}],"author":"ncochin","twitter_card":"summary_large_image","twitter_misc":{"Scritto da":"ncochin","Tempo di lettura stimato":"3 minuti"},"schema":{"@context":"https:\/\/schema.org","@graph":[{"@type":"Article","@id":"https:\/\/www.iemj.org\/it\/barraine-elsa-1910-1999\/#article","isPartOf":{"@id":"https:\/\/www.iemj.org\/it\/barraine-elsa-1910-1999\/"},"author":{"name":"ncochin","@id":"https:\/\/www.iemj.org\/it\/#\/schema\/person\/f826ad11b0cd58dd99babe0a3fbcb86e"},"headline":"Barraine, Elsa (1910-1999)","datePublished":"2013-05-23T15:04:12+00:00","dateModified":"2022-05-05T15:24:30+00:00","mainEntityOfPage":{"@id":"https:\/\/www.iemj.org\/it\/barraine-elsa-1910-1999\/"},"wordCount":473,"publisher":{"@id":"https:\/\/www.iemj.org\/it\/#organization"},"image":{"@id":"https:\/\/www.iemj.org\/it\/barraine-elsa-1910-1999\/#primaryimage"},"thumbnailUrl":"https:\/\/www.iemj.org\/wp-content\/uploads\/2013\/05\/logo-bio-Elsa-Barraine-e1617030583958.jpg","articleSection":["Biografie"],"inLanguage":"it-IT"},{"@type":"WebPage","@id":"https:\/\/www.iemj.org\/it\/barraine-elsa-1910-1999\/","url":"https:\/\/www.iemj.org\/it\/barraine-elsa-1910-1999\/","name":"Barraine, Elsa (1910-1999) - Institut Europ\u00e9en des Musiques Juives","isPartOf":{"@id":"https:\/\/www.iemj.org\/it\/#website"},"primaryImageOfPage":{"@id":"https:\/\/www.iemj.org\/it\/barraine-elsa-1910-1999\/#primaryimage"},"image":{"@id":"https:\/\/www.iemj.org\/it\/barraine-elsa-1910-1999\/#primaryimage"},"thumbnailUrl":"https:\/\/www.iemj.org\/wp-content\/uploads\/2013\/05\/logo-bio-Elsa-Barraine-e1617030583958.jpg","datePublished":"2013-05-23T15:04:12+00:00","dateModified":"2022-05-05T15:24:30+00:00","breadcrumb":{"@id":"https:\/\/www.iemj.org\/it\/barraine-elsa-1910-1999\/#breadcrumb"},"inLanguage":"it-IT","potentialAction":[{"@type":"ReadAction","target":["https:\/\/www.iemj.org\/it\/barraine-elsa-1910-1999\/"]}]},{"@type":"ImageObject","inLanguage":"it-IT","@id":"https:\/\/www.iemj.org\/it\/barraine-elsa-1910-1999\/#primaryimage","url":"https:\/\/www.iemj.org\/wp-content\/uploads\/2013\/05\/logo-bio-Elsa-Barraine-e1617030583958.jpg","contentUrl":"https:\/\/www.iemj.org\/wp-content\/uploads\/2013\/05\/logo-bio-Elsa-Barraine-e1617030583958.jpg","width":196,"height":218},{"@type":"BreadcrumbList","@id":"https:\/\/www.iemj.org\/it\/barraine-elsa-1910-1999\/#breadcrumb","itemListElement":[{"@type":"ListItem","position":1,"name":"Accueil","item":"https:\/\/www.iemj.org\/it\/"},{"@type":"ListItem","position":2,"name":"Barraine, Elsa (1910-1999)"}]},{"@type":"WebSite","@id":"https:\/\/www.iemj.org\/it\/#website","url":"https:\/\/www.iemj.org\/it\/","name":"Institut Europ\u00e9en des Musiques Juives","description":"Des traditions musicales \u00e0 la port\u00e9e de tous","publisher":{"@id":"https:\/\/www.iemj.org\/it\/#organization"},"potentialAction":[{"@type":"SearchAction","target":{"@type":"EntryPoint","urlTemplate":"https:\/\/www.iemj.org\/it\/?s={search_term_string}"},"query-input":{"@type":"PropertyValueSpecification","valueRequired":true,"valueName":"search_term_string"}}],"inLanguage":"it-IT"},{"@type":"Organization","@id":"https:\/\/www.iemj.org\/it\/#organization","name":"Institut Europ\u00e9en des Musiques Juives","url":"https:\/\/www.iemj.org\/it\/","logo":{"@type":"ImageObject","inLanguage":"it-IT","@id":"https:\/\/www.iemj.org\/it\/#\/schema\/logo\/image\/","url":"https:\/\/www.iemj.org\/wp-content\/uploads\/2021\/09\/Logo-IEMJ-Paypal.jpg","contentUrl":"https:\/\/www.iemj.org\/wp-content\/uploads\/2021\/09\/Logo-IEMJ-Paypal.jpg","width":150,"height":50,"caption":"Institut Europ\u00e9en des Musiques Juives"},"image":{"@id":"https:\/\/www.iemj.org\/it\/#\/schema\/logo\/image\/"},"sameAs":["https:\/\/www.facebook.com\/MusiquesJuives\/","https:\/\/www.instagram.com\/musiquesjuives\/","https:\/\/www.youtube.com\/user\/musiquesjuives"]},{"@type":"Person","@id":"https:\/\/www.iemj.org\/it\/#\/schema\/person\/f826ad11b0cd58dd99babe0a3fbcb86e","name":"ncochin","image":{"@type":"ImageObject","inLanguage":"it-IT","@id":"https:\/\/secure.gravatar.com\/avatar\/4499f551e6a9b8c28bd3132f28d79657b2cb55ff363257726f67e89c95e2a33c?s=96&d=mm&r=g","url":"https:\/\/secure.gravatar.com\/avatar\/4499f551e6a9b8c28bd3132f28d79657b2cb55ff363257726f67e89c95e2a33c?s=96&d=mm&r=g","contentUrl":"https:\/\/secure.gravatar.com\/avatar\/4499f551e6a9b8c28bd3132f28d79657b2cb55ff363257726f67e89c95e2a33c?s=96&d=mm&r=g","caption":"ncochin"}}]}},"_links":{"self":[{"href":"https:\/\/www.iemj.org\/it\/wp-json\/wp\/v2\/posts\/83692","targetHints":{"allow":["GET"]}}],"collection":[{"href":"https:\/\/www.iemj.org\/it\/wp-json\/wp\/v2\/posts"}],"about":[{"href":"https:\/\/www.iemj.org\/it\/wp-json\/wp\/v2\/types\/post"}],"author":[{"embeddable":true,"href":"https:\/\/www.iemj.org\/it\/wp-json\/wp\/v2\/users\/1050"}],"replies":[{"embeddable":true,"href":"https:\/\/www.iemj.org\/it\/wp-json\/wp\/v2\/comments?post=83692"}],"version-history":[{"count":0,"href":"https:\/\/www.iemj.org\/it\/wp-json\/wp\/v2\/posts\/83692\/revisions"}],"wp:featuredmedia":[{"embeddable":true,"href":"https:\/\/www.iemj.org\/it\/wp-json\/wp\/v2\/media\/83694"}],"wp:attachment":[{"href":"https:\/\/www.iemj.org\/it\/wp-json\/wp\/v2\/media?parent=83692"}],"wp:term":[{"taxonomy":"category","embeddable":true,"href":"https:\/\/www.iemj.org\/it\/wp-json\/wp\/v2\/categories?post=83692"},{"taxonomy":"post_tag","embeddable":true,"href":"https:\/\/www.iemj.org\/it\/wp-json\/wp\/v2\/tags?post=83692"},{"taxonomy":"technique","embeddable":true,"href":"https:\/\/www.iemj.org\/it\/wp-json\/wp\/v2\/technique?post=83692"},{"taxonomy":"squelettes","embeddable":true,"href":"https:\/\/www.iemj.org\/it\/wp-json\/wp\/v2\/squelettes?post=83692"},{"taxonomy":"sujet","embeddable":true,"href":"https:\/\/www.iemj.org\/it\/wp-json\/wp\/v2\/sujet?post=83692"},{"taxonomy":"formation","embeddable":true,"href":"https:\/\/www.iemj.org\/it\/wp-json\/wp\/v2\/formation?post=83692"},{"taxonomy":"genre","embeddable":true,"href":"https:\/\/www.iemj.org\/it\/wp-json\/wp\/v2\/genre?post=83692"},{"taxonomy":"fonds","embeddable":true,"href":"https:\/\/www.iemj.org\/it\/wp-json\/wp\/v2\/fonds?post=83692"},{"taxonomy":"tradition","embeddable":true,"href":"https:\/\/www.iemj.org\/it\/wp-json\/wp\/v2\/tradition?post=83692"},{"taxonomy":"type-de-contenu","embeddable":true,"href":"https:\/\/www.iemj.org\/it\/wp-json\/wp\/v2\/type-de-contenu?post=83692"},{"taxonomy":"interprete-compositeur","embeddable":true,"href":"https:\/\/www.iemj.org\/it\/wp-json\/wp\/v2\/interprete-compositeur?post=83692"},{"taxonomy":"frise","embeddable":true,"href":"https:\/\/www.iemj.org\/it\/wp-json\/wp\/v2\/frise?post=83692"},{"taxonomy":"type-devenement","embeddable":true,"href":"https:\/\/www.iemj.org\/it\/wp-json\/wp\/v2\/type-devenement?post=83692"},{"taxonomy":"tableaux-liens-externes","embeddable":true,"href":"https:\/\/www.iemj.org\/it\/wp-json\/wp\/v2\/tableaux-liens-externes?post=83692"}],"curies":[{"name":"wp","href":"https:\/\/api.w.org\/{rel}","templated":true}]}}