{"id":84151,"date":"2022-05-11T12:18:20","date_gmt":"2022-05-11T10:18:20","guid":{"rendered":"https:\/\/www.iemj.org\/arnold-jacques-1946\/"},"modified":"2024-10-14T13:02:19","modified_gmt":"2024-10-14T11:02:19","slug":"arnold-jacques-1946","status":"publish","type":"post","link":"https:\/\/www.iemj.org\/it\/arnold-jacques-1946\/","title":{"rendered":"Arnold, Jacques (1946)"},"content":{"rendered":"<p>Jacques Arnold nasce il 29 dicembre 1946 nel 10\u00b0 arrondissement di Parigi, in una famiglia tradizionalista legata alla cultura ebraica. Frequenta la scuola elementare del suo quartiere e poi la scuola Yavn\u00e9 fino al conseguimento del diploma di maturit\u00e0. Questa scuola ebraica essendo situata all&#8217;epoca presso il Seminario israelita di Francia, nel 1963 entra a far parte della sezione di Liturgia-Pedagogia del Seminario in cui segue il corso di formazione d\u2019officiante diretto da L\u00e9on Algazi, con l&#8217;assistenza di Alberto Hemsi, Roland Moss\u00e9, Adolphe Attia, Shalom Berlinski\u2026 Durante questi anni di apprendistato assume la funzione di cantore (hazzan) e d\u2019 insegnante in diverse comunit\u00e0 ebraiche (La Varenne, Bayonne, Sinagoga de la Victoire a Parigi\u2026).<\/p>\n<p><img decoding=\"async\" class=\" wp-image-83854 alignright\" src=\"https:\/\/www.iemj.org\/wp-content\/uploads\/2022\/05\/photo-J.-Arnold_redim-175x300.jpg\" alt=\"\" width=\"139\" height=\"238\" srcset=\"https:\/\/www.iemj.org\/wp-content\/uploads\/2022\/05\/photo-J.-Arnold_redim-175x300.jpg 175w, https:\/\/www.iemj.org\/wp-content\/uploads\/2022\/05\/photo-J.-Arnold_redim.jpg 292w\" sizes=\"(max-width: 139px) 100vw, 139px\" \/><\/p>\n<p>Dal 1968 al 1971, Jacques Arnold effettua un soggiorno di studio e di scoperta d\u2019Israele per rafforzare le sue conoscenze nell&#8217;ebraismo. Instancabile lavoratore, nel 1991 consegue la licenza in ebraico moderno presso l\u2019INALCO (Langues O).<\/p>\n<p>Dal novembre 1971 assume la funzione di leader religioso nella casa di riposo della Fondazione Rothschild \u2013 rue de Picpus nel 12\u00b0 arrondissement di Parigi. Il suo compito, che svolger\u00e0 fedelmente per 36 anni, \u00e8 quello di dirigere le funzioni della sinagoga dell&#8217;Istituto, di organizzare la vita ebraica e la celebrazione delle feste per i residenti e di garantire la formazione del personale et l\u2019accoglienza dei fedeli del quartiere.<\/p>\n<p>Contemporaneamente, dal 1987 al 2008, insegna le materie ebraiche (ebraico, liturgia, ecc.) nelle scuole medie e superiori presso la scuola Yavn\u00e9. Questo coinvolgimento totale, in particolare nel campo dell&#8217;istruzione, gli vale il titolo di rabbino onorario nel dicembre 2009 da parte del Gran Rabbino Gilles Bernheim.<\/p>\n<figure id=\"attachment_84096\" aria-describedby=\"caption-attachment-84096\" style=\"width: 488px\" class=\"wp-caption aligncenter\"><img fetchpriority=\"high\" decoding=\"async\" class=\"wp-image-84096\" src=\"https:\/\/www.iemj.org\/wp-content\/uploads\/2022\/05\/2009-Nomination-par-le-Grand-Rabbin-G.-Bernheim-300x225.jpg\" alt=\"\" width=\"488\" height=\"366\" srcset=\"https:\/\/www.iemj.org\/wp-content\/uploads\/2022\/05\/2009-Nomination-par-le-Grand-Rabbin-G.-Bernheim-300x225.jpg 300w, https:\/\/www.iemj.org\/wp-content\/uploads\/2022\/05\/2009-Nomination-par-le-Grand-Rabbin-G.-Bernheim.jpg 500w\" sizes=\"(max-width: 488px) 100vw, 488px\" \/><figcaption id=\"caption-attachment-84096\" class=\"wp-caption-text\"><strong>2009 &#8211; Nominato dal rabbino capo G. Bernheim<\/strong><\/figcaption><\/figure>\n<p>Dal 2009, data del suo pensionamento, Jacques e sua moglie Isabelle effettuano frequenti viaggi tra Gerusalemme e Parigi per stare con i loro quattro figli, nipoti e pronipoti, parigini e israeliani.<\/p>\n<p>Il fatto di avere del tempo libero permette a Jacques Arnold di entrare a far parte del team di volontari dell&#8217;Istituto Europeo di Musiche Ebraiche per dedicarsi, tra l&#8217;altro, alla classificazione ed identificazione dei numerosi documenti sonori digitalizzati relativi alla liturgia e alle tradizioni musicali ebraiche. Collabora anche con Herv\u00e9 Roten a diversi programmi radiofonici di musica ebraica su Juda\u00efques FM e fa anche parte del Coro ebraico di Francia.<\/p>\n<p>Infine, realizza delle magnifiche vetrate per le due grandi finestre della Sinagoga della Fondazione Rothschild. Prendendo ispirazione da temi della tradizione ebraica ed da elementi della Bibbia, progetta ed esegue i disegni preparatori con l&#8217;obiettivo di creare una composizione armoniosa. Poi realizza i modelli che permettono a Sylvie Fagot, maestra vetraia, di eseguire l&#8217;opera a regola d\u2019arte. Queste vetrate, che presentano delle iscrizioni ebraiche che accompagnano dei motivi, apportano una nota colorata e contribuiscono alla serenit\u00e0 di questo luogo di preghiera rinnovato.<\/p>\n\n\n<figure class=\"wp-block-gallery has-nested-images columns-default is-cropped wp-block-gallery-1 is-layout-flex wp-block-gallery-is-layout-flex\">\n<figure class=\"wp-block-image size-full\"><img decoding=\"async\" width=\"375\" height=\"500\" data-id=\"84007\" src=\"https:\/\/www.iemj.org\/wp-content\/uploads\/2022\/05\/1953_Redim_Fete-de-Hanouka-Synagogue-de-la-rue-Doudeauville-Paris-XVIIIeme-recitation-des-prieres-avec-Mr-Pinkas-Guiguel-hazan-de-la-com.jpg\" alt=\"\" class=\"wp-image-84007\" srcset=\"https:\/\/www.iemj.org\/wp-content\/uploads\/2022\/05\/1953_Redim_Fete-de-Hanouka-Synagogue-de-la-rue-Doudeauville-Paris-XVIIIeme-recitation-des-prieres-avec-Mr-Pinkas-Guiguel-hazan-de-la-com.jpg 375w, https:\/\/www.iemj.org\/wp-content\/uploads\/2022\/05\/1953_Redim_Fete-de-Hanouka-Synagogue-de-la-rue-Doudeauville-Paris-XVIIIeme-recitation-des-prieres-avec-Mr-Pinkas-Guiguel-hazan-de-la-com-225x300.jpg 225w\" sizes=\"(max-width: 375px) 100vw, 375px\" \/><figcaption class=\"wp-element-caption\"><strong>Foto 1<\/strong><\/figcaption><\/figure>\n\n\n\n<figure class=\"wp-block-image size-large is-style-default\"><img loading=\"lazy\" decoding=\"async\" width=\"724\" height=\"1024\" data-id=\"84091\" src=\"https:\/\/www.iemj.org\/wp-content\/uploads\/2022\/05\/1960-Kiddouch-de-la-Bar-Mitsvah-de-J.-Arnold-a-la-droite-dEmile-Kacman-ministre-officiant2-724x1024.jpg\" alt=\"\" class=\"wp-image-84091\" srcset=\"https:\/\/www.iemj.org\/wp-content\/uploads\/2022\/05\/1960-Kiddouch-de-la-Bar-Mitsvah-de-J.-Arnold-a-la-droite-dEmile-Kacman-ministre-officiant2-724x1024.jpg 724w, https:\/\/www.iemj.org\/wp-content\/uploads\/2022\/05\/1960-Kiddouch-de-la-Bar-Mitsvah-de-J.-Arnold-a-la-droite-dEmile-Kacman-ministre-officiant2-212x300.jpg 212w, https:\/\/www.iemj.org\/wp-content\/uploads\/2022\/05\/1960-Kiddouch-de-la-Bar-Mitsvah-de-J.-Arnold-a-la-droite-dEmile-Kacman-ministre-officiant2-768x1086.jpg 768w, https:\/\/www.iemj.org\/wp-content\/uploads\/2022\/05\/1960-Kiddouch-de-la-Bar-Mitsvah-de-J.-Arnold-a-la-droite-dEmile-Kacman-ministre-officiant2-1086x1536.jpg 1086w, https:\/\/www.iemj.org\/wp-content\/uploads\/2022\/05\/1960-Kiddouch-de-la-Bar-Mitsvah-de-J.-Arnold-a-la-droite-dEmile-Kacman-ministre-officiant2-600x849.jpg 600w, https:\/\/www.iemj.org\/wp-content\/uploads\/2022\/05\/1960-Kiddouch-de-la-Bar-Mitsvah-de-J.-Arnold-a-la-droite-dEmile-Kacman-ministre-officiant2.jpg 1240w\" sizes=\"(max-width: 724px) 100vw, 724px\" \/><figcaption class=\"wp-element-caption\"><strong>Foto 2<\/strong><\/figcaption><\/figure>\n\n\n\n<figure class=\"wp-block-image size-large\"><img loading=\"lazy\" decoding=\"async\" width=\"500\" height=\"375\" data-id=\"84023\" src=\"https:\/\/www.iemj.org\/wp-content\/uploads\/2022\/05\/1964.Voir-legende-1182.jpg\" alt=\"\" class=\"wp-image-84023\" srcset=\"https:\/\/www.iemj.org\/wp-content\/uploads\/2022\/05\/1964.Voir-legende-1182.jpg 500w, https:\/\/www.iemj.org\/wp-content\/uploads\/2022\/05\/1964.Voir-legende-1182-300x225.jpg 300w\" sizes=\"(max-width: 500px) 100vw, 500px\" \/><figcaption class=\"wp-element-caption\"><strong>Foto 3<\/strong><\/figcaption><\/figure>\n\n\n\n<figure class=\"wp-block-image size-large\"><img loading=\"lazy\" decoding=\"async\" width=\"375\" height=\"500\" data-id=\"84028\" src=\"https:\/\/www.iemj.org\/wp-content\/uploads\/2022\/05\/1965_Redim_Synagogue-Buffault-assistant-Mr-R.-Mosse-lors-dun-mariage.jpg\" alt=\"\" class=\"wp-image-84028\" srcset=\"https:\/\/www.iemj.org\/wp-content\/uploads\/2022\/05\/1965_Redim_Synagogue-Buffault-assistant-Mr-R.-Mosse-lors-dun-mariage.jpg 375w, https:\/\/www.iemj.org\/wp-content\/uploads\/2022\/05\/1965_Redim_Synagogue-Buffault-assistant-Mr-R.-Mosse-lors-dun-mariage-225x300.jpg 225w\" sizes=\"(max-width: 375px) 100vw, 375px\" \/><figcaption class=\"wp-element-caption\"><strong>Foto 4<\/strong><\/figcaption><\/figure>\n\n\n\n<figure class=\"wp-block-image size-large\"><img loading=\"lazy\" decoding=\"async\" width=\"367\" height=\"500\" data-id=\"84012\" src=\"https:\/\/www.iemj.org\/wp-content\/uploads\/2022\/05\/Redim_Benediction-lors-dune-celebration-de-mariage.jpg\" alt=\"\" class=\"wp-image-84012\" srcset=\"https:\/\/www.iemj.org\/wp-content\/uploads\/2022\/05\/Redim_Benediction-lors-dune-celebration-de-mariage.jpg 367w, https:\/\/www.iemj.org\/wp-content\/uploads\/2022\/05\/Redim_Benediction-lors-dune-celebration-de-mariage-220x300.jpg 220w\" sizes=\"(max-width: 367px) 100vw, 367px\" \/><figcaption class=\"wp-element-caption\"><strong>Foto 5<\/strong><\/figcaption><\/figure>\n\n\n\n<figure class=\"wp-block-image size-large\"><img loading=\"lazy\" decoding=\"async\" width=\"500\" height=\"497\" data-id=\"84018\" src=\"https:\/\/www.iemj.org\/wp-content\/uploads\/2022\/05\/Vitraux-de-Jacques-Arnold.jpeg\" alt=\"\" class=\"wp-image-84018\" srcset=\"https:\/\/www.iemj.org\/wp-content\/uploads\/2022\/05\/Vitraux-de-Jacques-Arnold.jpeg 500w, https:\/\/www.iemj.org\/wp-content\/uploads\/2022\/05\/Vitraux-de-Jacques-Arnold-300x298.jpeg 300w, https:\/\/www.iemj.org\/wp-content\/uploads\/2022\/05\/Vitraux-de-Jacques-Arnold-150x150.jpeg 150w, https:\/\/www.iemj.org\/wp-content\/uploads\/2022\/05\/Vitraux-de-Jacques-Arnold-100x100.jpeg 100w\" sizes=\"(max-width: 500px) 100vw, 500px\" \/><figcaption class=\"wp-element-caption\"><strong>Foto 6<\/strong><\/figcaption><\/figure>\n<figcaption class=\"blocks-gallery-caption wp-element-caption\"><strong>Foto 1<\/strong> : 1953 &#8211; Hanukkah &#8211; Sinagoga di rue Doudeauville (Parigi XVIII) recita delle preghiere con Pinkas Chiguel, hazzan della comunit\u00e0 chiamata oggi K\u00e9douchat Levi &#8211; <strong>Foto 2 <\/strong>: 1960 &#8211; Kiddush delle Bar Mitzvah di J. Arnold (a sinistra nella foto) con il ministro officiante Emile Ka\u00e7man &#8211; <strong>Foto 3<\/strong> : 1964 &#8211; Coro degli studenti del seminario della rue Vauquelin &#8211; <strong>Foto 4<\/strong> : 1965 &#8211; Sinagoga di Buffault &#8211; Assistendo R. Moss\u00e9 durante un matrimonio &#8211; <strong>Foto 5<\/strong> : Benedizione di un matrimonio &#8211; <strong>Foto 6<\/strong> : Vetrate di Jacques Arnold<\/figcaption><\/figure>\n\n\n<\/p>\n<ul>\n<li><a href=\"https:\/\/www.iemj.org\/?s=Jacques+Arnold&amp;search_type=main&amp;submit=Search\" target=\"_blank\" rel=\"noopener\">Saperne di pi\u00f9 su Jacques Arnold e ascoltare i suoi programmi radiofonici sul sito web dell&#8217;EIJM <\/a><\/li>\n<li><a href=\"https:\/\/www.iemj.org\/le-hazzan-vecteur-du-chant-synagogal-jacques-arnold\/\" target=\"_blank\" rel=\"noopener\">Ascoltare la conferenza di Jacques Arnold sul ruolo dell&#8217;hazzan nel culto sinagogale <\/a><\/li>\n<li><a href=\"https:\/\/www.iemj.org\/fonds-jacques-arnold\/\" target=\"_blank\" rel=\"noopener\">Consultare la collezione d&#8217;archivio (registrazioni audio, spartiti, ecc.) depositata da Jacques Arnold presso l&#8217;IEMJ<\/a><\/li>\n<li><a href=\"https:\/\/www.iemj.org\/it\/jacques-arnold-une-vie-au-service-de-la-hazzanout\/\" target=\"_blank\" rel=\"noopener\">Guardare il video <em>Jacques Arnold, Una vita al servizio della Hazzanut<\/em><\/a><\/li>\n<\/ul>\n\n\n<div data-wp-interactive=\"core\/file\" class=\"wp-block-file\"><object data-wp-bind--hidden=\"!state.hasPdfPreview\" hidden class=\"wp-block-file__embed\" data=\"https:\/\/www.iemj.org\/wp-content\/uploads\/2022\/05\/Article-sur-Jacques-Arnold-Vox-Aurea-Via-Sacra-Sept.-2014.pdf\" type=\"application\/pdf\" style=\"width:100%;height:600px\" aria-label=\"Incorporamento di Articolo su Jacques Arnold, Vox Aurea-Via Sacra, Sett.2014.\"><\/object><a id=\"wp-block-file--media-f6b5c66b-df25-4237-8a96-719492aa81b0\" href=\"https:\/\/www.iemj.org\/wp-content\/uploads\/2022\/05\/Article-sur-Jacques-Arnold-Vox-Aurea-Via-Sacra-Sept.-2014.pdf\">Articolo su Jacques Arnold, Vox Aurea-Via Sacra, Sett.2014<\/a><a href=\"https:\/\/www.iemj.org\/wp-content\/uploads\/2022\/05\/Article-sur-Jacques-Arnold-Vox-Aurea-Via-Sacra-Sept.-2014.pdf\" class=\"wp-block-file__button wp-element-button\" download aria-describedby=\"wp-block-file--media-f6b5c66b-df25-4237-8a96-719492aa81b0\">scaricare il PDF<\/a><\/div>\n","protected":false},"excerpt":{"rendered":"<p>Jacques Arnold nasce il 29 dicembre 1946 nel 10\u00b0 arrondissement di Parigi, in una famiglia tradizionalista legata alla cultura ebraica. Frequenta la scuola elementare del suo quartiere e poi la<\/p>\n","protected":false},"author":5,"featured_media":83848,"comment_status":"closed","ping_status":"closed","sticky":false,"template":"","format":"standard","meta":{"_acf_changed":false,"footnotes":""},"categories":[1416],"tags":[],"technique":[],"squelettes":[],"sujet":[],"formation":[],"genre":[],"fonds":[],"tradition":[],"type-de-contenu":[],"interprete-compositeur":[],"frise":[],"type-devenement":[],"tableaux-liens-externes":[],"class_list":["post-84151","post","type-post","status-publish","format-standard","has-post-thumbnail","hentry","category-biografie-it"],"acf":[],"yoast_head":"<!-- This site is optimized with the Yoast SEO plugin v27.3 - https:\/\/yoast.com\/product\/yoast-seo-wordpress\/ -->\n<title>Arnold, Jacques (1946) - Institut Europ\u00e9en des Musiques Juives<\/title>\n<meta name=\"robots\" content=\"index, follow, max-snippet:-1, max-image-preview:large, max-video-preview:-1\" \/>\n<link rel=\"canonical\" href=\"https:\/\/www.iemj.org\/it\/arnold-jacques-1946\/\" \/>\n<meta property=\"og:locale\" content=\"it_IT\" \/>\n<meta property=\"og:type\" content=\"article\" \/>\n<meta property=\"og:title\" content=\"Arnold, Jacques (1946) - Institut Europ\u00e9en des Musiques Juives\" \/>\n<meta property=\"og:description\" content=\"Jacques Arnold nasce il 29 dicembre 1946 nel 10\u00b0 arrondissement di Parigi, in una famiglia tradizionalista legata alla cultura ebraica. Frequenta la scuola elementare del suo quartiere e poi la\" \/>\n<meta property=\"og:url\" content=\"https:\/\/www.iemj.org\/it\/arnold-jacques-1946\/\" \/>\n<meta property=\"og:site_name\" content=\"Institut Europ\u00e9en des Musiques Juives\" \/>\n<meta property=\"article:publisher\" content=\"https:\/\/www.facebook.com\/MusiquesJuives\/\" \/>\n<meta property=\"article:published_time\" content=\"2022-05-11T10:18:20+00:00\" \/>\n<meta property=\"article:modified_time\" content=\"2024-10-14T11:02:19+00:00\" \/>\n<meta property=\"og:image\" content=\"https:\/\/www.iemj.org\/wp-content\/uploads\/2022\/05\/Logo-Bio-Jacques-Arnold.jpg\" \/>\n\t<meta property=\"og:image:width\" content=\"174\" \/>\n\t<meta property=\"og:image:height\" content=\"218\" \/>\n\t<meta property=\"og:image:type\" content=\"image\/jpeg\" \/>\n<meta name=\"author\" content=\"Jacqueline ROTEN\" \/>\n<meta name=\"twitter:card\" content=\"summary_large_image\" \/>\n<meta name=\"twitter:label1\" content=\"Scritto da\" \/>\n\t<meta name=\"twitter:data1\" content=\"Jacqueline ROTEN\" \/>\n\t<meta name=\"twitter:label2\" content=\"Tempo di lettura stimato\" \/>\n\t<meta name=\"twitter:data2\" content=\"5 minuti\" \/>\n<script type=\"application\/ld+json\" class=\"yoast-schema-graph\">{\"@context\":\"https:\\\/\\\/schema.org\",\"@graph\":[{\"@type\":\"Article\",\"@id\":\"https:\\\/\\\/www.iemj.org\\\/it\\\/arnold-jacques-1946\\\/#article\",\"isPartOf\":{\"@id\":\"https:\\\/\\\/www.iemj.org\\\/it\\\/arnold-jacques-1946\\\/\"},\"author\":{\"name\":\"Jacqueline ROTEN\",\"@id\":\"https:\\\/\\\/www.iemj.org\\\/it\\\/#\\\/schema\\\/person\\\/358e26c18aca017fcc4cc15437f7279c\"},\"headline\":\"Arnold, Jacques (1946)\",\"datePublished\":\"2022-05-11T10:18:20+00:00\",\"dateModified\":\"2024-10-14T11:02:19+00:00\",\"mainEntityOfPage\":{\"@id\":\"https:\\\/\\\/www.iemj.org\\\/it\\\/arnold-jacques-1946\\\/\"},\"wordCount\":617,\"publisher\":{\"@id\":\"https:\\\/\\\/www.iemj.org\\\/it\\\/#organization\"},\"image\":{\"@id\":\"https:\\\/\\\/www.iemj.org\\\/it\\\/arnold-jacques-1946\\\/#primaryimage\"},\"thumbnailUrl\":\"https:\\\/\\\/www.iemj.org\\\/wp-content\\\/uploads\\\/2022\\\/05\\\/Logo-Bio-Jacques-Arnold.jpg\",\"articleSection\":[\"Biografie\"],\"inLanguage\":\"it-IT\"},{\"@type\":\"WebPage\",\"@id\":\"https:\\\/\\\/www.iemj.org\\\/it\\\/arnold-jacques-1946\\\/\",\"url\":\"https:\\\/\\\/www.iemj.org\\\/it\\\/arnold-jacques-1946\\\/\",\"name\":\"Arnold, Jacques (1946) - Institut Europ\u00e9en des Musiques Juives\",\"isPartOf\":{\"@id\":\"https:\\\/\\\/www.iemj.org\\\/it\\\/#website\"},\"primaryImageOfPage\":{\"@id\":\"https:\\\/\\\/www.iemj.org\\\/it\\\/arnold-jacques-1946\\\/#primaryimage\"},\"image\":{\"@id\":\"https:\\\/\\\/www.iemj.org\\\/it\\\/arnold-jacques-1946\\\/#primaryimage\"},\"thumbnailUrl\":\"https:\\\/\\\/www.iemj.org\\\/wp-content\\\/uploads\\\/2022\\\/05\\\/Logo-Bio-Jacques-Arnold.jpg\",\"datePublished\":\"2022-05-11T10:18:20+00:00\",\"dateModified\":\"2024-10-14T11:02:19+00:00\",\"breadcrumb\":{\"@id\":\"https:\\\/\\\/www.iemj.org\\\/it\\\/arnold-jacques-1946\\\/#breadcrumb\"},\"inLanguage\":\"it-IT\",\"potentialAction\":[{\"@type\":\"ReadAction\",\"target\":[\"https:\\\/\\\/www.iemj.org\\\/it\\\/arnold-jacques-1946\\\/\"]}]},{\"@type\":\"ImageObject\",\"inLanguage\":\"it-IT\",\"@id\":\"https:\\\/\\\/www.iemj.org\\\/it\\\/arnold-jacques-1946\\\/#primaryimage\",\"url\":\"https:\\\/\\\/www.iemj.org\\\/wp-content\\\/uploads\\\/2022\\\/05\\\/Logo-Bio-Jacques-Arnold.jpg\",\"contentUrl\":\"https:\\\/\\\/www.iemj.org\\\/wp-content\\\/uploads\\\/2022\\\/05\\\/Logo-Bio-Jacques-Arnold.jpg\",\"width\":174,\"height\":218},{\"@type\":\"BreadcrumbList\",\"@id\":\"https:\\\/\\\/www.iemj.org\\\/it\\\/arnold-jacques-1946\\\/#breadcrumb\",\"itemListElement\":[{\"@type\":\"ListItem\",\"position\":1,\"name\":\"Accueil\",\"item\":\"https:\\\/\\\/www.iemj.org\\\/it\\\/\"},{\"@type\":\"ListItem\",\"position\":2,\"name\":\"Arnold, Jacques (1946)\"}]},{\"@type\":\"WebSite\",\"@id\":\"https:\\\/\\\/www.iemj.org\\\/it\\\/#website\",\"url\":\"https:\\\/\\\/www.iemj.org\\\/it\\\/\",\"name\":\"Institut Europ\u00e9en des Musiques Juives\",\"description\":\"Des traditions musicales \u00e0 la port\u00e9e de tous\",\"publisher\":{\"@id\":\"https:\\\/\\\/www.iemj.org\\\/it\\\/#organization\"},\"potentialAction\":[{\"@type\":\"SearchAction\",\"target\":{\"@type\":\"EntryPoint\",\"urlTemplate\":\"https:\\\/\\\/www.iemj.org\\\/it\\\/?s={search_term_string}\"},\"query-input\":{\"@type\":\"PropertyValueSpecification\",\"valueRequired\":true,\"valueName\":\"search_term_string\"}}],\"inLanguage\":\"it-IT\"},{\"@type\":\"Organization\",\"@id\":\"https:\\\/\\\/www.iemj.org\\\/it\\\/#organization\",\"name\":\"Institut Europ\u00e9en des Musiques Juives\",\"url\":\"https:\\\/\\\/www.iemj.org\\\/it\\\/\",\"logo\":{\"@type\":\"ImageObject\",\"inLanguage\":\"it-IT\",\"@id\":\"https:\\\/\\\/www.iemj.org\\\/it\\\/#\\\/schema\\\/logo\\\/image\\\/\",\"url\":\"https:\\\/\\\/www.iemj.org\\\/wp-content\\\/uploads\\\/2021\\\/09\\\/Logo-IEMJ-Paypal.jpg\",\"contentUrl\":\"https:\\\/\\\/www.iemj.org\\\/wp-content\\\/uploads\\\/2021\\\/09\\\/Logo-IEMJ-Paypal.jpg\",\"width\":150,\"height\":50,\"caption\":\"Institut Europ\u00e9en des Musiques Juives\"},\"image\":{\"@id\":\"https:\\\/\\\/www.iemj.org\\\/it\\\/#\\\/schema\\\/logo\\\/image\\\/\"},\"sameAs\":[\"https:\\\/\\\/www.facebook.com\\\/MusiquesJuives\\\/\",\"https:\\\/\\\/www.instagram.com\\\/musiquesjuives\\\/\",\"https:\\\/\\\/www.youtube.com\\\/user\\\/musiquesjuives\"]},{\"@type\":\"Person\",\"@id\":\"https:\\\/\\\/www.iemj.org\\\/it\\\/#\\\/schema\\\/person\\\/358e26c18aca017fcc4cc15437f7279c\",\"name\":\"Jacqueline ROTEN\",\"image\":{\"@type\":\"ImageObject\",\"inLanguage\":\"it-IT\",\"@id\":\"https:\\\/\\\/secure.gravatar.com\\\/avatar\\\/5964256d6c6957de3a3505278957e0fb2a35119ac47ea41827a65301213c810b?s=96&d=mm&r=g\",\"url\":\"https:\\\/\\\/secure.gravatar.com\\\/avatar\\\/5964256d6c6957de3a3505278957e0fb2a35119ac47ea41827a65301213c810b?s=96&d=mm&r=g\",\"contentUrl\":\"https:\\\/\\\/secure.gravatar.com\\\/avatar\\\/5964256d6c6957de3a3505278957e0fb2a35119ac47ea41827a65301213c810b?s=96&d=mm&r=g\",\"caption\":\"Jacqueline ROTEN\"}}]}<\/script>\n<!-- \/ Yoast SEO plugin. -->","yoast_head_json":{"title":"Arnold, Jacques (1946) - Institut Europ\u00e9en des Musiques Juives","robots":{"index":"index","follow":"follow","max-snippet":"max-snippet:-1","max-image-preview":"max-image-preview:large","max-video-preview":"max-video-preview:-1"},"canonical":"https:\/\/www.iemj.org\/it\/arnold-jacques-1946\/","og_locale":"it_IT","og_type":"article","og_title":"Arnold, Jacques (1946) - Institut Europ\u00e9en des Musiques Juives","og_description":"Jacques Arnold nasce il 29 dicembre 1946 nel 10\u00b0 arrondissement di Parigi, in una famiglia tradizionalista legata alla cultura ebraica. Frequenta la scuola elementare del suo quartiere e poi la","og_url":"https:\/\/www.iemj.org\/it\/arnold-jacques-1946\/","og_site_name":"Institut Europ\u00e9en des Musiques Juives","article_publisher":"https:\/\/www.facebook.com\/MusiquesJuives\/","article_published_time":"2022-05-11T10:18:20+00:00","article_modified_time":"2024-10-14T11:02:19+00:00","og_image":[{"width":174,"height":218,"url":"https:\/\/www.iemj.org\/wp-content\/uploads\/2022\/05\/Logo-Bio-Jacques-Arnold.jpg","type":"image\/jpeg"}],"author":"Jacqueline ROTEN","twitter_card":"summary_large_image","twitter_misc":{"Scritto da":"Jacqueline ROTEN","Tempo di lettura stimato":"5 minuti"},"schema":{"@context":"https:\/\/schema.org","@graph":[{"@type":"Article","@id":"https:\/\/www.iemj.org\/it\/arnold-jacques-1946\/#article","isPartOf":{"@id":"https:\/\/www.iemj.org\/it\/arnold-jacques-1946\/"},"author":{"name":"Jacqueline ROTEN","@id":"https:\/\/www.iemj.org\/it\/#\/schema\/person\/358e26c18aca017fcc4cc15437f7279c"},"headline":"Arnold, Jacques (1946)","datePublished":"2022-05-11T10:18:20+00:00","dateModified":"2024-10-14T11:02:19+00:00","mainEntityOfPage":{"@id":"https:\/\/www.iemj.org\/it\/arnold-jacques-1946\/"},"wordCount":617,"publisher":{"@id":"https:\/\/www.iemj.org\/it\/#organization"},"image":{"@id":"https:\/\/www.iemj.org\/it\/arnold-jacques-1946\/#primaryimage"},"thumbnailUrl":"https:\/\/www.iemj.org\/wp-content\/uploads\/2022\/05\/Logo-Bio-Jacques-Arnold.jpg","articleSection":["Biografie"],"inLanguage":"it-IT"},{"@type":"WebPage","@id":"https:\/\/www.iemj.org\/it\/arnold-jacques-1946\/","url":"https:\/\/www.iemj.org\/it\/arnold-jacques-1946\/","name":"Arnold, Jacques (1946) - Institut Europ\u00e9en des Musiques Juives","isPartOf":{"@id":"https:\/\/www.iemj.org\/it\/#website"},"primaryImageOfPage":{"@id":"https:\/\/www.iemj.org\/it\/arnold-jacques-1946\/#primaryimage"},"image":{"@id":"https:\/\/www.iemj.org\/it\/arnold-jacques-1946\/#primaryimage"},"thumbnailUrl":"https:\/\/www.iemj.org\/wp-content\/uploads\/2022\/05\/Logo-Bio-Jacques-Arnold.jpg","datePublished":"2022-05-11T10:18:20+00:00","dateModified":"2024-10-14T11:02:19+00:00","breadcrumb":{"@id":"https:\/\/www.iemj.org\/it\/arnold-jacques-1946\/#breadcrumb"},"inLanguage":"it-IT","potentialAction":[{"@type":"ReadAction","target":["https:\/\/www.iemj.org\/it\/arnold-jacques-1946\/"]}]},{"@type":"ImageObject","inLanguage":"it-IT","@id":"https:\/\/www.iemj.org\/it\/arnold-jacques-1946\/#primaryimage","url":"https:\/\/www.iemj.org\/wp-content\/uploads\/2022\/05\/Logo-Bio-Jacques-Arnold.jpg","contentUrl":"https:\/\/www.iemj.org\/wp-content\/uploads\/2022\/05\/Logo-Bio-Jacques-Arnold.jpg","width":174,"height":218},{"@type":"BreadcrumbList","@id":"https:\/\/www.iemj.org\/it\/arnold-jacques-1946\/#breadcrumb","itemListElement":[{"@type":"ListItem","position":1,"name":"Accueil","item":"https:\/\/www.iemj.org\/it\/"},{"@type":"ListItem","position":2,"name":"Arnold, Jacques (1946)"}]},{"@type":"WebSite","@id":"https:\/\/www.iemj.org\/it\/#website","url":"https:\/\/www.iemj.org\/it\/","name":"Institut Europ\u00e9en des Musiques Juives","description":"Des traditions musicales \u00e0 la port\u00e9e de tous","publisher":{"@id":"https:\/\/www.iemj.org\/it\/#organization"},"potentialAction":[{"@type":"SearchAction","target":{"@type":"EntryPoint","urlTemplate":"https:\/\/www.iemj.org\/it\/?s={search_term_string}"},"query-input":{"@type":"PropertyValueSpecification","valueRequired":true,"valueName":"search_term_string"}}],"inLanguage":"it-IT"},{"@type":"Organization","@id":"https:\/\/www.iemj.org\/it\/#organization","name":"Institut Europ\u00e9en des Musiques Juives","url":"https:\/\/www.iemj.org\/it\/","logo":{"@type":"ImageObject","inLanguage":"it-IT","@id":"https:\/\/www.iemj.org\/it\/#\/schema\/logo\/image\/","url":"https:\/\/www.iemj.org\/wp-content\/uploads\/2021\/09\/Logo-IEMJ-Paypal.jpg","contentUrl":"https:\/\/www.iemj.org\/wp-content\/uploads\/2021\/09\/Logo-IEMJ-Paypal.jpg","width":150,"height":50,"caption":"Institut Europ\u00e9en des Musiques Juives"},"image":{"@id":"https:\/\/www.iemj.org\/it\/#\/schema\/logo\/image\/"},"sameAs":["https:\/\/www.facebook.com\/MusiquesJuives\/","https:\/\/www.instagram.com\/musiquesjuives\/","https:\/\/www.youtube.com\/user\/musiquesjuives"]},{"@type":"Person","@id":"https:\/\/www.iemj.org\/it\/#\/schema\/person\/358e26c18aca017fcc4cc15437f7279c","name":"Jacqueline ROTEN","image":{"@type":"ImageObject","inLanguage":"it-IT","@id":"https:\/\/secure.gravatar.com\/avatar\/5964256d6c6957de3a3505278957e0fb2a35119ac47ea41827a65301213c810b?s=96&d=mm&r=g","url":"https:\/\/secure.gravatar.com\/avatar\/5964256d6c6957de3a3505278957e0fb2a35119ac47ea41827a65301213c810b?s=96&d=mm&r=g","contentUrl":"https:\/\/secure.gravatar.com\/avatar\/5964256d6c6957de3a3505278957e0fb2a35119ac47ea41827a65301213c810b?s=96&d=mm&r=g","caption":"Jacqueline ROTEN"}}]}},"_links":{"self":[{"href":"https:\/\/www.iemj.org\/it\/wp-json\/wp\/v2\/posts\/84151","targetHints":{"allow":["GET"]}}],"collection":[{"href":"https:\/\/www.iemj.org\/it\/wp-json\/wp\/v2\/posts"}],"about":[{"href":"https:\/\/www.iemj.org\/it\/wp-json\/wp\/v2\/types\/post"}],"author":[{"embeddable":true,"href":"https:\/\/www.iemj.org\/it\/wp-json\/wp\/v2\/users\/5"}],"replies":[{"embeddable":true,"href":"https:\/\/www.iemj.org\/it\/wp-json\/wp\/v2\/comments?post=84151"}],"version-history":[{"count":0,"href":"https:\/\/www.iemj.org\/it\/wp-json\/wp\/v2\/posts\/84151\/revisions"}],"wp:featuredmedia":[{"embeddable":true,"href":"https:\/\/www.iemj.org\/it\/wp-json\/wp\/v2\/media\/83848"}],"wp:attachment":[{"href":"https:\/\/www.iemj.org\/it\/wp-json\/wp\/v2\/media?parent=84151"}],"wp:term":[{"taxonomy":"category","embeddable":true,"href":"https:\/\/www.iemj.org\/it\/wp-json\/wp\/v2\/categories?post=84151"},{"taxonomy":"post_tag","embeddable":true,"href":"https:\/\/www.iemj.org\/it\/wp-json\/wp\/v2\/tags?post=84151"},{"taxonomy":"technique","embeddable":true,"href":"https:\/\/www.iemj.org\/it\/wp-json\/wp\/v2\/technique?post=84151"},{"taxonomy":"squelettes","embeddable":true,"href":"https:\/\/www.iemj.org\/it\/wp-json\/wp\/v2\/squelettes?post=84151"},{"taxonomy":"sujet","embeddable":true,"href":"https:\/\/www.iemj.org\/it\/wp-json\/wp\/v2\/sujet?post=84151"},{"taxonomy":"formation","embeddable":true,"href":"https:\/\/www.iemj.org\/it\/wp-json\/wp\/v2\/formation?post=84151"},{"taxonomy":"genre","embeddable":true,"href":"https:\/\/www.iemj.org\/it\/wp-json\/wp\/v2\/genre?post=84151"},{"taxonomy":"fonds","embeddable":true,"href":"https:\/\/www.iemj.org\/it\/wp-json\/wp\/v2\/fonds?post=84151"},{"taxonomy":"tradition","embeddable":true,"href":"https:\/\/www.iemj.org\/it\/wp-json\/wp\/v2\/tradition?post=84151"},{"taxonomy":"type-de-contenu","embeddable":true,"href":"https:\/\/www.iemj.org\/it\/wp-json\/wp\/v2\/type-de-contenu?post=84151"},{"taxonomy":"interprete-compositeur","embeddable":true,"href":"https:\/\/www.iemj.org\/it\/wp-json\/wp\/v2\/interprete-compositeur?post=84151"},{"taxonomy":"frise","embeddable":true,"href":"https:\/\/www.iemj.org\/it\/wp-json\/wp\/v2\/frise?post=84151"},{"taxonomy":"type-devenement","embeddable":true,"href":"https:\/\/www.iemj.org\/it\/wp-json\/wp\/v2\/type-devenement?post=84151"},{"taxonomy":"tableaux-liens-externes","embeddable":true,"href":"https:\/\/www.iemj.org\/it\/wp-json\/wp\/v2\/tableaux-liens-externes?post=84151"}],"curies":[{"name":"wp","href":"https:\/\/api.w.org\/{rel}","templated":true}]}}