{"id":84464,"date":"2022-05-19T12:02:47","date_gmt":"2022-05-19T10:02:47","guid":{"rendered":"https:\/\/www.iemj.org\/meimoun-francois-1979\/"},"modified":"2022-05-23T11:54:57","modified_gmt":"2022-05-23T09:54:57","slug":"meimoun-francois-1979","status":"publish","type":"post","link":"https:\/\/www.iemj.org\/it\/meimoun-francois-1979\/","title":{"rendered":"Me\u00efmoun, Fran\u00e7ois (1979)"},"content":{"rendered":"<p>Nato nel 1979, Fran\u00e7ois Me\u00efmoun ha studiato al Conservatorio Nazionale Superiore di Musica e Danza di Parigi (CNSMDP) con Micha\u00ebl Levinas, all&#8217;Universit\u00e0 Sorbonne-Paris IV e all&#8217;Ecole des Hautes Etudes dove ha completato una tesi in musicologia su <em>La construction du langage di Pierre Boulez<\/em> (1942-1948) <em>(La costruzione del linguaggio)<\/em>. Dal 2017 insegna analisi musicale presso il CNSMDP ed \u00e8 anche direttore della collezione &#8220;Musiques XX-XXIe si\u00e8cles&#8221; presso Aedam Musicae.<\/p>\n<p>Premiato con diversi prestigiosi riconoscimenti per la composizione (Grand Prix de la musique symphonique, Premio Nadia e Lili Boulanger, Acad\u00e9mie des Beaux-Arts), Fran\u00e7ois Me\u00efmoun \u00e8 autore di una quarantina di opere strumentali e vocali, eseguite in particolare dal Quartetto Ardeo, dal Quartetto Arditti e dal Quartetto Tana, il Quartetto Arditti, il Quartetto Tana, il Quatuor Voce, le Percussions de Strasbourg, l&#8217;Orchestre Philharmonique de Radio France e da numerosi solisti, tra cui Alain Billard, \u00c9lise Chauvin, Marc Coppey, Christophe Desjardins, Chen Halevi, Garth Knox, Marie Kobayashi, Olivier Patey, H\u00e9l\u00e8ne Tysman, Marie Vermeulin, S\u00e9bastien Vichard e Vanessa Wagner. \u00c8 regolarmente programmato in numerosi festival come quelli di Aix-en-Provence, Chaillol, Musica Strasbourg, ManiFeste, Musiques sur Ciel, Les Musiques de Marseille, Les Musicales de Colmar, Zeitkunst a Berlino e Belo Horizonte in Brasile.<\/p>\n<p>Alcune delle sue opere sono collegate alla tradizione ebraica da cui proviene, come <em>Tsimtsum<\/em> per quintetto d&#8217;archi (2015), <em>Per\u00e8k chira<\/em> per quartetto d&#8217;archi con pianoforte (2015); <em>Hora<\/em> per due pianoforti (2017); <em>La danse de David<\/em> per violoncello (2019), <em>Terouah<\/em> <em>&#8211; Salmo 150<\/em> per organo (2022)&#8230; Il suo <strong><a href=\"https:\/\/www.iemj.org\/it\/francois-meimoun-kaddish-pour-mezzo-quatuor-a-cordes\/\" target=\"_blank\" rel=\"noopener\"><em>Kaddish<\/em> per mezzo e quartetto d&#8217;archi (2016)<\/a><\/strong> \u00e8 stato commissionato dalla sinagoga ULIF-Copernic (Parigi), che lo ha eseguito in prima mondiale il 13 novembre 2016 nell&#8217;ambito di un concerto dedicato alla memoria di tutte le vittime del terrorismo.<\/p>\n\n\n<p><\/p>\n","protected":false},"excerpt":{"rendered":"<p>Nato nel 1979, Fran\u00e7ois Me\u00efmoun ha studiato al Conservatorio Nazionale Superiore di Musica e Danza di Parigi (CNSMDP) con Micha\u00ebl Levinas, all&#8217;Universit\u00e0 Sorbonne-Paris IV e all&#8217;Ecole des Hautes Etudes dove<\/p>\n","protected":false},"author":5,"featured_media":84343,"comment_status":"closed","ping_status":"closed","sticky":false,"template":"","format":"standard","meta":{"_acf_changed":false,"footnotes":""},"categories":[1416],"tags":[],"technique":[],"squelettes":[],"sujet":[],"formation":[],"genre":[],"fonds":[],"tradition":[],"type-de-contenu":[],"interprete-compositeur":[],"frise":[],"type-devenement":[],"tableaux-liens-externes":[],"class_list":["post-84464","post","type-post","status-publish","format-standard","has-post-thumbnail","hentry","category-biografie-it"],"acf":[],"yoast_head":"<!-- This site is optimized with the Yoast SEO plugin v27.3 - https:\/\/yoast.com\/product\/yoast-seo-wordpress\/ -->\n<title>Me\u00efmoun, Fran\u00e7ois (1979) - Institut Europ\u00e9en des Musiques Juives<\/title>\n<meta name=\"robots\" content=\"index, follow, max-snippet:-1, max-image-preview:large, max-video-preview:-1\" \/>\n<link rel=\"canonical\" href=\"https:\/\/www.iemj.org\/it\/meimoun-francois-1979\/\" \/>\n<meta property=\"og:locale\" content=\"it_IT\" \/>\n<meta property=\"og:type\" content=\"article\" \/>\n<meta property=\"og:title\" content=\"Me\u00efmoun, Fran\u00e7ois (1979) - Institut Europ\u00e9en des Musiques Juives\" \/>\n<meta property=\"og:description\" content=\"Nato nel 1979, Fran\u00e7ois Me\u00efmoun ha studiato al Conservatorio Nazionale Superiore di Musica e Danza di Parigi (CNSMDP) con Micha\u00ebl Levinas, all&#8217;Universit\u00e0 Sorbonne-Paris IV e all&#8217;Ecole des Hautes Etudes dove\" \/>\n<meta property=\"og:url\" content=\"https:\/\/www.iemj.org\/it\/meimoun-francois-1979\/\" \/>\n<meta property=\"og:site_name\" content=\"Institut Europ\u00e9en des Musiques Juives\" \/>\n<meta property=\"article:publisher\" content=\"https:\/\/www.facebook.com\/MusiquesJuives\/\" \/>\n<meta property=\"article:published_time\" content=\"2022-05-19T10:02:47+00:00\" \/>\n<meta property=\"article:modified_time\" content=\"2022-05-23T09:54:57+00:00\" \/>\n<meta property=\"og:image\" content=\"https:\/\/www.iemj.org\/wp-content\/uploads\/2022\/05\/Photo-F-Meimoun_Vignette-boutique-e1653299644732.jpg\" \/>\n\t<meta property=\"og:image:width\" content=\"214\" \/>\n\t<meta property=\"og:image:height\" content=\"218\" \/>\n\t<meta property=\"og:image:type\" content=\"image\/jpeg\" \/>\n<meta name=\"author\" content=\"Jacqueline ROTEN\" \/>\n<meta name=\"twitter:card\" content=\"summary_large_image\" \/>\n<meta name=\"twitter:label1\" content=\"Scritto da\" \/>\n\t<meta name=\"twitter:data1\" content=\"Jacqueline ROTEN\" \/>\n\t<meta name=\"twitter:label2\" content=\"Tempo di lettura stimato\" \/>\n\t<meta name=\"twitter:data2\" content=\"2 minuti\" \/>\n<script type=\"application\/ld+json\" class=\"yoast-schema-graph\">{\"@context\":\"https:\\\/\\\/schema.org\",\"@graph\":[{\"@type\":\"Article\",\"@id\":\"https:\\\/\\\/www.iemj.org\\\/it\\\/meimoun-francois-1979\\\/#article\",\"isPartOf\":{\"@id\":\"https:\\\/\\\/www.iemj.org\\\/it\\\/meimoun-francois-1979\\\/\"},\"author\":{\"name\":\"Jacqueline ROTEN\",\"@id\":\"https:\\\/\\\/www.iemj.org\\\/it\\\/#\\\/schema\\\/person\\\/358e26c18aca017fcc4cc15437f7279c\"},\"headline\":\"Me\u00efmoun, Fran\u00e7ois (1979)\",\"datePublished\":\"2022-05-19T10:02:47+00:00\",\"dateModified\":\"2022-05-23T09:54:57+00:00\",\"mainEntityOfPage\":{\"@id\":\"https:\\\/\\\/www.iemj.org\\\/it\\\/meimoun-francois-1979\\\/\"},\"wordCount\":290,\"publisher\":{\"@id\":\"https:\\\/\\\/www.iemj.org\\\/it\\\/#organization\"},\"image\":{\"@id\":\"https:\\\/\\\/www.iemj.org\\\/it\\\/meimoun-francois-1979\\\/#primaryimage\"},\"thumbnailUrl\":\"https:\\\/\\\/www.iemj.org\\\/wp-content\\\/uploads\\\/2022\\\/05\\\/Photo-F-Meimoun_Vignette-boutique-e1653299644732.jpg\",\"articleSection\":[\"Biografie\"],\"inLanguage\":\"it-IT\"},{\"@type\":\"WebPage\",\"@id\":\"https:\\\/\\\/www.iemj.org\\\/it\\\/meimoun-francois-1979\\\/\",\"url\":\"https:\\\/\\\/www.iemj.org\\\/it\\\/meimoun-francois-1979\\\/\",\"name\":\"Me\u00efmoun, Fran\u00e7ois (1979) - Institut Europ\u00e9en des Musiques Juives\",\"isPartOf\":{\"@id\":\"https:\\\/\\\/www.iemj.org\\\/it\\\/#website\"},\"primaryImageOfPage\":{\"@id\":\"https:\\\/\\\/www.iemj.org\\\/it\\\/meimoun-francois-1979\\\/#primaryimage\"},\"image\":{\"@id\":\"https:\\\/\\\/www.iemj.org\\\/it\\\/meimoun-francois-1979\\\/#primaryimage\"},\"thumbnailUrl\":\"https:\\\/\\\/www.iemj.org\\\/wp-content\\\/uploads\\\/2022\\\/05\\\/Photo-F-Meimoun_Vignette-boutique-e1653299644732.jpg\",\"datePublished\":\"2022-05-19T10:02:47+00:00\",\"dateModified\":\"2022-05-23T09:54:57+00:00\",\"breadcrumb\":{\"@id\":\"https:\\\/\\\/www.iemj.org\\\/it\\\/meimoun-francois-1979\\\/#breadcrumb\"},\"inLanguage\":\"it-IT\",\"potentialAction\":[{\"@type\":\"ReadAction\",\"target\":[\"https:\\\/\\\/www.iemj.org\\\/it\\\/meimoun-francois-1979\\\/\"]}]},{\"@type\":\"ImageObject\",\"inLanguage\":\"it-IT\",\"@id\":\"https:\\\/\\\/www.iemj.org\\\/it\\\/meimoun-francois-1979\\\/#primaryimage\",\"url\":\"https:\\\/\\\/www.iemj.org\\\/wp-content\\\/uploads\\\/2022\\\/05\\\/Photo-F-Meimoun_Vignette-boutique-e1653299644732.jpg\",\"contentUrl\":\"https:\\\/\\\/www.iemj.org\\\/wp-content\\\/uploads\\\/2022\\\/05\\\/Photo-F-Meimoun_Vignette-boutique-e1653299644732.jpg\",\"width\":214,\"height\":218},{\"@type\":\"BreadcrumbList\",\"@id\":\"https:\\\/\\\/www.iemj.org\\\/it\\\/meimoun-francois-1979\\\/#breadcrumb\",\"itemListElement\":[{\"@type\":\"ListItem\",\"position\":1,\"name\":\"Accueil\",\"item\":\"https:\\\/\\\/www.iemj.org\\\/it\\\/\"},{\"@type\":\"ListItem\",\"position\":2,\"name\":\"Me\u00efmoun, Fran\u00e7ois (1979)\"}]},{\"@type\":\"WebSite\",\"@id\":\"https:\\\/\\\/www.iemj.org\\\/it\\\/#website\",\"url\":\"https:\\\/\\\/www.iemj.org\\\/it\\\/\",\"name\":\"Institut Europ\u00e9en des Musiques Juives\",\"description\":\"Des traditions musicales \u00e0 la port\u00e9e de tous\",\"publisher\":{\"@id\":\"https:\\\/\\\/www.iemj.org\\\/it\\\/#organization\"},\"potentialAction\":[{\"@type\":\"SearchAction\",\"target\":{\"@type\":\"EntryPoint\",\"urlTemplate\":\"https:\\\/\\\/www.iemj.org\\\/it\\\/?s={search_term_string}\"},\"query-input\":{\"@type\":\"PropertyValueSpecification\",\"valueRequired\":true,\"valueName\":\"search_term_string\"}}],\"inLanguage\":\"it-IT\"},{\"@type\":\"Organization\",\"@id\":\"https:\\\/\\\/www.iemj.org\\\/it\\\/#organization\",\"name\":\"Institut Europ\u00e9en des Musiques Juives\",\"url\":\"https:\\\/\\\/www.iemj.org\\\/it\\\/\",\"logo\":{\"@type\":\"ImageObject\",\"inLanguage\":\"it-IT\",\"@id\":\"https:\\\/\\\/www.iemj.org\\\/it\\\/#\\\/schema\\\/logo\\\/image\\\/\",\"url\":\"https:\\\/\\\/www.iemj.org\\\/wp-content\\\/uploads\\\/2021\\\/09\\\/Logo-IEMJ-Paypal.jpg\",\"contentUrl\":\"https:\\\/\\\/www.iemj.org\\\/wp-content\\\/uploads\\\/2021\\\/09\\\/Logo-IEMJ-Paypal.jpg\",\"width\":150,\"height\":50,\"caption\":\"Institut Europ\u00e9en des Musiques Juives\"},\"image\":{\"@id\":\"https:\\\/\\\/www.iemj.org\\\/it\\\/#\\\/schema\\\/logo\\\/image\\\/\"},\"sameAs\":[\"https:\\\/\\\/www.facebook.com\\\/MusiquesJuives\\\/\",\"https:\\\/\\\/www.instagram.com\\\/musiquesjuives\\\/\",\"https:\\\/\\\/www.youtube.com\\\/user\\\/musiquesjuives\"]},{\"@type\":\"Person\",\"@id\":\"https:\\\/\\\/www.iemj.org\\\/it\\\/#\\\/schema\\\/person\\\/358e26c18aca017fcc4cc15437f7279c\",\"name\":\"Jacqueline ROTEN\",\"image\":{\"@type\":\"ImageObject\",\"inLanguage\":\"it-IT\",\"@id\":\"https:\\\/\\\/secure.gravatar.com\\\/avatar\\\/5964256d6c6957de3a3505278957e0fb2a35119ac47ea41827a65301213c810b?s=96&d=mm&r=g\",\"url\":\"https:\\\/\\\/secure.gravatar.com\\\/avatar\\\/5964256d6c6957de3a3505278957e0fb2a35119ac47ea41827a65301213c810b?s=96&d=mm&r=g\",\"contentUrl\":\"https:\\\/\\\/secure.gravatar.com\\\/avatar\\\/5964256d6c6957de3a3505278957e0fb2a35119ac47ea41827a65301213c810b?s=96&d=mm&r=g\",\"caption\":\"Jacqueline ROTEN\"}}]}<\/script>\n<!-- \/ Yoast SEO plugin. -->","yoast_head_json":{"title":"Me\u00efmoun, Fran\u00e7ois (1979) - Institut Europ\u00e9en des Musiques Juives","robots":{"index":"index","follow":"follow","max-snippet":"max-snippet:-1","max-image-preview":"max-image-preview:large","max-video-preview":"max-video-preview:-1"},"canonical":"https:\/\/www.iemj.org\/it\/meimoun-francois-1979\/","og_locale":"it_IT","og_type":"article","og_title":"Me\u00efmoun, Fran\u00e7ois (1979) - Institut Europ\u00e9en des Musiques Juives","og_description":"Nato nel 1979, Fran\u00e7ois Me\u00efmoun ha studiato al Conservatorio Nazionale Superiore di Musica e Danza di Parigi (CNSMDP) con Micha\u00ebl Levinas, all&#8217;Universit\u00e0 Sorbonne-Paris IV e all&#8217;Ecole des Hautes Etudes dove","og_url":"https:\/\/www.iemj.org\/it\/meimoun-francois-1979\/","og_site_name":"Institut Europ\u00e9en des Musiques Juives","article_publisher":"https:\/\/www.facebook.com\/MusiquesJuives\/","article_published_time":"2022-05-19T10:02:47+00:00","article_modified_time":"2022-05-23T09:54:57+00:00","og_image":[{"width":214,"height":218,"url":"https:\/\/www.iemj.org\/wp-content\/uploads\/2022\/05\/Photo-F-Meimoun_Vignette-boutique-e1653299644732.jpg","type":"image\/jpeg"}],"author":"Jacqueline ROTEN","twitter_card":"summary_large_image","twitter_misc":{"Scritto da":"Jacqueline ROTEN","Tempo di lettura stimato":"2 minuti"},"schema":{"@context":"https:\/\/schema.org","@graph":[{"@type":"Article","@id":"https:\/\/www.iemj.org\/it\/meimoun-francois-1979\/#article","isPartOf":{"@id":"https:\/\/www.iemj.org\/it\/meimoun-francois-1979\/"},"author":{"name":"Jacqueline ROTEN","@id":"https:\/\/www.iemj.org\/it\/#\/schema\/person\/358e26c18aca017fcc4cc15437f7279c"},"headline":"Me\u00efmoun, Fran\u00e7ois (1979)","datePublished":"2022-05-19T10:02:47+00:00","dateModified":"2022-05-23T09:54:57+00:00","mainEntityOfPage":{"@id":"https:\/\/www.iemj.org\/it\/meimoun-francois-1979\/"},"wordCount":290,"publisher":{"@id":"https:\/\/www.iemj.org\/it\/#organization"},"image":{"@id":"https:\/\/www.iemj.org\/it\/meimoun-francois-1979\/#primaryimage"},"thumbnailUrl":"https:\/\/www.iemj.org\/wp-content\/uploads\/2022\/05\/Photo-F-Meimoun_Vignette-boutique-e1653299644732.jpg","articleSection":["Biografie"],"inLanguage":"it-IT"},{"@type":"WebPage","@id":"https:\/\/www.iemj.org\/it\/meimoun-francois-1979\/","url":"https:\/\/www.iemj.org\/it\/meimoun-francois-1979\/","name":"Me\u00efmoun, Fran\u00e7ois (1979) - Institut Europ\u00e9en des Musiques Juives","isPartOf":{"@id":"https:\/\/www.iemj.org\/it\/#website"},"primaryImageOfPage":{"@id":"https:\/\/www.iemj.org\/it\/meimoun-francois-1979\/#primaryimage"},"image":{"@id":"https:\/\/www.iemj.org\/it\/meimoun-francois-1979\/#primaryimage"},"thumbnailUrl":"https:\/\/www.iemj.org\/wp-content\/uploads\/2022\/05\/Photo-F-Meimoun_Vignette-boutique-e1653299644732.jpg","datePublished":"2022-05-19T10:02:47+00:00","dateModified":"2022-05-23T09:54:57+00:00","breadcrumb":{"@id":"https:\/\/www.iemj.org\/it\/meimoun-francois-1979\/#breadcrumb"},"inLanguage":"it-IT","potentialAction":[{"@type":"ReadAction","target":["https:\/\/www.iemj.org\/it\/meimoun-francois-1979\/"]}]},{"@type":"ImageObject","inLanguage":"it-IT","@id":"https:\/\/www.iemj.org\/it\/meimoun-francois-1979\/#primaryimage","url":"https:\/\/www.iemj.org\/wp-content\/uploads\/2022\/05\/Photo-F-Meimoun_Vignette-boutique-e1653299644732.jpg","contentUrl":"https:\/\/www.iemj.org\/wp-content\/uploads\/2022\/05\/Photo-F-Meimoun_Vignette-boutique-e1653299644732.jpg","width":214,"height":218},{"@type":"BreadcrumbList","@id":"https:\/\/www.iemj.org\/it\/meimoun-francois-1979\/#breadcrumb","itemListElement":[{"@type":"ListItem","position":1,"name":"Accueil","item":"https:\/\/www.iemj.org\/it\/"},{"@type":"ListItem","position":2,"name":"Me\u00efmoun, Fran\u00e7ois (1979)"}]},{"@type":"WebSite","@id":"https:\/\/www.iemj.org\/it\/#website","url":"https:\/\/www.iemj.org\/it\/","name":"Institut Europ\u00e9en des Musiques Juives","description":"Des traditions musicales \u00e0 la port\u00e9e de tous","publisher":{"@id":"https:\/\/www.iemj.org\/it\/#organization"},"potentialAction":[{"@type":"SearchAction","target":{"@type":"EntryPoint","urlTemplate":"https:\/\/www.iemj.org\/it\/?s={search_term_string}"},"query-input":{"@type":"PropertyValueSpecification","valueRequired":true,"valueName":"search_term_string"}}],"inLanguage":"it-IT"},{"@type":"Organization","@id":"https:\/\/www.iemj.org\/it\/#organization","name":"Institut Europ\u00e9en des Musiques Juives","url":"https:\/\/www.iemj.org\/it\/","logo":{"@type":"ImageObject","inLanguage":"it-IT","@id":"https:\/\/www.iemj.org\/it\/#\/schema\/logo\/image\/","url":"https:\/\/www.iemj.org\/wp-content\/uploads\/2021\/09\/Logo-IEMJ-Paypal.jpg","contentUrl":"https:\/\/www.iemj.org\/wp-content\/uploads\/2021\/09\/Logo-IEMJ-Paypal.jpg","width":150,"height":50,"caption":"Institut Europ\u00e9en des Musiques Juives"},"image":{"@id":"https:\/\/www.iemj.org\/it\/#\/schema\/logo\/image\/"},"sameAs":["https:\/\/www.facebook.com\/MusiquesJuives\/","https:\/\/www.instagram.com\/musiquesjuives\/","https:\/\/www.youtube.com\/user\/musiquesjuives"]},{"@type":"Person","@id":"https:\/\/www.iemj.org\/it\/#\/schema\/person\/358e26c18aca017fcc4cc15437f7279c","name":"Jacqueline ROTEN","image":{"@type":"ImageObject","inLanguage":"it-IT","@id":"https:\/\/secure.gravatar.com\/avatar\/5964256d6c6957de3a3505278957e0fb2a35119ac47ea41827a65301213c810b?s=96&d=mm&r=g","url":"https:\/\/secure.gravatar.com\/avatar\/5964256d6c6957de3a3505278957e0fb2a35119ac47ea41827a65301213c810b?s=96&d=mm&r=g","contentUrl":"https:\/\/secure.gravatar.com\/avatar\/5964256d6c6957de3a3505278957e0fb2a35119ac47ea41827a65301213c810b?s=96&d=mm&r=g","caption":"Jacqueline ROTEN"}}]}},"_links":{"self":[{"href":"https:\/\/www.iemj.org\/it\/wp-json\/wp\/v2\/posts\/84464","targetHints":{"allow":["GET"]}}],"collection":[{"href":"https:\/\/www.iemj.org\/it\/wp-json\/wp\/v2\/posts"}],"about":[{"href":"https:\/\/www.iemj.org\/it\/wp-json\/wp\/v2\/types\/post"}],"author":[{"embeddable":true,"href":"https:\/\/www.iemj.org\/it\/wp-json\/wp\/v2\/users\/5"}],"replies":[{"embeddable":true,"href":"https:\/\/www.iemj.org\/it\/wp-json\/wp\/v2\/comments?post=84464"}],"version-history":[{"count":0,"href":"https:\/\/www.iemj.org\/it\/wp-json\/wp\/v2\/posts\/84464\/revisions"}],"wp:featuredmedia":[{"embeddable":true,"href":"https:\/\/www.iemj.org\/it\/wp-json\/wp\/v2\/media\/84343"}],"wp:attachment":[{"href":"https:\/\/www.iemj.org\/it\/wp-json\/wp\/v2\/media?parent=84464"}],"wp:term":[{"taxonomy":"category","embeddable":true,"href":"https:\/\/www.iemj.org\/it\/wp-json\/wp\/v2\/categories?post=84464"},{"taxonomy":"post_tag","embeddable":true,"href":"https:\/\/www.iemj.org\/it\/wp-json\/wp\/v2\/tags?post=84464"},{"taxonomy":"technique","embeddable":true,"href":"https:\/\/www.iemj.org\/it\/wp-json\/wp\/v2\/technique?post=84464"},{"taxonomy":"squelettes","embeddable":true,"href":"https:\/\/www.iemj.org\/it\/wp-json\/wp\/v2\/squelettes?post=84464"},{"taxonomy":"sujet","embeddable":true,"href":"https:\/\/www.iemj.org\/it\/wp-json\/wp\/v2\/sujet?post=84464"},{"taxonomy":"formation","embeddable":true,"href":"https:\/\/www.iemj.org\/it\/wp-json\/wp\/v2\/formation?post=84464"},{"taxonomy":"genre","embeddable":true,"href":"https:\/\/www.iemj.org\/it\/wp-json\/wp\/v2\/genre?post=84464"},{"taxonomy":"fonds","embeddable":true,"href":"https:\/\/www.iemj.org\/it\/wp-json\/wp\/v2\/fonds?post=84464"},{"taxonomy":"tradition","embeddable":true,"href":"https:\/\/www.iemj.org\/it\/wp-json\/wp\/v2\/tradition?post=84464"},{"taxonomy":"type-de-contenu","embeddable":true,"href":"https:\/\/www.iemj.org\/it\/wp-json\/wp\/v2\/type-de-contenu?post=84464"},{"taxonomy":"interprete-compositeur","embeddable":true,"href":"https:\/\/www.iemj.org\/it\/wp-json\/wp\/v2\/interprete-compositeur?post=84464"},{"taxonomy":"frise","embeddable":true,"href":"https:\/\/www.iemj.org\/it\/wp-json\/wp\/v2\/frise?post=84464"},{"taxonomy":"type-devenement","embeddable":true,"href":"https:\/\/www.iemj.org\/it\/wp-json\/wp\/v2\/type-devenement?post=84464"},{"taxonomy":"tableaux-liens-externes","embeddable":true,"href":"https:\/\/www.iemj.org\/it\/wp-json\/wp\/v2\/tableaux-liens-externes?post=84464"}],"curies":[{"name":"wp","href":"https:\/\/api.w.org\/{rel}","templated":true}]}}