{"id":85151,"date":"2016-06-07T16:55:55","date_gmt":"2016-06-07T14:55:55","guid":{"rendered":"https:\/\/www.iemj.org\/chavouot\/"},"modified":"2026-04-30T11:23:36","modified_gmt":"2026-04-30T09:23:36","slug":"chavouot","status":"publish","type":"post","link":"https:\/\/www.iemj.org\/it\/chavouot\/","title":{"rendered":"Shavuot 1"},"content":{"rendered":"<p><strong>In occasione di Shavuot, vi proponiamo una playlist da ascoltare<\/strong><\/p>\n<p><!--more-->Considerata una delle\u00a0principali festivit\u00e0 del calendario ebraico, insieme a Rosh Ha-Shana, Yom Kippur, Sukkot e Pesach, Shavuot \u00e8 una festa speciale nel calendario ebraico. Innanzitutto, la sua data non \u00e8 menzionata nella Torah: \u00e8 semplicemente prescritta nel Levitico (XXIII 15) come se avesse luogo sette settimane dopo il secondo giorno di Pesach. \u00c8 quindi necessario contare i giorni e le settimane, il che spiega il nome di Shavuot, che in ebraico significa &#8220;settimane&#8221;.<\/p>\n<p>Questo conteggio dei giorni \u00e8 legato al conteggio dell&#8217;Omer, termine che designa un volume di grano che veniva offerto come primizia al Tempio di Gerusalemme. Come tale, Shavuot \u00e8 una delle tre feste di pellegrinaggio (Pesach, Shavuot e Sukkot) che si svolgevano nell&#8217;antico Israele dall&#8217;inizio della primavera alla fine del raccolto in autunno.<\/p>\n<p><img fetchpriority=\"high\" decoding=\"async\" class=\" alignright  wp-image-11049\" src=\"https:\/\/www.iemj.org\/wp-content\/uploads\/2016\/06\/doc_1_chavouot500px40.jpg\" alt=\"doc_1_chavouot500px40.jpg\" width=\"187\" height=\"319\" align=\"right\" srcset=\"https:\/\/www.iemj.org\/wp-content\/uploads\/2016\/06\/doc_1_chavouot500px40.jpg 200w, https:\/\/www.iemj.org\/wp-content\/uploads\/2016\/06\/doc_1_chavouot500px40-176x300.jpg 176w\" sizes=\"(max-width: 187px) 100vw, 187px\" \/>Un&#8217;altra particolarit\u00e0 della festa di Shavuot \u00e8 la lettura in sinagoga della storia della consegna della Torah sul Monte Sinai, come appare nei capitoli XIX e XX dell&#8217;Esodo. Questo legame che la festa stabilisce con il dono della Torah d\u00e0 luogo all&#8217;adempimento di varie usanze, come rimanere svegli tutta la notte della festa (Tikun Leil Shavuot), mangiare cibi lattiginosi, leggere il Libro di Ruth, nonch\u00e9 le Hazharot (una sorta di parafrasi dei 10 comandamenti) e le Hakdamot (sezioni introduttive della Mishna scritte da Maimonide [1138-1204]).<\/p>\n<p>Nei kibbutzim, dagli anni &#8217;20 fino a dopo la creazione dello Stato di Israele, la festa di Shavuot, legata al raccolto, ha dato vita a celebrazioni con un particolare folklore e canti pionieristici.<\/p>\n<p><a href=\"https:\/\/www.iemj.org\/chavouot-une-entree-dans-la-huitieme-dimension\/\" target=\"_blank\" rel=\"noopener\">Ascolta il programma radiofonico: Shavuot &#8211; un ingresso nell&#8217;ottava dimensione presentato da Herv\u00e9 Roten (<em>in francese<\/em>)<\/a><\/p>\n<p><a href=\"https:\/\/www.iemj.org\/it\/chavouot-2eme-partie\/\" target=\"_blank\" rel=\"noopener\">Ascoltare la playlist: Shavuot 2<\/a><\/p>\n\n<div class=\"wp-block-image\">\n<figure class=\"aligncenter size-large\"><img decoding=\"async\" width=\"1024\" height=\"133\" src=\"https:\/\/www.iemj.org\/wp-content\/uploads\/2024\/03\/AUDIO-PLAYER-1024x133.png\" alt=\"\" class=\"wp-image-110609\" srcset=\"https:\/\/www.iemj.org\/wp-content\/uploads\/2024\/03\/AUDIO-PLAYER-1024x133.png 1024w, https:\/\/www.iemj.org\/wp-content\/uploads\/2024\/03\/AUDIO-PLAYER-300x39.png 300w, https:\/\/www.iemj.org\/wp-content\/uploads\/2024\/03\/AUDIO-PLAYER-768x100.png 768w, https:\/\/www.iemj.org\/wp-content\/uploads\/2024\/03\/AUDIO-PLAYER-600x78.png 600w, https:\/\/www.iemj.org\/wp-content\/uploads\/2024\/03\/AUDIO-PLAYER.png 1210w\" sizes=\"(max-width: 1024px) 100vw, 1024px\" \/><\/figure>\n<\/div>\n\n\n<div class=\"wp-block-file\"><a id=\"wp-block-file--media-0c17005f-928d-4a00-88cf-1e9c68bfc730\" href=\"https:\/\/www.iemj.org\/wp-content\/uploads\/2016\/06\/air_des_akdumot_leibele_waldman_t.mp3\">Air des Akdumot &#8211; Leibele Waldman<\/a><\/div>\n\n\n\n<div class=\"wp-block-file\"><a id=\"wp-block-file--media-865eba55-4165-49a6-89e0-f92660ef775e\" href=\"https:\/\/www.iemj.org\/wp-content\/uploads\/2016\/06\/bnei_veischo_-_chaim_david_t.mp3\">Bnei Veischo &#8211; Chaim David<\/a><\/div>\n\n\n\n<div class=\"wp-block-file\"><a id=\"wp-block-file--media-d37551a8-f42a-43d1-b89a-c37770d12775\" href=\"https:\/\/www.iemj.org\/wp-content\/uploads\/2016\/06\/b_nei_veischo_-_sholosh_r_golim_t.mp3\">B&#8217;nei Veischo &#8211; Sholosh R&#8217;Golim<\/a><\/div>\n\n\n\n<div class=\"wp-block-file\"><a id=\"wp-block-file--media-efaeefe0-c635-48d8-9db7-7b4a48c1e741\" href=\"https:\/\/www.iemj.org\/wp-content\/uploads\/2016\/06\/hodou_du_hallel_algazi_et_kacman_t.mp3\">Hodou du Hallel &#8211; L\u00e9on Algazi &amp; Emile Ka\u00e7man<\/a><\/div>\n\n\n\n<div class=\"wp-block-file\"><a id=\"wp-block-file--media-19fef99c-d8fb-46e4-bdef-ef205b35a9dd\" href=\"https:\/\/www.iemj.org\/wp-content\/uploads\/2016\/06\/lo_tachmod_rosenblatt_t.mp3\">Lo tachmod &#8211; Yossele Rosenblatt<\/a><\/div>\n\n\n\n<div class=\"wp-block-file\"><a id=\"wp-block-file--media-e132602a-c330-461b-b284-a9d451dbe4c1\" href=\"https:\/\/www.iemj.org\/wp-content\/uploads\/2016\/06\/omer_jacob_kousevitsky_et_l_waldman_t.mp3\">Omer &#8211; Jacob Kousevitsky &amp; Leibele Waldman<\/a><\/div>\n\n\n\n<div class=\"wp-block-file\"><a id=\"wp-block-file--media-218f64ee-8c12-485c-8848-575b591a33e6\" href=\"https:\/\/www.iemj.org\/wp-content\/uploads\/2016\/06\/salenou_al_ktefenou_t.mp3\">Salenou al Ktefenou<\/a><\/div>\n\n\n\n<div class=\"wp-block-file\"><a id=\"wp-block-file--media-71a949cd-a095-46fb-9247-15b99d3b21d4\" href=\"https:\/\/www.iemj.org\/wp-content\/uploads\/2016\/06\/tenou_oz_-_didier_kassabi_t.mp3\">Tenou Oz &#8211; Didier Kassabi<\/a><\/div>\n\n\n\n<div class=\"wp-block-file\"><a id=\"wp-block-file--media-dc79fb17-4e54-49e8-a5e9-106ac28e0c1e\" href=\"https:\/\/www.iemj.org\/wp-content\/uploads\/2016\/06\/yerushalayim_shel_zahav_-_chava_alberstein_t.mp3\">Yerushalayim Shel Zahav &#8211; Chava Alberstein<\/a><\/div>\n\n\n\n<div class=\"wp-block-file\"><a id=\"wp-block-file--media-dd01bc52-5198-40d5-94a8-24f052eefda2\" href=\"https:\/\/www.iemj.org\/wp-content\/uploads\/2016\/06\/yismah_moshe_-_jo_amar_t.mp3\">Yismah Moshe &#8211; Jo Amar<\/a><\/div>\n","protected":false},"excerpt":{"rendered":"<p>In occasione di Shavuot, vi proponiamo una playlist da ascoltare<\/p>\n","protected":false},"author":1052,"featured_media":112554,"comment_status":"closed","ping_status":"closed","sticky":false,"template":"","format":"standard","meta":{"_acf_changed":false,"footnotes":""},"categories":[1536],"tags":[],"technique":[],"squelettes":[],"sujet":[1706],"formation":[],"genre":[],"fonds":[],"tradition":[],"type-de-contenu":[],"interprete-compositeur":[],"frise":[],"type-devenement":[],"tableaux-liens-externes":[],"class_list":["post-85151","post","type-post","status-publish","format-standard","has-post-thumbnail","hentry","category-playlist-it","sujet-shavuot-it"],"acf":[],"yoast_head":"<!-- This site is optimized with the Yoast SEO plugin v27.3 - https:\/\/yoast.com\/product\/yoast-seo-wordpress\/ -->\n<title>Shavuot 1 - Institut Europ\u00e9en des Musiques Juives<\/title>\n<meta name=\"robots\" content=\"index, follow, max-snippet:-1, max-image-preview:large, max-video-preview:-1\" \/>\n<link rel=\"canonical\" href=\"https:\/\/www.iemj.org\/it\/chavouot\/\" \/>\n<meta property=\"og:locale\" content=\"it_IT\" \/>\n<meta property=\"og:type\" content=\"article\" \/>\n<meta property=\"og:title\" content=\"Shavuot 1 - Institut Europ\u00e9en des Musiques Juives\" \/>\n<meta property=\"og:description\" content=\"In occasione di Shavuot, vi proponiamo una playlist da ascoltare\" \/>\n<meta property=\"og:url\" content=\"https:\/\/www.iemj.org\/it\/chavouot\/\" \/>\n<meta property=\"og:site_name\" content=\"Institut Europ\u00e9en des Musiques Juives\" \/>\n<meta property=\"article:publisher\" content=\"https:\/\/www.facebook.com\/MusiquesJuives\/\" \/>\n<meta property=\"article:published_time\" content=\"2016-06-07T14:55:55+00:00\" \/>\n<meta property=\"article:modified_time\" content=\"2026-04-30T09:23:36+00:00\" \/>\n<meta property=\"og:image\" content=\"https:\/\/www.iemj.org\/wp-content\/uploads\/2016\/06\/Shavuot1.jpg\" \/>\n\t<meta property=\"og:image:width\" content=\"500\" \/>\n\t<meta property=\"og:image:height\" content=\"500\" \/>\n\t<meta property=\"og:image:type\" content=\"image\/jpeg\" \/>\n<meta name=\"author\" content=\"Lea Couderc\" \/>\n<meta name=\"twitter:card\" content=\"summary_large_image\" \/>\n<meta name=\"twitter:label1\" content=\"Scritto da\" \/>\n\t<meta name=\"twitter:data1\" content=\"Lea Couderc\" \/>\n\t<meta name=\"twitter:label2\" content=\"Tempo di lettura stimato\" \/>\n\t<meta name=\"twitter:data2\" content=\"3 minuti\" \/>\n<script type=\"application\/ld+json\" class=\"yoast-schema-graph\">{\"@context\":\"https:\\\/\\\/schema.org\",\"@graph\":[{\"@type\":\"Article\",\"@id\":\"https:\\\/\\\/www.iemj.org\\\/it\\\/chavouot\\\/#article\",\"isPartOf\":{\"@id\":\"https:\\\/\\\/www.iemj.org\\\/it\\\/chavouot\\\/\"},\"author\":{\"name\":\"Lea Couderc\",\"@id\":\"https:\\\/\\\/www.iemj.org\\\/it\\\/#\\\/schema\\\/person\\\/e2ad57f2c4be119c7ed8ab79036807a9\"},\"headline\":\"Shavuot 1\",\"datePublished\":\"2016-06-07T14:55:55+00:00\",\"dateModified\":\"2026-04-30T09:23:36+00:00\",\"mainEntityOfPage\":{\"@id\":\"https:\\\/\\\/www.iemj.org\\\/it\\\/chavouot\\\/\"},\"wordCount\":333,\"publisher\":{\"@id\":\"https:\\\/\\\/www.iemj.org\\\/it\\\/#organization\"},\"image\":{\"@id\":\"https:\\\/\\\/www.iemj.org\\\/it\\\/chavouot\\\/#primaryimage\"},\"thumbnailUrl\":\"https:\\\/\\\/www.iemj.org\\\/wp-content\\\/uploads\\\/2016\\\/06\\\/Shavuot1.jpg\",\"articleSection\":[\"Playlist\"],\"inLanguage\":\"it-IT\"},{\"@type\":\"WebPage\",\"@id\":\"https:\\\/\\\/www.iemj.org\\\/it\\\/chavouot\\\/\",\"url\":\"https:\\\/\\\/www.iemj.org\\\/it\\\/chavouot\\\/\",\"name\":\"Shavuot 1 - Institut Europ\u00e9en des Musiques Juives\",\"isPartOf\":{\"@id\":\"https:\\\/\\\/www.iemj.org\\\/it\\\/#website\"},\"primaryImageOfPage\":{\"@id\":\"https:\\\/\\\/www.iemj.org\\\/it\\\/chavouot\\\/#primaryimage\"},\"image\":{\"@id\":\"https:\\\/\\\/www.iemj.org\\\/it\\\/chavouot\\\/#primaryimage\"},\"thumbnailUrl\":\"https:\\\/\\\/www.iemj.org\\\/wp-content\\\/uploads\\\/2016\\\/06\\\/Shavuot1.jpg\",\"datePublished\":\"2016-06-07T14:55:55+00:00\",\"dateModified\":\"2026-04-30T09:23:36+00:00\",\"breadcrumb\":{\"@id\":\"https:\\\/\\\/www.iemj.org\\\/it\\\/chavouot\\\/#breadcrumb\"},\"inLanguage\":\"it-IT\",\"potentialAction\":[{\"@type\":\"ReadAction\",\"target\":[\"https:\\\/\\\/www.iemj.org\\\/it\\\/chavouot\\\/\"]}]},{\"@type\":\"ImageObject\",\"inLanguage\":\"it-IT\",\"@id\":\"https:\\\/\\\/www.iemj.org\\\/it\\\/chavouot\\\/#primaryimage\",\"url\":\"https:\\\/\\\/www.iemj.org\\\/wp-content\\\/uploads\\\/2016\\\/06\\\/Shavuot1.jpg\",\"contentUrl\":\"https:\\\/\\\/www.iemj.org\\\/wp-content\\\/uploads\\\/2016\\\/06\\\/Shavuot1.jpg\",\"width\":500,\"height\":500},{\"@type\":\"BreadcrumbList\",\"@id\":\"https:\\\/\\\/www.iemj.org\\\/it\\\/chavouot\\\/#breadcrumb\",\"itemListElement\":[{\"@type\":\"ListItem\",\"position\":1,\"name\":\"Accueil\",\"item\":\"https:\\\/\\\/www.iemj.org\\\/it\\\/\"},{\"@type\":\"ListItem\",\"position\":2,\"name\":\"Shavuot 1\"}]},{\"@type\":\"WebSite\",\"@id\":\"https:\\\/\\\/www.iemj.org\\\/it\\\/#website\",\"url\":\"https:\\\/\\\/www.iemj.org\\\/it\\\/\",\"name\":\"Institut Europ\u00e9en des Musiques Juives\",\"description\":\"Des traditions musicales \u00e0 la port\u00e9e de tous\",\"publisher\":{\"@id\":\"https:\\\/\\\/www.iemj.org\\\/it\\\/#organization\"},\"potentialAction\":[{\"@type\":\"SearchAction\",\"target\":{\"@type\":\"EntryPoint\",\"urlTemplate\":\"https:\\\/\\\/www.iemj.org\\\/it\\\/?s={search_term_string}\"},\"query-input\":{\"@type\":\"PropertyValueSpecification\",\"valueRequired\":true,\"valueName\":\"search_term_string\"}}],\"inLanguage\":\"it-IT\"},{\"@type\":\"Organization\",\"@id\":\"https:\\\/\\\/www.iemj.org\\\/it\\\/#organization\",\"name\":\"Institut Europ\u00e9en des Musiques Juives\",\"url\":\"https:\\\/\\\/www.iemj.org\\\/it\\\/\",\"logo\":{\"@type\":\"ImageObject\",\"inLanguage\":\"it-IT\",\"@id\":\"https:\\\/\\\/www.iemj.org\\\/it\\\/#\\\/schema\\\/logo\\\/image\\\/\",\"url\":\"https:\\\/\\\/www.iemj.org\\\/wp-content\\\/uploads\\\/2021\\\/09\\\/Logo-IEMJ-Paypal.jpg\",\"contentUrl\":\"https:\\\/\\\/www.iemj.org\\\/wp-content\\\/uploads\\\/2021\\\/09\\\/Logo-IEMJ-Paypal.jpg\",\"width\":150,\"height\":50,\"caption\":\"Institut Europ\u00e9en des Musiques Juives\"},\"image\":{\"@id\":\"https:\\\/\\\/www.iemj.org\\\/it\\\/#\\\/schema\\\/logo\\\/image\\\/\"},\"sameAs\":[\"https:\\\/\\\/www.facebook.com\\\/MusiquesJuives\\\/\",\"https:\\\/\\\/www.instagram.com\\\/musiquesjuives\\\/\",\"https:\\\/\\\/www.youtube.com\\\/user\\\/musiquesjuives\"]},{\"@type\":\"Person\",\"@id\":\"https:\\\/\\\/www.iemj.org\\\/it\\\/#\\\/schema\\\/person\\\/e2ad57f2c4be119c7ed8ab79036807a9\",\"name\":\"Lea Couderc\",\"image\":{\"@type\":\"ImageObject\",\"inLanguage\":\"it-IT\",\"@id\":\"https:\\\/\\\/secure.gravatar.com\\\/avatar\\\/46ee021475d60aeff17a7e490b79dea5a5684bb392ab7fd1494027411df8ba23?s=96&d=mm&r=g\",\"url\":\"https:\\\/\\\/secure.gravatar.com\\\/avatar\\\/46ee021475d60aeff17a7e490b79dea5a5684bb392ab7fd1494027411df8ba23?s=96&d=mm&r=g\",\"contentUrl\":\"https:\\\/\\\/secure.gravatar.com\\\/avatar\\\/46ee021475d60aeff17a7e490b79dea5a5684bb392ab7fd1494027411df8ba23?s=96&d=mm&r=g\",\"caption\":\"Lea Couderc\"}}]}<\/script>\n<!-- \/ Yoast SEO plugin. -->","yoast_head_json":{"title":"Shavuot 1 - Institut Europ\u00e9en des Musiques Juives","robots":{"index":"index","follow":"follow","max-snippet":"max-snippet:-1","max-image-preview":"max-image-preview:large","max-video-preview":"max-video-preview:-1"},"canonical":"https:\/\/www.iemj.org\/it\/chavouot\/","og_locale":"it_IT","og_type":"article","og_title":"Shavuot 1 - Institut Europ\u00e9en des Musiques Juives","og_description":"In occasione di Shavuot, vi proponiamo una playlist da ascoltare","og_url":"https:\/\/www.iemj.org\/it\/chavouot\/","og_site_name":"Institut Europ\u00e9en des Musiques Juives","article_publisher":"https:\/\/www.facebook.com\/MusiquesJuives\/","article_published_time":"2016-06-07T14:55:55+00:00","article_modified_time":"2026-04-30T09:23:36+00:00","og_image":[{"width":500,"height":500,"url":"https:\/\/www.iemj.org\/wp-content\/uploads\/2016\/06\/Shavuot1.jpg","type":"image\/jpeg"}],"author":"Lea Couderc","twitter_card":"summary_large_image","twitter_misc":{"Scritto da":"Lea Couderc","Tempo di lettura stimato":"3 minuti"},"schema":{"@context":"https:\/\/schema.org","@graph":[{"@type":"Article","@id":"https:\/\/www.iemj.org\/it\/chavouot\/#article","isPartOf":{"@id":"https:\/\/www.iemj.org\/it\/chavouot\/"},"author":{"name":"Lea Couderc","@id":"https:\/\/www.iemj.org\/it\/#\/schema\/person\/e2ad57f2c4be119c7ed8ab79036807a9"},"headline":"Shavuot 1","datePublished":"2016-06-07T14:55:55+00:00","dateModified":"2026-04-30T09:23:36+00:00","mainEntityOfPage":{"@id":"https:\/\/www.iemj.org\/it\/chavouot\/"},"wordCount":333,"publisher":{"@id":"https:\/\/www.iemj.org\/it\/#organization"},"image":{"@id":"https:\/\/www.iemj.org\/it\/chavouot\/#primaryimage"},"thumbnailUrl":"https:\/\/www.iemj.org\/wp-content\/uploads\/2016\/06\/Shavuot1.jpg","articleSection":["Playlist"],"inLanguage":"it-IT"},{"@type":"WebPage","@id":"https:\/\/www.iemj.org\/it\/chavouot\/","url":"https:\/\/www.iemj.org\/it\/chavouot\/","name":"Shavuot 1 - Institut Europ\u00e9en des Musiques Juives","isPartOf":{"@id":"https:\/\/www.iemj.org\/it\/#website"},"primaryImageOfPage":{"@id":"https:\/\/www.iemj.org\/it\/chavouot\/#primaryimage"},"image":{"@id":"https:\/\/www.iemj.org\/it\/chavouot\/#primaryimage"},"thumbnailUrl":"https:\/\/www.iemj.org\/wp-content\/uploads\/2016\/06\/Shavuot1.jpg","datePublished":"2016-06-07T14:55:55+00:00","dateModified":"2026-04-30T09:23:36+00:00","breadcrumb":{"@id":"https:\/\/www.iemj.org\/it\/chavouot\/#breadcrumb"},"inLanguage":"it-IT","potentialAction":[{"@type":"ReadAction","target":["https:\/\/www.iemj.org\/it\/chavouot\/"]}]},{"@type":"ImageObject","inLanguage":"it-IT","@id":"https:\/\/www.iemj.org\/it\/chavouot\/#primaryimage","url":"https:\/\/www.iemj.org\/wp-content\/uploads\/2016\/06\/Shavuot1.jpg","contentUrl":"https:\/\/www.iemj.org\/wp-content\/uploads\/2016\/06\/Shavuot1.jpg","width":500,"height":500},{"@type":"BreadcrumbList","@id":"https:\/\/www.iemj.org\/it\/chavouot\/#breadcrumb","itemListElement":[{"@type":"ListItem","position":1,"name":"Accueil","item":"https:\/\/www.iemj.org\/it\/"},{"@type":"ListItem","position":2,"name":"Shavuot 1"}]},{"@type":"WebSite","@id":"https:\/\/www.iemj.org\/it\/#website","url":"https:\/\/www.iemj.org\/it\/","name":"Institut Europ\u00e9en des Musiques Juives","description":"Des traditions musicales \u00e0 la port\u00e9e de tous","publisher":{"@id":"https:\/\/www.iemj.org\/it\/#organization"},"potentialAction":[{"@type":"SearchAction","target":{"@type":"EntryPoint","urlTemplate":"https:\/\/www.iemj.org\/it\/?s={search_term_string}"},"query-input":{"@type":"PropertyValueSpecification","valueRequired":true,"valueName":"search_term_string"}}],"inLanguage":"it-IT"},{"@type":"Organization","@id":"https:\/\/www.iemj.org\/it\/#organization","name":"Institut Europ\u00e9en des Musiques Juives","url":"https:\/\/www.iemj.org\/it\/","logo":{"@type":"ImageObject","inLanguage":"it-IT","@id":"https:\/\/www.iemj.org\/it\/#\/schema\/logo\/image\/","url":"https:\/\/www.iemj.org\/wp-content\/uploads\/2021\/09\/Logo-IEMJ-Paypal.jpg","contentUrl":"https:\/\/www.iemj.org\/wp-content\/uploads\/2021\/09\/Logo-IEMJ-Paypal.jpg","width":150,"height":50,"caption":"Institut Europ\u00e9en des Musiques Juives"},"image":{"@id":"https:\/\/www.iemj.org\/it\/#\/schema\/logo\/image\/"},"sameAs":["https:\/\/www.facebook.com\/MusiquesJuives\/","https:\/\/www.instagram.com\/musiquesjuives\/","https:\/\/www.youtube.com\/user\/musiquesjuives"]},{"@type":"Person","@id":"https:\/\/www.iemj.org\/it\/#\/schema\/person\/e2ad57f2c4be119c7ed8ab79036807a9","name":"Lea Couderc","image":{"@type":"ImageObject","inLanguage":"it-IT","@id":"https:\/\/secure.gravatar.com\/avatar\/46ee021475d60aeff17a7e490b79dea5a5684bb392ab7fd1494027411df8ba23?s=96&d=mm&r=g","url":"https:\/\/secure.gravatar.com\/avatar\/46ee021475d60aeff17a7e490b79dea5a5684bb392ab7fd1494027411df8ba23?s=96&d=mm&r=g","contentUrl":"https:\/\/secure.gravatar.com\/avatar\/46ee021475d60aeff17a7e490b79dea5a5684bb392ab7fd1494027411df8ba23?s=96&d=mm&r=g","caption":"Lea Couderc"}}]}},"_links":{"self":[{"href":"https:\/\/www.iemj.org\/it\/wp-json\/wp\/v2\/posts\/85151","targetHints":{"allow":["GET"]}}],"collection":[{"href":"https:\/\/www.iemj.org\/it\/wp-json\/wp\/v2\/posts"}],"about":[{"href":"https:\/\/www.iemj.org\/it\/wp-json\/wp\/v2\/types\/post"}],"author":[{"embeddable":true,"href":"https:\/\/www.iemj.org\/it\/wp-json\/wp\/v2\/users\/1052"}],"replies":[{"embeddable":true,"href":"https:\/\/www.iemj.org\/it\/wp-json\/wp\/v2\/comments?post=85151"}],"version-history":[{"count":1,"href":"https:\/\/www.iemj.org\/it\/wp-json\/wp\/v2\/posts\/85151\/revisions"}],"predecessor-version":[{"id":132102,"href":"https:\/\/www.iemj.org\/it\/wp-json\/wp\/v2\/posts\/85151\/revisions\/132102"}],"wp:featuredmedia":[{"embeddable":true,"href":"https:\/\/www.iemj.org\/it\/wp-json\/wp\/v2\/media\/112554"}],"wp:attachment":[{"href":"https:\/\/www.iemj.org\/it\/wp-json\/wp\/v2\/media?parent=85151"}],"wp:term":[{"taxonomy":"category","embeddable":true,"href":"https:\/\/www.iemj.org\/it\/wp-json\/wp\/v2\/categories?post=85151"},{"taxonomy":"post_tag","embeddable":true,"href":"https:\/\/www.iemj.org\/it\/wp-json\/wp\/v2\/tags?post=85151"},{"taxonomy":"technique","embeddable":true,"href":"https:\/\/www.iemj.org\/it\/wp-json\/wp\/v2\/technique?post=85151"},{"taxonomy":"squelettes","embeddable":true,"href":"https:\/\/www.iemj.org\/it\/wp-json\/wp\/v2\/squelettes?post=85151"},{"taxonomy":"sujet","embeddable":true,"href":"https:\/\/www.iemj.org\/it\/wp-json\/wp\/v2\/sujet?post=85151"},{"taxonomy":"formation","embeddable":true,"href":"https:\/\/www.iemj.org\/it\/wp-json\/wp\/v2\/formation?post=85151"},{"taxonomy":"genre","embeddable":true,"href":"https:\/\/www.iemj.org\/it\/wp-json\/wp\/v2\/genre?post=85151"},{"taxonomy":"fonds","embeddable":true,"href":"https:\/\/www.iemj.org\/it\/wp-json\/wp\/v2\/fonds?post=85151"},{"taxonomy":"tradition","embeddable":true,"href":"https:\/\/www.iemj.org\/it\/wp-json\/wp\/v2\/tradition?post=85151"},{"taxonomy":"type-de-contenu","embeddable":true,"href":"https:\/\/www.iemj.org\/it\/wp-json\/wp\/v2\/type-de-contenu?post=85151"},{"taxonomy":"interprete-compositeur","embeddable":true,"href":"https:\/\/www.iemj.org\/it\/wp-json\/wp\/v2\/interprete-compositeur?post=85151"},{"taxonomy":"frise","embeddable":true,"href":"https:\/\/www.iemj.org\/it\/wp-json\/wp\/v2\/frise?post=85151"},{"taxonomy":"type-devenement","embeddable":true,"href":"https:\/\/www.iemj.org\/it\/wp-json\/wp\/v2\/type-devenement?post=85151"},{"taxonomy":"tableaux-liens-externes","embeddable":true,"href":"https:\/\/www.iemj.org\/it\/wp-json\/wp\/v2\/tableaux-liens-externes?post=85151"}],"curies":[{"name":"wp","href":"https:\/\/api.w.org\/{rel}","templated":true}]}}