{"id":85391,"date":"2022-05-26T16:12:38","date_gmt":"2022-05-26T14:12:38","guid":{"rendered":"https:\/\/www.iemj.org\/concert-melodies-hebraiques-2-2\/"},"modified":"2022-06-14T15:49:57","modified_gmt":"2022-06-14T13:49:57","slug":"concert-melodies-hebraiques-2-2","status":"publish","type":"post","link":"https:\/\/www.iemj.org\/it\/concert-melodies-hebraiques-2-2\/","title":{"rendered":"CONCERTO MELODIE EBRAICHE 2"},"content":{"rendered":"<p>Guarda alcuni estratti del concerto della violoncellista Sarah Iancu e del pianista David Bismuth, che si \u00e8 tenuto il 9 febbraio 2022 alle ore 19.00, presso il MAHJ &#8211; Parigi, in occasione dell&#8217;uscita del CD <a href=\"https:\/\/www.iemj.org\/it\/melodies-hebraiques-pour-violoncelle-et-piano-volume-2\/\" target=\"_blank\" rel=\"noopener\"><em>Melodie ebraiche per violoncello e piano, vol. 2<\/em><\/a><\/p>\n<p><strong>Concerto proposto da: <\/strong>l&#8217;Istituto Europeo di Musiche Ebraiche ed il Museo d&#8217;Arte e Storia Ebraica (Mus\u00e9e d\u2019Art et d\u2019Histoire du Juda\u00efsme), con il sostegno della Fondazione Henriette Halphen sotto l&#8217;egida della Fondazione dell&#8217;Ebraismo Francese (Fondation du Juda\u00efsme Fran\u00e7ais)<\/p>\n<p><a href=\"https:\/\/www.iemj.org\/it\/concert-de-melodies-hebraiques-pour-violoncelle-et-piano\/\" target=\"_blank\" rel=\"noopener\">Per saperne di pi\u00f9 sul concerto Melodie ebraiche del 9 febbraio 2022<\/a><\/p>\n<p><a href=\"https:\/\/www.iemj.org\/it\/produit\/hebrew-melodies\/\">Ordinare il CD M\u00e9lodies h\u00e9bra\u00efques, vol. 1<\/a><\/p>\n<p><a href=\"https:\/\/www.iemj.org\/it\/produit\/melodies-hebraiques-volume-2\/\" target=\"_blank\" rel=\"noopener\">Ordinare il CD M\u00e9lodies h\u00e9bra\u00efques, vol. 2<\/a><\/p>\n\n\n<figure class=\"wp-block-embed is-type-video is-provider-youtube wp-block-embed-youtube wp-embed-aspect-16-9 wp-has-aspect-ratio\"><div class=\"wp-block-embed__wrapper\">\n<iframe title=\"CONCERT M\u00c9LODIES H\u00c9BRA\u00cfQUES POUR VIOLONCELLE ET PIANO\" width=\"640\" height=\"360\" src=\"https:\/\/www.youtube.com\/embed\/iLMg5s3Zdwo?feature=oembed\" frameborder=\"0\" allow=\"accelerometer; autoplay; clipboard-write; encrypted-media; gyroscope; picture-in-picture; web-share\" referrerpolicy=\"strict-origin-when-cross-origin\" allowfullscreen><\/iframe>\n<\/div><figcaption>Estratti:<br><strong>00:08<\/strong>&nbsp;Ten Jewish songs (Jacob Weinberg)<br><strong>02:55<\/strong>&nbsp;Rozinkhes mit mandlen (Abraham Goldfaden)<br><strong>05:54<\/strong>&nbsp;Kaddisch (Maurice Ravel)<br><strong>07:00<\/strong>&nbsp;Pri\u00e8re (Fernand Halphen)<br><strong>08:16<\/strong>&nbsp;My Yiddishe Momme (Lew Pollack &amp; Jack Yellen) <br><strong>10:24<\/strong> Six Chants Populaires H\u00e9bra\u00efques&nbsp;(Darius Milhaud) <br><strong>11:44<\/strong> Drei Jiddische Lieder (Viktor Ullmann) <br><strong>13:35<\/strong> Seis Canciones populares sefardies (Joaquin Nin-Culmell) <br><strong>14:46<\/strong> Kol nidre (Mario Castelnuovo-Tedesco) <br><strong>15:45<\/strong> M\u00e9ditation h\u00e9bra\u00efque (Ernest Bloch) <br><strong>17:27<\/strong> De la po\u00e9sie populaire juive&nbsp;(n\u00b0 9, 7) (Dimitri Chostakovitch)<\/figcaption><\/figure>\n\n\n\n<div data-wp-interactive=\"core\/file\" class=\"wp-block-file\"><object data-wp-bind--hidden=\"!state.hasPdfPreview\" hidden class=\"wp-block-file__embed\" data=\"https:\/\/www.iemj.org\/wp-content\/uploads\/2022\/05\/Programme-Concert-Melodies-hebraiques.pdf\" type=\"application\/pdf\" style=\"width:100%;height:600px\" aria-label=\"Incorporamento di Embed of Programma del concerto Melodie ebraiche..\"><\/object><a id=\"wp-block-file--media-afecf44b-84ba-4534-9e71-76c7dd24a35b\" href=\"https:\/\/www.iemj.org\/wp-content\/uploads\/2022\/05\/Programme-Concert-Melodies-hebraiques.pdf\">Programma del concerto Melodie ebraiche<\/a><a href=\"https:\/\/www.iemj.org\/wp-content\/uploads\/2022\/05\/Programme-Concert-Melodies-hebraiques.pdf\" class=\"wp-block-file__button\" download aria-describedby=\"wp-block-file--media-afecf44b-84ba-4534-9e71-76c7dd24a35b\">Scaricare<\/a><\/div>\n\n\n\n<p><\/p>\n","protected":false},"excerpt":{"rendered":"<p>Guarda alcuni estratti del concerto della violoncellista Sarah Iancu e del pianista David Bismuth, che si \u00e8 tenuto il 9 febbraio 2022 alle ore 19.00, presso il MAHJ &#8211; Parigi,<\/p>\n","protected":false},"author":5,"featured_media":85119,"comment_status":"closed","ping_status":"open","sticky":false,"template":"","format":"standard","meta":{"_acf_changed":false,"footnotes":""},"categories":[1518],"tags":[],"technique":[],"squelettes":[],"sujet":[],"formation":[],"genre":[],"fonds":[],"tradition":[],"type-de-contenu":[],"interprete-compositeur":[3130,3144,3160,3255],"frise":[],"type-devenement":[],"tableaux-liens-externes":[],"class_list":["post-85391","post","type-post","status-publish","format-standard","has-post-thumbnail","hentry","category-concerti-film-it","interprete-compositeur-darius-milhaud-it","interprete-compositeur-ernest-bloch-it","interprete-compositeur-fernand-halphen-it","interprete-compositeur-maurice-ravel-2-it"],"acf":[],"yoast_head":"<!-- This site is optimized with the Yoast SEO plugin v27.3 - https:\/\/yoast.com\/product\/yoast-seo-wordpress\/ -->\n<title>CONCERTO MELODIE EBRAICHE 2 - Institut Europ\u00e9en des Musiques Juives<\/title>\n<meta name=\"robots\" content=\"index, follow, max-snippet:-1, max-image-preview:large, max-video-preview:-1\" \/>\n<link rel=\"canonical\" href=\"https:\/\/www.iemj.org\/it\/concert-melodies-hebraiques-2-2\/\" \/>\n<meta property=\"og:locale\" content=\"it_IT\" \/>\n<meta property=\"og:type\" content=\"article\" \/>\n<meta property=\"og:title\" content=\"CONCERTO MELODIE EBRAICHE 2 - Institut Europ\u00e9en des Musiques Juives\" \/>\n<meta property=\"og:description\" content=\"Guarda alcuni estratti del concerto della violoncellista Sarah Iancu e del pianista David Bismuth, che si \u00e8 tenuto il 9 febbraio 2022 alle ore 19.00, presso il MAHJ &#8211; Parigi,\" \/>\n<meta property=\"og:url\" content=\"https:\/\/www.iemj.org\/it\/concert-melodies-hebraiques-2-2\/\" \/>\n<meta property=\"og:site_name\" content=\"Institut Europ\u00e9en des Musiques Juives\" \/>\n<meta property=\"article:publisher\" content=\"https:\/\/www.facebook.com\/MusiquesJuives\/\" \/>\n<meta property=\"article:published_time\" content=\"2022-05-26T14:12:38+00:00\" \/>\n<meta property=\"article:modified_time\" content=\"2022-06-14T13:49:57+00:00\" \/>\n<meta property=\"og:image\" content=\"https:\/\/www.iemj.org\/wp-content\/uploads\/2022\/05\/Logo-Video.jpg\" \/>\n\t<meta property=\"og:image:width\" content=\"350\" \/>\n\t<meta property=\"og:image:height\" content=\"350\" \/>\n\t<meta property=\"og:image:type\" content=\"image\/jpeg\" \/>\n<meta name=\"author\" content=\"Jacqueline ROTEN\" \/>\n<meta name=\"twitter:card\" content=\"summary_large_image\" \/>\n<meta name=\"twitter:label1\" content=\"Scritto da\" \/>\n\t<meta name=\"twitter:data1\" content=\"Jacqueline ROTEN\" \/>\n\t<meta name=\"twitter:label2\" content=\"Tempo di lettura stimato\" \/>\n\t<meta name=\"twitter:data2\" content=\"1 minuto\" \/>\n<script type=\"application\/ld+json\" class=\"yoast-schema-graph\">{\"@context\":\"https:\\\/\\\/schema.org\",\"@graph\":[{\"@type\":\"Article\",\"@id\":\"https:\\\/\\\/www.iemj.org\\\/it\\\/concert-melodies-hebraiques-2-2\\\/#article\",\"isPartOf\":{\"@id\":\"https:\\\/\\\/www.iemj.org\\\/it\\\/concert-melodies-hebraiques-2-2\\\/\"},\"author\":{\"name\":\"Jacqueline ROTEN\",\"@id\":\"https:\\\/\\\/www.iemj.org\\\/it\\\/#\\\/schema\\\/person\\\/358e26c18aca017fcc4cc15437f7279c\"},\"headline\":\"CONCERTO MELODIE EBRAICHE 2\",\"datePublished\":\"2022-05-26T14:12:38+00:00\",\"dateModified\":\"2022-06-14T13:49:57+00:00\",\"mainEntityOfPage\":{\"@id\":\"https:\\\/\\\/www.iemj.org\\\/it\\\/concert-melodies-hebraiques-2-2\\\/\"},\"wordCount\":202,\"publisher\":{\"@id\":\"https:\\\/\\\/www.iemj.org\\\/it\\\/#organization\"},\"image\":{\"@id\":\"https:\\\/\\\/www.iemj.org\\\/it\\\/concert-melodies-hebraiques-2-2\\\/#primaryimage\"},\"thumbnailUrl\":\"https:\\\/\\\/www.iemj.org\\\/wp-content\\\/uploads\\\/2022\\\/05\\\/Logo-Video.jpg\",\"articleSection\":[\"Concerti\"],\"inLanguage\":\"it-IT\"},{\"@type\":\"WebPage\",\"@id\":\"https:\\\/\\\/www.iemj.org\\\/it\\\/concert-melodies-hebraiques-2-2\\\/\",\"url\":\"https:\\\/\\\/www.iemj.org\\\/it\\\/concert-melodies-hebraiques-2-2\\\/\",\"name\":\"CONCERTO MELODIE EBRAICHE 2 - Institut Europ\u00e9en des Musiques Juives\",\"isPartOf\":{\"@id\":\"https:\\\/\\\/www.iemj.org\\\/it\\\/#website\"},\"primaryImageOfPage\":{\"@id\":\"https:\\\/\\\/www.iemj.org\\\/it\\\/concert-melodies-hebraiques-2-2\\\/#primaryimage\"},\"image\":{\"@id\":\"https:\\\/\\\/www.iemj.org\\\/it\\\/concert-melodies-hebraiques-2-2\\\/#primaryimage\"},\"thumbnailUrl\":\"https:\\\/\\\/www.iemj.org\\\/wp-content\\\/uploads\\\/2022\\\/05\\\/Logo-Video.jpg\",\"datePublished\":\"2022-05-26T14:12:38+00:00\",\"dateModified\":\"2022-06-14T13:49:57+00:00\",\"breadcrumb\":{\"@id\":\"https:\\\/\\\/www.iemj.org\\\/it\\\/concert-melodies-hebraiques-2-2\\\/#breadcrumb\"},\"inLanguage\":\"it-IT\",\"potentialAction\":[{\"@type\":\"ReadAction\",\"target\":[\"https:\\\/\\\/www.iemj.org\\\/it\\\/concert-melodies-hebraiques-2-2\\\/\"]}]},{\"@type\":\"ImageObject\",\"inLanguage\":\"it-IT\",\"@id\":\"https:\\\/\\\/www.iemj.org\\\/it\\\/concert-melodies-hebraiques-2-2\\\/#primaryimage\",\"url\":\"https:\\\/\\\/www.iemj.org\\\/wp-content\\\/uploads\\\/2022\\\/05\\\/Logo-Video.jpg\",\"contentUrl\":\"https:\\\/\\\/www.iemj.org\\\/wp-content\\\/uploads\\\/2022\\\/05\\\/Logo-Video.jpg\",\"width\":350,\"height\":350},{\"@type\":\"BreadcrumbList\",\"@id\":\"https:\\\/\\\/www.iemj.org\\\/it\\\/concert-melodies-hebraiques-2-2\\\/#breadcrumb\",\"itemListElement\":[{\"@type\":\"ListItem\",\"position\":1,\"name\":\"Accueil\",\"item\":\"https:\\\/\\\/www.iemj.org\\\/it\\\/\"},{\"@type\":\"ListItem\",\"position\":2,\"name\":\"CONCERTO MELODIE EBRAICHE 2\"}]},{\"@type\":\"WebSite\",\"@id\":\"https:\\\/\\\/www.iemj.org\\\/it\\\/#website\",\"url\":\"https:\\\/\\\/www.iemj.org\\\/it\\\/\",\"name\":\"Institut Europ\u00e9en des Musiques Juives\",\"description\":\"Des traditions musicales \u00e0 la port\u00e9e de tous\",\"publisher\":{\"@id\":\"https:\\\/\\\/www.iemj.org\\\/it\\\/#organization\"},\"potentialAction\":[{\"@type\":\"SearchAction\",\"target\":{\"@type\":\"EntryPoint\",\"urlTemplate\":\"https:\\\/\\\/www.iemj.org\\\/it\\\/?s={search_term_string}\"},\"query-input\":{\"@type\":\"PropertyValueSpecification\",\"valueRequired\":true,\"valueName\":\"search_term_string\"}}],\"inLanguage\":\"it-IT\"},{\"@type\":\"Organization\",\"@id\":\"https:\\\/\\\/www.iemj.org\\\/it\\\/#organization\",\"name\":\"Institut Europ\u00e9en des Musiques Juives\",\"url\":\"https:\\\/\\\/www.iemj.org\\\/it\\\/\",\"logo\":{\"@type\":\"ImageObject\",\"inLanguage\":\"it-IT\",\"@id\":\"https:\\\/\\\/www.iemj.org\\\/it\\\/#\\\/schema\\\/logo\\\/image\\\/\",\"url\":\"https:\\\/\\\/www.iemj.org\\\/wp-content\\\/uploads\\\/2021\\\/09\\\/Logo-IEMJ-Paypal.jpg\",\"contentUrl\":\"https:\\\/\\\/www.iemj.org\\\/wp-content\\\/uploads\\\/2021\\\/09\\\/Logo-IEMJ-Paypal.jpg\",\"width\":150,\"height\":50,\"caption\":\"Institut Europ\u00e9en des Musiques Juives\"},\"image\":{\"@id\":\"https:\\\/\\\/www.iemj.org\\\/it\\\/#\\\/schema\\\/logo\\\/image\\\/\"},\"sameAs\":[\"https:\\\/\\\/www.facebook.com\\\/MusiquesJuives\\\/\",\"https:\\\/\\\/www.instagram.com\\\/musiquesjuives\\\/\",\"https:\\\/\\\/www.youtube.com\\\/user\\\/musiquesjuives\"]},{\"@type\":\"Person\",\"@id\":\"https:\\\/\\\/www.iemj.org\\\/it\\\/#\\\/schema\\\/person\\\/358e26c18aca017fcc4cc15437f7279c\",\"name\":\"Jacqueline ROTEN\",\"image\":{\"@type\":\"ImageObject\",\"inLanguage\":\"it-IT\",\"@id\":\"https:\\\/\\\/secure.gravatar.com\\\/avatar\\\/5964256d6c6957de3a3505278957e0fb2a35119ac47ea41827a65301213c810b?s=96&d=mm&r=g\",\"url\":\"https:\\\/\\\/secure.gravatar.com\\\/avatar\\\/5964256d6c6957de3a3505278957e0fb2a35119ac47ea41827a65301213c810b?s=96&d=mm&r=g\",\"contentUrl\":\"https:\\\/\\\/secure.gravatar.com\\\/avatar\\\/5964256d6c6957de3a3505278957e0fb2a35119ac47ea41827a65301213c810b?s=96&d=mm&r=g\",\"caption\":\"Jacqueline ROTEN\"}}]}<\/script>\n<!-- \/ Yoast SEO plugin. -->","yoast_head_json":{"title":"CONCERTO MELODIE EBRAICHE 2 - Institut Europ\u00e9en des Musiques Juives","robots":{"index":"index","follow":"follow","max-snippet":"max-snippet:-1","max-image-preview":"max-image-preview:large","max-video-preview":"max-video-preview:-1"},"canonical":"https:\/\/www.iemj.org\/it\/concert-melodies-hebraiques-2-2\/","og_locale":"it_IT","og_type":"article","og_title":"CONCERTO MELODIE EBRAICHE 2 - Institut Europ\u00e9en des Musiques Juives","og_description":"Guarda alcuni estratti del concerto della violoncellista Sarah Iancu e del pianista David Bismuth, che si \u00e8 tenuto il 9 febbraio 2022 alle ore 19.00, presso il MAHJ &#8211; Parigi,","og_url":"https:\/\/www.iemj.org\/it\/concert-melodies-hebraiques-2-2\/","og_site_name":"Institut Europ\u00e9en des Musiques Juives","article_publisher":"https:\/\/www.facebook.com\/MusiquesJuives\/","article_published_time":"2022-05-26T14:12:38+00:00","article_modified_time":"2022-06-14T13:49:57+00:00","og_image":[{"width":350,"height":350,"url":"https:\/\/www.iemj.org\/wp-content\/uploads\/2022\/05\/Logo-Video.jpg","type":"image\/jpeg"}],"author":"Jacqueline ROTEN","twitter_card":"summary_large_image","twitter_misc":{"Scritto da":"Jacqueline ROTEN","Tempo di lettura stimato":"1 minuto"},"schema":{"@context":"https:\/\/schema.org","@graph":[{"@type":"Article","@id":"https:\/\/www.iemj.org\/it\/concert-melodies-hebraiques-2-2\/#article","isPartOf":{"@id":"https:\/\/www.iemj.org\/it\/concert-melodies-hebraiques-2-2\/"},"author":{"name":"Jacqueline ROTEN","@id":"https:\/\/www.iemj.org\/it\/#\/schema\/person\/358e26c18aca017fcc4cc15437f7279c"},"headline":"CONCERTO MELODIE EBRAICHE 2","datePublished":"2022-05-26T14:12:38+00:00","dateModified":"2022-06-14T13:49:57+00:00","mainEntityOfPage":{"@id":"https:\/\/www.iemj.org\/it\/concert-melodies-hebraiques-2-2\/"},"wordCount":202,"publisher":{"@id":"https:\/\/www.iemj.org\/it\/#organization"},"image":{"@id":"https:\/\/www.iemj.org\/it\/concert-melodies-hebraiques-2-2\/#primaryimage"},"thumbnailUrl":"https:\/\/www.iemj.org\/wp-content\/uploads\/2022\/05\/Logo-Video.jpg","articleSection":["Concerti"],"inLanguage":"it-IT"},{"@type":"WebPage","@id":"https:\/\/www.iemj.org\/it\/concert-melodies-hebraiques-2-2\/","url":"https:\/\/www.iemj.org\/it\/concert-melodies-hebraiques-2-2\/","name":"CONCERTO MELODIE EBRAICHE 2 - Institut Europ\u00e9en des Musiques Juives","isPartOf":{"@id":"https:\/\/www.iemj.org\/it\/#website"},"primaryImageOfPage":{"@id":"https:\/\/www.iemj.org\/it\/concert-melodies-hebraiques-2-2\/#primaryimage"},"image":{"@id":"https:\/\/www.iemj.org\/it\/concert-melodies-hebraiques-2-2\/#primaryimage"},"thumbnailUrl":"https:\/\/www.iemj.org\/wp-content\/uploads\/2022\/05\/Logo-Video.jpg","datePublished":"2022-05-26T14:12:38+00:00","dateModified":"2022-06-14T13:49:57+00:00","breadcrumb":{"@id":"https:\/\/www.iemj.org\/it\/concert-melodies-hebraiques-2-2\/#breadcrumb"},"inLanguage":"it-IT","potentialAction":[{"@type":"ReadAction","target":["https:\/\/www.iemj.org\/it\/concert-melodies-hebraiques-2-2\/"]}]},{"@type":"ImageObject","inLanguage":"it-IT","@id":"https:\/\/www.iemj.org\/it\/concert-melodies-hebraiques-2-2\/#primaryimage","url":"https:\/\/www.iemj.org\/wp-content\/uploads\/2022\/05\/Logo-Video.jpg","contentUrl":"https:\/\/www.iemj.org\/wp-content\/uploads\/2022\/05\/Logo-Video.jpg","width":350,"height":350},{"@type":"BreadcrumbList","@id":"https:\/\/www.iemj.org\/it\/concert-melodies-hebraiques-2-2\/#breadcrumb","itemListElement":[{"@type":"ListItem","position":1,"name":"Accueil","item":"https:\/\/www.iemj.org\/it\/"},{"@type":"ListItem","position":2,"name":"CONCERTO MELODIE EBRAICHE 2"}]},{"@type":"WebSite","@id":"https:\/\/www.iemj.org\/it\/#website","url":"https:\/\/www.iemj.org\/it\/","name":"Institut Europ\u00e9en des Musiques Juives","description":"Des traditions musicales \u00e0 la port\u00e9e de tous","publisher":{"@id":"https:\/\/www.iemj.org\/it\/#organization"},"potentialAction":[{"@type":"SearchAction","target":{"@type":"EntryPoint","urlTemplate":"https:\/\/www.iemj.org\/it\/?s={search_term_string}"},"query-input":{"@type":"PropertyValueSpecification","valueRequired":true,"valueName":"search_term_string"}}],"inLanguage":"it-IT"},{"@type":"Organization","@id":"https:\/\/www.iemj.org\/it\/#organization","name":"Institut Europ\u00e9en des Musiques Juives","url":"https:\/\/www.iemj.org\/it\/","logo":{"@type":"ImageObject","inLanguage":"it-IT","@id":"https:\/\/www.iemj.org\/it\/#\/schema\/logo\/image\/","url":"https:\/\/www.iemj.org\/wp-content\/uploads\/2021\/09\/Logo-IEMJ-Paypal.jpg","contentUrl":"https:\/\/www.iemj.org\/wp-content\/uploads\/2021\/09\/Logo-IEMJ-Paypal.jpg","width":150,"height":50,"caption":"Institut Europ\u00e9en des Musiques Juives"},"image":{"@id":"https:\/\/www.iemj.org\/it\/#\/schema\/logo\/image\/"},"sameAs":["https:\/\/www.facebook.com\/MusiquesJuives\/","https:\/\/www.instagram.com\/musiquesjuives\/","https:\/\/www.youtube.com\/user\/musiquesjuives"]},{"@type":"Person","@id":"https:\/\/www.iemj.org\/it\/#\/schema\/person\/358e26c18aca017fcc4cc15437f7279c","name":"Jacqueline ROTEN","image":{"@type":"ImageObject","inLanguage":"it-IT","@id":"https:\/\/secure.gravatar.com\/avatar\/5964256d6c6957de3a3505278957e0fb2a35119ac47ea41827a65301213c810b?s=96&d=mm&r=g","url":"https:\/\/secure.gravatar.com\/avatar\/5964256d6c6957de3a3505278957e0fb2a35119ac47ea41827a65301213c810b?s=96&d=mm&r=g","contentUrl":"https:\/\/secure.gravatar.com\/avatar\/5964256d6c6957de3a3505278957e0fb2a35119ac47ea41827a65301213c810b?s=96&d=mm&r=g","caption":"Jacqueline ROTEN"}}]}},"_links":{"self":[{"href":"https:\/\/www.iemj.org\/it\/wp-json\/wp\/v2\/posts\/85391","targetHints":{"allow":["GET"]}}],"collection":[{"href":"https:\/\/www.iemj.org\/it\/wp-json\/wp\/v2\/posts"}],"about":[{"href":"https:\/\/www.iemj.org\/it\/wp-json\/wp\/v2\/types\/post"}],"author":[{"embeddable":true,"href":"https:\/\/www.iemj.org\/it\/wp-json\/wp\/v2\/users\/5"}],"replies":[{"embeddable":true,"href":"https:\/\/www.iemj.org\/it\/wp-json\/wp\/v2\/comments?post=85391"}],"version-history":[{"count":0,"href":"https:\/\/www.iemj.org\/it\/wp-json\/wp\/v2\/posts\/85391\/revisions"}],"wp:featuredmedia":[{"embeddable":true,"href":"https:\/\/www.iemj.org\/it\/wp-json\/wp\/v2\/media\/85119"}],"wp:attachment":[{"href":"https:\/\/www.iemj.org\/it\/wp-json\/wp\/v2\/media?parent=85391"}],"wp:term":[{"taxonomy":"category","embeddable":true,"href":"https:\/\/www.iemj.org\/it\/wp-json\/wp\/v2\/categories?post=85391"},{"taxonomy":"post_tag","embeddable":true,"href":"https:\/\/www.iemj.org\/it\/wp-json\/wp\/v2\/tags?post=85391"},{"taxonomy":"technique","embeddable":true,"href":"https:\/\/www.iemj.org\/it\/wp-json\/wp\/v2\/technique?post=85391"},{"taxonomy":"squelettes","embeddable":true,"href":"https:\/\/www.iemj.org\/it\/wp-json\/wp\/v2\/squelettes?post=85391"},{"taxonomy":"sujet","embeddable":true,"href":"https:\/\/www.iemj.org\/it\/wp-json\/wp\/v2\/sujet?post=85391"},{"taxonomy":"formation","embeddable":true,"href":"https:\/\/www.iemj.org\/it\/wp-json\/wp\/v2\/formation?post=85391"},{"taxonomy":"genre","embeddable":true,"href":"https:\/\/www.iemj.org\/it\/wp-json\/wp\/v2\/genre?post=85391"},{"taxonomy":"fonds","embeddable":true,"href":"https:\/\/www.iemj.org\/it\/wp-json\/wp\/v2\/fonds?post=85391"},{"taxonomy":"tradition","embeddable":true,"href":"https:\/\/www.iemj.org\/it\/wp-json\/wp\/v2\/tradition?post=85391"},{"taxonomy":"type-de-contenu","embeddable":true,"href":"https:\/\/www.iemj.org\/it\/wp-json\/wp\/v2\/type-de-contenu?post=85391"},{"taxonomy":"interprete-compositeur","embeddable":true,"href":"https:\/\/www.iemj.org\/it\/wp-json\/wp\/v2\/interprete-compositeur?post=85391"},{"taxonomy":"frise","embeddable":true,"href":"https:\/\/www.iemj.org\/it\/wp-json\/wp\/v2\/frise?post=85391"},{"taxonomy":"type-devenement","embeddable":true,"href":"https:\/\/www.iemj.org\/it\/wp-json\/wp\/v2\/type-devenement?post=85391"},{"taxonomy":"tableaux-liens-externes","embeddable":true,"href":"https:\/\/www.iemj.org\/it\/wp-json\/wp\/v2\/tableaux-liens-externes?post=85391"}],"curies":[{"name":"wp","href":"https:\/\/api.w.org\/{rel}","templated":true}]}}