{"id":85985,"date":"2018-07-10T11:10:29","date_gmt":"2018-07-10T09:10:29","guid":{"rendered":"https:\/\/www.iemj.org\/la-playlist-judeo-espagnole-de-lete\/"},"modified":"2025-07-08T16:06:40","modified_gmt":"2025-07-08T14:06:40","slug":"la-playlist-judeo-espagnole-de-lete","status":"publish","type":"post","link":"https:\/\/www.iemj.org\/it\/la-playlist-judeo-espagnole-de-lete\/","title":{"rendered":"La playlist giudeo spagnola dell&#8217;estate&#8230;"},"content":{"rendered":"<p><strong>Scoprite una selezione di canzoni giudeo-spagnole, tutte tratte dalle nostre collezioni, che vi permetteranno di aspettare l&#8217;inizio del nuovo anno scolastico in buona compagnia<\/strong><\/p>\n<p><!--more-->Queste melodie, che evocano l&#8217;amore filiale e parentale, l&#8217;infanzia, i rischi della vita ed i canti di festa, vi inviteranno a viaggiare sulle rive del Mediterraneo (Marocco, Salonicco, Turchia&#8230;)<\/p>\n\n<div class=\"wp-block-image\">\n<figure class=\"aligncenter size-large\"><img fetchpriority=\"high\" decoding=\"async\" width=\"1024\" height=\"133\" src=\"https:\/\/www.iemj.org\/wp-content\/uploads\/2024\/03\/AUDIO-PLAYER-1024x133.png\" alt=\"\" class=\"wp-image-110609\" srcset=\"https:\/\/www.iemj.org\/wp-content\/uploads\/2024\/03\/AUDIO-PLAYER-1024x133.png 1024w, https:\/\/www.iemj.org\/wp-content\/uploads\/2024\/03\/AUDIO-PLAYER-300x39.png 300w, https:\/\/www.iemj.org\/wp-content\/uploads\/2024\/03\/AUDIO-PLAYER-768x100.png 768w, https:\/\/www.iemj.org\/wp-content\/uploads\/2024\/03\/AUDIO-PLAYER-600x78.png 600w, https:\/\/www.iemj.org\/wp-content\/uploads\/2024\/03\/AUDIO-PLAYER.png 1210w\" sizes=\"(max-width: 1024px) 100vw, 1024px\" \/><\/figure>\n<\/div>\n\n\n<div class=\"wp-block-file\"><a id=\"wp-block-file--media-b0131057-895a-41a5-a71d-99d16ed4f1bc\" href=\"https:\/\/www.iemj.org\/wp-content\/uploads\/2018\/07\/adiyo_-_sandra_bessis_extrait_.mp3\">Adiyo &#8211; Sandra Bessis (EXTRAIT)<\/a><\/div>\n\n\n\n<div class=\"wp-block-file\"><a id=\"wp-block-file--media-df88cd07-a5cc-40d0-af38-3b0e4527efed\" href=\"https:\/\/www.iemj.org\/wp-content\/uploads\/2018\/07\/arvolera_-_pedro_aledo_extrait_.mp3\">Arvolera &#8211; Pedro Aledo (EXTRAIT)<\/a><\/div>\n\n\n\n<div class=\"wp-block-file\"><a id=\"wp-block-file--media-a2d328d2-a2b6-42d0-8fc7-3e00e52ed06b\" href=\"https:\/\/www.iemj.org\/wp-content\/uploads\/2018\/07\/eskutchy_senyor_soldado_-_henriette_azen_maroc_.mp3\">Eskutchy Senyor soldado &#8211; Henriette Azen (Maroc)<\/a><\/div>\n\n\n\n<div class=\"wp-block-file\"><a id=\"wp-block-file--media-1b97ce76-5eb6-4b87-802b-9f11e4daad36\" href=\"https:\/\/www.iemj.org\/wp-content\/uploads\/2018\/07\/quen_suspiense_y_entendiese_-_yehoram_gaon_pessah_.mp3\">Quen Suspiense y Entendiese &#8211; Yehoram Gaon (Pessah)<\/a><\/div>\n\n\n\n<div class=\"wp-block-file\"><a id=\"wp-block-file--media-071d5dfe-e3de-4aee-8586-5fb93b269d84\" href=\"https:\/\/www.iemj.org\/wp-content\/uploads\/2018\/07\/nani-nani_-_sarah_gorby.mp3\">Nani-Nani &#8211; Sarah Gorby<\/a><\/div>\n\n\n\n<div class=\"wp-block-file\"><a id=\"wp-block-file--media-c5007ade-ef70-4d48-8bc2-d17bf0d0bfcb\" href=\"https:\/\/www.iemj.org\/wp-content\/uploads\/2018\/07\/un_cavritico_-_yehoram_gaon_pessah_.mp3\">Un Cavritico &#8211; Yehoram Gaon (Pessah)<\/a><\/div>\n\n\n\n<div class=\"wp-block-file\"><a id=\"wp-block-file--media-aef121b6-b08b-4645-bf6f-5ddbeb148331\" href=\"https:\/\/www.iemj.org\/wp-content\/uploads\/2018\/07\/tres_hermanicas_eran_-_eleonora_noga_alberti.mp3\">Tres Hermanicas eran &#8211; Eleonora Noga Alberti<\/a><\/div>\n\n\n\n<div class=\"wp-block-file\"><a id=\"wp-block-file--media-47e0fa86-f139-4453-9050-fbc966066941\" href=\"https:\/\/www.iemj.org\/wp-content\/uploads\/2018\/07\/avre_tu_puerta_cerrada_-_the_parvarim.mp3\">Avre tu Puerta Cerrada &#8211; The Parvarim<\/a><\/div>\n\n\n\n<div class=\"wp-block-file\"><a id=\"wp-block-file--media-b005a8a4-2113-4945-8b13-4385651768d1\" href=\"https:\/\/www.iemj.org\/wp-content\/uploads\/2018\/07\/de_edad_de_quinze_anos_-_michele_bacynsky.mp3\">De edad de quinze anos &#8211; Michele Bacynsky<\/a><\/div>\n\n\n\n<div class=\"wp-block-file\"><a id=\"wp-block-file--media-ae47711a-8f19-4146-90d1-48a32b262b33\" href=\"https:\/\/www.iemj.org\/wp-content\/uploads\/2018\/07\/durme_-_rema_samsonov.mp3\">Durme &#8211; Rema Samsonov<\/a><\/div>\n\n\n\n<div class=\"wp-block-file\"><a id=\"wp-block-file--media-884e4860-4305-4c36-806d-a83d40ed70cd\" href=\"https:\/\/www.iemj.org\/wp-content\/uploads\/2018\/07\/h_ad_gadiah_rite_maroc_et_salonique_.mp3\">H&#8217;ad Gadiah (rite Maroc et Salonique)<\/a><\/div>\n\n\n\n<div class=\"wp-block-file\"><a id=\"wp-block-file--media-e4e63a27-748c-449d-9271-b12988d49632\" href=\"https:\/\/www.iemj.org\/wp-content\/uploads\/2018\/07\/la_vida_es_un_pasahe_-_henriette_azen_maroc_.mp3\">La vida es un pasahe &#8211; Henriette Azen (Maroc)<\/a><\/div>\n\n\n\n<div class=\"wp-block-file\"><a id=\"wp-block-file--media-6015681b-866c-4e87-a2dd-ea7f4ebdc57c\" href=\"https:\/\/www.iemj.org\/wp-content\/uploads\/2018\/07\/mi_coracon_-_sarah_gorby.mp3\">Mi Cora\u00e7on &#8211; Sarah Gorby<\/a><\/div>\n\n\n\n<div class=\"wp-block-file\"><a id=\"wp-block-file--media-f5ab9a56-f0d1-4582-93f1-2aa134fa0621\" href=\"https:\/\/www.iemj.org\/wp-content\/uploads\/2018\/07\/paxaro_d_hermozura_-_the_parvarim.mp3\">Paxaro d\u2019hermozura &#8211; The Parvarim<\/a><\/div>\n\n\n\n<div class=\"wp-block-file\"><a id=\"wp-block-file--media-06793c01-be9e-40b1-9659-df1c7c119ba9\" href=\"https:\/\/www.iemj.org\/wp-content\/uploads\/2018\/07\/en_la_mar_ay_una_torre_-_pedro_aledo_extrait_.mp3\">En la Mar Ay una Torre &#8211; Pedro Aledo (EXTRAIT)<\/a><\/div>\n\n\n\n<div class=\"wp-block-file\"><a id=\"wp-block-file--media-ed216f03-8f06-4ef7-82b9-ceeee89e8cdb\" href=\"https:\/\/www.iemj.org\/wp-content\/uploads\/2018\/07\/sol_la_saddika_-_henriette_azen_maroc_.mp3\">Sol la Saddika &#8211; Henriette Azen (Maroc)<\/a><\/div>\n\n\n\n<div class=\"wp-block-file\"><a id=\"wp-block-file--media-f13de2e9-c8b9-4c97-9dfc-fb164b154f72\" href=\"https:\/\/www.iemj.org\/wp-content\/uploads\/2018\/07\/sovre_une_cuanta_mas_-_yehoram_gaon_pessah_.mp3\">Sovre une cuanta mas &#8211; Yehoram Gaon (Pessah)<\/a><\/div>\n\n\n\n<div class=\"wp-block-file\"><a id=\"wp-block-file--media-3cb00b5a-33a6-4cf8-91eb-2a9f8fe3e578\" href=\"https:\/\/www.iemj.org\/wp-content\/uploads\/2018\/07\/ladino_medley_-_aleph_duo.mp3\">Ladino Medley &#8211;  Aleph Duo<\/a><\/div>\n\n\n\n<div class=\"wp-block-file\"><a id=\"wp-block-file--media-b406c514-4904-4f18-ab59-49a8b2335df7\" href=\"https:\/\/www.iemj.org\/wp-content\/uploads\/2018\/07\/ir_me_quero_madre_a_yerushalayim_-_rema_samsonov.mp3\">Ir me quero madre a yerushalayim &#8211; Rema Samsonov<\/a><\/div>\n","protected":false},"excerpt":{"rendered":"<p>Scoprite una selezione di canzoni giudeo-spagnole, tutte tratte dalle nostre collezioni, che vi permetteranno di aspettare l&#8217;inizio del nuovo anno scolastico in buona compagnia<\/p>\n","protected":false},"author":5,"featured_media":99235,"comment_status":"closed","ping_status":"open","sticky":false,"template":"","format":"standard","meta":{"_acf_changed":false,"footnotes":""},"categories":[1536],"tags":[],"technique":[],"squelettes":[],"sujet":[],"formation":[],"genre":[1675],"fonds":[],"tradition":[],"type-de-contenu":[],"interprete-compositeur":[],"frise":[],"type-devenement":[],"tableaux-liens-externes":[],"class_list":["post-85985","post","type-post","status-publish","format-standard","has-post-thumbnail","hentry","category-playlist-it","genre-giudeo-spagnolo-it"],"acf":[],"yoast_head":"<!-- This site is optimized with the Yoast SEO plugin v27.3 - https:\/\/yoast.com\/product\/yoast-seo-wordpress\/ -->\n<title>La playlist giudeo spagnola dell&#039;estate... - Institut Europ\u00e9en des Musiques Juives<\/title>\n<meta name=\"robots\" content=\"index, follow, max-snippet:-1, max-image-preview:large, max-video-preview:-1\" \/>\n<link rel=\"canonical\" href=\"https:\/\/www.iemj.org\/it\/la-playlist-judeo-espagnole-de-lete\/\" \/>\n<meta property=\"og:locale\" content=\"it_IT\" \/>\n<meta property=\"og:type\" content=\"article\" \/>\n<meta property=\"og:title\" content=\"La playlist giudeo spagnola dell&#039;estate... - Institut Europ\u00e9en des Musiques Juives\" \/>\n<meta property=\"og:description\" content=\"Scoprite una selezione di canzoni giudeo-spagnole, tutte tratte dalle nostre collezioni, che vi permetteranno di aspettare l&#8217;inizio del nuovo anno scolastico in buona compagnia\" \/>\n<meta property=\"og:url\" content=\"https:\/\/www.iemj.org\/it\/la-playlist-judeo-espagnole-de-lete\/\" \/>\n<meta property=\"og:site_name\" content=\"Institut Europ\u00e9en des Musiques Juives\" \/>\n<meta property=\"article:publisher\" content=\"https:\/\/www.facebook.com\/MusiquesJuives\/\" \/>\n<meta property=\"article:published_time\" content=\"2018-07-10T09:10:29+00:00\" \/>\n<meta property=\"article:modified_time\" content=\"2025-07-08T14:06:40+00:00\" \/>\n<meta property=\"og:image\" content=\"https:\/\/www.iemj.org\/wp-content\/uploads\/2018\/07\/Logo-playlist-judeo-esp-1.jpg\" \/>\n\t<meta property=\"og:image:width\" content=\"500\" \/>\n\t<meta property=\"og:image:height\" content=\"500\" \/>\n\t<meta property=\"og:image:type\" content=\"image\/jpeg\" \/>\n<meta name=\"author\" content=\"Jacqueline ROTEN\" \/>\n<meta name=\"twitter:card\" content=\"summary_large_image\" \/>\n<meta name=\"twitter:label1\" content=\"Scritto da\" \/>\n\t<meta name=\"twitter:data1\" content=\"Jacqueline ROTEN\" \/>\n\t<meta name=\"twitter:label2\" content=\"Tempo di lettura stimato\" \/>\n\t<meta name=\"twitter:data2\" content=\"2 minuti\" \/>\n<script type=\"application\/ld+json\" class=\"yoast-schema-graph\">{\"@context\":\"https:\\\/\\\/schema.org\",\"@graph\":[{\"@type\":\"Article\",\"@id\":\"https:\\\/\\\/www.iemj.org\\\/it\\\/la-playlist-judeo-espagnole-de-lete\\\/#article\",\"isPartOf\":{\"@id\":\"https:\\\/\\\/www.iemj.org\\\/it\\\/la-playlist-judeo-espagnole-de-lete\\\/\"},\"author\":{\"name\":\"Jacqueline ROTEN\",\"@id\":\"https:\\\/\\\/www.iemj.org\\\/it\\\/#\\\/schema\\\/person\\\/358e26c18aca017fcc4cc15437f7279c\"},\"headline\":\"La playlist giudeo spagnola dell&#8217;estate&#8230;\",\"datePublished\":\"2018-07-10T09:10:29+00:00\",\"dateModified\":\"2025-07-08T14:06:40+00:00\",\"mainEntityOfPage\":{\"@id\":\"https:\\\/\\\/www.iemj.org\\\/it\\\/la-playlist-judeo-espagnole-de-lete\\\/\"},\"wordCount\":190,\"publisher\":{\"@id\":\"https:\\\/\\\/www.iemj.org\\\/it\\\/#organization\"},\"image\":{\"@id\":\"https:\\\/\\\/www.iemj.org\\\/it\\\/la-playlist-judeo-espagnole-de-lete\\\/#primaryimage\"},\"thumbnailUrl\":\"https:\\\/\\\/www.iemj.org\\\/wp-content\\\/uploads\\\/2018\\\/07\\\/Logo-playlist-judeo-esp-1.jpg\",\"articleSection\":[\"Playlist\"],\"inLanguage\":\"it-IT\"},{\"@type\":\"WebPage\",\"@id\":\"https:\\\/\\\/www.iemj.org\\\/it\\\/la-playlist-judeo-espagnole-de-lete\\\/\",\"url\":\"https:\\\/\\\/www.iemj.org\\\/it\\\/la-playlist-judeo-espagnole-de-lete\\\/\",\"name\":\"La playlist giudeo spagnola dell'estate... - Institut Europ\u00e9en des Musiques Juives\",\"isPartOf\":{\"@id\":\"https:\\\/\\\/www.iemj.org\\\/it\\\/#website\"},\"primaryImageOfPage\":{\"@id\":\"https:\\\/\\\/www.iemj.org\\\/it\\\/la-playlist-judeo-espagnole-de-lete\\\/#primaryimage\"},\"image\":{\"@id\":\"https:\\\/\\\/www.iemj.org\\\/it\\\/la-playlist-judeo-espagnole-de-lete\\\/#primaryimage\"},\"thumbnailUrl\":\"https:\\\/\\\/www.iemj.org\\\/wp-content\\\/uploads\\\/2018\\\/07\\\/Logo-playlist-judeo-esp-1.jpg\",\"datePublished\":\"2018-07-10T09:10:29+00:00\",\"dateModified\":\"2025-07-08T14:06:40+00:00\",\"breadcrumb\":{\"@id\":\"https:\\\/\\\/www.iemj.org\\\/it\\\/la-playlist-judeo-espagnole-de-lete\\\/#breadcrumb\"},\"inLanguage\":\"it-IT\",\"potentialAction\":[{\"@type\":\"ReadAction\",\"target\":[\"https:\\\/\\\/www.iemj.org\\\/it\\\/la-playlist-judeo-espagnole-de-lete\\\/\"]}]},{\"@type\":\"ImageObject\",\"inLanguage\":\"it-IT\",\"@id\":\"https:\\\/\\\/www.iemj.org\\\/it\\\/la-playlist-judeo-espagnole-de-lete\\\/#primaryimage\",\"url\":\"https:\\\/\\\/www.iemj.org\\\/wp-content\\\/uploads\\\/2018\\\/07\\\/Logo-playlist-judeo-esp-1.jpg\",\"contentUrl\":\"https:\\\/\\\/www.iemj.org\\\/wp-content\\\/uploads\\\/2018\\\/07\\\/Logo-playlist-judeo-esp-1.jpg\",\"width\":500,\"height\":500},{\"@type\":\"BreadcrumbList\",\"@id\":\"https:\\\/\\\/www.iemj.org\\\/it\\\/la-playlist-judeo-espagnole-de-lete\\\/#breadcrumb\",\"itemListElement\":[{\"@type\":\"ListItem\",\"position\":1,\"name\":\"Accueil\",\"item\":\"https:\\\/\\\/www.iemj.org\\\/it\\\/\"},{\"@type\":\"ListItem\",\"position\":2,\"name\":\"La playlist giudeo spagnola dell&#8217;estate&#8230;\"}]},{\"@type\":\"WebSite\",\"@id\":\"https:\\\/\\\/www.iemj.org\\\/it\\\/#website\",\"url\":\"https:\\\/\\\/www.iemj.org\\\/it\\\/\",\"name\":\"Institut Europ\u00e9en des Musiques Juives\",\"description\":\"Des traditions musicales \u00e0 la port\u00e9e de tous\",\"publisher\":{\"@id\":\"https:\\\/\\\/www.iemj.org\\\/it\\\/#organization\"},\"potentialAction\":[{\"@type\":\"SearchAction\",\"target\":{\"@type\":\"EntryPoint\",\"urlTemplate\":\"https:\\\/\\\/www.iemj.org\\\/it\\\/?s={search_term_string}\"},\"query-input\":{\"@type\":\"PropertyValueSpecification\",\"valueRequired\":true,\"valueName\":\"search_term_string\"}}],\"inLanguage\":\"it-IT\"},{\"@type\":\"Organization\",\"@id\":\"https:\\\/\\\/www.iemj.org\\\/it\\\/#organization\",\"name\":\"Institut Europ\u00e9en des Musiques Juives\",\"url\":\"https:\\\/\\\/www.iemj.org\\\/it\\\/\",\"logo\":{\"@type\":\"ImageObject\",\"inLanguage\":\"it-IT\",\"@id\":\"https:\\\/\\\/www.iemj.org\\\/it\\\/#\\\/schema\\\/logo\\\/image\\\/\",\"url\":\"https:\\\/\\\/www.iemj.org\\\/wp-content\\\/uploads\\\/2021\\\/09\\\/Logo-IEMJ-Paypal.jpg\",\"contentUrl\":\"https:\\\/\\\/www.iemj.org\\\/wp-content\\\/uploads\\\/2021\\\/09\\\/Logo-IEMJ-Paypal.jpg\",\"width\":150,\"height\":50,\"caption\":\"Institut Europ\u00e9en des Musiques Juives\"},\"image\":{\"@id\":\"https:\\\/\\\/www.iemj.org\\\/it\\\/#\\\/schema\\\/logo\\\/image\\\/\"},\"sameAs\":[\"https:\\\/\\\/www.facebook.com\\\/MusiquesJuives\\\/\",\"https:\\\/\\\/www.instagram.com\\\/musiquesjuives\\\/\",\"https:\\\/\\\/www.youtube.com\\\/user\\\/musiquesjuives\"]},{\"@type\":\"Person\",\"@id\":\"https:\\\/\\\/www.iemj.org\\\/it\\\/#\\\/schema\\\/person\\\/358e26c18aca017fcc4cc15437f7279c\",\"name\":\"Jacqueline ROTEN\",\"image\":{\"@type\":\"ImageObject\",\"inLanguage\":\"it-IT\",\"@id\":\"https:\\\/\\\/secure.gravatar.com\\\/avatar\\\/5964256d6c6957de3a3505278957e0fb2a35119ac47ea41827a65301213c810b?s=96&d=mm&r=g\",\"url\":\"https:\\\/\\\/secure.gravatar.com\\\/avatar\\\/5964256d6c6957de3a3505278957e0fb2a35119ac47ea41827a65301213c810b?s=96&d=mm&r=g\",\"contentUrl\":\"https:\\\/\\\/secure.gravatar.com\\\/avatar\\\/5964256d6c6957de3a3505278957e0fb2a35119ac47ea41827a65301213c810b?s=96&d=mm&r=g\",\"caption\":\"Jacqueline ROTEN\"}}]}<\/script>\n<!-- \/ Yoast SEO plugin. -->","yoast_head_json":{"title":"La playlist giudeo spagnola dell'estate... - Institut Europ\u00e9en des Musiques Juives","robots":{"index":"index","follow":"follow","max-snippet":"max-snippet:-1","max-image-preview":"max-image-preview:large","max-video-preview":"max-video-preview:-1"},"canonical":"https:\/\/www.iemj.org\/it\/la-playlist-judeo-espagnole-de-lete\/","og_locale":"it_IT","og_type":"article","og_title":"La playlist giudeo spagnola dell'estate... - Institut Europ\u00e9en des Musiques Juives","og_description":"Scoprite una selezione di canzoni giudeo-spagnole, tutte tratte dalle nostre collezioni, che vi permetteranno di aspettare l&#8217;inizio del nuovo anno scolastico in buona compagnia","og_url":"https:\/\/www.iemj.org\/it\/la-playlist-judeo-espagnole-de-lete\/","og_site_name":"Institut Europ\u00e9en des Musiques Juives","article_publisher":"https:\/\/www.facebook.com\/MusiquesJuives\/","article_published_time":"2018-07-10T09:10:29+00:00","article_modified_time":"2025-07-08T14:06:40+00:00","og_image":[{"width":500,"height":500,"url":"https:\/\/www.iemj.org\/wp-content\/uploads\/2018\/07\/Logo-playlist-judeo-esp-1.jpg","type":"image\/jpeg"}],"author":"Jacqueline ROTEN","twitter_card":"summary_large_image","twitter_misc":{"Scritto da":"Jacqueline ROTEN","Tempo di lettura stimato":"2 minuti"},"schema":{"@context":"https:\/\/schema.org","@graph":[{"@type":"Article","@id":"https:\/\/www.iemj.org\/it\/la-playlist-judeo-espagnole-de-lete\/#article","isPartOf":{"@id":"https:\/\/www.iemj.org\/it\/la-playlist-judeo-espagnole-de-lete\/"},"author":{"name":"Jacqueline ROTEN","@id":"https:\/\/www.iemj.org\/it\/#\/schema\/person\/358e26c18aca017fcc4cc15437f7279c"},"headline":"La playlist giudeo spagnola dell&#8217;estate&#8230;","datePublished":"2018-07-10T09:10:29+00:00","dateModified":"2025-07-08T14:06:40+00:00","mainEntityOfPage":{"@id":"https:\/\/www.iemj.org\/it\/la-playlist-judeo-espagnole-de-lete\/"},"wordCount":190,"publisher":{"@id":"https:\/\/www.iemj.org\/it\/#organization"},"image":{"@id":"https:\/\/www.iemj.org\/it\/la-playlist-judeo-espagnole-de-lete\/#primaryimage"},"thumbnailUrl":"https:\/\/www.iemj.org\/wp-content\/uploads\/2018\/07\/Logo-playlist-judeo-esp-1.jpg","articleSection":["Playlist"],"inLanguage":"it-IT"},{"@type":"WebPage","@id":"https:\/\/www.iemj.org\/it\/la-playlist-judeo-espagnole-de-lete\/","url":"https:\/\/www.iemj.org\/it\/la-playlist-judeo-espagnole-de-lete\/","name":"La playlist giudeo spagnola dell'estate... - Institut Europ\u00e9en des Musiques Juives","isPartOf":{"@id":"https:\/\/www.iemj.org\/it\/#website"},"primaryImageOfPage":{"@id":"https:\/\/www.iemj.org\/it\/la-playlist-judeo-espagnole-de-lete\/#primaryimage"},"image":{"@id":"https:\/\/www.iemj.org\/it\/la-playlist-judeo-espagnole-de-lete\/#primaryimage"},"thumbnailUrl":"https:\/\/www.iemj.org\/wp-content\/uploads\/2018\/07\/Logo-playlist-judeo-esp-1.jpg","datePublished":"2018-07-10T09:10:29+00:00","dateModified":"2025-07-08T14:06:40+00:00","breadcrumb":{"@id":"https:\/\/www.iemj.org\/it\/la-playlist-judeo-espagnole-de-lete\/#breadcrumb"},"inLanguage":"it-IT","potentialAction":[{"@type":"ReadAction","target":["https:\/\/www.iemj.org\/it\/la-playlist-judeo-espagnole-de-lete\/"]}]},{"@type":"ImageObject","inLanguage":"it-IT","@id":"https:\/\/www.iemj.org\/it\/la-playlist-judeo-espagnole-de-lete\/#primaryimage","url":"https:\/\/www.iemj.org\/wp-content\/uploads\/2018\/07\/Logo-playlist-judeo-esp-1.jpg","contentUrl":"https:\/\/www.iemj.org\/wp-content\/uploads\/2018\/07\/Logo-playlist-judeo-esp-1.jpg","width":500,"height":500},{"@type":"BreadcrumbList","@id":"https:\/\/www.iemj.org\/it\/la-playlist-judeo-espagnole-de-lete\/#breadcrumb","itemListElement":[{"@type":"ListItem","position":1,"name":"Accueil","item":"https:\/\/www.iemj.org\/it\/"},{"@type":"ListItem","position":2,"name":"La playlist giudeo spagnola dell&#8217;estate&#8230;"}]},{"@type":"WebSite","@id":"https:\/\/www.iemj.org\/it\/#website","url":"https:\/\/www.iemj.org\/it\/","name":"Institut Europ\u00e9en des Musiques Juives","description":"Des traditions musicales \u00e0 la port\u00e9e de tous","publisher":{"@id":"https:\/\/www.iemj.org\/it\/#organization"},"potentialAction":[{"@type":"SearchAction","target":{"@type":"EntryPoint","urlTemplate":"https:\/\/www.iemj.org\/it\/?s={search_term_string}"},"query-input":{"@type":"PropertyValueSpecification","valueRequired":true,"valueName":"search_term_string"}}],"inLanguage":"it-IT"},{"@type":"Organization","@id":"https:\/\/www.iemj.org\/it\/#organization","name":"Institut Europ\u00e9en des Musiques Juives","url":"https:\/\/www.iemj.org\/it\/","logo":{"@type":"ImageObject","inLanguage":"it-IT","@id":"https:\/\/www.iemj.org\/it\/#\/schema\/logo\/image\/","url":"https:\/\/www.iemj.org\/wp-content\/uploads\/2021\/09\/Logo-IEMJ-Paypal.jpg","contentUrl":"https:\/\/www.iemj.org\/wp-content\/uploads\/2021\/09\/Logo-IEMJ-Paypal.jpg","width":150,"height":50,"caption":"Institut Europ\u00e9en des Musiques Juives"},"image":{"@id":"https:\/\/www.iemj.org\/it\/#\/schema\/logo\/image\/"},"sameAs":["https:\/\/www.facebook.com\/MusiquesJuives\/","https:\/\/www.instagram.com\/musiquesjuives\/","https:\/\/www.youtube.com\/user\/musiquesjuives"]},{"@type":"Person","@id":"https:\/\/www.iemj.org\/it\/#\/schema\/person\/358e26c18aca017fcc4cc15437f7279c","name":"Jacqueline ROTEN","image":{"@type":"ImageObject","inLanguage":"it-IT","@id":"https:\/\/secure.gravatar.com\/avatar\/5964256d6c6957de3a3505278957e0fb2a35119ac47ea41827a65301213c810b?s=96&d=mm&r=g","url":"https:\/\/secure.gravatar.com\/avatar\/5964256d6c6957de3a3505278957e0fb2a35119ac47ea41827a65301213c810b?s=96&d=mm&r=g","contentUrl":"https:\/\/secure.gravatar.com\/avatar\/5964256d6c6957de3a3505278957e0fb2a35119ac47ea41827a65301213c810b?s=96&d=mm&r=g","caption":"Jacqueline ROTEN"}}]}},"_links":{"self":[{"href":"https:\/\/www.iemj.org\/it\/wp-json\/wp\/v2\/posts\/85985","targetHints":{"allow":["GET"]}}],"collection":[{"href":"https:\/\/www.iemj.org\/it\/wp-json\/wp\/v2\/posts"}],"about":[{"href":"https:\/\/www.iemj.org\/it\/wp-json\/wp\/v2\/types\/post"}],"author":[{"embeddable":true,"href":"https:\/\/www.iemj.org\/it\/wp-json\/wp\/v2\/users\/5"}],"replies":[{"embeddable":true,"href":"https:\/\/www.iemj.org\/it\/wp-json\/wp\/v2\/comments?post=85985"}],"version-history":[{"count":0,"href":"https:\/\/www.iemj.org\/it\/wp-json\/wp\/v2\/posts\/85985\/revisions"}],"wp:featuredmedia":[{"embeddable":true,"href":"https:\/\/www.iemj.org\/it\/wp-json\/wp\/v2\/media\/99235"}],"wp:attachment":[{"href":"https:\/\/www.iemj.org\/it\/wp-json\/wp\/v2\/media?parent=85985"}],"wp:term":[{"taxonomy":"category","embeddable":true,"href":"https:\/\/www.iemj.org\/it\/wp-json\/wp\/v2\/categories?post=85985"},{"taxonomy":"post_tag","embeddable":true,"href":"https:\/\/www.iemj.org\/it\/wp-json\/wp\/v2\/tags?post=85985"},{"taxonomy":"technique","embeddable":true,"href":"https:\/\/www.iemj.org\/it\/wp-json\/wp\/v2\/technique?post=85985"},{"taxonomy":"squelettes","embeddable":true,"href":"https:\/\/www.iemj.org\/it\/wp-json\/wp\/v2\/squelettes?post=85985"},{"taxonomy":"sujet","embeddable":true,"href":"https:\/\/www.iemj.org\/it\/wp-json\/wp\/v2\/sujet?post=85985"},{"taxonomy":"formation","embeddable":true,"href":"https:\/\/www.iemj.org\/it\/wp-json\/wp\/v2\/formation?post=85985"},{"taxonomy":"genre","embeddable":true,"href":"https:\/\/www.iemj.org\/it\/wp-json\/wp\/v2\/genre?post=85985"},{"taxonomy":"fonds","embeddable":true,"href":"https:\/\/www.iemj.org\/it\/wp-json\/wp\/v2\/fonds?post=85985"},{"taxonomy":"tradition","embeddable":true,"href":"https:\/\/www.iemj.org\/it\/wp-json\/wp\/v2\/tradition?post=85985"},{"taxonomy":"type-de-contenu","embeddable":true,"href":"https:\/\/www.iemj.org\/it\/wp-json\/wp\/v2\/type-de-contenu?post=85985"},{"taxonomy":"interprete-compositeur","embeddable":true,"href":"https:\/\/www.iemj.org\/it\/wp-json\/wp\/v2\/interprete-compositeur?post=85985"},{"taxonomy":"frise","embeddable":true,"href":"https:\/\/www.iemj.org\/it\/wp-json\/wp\/v2\/frise?post=85985"},{"taxonomy":"type-devenement","embeddable":true,"href":"https:\/\/www.iemj.org\/it\/wp-json\/wp\/v2\/type-devenement?post=85985"},{"taxonomy":"tableaux-liens-externes","embeddable":true,"href":"https:\/\/www.iemj.org\/it\/wp-json\/wp\/v2\/tableaux-liens-externes?post=85985"}],"curies":[{"name":"wp","href":"https:\/\/api.w.org\/{rel}","templated":true}]}}