{"id":86198,"date":"2022-07-20T18:02:13","date_gmt":"2022-07-20T16:02:13","guid":{"rendered":"https:\/\/www.iemj.org\/journo-raoul-1911-2001\/"},"modified":"2022-07-26T12:31:51","modified_gmt":"2022-07-26T10:31:51","slug":"journo-raoul-1911-2001","status":"publish","type":"post","link":"https:\/\/www.iemj.org\/it\/journo-raoul-1911-2001\/","title":{"rendered":"Journo, Raoul (1911-2001)"},"content":{"rendered":"<p><strong>Di Herv\u00e9 Roten<\/strong><\/p>\n<p>Nato a Tunisi nel 1911 e morto a Parigi nel 2001, Raoul Journo, autore, compositore ed interprete ha scritto pi\u00f9 di 90 canzoni nel pi\u00f9 puro stile della musica orientale. Cantante dalla voce potente, si \u00e8 specializzato nell&#8217;interpretazione dei ta\u00e2lil, canti di lode improvvisati durante le cerimonie familiari (nascita, circoncisione, bar mitzvah, henne, matrimoni&#8230;). Ma dietro la musica, c&#8217;\u00e8 la storia di un uomo che ha dovuto costringere il destino per sfuggire alla povert\u00e0.<\/p>\n<p>Raoul Journo nasce il 18 gennaio 1911 in un quartiere popolare di Tunisi dove ebrei ed arabi vivono pacificamente insieme. La sua famiglia vive in modo rudimentale. Suo padre, imbianchino, guadagna a malapena il necessario per nutrire la famiglia. E la sua sorellina muore di privazioni e mancanza di cure all&#8217;et\u00e0 di cinque anni.<\/p>\n<p><img decoding=\"async\" class=\"alignleft wp-image-86183\" src=\"https:\/\/www.iemj.org\/wp-content\/uploads\/2022\/07\/D45-17_390_VIG_Raoul-Journo-292x300.jpg\" alt=\"\" width=\"193\" height=\"198\" srcset=\"https:\/\/www.iemj.org\/wp-content\/uploads\/2022\/07\/D45-17_390_VIG_Raoul-Journo-292x300.jpg 292w, https:\/\/www.iemj.org\/wp-content\/uploads\/2022\/07\/D45-17_390_VIG_Raoul-Journo.jpg 341w\" sizes=\"(max-width: 193px) 100vw, 193px\" \/><\/p>\n<p>Fin da piccolo Raoul Journo \u00e8 attratto dalla musica e dal canto, con grande disperazione della madre che lo vorrebbe medico od avvocato. Tuttavia, sara la voce melodiosa della madre che canta poesia ed <em>aroubis<\/em> (una poesia nostalgica cantata) che conferma il desiderio del giovane Raoul di diventare un cantante. Il canto gli serve come valvola di sfogo per trascendere le sue miserevoli condizioni di vita.<\/p>\n<p>Da quando ha 9 anni, ogni sabato dalle 2 del mattino, Raoul va a pregare con suo padre in due sinagoghe. La sua voce melodiosa e vigorosa nel cantare le preghiere del sabato incanta i fedeli, con grande orgoglio del padre. Dopo il suo Bar Mitzvah, nel 1924, frequenta la sinagoga ogni luned\u00ec e gioved\u00ec mattina.<\/p>\n<p><img decoding=\"async\" class=\"wp-image-86178 alignright\" src=\"https:\/\/www.iemj.org\/wp-content\/uploads\/2022\/07\/CD_1296_VIG-Habiba-Msika-300x298.jpg\" alt=\"\" width=\"215\" height=\"214\" srcset=\"https:\/\/www.iemj.org\/wp-content\/uploads\/2022\/07\/CD_1296_VIG-Habiba-Msika-300x300.jpg 300w, https:\/\/www.iemj.org\/wp-content\/uploads\/2022\/07\/CD_1296_VIG-Habiba-Msika-150x150.jpg 150w, https:\/\/www.iemj.org\/wp-content\/uploads\/2022\/07\/CD_1296_VIG-Habiba-Msika-100x100.jpg 100w, https:\/\/www.iemj.org\/wp-content\/uploads\/2022\/07\/CD_1296_VIG-Habiba-Msika.jpg 352w\" sizes=\"(max-width: 215px) 100vw, 215px\" \/><\/p>\n<p>Ma sara anche nei caff\u00e8 che avr\u00e0 modo di familiarizzare con le melodie e le canzoni del suo tempo. All&#8217;epoca, i proprietari dei caff\u00e8 suonano su fonografi a padiglione i dischi di cera dei principali cantanti alla moda: Chiri El Hassanin, Zaki Mourad, Habiba Msika, Om Kaltoum, Cheikh Salama, El Abedih Chir El Chafti, Abdel Wab&#8230; Alla scuola israelita di Hafsia frequentata, tra gli altri, i corsi di canto di Gaston Bchiri, che gli insegna malouf, canzoni egiziane, tunisine e tripolitane. Un giorno Gaston Bchiri, impressionato dal talento del suo giovane allievo, va a trovare il padre di Raoul per proporgli di accompagnare il figlio alle serate musicali in cui \u00e8 impegnato. Ma il padre rifiuta categoricamente. A quel tempo, fare il cantante \u00e8 considerato un mestiere per persone volgari e depravate.<\/p>\n<p><img decoding=\"async\" class=\"wp-image-86165 alignleft\" src=\"https:\/\/www.iemj.org\/wp-content\/uploads\/2022\/07\/Louisa-Tounsia-300x300.jpg\" alt=\"\" width=\"208\" height=\"208\" srcset=\"https:\/\/www.iemj.org\/wp-content\/uploads\/2022\/07\/Louisa-Tounsia-300x300.jpg 300w, https:\/\/www.iemj.org\/wp-content\/uploads\/2022\/07\/Louisa-Tounsia-150x150.jpg 150w, https:\/\/www.iemj.org\/wp-content\/uploads\/2022\/07\/Louisa-Tounsia-100x100.jpg 100w, https:\/\/www.iemj.org\/wp-content\/uploads\/2022\/07\/Louisa-Tounsia.jpg 349w\" sizes=\"(max-width: 208px) 100vw, 208px\" \/><\/p>\n<p>All&#8217;et\u00e0 di 15 anni, Raoul Journo \u00e8 costretto a lasciare la scuola per trovare un lavoro che permetta alla sua famiglia di sopravvivere. Per quasi sei anni svolge vari lavori di manutenzione, continuando a cantare quando se ne presenta l&#8217;occasione. All&#8217;et\u00e0 di 17 anni acquisisce un oud (liuto orientale) e, senza aver preso nemmeno una lezione, ne padroneggia rapidamente l&#8217;esecuzione. La sua fama si diffonde gradualmente e viene sempre pi\u00f9 richiesto per spettacoli in cui a volte si trova a fianco di star come Habiba Msika. Frequenta inoltre regolarmente i concerti di Louisia Tounsia.<\/p>\n<p>Agli albori dei suoi 18 anni, Raoul Journo, consapevole del suo talento e delle sue possibilit\u00e0 artistiche, smette di esibirsi nei caff\u00e8 e nelle gargoteche e prende lezioni di canto. A 21 anni incontra Emilie, la sua futura moglie, che gli chiede di abbandonare la carriera musicale. Fortunatamente, inizia a riscuotere i primi successi come cantautore a Radio Tunisi, dove viene regolarmente invitato. Viene quindi ammesso alla Sacem (Societ\u00e0 degli autori, compositori ed editori di musica, societ\u00e0 francese di gestione dei diritti d&#8217;autore fondata nel 1851) e registra il suo primo album nel 1933 sotto la guida del famoso pianista Messaoud Ahbib, direttore d&#8217;orchestra e direttore della casa discografica Path\u00e9 Marconi. Questo primo disco, che riscuote un grande successo in tutto il Nord Africa, proietta Raoul Journo ottenne successi strepitosi, permettendogli di vivere della sua arte.<\/p>\n<p>Nel 1933, Raoul Journo si imbarca su un transatlantico. Si dirige a Parigi. Dopo aver registrato dieci canzoni con Path\u00e9-Marconi, firma con Polydor per la registrazione di due nuovi dischi, ciascuno contenente dieci canzoni. Tornato a Tunisi, forte della fama parigina, forma una propria orchestra professionale e sposa Emilie il 24 giugno 1934, nonostante la diversa estrazione sociale.<\/p>\n<p>Nel 1935 nacque una prima figlia, Lyli, ma i compensi artistici di Raoul Journo &#8211; in parte riversati ai genitori &#8211; non permettono alla coppia ed alla bambina di vivere adeguatamente. Raoul Journo, che ancora fatica ad accettare di essere pagato per il suo canto, \u00e8 costretto a continuare a lavorare altrove. Allo stesso tempo, la radio tunisina, dove canta regolarmente canzoni da matrimonio, lo rende l&#8217;idolo dei matrimoni arabi. Gli ebrei gli chiedono anche di esibirsi in occasione di brit-mila, bar mitzvah, henne, matrimoni, compleanni, ecc.<\/p>\n<p><img loading=\"lazy\" decoding=\"async\" class=\" wp-image-86188 alignright\" src=\"https:\/\/www.iemj.org\/wp-content\/uploads\/2022\/07\/COUV-livre-Raoul-Journo-193x300.jpg\" alt=\"\" width=\"210\" height=\"327\" srcset=\"https:\/\/www.iemj.org\/wp-content\/uploads\/2022\/07\/COUV-livre-Raoul-Journo-193x300.jpg 193w, https:\/\/www.iemj.org\/wp-content\/uploads\/2022\/07\/COUV-livre-Raoul-Journo-660x1024.jpg 660w, https:\/\/www.iemj.org\/wp-content\/uploads\/2022\/07\/COUV-livre-Raoul-Journo-768x1192.jpg 768w, https:\/\/www.iemj.org\/wp-content\/uploads\/2022\/07\/COUV-livre-Raoul-Journo-990x1536.jpg 990w, https:\/\/www.iemj.org\/wp-content\/uploads\/2022\/07\/COUV-livre-Raoul-Journo-1320x2048.jpg 1320w, https:\/\/www.iemj.org\/wp-content\/uploads\/2022\/07\/COUV-livre-Raoul-Journo-600x931.jpg 600w, https:\/\/www.iemj.org\/wp-content\/uploads\/2022\/07\/COUV-livre-Raoul-Journo-scaled.jpg 1649w\" sizes=\"(max-width: 210px) 100vw, 210px\" \/>Nel 1938 nasce la loro seconda figlia, Simone. La carriera di Raoul \u00e8 oramai all&#8217;apice, ma la guerra e l&#8217;occupazione nazista della Tunisia pongono fine ai concerti. I tempi sono duri e gli stomaci sono vuoti. Dopo la liberazione, le attivit\u00e0 artistiche di Raoul riprendono. \u00c8 regolarmente invitato dal Bey e dalle alte personalit\u00e0 della Tunisia.<\/p>\n<p>Nell&#8217;agosto del 1946 e nel giugno del 1950 nascono due nuove figlie: Flavie e Dany. Raoul Journo compie tour trionfali in Marocco e Algeria. A Casablanca si esibisce sul palco con Le\u00efla Tounsia e Samy El Maghribi, non lontano dal cabaret <em>Au coq d&#8217;or<\/em> dove canta Salim Halalli.<\/p>\n<p>Nel 1967, Emilie e Raoul lasciano Tunisi per raggiungere tre delle loro figlie a Parigi. A sua grande sorpresa, Raoul Journo inizia una carriera parigina nel 1971 con il suo nuovo ensemble orchestrale Ari Bock. Si esibisce in occasione di bar mitzvah, matrimoni ed altre cerimonie ebraiche, ma anche alla televisione francese, al Casino di Parigi (1987), all&#8217;Olympia (1991) ed alla Cit\u00e9 Bleue di Ginevra (1999).<\/p>\n<p>Il 3 agosto 1980 \u00e8 insignito della Medaglia di Ufficiale dell&#8217;Ordine del Merito Culturale dal Presidente tunisino Bourguiba. \u00c8 inoltre insignito del Chevalier des Arts et des Lettres il 3 ottobre 1985 da Jack Lang, Ministro della Cultura francese.<\/p>\n<p>Raoul Journo muore il 22 novembre 2001, all&#8217;alba del suo 91\u00b0 compleanno. \u00c8 sepolto a Gerusalemme. Durante la sua lunga carriera avr\u00e0 composto pi\u00f9 di 90 canzoni, la maggior parte delle quali sono ora disponibili su CD o in Internet.<\/p>\n<p>Biografia: Raoul Journo, ma vie, par ma fille Flavie, Biblieurope, 2002, 263 p.<\/p>\n<ul>\n<li class=\"xmsonormal\"><a href=\"https:\/\/www.iemj.org\/it\/chants-des-juifs-de-tunisie\/\" target=\"_blank\" rel=\"noopener\">Ascoltare la playlist sulle canti degli ebrei di Tunisia<\/a><\/li>\n<li class=\"xmsonormal\"><a href=\"https:\/\/www.iemj.org\/it\/chants-des-juifs-de-tunisie-2\/\" target=\"_blank\" rel=\"noopener\">Ascoltare la playlist sulle canti degli ebrei di Tunisia 2<\/a><\/li>\n<li class=\"xmsonormal\"><a href=\"https:\/\/www.iemj.org\/chanteurs-juifs-de-tunisie-2\/\" target=\"_blank\" rel=\"noopener\">Ascoltare il programma radiofonico presentato da Herv\u00e9 Roten &#8211; Cantanti ebrei dalla Tunisia<\/a><\/li>\n<li><a href=\"https:\/\/www.iemj.org\/it\/raoul-journo\/\" target=\"_blank\" rel=\"noopener\">Ascoltare alcuni estratti dal CD di Raoul Journo<\/a><\/li>\n<\/ul>\n\n\n<p><\/p>\n","protected":false},"excerpt":{"rendered":"<p>Di Herv\u00e9 Roten Nato a Tunisi nel 1911 e morto a Parigi nel 2001, Raoul Journo, autore, compositore ed interprete ha scritto pi\u00f9 di 90 canzoni nel pi\u00f9 puro stile<\/p>\n","protected":false},"author":5,"featured_media":86172,"comment_status":"closed","ping_status":"closed","sticky":false,"template":"","format":"standard","meta":{"_acf_changed":false,"footnotes":""},"categories":[1416],"tags":[],"technique":[],"squelettes":[],"sujet":[],"formation":[],"genre":[1916],"fonds":[],"tradition":[],"type-de-contenu":[],"interprete-compositeur":[],"frise":[],"type-devenement":[],"tableaux-liens-externes":[],"class_list":["post-86198","post","type-post","status-publish","format-standard","has-post-thumbnail","hentry","category-biografie-it","genre-oriental-it"],"acf":[],"yoast_head":"<!-- This site is optimized with the Yoast SEO plugin v27.3 - https:\/\/yoast.com\/product\/yoast-seo-wordpress\/ -->\n<title>Journo, Raoul (1911-2001) - Institut Europ\u00e9en des Musiques Juives<\/title>\n<meta name=\"robots\" content=\"index, follow, max-snippet:-1, max-image-preview:large, max-video-preview:-1\" \/>\n<link rel=\"canonical\" href=\"https:\/\/www.iemj.org\/it\/journo-raoul-1911-2001\/\" \/>\n<meta property=\"og:locale\" content=\"it_IT\" \/>\n<meta property=\"og:type\" content=\"article\" \/>\n<meta property=\"og:title\" content=\"Journo, Raoul (1911-2001) - Institut Europ\u00e9en des Musiques Juives\" \/>\n<meta property=\"og:description\" content=\"Di Herv\u00e9 Roten Nato a Tunisi nel 1911 e morto a Parigi nel 2001, Raoul Journo, autore, compositore ed interprete ha scritto pi\u00f9 di 90 canzoni nel pi\u00f9 puro stile\" \/>\n<meta property=\"og:url\" content=\"https:\/\/www.iemj.org\/it\/journo-raoul-1911-2001\/\" \/>\n<meta property=\"og:site_name\" content=\"Institut Europ\u00e9en des Musiques Juives\" \/>\n<meta property=\"article:publisher\" content=\"https:\/\/www.facebook.com\/MusiquesJuives\/\" \/>\n<meta property=\"article:published_time\" content=\"2022-07-20T16:02:13+00:00\" \/>\n<meta property=\"article:modified_time\" content=\"2022-07-26T10:31:51+00:00\" \/>\n<meta property=\"og:image\" content=\"https:\/\/www.iemj.org\/wp-content\/uploads\/2022\/07\/Logo-bio-Raoul-Journo.jpg\" \/>\n\t<meta property=\"og:image:width\" content=\"225\" \/>\n\t<meta property=\"og:image:height\" content=\"218\" \/>\n\t<meta property=\"og:image:type\" content=\"image\/jpeg\" \/>\n<meta name=\"author\" content=\"Jacqueline ROTEN\" \/>\n<meta name=\"twitter:card\" content=\"summary_large_image\" \/>\n<meta name=\"twitter:label1\" content=\"Scritto da\" \/>\n\t<meta name=\"twitter:data1\" content=\"Jacqueline ROTEN\" \/>\n\t<meta name=\"twitter:label2\" content=\"Tempo di lettura stimato\" \/>\n\t<meta name=\"twitter:data2\" content=\"7 minuti\" \/>\n<script type=\"application\/ld+json\" class=\"yoast-schema-graph\">{\"@context\":\"https:\\\/\\\/schema.org\",\"@graph\":[{\"@type\":\"Article\",\"@id\":\"https:\\\/\\\/www.iemj.org\\\/it\\\/journo-raoul-1911-2001\\\/#article\",\"isPartOf\":{\"@id\":\"https:\\\/\\\/www.iemj.org\\\/it\\\/journo-raoul-1911-2001\\\/\"},\"author\":{\"name\":\"Jacqueline ROTEN\",\"@id\":\"https:\\\/\\\/www.iemj.org\\\/it\\\/#\\\/schema\\\/person\\\/358e26c18aca017fcc4cc15437f7279c\"},\"headline\":\"Journo, Raoul (1911-2001)\",\"datePublished\":\"2022-07-20T16:02:13+00:00\",\"dateModified\":\"2022-07-26T10:31:51+00:00\",\"mainEntityOfPage\":{\"@id\":\"https:\\\/\\\/www.iemj.org\\\/it\\\/journo-raoul-1911-2001\\\/\"},\"wordCount\":1037,\"publisher\":{\"@id\":\"https:\\\/\\\/www.iemj.org\\\/it\\\/#organization\"},\"image\":{\"@id\":\"https:\\\/\\\/www.iemj.org\\\/it\\\/journo-raoul-1911-2001\\\/#primaryimage\"},\"thumbnailUrl\":\"https:\\\/\\\/www.iemj.org\\\/wp-content\\\/uploads\\\/2022\\\/07\\\/Logo-bio-Raoul-Journo.jpg\",\"articleSection\":[\"Biografie\"],\"inLanguage\":\"it-IT\"},{\"@type\":\"WebPage\",\"@id\":\"https:\\\/\\\/www.iemj.org\\\/it\\\/journo-raoul-1911-2001\\\/\",\"url\":\"https:\\\/\\\/www.iemj.org\\\/it\\\/journo-raoul-1911-2001\\\/\",\"name\":\"Journo, Raoul (1911-2001) - Institut Europ\u00e9en des Musiques Juives\",\"isPartOf\":{\"@id\":\"https:\\\/\\\/www.iemj.org\\\/it\\\/#website\"},\"primaryImageOfPage\":{\"@id\":\"https:\\\/\\\/www.iemj.org\\\/it\\\/journo-raoul-1911-2001\\\/#primaryimage\"},\"image\":{\"@id\":\"https:\\\/\\\/www.iemj.org\\\/it\\\/journo-raoul-1911-2001\\\/#primaryimage\"},\"thumbnailUrl\":\"https:\\\/\\\/www.iemj.org\\\/wp-content\\\/uploads\\\/2022\\\/07\\\/Logo-bio-Raoul-Journo.jpg\",\"datePublished\":\"2022-07-20T16:02:13+00:00\",\"dateModified\":\"2022-07-26T10:31:51+00:00\",\"breadcrumb\":{\"@id\":\"https:\\\/\\\/www.iemj.org\\\/it\\\/journo-raoul-1911-2001\\\/#breadcrumb\"},\"inLanguage\":\"it-IT\",\"potentialAction\":[{\"@type\":\"ReadAction\",\"target\":[\"https:\\\/\\\/www.iemj.org\\\/it\\\/journo-raoul-1911-2001\\\/\"]}]},{\"@type\":\"ImageObject\",\"inLanguage\":\"it-IT\",\"@id\":\"https:\\\/\\\/www.iemj.org\\\/it\\\/journo-raoul-1911-2001\\\/#primaryimage\",\"url\":\"https:\\\/\\\/www.iemj.org\\\/wp-content\\\/uploads\\\/2022\\\/07\\\/Logo-bio-Raoul-Journo.jpg\",\"contentUrl\":\"https:\\\/\\\/www.iemj.org\\\/wp-content\\\/uploads\\\/2022\\\/07\\\/Logo-bio-Raoul-Journo.jpg\",\"width\":225,\"height\":218},{\"@type\":\"BreadcrumbList\",\"@id\":\"https:\\\/\\\/www.iemj.org\\\/it\\\/journo-raoul-1911-2001\\\/#breadcrumb\",\"itemListElement\":[{\"@type\":\"ListItem\",\"position\":1,\"name\":\"Accueil\",\"item\":\"https:\\\/\\\/www.iemj.org\\\/it\\\/\"},{\"@type\":\"ListItem\",\"position\":2,\"name\":\"Journo, Raoul (1911-2001)\"}]},{\"@type\":\"WebSite\",\"@id\":\"https:\\\/\\\/www.iemj.org\\\/it\\\/#website\",\"url\":\"https:\\\/\\\/www.iemj.org\\\/it\\\/\",\"name\":\"Institut Europ\u00e9en des Musiques Juives\",\"description\":\"Des traditions musicales \u00e0 la port\u00e9e de tous\",\"publisher\":{\"@id\":\"https:\\\/\\\/www.iemj.org\\\/it\\\/#organization\"},\"potentialAction\":[{\"@type\":\"SearchAction\",\"target\":{\"@type\":\"EntryPoint\",\"urlTemplate\":\"https:\\\/\\\/www.iemj.org\\\/it\\\/?s={search_term_string}\"},\"query-input\":{\"@type\":\"PropertyValueSpecification\",\"valueRequired\":true,\"valueName\":\"search_term_string\"}}],\"inLanguage\":\"it-IT\"},{\"@type\":\"Organization\",\"@id\":\"https:\\\/\\\/www.iemj.org\\\/it\\\/#organization\",\"name\":\"Institut Europ\u00e9en des Musiques Juives\",\"url\":\"https:\\\/\\\/www.iemj.org\\\/it\\\/\",\"logo\":{\"@type\":\"ImageObject\",\"inLanguage\":\"it-IT\",\"@id\":\"https:\\\/\\\/www.iemj.org\\\/it\\\/#\\\/schema\\\/logo\\\/image\\\/\",\"url\":\"https:\\\/\\\/www.iemj.org\\\/wp-content\\\/uploads\\\/2021\\\/09\\\/Logo-IEMJ-Paypal.jpg\",\"contentUrl\":\"https:\\\/\\\/www.iemj.org\\\/wp-content\\\/uploads\\\/2021\\\/09\\\/Logo-IEMJ-Paypal.jpg\",\"width\":150,\"height\":50,\"caption\":\"Institut Europ\u00e9en des Musiques Juives\"},\"image\":{\"@id\":\"https:\\\/\\\/www.iemj.org\\\/it\\\/#\\\/schema\\\/logo\\\/image\\\/\"},\"sameAs\":[\"https:\\\/\\\/www.facebook.com\\\/MusiquesJuives\\\/\",\"https:\\\/\\\/www.instagram.com\\\/musiquesjuives\\\/\",\"https:\\\/\\\/www.youtube.com\\\/user\\\/musiquesjuives\"]},{\"@type\":\"Person\",\"@id\":\"https:\\\/\\\/www.iemj.org\\\/it\\\/#\\\/schema\\\/person\\\/358e26c18aca017fcc4cc15437f7279c\",\"name\":\"Jacqueline ROTEN\",\"image\":{\"@type\":\"ImageObject\",\"inLanguage\":\"it-IT\",\"@id\":\"https:\\\/\\\/secure.gravatar.com\\\/avatar\\\/5964256d6c6957de3a3505278957e0fb2a35119ac47ea41827a65301213c810b?s=96&d=mm&r=g\",\"url\":\"https:\\\/\\\/secure.gravatar.com\\\/avatar\\\/5964256d6c6957de3a3505278957e0fb2a35119ac47ea41827a65301213c810b?s=96&d=mm&r=g\",\"contentUrl\":\"https:\\\/\\\/secure.gravatar.com\\\/avatar\\\/5964256d6c6957de3a3505278957e0fb2a35119ac47ea41827a65301213c810b?s=96&d=mm&r=g\",\"caption\":\"Jacqueline ROTEN\"}}]}<\/script>\n<!-- \/ Yoast SEO plugin. -->","yoast_head_json":{"title":"Journo, Raoul (1911-2001) - Institut Europ\u00e9en des Musiques Juives","robots":{"index":"index","follow":"follow","max-snippet":"max-snippet:-1","max-image-preview":"max-image-preview:large","max-video-preview":"max-video-preview:-1"},"canonical":"https:\/\/www.iemj.org\/it\/journo-raoul-1911-2001\/","og_locale":"it_IT","og_type":"article","og_title":"Journo, Raoul (1911-2001) - Institut Europ\u00e9en des Musiques Juives","og_description":"Di Herv\u00e9 Roten Nato a Tunisi nel 1911 e morto a Parigi nel 2001, Raoul Journo, autore, compositore ed interprete ha scritto pi\u00f9 di 90 canzoni nel pi\u00f9 puro stile","og_url":"https:\/\/www.iemj.org\/it\/journo-raoul-1911-2001\/","og_site_name":"Institut Europ\u00e9en des Musiques Juives","article_publisher":"https:\/\/www.facebook.com\/MusiquesJuives\/","article_published_time":"2022-07-20T16:02:13+00:00","article_modified_time":"2022-07-26T10:31:51+00:00","og_image":[{"width":225,"height":218,"url":"https:\/\/www.iemj.org\/wp-content\/uploads\/2022\/07\/Logo-bio-Raoul-Journo.jpg","type":"image\/jpeg"}],"author":"Jacqueline ROTEN","twitter_card":"summary_large_image","twitter_misc":{"Scritto da":"Jacqueline ROTEN","Tempo di lettura stimato":"7 minuti"},"schema":{"@context":"https:\/\/schema.org","@graph":[{"@type":"Article","@id":"https:\/\/www.iemj.org\/it\/journo-raoul-1911-2001\/#article","isPartOf":{"@id":"https:\/\/www.iemj.org\/it\/journo-raoul-1911-2001\/"},"author":{"name":"Jacqueline ROTEN","@id":"https:\/\/www.iemj.org\/it\/#\/schema\/person\/358e26c18aca017fcc4cc15437f7279c"},"headline":"Journo, Raoul (1911-2001)","datePublished":"2022-07-20T16:02:13+00:00","dateModified":"2022-07-26T10:31:51+00:00","mainEntityOfPage":{"@id":"https:\/\/www.iemj.org\/it\/journo-raoul-1911-2001\/"},"wordCount":1037,"publisher":{"@id":"https:\/\/www.iemj.org\/it\/#organization"},"image":{"@id":"https:\/\/www.iemj.org\/it\/journo-raoul-1911-2001\/#primaryimage"},"thumbnailUrl":"https:\/\/www.iemj.org\/wp-content\/uploads\/2022\/07\/Logo-bio-Raoul-Journo.jpg","articleSection":["Biografie"],"inLanguage":"it-IT"},{"@type":"WebPage","@id":"https:\/\/www.iemj.org\/it\/journo-raoul-1911-2001\/","url":"https:\/\/www.iemj.org\/it\/journo-raoul-1911-2001\/","name":"Journo, Raoul (1911-2001) - Institut Europ\u00e9en des Musiques Juives","isPartOf":{"@id":"https:\/\/www.iemj.org\/it\/#website"},"primaryImageOfPage":{"@id":"https:\/\/www.iemj.org\/it\/journo-raoul-1911-2001\/#primaryimage"},"image":{"@id":"https:\/\/www.iemj.org\/it\/journo-raoul-1911-2001\/#primaryimage"},"thumbnailUrl":"https:\/\/www.iemj.org\/wp-content\/uploads\/2022\/07\/Logo-bio-Raoul-Journo.jpg","datePublished":"2022-07-20T16:02:13+00:00","dateModified":"2022-07-26T10:31:51+00:00","breadcrumb":{"@id":"https:\/\/www.iemj.org\/it\/journo-raoul-1911-2001\/#breadcrumb"},"inLanguage":"it-IT","potentialAction":[{"@type":"ReadAction","target":["https:\/\/www.iemj.org\/it\/journo-raoul-1911-2001\/"]}]},{"@type":"ImageObject","inLanguage":"it-IT","@id":"https:\/\/www.iemj.org\/it\/journo-raoul-1911-2001\/#primaryimage","url":"https:\/\/www.iemj.org\/wp-content\/uploads\/2022\/07\/Logo-bio-Raoul-Journo.jpg","contentUrl":"https:\/\/www.iemj.org\/wp-content\/uploads\/2022\/07\/Logo-bio-Raoul-Journo.jpg","width":225,"height":218},{"@type":"BreadcrumbList","@id":"https:\/\/www.iemj.org\/it\/journo-raoul-1911-2001\/#breadcrumb","itemListElement":[{"@type":"ListItem","position":1,"name":"Accueil","item":"https:\/\/www.iemj.org\/it\/"},{"@type":"ListItem","position":2,"name":"Journo, Raoul (1911-2001)"}]},{"@type":"WebSite","@id":"https:\/\/www.iemj.org\/it\/#website","url":"https:\/\/www.iemj.org\/it\/","name":"Institut Europ\u00e9en des Musiques Juives","description":"Des traditions musicales \u00e0 la port\u00e9e de tous","publisher":{"@id":"https:\/\/www.iemj.org\/it\/#organization"},"potentialAction":[{"@type":"SearchAction","target":{"@type":"EntryPoint","urlTemplate":"https:\/\/www.iemj.org\/it\/?s={search_term_string}"},"query-input":{"@type":"PropertyValueSpecification","valueRequired":true,"valueName":"search_term_string"}}],"inLanguage":"it-IT"},{"@type":"Organization","@id":"https:\/\/www.iemj.org\/it\/#organization","name":"Institut Europ\u00e9en des Musiques Juives","url":"https:\/\/www.iemj.org\/it\/","logo":{"@type":"ImageObject","inLanguage":"it-IT","@id":"https:\/\/www.iemj.org\/it\/#\/schema\/logo\/image\/","url":"https:\/\/www.iemj.org\/wp-content\/uploads\/2021\/09\/Logo-IEMJ-Paypal.jpg","contentUrl":"https:\/\/www.iemj.org\/wp-content\/uploads\/2021\/09\/Logo-IEMJ-Paypal.jpg","width":150,"height":50,"caption":"Institut Europ\u00e9en des Musiques Juives"},"image":{"@id":"https:\/\/www.iemj.org\/it\/#\/schema\/logo\/image\/"},"sameAs":["https:\/\/www.facebook.com\/MusiquesJuives\/","https:\/\/www.instagram.com\/musiquesjuives\/","https:\/\/www.youtube.com\/user\/musiquesjuives"]},{"@type":"Person","@id":"https:\/\/www.iemj.org\/it\/#\/schema\/person\/358e26c18aca017fcc4cc15437f7279c","name":"Jacqueline ROTEN","image":{"@type":"ImageObject","inLanguage":"it-IT","@id":"https:\/\/secure.gravatar.com\/avatar\/5964256d6c6957de3a3505278957e0fb2a35119ac47ea41827a65301213c810b?s=96&d=mm&r=g","url":"https:\/\/secure.gravatar.com\/avatar\/5964256d6c6957de3a3505278957e0fb2a35119ac47ea41827a65301213c810b?s=96&d=mm&r=g","contentUrl":"https:\/\/secure.gravatar.com\/avatar\/5964256d6c6957de3a3505278957e0fb2a35119ac47ea41827a65301213c810b?s=96&d=mm&r=g","caption":"Jacqueline ROTEN"}}]}},"_links":{"self":[{"href":"https:\/\/www.iemj.org\/it\/wp-json\/wp\/v2\/posts\/86198","targetHints":{"allow":["GET"]}}],"collection":[{"href":"https:\/\/www.iemj.org\/it\/wp-json\/wp\/v2\/posts"}],"about":[{"href":"https:\/\/www.iemj.org\/it\/wp-json\/wp\/v2\/types\/post"}],"author":[{"embeddable":true,"href":"https:\/\/www.iemj.org\/it\/wp-json\/wp\/v2\/users\/5"}],"replies":[{"embeddable":true,"href":"https:\/\/www.iemj.org\/it\/wp-json\/wp\/v2\/comments?post=86198"}],"version-history":[{"count":0,"href":"https:\/\/www.iemj.org\/it\/wp-json\/wp\/v2\/posts\/86198\/revisions"}],"wp:featuredmedia":[{"embeddable":true,"href":"https:\/\/www.iemj.org\/it\/wp-json\/wp\/v2\/media\/86172"}],"wp:attachment":[{"href":"https:\/\/www.iemj.org\/it\/wp-json\/wp\/v2\/media?parent=86198"}],"wp:term":[{"taxonomy":"category","embeddable":true,"href":"https:\/\/www.iemj.org\/it\/wp-json\/wp\/v2\/categories?post=86198"},{"taxonomy":"post_tag","embeddable":true,"href":"https:\/\/www.iemj.org\/it\/wp-json\/wp\/v2\/tags?post=86198"},{"taxonomy":"technique","embeddable":true,"href":"https:\/\/www.iemj.org\/it\/wp-json\/wp\/v2\/technique?post=86198"},{"taxonomy":"squelettes","embeddable":true,"href":"https:\/\/www.iemj.org\/it\/wp-json\/wp\/v2\/squelettes?post=86198"},{"taxonomy":"sujet","embeddable":true,"href":"https:\/\/www.iemj.org\/it\/wp-json\/wp\/v2\/sujet?post=86198"},{"taxonomy":"formation","embeddable":true,"href":"https:\/\/www.iemj.org\/it\/wp-json\/wp\/v2\/formation?post=86198"},{"taxonomy":"genre","embeddable":true,"href":"https:\/\/www.iemj.org\/it\/wp-json\/wp\/v2\/genre?post=86198"},{"taxonomy":"fonds","embeddable":true,"href":"https:\/\/www.iemj.org\/it\/wp-json\/wp\/v2\/fonds?post=86198"},{"taxonomy":"tradition","embeddable":true,"href":"https:\/\/www.iemj.org\/it\/wp-json\/wp\/v2\/tradition?post=86198"},{"taxonomy":"type-de-contenu","embeddable":true,"href":"https:\/\/www.iemj.org\/it\/wp-json\/wp\/v2\/type-de-contenu?post=86198"},{"taxonomy":"interprete-compositeur","embeddable":true,"href":"https:\/\/www.iemj.org\/it\/wp-json\/wp\/v2\/interprete-compositeur?post=86198"},{"taxonomy":"frise","embeddable":true,"href":"https:\/\/www.iemj.org\/it\/wp-json\/wp\/v2\/frise?post=86198"},{"taxonomy":"type-devenement","embeddable":true,"href":"https:\/\/www.iemj.org\/it\/wp-json\/wp\/v2\/type-devenement?post=86198"},{"taxonomy":"tableaux-liens-externes","embeddable":true,"href":"https:\/\/www.iemj.org\/it\/wp-json\/wp\/v2\/tableaux-liens-externes?post=86198"}],"curies":[{"name":"wp","href":"https:\/\/api.w.org\/{rel}","templated":true}]}}