{"id":86238,"date":"2018-10-31T11:50:00","date_gmt":"2018-10-31T10:50:00","guid":{"rendered":"https:\/\/www.iemj.org\/chants-des-juifs-de-tunisie-2\/"},"modified":"2025-07-08T17:38:52","modified_gmt":"2025-07-08T15:38:52","slug":"chants-des-juifs-de-tunisie-2","status":"publish","type":"post","link":"https:\/\/www.iemj.org\/it\/chants-des-juifs-de-tunisie-2\/","title":{"rendered":"CANTI DEGLI EBREI DI TUNISIA 2"},"content":{"rendered":"<p><strong>Una selezione musicale dei pi\u00f9 grandi cantanti ebrei della Tunisia<\/strong><\/p>\n<p><!--more-->\u00c8 stato attraverso le successive diaspore che la cultura ebraica si \u00e8 gradualmente radicata nelle terre dell&#8217;attuale Tunisia. Cos\u00ec, canti in arabo e musica hanno scandito con gioia le celebrazioni dalla Brit Milah (circoncisione) al matrimonio e alla Bar Mitsvah.<\/p>\n<p>Per integrarsi meglio, i pi\u00f9 grandi cantanti hanno assunto pseudonimi dal suono arabo, cos\u00ec Isser\u00e8ne Israel Rozio \u00e8 diventato Che\u00efkh El Afrite, Elie Touitou \u00e8 diventato El Kahlaoui Tounsi (Kahlaoui il tunisino). Poich\u00e9 il canto era vietato alle donne musulmane, le pi\u00f9 grandi cantanti erano spesso ebree, come Louisa Tounisia (Louisa la tunisina), Fritna Darmon, Leyla Sfez o la famosa Hbiba Msika, nata Margueritte Mskika, il cui destino fu tragico.<\/p>\n<p><a href=\"https:\/\/www.iemj.org\/chanteurs-juifs-de-tunisie-2\/\" target=\"_blank\" rel=\"noopener\">Ascoltare il programma radiofonico: Cantanti ebrei dalla Tunisia, presentato da Herv\u00e9 Roten<\/a><\/p>\n<p><img fetchpriority=\"high\" decoding=\"async\" class=\" alignleft size-full wp-image-21557\" src=\"https:\/\/www.iemj.org\/wp-content\/uploads\/2018\/10\/doc_tunisie_500px.jpg\" alt=\"doc_tunisie_500px.jpg\" width=\"275\" height=\"299\" align=\"left\" \/><\/p>\n\n<div class=\"wp-block-image\">\n<figure class=\"aligncenter size-large\"><img decoding=\"async\" width=\"1024\" height=\"133\" src=\"https:\/\/www.iemj.org\/wp-content\/uploads\/2024\/03\/AUDIO-PLAYER-1024x133.png\" alt=\"\" class=\"wp-image-110609\" srcset=\"https:\/\/www.iemj.org\/wp-content\/uploads\/2024\/03\/AUDIO-PLAYER-1024x133.png 1024w, https:\/\/www.iemj.org\/wp-content\/uploads\/2024\/03\/AUDIO-PLAYER-300x39.png 300w, https:\/\/www.iemj.org\/wp-content\/uploads\/2024\/03\/AUDIO-PLAYER-768x100.png 768w, https:\/\/www.iemj.org\/wp-content\/uploads\/2024\/03\/AUDIO-PLAYER-600x78.png 600w, https:\/\/www.iemj.org\/wp-content\/uploads\/2024\/03\/AUDIO-PLAYER.png 1210w\" sizes=\"(max-width: 1024px) 100vw, 1024px\" \/><\/figure>\n<\/div>\n\n\n<h2 class=\"wp-block-heading\"><\/h2>\n\n\n\n<div class=\"wp-block-file\"><a id=\"wp-block-file--media-703ce290-98fd-440a-8f4e-6678739bc774\" href=\"https:\/\/www.iemj.org\/wp-content\/uploads\/2018\/10\/yavazi_el_falfilu_-_moshe_guiyat.mp3\">Yavazi el Falfilu  &#8211; Mosh\u00e9 Guiyat<\/a><\/div>\n\n\n\n<div class=\"wp-block-file\"><a id=\"wp-block-file--media-05b53705-c4fd-45ba-8efd-1fc5342ded50\" href=\"https:\/\/www.iemj.org\/wp-content\/uploads\/2018\/10\/ya_samra_extrait_raoul_journo.mp3\">Ya Samra (EXTRAIT) Raoul Journo<\/a><\/div>\n\n\n\n<div class=\"wp-block-file\"><a id=\"wp-block-file--media-b9ce6511-805f-46af-a540-7f71a1a3acb4\" href=\"https:\/\/www.iemj.org\/wp-content\/uploads\/2018\/10\/ya_habaybi_gaybeen_-_alabina_ishtar_-_.mp3\">Ya Habaybi Gaybeen &#8211; Alab\u00edna &amp; Ishtar &#8211; <\/a><\/div>\n\n\n\n<div class=\"wp-block-file\"><a id=\"wp-block-file--media-89075a35-3039-48b8-8e10-d74c2904d2dc\" href=\"https:\/\/www.iemj.org\/wp-content\/uploads\/2018\/10\/sal_ha_-_bouhnik_shlomit.mp3\">Sal\u2019ha &#8211; Bouhnik Shlomit<\/a><\/div>\n\n\n\n<div class=\"wp-block-file\"><a id=\"wp-block-file--media-5b8438c6-9f83-4483-ba78-3f250faa29a6\" href=\"https:\/\/www.iemj.org\/wp-content\/uploads\/2018\/10\/lamouni_ligharou_meni_-_hedi_jouini_-.mp3\">Lamouni Ligharou Meni &#8211; H\u00e9di Jouini &#8211;<\/a><\/div>\n\n\n\n<div class=\"wp-block-file\"><a id=\"wp-block-file--media-bd4bfb6c-b4cb-4c4b-bb06-5d6528adc099\" href=\"https:\/\/www.iemj.org\/wp-content\/uploads\/2018\/10\/khoz_e-d-dibliz_extrait_-_bishi_slama.mp3\">Khoz e-d-dibliz (EXTRAIT) &#8211; Bishi Slama<\/a><\/div>\n\n\n\n<div class=\"wp-block-file\"><a id=\"wp-block-file--media-7b977a30-c366-4cd4-bc4c-beff1aa38b10\" href=\"https:\/\/www.iemj.org\/wp-content\/uploads\/2018\/10\/hayarni_zinel_-_el_kahlaoui_tounsi.mp3\">Hayarni zinel &#8211; El kahlaoui Tounsi<\/a><\/div>\n\n\n\n<div class=\"wp-block-file\"><a id=\"wp-block-file--media-a0adb147-0fd6-4125-9eb4-5887dea20a9e\" href=\"https:\/\/www.iemj.org\/wp-content\/uploads\/2018\/10\/el_alb_maa_weld_el_hma_extrait_-_hbiba_msika.mp3\">El Alb Maa Weld El Hma (EXTRAIT) &#8211; Hbiba Msika<\/a><\/div>\n\n\n\n<div class=\"wp-block-file\"><a id=\"wp-block-file--media-6083a4f7-6323-4e57-bc9f-6aed3ef6561d\" href=\"https:\/\/www.iemj.org\/wp-content\/uploads\/2018\/10\/hebeena_hebeena_extrait_-_farid_al-atrache.mp3\">Hebeena Hebeena (EXTRAIT) &#8211; Farid Al-Atrache<\/a><\/div>\n\n\n\n<div class=\"wp-block-file\"><a id=\"wp-block-file--media-262421cf-a6e9-4b40-9d2c-2c8782767e90\" href=\"https:\/\/www.iemj.org\/wp-content\/uploads\/2018\/10\/hagadah_de_paques_extrait_-_nathan_cohen.mp3\">Hagadah de P\u00e2ques (EXTRAIT) &#8211; Nathan Cohen<\/a><\/div>\n","protected":false},"excerpt":{"rendered":"<p>Una selezione musicale dei pi\u00f9 grandi cantanti ebrei della Tunisia<\/p>\n","protected":false},"author":1052,"featured_media":86239,"comment_status":"closed","ping_status":"open","sticky":false,"template":"","format":"standard","meta":{"_acf_changed":false,"footnotes":""},"categories":[1536],"tags":[],"technique":[],"squelettes":[],"sujet":[],"formation":[],"genre":[],"fonds":[],"tradition":[],"type-de-contenu":[],"interprete-compositeur":[],"frise":[],"type-devenement":[],"tableaux-liens-externes":[],"class_list":["post-86238","post","type-post","status-publish","format-standard","has-post-thumbnail","hentry","category-playlist-it"],"acf":[],"yoast_head":"<!-- This site is optimized with the Yoast SEO plugin v27.3 - https:\/\/yoast.com\/product\/yoast-seo-wordpress\/ -->\n<title>CANTI DEGLI EBREI DI TUNISIA 2 - Institut Europ\u00e9en des Musiques Juives<\/title>\n<meta name=\"robots\" content=\"index, follow, max-snippet:-1, max-image-preview:large, max-video-preview:-1\" \/>\n<link rel=\"canonical\" href=\"https:\/\/www.iemj.org\/it\/chants-des-juifs-de-tunisie-2\/\" \/>\n<meta property=\"og:locale\" content=\"it_IT\" \/>\n<meta property=\"og:type\" content=\"article\" \/>\n<meta property=\"og:title\" content=\"CANTI DEGLI EBREI DI TUNISIA 2 - Institut Europ\u00e9en des Musiques Juives\" \/>\n<meta property=\"og:description\" content=\"Una selezione musicale dei pi\u00f9 grandi cantanti ebrei della Tunisia\" \/>\n<meta property=\"og:url\" content=\"https:\/\/www.iemj.org\/it\/chants-des-juifs-de-tunisie-2\/\" \/>\n<meta property=\"og:site_name\" content=\"Institut Europ\u00e9en des Musiques Juives\" \/>\n<meta property=\"article:publisher\" content=\"https:\/\/www.facebook.com\/MusiquesJuives\/\" \/>\n<meta property=\"article:published_time\" content=\"2018-10-31T10:50:00+00:00\" \/>\n<meta property=\"article:modified_time\" content=\"2025-07-08T15:38:52+00:00\" \/>\n<meta property=\"og:image\" content=\"https:\/\/www.iemj.org\/wp-content\/uploads\/2018\/10\/arton3721.jpg\" \/>\n\t<meta property=\"og:image:width\" content=\"500\" \/>\n\t<meta property=\"og:image:height\" content=\"470\" \/>\n\t<meta property=\"og:image:type\" content=\"image\/jpeg\" \/>\n<meta name=\"author\" content=\"Lea Couderc\" \/>\n<meta name=\"twitter:card\" content=\"summary_large_image\" \/>\n<meta name=\"twitter:label1\" content=\"Scritto da\" \/>\n\t<meta name=\"twitter:data1\" content=\"Lea Couderc\" \/>\n\t<meta name=\"twitter:label2\" content=\"Tempo di lettura stimato\" \/>\n\t<meta name=\"twitter:data2\" content=\"2 minuti\" \/>\n<script type=\"application\/ld+json\" class=\"yoast-schema-graph\">{\"@context\":\"https:\\\/\\\/schema.org\",\"@graph\":[{\"@type\":\"Article\",\"@id\":\"https:\\\/\\\/www.iemj.org\\\/it\\\/chants-des-juifs-de-tunisie-2\\\/#article\",\"isPartOf\":{\"@id\":\"https:\\\/\\\/www.iemj.org\\\/it\\\/chants-des-juifs-de-tunisie-2\\\/\"},\"author\":{\"name\":\"Lea Couderc\",\"@id\":\"https:\\\/\\\/www.iemj.org\\\/it\\\/#\\\/schema\\\/person\\\/e2ad57f2c4be119c7ed8ab79036807a9\"},\"headline\":\"CANTI DEGLI EBREI DI TUNISIA 2\",\"datePublished\":\"2018-10-31T10:50:00+00:00\",\"dateModified\":\"2025-07-08T15:38:52+00:00\",\"mainEntityOfPage\":{\"@id\":\"https:\\\/\\\/www.iemj.org\\\/it\\\/chants-des-juifs-de-tunisie-2\\\/\"},\"wordCount\":205,\"publisher\":{\"@id\":\"https:\\\/\\\/www.iemj.org\\\/it\\\/#organization\"},\"image\":{\"@id\":\"https:\\\/\\\/www.iemj.org\\\/it\\\/chants-des-juifs-de-tunisie-2\\\/#primaryimage\"},\"thumbnailUrl\":\"https:\\\/\\\/www.iemj.org\\\/wp-content\\\/uploads\\\/2018\\\/10\\\/arton3721.jpg\",\"articleSection\":[\"Playlist\"],\"inLanguage\":\"it-IT\"},{\"@type\":\"WebPage\",\"@id\":\"https:\\\/\\\/www.iemj.org\\\/it\\\/chants-des-juifs-de-tunisie-2\\\/\",\"url\":\"https:\\\/\\\/www.iemj.org\\\/it\\\/chants-des-juifs-de-tunisie-2\\\/\",\"name\":\"CANTI DEGLI EBREI DI TUNISIA 2 - Institut Europ\u00e9en des Musiques Juives\",\"isPartOf\":{\"@id\":\"https:\\\/\\\/www.iemj.org\\\/it\\\/#website\"},\"primaryImageOfPage\":{\"@id\":\"https:\\\/\\\/www.iemj.org\\\/it\\\/chants-des-juifs-de-tunisie-2\\\/#primaryimage\"},\"image\":{\"@id\":\"https:\\\/\\\/www.iemj.org\\\/it\\\/chants-des-juifs-de-tunisie-2\\\/#primaryimage\"},\"thumbnailUrl\":\"https:\\\/\\\/www.iemj.org\\\/wp-content\\\/uploads\\\/2018\\\/10\\\/arton3721.jpg\",\"datePublished\":\"2018-10-31T10:50:00+00:00\",\"dateModified\":\"2025-07-08T15:38:52+00:00\",\"breadcrumb\":{\"@id\":\"https:\\\/\\\/www.iemj.org\\\/it\\\/chants-des-juifs-de-tunisie-2\\\/#breadcrumb\"},\"inLanguage\":\"it-IT\",\"potentialAction\":[{\"@type\":\"ReadAction\",\"target\":[\"https:\\\/\\\/www.iemj.org\\\/it\\\/chants-des-juifs-de-tunisie-2\\\/\"]}]},{\"@type\":\"ImageObject\",\"inLanguage\":\"it-IT\",\"@id\":\"https:\\\/\\\/www.iemj.org\\\/it\\\/chants-des-juifs-de-tunisie-2\\\/#primaryimage\",\"url\":\"https:\\\/\\\/www.iemj.org\\\/wp-content\\\/uploads\\\/2018\\\/10\\\/arton3721.jpg\",\"contentUrl\":\"https:\\\/\\\/www.iemj.org\\\/wp-content\\\/uploads\\\/2018\\\/10\\\/arton3721.jpg\",\"width\":500,\"height\":470},{\"@type\":\"BreadcrumbList\",\"@id\":\"https:\\\/\\\/www.iemj.org\\\/it\\\/chants-des-juifs-de-tunisie-2\\\/#breadcrumb\",\"itemListElement\":[{\"@type\":\"ListItem\",\"position\":1,\"name\":\"Accueil\",\"item\":\"https:\\\/\\\/www.iemj.org\\\/it\\\/\"},{\"@type\":\"ListItem\",\"position\":2,\"name\":\"CANTI DEGLI EBREI DI TUNISIA 2\"}]},{\"@type\":\"WebSite\",\"@id\":\"https:\\\/\\\/www.iemj.org\\\/it\\\/#website\",\"url\":\"https:\\\/\\\/www.iemj.org\\\/it\\\/\",\"name\":\"Institut Europ\u00e9en des Musiques Juives\",\"description\":\"Des traditions musicales \u00e0 la port\u00e9e de tous\",\"publisher\":{\"@id\":\"https:\\\/\\\/www.iemj.org\\\/it\\\/#organization\"},\"potentialAction\":[{\"@type\":\"SearchAction\",\"target\":{\"@type\":\"EntryPoint\",\"urlTemplate\":\"https:\\\/\\\/www.iemj.org\\\/it\\\/?s={search_term_string}\"},\"query-input\":{\"@type\":\"PropertyValueSpecification\",\"valueRequired\":true,\"valueName\":\"search_term_string\"}}],\"inLanguage\":\"it-IT\"},{\"@type\":\"Organization\",\"@id\":\"https:\\\/\\\/www.iemj.org\\\/it\\\/#organization\",\"name\":\"Institut Europ\u00e9en des Musiques Juives\",\"url\":\"https:\\\/\\\/www.iemj.org\\\/it\\\/\",\"logo\":{\"@type\":\"ImageObject\",\"inLanguage\":\"it-IT\",\"@id\":\"https:\\\/\\\/www.iemj.org\\\/it\\\/#\\\/schema\\\/logo\\\/image\\\/\",\"url\":\"https:\\\/\\\/www.iemj.org\\\/wp-content\\\/uploads\\\/2021\\\/09\\\/Logo-IEMJ-Paypal.jpg\",\"contentUrl\":\"https:\\\/\\\/www.iemj.org\\\/wp-content\\\/uploads\\\/2021\\\/09\\\/Logo-IEMJ-Paypal.jpg\",\"width\":150,\"height\":50,\"caption\":\"Institut Europ\u00e9en des Musiques Juives\"},\"image\":{\"@id\":\"https:\\\/\\\/www.iemj.org\\\/it\\\/#\\\/schema\\\/logo\\\/image\\\/\"},\"sameAs\":[\"https:\\\/\\\/www.facebook.com\\\/MusiquesJuives\\\/\",\"https:\\\/\\\/www.instagram.com\\\/musiquesjuives\\\/\",\"https:\\\/\\\/www.youtube.com\\\/user\\\/musiquesjuives\"]},{\"@type\":\"Person\",\"@id\":\"https:\\\/\\\/www.iemj.org\\\/it\\\/#\\\/schema\\\/person\\\/e2ad57f2c4be119c7ed8ab79036807a9\",\"name\":\"Lea Couderc\",\"image\":{\"@type\":\"ImageObject\",\"inLanguage\":\"it-IT\",\"@id\":\"https:\\\/\\\/secure.gravatar.com\\\/avatar\\\/46ee021475d60aeff17a7e490b79dea5a5684bb392ab7fd1494027411df8ba23?s=96&d=mm&r=g\",\"url\":\"https:\\\/\\\/secure.gravatar.com\\\/avatar\\\/46ee021475d60aeff17a7e490b79dea5a5684bb392ab7fd1494027411df8ba23?s=96&d=mm&r=g\",\"contentUrl\":\"https:\\\/\\\/secure.gravatar.com\\\/avatar\\\/46ee021475d60aeff17a7e490b79dea5a5684bb392ab7fd1494027411df8ba23?s=96&d=mm&r=g\",\"caption\":\"Lea Couderc\"}}]}<\/script>\n<!-- \/ Yoast SEO plugin. -->","yoast_head_json":{"title":"CANTI DEGLI EBREI DI TUNISIA 2 - Institut Europ\u00e9en des Musiques Juives","robots":{"index":"index","follow":"follow","max-snippet":"max-snippet:-1","max-image-preview":"max-image-preview:large","max-video-preview":"max-video-preview:-1"},"canonical":"https:\/\/www.iemj.org\/it\/chants-des-juifs-de-tunisie-2\/","og_locale":"it_IT","og_type":"article","og_title":"CANTI DEGLI EBREI DI TUNISIA 2 - Institut Europ\u00e9en des Musiques Juives","og_description":"Una selezione musicale dei pi\u00f9 grandi cantanti ebrei della Tunisia","og_url":"https:\/\/www.iemj.org\/it\/chants-des-juifs-de-tunisie-2\/","og_site_name":"Institut Europ\u00e9en des Musiques Juives","article_publisher":"https:\/\/www.facebook.com\/MusiquesJuives\/","article_published_time":"2018-10-31T10:50:00+00:00","article_modified_time":"2025-07-08T15:38:52+00:00","og_image":[{"width":500,"height":470,"url":"https:\/\/www.iemj.org\/wp-content\/uploads\/2018\/10\/arton3721.jpg","type":"image\/jpeg"}],"author":"Lea Couderc","twitter_card":"summary_large_image","twitter_misc":{"Scritto da":"Lea Couderc","Tempo di lettura stimato":"2 minuti"},"schema":{"@context":"https:\/\/schema.org","@graph":[{"@type":"Article","@id":"https:\/\/www.iemj.org\/it\/chants-des-juifs-de-tunisie-2\/#article","isPartOf":{"@id":"https:\/\/www.iemj.org\/it\/chants-des-juifs-de-tunisie-2\/"},"author":{"name":"Lea Couderc","@id":"https:\/\/www.iemj.org\/it\/#\/schema\/person\/e2ad57f2c4be119c7ed8ab79036807a9"},"headline":"CANTI DEGLI EBREI DI TUNISIA 2","datePublished":"2018-10-31T10:50:00+00:00","dateModified":"2025-07-08T15:38:52+00:00","mainEntityOfPage":{"@id":"https:\/\/www.iemj.org\/it\/chants-des-juifs-de-tunisie-2\/"},"wordCount":205,"publisher":{"@id":"https:\/\/www.iemj.org\/it\/#organization"},"image":{"@id":"https:\/\/www.iemj.org\/it\/chants-des-juifs-de-tunisie-2\/#primaryimage"},"thumbnailUrl":"https:\/\/www.iemj.org\/wp-content\/uploads\/2018\/10\/arton3721.jpg","articleSection":["Playlist"],"inLanguage":"it-IT"},{"@type":"WebPage","@id":"https:\/\/www.iemj.org\/it\/chants-des-juifs-de-tunisie-2\/","url":"https:\/\/www.iemj.org\/it\/chants-des-juifs-de-tunisie-2\/","name":"CANTI DEGLI EBREI DI TUNISIA 2 - Institut Europ\u00e9en des Musiques Juives","isPartOf":{"@id":"https:\/\/www.iemj.org\/it\/#website"},"primaryImageOfPage":{"@id":"https:\/\/www.iemj.org\/it\/chants-des-juifs-de-tunisie-2\/#primaryimage"},"image":{"@id":"https:\/\/www.iemj.org\/it\/chants-des-juifs-de-tunisie-2\/#primaryimage"},"thumbnailUrl":"https:\/\/www.iemj.org\/wp-content\/uploads\/2018\/10\/arton3721.jpg","datePublished":"2018-10-31T10:50:00+00:00","dateModified":"2025-07-08T15:38:52+00:00","breadcrumb":{"@id":"https:\/\/www.iemj.org\/it\/chants-des-juifs-de-tunisie-2\/#breadcrumb"},"inLanguage":"it-IT","potentialAction":[{"@type":"ReadAction","target":["https:\/\/www.iemj.org\/it\/chants-des-juifs-de-tunisie-2\/"]}]},{"@type":"ImageObject","inLanguage":"it-IT","@id":"https:\/\/www.iemj.org\/it\/chants-des-juifs-de-tunisie-2\/#primaryimage","url":"https:\/\/www.iemj.org\/wp-content\/uploads\/2018\/10\/arton3721.jpg","contentUrl":"https:\/\/www.iemj.org\/wp-content\/uploads\/2018\/10\/arton3721.jpg","width":500,"height":470},{"@type":"BreadcrumbList","@id":"https:\/\/www.iemj.org\/it\/chants-des-juifs-de-tunisie-2\/#breadcrumb","itemListElement":[{"@type":"ListItem","position":1,"name":"Accueil","item":"https:\/\/www.iemj.org\/it\/"},{"@type":"ListItem","position":2,"name":"CANTI DEGLI EBREI DI TUNISIA 2"}]},{"@type":"WebSite","@id":"https:\/\/www.iemj.org\/it\/#website","url":"https:\/\/www.iemj.org\/it\/","name":"Institut Europ\u00e9en des Musiques Juives","description":"Des traditions musicales \u00e0 la port\u00e9e de tous","publisher":{"@id":"https:\/\/www.iemj.org\/it\/#organization"},"potentialAction":[{"@type":"SearchAction","target":{"@type":"EntryPoint","urlTemplate":"https:\/\/www.iemj.org\/it\/?s={search_term_string}"},"query-input":{"@type":"PropertyValueSpecification","valueRequired":true,"valueName":"search_term_string"}}],"inLanguage":"it-IT"},{"@type":"Organization","@id":"https:\/\/www.iemj.org\/it\/#organization","name":"Institut Europ\u00e9en des Musiques Juives","url":"https:\/\/www.iemj.org\/it\/","logo":{"@type":"ImageObject","inLanguage":"it-IT","@id":"https:\/\/www.iemj.org\/it\/#\/schema\/logo\/image\/","url":"https:\/\/www.iemj.org\/wp-content\/uploads\/2021\/09\/Logo-IEMJ-Paypal.jpg","contentUrl":"https:\/\/www.iemj.org\/wp-content\/uploads\/2021\/09\/Logo-IEMJ-Paypal.jpg","width":150,"height":50,"caption":"Institut Europ\u00e9en des Musiques Juives"},"image":{"@id":"https:\/\/www.iemj.org\/it\/#\/schema\/logo\/image\/"},"sameAs":["https:\/\/www.facebook.com\/MusiquesJuives\/","https:\/\/www.instagram.com\/musiquesjuives\/","https:\/\/www.youtube.com\/user\/musiquesjuives"]},{"@type":"Person","@id":"https:\/\/www.iemj.org\/it\/#\/schema\/person\/e2ad57f2c4be119c7ed8ab79036807a9","name":"Lea Couderc","image":{"@type":"ImageObject","inLanguage":"it-IT","@id":"https:\/\/secure.gravatar.com\/avatar\/46ee021475d60aeff17a7e490b79dea5a5684bb392ab7fd1494027411df8ba23?s=96&d=mm&r=g","url":"https:\/\/secure.gravatar.com\/avatar\/46ee021475d60aeff17a7e490b79dea5a5684bb392ab7fd1494027411df8ba23?s=96&d=mm&r=g","contentUrl":"https:\/\/secure.gravatar.com\/avatar\/46ee021475d60aeff17a7e490b79dea5a5684bb392ab7fd1494027411df8ba23?s=96&d=mm&r=g","caption":"Lea Couderc"}}]}},"_links":{"self":[{"href":"https:\/\/www.iemj.org\/it\/wp-json\/wp\/v2\/posts\/86238","targetHints":{"allow":["GET"]}}],"collection":[{"href":"https:\/\/www.iemj.org\/it\/wp-json\/wp\/v2\/posts"}],"about":[{"href":"https:\/\/www.iemj.org\/it\/wp-json\/wp\/v2\/types\/post"}],"author":[{"embeddable":true,"href":"https:\/\/www.iemj.org\/it\/wp-json\/wp\/v2\/users\/1052"}],"replies":[{"embeddable":true,"href":"https:\/\/www.iemj.org\/it\/wp-json\/wp\/v2\/comments?post=86238"}],"version-history":[{"count":0,"href":"https:\/\/www.iemj.org\/it\/wp-json\/wp\/v2\/posts\/86238\/revisions"}],"wp:featuredmedia":[{"embeddable":true,"href":"https:\/\/www.iemj.org\/it\/wp-json\/wp\/v2\/media\/86239"}],"wp:attachment":[{"href":"https:\/\/www.iemj.org\/it\/wp-json\/wp\/v2\/media?parent=86238"}],"wp:term":[{"taxonomy":"category","embeddable":true,"href":"https:\/\/www.iemj.org\/it\/wp-json\/wp\/v2\/categories?post=86238"},{"taxonomy":"post_tag","embeddable":true,"href":"https:\/\/www.iemj.org\/it\/wp-json\/wp\/v2\/tags?post=86238"},{"taxonomy":"technique","embeddable":true,"href":"https:\/\/www.iemj.org\/it\/wp-json\/wp\/v2\/technique?post=86238"},{"taxonomy":"squelettes","embeddable":true,"href":"https:\/\/www.iemj.org\/it\/wp-json\/wp\/v2\/squelettes?post=86238"},{"taxonomy":"sujet","embeddable":true,"href":"https:\/\/www.iemj.org\/it\/wp-json\/wp\/v2\/sujet?post=86238"},{"taxonomy":"formation","embeddable":true,"href":"https:\/\/www.iemj.org\/it\/wp-json\/wp\/v2\/formation?post=86238"},{"taxonomy":"genre","embeddable":true,"href":"https:\/\/www.iemj.org\/it\/wp-json\/wp\/v2\/genre?post=86238"},{"taxonomy":"fonds","embeddable":true,"href":"https:\/\/www.iemj.org\/it\/wp-json\/wp\/v2\/fonds?post=86238"},{"taxonomy":"tradition","embeddable":true,"href":"https:\/\/www.iemj.org\/it\/wp-json\/wp\/v2\/tradition?post=86238"},{"taxonomy":"type-de-contenu","embeddable":true,"href":"https:\/\/www.iemj.org\/it\/wp-json\/wp\/v2\/type-de-contenu?post=86238"},{"taxonomy":"interprete-compositeur","embeddable":true,"href":"https:\/\/www.iemj.org\/it\/wp-json\/wp\/v2\/interprete-compositeur?post=86238"},{"taxonomy":"frise","embeddable":true,"href":"https:\/\/www.iemj.org\/it\/wp-json\/wp\/v2\/frise?post=86238"},{"taxonomy":"type-devenement","embeddable":true,"href":"https:\/\/www.iemj.org\/it\/wp-json\/wp\/v2\/type-devenement?post=86238"},{"taxonomy":"tableaux-liens-externes","embeddable":true,"href":"https:\/\/www.iemj.org\/it\/wp-json\/wp\/v2\/tableaux-liens-externes?post=86238"}],"curies":[{"name":"wp","href":"https:\/\/api.w.org\/{rel}","templated":true}]}}