{"id":86578,"date":"2018-10-09T17:04:47","date_gmt":"2018-10-09T15:04:47","guid":{"rendered":"https:\/\/www.iemj.org\/goldberg-lea-1911-1970\/"},"modified":"2022-07-28T12:14:38","modified_gmt":"2022-07-28T10:14:38","slug":"goldberg-lea-1911-1970","status":"publish","type":"post","link":"https:\/\/www.iemj.org\/it\/goldberg-lea-1911-1970\/","title":{"rendered":"Goldberg, L\u00e9a (1911 &#8211; 1970)"},"content":{"rendered":"<p>Nata il 29 maggio 1911 a K\u00f6nigsberg, allora Prussia orientale, L\u00e9a (Leah) Goldberg trascorre la sua infanzia a Kovna, in Lituania. Quando scoppia la Prima guerra mondiale, la sua famiglia emigra in Russia. Ed \u00e8 qui che nasce suo fratello, Emmanuel, morto di una grave meningite prima di aver raggiunto un anno di et\u00e0. Questo ricordo perseguiter\u00e0 la futura poetessa per tutta la vita.<\/p>\n<p>Alla fine della guerra, la famiglia torna a Kovna. Ma il padre, sospettato di appartenere al Partito Comunista, \u00e8 arrestato dalle autorit\u00e0 lituane e crudelmente torturato. Non si riprender\u00e0 mai dal trauma subito e sar\u00e0 colpito da una malattia mentale che porter\u00e0 la coppia al divorzio. Questo tragico episodio segner\u00e0 a lungo la vita di L\u00e9a Goldberg. Dopo aver constatato che anche suo zio paterno aveva sofferto di una malattia mentale, fa la scelta di non avere figli.<\/p>\n<p>Fin dalla sua prima giovinezza, L\u00e9a Goldberg sente una forte attrazione per la letteratura e le lingue. Nel 1933, dopo aver studiato filosofia e lingua semitica presso le universit\u00e0 di Kaunas (Lituania) e Berlino, discute una tesi sul dialetto samaritano presso l&#8217;Universit\u00e0 di Bonn. Dopo aver conseguito il dottorato, torna in Lituania dove insegna letteratura presso il Gymnasium (liceo) ebraico di Raseiniai. Aderisce, allora, alla societ\u00e0 letteraria <strong>Petah<\/strong> e, dal 1932, le sue poesie sono pubblicate su dei giornali in ebraico. Grazie ad una autorizzazione all&#8217;immigrazione inviata dal poeta Abraham Shlonsky, emigra nella Palestina mandataria nella primavera del 1935. L\u00ec si unisce al gruppo di poeti modernisti <strong>Yahdav<\/strong> (&#8220;Insieme&#8221;) al quale appartengono anche <strong>Abraham Shlonsky<\/strong>, <strong>Nathan Alterman<\/strong>, <strong>Yaakov Horovitz<\/strong> e <strong>Israele<\/strong> <strong>Zmoura<\/strong>. Nello stesso anno, 1935, pubblica la sua prima raccolta di poesie intitolata <em>Anelli di fumo.<\/em><\/p>\n<p>L&#8217;anno successivo sua madre emigra a sua volta e si stabiliscono entrambe a Tel Aviv. L\u00e9a Goldberg vi trova lavoro come consulente letteraria per il teatro nazionale <em>Habima <\/em>e come editrice di libri per bambini per le edizioni <em>Sifriat ha-Po&#8217;alim<\/em>. \u00c8 anche redattrice di <em>Davar le-Yeladim<\/em> e <em>Orot Ketanim<\/em>, riviste per bambini della diaspora. Traduce le pi\u00f9 importanti opere della letteratura classica straniera e scrive recensioni letterarie e teatrali.<\/p>\n<p>Nel 1954 \u00e8 nominata docente di lettere all&#8217;Universit\u00e0 Ebraica di Gerusalemme, poi professoressa associata ed infine professoressa. Dal 1963 dirige il Dipartimento di letteratura comparata presso l&#8217;Universit\u00e0 Ebraica di Gerusalemme.<\/p>\n<p>Muore a Gerusalemme il 15 gennaio 1970, all&#8217;et\u00e0 di 59 anni, di cancro.<\/p>\n<p>I libri per bambini scritti da L\u00e9a Goldberg, tra i quali \u201c<em>I miei amici della rue Arnon<\/em>\u201d (1943), \u201c<em>Cosa fanno i cervi ?<\/em> (1949), \u201c<em>Piccola capanna<\/em>\u201d (1959), \u201c<em>Un appartamento in affitto<\/em>\u201d (1959), \u201c<em>Miracoli e meraviglie<\/em>\u201d (1954), \u201c<em>Dov&#8217;\u00e8 Pluto <\/em>? (1957), \u00ab\u00a0<em>L\u2019uomo matto di Kfar Azar<\/em>\u00a0\u00bb (1968) sono ancora oggi molto popolari e sono considerati uno dei gioielli della letteratura ebraica per i giovani lettori.<\/p>\n<p>I suoi poemi, caratterizzati da uno speciale rispetto per la rima e il ritmo, rimangono popolari nella cultura israeliana. Molti di loro sono stati musicati e cantati, in particolare da <strong>Chava Alberstein, Yehudit Ravitz, Nurit Galron, Achinoam Nini, Arik Einstein <\/strong>e<strong> Yossi Banai.<\/strong><\/p>\n<p>L\u00e9a Goldberg ha ricevuto il &#8220;Premio Ruppin&#8221; (1949) e il &#8220;Premio Israele per la Letteratura&#8221; (1970) (assegnato postumo a sua madre, Tzila, che le \u00e8 sopravvissuta di 13 anni).<\/p>\n<p><em>Fonti: <a href=\"https:\/\/fr.wikipedia.org\/wiki\/Leah_Goldberg\">Wikipedia<\/a> e <a href=\"http:\/\/lettresdisrael.over-blog.com\/article-biographie-lea-goldberg-konigsberg-1911-jerusalem-1970-112962945.html\">Lettres d&#8217;Israel<\/a><\/em><\/p>\n<p><a href=\"https:\/\/www.iemj.org\/it\/les-poemes-de-lea-goldberg-mis-en-musique\/\" target=\"_blank\" rel=\"noopener\">Ascoltare la playlist I poemi di L\u00e9a Goldberg messi in musica<\/a><\/p>\n","protected":false},"excerpt":{"rendered":"<p>Nata il 29 maggio 1911 a K\u00f6nigsberg, allora Prussia orientale, L\u00e9a (Leah) Goldberg trascorre la sua infanzia a Kovna, in Lituania. Quando scoppia la Prima guerra mondiale, la sua famiglia<\/p>\n","protected":false},"author":1048,"featured_media":51794,"comment_status":"closed","ping_status":"open","sticky":false,"template":"","format":"standard","meta":{"_acf_changed":false,"footnotes":""},"categories":[1416],"tags":[],"technique":[],"squelettes":[],"sujet":[],"formation":[],"genre":[],"fonds":[],"tradition":[],"type-de-contenu":[],"interprete-compositeur":[],"frise":[],"type-devenement":[],"tableaux-liens-externes":[],"class_list":["post-86578","post","type-post","status-publish","format-standard","has-post-thumbnail","hentry","category-biografie-it"],"acf":[],"yoast_head":"<!-- This site is optimized with the Yoast SEO plugin v27.3 - https:\/\/yoast.com\/product\/yoast-seo-wordpress\/ -->\n<title>Goldberg, L\u00e9a (1911 - 1970) - Institut Europ\u00e9en des Musiques Juives<\/title>\n<meta name=\"robots\" content=\"index, follow, max-snippet:-1, max-image-preview:large, max-video-preview:-1\" \/>\n<link rel=\"canonical\" href=\"https:\/\/www.iemj.org\/it\/goldberg-lea-1911-1970\/\" \/>\n<meta property=\"og:locale\" content=\"it_IT\" \/>\n<meta property=\"og:type\" content=\"article\" \/>\n<meta property=\"og:title\" content=\"Goldberg, L\u00e9a (1911 - 1970) - Institut Europ\u00e9en des Musiques Juives\" \/>\n<meta property=\"og:description\" content=\"Nata il 29 maggio 1911 a K\u00f6nigsberg, allora Prussia orientale, L\u00e9a (Leah) Goldberg trascorre la sua infanzia a Kovna, in Lituania. Quando scoppia la Prima guerra mondiale, la sua famiglia\" \/>\n<meta property=\"og:url\" content=\"https:\/\/www.iemj.org\/it\/goldberg-lea-1911-1970\/\" \/>\n<meta property=\"og:site_name\" content=\"Institut Europ\u00e9en des Musiques Juives\" \/>\n<meta property=\"article:publisher\" content=\"https:\/\/www.facebook.com\/MusiquesJuives\/\" \/>\n<meta property=\"article:published_time\" content=\"2018-10-09T15:04:47+00:00\" \/>\n<meta property=\"article:modified_time\" content=\"2022-07-28T10:14:38+00:00\" \/>\n<meta property=\"og:image\" content=\"https:\/\/www.iemj.org\/wp-content\/uploads\/2018\/10\/arton3660-e1625039377352.jpg\" \/>\n\t<meta property=\"og:image:width\" content=\"142\" \/>\n\t<meta property=\"og:image:height\" content=\"218\" \/>\n\t<meta property=\"og:image:type\" content=\"image\/jpeg\" \/>\n<meta name=\"author\" content=\"Jean-Gabriel Davis\" \/>\n<meta name=\"twitter:card\" content=\"summary_large_image\" \/>\n<meta name=\"twitter:label1\" content=\"Scritto da\" \/>\n\t<meta name=\"twitter:data1\" content=\"Jean-Gabriel Davis\" \/>\n\t<meta name=\"twitter:label2\" content=\"Tempo di lettura stimato\" \/>\n\t<meta name=\"twitter:data2\" content=\"3 minuti\" \/>\n<script type=\"application\/ld+json\" class=\"yoast-schema-graph\">{\"@context\":\"https:\\\/\\\/schema.org\",\"@graph\":[{\"@type\":\"Article\",\"@id\":\"https:\\\/\\\/www.iemj.org\\\/it\\\/goldberg-lea-1911-1970\\\/#article\",\"isPartOf\":{\"@id\":\"https:\\\/\\\/www.iemj.org\\\/it\\\/goldberg-lea-1911-1970\\\/\"},\"author\":{\"name\":\"Jean-Gabriel Davis\",\"@id\":\"https:\\\/\\\/www.iemj.org\\\/it\\\/#\\\/schema\\\/person\\\/c9bc1c386a3749579a2d675e72a18666\"},\"headline\":\"Goldberg, L\u00e9a (1911 &#8211; 1970)\",\"datePublished\":\"2018-10-09T15:04:47+00:00\",\"dateModified\":\"2022-07-28T10:14:38+00:00\",\"mainEntityOfPage\":{\"@id\":\"https:\\\/\\\/www.iemj.org\\\/it\\\/goldberg-lea-1911-1970\\\/\"},\"wordCount\":536,\"publisher\":{\"@id\":\"https:\\\/\\\/www.iemj.org\\\/it\\\/#organization\"},\"image\":{\"@id\":\"https:\\\/\\\/www.iemj.org\\\/it\\\/goldberg-lea-1911-1970\\\/#primaryimage\"},\"thumbnailUrl\":\"https:\\\/\\\/www.iemj.org\\\/wp-content\\\/uploads\\\/2018\\\/10\\\/arton3660-e1625039377352.jpg\",\"articleSection\":[\"Biografie\"],\"inLanguage\":\"it-IT\"},{\"@type\":\"WebPage\",\"@id\":\"https:\\\/\\\/www.iemj.org\\\/it\\\/goldberg-lea-1911-1970\\\/\",\"url\":\"https:\\\/\\\/www.iemj.org\\\/it\\\/goldberg-lea-1911-1970\\\/\",\"name\":\"Goldberg, L\u00e9a (1911 - 1970) - Institut Europ\u00e9en des Musiques Juives\",\"isPartOf\":{\"@id\":\"https:\\\/\\\/www.iemj.org\\\/it\\\/#website\"},\"primaryImageOfPage\":{\"@id\":\"https:\\\/\\\/www.iemj.org\\\/it\\\/goldberg-lea-1911-1970\\\/#primaryimage\"},\"image\":{\"@id\":\"https:\\\/\\\/www.iemj.org\\\/it\\\/goldberg-lea-1911-1970\\\/#primaryimage\"},\"thumbnailUrl\":\"https:\\\/\\\/www.iemj.org\\\/wp-content\\\/uploads\\\/2018\\\/10\\\/arton3660-e1625039377352.jpg\",\"datePublished\":\"2018-10-09T15:04:47+00:00\",\"dateModified\":\"2022-07-28T10:14:38+00:00\",\"breadcrumb\":{\"@id\":\"https:\\\/\\\/www.iemj.org\\\/it\\\/goldberg-lea-1911-1970\\\/#breadcrumb\"},\"inLanguage\":\"it-IT\",\"potentialAction\":[{\"@type\":\"ReadAction\",\"target\":[\"https:\\\/\\\/www.iemj.org\\\/it\\\/goldberg-lea-1911-1970\\\/\"]}]},{\"@type\":\"ImageObject\",\"inLanguage\":\"it-IT\",\"@id\":\"https:\\\/\\\/www.iemj.org\\\/it\\\/goldberg-lea-1911-1970\\\/#primaryimage\",\"url\":\"https:\\\/\\\/www.iemj.org\\\/wp-content\\\/uploads\\\/2018\\\/10\\\/arton3660-e1625039377352.jpg\",\"contentUrl\":\"https:\\\/\\\/www.iemj.org\\\/wp-content\\\/uploads\\\/2018\\\/10\\\/arton3660-e1625039377352.jpg\",\"width\":142,\"height\":218},{\"@type\":\"BreadcrumbList\",\"@id\":\"https:\\\/\\\/www.iemj.org\\\/it\\\/goldberg-lea-1911-1970\\\/#breadcrumb\",\"itemListElement\":[{\"@type\":\"ListItem\",\"position\":1,\"name\":\"Accueil\",\"item\":\"https:\\\/\\\/www.iemj.org\\\/it\\\/\"},{\"@type\":\"ListItem\",\"position\":2,\"name\":\"Goldberg, L\u00e9a (1911 &#8211; 1970)\"}]},{\"@type\":\"WebSite\",\"@id\":\"https:\\\/\\\/www.iemj.org\\\/it\\\/#website\",\"url\":\"https:\\\/\\\/www.iemj.org\\\/it\\\/\",\"name\":\"Institut Europ\u00e9en des Musiques Juives\",\"description\":\"Des traditions musicales \u00e0 la port\u00e9e de tous\",\"publisher\":{\"@id\":\"https:\\\/\\\/www.iemj.org\\\/it\\\/#organization\"},\"potentialAction\":[{\"@type\":\"SearchAction\",\"target\":{\"@type\":\"EntryPoint\",\"urlTemplate\":\"https:\\\/\\\/www.iemj.org\\\/it\\\/?s={search_term_string}\"},\"query-input\":{\"@type\":\"PropertyValueSpecification\",\"valueRequired\":true,\"valueName\":\"search_term_string\"}}],\"inLanguage\":\"it-IT\"},{\"@type\":\"Organization\",\"@id\":\"https:\\\/\\\/www.iemj.org\\\/it\\\/#organization\",\"name\":\"Institut Europ\u00e9en des Musiques Juives\",\"url\":\"https:\\\/\\\/www.iemj.org\\\/it\\\/\",\"logo\":{\"@type\":\"ImageObject\",\"inLanguage\":\"it-IT\",\"@id\":\"https:\\\/\\\/www.iemj.org\\\/it\\\/#\\\/schema\\\/logo\\\/image\\\/\",\"url\":\"https:\\\/\\\/www.iemj.org\\\/wp-content\\\/uploads\\\/2021\\\/09\\\/Logo-IEMJ-Paypal.jpg\",\"contentUrl\":\"https:\\\/\\\/www.iemj.org\\\/wp-content\\\/uploads\\\/2021\\\/09\\\/Logo-IEMJ-Paypal.jpg\",\"width\":150,\"height\":50,\"caption\":\"Institut Europ\u00e9en des Musiques Juives\"},\"image\":{\"@id\":\"https:\\\/\\\/www.iemj.org\\\/it\\\/#\\\/schema\\\/logo\\\/image\\\/\"},\"sameAs\":[\"https:\\\/\\\/www.facebook.com\\\/MusiquesJuives\\\/\",\"https:\\\/\\\/www.instagram.com\\\/musiquesjuives\\\/\",\"https:\\\/\\\/www.youtube.com\\\/user\\\/musiquesjuives\"]},{\"@type\":\"Person\",\"@id\":\"https:\\\/\\\/www.iemj.org\\\/it\\\/#\\\/schema\\\/person\\\/c9bc1c386a3749579a2d675e72a18666\",\"name\":\"Jean-Gabriel Davis\",\"image\":{\"@type\":\"ImageObject\",\"inLanguage\":\"it-IT\",\"@id\":\"https:\\\/\\\/secure.gravatar.com\\\/avatar\\\/2b90d67bdf392c9b3a21fab87c0fa7edaf1fb3a058172a1ffd61033fcec7aec1?s=96&d=mm&r=g\",\"url\":\"https:\\\/\\\/secure.gravatar.com\\\/avatar\\\/2b90d67bdf392c9b3a21fab87c0fa7edaf1fb3a058172a1ffd61033fcec7aec1?s=96&d=mm&r=g\",\"contentUrl\":\"https:\\\/\\\/secure.gravatar.com\\\/avatar\\\/2b90d67bdf392c9b3a21fab87c0fa7edaf1fb3a058172a1ffd61033fcec7aec1?s=96&d=mm&r=g\",\"caption\":\"Jean-Gabriel Davis\"}}]}<\/script>\n<!-- \/ Yoast SEO plugin. -->","yoast_head_json":{"title":"Goldberg, L\u00e9a (1911 - 1970) - Institut Europ\u00e9en des Musiques Juives","robots":{"index":"index","follow":"follow","max-snippet":"max-snippet:-1","max-image-preview":"max-image-preview:large","max-video-preview":"max-video-preview:-1"},"canonical":"https:\/\/www.iemj.org\/it\/goldberg-lea-1911-1970\/","og_locale":"it_IT","og_type":"article","og_title":"Goldberg, L\u00e9a (1911 - 1970) - Institut Europ\u00e9en des Musiques Juives","og_description":"Nata il 29 maggio 1911 a K\u00f6nigsberg, allora Prussia orientale, L\u00e9a (Leah) Goldberg trascorre la sua infanzia a Kovna, in Lituania. Quando scoppia la Prima guerra mondiale, la sua famiglia","og_url":"https:\/\/www.iemj.org\/it\/goldberg-lea-1911-1970\/","og_site_name":"Institut Europ\u00e9en des Musiques Juives","article_publisher":"https:\/\/www.facebook.com\/MusiquesJuives\/","article_published_time":"2018-10-09T15:04:47+00:00","article_modified_time":"2022-07-28T10:14:38+00:00","og_image":[{"width":142,"height":218,"url":"https:\/\/www.iemj.org\/wp-content\/uploads\/2018\/10\/arton3660-e1625039377352.jpg","type":"image\/jpeg"}],"author":"Jean-Gabriel Davis","twitter_card":"summary_large_image","twitter_misc":{"Scritto da":"Jean-Gabriel Davis","Tempo di lettura stimato":"3 minuti"},"schema":{"@context":"https:\/\/schema.org","@graph":[{"@type":"Article","@id":"https:\/\/www.iemj.org\/it\/goldberg-lea-1911-1970\/#article","isPartOf":{"@id":"https:\/\/www.iemj.org\/it\/goldberg-lea-1911-1970\/"},"author":{"name":"Jean-Gabriel Davis","@id":"https:\/\/www.iemj.org\/it\/#\/schema\/person\/c9bc1c386a3749579a2d675e72a18666"},"headline":"Goldberg, L\u00e9a (1911 &#8211; 1970)","datePublished":"2018-10-09T15:04:47+00:00","dateModified":"2022-07-28T10:14:38+00:00","mainEntityOfPage":{"@id":"https:\/\/www.iemj.org\/it\/goldberg-lea-1911-1970\/"},"wordCount":536,"publisher":{"@id":"https:\/\/www.iemj.org\/it\/#organization"},"image":{"@id":"https:\/\/www.iemj.org\/it\/goldberg-lea-1911-1970\/#primaryimage"},"thumbnailUrl":"https:\/\/www.iemj.org\/wp-content\/uploads\/2018\/10\/arton3660-e1625039377352.jpg","articleSection":["Biografie"],"inLanguage":"it-IT"},{"@type":"WebPage","@id":"https:\/\/www.iemj.org\/it\/goldberg-lea-1911-1970\/","url":"https:\/\/www.iemj.org\/it\/goldberg-lea-1911-1970\/","name":"Goldberg, L\u00e9a (1911 - 1970) - Institut Europ\u00e9en des Musiques Juives","isPartOf":{"@id":"https:\/\/www.iemj.org\/it\/#website"},"primaryImageOfPage":{"@id":"https:\/\/www.iemj.org\/it\/goldberg-lea-1911-1970\/#primaryimage"},"image":{"@id":"https:\/\/www.iemj.org\/it\/goldberg-lea-1911-1970\/#primaryimage"},"thumbnailUrl":"https:\/\/www.iemj.org\/wp-content\/uploads\/2018\/10\/arton3660-e1625039377352.jpg","datePublished":"2018-10-09T15:04:47+00:00","dateModified":"2022-07-28T10:14:38+00:00","breadcrumb":{"@id":"https:\/\/www.iemj.org\/it\/goldberg-lea-1911-1970\/#breadcrumb"},"inLanguage":"it-IT","potentialAction":[{"@type":"ReadAction","target":["https:\/\/www.iemj.org\/it\/goldberg-lea-1911-1970\/"]}]},{"@type":"ImageObject","inLanguage":"it-IT","@id":"https:\/\/www.iemj.org\/it\/goldberg-lea-1911-1970\/#primaryimage","url":"https:\/\/www.iemj.org\/wp-content\/uploads\/2018\/10\/arton3660-e1625039377352.jpg","contentUrl":"https:\/\/www.iemj.org\/wp-content\/uploads\/2018\/10\/arton3660-e1625039377352.jpg","width":142,"height":218},{"@type":"BreadcrumbList","@id":"https:\/\/www.iemj.org\/it\/goldberg-lea-1911-1970\/#breadcrumb","itemListElement":[{"@type":"ListItem","position":1,"name":"Accueil","item":"https:\/\/www.iemj.org\/it\/"},{"@type":"ListItem","position":2,"name":"Goldberg, L\u00e9a (1911 &#8211; 1970)"}]},{"@type":"WebSite","@id":"https:\/\/www.iemj.org\/it\/#website","url":"https:\/\/www.iemj.org\/it\/","name":"Institut Europ\u00e9en des Musiques Juives","description":"Des traditions musicales \u00e0 la port\u00e9e de tous","publisher":{"@id":"https:\/\/www.iemj.org\/it\/#organization"},"potentialAction":[{"@type":"SearchAction","target":{"@type":"EntryPoint","urlTemplate":"https:\/\/www.iemj.org\/it\/?s={search_term_string}"},"query-input":{"@type":"PropertyValueSpecification","valueRequired":true,"valueName":"search_term_string"}}],"inLanguage":"it-IT"},{"@type":"Organization","@id":"https:\/\/www.iemj.org\/it\/#organization","name":"Institut Europ\u00e9en des Musiques Juives","url":"https:\/\/www.iemj.org\/it\/","logo":{"@type":"ImageObject","inLanguage":"it-IT","@id":"https:\/\/www.iemj.org\/it\/#\/schema\/logo\/image\/","url":"https:\/\/www.iemj.org\/wp-content\/uploads\/2021\/09\/Logo-IEMJ-Paypal.jpg","contentUrl":"https:\/\/www.iemj.org\/wp-content\/uploads\/2021\/09\/Logo-IEMJ-Paypal.jpg","width":150,"height":50,"caption":"Institut Europ\u00e9en des Musiques Juives"},"image":{"@id":"https:\/\/www.iemj.org\/it\/#\/schema\/logo\/image\/"},"sameAs":["https:\/\/www.facebook.com\/MusiquesJuives\/","https:\/\/www.instagram.com\/musiquesjuives\/","https:\/\/www.youtube.com\/user\/musiquesjuives"]},{"@type":"Person","@id":"https:\/\/www.iemj.org\/it\/#\/schema\/person\/c9bc1c386a3749579a2d675e72a18666","name":"Jean-Gabriel Davis","image":{"@type":"ImageObject","inLanguage":"it-IT","@id":"https:\/\/secure.gravatar.com\/avatar\/2b90d67bdf392c9b3a21fab87c0fa7edaf1fb3a058172a1ffd61033fcec7aec1?s=96&d=mm&r=g","url":"https:\/\/secure.gravatar.com\/avatar\/2b90d67bdf392c9b3a21fab87c0fa7edaf1fb3a058172a1ffd61033fcec7aec1?s=96&d=mm&r=g","contentUrl":"https:\/\/secure.gravatar.com\/avatar\/2b90d67bdf392c9b3a21fab87c0fa7edaf1fb3a058172a1ffd61033fcec7aec1?s=96&d=mm&r=g","caption":"Jean-Gabriel Davis"}}]}},"_links":{"self":[{"href":"https:\/\/www.iemj.org\/it\/wp-json\/wp\/v2\/posts\/86578","targetHints":{"allow":["GET"]}}],"collection":[{"href":"https:\/\/www.iemj.org\/it\/wp-json\/wp\/v2\/posts"}],"about":[{"href":"https:\/\/www.iemj.org\/it\/wp-json\/wp\/v2\/types\/post"}],"author":[{"embeddable":true,"href":"https:\/\/www.iemj.org\/it\/wp-json\/wp\/v2\/users\/1048"}],"replies":[{"embeddable":true,"href":"https:\/\/www.iemj.org\/it\/wp-json\/wp\/v2\/comments?post=86578"}],"version-history":[{"count":0,"href":"https:\/\/www.iemj.org\/it\/wp-json\/wp\/v2\/posts\/86578\/revisions"}],"wp:featuredmedia":[{"embeddable":true,"href":"https:\/\/www.iemj.org\/it\/wp-json\/wp\/v2\/media\/51794"}],"wp:attachment":[{"href":"https:\/\/www.iemj.org\/it\/wp-json\/wp\/v2\/media?parent=86578"}],"wp:term":[{"taxonomy":"category","embeddable":true,"href":"https:\/\/www.iemj.org\/it\/wp-json\/wp\/v2\/categories?post=86578"},{"taxonomy":"post_tag","embeddable":true,"href":"https:\/\/www.iemj.org\/it\/wp-json\/wp\/v2\/tags?post=86578"},{"taxonomy":"technique","embeddable":true,"href":"https:\/\/www.iemj.org\/it\/wp-json\/wp\/v2\/technique?post=86578"},{"taxonomy":"squelettes","embeddable":true,"href":"https:\/\/www.iemj.org\/it\/wp-json\/wp\/v2\/squelettes?post=86578"},{"taxonomy":"sujet","embeddable":true,"href":"https:\/\/www.iemj.org\/it\/wp-json\/wp\/v2\/sujet?post=86578"},{"taxonomy":"formation","embeddable":true,"href":"https:\/\/www.iemj.org\/it\/wp-json\/wp\/v2\/formation?post=86578"},{"taxonomy":"genre","embeddable":true,"href":"https:\/\/www.iemj.org\/it\/wp-json\/wp\/v2\/genre?post=86578"},{"taxonomy":"fonds","embeddable":true,"href":"https:\/\/www.iemj.org\/it\/wp-json\/wp\/v2\/fonds?post=86578"},{"taxonomy":"tradition","embeddable":true,"href":"https:\/\/www.iemj.org\/it\/wp-json\/wp\/v2\/tradition?post=86578"},{"taxonomy":"type-de-contenu","embeddable":true,"href":"https:\/\/www.iemj.org\/it\/wp-json\/wp\/v2\/type-de-contenu?post=86578"},{"taxonomy":"interprete-compositeur","embeddable":true,"href":"https:\/\/www.iemj.org\/it\/wp-json\/wp\/v2\/interprete-compositeur?post=86578"},{"taxonomy":"frise","embeddable":true,"href":"https:\/\/www.iemj.org\/it\/wp-json\/wp\/v2\/frise?post=86578"},{"taxonomy":"type-devenement","embeddable":true,"href":"https:\/\/www.iemj.org\/it\/wp-json\/wp\/v2\/type-devenement?post=86578"},{"taxonomy":"tableaux-liens-externes","embeddable":true,"href":"https:\/\/www.iemj.org\/it\/wp-json\/wp\/v2\/tableaux-liens-externes?post=86578"}],"curies":[{"name":"wp","href":"https:\/\/api.w.org\/{rel}","templated":true}]}}