{"id":86609,"date":"2020-12-01T11:38:50","date_gmt":"2020-12-01T10:38:50","guid":{"rendered":"https:\/\/www.iemj.org\/goldenshteyn-german-1934-2006\/"},"modified":"2022-07-28T15:38:18","modified_gmt":"2022-07-28T13:38:18","slug":"goldenshteyn-german-1934-2006","status":"publish","type":"post","link":"https:\/\/www.iemj.org\/it\/goldenshteyn-german-1934-2006\/","title":{"rendered":"Goldenshteyn, German (1934-2006)"},"content":{"rendered":"<p>German Goldenshteyn \u00e8 nato nel 1934 a Otaci (in Bessarabia), in Romania, parte dell&#8217;attuale Moldavia.<\/p>\n<p>Durante la seconda guerra mondiale, la Romania entra in guerra con le forze dell&#8217;Asse (Germania, Italia e Giappone). German Goldenshteyn e tutta la sua famiglia sono allora internati in un ghetto rumeno chiamato Bershad. I suoi genitori non sopravvivono e muoiono di malattie e privazioni.<\/p>\n<p>Alla fine del 1944, German e due dei suoi fratelli sono trasferiti in un orfanotrofio a Odessa. Circa un anno dopo, il direttore di una banda militare sovietica viene per esaminare le capacit\u00e0 musicali dei bambini. Ne sceglie 10, tra cui German ed uno dei suoi fratelli, facilitando la loro ammissione ad una scuola di musica a Odessa, dove German studia il clarinetto.<\/p>\n<p><img fetchpriority=\"high\" decoding=\"async\" class=\" alignright  wp-image-29281\" src=\"https:\/\/www.iemj.org\/wp-content\/uploads\/2020\/12\/bessarabie_redim_480px_larg.jpg\" alt=\"bessarabie_redim_480px_larg.jpg\" width=\"354\" height=\"260\" align=\"right\" \/><\/p>\n<p>German Goldenshteyn effetua il servizio militare nell&#8217;orchestra dell&#8217;Armata Rossa, poi, nel 1956, si trasferisce in Ucraina dove diventa macchinista nella citt\u00e0 di Mogilev Podolski\u00a0; nello stesso tempo integra una piccola orchestra nuziale che suona in tutta la regione. Viaggia di villaggio in villaggio, di citt\u00e0 in citt\u00e0, come facevano i tradizionali Klezmorim del 18\u00b0 e dell&#8217;inizio del 19\u00b0 secolo. Durante le sue tribolazioni incontra musicisti che gli insegnano centinaia di melodie bessarabiche, popolari e tradizionali.<\/p>\n<p>La Bessarabia era allora al crocevia di culture diverse, ebraica, gitana, ottomana, slava, balcanica\u2026 e la convivenza di tutte queste tradizioni costituiva un repertorio ricco e contrastato. Sebbene il regime sovietico del dopoguerra abbia tentato di sradicare la cultura ebraica, la musica \u00e8 riuscita a sopravvivere a questa repressione. Goldenshteyn suona migliaia di simha, di horas, di sirba e di freylekh. Le impara molto velocemente, ma trovando difficile ricordarle tutte, prende l&#8217;abitudine di trascriverle scrupolosamente su dei quaderni. Ogni volta che impara una nuova melodia, la trascrive immediatamente per non dimenticarla.<\/p>\n<p>Anno dopo anno, trascrive nei suoi taccuini pi\u00f9 di mille melodie che porta con s\u00e9 nel 1994, quando arriva negli Stati Uniti. Molte di queste melodie non erano mai state documentate prima di lui.<\/p>\n<p>Originario del Vecchio Mondo come molti dei suoi predecessori, Dave Tarras, Naftule Brandwein, Goldenshteyn rappresenta uno dei legami pi\u00f9 recenti con la tradizione klezmer dell&#8217;Europa orientale.<\/p>\n<p>E\u2019 a Long Island, New York, che muore d\u2019infarto nel 2006 durante una partita di pesca.<\/p>\n<p><a href=\"http:\/\/www.rachelnet.net\/F\/?func=find-c&amp;ccl_term=WRD+%3D+German+Goldenshteyn&amp;local_base=iemcg\" target=\"_blank\" rel=\"noopener\">Consultare le nostre collezioni su German Goldenshteyn<\/a><\/p>\n\n\n<div class=\"wp-block-columns are-vertically-aligned-center is-layout-flex wp-container-core-columns-is-layout-9d6595d7 wp-block-columns-is-layout-flex\">\n<div class=\"wp-block-column is-vertically-aligned-center is-layout-flow wp-block-column-is-layout-flow\"><div class=\"wp-block-image\">\n<figure class=\"aligncenter size-large\"><img decoding=\"async\" width=\"262\" height=\"350\" src=\"https:\/\/www.iemj.org\/wp-content\/uploads\/2020\/12\/recueil_de_partitions_350px_vertic.jpg\" alt=\"recueil_de_partitions_350px_vertic.jpg\" class=\"wp-image-29283\"\/><figcaption><strong><strong>Spartito per clarinetto dal repertorio di German Goldenshteyn<\/strong><\/strong><\/figcaption><\/figure>\n<\/div><\/div>\n\n\n\n<div class=\"wp-block-column is-vertically-aligned-center is-layout-flow wp-block-column-is-layout-flow\"><div class=\"wp-block-image\">\n<figure class=\"aligncenter size-large is-resized\"><img decoding=\"async\" src=\"https:\/\/www.iemj.org\/wp-content\/uploads\/2020\/12\/couverture_disque_german_goldenshteyn_redim_250px.jpg\" alt=\"couverture_disque_german_goldenshteyn_redim_250px.jpg\" class=\"wp-image-29285\" width=\"250\" height=\"250\"\/><figcaption><strong><strong>Disco<\/strong><\/strong> <strong>German Goldenshteyn<\/strong><\/figcaption><\/figure>\n<\/div>\n\n\n<p><\/p>\n<\/div>\n<\/div>\n\n\n\n<figure class=\"wp-block-embed is-type-video is-provider-youtube wp-block-embed-youtube wp-embed-aspect-16-9 wp-has-aspect-ratio\"><div class=\"wp-block-embed__wrapper\">\n<iframe title=\"Treasures of the CTMD Archive - German Goldenshteyn\" width=\"640\" height=\"360\" src=\"https:\/\/www.youtube.com\/embed\/kfV9dIJWyRU?feature=oembed\" frameborder=\"0\" allow=\"accelerometer; autoplay; clipboard-write; encrypted-media; gyroscope; picture-in-picture; web-share\" referrerpolicy=\"strict-origin-when-cross-origin\" allowfullscreen><\/iframe>\n<\/div><\/figure>\n","protected":false},"excerpt":{"rendered":"<p>German Goldenshteyn \u00e8 nato nel 1934 a Otaci (in Bessarabia), in Romania, parte dell&#8217;attuale Moldavia. Durante la seconda guerra mondiale, la Romania entra in guerra con le forze dell&#8217;Asse (Germania,<\/p>\n","protected":false},"author":5,"featured_media":86610,"comment_status":"closed","ping_status":"closed","sticky":false,"template":"","format":"standard","meta":{"_acf_changed":false,"footnotes":""},"categories":[1416],"tags":[],"technique":[],"squelettes":[],"sujet":[],"formation":[],"genre":[1874],"fonds":[],"tradition":[],"type-de-contenu":[],"interprete-compositeur":[],"frise":[],"type-devenement":[],"tableaux-liens-externes":[],"class_list":["post-86609","post","type-post","status-publish","format-standard","has-post-thumbnail","hentry","category-biografie-it","genre-klezmer-it"],"acf":[],"yoast_head":"<!-- This site is optimized with the Yoast SEO plugin v27.3 - https:\/\/yoast.com\/product\/yoast-seo-wordpress\/ -->\n<title>Goldenshteyn, German (1934-2006) - Institut Europ\u00e9en des Musiques Juives<\/title>\n<meta name=\"robots\" content=\"index, follow, max-snippet:-1, max-image-preview:large, max-video-preview:-1\" \/>\n<link rel=\"canonical\" href=\"https:\/\/www.iemj.org\/it\/goldenshteyn-german-1934-2006\/\" \/>\n<meta property=\"og:locale\" content=\"it_IT\" \/>\n<meta property=\"og:type\" content=\"article\" \/>\n<meta property=\"og:title\" content=\"Goldenshteyn, German (1934-2006) - Institut Europ\u00e9en des Musiques Juives\" \/>\n<meta property=\"og:description\" content=\"German Goldenshteyn \u00e8 nato nel 1934 a Otaci (in Bessarabia), in Romania, parte dell&#8217;attuale Moldavia. Durante la seconda guerra mondiale, la Romania entra in guerra con le forze dell&#8217;Asse (Germania,\" \/>\n<meta property=\"og:url\" content=\"https:\/\/www.iemj.org\/it\/goldenshteyn-german-1934-2006\/\" \/>\n<meta property=\"og:site_name\" content=\"Institut Europ\u00e9en des Musiques Juives\" \/>\n<meta property=\"article:publisher\" content=\"https:\/\/www.facebook.com\/MusiquesJuives\/\" \/>\n<meta property=\"article:published_time\" content=\"2020-12-01T10:38:50+00:00\" \/>\n<meta property=\"article:modified_time\" content=\"2022-07-28T13:38:18+00:00\" \/>\n<meta property=\"og:image\" content=\"https:\/\/www.iemj.org\/wp-content\/uploads\/2020\/12\/arton4809-e1616951787482.jpg\" \/>\n\t<meta property=\"og:image:width\" content=\"170\" \/>\n\t<meta property=\"og:image:height\" content=\"218\" \/>\n\t<meta property=\"og:image:type\" content=\"image\/jpeg\" \/>\n<meta name=\"author\" content=\"Jacqueline ROTEN\" \/>\n<meta name=\"twitter:card\" content=\"summary_large_image\" \/>\n<meta name=\"twitter:label1\" content=\"Scritto da\" \/>\n\t<meta name=\"twitter:data1\" content=\"Jacqueline ROTEN\" \/>\n\t<meta name=\"twitter:label2\" content=\"Tempo di lettura stimato\" \/>\n\t<meta name=\"twitter:data2\" content=\"3 minuti\" \/>\n<script type=\"application\/ld+json\" class=\"yoast-schema-graph\">{\"@context\":\"https:\\\/\\\/schema.org\",\"@graph\":[{\"@type\":\"Article\",\"@id\":\"https:\\\/\\\/www.iemj.org\\\/it\\\/goldenshteyn-german-1934-2006\\\/#article\",\"isPartOf\":{\"@id\":\"https:\\\/\\\/www.iemj.org\\\/it\\\/goldenshteyn-german-1934-2006\\\/\"},\"author\":{\"name\":\"Jacqueline ROTEN\",\"@id\":\"https:\\\/\\\/www.iemj.org\\\/it\\\/#\\\/schema\\\/person\\\/358e26c18aca017fcc4cc15437f7279c\"},\"headline\":\"Goldenshteyn, German (1934-2006)\",\"datePublished\":\"2020-12-01T10:38:50+00:00\",\"dateModified\":\"2022-07-28T13:38:18+00:00\",\"mainEntityOfPage\":{\"@id\":\"https:\\\/\\\/www.iemj.org\\\/it\\\/goldenshteyn-german-1934-2006\\\/\"},\"wordCount\":389,\"publisher\":{\"@id\":\"https:\\\/\\\/www.iemj.org\\\/it\\\/#organization\"},\"image\":{\"@id\":\"https:\\\/\\\/www.iemj.org\\\/it\\\/goldenshteyn-german-1934-2006\\\/#primaryimage\"},\"thumbnailUrl\":\"https:\\\/\\\/www.iemj.org\\\/wp-content\\\/uploads\\\/2020\\\/12\\\/arton4809-e1616951787482.jpg\",\"articleSection\":[\"Biografie\"],\"inLanguage\":\"it-IT\"},{\"@type\":\"WebPage\",\"@id\":\"https:\\\/\\\/www.iemj.org\\\/it\\\/goldenshteyn-german-1934-2006\\\/\",\"url\":\"https:\\\/\\\/www.iemj.org\\\/it\\\/goldenshteyn-german-1934-2006\\\/\",\"name\":\"Goldenshteyn, German (1934-2006) - Institut Europ\u00e9en des Musiques Juives\",\"isPartOf\":{\"@id\":\"https:\\\/\\\/www.iemj.org\\\/it\\\/#website\"},\"primaryImageOfPage\":{\"@id\":\"https:\\\/\\\/www.iemj.org\\\/it\\\/goldenshteyn-german-1934-2006\\\/#primaryimage\"},\"image\":{\"@id\":\"https:\\\/\\\/www.iemj.org\\\/it\\\/goldenshteyn-german-1934-2006\\\/#primaryimage\"},\"thumbnailUrl\":\"https:\\\/\\\/www.iemj.org\\\/wp-content\\\/uploads\\\/2020\\\/12\\\/arton4809-e1616951787482.jpg\",\"datePublished\":\"2020-12-01T10:38:50+00:00\",\"dateModified\":\"2022-07-28T13:38:18+00:00\",\"breadcrumb\":{\"@id\":\"https:\\\/\\\/www.iemj.org\\\/it\\\/goldenshteyn-german-1934-2006\\\/#breadcrumb\"},\"inLanguage\":\"it-IT\",\"potentialAction\":[{\"@type\":\"ReadAction\",\"target\":[\"https:\\\/\\\/www.iemj.org\\\/it\\\/goldenshteyn-german-1934-2006\\\/\"]}]},{\"@type\":\"ImageObject\",\"inLanguage\":\"it-IT\",\"@id\":\"https:\\\/\\\/www.iemj.org\\\/it\\\/goldenshteyn-german-1934-2006\\\/#primaryimage\",\"url\":\"https:\\\/\\\/www.iemj.org\\\/wp-content\\\/uploads\\\/2020\\\/12\\\/arton4809-e1616951787482.jpg\",\"contentUrl\":\"https:\\\/\\\/www.iemj.org\\\/wp-content\\\/uploads\\\/2020\\\/12\\\/arton4809-e1616951787482.jpg\",\"width\":170,\"height\":218},{\"@type\":\"BreadcrumbList\",\"@id\":\"https:\\\/\\\/www.iemj.org\\\/it\\\/goldenshteyn-german-1934-2006\\\/#breadcrumb\",\"itemListElement\":[{\"@type\":\"ListItem\",\"position\":1,\"name\":\"Accueil\",\"item\":\"https:\\\/\\\/www.iemj.org\\\/it\\\/\"},{\"@type\":\"ListItem\",\"position\":2,\"name\":\"Goldenshteyn, German (1934-2006)\"}]},{\"@type\":\"WebSite\",\"@id\":\"https:\\\/\\\/www.iemj.org\\\/it\\\/#website\",\"url\":\"https:\\\/\\\/www.iemj.org\\\/it\\\/\",\"name\":\"Institut Europ\u00e9en des Musiques Juives\",\"description\":\"Des traditions musicales \u00e0 la port\u00e9e de tous\",\"publisher\":{\"@id\":\"https:\\\/\\\/www.iemj.org\\\/it\\\/#organization\"},\"potentialAction\":[{\"@type\":\"SearchAction\",\"target\":{\"@type\":\"EntryPoint\",\"urlTemplate\":\"https:\\\/\\\/www.iemj.org\\\/it\\\/?s={search_term_string}\"},\"query-input\":{\"@type\":\"PropertyValueSpecification\",\"valueRequired\":true,\"valueName\":\"search_term_string\"}}],\"inLanguage\":\"it-IT\"},{\"@type\":\"Organization\",\"@id\":\"https:\\\/\\\/www.iemj.org\\\/it\\\/#organization\",\"name\":\"Institut Europ\u00e9en des Musiques Juives\",\"url\":\"https:\\\/\\\/www.iemj.org\\\/it\\\/\",\"logo\":{\"@type\":\"ImageObject\",\"inLanguage\":\"it-IT\",\"@id\":\"https:\\\/\\\/www.iemj.org\\\/it\\\/#\\\/schema\\\/logo\\\/image\\\/\",\"url\":\"https:\\\/\\\/www.iemj.org\\\/wp-content\\\/uploads\\\/2021\\\/09\\\/Logo-IEMJ-Paypal.jpg\",\"contentUrl\":\"https:\\\/\\\/www.iemj.org\\\/wp-content\\\/uploads\\\/2021\\\/09\\\/Logo-IEMJ-Paypal.jpg\",\"width\":150,\"height\":50,\"caption\":\"Institut Europ\u00e9en des Musiques Juives\"},\"image\":{\"@id\":\"https:\\\/\\\/www.iemj.org\\\/it\\\/#\\\/schema\\\/logo\\\/image\\\/\"},\"sameAs\":[\"https:\\\/\\\/www.facebook.com\\\/MusiquesJuives\\\/\",\"https:\\\/\\\/www.instagram.com\\\/musiquesjuives\\\/\",\"https:\\\/\\\/www.youtube.com\\\/user\\\/musiquesjuives\"]},{\"@type\":\"Person\",\"@id\":\"https:\\\/\\\/www.iemj.org\\\/it\\\/#\\\/schema\\\/person\\\/358e26c18aca017fcc4cc15437f7279c\",\"name\":\"Jacqueline ROTEN\",\"image\":{\"@type\":\"ImageObject\",\"inLanguage\":\"it-IT\",\"@id\":\"https:\\\/\\\/secure.gravatar.com\\\/avatar\\\/5964256d6c6957de3a3505278957e0fb2a35119ac47ea41827a65301213c810b?s=96&d=mm&r=g\",\"url\":\"https:\\\/\\\/secure.gravatar.com\\\/avatar\\\/5964256d6c6957de3a3505278957e0fb2a35119ac47ea41827a65301213c810b?s=96&d=mm&r=g\",\"contentUrl\":\"https:\\\/\\\/secure.gravatar.com\\\/avatar\\\/5964256d6c6957de3a3505278957e0fb2a35119ac47ea41827a65301213c810b?s=96&d=mm&r=g\",\"caption\":\"Jacqueline ROTEN\"}}]}<\/script>\n<!-- \/ Yoast SEO plugin. -->","yoast_head_json":{"title":"Goldenshteyn, German (1934-2006) - Institut Europ\u00e9en des Musiques Juives","robots":{"index":"index","follow":"follow","max-snippet":"max-snippet:-1","max-image-preview":"max-image-preview:large","max-video-preview":"max-video-preview:-1"},"canonical":"https:\/\/www.iemj.org\/it\/goldenshteyn-german-1934-2006\/","og_locale":"it_IT","og_type":"article","og_title":"Goldenshteyn, German (1934-2006) - Institut Europ\u00e9en des Musiques Juives","og_description":"German Goldenshteyn \u00e8 nato nel 1934 a Otaci (in Bessarabia), in Romania, parte dell&#8217;attuale Moldavia. Durante la seconda guerra mondiale, la Romania entra in guerra con le forze dell&#8217;Asse (Germania,","og_url":"https:\/\/www.iemj.org\/it\/goldenshteyn-german-1934-2006\/","og_site_name":"Institut Europ\u00e9en des Musiques Juives","article_publisher":"https:\/\/www.facebook.com\/MusiquesJuives\/","article_published_time":"2020-12-01T10:38:50+00:00","article_modified_time":"2022-07-28T13:38:18+00:00","og_image":[{"width":170,"height":218,"url":"https:\/\/www.iemj.org\/wp-content\/uploads\/2020\/12\/arton4809-e1616951787482.jpg","type":"image\/jpeg"}],"author":"Jacqueline ROTEN","twitter_card":"summary_large_image","twitter_misc":{"Scritto da":"Jacqueline ROTEN","Tempo di lettura stimato":"3 minuti"},"schema":{"@context":"https:\/\/schema.org","@graph":[{"@type":"Article","@id":"https:\/\/www.iemj.org\/it\/goldenshteyn-german-1934-2006\/#article","isPartOf":{"@id":"https:\/\/www.iemj.org\/it\/goldenshteyn-german-1934-2006\/"},"author":{"name":"Jacqueline ROTEN","@id":"https:\/\/www.iemj.org\/it\/#\/schema\/person\/358e26c18aca017fcc4cc15437f7279c"},"headline":"Goldenshteyn, German (1934-2006)","datePublished":"2020-12-01T10:38:50+00:00","dateModified":"2022-07-28T13:38:18+00:00","mainEntityOfPage":{"@id":"https:\/\/www.iemj.org\/it\/goldenshteyn-german-1934-2006\/"},"wordCount":389,"publisher":{"@id":"https:\/\/www.iemj.org\/it\/#organization"},"image":{"@id":"https:\/\/www.iemj.org\/it\/goldenshteyn-german-1934-2006\/#primaryimage"},"thumbnailUrl":"https:\/\/www.iemj.org\/wp-content\/uploads\/2020\/12\/arton4809-e1616951787482.jpg","articleSection":["Biografie"],"inLanguage":"it-IT"},{"@type":"WebPage","@id":"https:\/\/www.iemj.org\/it\/goldenshteyn-german-1934-2006\/","url":"https:\/\/www.iemj.org\/it\/goldenshteyn-german-1934-2006\/","name":"Goldenshteyn, German (1934-2006) - Institut Europ\u00e9en des Musiques Juives","isPartOf":{"@id":"https:\/\/www.iemj.org\/it\/#website"},"primaryImageOfPage":{"@id":"https:\/\/www.iemj.org\/it\/goldenshteyn-german-1934-2006\/#primaryimage"},"image":{"@id":"https:\/\/www.iemj.org\/it\/goldenshteyn-german-1934-2006\/#primaryimage"},"thumbnailUrl":"https:\/\/www.iemj.org\/wp-content\/uploads\/2020\/12\/arton4809-e1616951787482.jpg","datePublished":"2020-12-01T10:38:50+00:00","dateModified":"2022-07-28T13:38:18+00:00","breadcrumb":{"@id":"https:\/\/www.iemj.org\/it\/goldenshteyn-german-1934-2006\/#breadcrumb"},"inLanguage":"it-IT","potentialAction":[{"@type":"ReadAction","target":["https:\/\/www.iemj.org\/it\/goldenshteyn-german-1934-2006\/"]}]},{"@type":"ImageObject","inLanguage":"it-IT","@id":"https:\/\/www.iemj.org\/it\/goldenshteyn-german-1934-2006\/#primaryimage","url":"https:\/\/www.iemj.org\/wp-content\/uploads\/2020\/12\/arton4809-e1616951787482.jpg","contentUrl":"https:\/\/www.iemj.org\/wp-content\/uploads\/2020\/12\/arton4809-e1616951787482.jpg","width":170,"height":218},{"@type":"BreadcrumbList","@id":"https:\/\/www.iemj.org\/it\/goldenshteyn-german-1934-2006\/#breadcrumb","itemListElement":[{"@type":"ListItem","position":1,"name":"Accueil","item":"https:\/\/www.iemj.org\/it\/"},{"@type":"ListItem","position":2,"name":"Goldenshteyn, German (1934-2006)"}]},{"@type":"WebSite","@id":"https:\/\/www.iemj.org\/it\/#website","url":"https:\/\/www.iemj.org\/it\/","name":"Institut Europ\u00e9en des Musiques Juives","description":"Des traditions musicales \u00e0 la port\u00e9e de tous","publisher":{"@id":"https:\/\/www.iemj.org\/it\/#organization"},"potentialAction":[{"@type":"SearchAction","target":{"@type":"EntryPoint","urlTemplate":"https:\/\/www.iemj.org\/it\/?s={search_term_string}"},"query-input":{"@type":"PropertyValueSpecification","valueRequired":true,"valueName":"search_term_string"}}],"inLanguage":"it-IT"},{"@type":"Organization","@id":"https:\/\/www.iemj.org\/it\/#organization","name":"Institut Europ\u00e9en des Musiques Juives","url":"https:\/\/www.iemj.org\/it\/","logo":{"@type":"ImageObject","inLanguage":"it-IT","@id":"https:\/\/www.iemj.org\/it\/#\/schema\/logo\/image\/","url":"https:\/\/www.iemj.org\/wp-content\/uploads\/2021\/09\/Logo-IEMJ-Paypal.jpg","contentUrl":"https:\/\/www.iemj.org\/wp-content\/uploads\/2021\/09\/Logo-IEMJ-Paypal.jpg","width":150,"height":50,"caption":"Institut Europ\u00e9en des Musiques Juives"},"image":{"@id":"https:\/\/www.iemj.org\/it\/#\/schema\/logo\/image\/"},"sameAs":["https:\/\/www.facebook.com\/MusiquesJuives\/","https:\/\/www.instagram.com\/musiquesjuives\/","https:\/\/www.youtube.com\/user\/musiquesjuives"]},{"@type":"Person","@id":"https:\/\/www.iemj.org\/it\/#\/schema\/person\/358e26c18aca017fcc4cc15437f7279c","name":"Jacqueline ROTEN","image":{"@type":"ImageObject","inLanguage":"it-IT","@id":"https:\/\/secure.gravatar.com\/avatar\/5964256d6c6957de3a3505278957e0fb2a35119ac47ea41827a65301213c810b?s=96&d=mm&r=g","url":"https:\/\/secure.gravatar.com\/avatar\/5964256d6c6957de3a3505278957e0fb2a35119ac47ea41827a65301213c810b?s=96&d=mm&r=g","contentUrl":"https:\/\/secure.gravatar.com\/avatar\/5964256d6c6957de3a3505278957e0fb2a35119ac47ea41827a65301213c810b?s=96&d=mm&r=g","caption":"Jacqueline ROTEN"}}]}},"_links":{"self":[{"href":"https:\/\/www.iemj.org\/it\/wp-json\/wp\/v2\/posts\/86609","targetHints":{"allow":["GET"]}}],"collection":[{"href":"https:\/\/www.iemj.org\/it\/wp-json\/wp\/v2\/posts"}],"about":[{"href":"https:\/\/www.iemj.org\/it\/wp-json\/wp\/v2\/types\/post"}],"author":[{"embeddable":true,"href":"https:\/\/www.iemj.org\/it\/wp-json\/wp\/v2\/users\/5"}],"replies":[{"embeddable":true,"href":"https:\/\/www.iemj.org\/it\/wp-json\/wp\/v2\/comments?post=86609"}],"version-history":[{"count":0,"href":"https:\/\/www.iemj.org\/it\/wp-json\/wp\/v2\/posts\/86609\/revisions"}],"wp:featuredmedia":[{"embeddable":true,"href":"https:\/\/www.iemj.org\/it\/wp-json\/wp\/v2\/media\/86610"}],"wp:attachment":[{"href":"https:\/\/www.iemj.org\/it\/wp-json\/wp\/v2\/media?parent=86609"}],"wp:term":[{"taxonomy":"category","embeddable":true,"href":"https:\/\/www.iemj.org\/it\/wp-json\/wp\/v2\/categories?post=86609"},{"taxonomy":"post_tag","embeddable":true,"href":"https:\/\/www.iemj.org\/it\/wp-json\/wp\/v2\/tags?post=86609"},{"taxonomy":"technique","embeddable":true,"href":"https:\/\/www.iemj.org\/it\/wp-json\/wp\/v2\/technique?post=86609"},{"taxonomy":"squelettes","embeddable":true,"href":"https:\/\/www.iemj.org\/it\/wp-json\/wp\/v2\/squelettes?post=86609"},{"taxonomy":"sujet","embeddable":true,"href":"https:\/\/www.iemj.org\/it\/wp-json\/wp\/v2\/sujet?post=86609"},{"taxonomy":"formation","embeddable":true,"href":"https:\/\/www.iemj.org\/it\/wp-json\/wp\/v2\/formation?post=86609"},{"taxonomy":"genre","embeddable":true,"href":"https:\/\/www.iemj.org\/it\/wp-json\/wp\/v2\/genre?post=86609"},{"taxonomy":"fonds","embeddable":true,"href":"https:\/\/www.iemj.org\/it\/wp-json\/wp\/v2\/fonds?post=86609"},{"taxonomy":"tradition","embeddable":true,"href":"https:\/\/www.iemj.org\/it\/wp-json\/wp\/v2\/tradition?post=86609"},{"taxonomy":"type-de-contenu","embeddable":true,"href":"https:\/\/www.iemj.org\/it\/wp-json\/wp\/v2\/type-de-contenu?post=86609"},{"taxonomy":"interprete-compositeur","embeddable":true,"href":"https:\/\/www.iemj.org\/it\/wp-json\/wp\/v2\/interprete-compositeur?post=86609"},{"taxonomy":"frise","embeddable":true,"href":"https:\/\/www.iemj.org\/it\/wp-json\/wp\/v2\/frise?post=86609"},{"taxonomy":"type-devenement","embeddable":true,"href":"https:\/\/www.iemj.org\/it\/wp-json\/wp\/v2\/type-devenement?post=86609"},{"taxonomy":"tableaux-liens-externes","embeddable":true,"href":"https:\/\/www.iemj.org\/it\/wp-json\/wp\/v2\/tableaux-liens-externes?post=86609"}],"curies":[{"name":"wp","href":"https:\/\/api.w.org\/{rel}","templated":true}]}}