{"id":86647,"date":"2018-03-21T10:28:36","date_gmt":"2018-03-21T09:28:36","guid":{"rendered":"https:\/\/www.iemj.org\/musiques-des-juifs-de-turquie\/"},"modified":"2025-07-07T12:39:46","modified_gmt":"2025-07-07T10:39:46","slug":"musiques-des-juifs-de-turquie","status":"publish","type":"post","link":"https:\/\/www.iemj.org\/it\/musiques-des-juifs-de-turquie\/","title":{"rendered":"Musiche degli ebrei di Turchia"},"content":{"rendered":"<p class=\"post_excerpt\"><strong>Durante questo viaggio unico, potrete ascoltare alcuni dei pi\u00f9 talentuosi rappresentanti di questo patrimonio musicale degli ebrei di Turchia<\/strong><\/p>\n<p><!--more--><strong>GRADIRESTE UN ALTRO PO&#8217; DI BAKLAVA&#8230; ?<\/strong><\/p>\n<p>Benvenuti in Turchia! La Turchia si estende dall&#8217;Europa orientale all&#8217;Asia minore. Culturalmente \u00e8 legata agli antichi imperi greco, persiano, romano, bizantino ed ottomano. Le due principali metropoli sono Istanbul, citt\u00e0 cosmopolita sullo stretto del Bosforo, ed Ankara, capitale della Turchia moderna.<\/p>\n<p>La storia degli ebrei in Turchia, o pi\u00f9 precisamente nell&#8217;attuale territorio turco, risale all&#8217;antichit\u00e0. Oggi ci sono 17.400 ebrei in Turchia. Gli ebrei abitavano il territorio dell&#8217;attuale Turchia gi\u00e0 nel IV secolo a.C.; non lontano da Smirne, in Lidia, si trovano le rovine della sinagoga di Sardi, una delle pi\u00f9 grandi dell&#8217;antichit\u00e0.<\/p>\n<p><img fetchpriority=\"high\" decoding=\"async\" class=\" aligncenter  wp-image-18830\" src=\"https:\/\/www.iemj.org\/wp-content\/uploads\/2018\/03\/doc_1_turquie-2.jpg\" alt=\"doc_1_turquie-2.jpg\" width=\"537\" height=\"273\" align=\"middle\" srcset=\"https:\/\/www.iemj.org\/wp-content\/uploads\/2018\/03\/doc_1_turquie-2.jpg 500w, https:\/\/www.iemj.org\/wp-content\/uploads\/2018\/03\/doc_1_turquie-2-300x152.jpg 300w\" sizes=\"(max-width: 537px) 100vw, 537px\" \/><br \/>Durante la Seconda guerra mondiale la Turchia \u00e8 rimasta neutrale. Si rifiuta di consegnare alla Germania gli ebrei che hanno trovato rifugio sul suo territorio. Tra il 1948 e il 1949, da 30.000 a 40.000 ebrei turchi hanno emigrato nel neonato Stato di Israele, dove hanno continuato a esprimere la loro cultura importata dal Paese d&#8217;origine.<\/p>\n<p>Vi invitiamo a scoprire la cultura musicale turca attraverso il prisma della musica ebraica. Nel corso di questo viaggio inedito ascolterete alcuni dei pi\u00f9 talentuosi rappresentanti di questo meraviglioso patrimonio musicale degli ebrei di Turchia.<\/p>\n<p>Buon ascolto&#8230; !<\/p>\n\n<div class=\"wp-block-image\">\n<figure class=\"aligncenter size-large\"><img decoding=\"async\" width=\"1024\" height=\"133\" src=\"https:\/\/www.iemj.org\/wp-content\/uploads\/2024\/03\/AUDIO-PLAYER-1024x133.png\" alt=\"\" class=\"wp-image-110609\" srcset=\"https:\/\/www.iemj.org\/wp-content\/uploads\/2024\/03\/AUDIO-PLAYER-1024x133.png 1024w, https:\/\/www.iemj.org\/wp-content\/uploads\/2024\/03\/AUDIO-PLAYER-300x39.png 300w, https:\/\/www.iemj.org\/wp-content\/uploads\/2024\/03\/AUDIO-PLAYER-768x100.png 768w, https:\/\/www.iemj.org\/wp-content\/uploads\/2024\/03\/AUDIO-PLAYER-600x78.png 600w, https:\/\/www.iemj.org\/wp-content\/uploads\/2024\/03\/AUDIO-PLAYER.png 1210w\" sizes=\"(max-width: 1024px) 100vw, 1024px\" \/><\/figure>\n<\/div>\n\n\n<h2 class=\"wp-block-heading\"><\/h2>\n\n\n\n<div class=\"wp-block-file\"><a id=\"wp-block-file--media-ae6024dd-b43b-4ef4-9439-4c61a97b0453\" href=\"https:\/\/www.iemj.org\/wp-content\/uploads\/2018\/03\/ahare_nimkar_extrait_-_maftirim.mp3\">Ahare Nimkar (EXTRAIT) &#8211; Maftirim<\/a><\/div>\n\n\n\n<div class=\"wp-block-file\"><a id=\"wp-block-file--media-756ce0df-531d-4aa2-b27b-498ecd23c597\" href=\"https:\/\/www.iemj.org\/wp-content\/uploads\/2018\/03\/application_sur_les_taamim_de_turquie_derniere_parasha_de_la_torah_-_jean-claude_sillamy.mp3\">Application sur les taamim de Turquie, derni\u00e8re parasha de la Torah &#8211; Jean-Claude Sillamy<\/a><\/div>\n\n\n\n<div class=\"wp-block-file\"><a id=\"wp-block-file--media-19b48421-1311-4476-a059-2d0bd7cea673\" href=\"https:\/\/www.iemj.org\/wp-content\/uploads\/2018\/03\/el_selah_extrait_-_maftirim.mp3\">El \u015eelah (EXTRAIT) &#8211; Maftirim<\/a><\/div>\n\n\n\n<div class=\"wp-block-file\"><a id=\"wp-block-file--media-36680bcb-694f-4623-93be-b9765dfb55f8\" href=\"https:\/\/www.iemj.org\/wp-content\/uploads\/2018\/03\/exod._20._2-4_die_zehn_gebote_turkei_-_manissa_-_edith_gerson-kiwi.mp3\">Exod. 20. 2-4 (Die zehn Gebote) T\u00fcrkei &#8211; Manissa &#8211; Edith Gerson-Kiwi<\/a><\/div>\n\n\n\n<div class=\"wp-block-file\"><a id=\"wp-block-file--media-8e891a8b-d5e3-4329-bdd7-2314dfa203a0\" href=\"https:\/\/www.iemj.org\/wp-content\/uploads\/2018\/03\/kol_nidre_sephardisch_turkei_-_manissa_-_edith_gerson-kiwi.mp3\">Kol nidre (Sephardisch) T\u00fcrkei &#8211; Manissa &#8211; Edith Gerson-Kiwi<\/a><\/div>\n\n\n\n<div class=\"wp-block-file\"><a id=\"wp-block-file--media-ff28e51f-b7f8-43ef-bfa5-c5a1dfa93645\" href=\"https:\/\/www.iemj.org\/wp-content\/uploads\/2018\/03\/yarim_gitti_extrait_-_pedro_aledo.mp3\">Yarim Gitti (EXTRAIT) &#8211; Pedro Aledo<\/a><\/div>\n\n\n\n<div class=\"wp-block-file\"><a id=\"wp-block-file--media-ac009709-d89f-4c40-840b-75be06185dfb\" href=\"https:\/\/www.iemj.org\/wp-content\/uploads\/2018\/03\/yetzav_ha-el_extrait_-_isaac_algazi.mp3\">Yetzav ha-el (EXTRAIT) &#8211; Isaac Algazi<\/a><\/div>\n","protected":false},"excerpt":{"rendered":"<p>Durante questo viaggio unico, potrete ascoltare alcuni dei pi\u00f9 talentuosi rappresentanti di questo patrimonio musicale degli ebrei di Turchia<\/p>\n","protected":false},"author":1052,"featured_media":86648,"comment_status":"closed","ping_status":"open","sticky":false,"template":"","format":"standard","meta":{"_acf_changed":false,"footnotes":""},"categories":[1536],"tags":[],"technique":[],"squelettes":[],"sujet":[2132],"formation":[],"genre":[],"fonds":[],"tradition":[],"type-de-contenu":[],"interprete-compositeur":[],"frise":[],"type-devenement":[],"tableaux-liens-externes":[],"class_list":["post-86647","post","type-post","status-publish","format-standard","has-post-thumbnail","hentry","category-playlist-it","sujet-turchia-it"],"acf":[],"yoast_head":"<!-- This site is optimized with the Yoast SEO plugin v27.3 - https:\/\/yoast.com\/product\/yoast-seo-wordpress\/ -->\n<title>Musiche degli ebrei di Turchia - Institut Europ\u00e9en des Musiques Juives<\/title>\n<meta name=\"robots\" content=\"index, follow, max-snippet:-1, max-image-preview:large, max-video-preview:-1\" \/>\n<link rel=\"canonical\" href=\"https:\/\/www.iemj.org\/it\/musiques-des-juifs-de-turquie\/\" \/>\n<meta property=\"og:locale\" content=\"it_IT\" \/>\n<meta property=\"og:type\" content=\"article\" \/>\n<meta property=\"og:title\" content=\"Musiche degli ebrei di Turchia - Institut Europ\u00e9en des Musiques Juives\" \/>\n<meta property=\"og:description\" content=\"Durante questo viaggio unico, potrete ascoltare alcuni dei pi\u00f9 talentuosi rappresentanti di questo patrimonio musicale degli ebrei di Turchia\" \/>\n<meta property=\"og:url\" content=\"https:\/\/www.iemj.org\/it\/musiques-des-juifs-de-turquie\/\" \/>\n<meta property=\"og:site_name\" content=\"Institut Europ\u00e9en des Musiques Juives\" \/>\n<meta property=\"article:publisher\" content=\"https:\/\/www.facebook.com\/MusiquesJuives\/\" \/>\n<meta property=\"article:published_time\" content=\"2018-03-21T09:28:36+00:00\" \/>\n<meta property=\"article:modified_time\" content=\"2025-07-07T10:39:46+00:00\" \/>\n<meta property=\"og:image\" content=\"https:\/\/www.iemj.org\/wp-content\/uploads\/2018\/03\/arton3263.jpg\" \/>\n\t<meta property=\"og:image:width\" content=\"500\" \/>\n\t<meta property=\"og:image:height\" content=\"543\" \/>\n\t<meta property=\"og:image:type\" content=\"image\/jpeg\" \/>\n<meta name=\"author\" content=\"Lea Couderc\" \/>\n<meta name=\"twitter:card\" content=\"summary_large_image\" \/>\n<meta name=\"twitter:label1\" content=\"Scritto da\" \/>\n\t<meta name=\"twitter:data1\" content=\"Lea Couderc\" \/>\n\t<meta name=\"twitter:label2\" content=\"Tempo di lettura stimato\" \/>\n\t<meta name=\"twitter:data2\" content=\"2 minuti\" \/>\n<script type=\"application\/ld+json\" class=\"yoast-schema-graph\">{\"@context\":\"https:\\\/\\\/schema.org\",\"@graph\":[{\"@type\":\"Article\",\"@id\":\"https:\\\/\\\/www.iemj.org\\\/it\\\/musiques-des-juifs-de-turquie\\\/#article\",\"isPartOf\":{\"@id\":\"https:\\\/\\\/www.iemj.org\\\/it\\\/musiques-des-juifs-de-turquie\\\/\"},\"author\":{\"name\":\"Lea Couderc\",\"@id\":\"https:\\\/\\\/www.iemj.org\\\/it\\\/#\\\/schema\\\/person\\\/e2ad57f2c4be119c7ed8ab79036807a9\"},\"headline\":\"Musiche degli ebrei di Turchia\",\"datePublished\":\"2018-03-21T09:28:36+00:00\",\"dateModified\":\"2025-07-07T10:39:46+00:00\",\"mainEntityOfPage\":{\"@id\":\"https:\\\/\\\/www.iemj.org\\\/it\\\/musiques-des-juifs-de-turquie\\\/\"},\"wordCount\":276,\"publisher\":{\"@id\":\"https:\\\/\\\/www.iemj.org\\\/it\\\/#organization\"},\"image\":{\"@id\":\"https:\\\/\\\/www.iemj.org\\\/it\\\/musiques-des-juifs-de-turquie\\\/#primaryimage\"},\"thumbnailUrl\":\"https:\\\/\\\/www.iemj.org\\\/wp-content\\\/uploads\\\/2018\\\/03\\\/arton3263.jpg\",\"articleSection\":[\"Playlist\"],\"inLanguage\":\"it-IT\"},{\"@type\":\"WebPage\",\"@id\":\"https:\\\/\\\/www.iemj.org\\\/it\\\/musiques-des-juifs-de-turquie\\\/\",\"url\":\"https:\\\/\\\/www.iemj.org\\\/it\\\/musiques-des-juifs-de-turquie\\\/\",\"name\":\"Musiche degli ebrei di Turchia - Institut Europ\u00e9en des Musiques Juives\",\"isPartOf\":{\"@id\":\"https:\\\/\\\/www.iemj.org\\\/it\\\/#website\"},\"primaryImageOfPage\":{\"@id\":\"https:\\\/\\\/www.iemj.org\\\/it\\\/musiques-des-juifs-de-turquie\\\/#primaryimage\"},\"image\":{\"@id\":\"https:\\\/\\\/www.iemj.org\\\/it\\\/musiques-des-juifs-de-turquie\\\/#primaryimage\"},\"thumbnailUrl\":\"https:\\\/\\\/www.iemj.org\\\/wp-content\\\/uploads\\\/2018\\\/03\\\/arton3263.jpg\",\"datePublished\":\"2018-03-21T09:28:36+00:00\",\"dateModified\":\"2025-07-07T10:39:46+00:00\",\"breadcrumb\":{\"@id\":\"https:\\\/\\\/www.iemj.org\\\/it\\\/musiques-des-juifs-de-turquie\\\/#breadcrumb\"},\"inLanguage\":\"it-IT\",\"potentialAction\":[{\"@type\":\"ReadAction\",\"target\":[\"https:\\\/\\\/www.iemj.org\\\/it\\\/musiques-des-juifs-de-turquie\\\/\"]}]},{\"@type\":\"ImageObject\",\"inLanguage\":\"it-IT\",\"@id\":\"https:\\\/\\\/www.iemj.org\\\/it\\\/musiques-des-juifs-de-turquie\\\/#primaryimage\",\"url\":\"https:\\\/\\\/www.iemj.org\\\/wp-content\\\/uploads\\\/2018\\\/03\\\/arton3263.jpg\",\"contentUrl\":\"https:\\\/\\\/www.iemj.org\\\/wp-content\\\/uploads\\\/2018\\\/03\\\/arton3263.jpg\",\"width\":500,\"height\":543},{\"@type\":\"BreadcrumbList\",\"@id\":\"https:\\\/\\\/www.iemj.org\\\/it\\\/musiques-des-juifs-de-turquie\\\/#breadcrumb\",\"itemListElement\":[{\"@type\":\"ListItem\",\"position\":1,\"name\":\"Accueil\",\"item\":\"https:\\\/\\\/www.iemj.org\\\/it\\\/\"},{\"@type\":\"ListItem\",\"position\":2,\"name\":\"Musiche degli ebrei di Turchia\"}]},{\"@type\":\"WebSite\",\"@id\":\"https:\\\/\\\/www.iemj.org\\\/it\\\/#website\",\"url\":\"https:\\\/\\\/www.iemj.org\\\/it\\\/\",\"name\":\"Institut Europ\u00e9en des Musiques Juives\",\"description\":\"Des traditions musicales \u00e0 la port\u00e9e de tous\",\"publisher\":{\"@id\":\"https:\\\/\\\/www.iemj.org\\\/it\\\/#organization\"},\"potentialAction\":[{\"@type\":\"SearchAction\",\"target\":{\"@type\":\"EntryPoint\",\"urlTemplate\":\"https:\\\/\\\/www.iemj.org\\\/it\\\/?s={search_term_string}\"},\"query-input\":{\"@type\":\"PropertyValueSpecification\",\"valueRequired\":true,\"valueName\":\"search_term_string\"}}],\"inLanguage\":\"it-IT\"},{\"@type\":\"Organization\",\"@id\":\"https:\\\/\\\/www.iemj.org\\\/it\\\/#organization\",\"name\":\"Institut Europ\u00e9en des Musiques Juives\",\"url\":\"https:\\\/\\\/www.iemj.org\\\/it\\\/\",\"logo\":{\"@type\":\"ImageObject\",\"inLanguage\":\"it-IT\",\"@id\":\"https:\\\/\\\/www.iemj.org\\\/it\\\/#\\\/schema\\\/logo\\\/image\\\/\",\"url\":\"https:\\\/\\\/www.iemj.org\\\/wp-content\\\/uploads\\\/2021\\\/09\\\/Logo-IEMJ-Paypal.jpg\",\"contentUrl\":\"https:\\\/\\\/www.iemj.org\\\/wp-content\\\/uploads\\\/2021\\\/09\\\/Logo-IEMJ-Paypal.jpg\",\"width\":150,\"height\":50,\"caption\":\"Institut Europ\u00e9en des Musiques Juives\"},\"image\":{\"@id\":\"https:\\\/\\\/www.iemj.org\\\/it\\\/#\\\/schema\\\/logo\\\/image\\\/\"},\"sameAs\":[\"https:\\\/\\\/www.facebook.com\\\/MusiquesJuives\\\/\",\"https:\\\/\\\/www.instagram.com\\\/musiquesjuives\\\/\",\"https:\\\/\\\/www.youtube.com\\\/user\\\/musiquesjuives\"]},{\"@type\":\"Person\",\"@id\":\"https:\\\/\\\/www.iemj.org\\\/it\\\/#\\\/schema\\\/person\\\/e2ad57f2c4be119c7ed8ab79036807a9\",\"name\":\"Lea Couderc\",\"image\":{\"@type\":\"ImageObject\",\"inLanguage\":\"it-IT\",\"@id\":\"https:\\\/\\\/secure.gravatar.com\\\/avatar\\\/46ee021475d60aeff17a7e490b79dea5a5684bb392ab7fd1494027411df8ba23?s=96&d=mm&r=g\",\"url\":\"https:\\\/\\\/secure.gravatar.com\\\/avatar\\\/46ee021475d60aeff17a7e490b79dea5a5684bb392ab7fd1494027411df8ba23?s=96&d=mm&r=g\",\"contentUrl\":\"https:\\\/\\\/secure.gravatar.com\\\/avatar\\\/46ee021475d60aeff17a7e490b79dea5a5684bb392ab7fd1494027411df8ba23?s=96&d=mm&r=g\",\"caption\":\"Lea Couderc\"}}]}<\/script>\n<!-- \/ Yoast SEO plugin. -->","yoast_head_json":{"title":"Musiche degli ebrei di Turchia - Institut Europ\u00e9en des Musiques Juives","robots":{"index":"index","follow":"follow","max-snippet":"max-snippet:-1","max-image-preview":"max-image-preview:large","max-video-preview":"max-video-preview:-1"},"canonical":"https:\/\/www.iemj.org\/it\/musiques-des-juifs-de-turquie\/","og_locale":"it_IT","og_type":"article","og_title":"Musiche degli ebrei di Turchia - Institut Europ\u00e9en des Musiques Juives","og_description":"Durante questo viaggio unico, potrete ascoltare alcuni dei pi\u00f9 talentuosi rappresentanti di questo patrimonio musicale degli ebrei di Turchia","og_url":"https:\/\/www.iemj.org\/it\/musiques-des-juifs-de-turquie\/","og_site_name":"Institut Europ\u00e9en des Musiques Juives","article_publisher":"https:\/\/www.facebook.com\/MusiquesJuives\/","article_published_time":"2018-03-21T09:28:36+00:00","article_modified_time":"2025-07-07T10:39:46+00:00","og_image":[{"width":500,"height":543,"url":"https:\/\/www.iemj.org\/wp-content\/uploads\/2018\/03\/arton3263.jpg","type":"image\/jpeg"}],"author":"Lea Couderc","twitter_card":"summary_large_image","twitter_misc":{"Scritto da":"Lea Couderc","Tempo di lettura stimato":"2 minuti"},"schema":{"@context":"https:\/\/schema.org","@graph":[{"@type":"Article","@id":"https:\/\/www.iemj.org\/it\/musiques-des-juifs-de-turquie\/#article","isPartOf":{"@id":"https:\/\/www.iemj.org\/it\/musiques-des-juifs-de-turquie\/"},"author":{"name":"Lea Couderc","@id":"https:\/\/www.iemj.org\/it\/#\/schema\/person\/e2ad57f2c4be119c7ed8ab79036807a9"},"headline":"Musiche degli ebrei di Turchia","datePublished":"2018-03-21T09:28:36+00:00","dateModified":"2025-07-07T10:39:46+00:00","mainEntityOfPage":{"@id":"https:\/\/www.iemj.org\/it\/musiques-des-juifs-de-turquie\/"},"wordCount":276,"publisher":{"@id":"https:\/\/www.iemj.org\/it\/#organization"},"image":{"@id":"https:\/\/www.iemj.org\/it\/musiques-des-juifs-de-turquie\/#primaryimage"},"thumbnailUrl":"https:\/\/www.iemj.org\/wp-content\/uploads\/2018\/03\/arton3263.jpg","articleSection":["Playlist"],"inLanguage":"it-IT"},{"@type":"WebPage","@id":"https:\/\/www.iemj.org\/it\/musiques-des-juifs-de-turquie\/","url":"https:\/\/www.iemj.org\/it\/musiques-des-juifs-de-turquie\/","name":"Musiche degli ebrei di Turchia - Institut Europ\u00e9en des Musiques Juives","isPartOf":{"@id":"https:\/\/www.iemj.org\/it\/#website"},"primaryImageOfPage":{"@id":"https:\/\/www.iemj.org\/it\/musiques-des-juifs-de-turquie\/#primaryimage"},"image":{"@id":"https:\/\/www.iemj.org\/it\/musiques-des-juifs-de-turquie\/#primaryimage"},"thumbnailUrl":"https:\/\/www.iemj.org\/wp-content\/uploads\/2018\/03\/arton3263.jpg","datePublished":"2018-03-21T09:28:36+00:00","dateModified":"2025-07-07T10:39:46+00:00","breadcrumb":{"@id":"https:\/\/www.iemj.org\/it\/musiques-des-juifs-de-turquie\/#breadcrumb"},"inLanguage":"it-IT","potentialAction":[{"@type":"ReadAction","target":["https:\/\/www.iemj.org\/it\/musiques-des-juifs-de-turquie\/"]}]},{"@type":"ImageObject","inLanguage":"it-IT","@id":"https:\/\/www.iemj.org\/it\/musiques-des-juifs-de-turquie\/#primaryimage","url":"https:\/\/www.iemj.org\/wp-content\/uploads\/2018\/03\/arton3263.jpg","contentUrl":"https:\/\/www.iemj.org\/wp-content\/uploads\/2018\/03\/arton3263.jpg","width":500,"height":543},{"@type":"BreadcrumbList","@id":"https:\/\/www.iemj.org\/it\/musiques-des-juifs-de-turquie\/#breadcrumb","itemListElement":[{"@type":"ListItem","position":1,"name":"Accueil","item":"https:\/\/www.iemj.org\/it\/"},{"@type":"ListItem","position":2,"name":"Musiche degli ebrei di Turchia"}]},{"@type":"WebSite","@id":"https:\/\/www.iemj.org\/it\/#website","url":"https:\/\/www.iemj.org\/it\/","name":"Institut Europ\u00e9en des Musiques Juives","description":"Des traditions musicales \u00e0 la port\u00e9e de tous","publisher":{"@id":"https:\/\/www.iemj.org\/it\/#organization"},"potentialAction":[{"@type":"SearchAction","target":{"@type":"EntryPoint","urlTemplate":"https:\/\/www.iemj.org\/it\/?s={search_term_string}"},"query-input":{"@type":"PropertyValueSpecification","valueRequired":true,"valueName":"search_term_string"}}],"inLanguage":"it-IT"},{"@type":"Organization","@id":"https:\/\/www.iemj.org\/it\/#organization","name":"Institut Europ\u00e9en des Musiques Juives","url":"https:\/\/www.iemj.org\/it\/","logo":{"@type":"ImageObject","inLanguage":"it-IT","@id":"https:\/\/www.iemj.org\/it\/#\/schema\/logo\/image\/","url":"https:\/\/www.iemj.org\/wp-content\/uploads\/2021\/09\/Logo-IEMJ-Paypal.jpg","contentUrl":"https:\/\/www.iemj.org\/wp-content\/uploads\/2021\/09\/Logo-IEMJ-Paypal.jpg","width":150,"height":50,"caption":"Institut Europ\u00e9en des Musiques Juives"},"image":{"@id":"https:\/\/www.iemj.org\/it\/#\/schema\/logo\/image\/"},"sameAs":["https:\/\/www.facebook.com\/MusiquesJuives\/","https:\/\/www.instagram.com\/musiquesjuives\/","https:\/\/www.youtube.com\/user\/musiquesjuives"]},{"@type":"Person","@id":"https:\/\/www.iemj.org\/it\/#\/schema\/person\/e2ad57f2c4be119c7ed8ab79036807a9","name":"Lea Couderc","image":{"@type":"ImageObject","inLanguage":"it-IT","@id":"https:\/\/secure.gravatar.com\/avatar\/46ee021475d60aeff17a7e490b79dea5a5684bb392ab7fd1494027411df8ba23?s=96&d=mm&r=g","url":"https:\/\/secure.gravatar.com\/avatar\/46ee021475d60aeff17a7e490b79dea5a5684bb392ab7fd1494027411df8ba23?s=96&d=mm&r=g","contentUrl":"https:\/\/secure.gravatar.com\/avatar\/46ee021475d60aeff17a7e490b79dea5a5684bb392ab7fd1494027411df8ba23?s=96&d=mm&r=g","caption":"Lea Couderc"}}]}},"_links":{"self":[{"href":"https:\/\/www.iemj.org\/it\/wp-json\/wp\/v2\/posts\/86647","targetHints":{"allow":["GET"]}}],"collection":[{"href":"https:\/\/www.iemj.org\/it\/wp-json\/wp\/v2\/posts"}],"about":[{"href":"https:\/\/www.iemj.org\/it\/wp-json\/wp\/v2\/types\/post"}],"author":[{"embeddable":true,"href":"https:\/\/www.iemj.org\/it\/wp-json\/wp\/v2\/users\/1052"}],"replies":[{"embeddable":true,"href":"https:\/\/www.iemj.org\/it\/wp-json\/wp\/v2\/comments?post=86647"}],"version-history":[{"count":0,"href":"https:\/\/www.iemj.org\/it\/wp-json\/wp\/v2\/posts\/86647\/revisions"}],"wp:featuredmedia":[{"embeddable":true,"href":"https:\/\/www.iemj.org\/it\/wp-json\/wp\/v2\/media\/86648"}],"wp:attachment":[{"href":"https:\/\/www.iemj.org\/it\/wp-json\/wp\/v2\/media?parent=86647"}],"wp:term":[{"taxonomy":"category","embeddable":true,"href":"https:\/\/www.iemj.org\/it\/wp-json\/wp\/v2\/categories?post=86647"},{"taxonomy":"post_tag","embeddable":true,"href":"https:\/\/www.iemj.org\/it\/wp-json\/wp\/v2\/tags?post=86647"},{"taxonomy":"technique","embeddable":true,"href":"https:\/\/www.iemj.org\/it\/wp-json\/wp\/v2\/technique?post=86647"},{"taxonomy":"squelettes","embeddable":true,"href":"https:\/\/www.iemj.org\/it\/wp-json\/wp\/v2\/squelettes?post=86647"},{"taxonomy":"sujet","embeddable":true,"href":"https:\/\/www.iemj.org\/it\/wp-json\/wp\/v2\/sujet?post=86647"},{"taxonomy":"formation","embeddable":true,"href":"https:\/\/www.iemj.org\/it\/wp-json\/wp\/v2\/formation?post=86647"},{"taxonomy":"genre","embeddable":true,"href":"https:\/\/www.iemj.org\/it\/wp-json\/wp\/v2\/genre?post=86647"},{"taxonomy":"fonds","embeddable":true,"href":"https:\/\/www.iemj.org\/it\/wp-json\/wp\/v2\/fonds?post=86647"},{"taxonomy":"tradition","embeddable":true,"href":"https:\/\/www.iemj.org\/it\/wp-json\/wp\/v2\/tradition?post=86647"},{"taxonomy":"type-de-contenu","embeddable":true,"href":"https:\/\/www.iemj.org\/it\/wp-json\/wp\/v2\/type-de-contenu?post=86647"},{"taxonomy":"interprete-compositeur","embeddable":true,"href":"https:\/\/www.iemj.org\/it\/wp-json\/wp\/v2\/interprete-compositeur?post=86647"},{"taxonomy":"frise","embeddable":true,"href":"https:\/\/www.iemj.org\/it\/wp-json\/wp\/v2\/frise?post=86647"},{"taxonomy":"type-devenement","embeddable":true,"href":"https:\/\/www.iemj.org\/it\/wp-json\/wp\/v2\/type-devenement?post=86647"},{"taxonomy":"tableaux-liens-externes","embeddable":true,"href":"https:\/\/www.iemj.org\/it\/wp-json\/wp\/v2\/tableaux-liens-externes?post=86647"}],"curies":[{"name":"wp","href":"https:\/\/api.w.org\/{rel}","templated":true}]}}