{"id":86836,"date":"2016-06-14T16:09:54","date_gmt":"2016-06-14T14:09:54","guid":{"rendered":"https:\/\/www.iemj.org\/binn-sylvain-1911-1999\/"},"modified":"2022-08-31T16:20:28","modified_gmt":"2022-08-31T14:20:28","slug":"binn-sylvain-1911-1999","status":"publish","type":"post","link":"https:\/\/www.iemj.org\/it\/binn-sylvain-1911-1999\/","title":{"rendered":"Binn, Sylvain (1911-1999)"},"content":{"rendered":"<p>Sylvain Binn \u00e8 nato in Lussemburgo l&#8217;8 marzo 1911. Suo padre, Salomon Binn, originario della Lituania, era allora \u201cHazan\u201d (ministro ufficiante) della comunit\u00e0 ebraica del Lussemburgo. Sua madre, Sidonie Guggenheim, era tedesca.<\/p>\n<p>Nel 1920 la famiglia Binn si trasferisce a Metz (Mosella), dove Salomon Binn \u00e8 nominato &#8220;Premier Hazan&#8221;, carica che mantiene fino alla sua morte avvenuta nel 1954.<\/p>\n<p>Sylvain Binn prosegue gli studi secondari al Liceo di Metz, poi gli studi in chirurgia dentaria presso la facolt\u00e0 di Nancy. Parallelamente, segue degli studi musicali presso il Conservatorio di Metz, in pianoforte, solfeggio, scrittura musicale e composizione.<\/p>\n<p>Appassionato di musica ebraica, nella quale \u00e8 immerso fin dalla sua prima infanzia per via della professione del padre, acquista una profonda conoscenza della musica sinagogale, cos\u00ec come era praticata all&#8217;epoca nelle sinagoghe cosiddette &#8220;concistoriali&#8221; (ed ancora oggi nelle sinagoghe liberali), dove la funzione \u00e8 svolta dal Hazan, un coro e l&#8217;accompagnamento d&#8217;organo.<\/p>\n<figure id=\"attachment_11076\" aria-describedby=\"caption-attachment-11076\" style=\"width: 269px\" class=\"wp-caption alignright\"><img fetchpriority=\"high\" decoding=\"async\" class=\"wp-image-11076 size-full\" src=\"https:\/\/www.iemj.org\/wp-content\/uploads\/2016\/06\/i_74a.jpg\" alt=\"i_74a.jpg\" width=\"269\" height=\"189\" \/><figcaption id=\"caption-attachment-11076\" class=\"wp-caption-text\"><strong>Sylvain BINN mentre dirige la corale <\/strong><\/figcaption><\/figure>\n<p>Sylvain Binn si occupa attivamente del coro della sinagoga di Metz, che dirige occasionalmente, in sostituzione del maestro del coro titolare (Max Rosenzweig).<\/p>\n<p>Nel 1940 sposa Irene Wolff. La famiglia Wolff \u00e8 un&#8217;antica famiglia ebrea della Lorena che vive a Waldwisse da diverse generazioni. Il padre di Irene, David Wolff, \u00e8 presidente della comunit\u00e0 ebraica di Waldwisse. Gli sposi avranno due figli: Serge (1944) e Daniel (1946-1996).<\/p>\n<p>Il matrimonio ha luogo l&#8217;8 maggio 1940, il giorno dell&#8217;offensiva tedesca contro il Belgio. Il giorno dopo il matrimonio, Sylvain \u00e8 richiamato, poi fatto prigioniero poche settimane pi\u00f9 tardi. Gli sposi rimarranno separati per tre anni.<\/p>\n<p>Prigioniero in Germania in vari campi di ufficiali (OFLAG), Sylvain Binn riusce a fuggire nel 1943, dopo due tentativi falliti. Raggiunge sua moglie ed i suoi genitori, rifugiati a Grenoble.<\/p>\n<p>Alla liberazione la famiglia ritorna a Metz dove Sylvain ritrova il suo studio dentistico, aperto poco prima della guerra. Suo padre Salomon riprende la sua attivit\u00e0 di Hazan. Sylvain riprende ugualmente la sua attivit\u00e0 musicale a beneficio del coro della sinagoga.<\/p>\n<figure id=\"attachment_11081\" aria-describedby=\"caption-attachment-11081\" style=\"width: 483px\" class=\"wp-caption aligncenter\"><img decoding=\"async\" class=\"wp-image-11081\" src=\"https:\/\/www.iemj.org\/wp-content\/uploads\/2016\/06\/i_72_reduite-300x208.jpg\" alt=\"i_72_reduite.jpg\" width=\"483\" height=\"335\" srcset=\"https:\/\/www.iemj.org\/wp-content\/uploads\/2016\/06\/i_72_reduite-300x208.jpg 300w, https:\/\/www.iemj.org\/wp-content\/uploads\/2016\/06\/i_72_reduite.jpg 448w\" sizes=\"(max-width: 483px) 100vw, 483px\" \/><figcaption id=\"caption-attachment-11081\" class=\"wp-caption-text\"><strong>Grande concerto di musica sinagogale a Strasbourg (probabilmente prima del 1953) Joseph BORIN, Salomon BINN, Emile KA\u00c7MANN, Rabbin POLIATCHEK, Paul LAZARIUS, Sylvain BINN <\/strong><\/figcaption><\/figure>\n<p>Svolge inoltre un&#8217;intensa attivit\u00e0 musicale profana partecipando alla creazione dell&#8217;ALAM (Associazione Lorena degli Amici della Musica), che organizzer\u00e0 prestigiosi concerti. \u00c8 nell&#8217;ambito dell&#8217;ALAM che Sylvain Binn e il pastore Griesbeck creano un coro interreligioso che terr\u00e0 concerti di musica sacra in vari luoghi di culto, in particolare la sinagoga di Metz dove sar\u00e0 interpretato il Sacro Servizio di Darius Milhaud e quello di Ernest Bloch con l&#8217;orchestra municipale di Metz.<\/p>\n<p>Nel 1984, Sylvain Binn e sua moglie si trasferiscono a Parigi al momento della pensione.<\/p>\n<p>Fino alla sua morte nel 1999, Sylvain partecipa attivamente alla vita musicale ebraica parigina. In particolare, alla Sinagoga della Vittoria dove interviene regolarmente per sostituire Maurice Benhamou alla direzione del coro, o per suonare l&#8217;organo in occasione di matrimoni e cerimonie commemorative.<\/p>\n<figure id=\"attachment_11079\" aria-describedby=\"caption-attachment-11079\" style=\"width: 430px\" class=\"wp-caption aligncenter\"><img decoding=\"async\" class=\"wp-image-11079\" src=\"https:\/\/www.iemj.org\/wp-content\/uploads\/2016\/06\/i_69-300x194.jpg\" alt=\"i_69.jpg\" width=\"430\" height=\"278\" srcset=\"https:\/\/www.iemj.org\/wp-content\/uploads\/2016\/06\/i_69-300x194.jpg 300w, https:\/\/www.iemj.org\/wp-content\/uploads\/2016\/06\/i_69.jpg 448w\" sizes=\"(max-width: 430px) 100vw, 430px\" \/><figcaption id=\"caption-attachment-11079\" class=\"wp-caption-text\"><strong>Concerto del \u201c sacro Servizio \u201d di Ernest BLOCH del 3 marzo 1967 alla Grande Sinagoga di Metz Sylvain BINN, Emile KA\u00c7MANN, Albert KIRCH<\/strong><\/figcaption><\/figure>\n<p>Compone arrangiamenti per coro e organo di canti religiosi tradizionali, scrive articoli sulla musica sinagogale e partecipa al programma \u201cAscolta Israele\u201d.<\/p>\n<p>Lascia molte note e articoli, composizioni, arrangiamenti e armonizzazioni, oltre ad una biblioteca di spartiti, manoscritti e stampati, di lavori e d\u2019articoli sulla musica ebraica.<\/p>\n<p>Questi documenti sono stati depositati presso l&#8217;Istituto Europeo di Musiche Ebraiche dove possono essere consultati.<\/p>\n<p><a href=\"http:\/\/www.rachelnet.net\/F\/?func=find-c&amp;ccl_term=WRD%3DBinn%2C+Sylvain&amp;local_base=reb01&amp;x=12&amp;y=4\" target=\"_blank\" rel=\"noopener\">Consultare i nostri archivi su Sylvain Binn<\/a><\/p>\n","protected":false},"excerpt":{"rendered":"<p>Sylvain Binn \u00e8 nato in Lussemburgo l&#8217;8 marzo 1911. Suo padre, Salomon Binn, originario della Lituania, era allora \u201cHazan\u201d (ministro ufficiante) della comunit\u00e0 ebraica del Lussemburgo. Sua madre, Sidonie Guggenheim,<\/p>\n","protected":false},"author":5,"featured_media":86837,"comment_status":"closed","ping_status":"open","sticky":false,"template":"","format":"standard","meta":{"_acf_changed":false,"footnotes":""},"categories":[1416],"tags":[],"technique":[],"squelettes":[],"sujet":[2098],"formation":[],"genre":[],"fonds":[],"tradition":[],"type-de-contenu":[],"interprete-compositeur":[],"frise":[],"type-devenement":[],"tableaux-liens-externes":[],"class_list":["post-86836","post","type-post","status-publish","format-standard","has-post-thumbnail","hentry","category-biografie-it","sujet-alsazia-lorena-it"],"acf":[],"yoast_head":"<!-- This site is optimized with the Yoast SEO plugin v27.3 - https:\/\/yoast.com\/product\/yoast-seo-wordpress\/ -->\n<title>Binn, Sylvain (1911-1999) - Institut Europ\u00e9en des Musiques Juives<\/title>\n<meta name=\"robots\" content=\"index, follow, max-snippet:-1, max-image-preview:large, max-video-preview:-1\" \/>\n<link rel=\"canonical\" href=\"https:\/\/www.iemj.org\/it\/binn-sylvain-1911-1999\/\" \/>\n<meta property=\"og:locale\" content=\"it_IT\" \/>\n<meta property=\"og:type\" content=\"article\" \/>\n<meta property=\"og:title\" content=\"Binn, Sylvain (1911-1999) - Institut Europ\u00e9en des Musiques Juives\" \/>\n<meta property=\"og:description\" content=\"Sylvain Binn \u00e8 nato in Lussemburgo l&#8217;8 marzo 1911. Suo padre, Salomon Binn, originario della Lituania, era allora \u201cHazan\u201d (ministro ufficiante) della comunit\u00e0 ebraica del Lussemburgo. Sua madre, Sidonie Guggenheim,\" \/>\n<meta property=\"og:url\" content=\"https:\/\/www.iemj.org\/it\/binn-sylvain-1911-1999\/\" \/>\n<meta property=\"og:site_name\" content=\"Institut Europ\u00e9en des Musiques Juives\" \/>\n<meta property=\"article:publisher\" content=\"https:\/\/www.facebook.com\/MusiquesJuives\/\" \/>\n<meta property=\"article:published_time\" content=\"2016-06-14T14:09:54+00:00\" \/>\n<meta property=\"article:modified_time\" content=\"2022-08-31T14:20:28+00:00\" \/>\n<meta property=\"og:image\" content=\"https:\/\/www.iemj.org\/wp-content\/uploads\/2016\/06\/photo-logo-bio-Sylvain-Binn-nv-site-e1618230527590.jpg\" \/>\n\t<meta property=\"og:image:width\" content=\"161\" \/>\n\t<meta property=\"og:image:height\" content=\"218\" \/>\n\t<meta property=\"og:image:type\" content=\"image\/jpeg\" \/>\n<meta name=\"author\" content=\"Jacqueline ROTEN\" \/>\n<meta name=\"twitter:card\" content=\"summary_large_image\" \/>\n<meta name=\"twitter:label1\" content=\"Scritto da\" \/>\n\t<meta name=\"twitter:data1\" content=\"Jacqueline ROTEN\" \/>\n\t<meta name=\"twitter:label2\" content=\"Tempo di lettura stimato\" \/>\n\t<meta name=\"twitter:data2\" content=\"4 minuti\" \/>\n<script type=\"application\/ld+json\" class=\"yoast-schema-graph\">{\"@context\":\"https:\\\/\\\/schema.org\",\"@graph\":[{\"@type\":\"Article\",\"@id\":\"https:\\\/\\\/www.iemj.org\\\/it\\\/binn-sylvain-1911-1999\\\/#article\",\"isPartOf\":{\"@id\":\"https:\\\/\\\/www.iemj.org\\\/it\\\/binn-sylvain-1911-1999\\\/\"},\"author\":{\"name\":\"Jacqueline ROTEN\",\"@id\":\"https:\\\/\\\/www.iemj.org\\\/it\\\/#\\\/schema\\\/person\\\/358e26c18aca017fcc4cc15437f7279c\"},\"headline\":\"Binn, Sylvain (1911-1999)\",\"datePublished\":\"2016-06-14T14:09:54+00:00\",\"dateModified\":\"2022-08-31T14:20:28+00:00\",\"mainEntityOfPage\":{\"@id\":\"https:\\\/\\\/www.iemj.org\\\/it\\\/binn-sylvain-1911-1999\\\/\"},\"wordCount\":589,\"publisher\":{\"@id\":\"https:\\\/\\\/www.iemj.org\\\/it\\\/#organization\"},\"image\":{\"@id\":\"https:\\\/\\\/www.iemj.org\\\/it\\\/binn-sylvain-1911-1999\\\/#primaryimage\"},\"thumbnailUrl\":\"https:\\\/\\\/www.iemj.org\\\/wp-content\\\/uploads\\\/2016\\\/06\\\/photo-logo-bio-Sylvain-Binn-nv-site-e1618230527590.jpg\",\"articleSection\":[\"Biografie\"],\"inLanguage\":\"it-IT\"},{\"@type\":\"WebPage\",\"@id\":\"https:\\\/\\\/www.iemj.org\\\/it\\\/binn-sylvain-1911-1999\\\/\",\"url\":\"https:\\\/\\\/www.iemj.org\\\/it\\\/binn-sylvain-1911-1999\\\/\",\"name\":\"Binn, Sylvain (1911-1999) - Institut Europ\u00e9en des Musiques Juives\",\"isPartOf\":{\"@id\":\"https:\\\/\\\/www.iemj.org\\\/it\\\/#website\"},\"primaryImageOfPage\":{\"@id\":\"https:\\\/\\\/www.iemj.org\\\/it\\\/binn-sylvain-1911-1999\\\/#primaryimage\"},\"image\":{\"@id\":\"https:\\\/\\\/www.iemj.org\\\/it\\\/binn-sylvain-1911-1999\\\/#primaryimage\"},\"thumbnailUrl\":\"https:\\\/\\\/www.iemj.org\\\/wp-content\\\/uploads\\\/2016\\\/06\\\/photo-logo-bio-Sylvain-Binn-nv-site-e1618230527590.jpg\",\"datePublished\":\"2016-06-14T14:09:54+00:00\",\"dateModified\":\"2022-08-31T14:20:28+00:00\",\"breadcrumb\":{\"@id\":\"https:\\\/\\\/www.iemj.org\\\/it\\\/binn-sylvain-1911-1999\\\/#breadcrumb\"},\"inLanguage\":\"it-IT\",\"potentialAction\":[{\"@type\":\"ReadAction\",\"target\":[\"https:\\\/\\\/www.iemj.org\\\/it\\\/binn-sylvain-1911-1999\\\/\"]}]},{\"@type\":\"ImageObject\",\"inLanguage\":\"it-IT\",\"@id\":\"https:\\\/\\\/www.iemj.org\\\/it\\\/binn-sylvain-1911-1999\\\/#primaryimage\",\"url\":\"https:\\\/\\\/www.iemj.org\\\/wp-content\\\/uploads\\\/2016\\\/06\\\/photo-logo-bio-Sylvain-Binn-nv-site-e1618230527590.jpg\",\"contentUrl\":\"https:\\\/\\\/www.iemj.org\\\/wp-content\\\/uploads\\\/2016\\\/06\\\/photo-logo-bio-Sylvain-Binn-nv-site-e1618230527590.jpg\",\"width\":161,\"height\":218},{\"@type\":\"BreadcrumbList\",\"@id\":\"https:\\\/\\\/www.iemj.org\\\/it\\\/binn-sylvain-1911-1999\\\/#breadcrumb\",\"itemListElement\":[{\"@type\":\"ListItem\",\"position\":1,\"name\":\"Accueil\",\"item\":\"https:\\\/\\\/www.iemj.org\\\/it\\\/\"},{\"@type\":\"ListItem\",\"position\":2,\"name\":\"Binn, Sylvain (1911-1999)\"}]},{\"@type\":\"WebSite\",\"@id\":\"https:\\\/\\\/www.iemj.org\\\/it\\\/#website\",\"url\":\"https:\\\/\\\/www.iemj.org\\\/it\\\/\",\"name\":\"Institut Europ\u00e9en des Musiques Juives\",\"description\":\"Des traditions musicales \u00e0 la port\u00e9e de tous\",\"publisher\":{\"@id\":\"https:\\\/\\\/www.iemj.org\\\/it\\\/#organization\"},\"potentialAction\":[{\"@type\":\"SearchAction\",\"target\":{\"@type\":\"EntryPoint\",\"urlTemplate\":\"https:\\\/\\\/www.iemj.org\\\/it\\\/?s={search_term_string}\"},\"query-input\":{\"@type\":\"PropertyValueSpecification\",\"valueRequired\":true,\"valueName\":\"search_term_string\"}}],\"inLanguage\":\"it-IT\"},{\"@type\":\"Organization\",\"@id\":\"https:\\\/\\\/www.iemj.org\\\/it\\\/#organization\",\"name\":\"Institut Europ\u00e9en des Musiques Juives\",\"url\":\"https:\\\/\\\/www.iemj.org\\\/it\\\/\",\"logo\":{\"@type\":\"ImageObject\",\"inLanguage\":\"it-IT\",\"@id\":\"https:\\\/\\\/www.iemj.org\\\/it\\\/#\\\/schema\\\/logo\\\/image\\\/\",\"url\":\"https:\\\/\\\/www.iemj.org\\\/wp-content\\\/uploads\\\/2021\\\/09\\\/Logo-IEMJ-Paypal.jpg\",\"contentUrl\":\"https:\\\/\\\/www.iemj.org\\\/wp-content\\\/uploads\\\/2021\\\/09\\\/Logo-IEMJ-Paypal.jpg\",\"width\":150,\"height\":50,\"caption\":\"Institut Europ\u00e9en des Musiques Juives\"},\"image\":{\"@id\":\"https:\\\/\\\/www.iemj.org\\\/it\\\/#\\\/schema\\\/logo\\\/image\\\/\"},\"sameAs\":[\"https:\\\/\\\/www.facebook.com\\\/MusiquesJuives\\\/\",\"https:\\\/\\\/www.instagram.com\\\/musiquesjuives\\\/\",\"https:\\\/\\\/www.youtube.com\\\/user\\\/musiquesjuives\"]},{\"@type\":\"Person\",\"@id\":\"https:\\\/\\\/www.iemj.org\\\/it\\\/#\\\/schema\\\/person\\\/358e26c18aca017fcc4cc15437f7279c\",\"name\":\"Jacqueline ROTEN\",\"image\":{\"@type\":\"ImageObject\",\"inLanguage\":\"it-IT\",\"@id\":\"https:\\\/\\\/secure.gravatar.com\\\/avatar\\\/5964256d6c6957de3a3505278957e0fb2a35119ac47ea41827a65301213c810b?s=96&d=mm&r=g\",\"url\":\"https:\\\/\\\/secure.gravatar.com\\\/avatar\\\/5964256d6c6957de3a3505278957e0fb2a35119ac47ea41827a65301213c810b?s=96&d=mm&r=g\",\"contentUrl\":\"https:\\\/\\\/secure.gravatar.com\\\/avatar\\\/5964256d6c6957de3a3505278957e0fb2a35119ac47ea41827a65301213c810b?s=96&d=mm&r=g\",\"caption\":\"Jacqueline ROTEN\"}}]}<\/script>\n<!-- \/ Yoast SEO plugin. -->","yoast_head_json":{"title":"Binn, Sylvain (1911-1999) - Institut Europ\u00e9en des Musiques Juives","robots":{"index":"index","follow":"follow","max-snippet":"max-snippet:-1","max-image-preview":"max-image-preview:large","max-video-preview":"max-video-preview:-1"},"canonical":"https:\/\/www.iemj.org\/it\/binn-sylvain-1911-1999\/","og_locale":"it_IT","og_type":"article","og_title":"Binn, Sylvain (1911-1999) - Institut Europ\u00e9en des Musiques Juives","og_description":"Sylvain Binn \u00e8 nato in Lussemburgo l&#8217;8 marzo 1911. Suo padre, Salomon Binn, originario della Lituania, era allora \u201cHazan\u201d (ministro ufficiante) della comunit\u00e0 ebraica del Lussemburgo. Sua madre, Sidonie Guggenheim,","og_url":"https:\/\/www.iemj.org\/it\/binn-sylvain-1911-1999\/","og_site_name":"Institut Europ\u00e9en des Musiques Juives","article_publisher":"https:\/\/www.facebook.com\/MusiquesJuives\/","article_published_time":"2016-06-14T14:09:54+00:00","article_modified_time":"2022-08-31T14:20:28+00:00","og_image":[{"width":161,"height":218,"url":"https:\/\/www.iemj.org\/wp-content\/uploads\/2016\/06\/photo-logo-bio-Sylvain-Binn-nv-site-e1618230527590.jpg","type":"image\/jpeg"}],"author":"Jacqueline ROTEN","twitter_card":"summary_large_image","twitter_misc":{"Scritto da":"Jacqueline ROTEN","Tempo di lettura stimato":"4 minuti"},"schema":{"@context":"https:\/\/schema.org","@graph":[{"@type":"Article","@id":"https:\/\/www.iemj.org\/it\/binn-sylvain-1911-1999\/#article","isPartOf":{"@id":"https:\/\/www.iemj.org\/it\/binn-sylvain-1911-1999\/"},"author":{"name":"Jacqueline ROTEN","@id":"https:\/\/www.iemj.org\/it\/#\/schema\/person\/358e26c18aca017fcc4cc15437f7279c"},"headline":"Binn, Sylvain (1911-1999)","datePublished":"2016-06-14T14:09:54+00:00","dateModified":"2022-08-31T14:20:28+00:00","mainEntityOfPage":{"@id":"https:\/\/www.iemj.org\/it\/binn-sylvain-1911-1999\/"},"wordCount":589,"publisher":{"@id":"https:\/\/www.iemj.org\/it\/#organization"},"image":{"@id":"https:\/\/www.iemj.org\/it\/binn-sylvain-1911-1999\/#primaryimage"},"thumbnailUrl":"https:\/\/www.iemj.org\/wp-content\/uploads\/2016\/06\/photo-logo-bio-Sylvain-Binn-nv-site-e1618230527590.jpg","articleSection":["Biografie"],"inLanguage":"it-IT"},{"@type":"WebPage","@id":"https:\/\/www.iemj.org\/it\/binn-sylvain-1911-1999\/","url":"https:\/\/www.iemj.org\/it\/binn-sylvain-1911-1999\/","name":"Binn, Sylvain (1911-1999) - Institut Europ\u00e9en des Musiques Juives","isPartOf":{"@id":"https:\/\/www.iemj.org\/it\/#website"},"primaryImageOfPage":{"@id":"https:\/\/www.iemj.org\/it\/binn-sylvain-1911-1999\/#primaryimage"},"image":{"@id":"https:\/\/www.iemj.org\/it\/binn-sylvain-1911-1999\/#primaryimage"},"thumbnailUrl":"https:\/\/www.iemj.org\/wp-content\/uploads\/2016\/06\/photo-logo-bio-Sylvain-Binn-nv-site-e1618230527590.jpg","datePublished":"2016-06-14T14:09:54+00:00","dateModified":"2022-08-31T14:20:28+00:00","breadcrumb":{"@id":"https:\/\/www.iemj.org\/it\/binn-sylvain-1911-1999\/#breadcrumb"},"inLanguage":"it-IT","potentialAction":[{"@type":"ReadAction","target":["https:\/\/www.iemj.org\/it\/binn-sylvain-1911-1999\/"]}]},{"@type":"ImageObject","inLanguage":"it-IT","@id":"https:\/\/www.iemj.org\/it\/binn-sylvain-1911-1999\/#primaryimage","url":"https:\/\/www.iemj.org\/wp-content\/uploads\/2016\/06\/photo-logo-bio-Sylvain-Binn-nv-site-e1618230527590.jpg","contentUrl":"https:\/\/www.iemj.org\/wp-content\/uploads\/2016\/06\/photo-logo-bio-Sylvain-Binn-nv-site-e1618230527590.jpg","width":161,"height":218},{"@type":"BreadcrumbList","@id":"https:\/\/www.iemj.org\/it\/binn-sylvain-1911-1999\/#breadcrumb","itemListElement":[{"@type":"ListItem","position":1,"name":"Accueil","item":"https:\/\/www.iemj.org\/it\/"},{"@type":"ListItem","position":2,"name":"Binn, Sylvain (1911-1999)"}]},{"@type":"WebSite","@id":"https:\/\/www.iemj.org\/it\/#website","url":"https:\/\/www.iemj.org\/it\/","name":"Institut Europ\u00e9en des Musiques Juives","description":"Des traditions musicales \u00e0 la port\u00e9e de tous","publisher":{"@id":"https:\/\/www.iemj.org\/it\/#organization"},"potentialAction":[{"@type":"SearchAction","target":{"@type":"EntryPoint","urlTemplate":"https:\/\/www.iemj.org\/it\/?s={search_term_string}"},"query-input":{"@type":"PropertyValueSpecification","valueRequired":true,"valueName":"search_term_string"}}],"inLanguage":"it-IT"},{"@type":"Organization","@id":"https:\/\/www.iemj.org\/it\/#organization","name":"Institut Europ\u00e9en des Musiques Juives","url":"https:\/\/www.iemj.org\/it\/","logo":{"@type":"ImageObject","inLanguage":"it-IT","@id":"https:\/\/www.iemj.org\/it\/#\/schema\/logo\/image\/","url":"https:\/\/www.iemj.org\/wp-content\/uploads\/2021\/09\/Logo-IEMJ-Paypal.jpg","contentUrl":"https:\/\/www.iemj.org\/wp-content\/uploads\/2021\/09\/Logo-IEMJ-Paypal.jpg","width":150,"height":50,"caption":"Institut Europ\u00e9en des Musiques Juives"},"image":{"@id":"https:\/\/www.iemj.org\/it\/#\/schema\/logo\/image\/"},"sameAs":["https:\/\/www.facebook.com\/MusiquesJuives\/","https:\/\/www.instagram.com\/musiquesjuives\/","https:\/\/www.youtube.com\/user\/musiquesjuives"]},{"@type":"Person","@id":"https:\/\/www.iemj.org\/it\/#\/schema\/person\/358e26c18aca017fcc4cc15437f7279c","name":"Jacqueline ROTEN","image":{"@type":"ImageObject","inLanguage":"it-IT","@id":"https:\/\/secure.gravatar.com\/avatar\/5964256d6c6957de3a3505278957e0fb2a35119ac47ea41827a65301213c810b?s=96&d=mm&r=g","url":"https:\/\/secure.gravatar.com\/avatar\/5964256d6c6957de3a3505278957e0fb2a35119ac47ea41827a65301213c810b?s=96&d=mm&r=g","contentUrl":"https:\/\/secure.gravatar.com\/avatar\/5964256d6c6957de3a3505278957e0fb2a35119ac47ea41827a65301213c810b?s=96&d=mm&r=g","caption":"Jacqueline ROTEN"}}]}},"_links":{"self":[{"href":"https:\/\/www.iemj.org\/it\/wp-json\/wp\/v2\/posts\/86836","targetHints":{"allow":["GET"]}}],"collection":[{"href":"https:\/\/www.iemj.org\/it\/wp-json\/wp\/v2\/posts"}],"about":[{"href":"https:\/\/www.iemj.org\/it\/wp-json\/wp\/v2\/types\/post"}],"author":[{"embeddable":true,"href":"https:\/\/www.iemj.org\/it\/wp-json\/wp\/v2\/users\/5"}],"replies":[{"embeddable":true,"href":"https:\/\/www.iemj.org\/it\/wp-json\/wp\/v2\/comments?post=86836"}],"version-history":[{"count":0,"href":"https:\/\/www.iemj.org\/it\/wp-json\/wp\/v2\/posts\/86836\/revisions"}],"wp:featuredmedia":[{"embeddable":true,"href":"https:\/\/www.iemj.org\/it\/wp-json\/wp\/v2\/media\/86837"}],"wp:attachment":[{"href":"https:\/\/www.iemj.org\/it\/wp-json\/wp\/v2\/media?parent=86836"}],"wp:term":[{"taxonomy":"category","embeddable":true,"href":"https:\/\/www.iemj.org\/it\/wp-json\/wp\/v2\/categories?post=86836"},{"taxonomy":"post_tag","embeddable":true,"href":"https:\/\/www.iemj.org\/it\/wp-json\/wp\/v2\/tags?post=86836"},{"taxonomy":"technique","embeddable":true,"href":"https:\/\/www.iemj.org\/it\/wp-json\/wp\/v2\/technique?post=86836"},{"taxonomy":"squelettes","embeddable":true,"href":"https:\/\/www.iemj.org\/it\/wp-json\/wp\/v2\/squelettes?post=86836"},{"taxonomy":"sujet","embeddable":true,"href":"https:\/\/www.iemj.org\/it\/wp-json\/wp\/v2\/sujet?post=86836"},{"taxonomy":"formation","embeddable":true,"href":"https:\/\/www.iemj.org\/it\/wp-json\/wp\/v2\/formation?post=86836"},{"taxonomy":"genre","embeddable":true,"href":"https:\/\/www.iemj.org\/it\/wp-json\/wp\/v2\/genre?post=86836"},{"taxonomy":"fonds","embeddable":true,"href":"https:\/\/www.iemj.org\/it\/wp-json\/wp\/v2\/fonds?post=86836"},{"taxonomy":"tradition","embeddable":true,"href":"https:\/\/www.iemj.org\/it\/wp-json\/wp\/v2\/tradition?post=86836"},{"taxonomy":"type-de-contenu","embeddable":true,"href":"https:\/\/www.iemj.org\/it\/wp-json\/wp\/v2\/type-de-contenu?post=86836"},{"taxonomy":"interprete-compositeur","embeddable":true,"href":"https:\/\/www.iemj.org\/it\/wp-json\/wp\/v2\/interprete-compositeur?post=86836"},{"taxonomy":"frise","embeddable":true,"href":"https:\/\/www.iemj.org\/it\/wp-json\/wp\/v2\/frise?post=86836"},{"taxonomy":"type-devenement","embeddable":true,"href":"https:\/\/www.iemj.org\/it\/wp-json\/wp\/v2\/type-devenement?post=86836"},{"taxonomy":"tableaux-liens-externes","embeddable":true,"href":"https:\/\/www.iemj.org\/it\/wp-json\/wp\/v2\/tableaux-liens-externes?post=86836"}],"curies":[{"name":"wp","href":"https:\/\/api.w.org\/{rel}","templated":true}]}}