{"id":86847,"date":"2016-09-05T15:25:40","date_gmt":"2016-09-05T13:25:40","guid":{"rendered":"https:\/\/www.iemj.org\/cahen-danvers-albert-1846-1903\/"},"modified":"2025-06-18T11:41:32","modified_gmt":"2025-06-18T09:41:32","slug":"cahen-danvers-albert-1846-1903","status":"publish","type":"post","link":"https:\/\/www.iemj.org\/it\/cahen-danvers-albert-1846-1903\/","title":{"rendered":"Cahen d&#8217;Anvers, Albert (1846-1903)"},"content":{"rendered":"<p class=\"post_excerpt\">Basato sul libretto del <a href=\"https:\/\/www.iemj.org\/it\/albert-cahen-danvers\/\">CD Albert Cahen d&#8217;Anvers &#8211; int\u00e9grale delle melodie<\/a><\/p>\n<p><!--more--><\/p>\n<p>Albert Cahen \u00e8 un compositore francese, nato ad Anversa l&#8217;8 gennaio 1846 e morto a La Turbie il 27 febbraio 1903. Proveniente da una famiglia di banchieri di Anversa, i Cahen d&#8217;Anvers, fu allievo del compositore C\u00e9sar Franck. \u00c8 particolarmente noto per le sue operette e sono le sue \u201cmelodie\u201d che permettono al compositore di passare alla posterit\u00e0.<\/p>\n<p>Nel 1903, alla sua morte, il suo Gran piano di Concerto, Erard, acquistato su consiglio del suo maestro C\u00e9sar Franck, arreder\u00e0 il salone di musica della residenza di famiglia del castello di Champs-sur-Marne.<\/p>\n<p>Albert Cahen d&#8217;Anvers proviene da una dinastia di banchieri. I suoi fratelli, \u00c9douard, Rapha\u00ebl e Louis sono tutti negli affari. Solo Albert, considerato dai suoi come un originale, se non addirittura un marginale, desidera abbracciare una carriera musicale.<\/p>\n<p>Allievo molto assiduo di <strong>C\u00e9sar Franck<\/strong>, uno dei padri della musica francese moderna, Albert Cahen si afferma, a dispetto di tutta la famiglia, come compositore.<\/p>\n<p>La creazione della sua opera \u201cLe V\u00e9nitien\u201d dedicata a Franck suscita da parte del suo maestro la seguente riflessione: \u201c<em>La serata di luned\u00ec \u00e8 stata una delle migliori della mia vita musicale [\u2026] <\/em><em>Speravo fosse bello ma la mia aspettativa \u00e8 stata superata\u201d.<\/em><\/p>\n<p><strong>Lucien Pat\u00e9<\/strong>, poeta e giurista amico di C\u00e9sar Franck e Albert Cahen, ispirer\u00e0 delle melodie sia all\u2019uno che all\u2019altro, in particolare la poesia <em>Lied<\/em>, musicata e dedicata da C\u00e9sar Franck \u201cal mio amico Albert Cahen\u201d od anche la melodia di Cahen <em>Sua Anima<\/em> , anch&#8217;essa musicata su di una poesia di Lucien Pat\u00e9.<\/p>\n<p>La produzione musicale di Albert Cahen \u00e8 importante. Comprende un poema mitologico, <em>Endymion<\/em>, delle opere <em>Dianora, il Veneziano<\/em>,delle opere comiche, <em>Louisette<\/em>&#8230; un dramma lirico <em>La femme de Claude<\/em>, dei balletti <em>Fleur des neiges<\/em>, <em>La belle au bois dormant<\/em>, la musica di scena dei <em>Burgraves<\/em> di Hugo, una <em>Marcia trionfale<\/em> scritta per l&#8217;Esposizione Universale del 1900, dei brani di musica da camera&#8230;<\/p>\n<p>L&#8217;influenza di C\u00e9sar Franck si osserva attraverso una grande preoccupazione armonica ed un evidente desiderio di struttura nelle melodie di Cahen. Il suo corpus di melodie contiene cicli e melodie separate e si pu\u00f2 osservare una grande diversit\u00e0 nelle atmosfere e nel loro trattamento musicale.<\/p>\n<p><img decoding=\"async\" class=\"wp-image-121749 alignright\" src=\"https:\/\/www.iemj.org\/wp-content\/uploads\/2025\/06\/Portrait-Cahen-dAnvers-par-Renoir-248x300.jpg\" alt=\"\" width=\"180\" height=\"218\" srcset=\"https:\/\/www.iemj.org\/wp-content\/uploads\/2025\/06\/Portrait-Cahen-dAnvers-par-Renoir-248x300.jpg 248w, https:\/\/www.iemj.org\/wp-content\/uploads\/2025\/06\/Portrait-Cahen-dAnvers-par-Renoir.jpg 413w\" sizes=\"(max-width: 180px) 100vw, 180px\" \/>I suoi riferimenti musicali e il suo profondo attaccamento al mondo musicale che lo circonda sono presenti nell\u2019insieme della sua opera, soprattutto attraverso le numerose dediche che si trovano sulle sue melodie.<\/p>\n<p>Inoltre, nel suo palazzo privato, le petit h\u00f4tel de Villars, in via Grenelle, dove risiede, Albert Cahen organizza serate di concerti nelle quali si incontra tutto il fior fiore parigino dell&#8217;epoca, fonte di buone entrate finanziarie per i musicisti e di opportuni incontri per tutti. \u00c8 qui che il pittore Pierre Auguste Renoir dipinge il suo famoso ritratto nel 1881. (<em>vedi a fianco<\/em>)<\/p>\n<p><a href=\"https:\/\/www.iemj.org\/it\/albert-cahen-danvers\/\" target=\"_blank\" rel=\"noopener\">Consultare il CD Albert Cahen d&#8217;Anvers \u2013 integrale delle melodie<\/a><\/p>\n","protected":false},"excerpt":{"rendered":"<p>Basato sul libretto del CD Albert Cahen d&#8217;Anvers &#8211; int\u00e9grale delle melodie<\/p>\n","protected":false},"author":5,"featured_media":51517,"comment_status":"closed","ping_status":"open","sticky":false,"template":"","format":"standard","meta":{"_acf_changed":false,"footnotes":""},"categories":[1416],"tags":[],"technique":[],"squelettes":[],"sujet":[],"formation":[],"genre":[],"fonds":[],"tradition":[],"type-de-contenu":[],"interprete-compositeur":[],"frise":[],"type-devenement":[],"tableaux-liens-externes":[],"class_list":["post-86847","post","type-post","status-publish","format-standard","has-post-thumbnail","hentry","category-biografie-it"],"acf":[],"yoast_head":"<!-- This site is optimized with the Yoast SEO plugin v27.3 - https:\/\/yoast.com\/product\/yoast-seo-wordpress\/ -->\n<title>Cahen d&#039;Anvers, Albert (1846-1903) - Institut Europ\u00e9en des Musiques Juives<\/title>\n<meta name=\"robots\" content=\"index, follow, max-snippet:-1, max-image-preview:large, max-video-preview:-1\" \/>\n<link rel=\"canonical\" href=\"https:\/\/www.iemj.org\/it\/cahen-danvers-albert-1846-1903\/\" \/>\n<meta property=\"og:locale\" content=\"it_IT\" \/>\n<meta property=\"og:type\" content=\"article\" \/>\n<meta property=\"og:title\" content=\"Cahen d&#039;Anvers, Albert (1846-1903) - Institut Europ\u00e9en des Musiques Juives\" \/>\n<meta property=\"og:description\" content=\"Basato sul libretto del CD Albert Cahen d&#8217;Anvers &#8211; int\u00e9grale delle melodie\" \/>\n<meta property=\"og:url\" content=\"https:\/\/www.iemj.org\/it\/cahen-danvers-albert-1846-1903\/\" \/>\n<meta property=\"og:site_name\" content=\"Institut Europ\u00e9en des Musiques Juives\" \/>\n<meta property=\"article:publisher\" content=\"https:\/\/www.facebook.com\/MusiquesJuives\/\" \/>\n<meta property=\"article:published_time\" content=\"2016-09-05T13:25:40+00:00\" \/>\n<meta property=\"article:modified_time\" content=\"2025-06-18T09:41:32+00:00\" \/>\n<meta property=\"og:image\" content=\"https:\/\/www.iemj.org\/wp-content\/uploads\/2025\/04\/Cahen-dAnvers_Logo-Bio-4.jpg\" \/>\n\t<meta property=\"og:image:width\" content=\"168\" \/>\n\t<meta property=\"og:image:height\" content=\"218\" \/>\n\t<meta property=\"og:image:type\" content=\"image\/jpeg\" \/>\n<meta name=\"author\" content=\"Jacqueline ROTEN\" \/>\n<meta name=\"twitter:card\" content=\"summary_large_image\" \/>\n<meta name=\"twitter:label1\" content=\"Scritto da\" \/>\n\t<meta name=\"twitter:data1\" content=\"Jacqueline ROTEN\" \/>\n\t<meta name=\"twitter:label2\" content=\"Tempo di lettura stimato\" \/>\n\t<meta name=\"twitter:data2\" content=\"3 minuti\" \/>\n<script type=\"application\/ld+json\" class=\"yoast-schema-graph\">{\"@context\":\"https:\\\/\\\/schema.org\",\"@graph\":[{\"@type\":\"Article\",\"@id\":\"https:\\\/\\\/www.iemj.org\\\/it\\\/cahen-danvers-albert-1846-1903\\\/#article\",\"isPartOf\":{\"@id\":\"https:\\\/\\\/www.iemj.org\\\/it\\\/cahen-danvers-albert-1846-1903\\\/\"},\"author\":{\"name\":\"Jacqueline ROTEN\",\"@id\":\"https:\\\/\\\/www.iemj.org\\\/it\\\/#\\\/schema\\\/person\\\/358e26c18aca017fcc4cc15437f7279c\"},\"headline\":\"Cahen d&#8217;Anvers, Albert (1846-1903)\",\"datePublished\":\"2016-09-05T13:25:40+00:00\",\"dateModified\":\"2025-06-18T09:41:32+00:00\",\"mainEntityOfPage\":{\"@id\":\"https:\\\/\\\/www.iemj.org\\\/it\\\/cahen-danvers-albert-1846-1903\\\/\"},\"wordCount\":485,\"publisher\":{\"@id\":\"https:\\\/\\\/www.iemj.org\\\/it\\\/#organization\"},\"image\":{\"@id\":\"https:\\\/\\\/www.iemj.org\\\/it\\\/cahen-danvers-albert-1846-1903\\\/#primaryimage\"},\"thumbnailUrl\":\"https:\\\/\\\/www.iemj.org\\\/wp-content\\\/uploads\\\/2025\\\/04\\\/Cahen-dAnvers_Logo-Bio-4.jpg\",\"articleSection\":[\"Biografie\"],\"inLanguage\":\"it-IT\"},{\"@type\":\"WebPage\",\"@id\":\"https:\\\/\\\/www.iemj.org\\\/it\\\/cahen-danvers-albert-1846-1903\\\/\",\"url\":\"https:\\\/\\\/www.iemj.org\\\/it\\\/cahen-danvers-albert-1846-1903\\\/\",\"name\":\"Cahen d'Anvers, Albert (1846-1903) - Institut Europ\u00e9en des Musiques Juives\",\"isPartOf\":{\"@id\":\"https:\\\/\\\/www.iemj.org\\\/it\\\/#website\"},\"primaryImageOfPage\":{\"@id\":\"https:\\\/\\\/www.iemj.org\\\/it\\\/cahen-danvers-albert-1846-1903\\\/#primaryimage\"},\"image\":{\"@id\":\"https:\\\/\\\/www.iemj.org\\\/it\\\/cahen-danvers-albert-1846-1903\\\/#primaryimage\"},\"thumbnailUrl\":\"https:\\\/\\\/www.iemj.org\\\/wp-content\\\/uploads\\\/2025\\\/04\\\/Cahen-dAnvers_Logo-Bio-4.jpg\",\"datePublished\":\"2016-09-05T13:25:40+00:00\",\"dateModified\":\"2025-06-18T09:41:32+00:00\",\"breadcrumb\":{\"@id\":\"https:\\\/\\\/www.iemj.org\\\/it\\\/cahen-danvers-albert-1846-1903\\\/#breadcrumb\"},\"inLanguage\":\"it-IT\",\"potentialAction\":[{\"@type\":\"ReadAction\",\"target\":[\"https:\\\/\\\/www.iemj.org\\\/it\\\/cahen-danvers-albert-1846-1903\\\/\"]}]},{\"@type\":\"ImageObject\",\"inLanguage\":\"it-IT\",\"@id\":\"https:\\\/\\\/www.iemj.org\\\/it\\\/cahen-danvers-albert-1846-1903\\\/#primaryimage\",\"url\":\"https:\\\/\\\/www.iemj.org\\\/wp-content\\\/uploads\\\/2025\\\/04\\\/Cahen-dAnvers_Logo-Bio-4.jpg\",\"contentUrl\":\"https:\\\/\\\/www.iemj.org\\\/wp-content\\\/uploads\\\/2025\\\/04\\\/Cahen-dAnvers_Logo-Bio-4.jpg\",\"width\":168,\"height\":218},{\"@type\":\"BreadcrumbList\",\"@id\":\"https:\\\/\\\/www.iemj.org\\\/it\\\/cahen-danvers-albert-1846-1903\\\/#breadcrumb\",\"itemListElement\":[{\"@type\":\"ListItem\",\"position\":1,\"name\":\"Accueil\",\"item\":\"https:\\\/\\\/www.iemj.org\\\/it\\\/\"},{\"@type\":\"ListItem\",\"position\":2,\"name\":\"Cahen d&#8217;Anvers, Albert (1846-1903)\"}]},{\"@type\":\"WebSite\",\"@id\":\"https:\\\/\\\/www.iemj.org\\\/it\\\/#website\",\"url\":\"https:\\\/\\\/www.iemj.org\\\/it\\\/\",\"name\":\"Institut Europ\u00e9en des Musiques Juives\",\"description\":\"Des traditions musicales \u00e0 la port\u00e9e de tous\",\"publisher\":{\"@id\":\"https:\\\/\\\/www.iemj.org\\\/it\\\/#organization\"},\"potentialAction\":[{\"@type\":\"SearchAction\",\"target\":{\"@type\":\"EntryPoint\",\"urlTemplate\":\"https:\\\/\\\/www.iemj.org\\\/it\\\/?s={search_term_string}\"},\"query-input\":{\"@type\":\"PropertyValueSpecification\",\"valueRequired\":true,\"valueName\":\"search_term_string\"}}],\"inLanguage\":\"it-IT\"},{\"@type\":\"Organization\",\"@id\":\"https:\\\/\\\/www.iemj.org\\\/it\\\/#organization\",\"name\":\"Institut Europ\u00e9en des Musiques Juives\",\"url\":\"https:\\\/\\\/www.iemj.org\\\/it\\\/\",\"logo\":{\"@type\":\"ImageObject\",\"inLanguage\":\"it-IT\",\"@id\":\"https:\\\/\\\/www.iemj.org\\\/it\\\/#\\\/schema\\\/logo\\\/image\\\/\",\"url\":\"https:\\\/\\\/www.iemj.org\\\/wp-content\\\/uploads\\\/2021\\\/09\\\/Logo-IEMJ-Paypal.jpg\",\"contentUrl\":\"https:\\\/\\\/www.iemj.org\\\/wp-content\\\/uploads\\\/2021\\\/09\\\/Logo-IEMJ-Paypal.jpg\",\"width\":150,\"height\":50,\"caption\":\"Institut Europ\u00e9en des Musiques Juives\"},\"image\":{\"@id\":\"https:\\\/\\\/www.iemj.org\\\/it\\\/#\\\/schema\\\/logo\\\/image\\\/\"},\"sameAs\":[\"https:\\\/\\\/www.facebook.com\\\/MusiquesJuives\\\/\",\"https:\\\/\\\/www.instagram.com\\\/musiquesjuives\\\/\",\"https:\\\/\\\/www.youtube.com\\\/user\\\/musiquesjuives\"]},{\"@type\":\"Person\",\"@id\":\"https:\\\/\\\/www.iemj.org\\\/it\\\/#\\\/schema\\\/person\\\/358e26c18aca017fcc4cc15437f7279c\",\"name\":\"Jacqueline ROTEN\",\"image\":{\"@type\":\"ImageObject\",\"inLanguage\":\"it-IT\",\"@id\":\"https:\\\/\\\/secure.gravatar.com\\\/avatar\\\/5964256d6c6957de3a3505278957e0fb2a35119ac47ea41827a65301213c810b?s=96&d=mm&r=g\",\"url\":\"https:\\\/\\\/secure.gravatar.com\\\/avatar\\\/5964256d6c6957de3a3505278957e0fb2a35119ac47ea41827a65301213c810b?s=96&d=mm&r=g\",\"contentUrl\":\"https:\\\/\\\/secure.gravatar.com\\\/avatar\\\/5964256d6c6957de3a3505278957e0fb2a35119ac47ea41827a65301213c810b?s=96&d=mm&r=g\",\"caption\":\"Jacqueline ROTEN\"}}]}<\/script>\n<!-- \/ Yoast SEO plugin. -->","yoast_head_json":{"title":"Cahen d'Anvers, Albert (1846-1903) - Institut Europ\u00e9en des Musiques Juives","robots":{"index":"index","follow":"follow","max-snippet":"max-snippet:-1","max-image-preview":"max-image-preview:large","max-video-preview":"max-video-preview:-1"},"canonical":"https:\/\/www.iemj.org\/it\/cahen-danvers-albert-1846-1903\/","og_locale":"it_IT","og_type":"article","og_title":"Cahen d'Anvers, Albert (1846-1903) - Institut Europ\u00e9en des Musiques Juives","og_description":"Basato sul libretto del CD Albert Cahen d&#8217;Anvers &#8211; int\u00e9grale delle melodie","og_url":"https:\/\/www.iemj.org\/it\/cahen-danvers-albert-1846-1903\/","og_site_name":"Institut Europ\u00e9en des Musiques Juives","article_publisher":"https:\/\/www.facebook.com\/MusiquesJuives\/","article_published_time":"2016-09-05T13:25:40+00:00","article_modified_time":"2025-06-18T09:41:32+00:00","og_image":[{"width":168,"height":218,"url":"https:\/\/www.iemj.org\/wp-content\/uploads\/2025\/04\/Cahen-dAnvers_Logo-Bio-4.jpg","type":"image\/jpeg"}],"author":"Jacqueline ROTEN","twitter_card":"summary_large_image","twitter_misc":{"Scritto da":"Jacqueline ROTEN","Tempo di lettura stimato":"3 minuti"},"schema":{"@context":"https:\/\/schema.org","@graph":[{"@type":"Article","@id":"https:\/\/www.iemj.org\/it\/cahen-danvers-albert-1846-1903\/#article","isPartOf":{"@id":"https:\/\/www.iemj.org\/it\/cahen-danvers-albert-1846-1903\/"},"author":{"name":"Jacqueline ROTEN","@id":"https:\/\/www.iemj.org\/it\/#\/schema\/person\/358e26c18aca017fcc4cc15437f7279c"},"headline":"Cahen d&#8217;Anvers, Albert (1846-1903)","datePublished":"2016-09-05T13:25:40+00:00","dateModified":"2025-06-18T09:41:32+00:00","mainEntityOfPage":{"@id":"https:\/\/www.iemj.org\/it\/cahen-danvers-albert-1846-1903\/"},"wordCount":485,"publisher":{"@id":"https:\/\/www.iemj.org\/it\/#organization"},"image":{"@id":"https:\/\/www.iemj.org\/it\/cahen-danvers-albert-1846-1903\/#primaryimage"},"thumbnailUrl":"https:\/\/www.iemj.org\/wp-content\/uploads\/2025\/04\/Cahen-dAnvers_Logo-Bio-4.jpg","articleSection":["Biografie"],"inLanguage":"it-IT"},{"@type":"WebPage","@id":"https:\/\/www.iemj.org\/it\/cahen-danvers-albert-1846-1903\/","url":"https:\/\/www.iemj.org\/it\/cahen-danvers-albert-1846-1903\/","name":"Cahen d'Anvers, Albert (1846-1903) - Institut Europ\u00e9en des Musiques Juives","isPartOf":{"@id":"https:\/\/www.iemj.org\/it\/#website"},"primaryImageOfPage":{"@id":"https:\/\/www.iemj.org\/it\/cahen-danvers-albert-1846-1903\/#primaryimage"},"image":{"@id":"https:\/\/www.iemj.org\/it\/cahen-danvers-albert-1846-1903\/#primaryimage"},"thumbnailUrl":"https:\/\/www.iemj.org\/wp-content\/uploads\/2025\/04\/Cahen-dAnvers_Logo-Bio-4.jpg","datePublished":"2016-09-05T13:25:40+00:00","dateModified":"2025-06-18T09:41:32+00:00","breadcrumb":{"@id":"https:\/\/www.iemj.org\/it\/cahen-danvers-albert-1846-1903\/#breadcrumb"},"inLanguage":"it-IT","potentialAction":[{"@type":"ReadAction","target":["https:\/\/www.iemj.org\/it\/cahen-danvers-albert-1846-1903\/"]}]},{"@type":"ImageObject","inLanguage":"it-IT","@id":"https:\/\/www.iemj.org\/it\/cahen-danvers-albert-1846-1903\/#primaryimage","url":"https:\/\/www.iemj.org\/wp-content\/uploads\/2025\/04\/Cahen-dAnvers_Logo-Bio-4.jpg","contentUrl":"https:\/\/www.iemj.org\/wp-content\/uploads\/2025\/04\/Cahen-dAnvers_Logo-Bio-4.jpg","width":168,"height":218},{"@type":"BreadcrumbList","@id":"https:\/\/www.iemj.org\/it\/cahen-danvers-albert-1846-1903\/#breadcrumb","itemListElement":[{"@type":"ListItem","position":1,"name":"Accueil","item":"https:\/\/www.iemj.org\/it\/"},{"@type":"ListItem","position":2,"name":"Cahen d&#8217;Anvers, Albert (1846-1903)"}]},{"@type":"WebSite","@id":"https:\/\/www.iemj.org\/it\/#website","url":"https:\/\/www.iemj.org\/it\/","name":"Institut Europ\u00e9en des Musiques Juives","description":"Des traditions musicales \u00e0 la port\u00e9e de tous","publisher":{"@id":"https:\/\/www.iemj.org\/it\/#organization"},"potentialAction":[{"@type":"SearchAction","target":{"@type":"EntryPoint","urlTemplate":"https:\/\/www.iemj.org\/it\/?s={search_term_string}"},"query-input":{"@type":"PropertyValueSpecification","valueRequired":true,"valueName":"search_term_string"}}],"inLanguage":"it-IT"},{"@type":"Organization","@id":"https:\/\/www.iemj.org\/it\/#organization","name":"Institut Europ\u00e9en des Musiques Juives","url":"https:\/\/www.iemj.org\/it\/","logo":{"@type":"ImageObject","inLanguage":"it-IT","@id":"https:\/\/www.iemj.org\/it\/#\/schema\/logo\/image\/","url":"https:\/\/www.iemj.org\/wp-content\/uploads\/2021\/09\/Logo-IEMJ-Paypal.jpg","contentUrl":"https:\/\/www.iemj.org\/wp-content\/uploads\/2021\/09\/Logo-IEMJ-Paypal.jpg","width":150,"height":50,"caption":"Institut Europ\u00e9en des Musiques Juives"},"image":{"@id":"https:\/\/www.iemj.org\/it\/#\/schema\/logo\/image\/"},"sameAs":["https:\/\/www.facebook.com\/MusiquesJuives\/","https:\/\/www.instagram.com\/musiquesjuives\/","https:\/\/www.youtube.com\/user\/musiquesjuives"]},{"@type":"Person","@id":"https:\/\/www.iemj.org\/it\/#\/schema\/person\/358e26c18aca017fcc4cc15437f7279c","name":"Jacqueline ROTEN","image":{"@type":"ImageObject","inLanguage":"it-IT","@id":"https:\/\/secure.gravatar.com\/avatar\/5964256d6c6957de3a3505278957e0fb2a35119ac47ea41827a65301213c810b?s=96&d=mm&r=g","url":"https:\/\/secure.gravatar.com\/avatar\/5964256d6c6957de3a3505278957e0fb2a35119ac47ea41827a65301213c810b?s=96&d=mm&r=g","contentUrl":"https:\/\/secure.gravatar.com\/avatar\/5964256d6c6957de3a3505278957e0fb2a35119ac47ea41827a65301213c810b?s=96&d=mm&r=g","caption":"Jacqueline ROTEN"}}]}},"_links":{"self":[{"href":"https:\/\/www.iemj.org\/it\/wp-json\/wp\/v2\/posts\/86847","targetHints":{"allow":["GET"]}}],"collection":[{"href":"https:\/\/www.iemj.org\/it\/wp-json\/wp\/v2\/posts"}],"about":[{"href":"https:\/\/www.iemj.org\/it\/wp-json\/wp\/v2\/types\/post"}],"author":[{"embeddable":true,"href":"https:\/\/www.iemj.org\/it\/wp-json\/wp\/v2\/users\/5"}],"replies":[{"embeddable":true,"href":"https:\/\/www.iemj.org\/it\/wp-json\/wp\/v2\/comments?post=86847"}],"version-history":[{"count":0,"href":"https:\/\/www.iemj.org\/it\/wp-json\/wp\/v2\/posts\/86847\/revisions"}],"wp:featuredmedia":[{"embeddable":true,"href":"https:\/\/www.iemj.org\/it\/wp-json\/wp\/v2\/media\/51517"}],"wp:attachment":[{"href":"https:\/\/www.iemj.org\/it\/wp-json\/wp\/v2\/media?parent=86847"}],"wp:term":[{"taxonomy":"category","embeddable":true,"href":"https:\/\/www.iemj.org\/it\/wp-json\/wp\/v2\/categories?post=86847"},{"taxonomy":"post_tag","embeddable":true,"href":"https:\/\/www.iemj.org\/it\/wp-json\/wp\/v2\/tags?post=86847"},{"taxonomy":"technique","embeddable":true,"href":"https:\/\/www.iemj.org\/it\/wp-json\/wp\/v2\/technique?post=86847"},{"taxonomy":"squelettes","embeddable":true,"href":"https:\/\/www.iemj.org\/it\/wp-json\/wp\/v2\/squelettes?post=86847"},{"taxonomy":"sujet","embeddable":true,"href":"https:\/\/www.iemj.org\/it\/wp-json\/wp\/v2\/sujet?post=86847"},{"taxonomy":"formation","embeddable":true,"href":"https:\/\/www.iemj.org\/it\/wp-json\/wp\/v2\/formation?post=86847"},{"taxonomy":"genre","embeddable":true,"href":"https:\/\/www.iemj.org\/it\/wp-json\/wp\/v2\/genre?post=86847"},{"taxonomy":"fonds","embeddable":true,"href":"https:\/\/www.iemj.org\/it\/wp-json\/wp\/v2\/fonds?post=86847"},{"taxonomy":"tradition","embeddable":true,"href":"https:\/\/www.iemj.org\/it\/wp-json\/wp\/v2\/tradition?post=86847"},{"taxonomy":"type-de-contenu","embeddable":true,"href":"https:\/\/www.iemj.org\/it\/wp-json\/wp\/v2\/type-de-contenu?post=86847"},{"taxonomy":"interprete-compositeur","embeddable":true,"href":"https:\/\/www.iemj.org\/it\/wp-json\/wp\/v2\/interprete-compositeur?post=86847"},{"taxonomy":"frise","embeddable":true,"href":"https:\/\/www.iemj.org\/it\/wp-json\/wp\/v2\/frise?post=86847"},{"taxonomy":"type-devenement","embeddable":true,"href":"https:\/\/www.iemj.org\/it\/wp-json\/wp\/v2\/type-devenement?post=86847"},{"taxonomy":"tableaux-liens-externes","embeddable":true,"href":"https:\/\/www.iemj.org\/it\/wp-json\/wp\/v2\/tableaux-liens-externes?post=86847"}],"curies":[{"name":"wp","href":"https:\/\/api.w.org\/{rel}","templated":true}]}}