{"id":86969,"date":"2020-10-13T11:15:23","date_gmt":"2020-10-13T09:15:23","guid":{"rendered":"https:\/\/www.iemj.org\/loeb-robert-1903-1965\/"},"modified":"2022-09-12T17:32:44","modified_gmt":"2022-09-12T15:32:44","slug":"loeb-robert-1903-1965","status":"publish","type":"post","link":"https:\/\/www.iemj.org\/it\/loeb-robert-1903-1965\/","title":{"rendered":"Loeb, Robert (1903-1965)"},"content":{"rendered":"<p>Robert LOEB (il cui nome ebraico \u00e8 Eliezer Ben Hachover Mosch\u00e9) \u00e8 nato il 7 aprile 1903 a Basilea, in Svizzera, da genitori alsaziani, Moise Loeb, nato a Duppigheim e Mathilde Lang, nata a Giromagny ed originaria di Stotzheim.<\/p>\n<p>Uno dei cinque figli &#8211; due sorelle maggiori ed un fratello ed una sorella minori &#8211; frequenta la scuola a Basilea, dove inizia a studiare canto al Conservatorio. Dotato di una bella voce tenorile, nel 1919, all&#8217;et\u00e0 di 16 anni, entra nel Seminario Israelita di Colonia sotto la guida del Dottor\u00a0 Carlebach.<\/p>\n<p>Il 1\u00b0 ottobre 1925 prende servizio come ministro officiante (chazan) presso la comunit\u00e0 ebraica di Losanna, in Svizzera.<\/p>\n<p><img decoding=\"async\" class=\"\" src=\"https:\/\/www.iemj.org\/wp-content\/uploads\/2020\/10\/robert_loeb-1936_redim_415px_vertic.jpg\" alt=\"robert_loeb-1936_redim_415px_vertic.jpg\" width=\"152\" height=\"297\" align=\"right\" data-description=\"&lt;strong&gt;Robert Loeb, 1936&lt;\/strong&gt;\" \/>Nel corso del 1927 viene eletto primo ministro officiante della comunit\u00e0 ebraica di Colmar, in Francia.<\/p>\n<p>Fino alla met\u00e0 del 1938, continua a servire come ministro le comunit\u00e0 ebraiche di Altkirch, St. Di\u00e9 ed Erstein, nella Francia orientale.<\/p>\n<p>Sposa Madeleine Marie Bigard il 17 ottobre 1927 a Colmar, da cui divorzia nel 1933, senza avere discendenti.<br \/>\nIl 20 marzo 1936 sposa Franja detta Friedel Warszawski, nata nel 1903 a Zgierz, vicino a Lodz, in Polonia, e residente a Basilea dal 1906. Nello stesso anno, il 25 dicembre 1936, nacque la figlia Myriam ed il 22 giugno 1939 il figlio Ren\u00e9.<\/p>\n<p><img fetchpriority=\"high\" decoding=\"async\" class=\" alignleft size-full wp-image-29260\" src=\"https:\/\/www.iemj.org\/wp-content\/uploads\/2020\/10\/robert_2-1.jpg\" alt=\"robert_2-1.jpg\" width=\"230\" height=\"296\" align=\"left\" \/>Non essendo pi\u00f9 in grado di lavorare come ministro in Alsazia a partire dal 1938, Robert Loeb, straniero, deve lasciare l&#8217;Alsazia e tornare in Svizzera. In Svizzera, negli anni &#8217;30, c&#8217;erano pi\u00f9 di 20 comunit\u00e0 ebraiche. Ma poich\u00e9 in tutte queste comunit\u00e0 il posto di ministro officiante era occupato, non poteva assumere l&#8217;incarico di ministro officiante. Per questo motivo si \u00e8 arruolato nel corpo delle guardie di frontiera volontarie dell&#8217;esercito svizzero.<\/p>\n<p>Nel settembre 1939 avvenne la mobilitazione generale dell&#8217;esercito svizzero. Il Corpo volontario delle guardie di frontiera \u00e8 stato automaticamente sciolto ed i soldati di questa unit\u00e0 sono stati reintegrati nelle loro effettive unit\u00e0 dell&#8217;esercito. Dalla mobilitazione generale alla fine della Seconda guerra mondiale, Robert Loeb avra servito per circa 1200 giorni.<\/p>\n<p>Dopo l&#8217;armistizio, viene nominato ministro a St. Louis, una citt\u00e0 al confine con Basilea, nell&#8217;Alto Reno.<\/p>\n<p>Dagli anni Trenta, anche durante gli anni della guerra, Robert Loeb si \u00e8 esibito come solista nei concerti liturgici di Radio Basilea, accompagnato al pianoforte dalla sorella maggiore Sylvie Loeb, insegnante di pianoforte.<\/p>\n<p>Nel 1946 ottiene la nomina a Primo Ministro del Lussemburgo, capitale del Granducato, e lascia Basilea per il Lussemburgo nell&#8217;agosto dello stesso anno, carica che ricopre fino all&#8217;inizio del 1959, quando deve rinunciare per motivi di salute. Rester\u00e0 in Lussemburgo, dove morir\u00e0 il 18 luglio 1965 all&#8217;et\u00e0 di 62 anni. \u00c8 sepolto nel cimitero israelita di Lussemburgo-Limpertsberg.<\/p>\n<p><a href=\"http:\/\/www.rachelnet.net\/F\/?func=find-c&amp;ccl_term=WHOL+%3D+loeb&amp;local_base=iemcg\" target=\"_blank\" rel=\"noopener\">Consultare il fondo Robert Loeb<\/a><\/p>\n","protected":false},"excerpt":{"rendered":"<p>Robert LOEB (il cui nome ebraico \u00e8 Eliezer Ben Hachover Mosch\u00e9) \u00e8 nato il 7 aprile 1903 a Basilea, in Svizzera, da genitori alsaziani, Moise Loeb, nato a Duppigheim e<\/p>\n","protected":false},"author":5,"featured_media":52129,"comment_status":"closed","ping_status":"closed","sticky":false,"template":"","format":"standard","meta":{"_acf_changed":false,"footnotes":""},"categories":[1416],"tags":[],"technique":[],"squelettes":[],"sujet":[2098],"formation":[],"genre":[1892],"fonds":[],"tradition":[],"type-de-contenu":[],"interprete-compositeur":[],"frise":[],"type-devenement":[],"tableaux-liens-externes":[],"class_list":["post-86969","post","type-post","status-publish","format-standard","has-post-thumbnail","hentry","category-biografie-it","sujet-alsazia-lorena-it","genre-liturgia-it"],"acf":[],"yoast_head":"<!-- This site is optimized with the Yoast SEO plugin v27.3 - https:\/\/yoast.com\/product\/yoast-seo-wordpress\/ -->\n<title>Loeb, Robert (1903-1965) - Institut Europ\u00e9en des Musiques Juives<\/title>\n<meta name=\"robots\" content=\"index, follow, max-snippet:-1, max-image-preview:large, max-video-preview:-1\" \/>\n<link rel=\"canonical\" href=\"https:\/\/www.iemj.org\/it\/loeb-robert-1903-1965\/\" \/>\n<meta property=\"og:locale\" content=\"it_IT\" \/>\n<meta property=\"og:type\" content=\"article\" \/>\n<meta property=\"og:title\" content=\"Loeb, Robert (1903-1965) - Institut Europ\u00e9en des Musiques Juives\" \/>\n<meta property=\"og:description\" content=\"Robert LOEB (il cui nome ebraico \u00e8 Eliezer Ben Hachover Mosch\u00e9) \u00e8 nato il 7 aprile 1903 a Basilea, in Svizzera, da genitori alsaziani, Moise Loeb, nato a Duppigheim e\" \/>\n<meta property=\"og:url\" content=\"https:\/\/www.iemj.org\/it\/loeb-robert-1903-1965\/\" \/>\n<meta property=\"og:site_name\" content=\"Institut Europ\u00e9en des Musiques Juives\" \/>\n<meta property=\"article:publisher\" content=\"https:\/\/www.facebook.com\/MusiquesJuives\/\" \/>\n<meta property=\"article:published_time\" content=\"2020-10-13T09:15:23+00:00\" \/>\n<meta property=\"article:modified_time\" content=\"2022-09-12T15:32:44+00:00\" \/>\n<meta property=\"og:image\" content=\"https:\/\/www.iemj.org\/wp-content\/uploads\/2020\/10\/arton4803-e1625057730638.jpg\" \/>\n\t<meta property=\"og:image:width\" content=\"169\" \/>\n\t<meta property=\"og:image:height\" content=\"218\" \/>\n\t<meta property=\"og:image:type\" content=\"image\/jpeg\" \/>\n<meta name=\"author\" content=\"Jacqueline ROTEN\" \/>\n<meta name=\"twitter:card\" content=\"summary_large_image\" \/>\n<meta name=\"twitter:label1\" content=\"Scritto da\" \/>\n\t<meta name=\"twitter:data1\" content=\"Jacqueline ROTEN\" \/>\n\t<meta name=\"twitter:label2\" content=\"Tempo di lettura stimato\" \/>\n\t<meta name=\"twitter:data2\" content=\"3 minuti\" \/>\n<script type=\"application\/ld+json\" class=\"yoast-schema-graph\">{\"@context\":\"https:\\\/\\\/schema.org\",\"@graph\":[{\"@type\":\"Article\",\"@id\":\"https:\\\/\\\/www.iemj.org\\\/it\\\/loeb-robert-1903-1965\\\/#article\",\"isPartOf\":{\"@id\":\"https:\\\/\\\/www.iemj.org\\\/it\\\/loeb-robert-1903-1965\\\/\"},\"author\":{\"name\":\"Jacqueline ROTEN\",\"@id\":\"https:\\\/\\\/www.iemj.org\\\/it\\\/#\\\/schema\\\/person\\\/358e26c18aca017fcc4cc15437f7279c\"},\"headline\":\"Loeb, Robert (1903-1965)\",\"datePublished\":\"2020-10-13T09:15:23+00:00\",\"dateModified\":\"2022-09-12T15:32:44+00:00\",\"mainEntityOfPage\":{\"@id\":\"https:\\\/\\\/www.iemj.org\\\/it\\\/loeb-robert-1903-1965\\\/\"},\"wordCount\":422,\"publisher\":{\"@id\":\"https:\\\/\\\/www.iemj.org\\\/it\\\/#organization\"},\"image\":{\"@id\":\"https:\\\/\\\/www.iemj.org\\\/it\\\/loeb-robert-1903-1965\\\/#primaryimage\"},\"thumbnailUrl\":\"https:\\\/\\\/www.iemj.org\\\/wp-content\\\/uploads\\\/2020\\\/10\\\/arton4803-e1625057730638.jpg\",\"articleSection\":[\"Biografie\"],\"inLanguage\":\"it-IT\"},{\"@type\":\"WebPage\",\"@id\":\"https:\\\/\\\/www.iemj.org\\\/it\\\/loeb-robert-1903-1965\\\/\",\"url\":\"https:\\\/\\\/www.iemj.org\\\/it\\\/loeb-robert-1903-1965\\\/\",\"name\":\"Loeb, Robert (1903-1965) - Institut Europ\u00e9en des Musiques Juives\",\"isPartOf\":{\"@id\":\"https:\\\/\\\/www.iemj.org\\\/it\\\/#website\"},\"primaryImageOfPage\":{\"@id\":\"https:\\\/\\\/www.iemj.org\\\/it\\\/loeb-robert-1903-1965\\\/#primaryimage\"},\"image\":{\"@id\":\"https:\\\/\\\/www.iemj.org\\\/it\\\/loeb-robert-1903-1965\\\/#primaryimage\"},\"thumbnailUrl\":\"https:\\\/\\\/www.iemj.org\\\/wp-content\\\/uploads\\\/2020\\\/10\\\/arton4803-e1625057730638.jpg\",\"datePublished\":\"2020-10-13T09:15:23+00:00\",\"dateModified\":\"2022-09-12T15:32:44+00:00\",\"breadcrumb\":{\"@id\":\"https:\\\/\\\/www.iemj.org\\\/it\\\/loeb-robert-1903-1965\\\/#breadcrumb\"},\"inLanguage\":\"it-IT\",\"potentialAction\":[{\"@type\":\"ReadAction\",\"target\":[\"https:\\\/\\\/www.iemj.org\\\/it\\\/loeb-robert-1903-1965\\\/\"]}]},{\"@type\":\"ImageObject\",\"inLanguage\":\"it-IT\",\"@id\":\"https:\\\/\\\/www.iemj.org\\\/it\\\/loeb-robert-1903-1965\\\/#primaryimage\",\"url\":\"https:\\\/\\\/www.iemj.org\\\/wp-content\\\/uploads\\\/2020\\\/10\\\/arton4803-e1625057730638.jpg\",\"contentUrl\":\"https:\\\/\\\/www.iemj.org\\\/wp-content\\\/uploads\\\/2020\\\/10\\\/arton4803-e1625057730638.jpg\",\"width\":169,\"height\":218},{\"@type\":\"BreadcrumbList\",\"@id\":\"https:\\\/\\\/www.iemj.org\\\/it\\\/loeb-robert-1903-1965\\\/#breadcrumb\",\"itemListElement\":[{\"@type\":\"ListItem\",\"position\":1,\"name\":\"Accueil\",\"item\":\"https:\\\/\\\/www.iemj.org\\\/it\\\/\"},{\"@type\":\"ListItem\",\"position\":2,\"name\":\"Loeb, Robert (1903-1965)\"}]},{\"@type\":\"WebSite\",\"@id\":\"https:\\\/\\\/www.iemj.org\\\/it\\\/#website\",\"url\":\"https:\\\/\\\/www.iemj.org\\\/it\\\/\",\"name\":\"Institut Europ\u00e9en des Musiques Juives\",\"description\":\"Des traditions musicales \u00e0 la port\u00e9e de tous\",\"publisher\":{\"@id\":\"https:\\\/\\\/www.iemj.org\\\/it\\\/#organization\"},\"potentialAction\":[{\"@type\":\"SearchAction\",\"target\":{\"@type\":\"EntryPoint\",\"urlTemplate\":\"https:\\\/\\\/www.iemj.org\\\/it\\\/?s={search_term_string}\"},\"query-input\":{\"@type\":\"PropertyValueSpecification\",\"valueRequired\":true,\"valueName\":\"search_term_string\"}}],\"inLanguage\":\"it-IT\"},{\"@type\":\"Organization\",\"@id\":\"https:\\\/\\\/www.iemj.org\\\/it\\\/#organization\",\"name\":\"Institut Europ\u00e9en des Musiques Juives\",\"url\":\"https:\\\/\\\/www.iemj.org\\\/it\\\/\",\"logo\":{\"@type\":\"ImageObject\",\"inLanguage\":\"it-IT\",\"@id\":\"https:\\\/\\\/www.iemj.org\\\/it\\\/#\\\/schema\\\/logo\\\/image\\\/\",\"url\":\"https:\\\/\\\/www.iemj.org\\\/wp-content\\\/uploads\\\/2021\\\/09\\\/Logo-IEMJ-Paypal.jpg\",\"contentUrl\":\"https:\\\/\\\/www.iemj.org\\\/wp-content\\\/uploads\\\/2021\\\/09\\\/Logo-IEMJ-Paypal.jpg\",\"width\":150,\"height\":50,\"caption\":\"Institut Europ\u00e9en des Musiques Juives\"},\"image\":{\"@id\":\"https:\\\/\\\/www.iemj.org\\\/it\\\/#\\\/schema\\\/logo\\\/image\\\/\"},\"sameAs\":[\"https:\\\/\\\/www.facebook.com\\\/MusiquesJuives\\\/\",\"https:\\\/\\\/www.instagram.com\\\/musiquesjuives\\\/\",\"https:\\\/\\\/www.youtube.com\\\/user\\\/musiquesjuives\"]},{\"@type\":\"Person\",\"@id\":\"https:\\\/\\\/www.iemj.org\\\/it\\\/#\\\/schema\\\/person\\\/358e26c18aca017fcc4cc15437f7279c\",\"name\":\"Jacqueline ROTEN\",\"image\":{\"@type\":\"ImageObject\",\"inLanguage\":\"it-IT\",\"@id\":\"https:\\\/\\\/secure.gravatar.com\\\/avatar\\\/5964256d6c6957de3a3505278957e0fb2a35119ac47ea41827a65301213c810b?s=96&d=mm&r=g\",\"url\":\"https:\\\/\\\/secure.gravatar.com\\\/avatar\\\/5964256d6c6957de3a3505278957e0fb2a35119ac47ea41827a65301213c810b?s=96&d=mm&r=g\",\"contentUrl\":\"https:\\\/\\\/secure.gravatar.com\\\/avatar\\\/5964256d6c6957de3a3505278957e0fb2a35119ac47ea41827a65301213c810b?s=96&d=mm&r=g\",\"caption\":\"Jacqueline ROTEN\"}}]}<\/script>\n<!-- \/ Yoast SEO plugin. -->","yoast_head_json":{"title":"Loeb, Robert (1903-1965) - Institut Europ\u00e9en des Musiques Juives","robots":{"index":"index","follow":"follow","max-snippet":"max-snippet:-1","max-image-preview":"max-image-preview:large","max-video-preview":"max-video-preview:-1"},"canonical":"https:\/\/www.iemj.org\/it\/loeb-robert-1903-1965\/","og_locale":"it_IT","og_type":"article","og_title":"Loeb, Robert (1903-1965) - Institut Europ\u00e9en des Musiques Juives","og_description":"Robert LOEB (il cui nome ebraico \u00e8 Eliezer Ben Hachover Mosch\u00e9) \u00e8 nato il 7 aprile 1903 a Basilea, in Svizzera, da genitori alsaziani, Moise Loeb, nato a Duppigheim e","og_url":"https:\/\/www.iemj.org\/it\/loeb-robert-1903-1965\/","og_site_name":"Institut Europ\u00e9en des Musiques Juives","article_publisher":"https:\/\/www.facebook.com\/MusiquesJuives\/","article_published_time":"2020-10-13T09:15:23+00:00","article_modified_time":"2022-09-12T15:32:44+00:00","og_image":[{"width":169,"height":218,"url":"https:\/\/www.iemj.org\/wp-content\/uploads\/2020\/10\/arton4803-e1625057730638.jpg","type":"image\/jpeg"}],"author":"Jacqueline ROTEN","twitter_card":"summary_large_image","twitter_misc":{"Scritto da":"Jacqueline ROTEN","Tempo di lettura stimato":"3 minuti"},"schema":{"@context":"https:\/\/schema.org","@graph":[{"@type":"Article","@id":"https:\/\/www.iemj.org\/it\/loeb-robert-1903-1965\/#article","isPartOf":{"@id":"https:\/\/www.iemj.org\/it\/loeb-robert-1903-1965\/"},"author":{"name":"Jacqueline ROTEN","@id":"https:\/\/www.iemj.org\/it\/#\/schema\/person\/358e26c18aca017fcc4cc15437f7279c"},"headline":"Loeb, Robert (1903-1965)","datePublished":"2020-10-13T09:15:23+00:00","dateModified":"2022-09-12T15:32:44+00:00","mainEntityOfPage":{"@id":"https:\/\/www.iemj.org\/it\/loeb-robert-1903-1965\/"},"wordCount":422,"publisher":{"@id":"https:\/\/www.iemj.org\/it\/#organization"},"image":{"@id":"https:\/\/www.iemj.org\/it\/loeb-robert-1903-1965\/#primaryimage"},"thumbnailUrl":"https:\/\/www.iemj.org\/wp-content\/uploads\/2020\/10\/arton4803-e1625057730638.jpg","articleSection":["Biografie"],"inLanguage":"it-IT"},{"@type":"WebPage","@id":"https:\/\/www.iemj.org\/it\/loeb-robert-1903-1965\/","url":"https:\/\/www.iemj.org\/it\/loeb-robert-1903-1965\/","name":"Loeb, Robert (1903-1965) - Institut Europ\u00e9en des Musiques Juives","isPartOf":{"@id":"https:\/\/www.iemj.org\/it\/#website"},"primaryImageOfPage":{"@id":"https:\/\/www.iemj.org\/it\/loeb-robert-1903-1965\/#primaryimage"},"image":{"@id":"https:\/\/www.iemj.org\/it\/loeb-robert-1903-1965\/#primaryimage"},"thumbnailUrl":"https:\/\/www.iemj.org\/wp-content\/uploads\/2020\/10\/arton4803-e1625057730638.jpg","datePublished":"2020-10-13T09:15:23+00:00","dateModified":"2022-09-12T15:32:44+00:00","breadcrumb":{"@id":"https:\/\/www.iemj.org\/it\/loeb-robert-1903-1965\/#breadcrumb"},"inLanguage":"it-IT","potentialAction":[{"@type":"ReadAction","target":["https:\/\/www.iemj.org\/it\/loeb-robert-1903-1965\/"]}]},{"@type":"ImageObject","inLanguage":"it-IT","@id":"https:\/\/www.iemj.org\/it\/loeb-robert-1903-1965\/#primaryimage","url":"https:\/\/www.iemj.org\/wp-content\/uploads\/2020\/10\/arton4803-e1625057730638.jpg","contentUrl":"https:\/\/www.iemj.org\/wp-content\/uploads\/2020\/10\/arton4803-e1625057730638.jpg","width":169,"height":218},{"@type":"BreadcrumbList","@id":"https:\/\/www.iemj.org\/it\/loeb-robert-1903-1965\/#breadcrumb","itemListElement":[{"@type":"ListItem","position":1,"name":"Accueil","item":"https:\/\/www.iemj.org\/it\/"},{"@type":"ListItem","position":2,"name":"Loeb, Robert (1903-1965)"}]},{"@type":"WebSite","@id":"https:\/\/www.iemj.org\/it\/#website","url":"https:\/\/www.iemj.org\/it\/","name":"Institut Europ\u00e9en des Musiques Juives","description":"Des traditions musicales \u00e0 la port\u00e9e de tous","publisher":{"@id":"https:\/\/www.iemj.org\/it\/#organization"},"potentialAction":[{"@type":"SearchAction","target":{"@type":"EntryPoint","urlTemplate":"https:\/\/www.iemj.org\/it\/?s={search_term_string}"},"query-input":{"@type":"PropertyValueSpecification","valueRequired":true,"valueName":"search_term_string"}}],"inLanguage":"it-IT"},{"@type":"Organization","@id":"https:\/\/www.iemj.org\/it\/#organization","name":"Institut Europ\u00e9en des Musiques Juives","url":"https:\/\/www.iemj.org\/it\/","logo":{"@type":"ImageObject","inLanguage":"it-IT","@id":"https:\/\/www.iemj.org\/it\/#\/schema\/logo\/image\/","url":"https:\/\/www.iemj.org\/wp-content\/uploads\/2021\/09\/Logo-IEMJ-Paypal.jpg","contentUrl":"https:\/\/www.iemj.org\/wp-content\/uploads\/2021\/09\/Logo-IEMJ-Paypal.jpg","width":150,"height":50,"caption":"Institut Europ\u00e9en des Musiques Juives"},"image":{"@id":"https:\/\/www.iemj.org\/it\/#\/schema\/logo\/image\/"},"sameAs":["https:\/\/www.facebook.com\/MusiquesJuives\/","https:\/\/www.instagram.com\/musiquesjuives\/","https:\/\/www.youtube.com\/user\/musiquesjuives"]},{"@type":"Person","@id":"https:\/\/www.iemj.org\/it\/#\/schema\/person\/358e26c18aca017fcc4cc15437f7279c","name":"Jacqueline ROTEN","image":{"@type":"ImageObject","inLanguage":"it-IT","@id":"https:\/\/secure.gravatar.com\/avatar\/5964256d6c6957de3a3505278957e0fb2a35119ac47ea41827a65301213c810b?s=96&d=mm&r=g","url":"https:\/\/secure.gravatar.com\/avatar\/5964256d6c6957de3a3505278957e0fb2a35119ac47ea41827a65301213c810b?s=96&d=mm&r=g","contentUrl":"https:\/\/secure.gravatar.com\/avatar\/5964256d6c6957de3a3505278957e0fb2a35119ac47ea41827a65301213c810b?s=96&d=mm&r=g","caption":"Jacqueline ROTEN"}}]}},"_links":{"self":[{"href":"https:\/\/www.iemj.org\/it\/wp-json\/wp\/v2\/posts\/86969","targetHints":{"allow":["GET"]}}],"collection":[{"href":"https:\/\/www.iemj.org\/it\/wp-json\/wp\/v2\/posts"}],"about":[{"href":"https:\/\/www.iemj.org\/it\/wp-json\/wp\/v2\/types\/post"}],"author":[{"embeddable":true,"href":"https:\/\/www.iemj.org\/it\/wp-json\/wp\/v2\/users\/5"}],"replies":[{"embeddable":true,"href":"https:\/\/www.iemj.org\/it\/wp-json\/wp\/v2\/comments?post=86969"}],"version-history":[{"count":0,"href":"https:\/\/www.iemj.org\/it\/wp-json\/wp\/v2\/posts\/86969\/revisions"}],"wp:featuredmedia":[{"embeddable":true,"href":"https:\/\/www.iemj.org\/it\/wp-json\/wp\/v2\/media\/52129"}],"wp:attachment":[{"href":"https:\/\/www.iemj.org\/it\/wp-json\/wp\/v2\/media?parent=86969"}],"wp:term":[{"taxonomy":"category","embeddable":true,"href":"https:\/\/www.iemj.org\/it\/wp-json\/wp\/v2\/categories?post=86969"},{"taxonomy":"post_tag","embeddable":true,"href":"https:\/\/www.iemj.org\/it\/wp-json\/wp\/v2\/tags?post=86969"},{"taxonomy":"technique","embeddable":true,"href":"https:\/\/www.iemj.org\/it\/wp-json\/wp\/v2\/technique?post=86969"},{"taxonomy":"squelettes","embeddable":true,"href":"https:\/\/www.iemj.org\/it\/wp-json\/wp\/v2\/squelettes?post=86969"},{"taxonomy":"sujet","embeddable":true,"href":"https:\/\/www.iemj.org\/it\/wp-json\/wp\/v2\/sujet?post=86969"},{"taxonomy":"formation","embeddable":true,"href":"https:\/\/www.iemj.org\/it\/wp-json\/wp\/v2\/formation?post=86969"},{"taxonomy":"genre","embeddable":true,"href":"https:\/\/www.iemj.org\/it\/wp-json\/wp\/v2\/genre?post=86969"},{"taxonomy":"fonds","embeddable":true,"href":"https:\/\/www.iemj.org\/it\/wp-json\/wp\/v2\/fonds?post=86969"},{"taxonomy":"tradition","embeddable":true,"href":"https:\/\/www.iemj.org\/it\/wp-json\/wp\/v2\/tradition?post=86969"},{"taxonomy":"type-de-contenu","embeddable":true,"href":"https:\/\/www.iemj.org\/it\/wp-json\/wp\/v2\/type-de-contenu?post=86969"},{"taxonomy":"interprete-compositeur","embeddable":true,"href":"https:\/\/www.iemj.org\/it\/wp-json\/wp\/v2\/interprete-compositeur?post=86969"},{"taxonomy":"frise","embeddable":true,"href":"https:\/\/www.iemj.org\/it\/wp-json\/wp\/v2\/frise?post=86969"},{"taxonomy":"type-devenement","embeddable":true,"href":"https:\/\/www.iemj.org\/it\/wp-json\/wp\/v2\/type-devenement?post=86969"},{"taxonomy":"tableaux-liens-externes","embeddable":true,"href":"https:\/\/www.iemj.org\/it\/wp-json\/wp\/v2\/tableaux-liens-externes?post=86969"}],"curies":[{"name":"wp","href":"https:\/\/api.w.org\/{rel}","templated":true}]}}