{"id":86992,"date":"2013-02-17T13:41:55","date_gmt":"2013-02-17T12:41:55","guid":{"rendered":"https:\/\/www.iemj.org\/heymann-michel-1952\/"},"modified":"2025-03-31T10:45:20","modified_gmt":"2025-03-31T08:45:20","slug":"heymann-michel-1952","status":"publish","type":"post","link":"https:\/\/www.iemj.org\/it\/heymann-michel-1952\/","title":{"rendered":"Heymann, Michel (1952)"},"content":{"rendered":"<p>Nato il 25 aprile 1952 a Strasburgo, Michel Heymann \u00e8 l&#8217;ultimo studente, prima della sua chiusura definitiva, della Scuola dei Ministri Officianti a Parigi, ma \u00e8 prima di tutto allievo del Sig. <a href=\"http:\/\/www.judaisme-alsalor.fr\/histoire\/rabbins\/hazanim\/bjoseph.htm\" target=\"_blank\" rel=\"noopener\">Bertrand Joseph<\/a> \u05d6\u201d\u05dc ex ministro officiante a Strasburgo che instilla in lui l&#8217;arte sinagogale ed il senso di responsabilit\u00e0 inerente a questa funzione.<\/p>\n<p>Nel 1969, fin dall&#8217;et\u00e0 di 17 anni, assiste o sostituisce dei cantori a Ingwiller, S\u00e9lestat, Troyes, Metz e Thionville.<\/p>\n<p>All&#8217;et\u00e0 di 21 anni, nel settembre 1973, \u00e8 nominato ad Haguenau. Dopo sette anni lascia questo incarico per accettare nell&#8217;ottobre 1980 quello di Mulhouse. Officier\u00e0 per dodici anni in questa citt\u00e0 e registrer\u00e0 cassette e compact disc per preservare la liturgia dell&#8217;Alsazia. Nel dicembre 1991 il Ministro francese della Cultura e della Comunicazione gli conferisce la Medaglia d&#8217;Onore delle Societ\u00e0 Musicali e Corali in riconoscimento del lavoro svolto nel campo della liturgia e delle corali da lui create.<\/p>\n<p>Michel Heymann ha formato degli studenti per le comunit\u00e0 dell\u2019Est della Francia. \u00c8 uno degli ultimi detentori della liturgia ashkenazita specifica della Valle del Reno ed in particolare delle regioni dell&#8217;Alsazia e della Lorena.<\/p>\n<p>Nell&#8217;agosto 2001 \u00e8 nominato Presidente dell&#8217;Associazione dei Ministri officianti dell&#8217;Alsazia e della Lorena.<\/p>\n<p>Dall&#8217;agosto 1992 Michel Heymann \u00e8 ministro officiante della Comunit\u00e0 ebraica del Lussemburgo. Vi ha creato una nuova corale che a volte lo accompagna durante le funzioni dello Shabbat e delle feste. E\u2019 spesso chiamato in Francia e all&#8217;estero per partecipare a delle cerimonie ufficiali o a dei concerti. Si \u00e8 ritirato nell&#8217;aprile 2017, ma continua a esibirsi occasionalmente in Lussemburgo e nelle comunit\u00e0 che lo invitano. Dal luglio 2017 dirige il <a href=\"http:\/\/www.judaisme-alsalor.fr\/histoire\/villes\/nancy\/\/chorale.htm\" target=\"_blank\" rel=\"noopener\">coro della sinagoga di Nancy<\/a>.<\/p>\n<p>Nel dicembre 2022, Michel Heymann ha donato i suoi archivi musicali all&#8217;Istituto europeo di musica ebraica.<\/p>\n<p>Michel Heymann ha cantato con alcuni dei pi\u00f9 famosi hazanim come Estrongo Nachama \u05d6\u201d\u05dc (Berlino) Moch\u00e9 Stern (USA) Adolphe Attia (Parigi) Benjamin Muller (Anversa) Benzion Miller (USA) Rapha\u00ebl Cohen (Parigi) e delle grandi corali tra le quali quella della Grande Sinagoga di Strasburgo, l&#8217;Ensemble Vocale di Musica Ebraica sempre di Strasburgo con i suoi sessanta coristi, la corale della Sinagoga della Vittoria di Parigi e la corale dei Hazanim di Gerusalemme.<\/p>\n<ul>\n<li><a href=\"http:\/\/www.rachelnet.net\/F\/?func=find-c&amp;ccl_term=WHOL+%3D+Michel+Heymann&amp;local_base=iemcg\" target=\"_blank\" rel=\"noopener\">Consultare la collezione Michel Heymann<\/a><\/li>\n<li><a href=\"http:\/\/www.rachelnet.net\/F\/?func=find-c&amp;ccl_term=WAMS+%3D+Michel+Heymann&amp;local_base=iemcg\" target=\"_blank\" rel=\"noopener\">Visualizza i documenti audio e video di Michel Heymann<\/a><\/li>\n<li><a href=\"https:\/\/www.iemj.org\/it\/michel-heymann-et-la-liturgie-ashkenaze-de-la-vallee-du-rhin\/\" target=\"_blank\" rel=\"noopener\">Guarda il video\u00a0<em>Michel Heymann e la liturgia ashkenazita della Valle del Reno<\/em>\u00a0<\/a><\/li>\n<li><a href=\"http:\/\/www.judaisme-alsalor.fr\/histoire\/rabbins\/hazanim\/heyman.htm\" target=\"_blank\" rel=\"noopener\">Saperne di pi\u00f9 su Michel Heymann ed ascoltare dei pezzi online<\/a><\/li>\n<\/ul>\n\n\n<p><\/p>\n","protected":false},"excerpt":{"rendered":"<p>Nato il 25 aprile 1952 a Strasburgo, Michel Heymann \u00e8 l&#8217;ultimo studente, prima della sua chiusura definitiva, della Scuola dei Ministri Officianti a Parigi, ma \u00e8 prima di tutto allievo<\/p>\n","protected":false},"author":1045,"featured_media":51917,"comment_status":"closed","ping_status":"open","sticky":false,"template":"","format":"standard","meta":{"_acf_changed":false,"footnotes":""},"categories":[1416],"tags":[],"technique":[],"squelettes":[],"sujet":[2098],"formation":[],"genre":[1892],"fonds":[],"tradition":[1984],"type-de-contenu":[],"interprete-compositeur":[3271],"frise":[],"type-devenement":[],"tableaux-liens-externes":[],"class_list":["post-86992","post","type-post","status-publish","format-standard","has-post-thumbnail","hentry","category-biografie-it","sujet-alsazia-lorena-it","genre-liturgia-it","tradition-rito-ashkenazita-it","interprete-compositeur-michel-heymann-it"],"acf":[],"yoast_head":"<!-- This site is optimized with the Yoast SEO plugin v27.3 - https:\/\/yoast.com\/product\/yoast-seo-wordpress\/ -->\n<title>Heymann, Michel (1952) - Institut Europ\u00e9en des Musiques Juives<\/title>\n<meta name=\"robots\" content=\"index, follow, max-snippet:-1, max-image-preview:large, max-video-preview:-1\" \/>\n<link rel=\"canonical\" href=\"https:\/\/www.iemj.org\/it\/heymann-michel-1952\/\" \/>\n<meta property=\"og:locale\" content=\"it_IT\" \/>\n<meta property=\"og:type\" content=\"article\" \/>\n<meta property=\"og:title\" content=\"Heymann, Michel (1952) - Institut Europ\u00e9en des Musiques Juives\" \/>\n<meta property=\"og:description\" content=\"Nato il 25 aprile 1952 a Strasburgo, Michel Heymann \u00e8 l&#8217;ultimo studente, prima della sua chiusura definitiva, della Scuola dei Ministri Officianti a Parigi, ma \u00e8 prima di tutto allievo\" \/>\n<meta property=\"og:url\" content=\"https:\/\/www.iemj.org\/it\/heymann-michel-1952\/\" \/>\n<meta property=\"og:site_name\" content=\"Institut Europ\u00e9en des Musiques Juives\" \/>\n<meta property=\"article:publisher\" content=\"https:\/\/www.facebook.com\/MusiquesJuives\/\" \/>\n<meta property=\"article:published_time\" content=\"2013-02-17T12:41:55+00:00\" \/>\n<meta property=\"article:modified_time\" content=\"2025-03-31T08:45:20+00:00\" \/>\n<meta property=\"og:image\" content=\"https:\/\/www.iemj.org\/wp-content\/uploads\/2013\/02\/arton652-e1625044884258.jpg\" \/>\n\t<meta property=\"og:image:width\" content=\"229\" \/>\n\t<meta property=\"og:image:height\" content=\"218\" \/>\n\t<meta property=\"og:image:type\" content=\"image\/jpeg\" \/>\n<meta name=\"author\" content=\"Herv\u00e9 Roten\" \/>\n<meta name=\"twitter:card\" content=\"summary_large_image\" \/>\n<meta name=\"twitter:label1\" content=\"Scritto da\" \/>\n\t<meta name=\"twitter:data1\" content=\"Herv\u00e9 Roten\" \/>\n\t<meta name=\"twitter:label2\" content=\"Tempo di lettura stimato\" \/>\n\t<meta name=\"twitter:data2\" content=\"3 minuti\" \/>\n<script type=\"application\/ld+json\" class=\"yoast-schema-graph\">{\"@context\":\"https:\\\/\\\/schema.org\",\"@graph\":[{\"@type\":\"Article\",\"@id\":\"https:\\\/\\\/www.iemj.org\\\/it\\\/heymann-michel-1952\\\/#article\",\"isPartOf\":{\"@id\":\"https:\\\/\\\/www.iemj.org\\\/it\\\/heymann-michel-1952\\\/\"},\"author\":{\"name\":\"Herv\u00e9 Roten\",\"@id\":\"https:\\\/\\\/www.iemj.org\\\/it\\\/#\\\/schema\\\/person\\\/906134402c29d5c76e7b726261dd4bbd\"},\"headline\":\"Heymann, Michel (1952)\",\"datePublished\":\"2013-02-17T12:41:55+00:00\",\"dateModified\":\"2025-03-31T08:45:20+00:00\",\"mainEntityOfPage\":{\"@id\":\"https:\\\/\\\/www.iemj.org\\\/it\\\/heymann-michel-1952\\\/\"},\"wordCount\":399,\"publisher\":{\"@id\":\"https:\\\/\\\/www.iemj.org\\\/it\\\/#organization\"},\"image\":{\"@id\":\"https:\\\/\\\/www.iemj.org\\\/it\\\/heymann-michel-1952\\\/#primaryimage\"},\"thumbnailUrl\":\"https:\\\/\\\/www.iemj.org\\\/wp-content\\\/uploads\\\/2013\\\/02\\\/arton652-e1625044884258.jpg\",\"articleSection\":[\"Biografie\"],\"inLanguage\":\"it-IT\"},{\"@type\":\"WebPage\",\"@id\":\"https:\\\/\\\/www.iemj.org\\\/it\\\/heymann-michel-1952\\\/\",\"url\":\"https:\\\/\\\/www.iemj.org\\\/it\\\/heymann-michel-1952\\\/\",\"name\":\"Heymann, Michel (1952) - Institut Europ\u00e9en des Musiques Juives\",\"isPartOf\":{\"@id\":\"https:\\\/\\\/www.iemj.org\\\/it\\\/#website\"},\"primaryImageOfPage\":{\"@id\":\"https:\\\/\\\/www.iemj.org\\\/it\\\/heymann-michel-1952\\\/#primaryimage\"},\"image\":{\"@id\":\"https:\\\/\\\/www.iemj.org\\\/it\\\/heymann-michel-1952\\\/#primaryimage\"},\"thumbnailUrl\":\"https:\\\/\\\/www.iemj.org\\\/wp-content\\\/uploads\\\/2013\\\/02\\\/arton652-e1625044884258.jpg\",\"datePublished\":\"2013-02-17T12:41:55+00:00\",\"dateModified\":\"2025-03-31T08:45:20+00:00\",\"breadcrumb\":{\"@id\":\"https:\\\/\\\/www.iemj.org\\\/it\\\/heymann-michel-1952\\\/#breadcrumb\"},\"inLanguage\":\"it-IT\",\"potentialAction\":[{\"@type\":\"ReadAction\",\"target\":[\"https:\\\/\\\/www.iemj.org\\\/it\\\/heymann-michel-1952\\\/\"]}]},{\"@type\":\"ImageObject\",\"inLanguage\":\"it-IT\",\"@id\":\"https:\\\/\\\/www.iemj.org\\\/it\\\/heymann-michel-1952\\\/#primaryimage\",\"url\":\"https:\\\/\\\/www.iemj.org\\\/wp-content\\\/uploads\\\/2013\\\/02\\\/arton652-e1625044884258.jpg\",\"contentUrl\":\"https:\\\/\\\/www.iemj.org\\\/wp-content\\\/uploads\\\/2013\\\/02\\\/arton652-e1625044884258.jpg\",\"width\":229,\"height\":218},{\"@type\":\"BreadcrumbList\",\"@id\":\"https:\\\/\\\/www.iemj.org\\\/it\\\/heymann-michel-1952\\\/#breadcrumb\",\"itemListElement\":[{\"@type\":\"ListItem\",\"position\":1,\"name\":\"Accueil\",\"item\":\"https:\\\/\\\/www.iemj.org\\\/it\\\/\"},{\"@type\":\"ListItem\",\"position\":2,\"name\":\"Heymann, Michel (1952)\"}]},{\"@type\":\"WebSite\",\"@id\":\"https:\\\/\\\/www.iemj.org\\\/it\\\/#website\",\"url\":\"https:\\\/\\\/www.iemj.org\\\/it\\\/\",\"name\":\"Institut Europ\u00e9en des Musiques Juives\",\"description\":\"Des traditions musicales \u00e0 la port\u00e9e de tous\",\"publisher\":{\"@id\":\"https:\\\/\\\/www.iemj.org\\\/it\\\/#organization\"},\"potentialAction\":[{\"@type\":\"SearchAction\",\"target\":{\"@type\":\"EntryPoint\",\"urlTemplate\":\"https:\\\/\\\/www.iemj.org\\\/it\\\/?s={search_term_string}\"},\"query-input\":{\"@type\":\"PropertyValueSpecification\",\"valueRequired\":true,\"valueName\":\"search_term_string\"}}],\"inLanguage\":\"it-IT\"},{\"@type\":\"Organization\",\"@id\":\"https:\\\/\\\/www.iemj.org\\\/it\\\/#organization\",\"name\":\"Institut Europ\u00e9en des Musiques Juives\",\"url\":\"https:\\\/\\\/www.iemj.org\\\/it\\\/\",\"logo\":{\"@type\":\"ImageObject\",\"inLanguage\":\"it-IT\",\"@id\":\"https:\\\/\\\/www.iemj.org\\\/it\\\/#\\\/schema\\\/logo\\\/image\\\/\",\"url\":\"https:\\\/\\\/www.iemj.org\\\/wp-content\\\/uploads\\\/2021\\\/09\\\/Logo-IEMJ-Paypal.jpg\",\"contentUrl\":\"https:\\\/\\\/www.iemj.org\\\/wp-content\\\/uploads\\\/2021\\\/09\\\/Logo-IEMJ-Paypal.jpg\",\"width\":150,\"height\":50,\"caption\":\"Institut Europ\u00e9en des Musiques Juives\"},\"image\":{\"@id\":\"https:\\\/\\\/www.iemj.org\\\/it\\\/#\\\/schema\\\/logo\\\/image\\\/\"},\"sameAs\":[\"https:\\\/\\\/www.facebook.com\\\/MusiquesJuives\\\/\",\"https:\\\/\\\/www.instagram.com\\\/musiquesjuives\\\/\",\"https:\\\/\\\/www.youtube.com\\\/user\\\/musiquesjuives\"]},{\"@type\":\"Person\",\"@id\":\"https:\\\/\\\/www.iemj.org\\\/it\\\/#\\\/schema\\\/person\\\/906134402c29d5c76e7b726261dd4bbd\",\"name\":\"Herv\u00e9 Roten\",\"image\":{\"@type\":\"ImageObject\",\"inLanguage\":\"it-IT\",\"@id\":\"https:\\\/\\\/secure.gravatar.com\\\/avatar\\\/f96ad2db538a26481f18384936b5cd0610c92d390c4dc382209216d455f685ff?s=96&d=mm&r=g\",\"url\":\"https:\\\/\\\/secure.gravatar.com\\\/avatar\\\/f96ad2db538a26481f18384936b5cd0610c92d390c4dc382209216d455f685ff?s=96&d=mm&r=g\",\"contentUrl\":\"https:\\\/\\\/secure.gravatar.com\\\/avatar\\\/f96ad2db538a26481f18384936b5cd0610c92d390c4dc382209216d455f685ff?s=96&d=mm&r=g\",\"caption\":\"Herv\u00e9 Roten\"}}]}<\/script>\n<!-- \/ Yoast SEO plugin. -->","yoast_head_json":{"title":"Heymann, Michel (1952) - Institut Europ\u00e9en des Musiques Juives","robots":{"index":"index","follow":"follow","max-snippet":"max-snippet:-1","max-image-preview":"max-image-preview:large","max-video-preview":"max-video-preview:-1"},"canonical":"https:\/\/www.iemj.org\/it\/heymann-michel-1952\/","og_locale":"it_IT","og_type":"article","og_title":"Heymann, Michel (1952) - Institut Europ\u00e9en des Musiques Juives","og_description":"Nato il 25 aprile 1952 a Strasburgo, Michel Heymann \u00e8 l&#8217;ultimo studente, prima della sua chiusura definitiva, della Scuola dei Ministri Officianti a Parigi, ma \u00e8 prima di tutto allievo","og_url":"https:\/\/www.iemj.org\/it\/heymann-michel-1952\/","og_site_name":"Institut Europ\u00e9en des Musiques Juives","article_publisher":"https:\/\/www.facebook.com\/MusiquesJuives\/","article_published_time":"2013-02-17T12:41:55+00:00","article_modified_time":"2025-03-31T08:45:20+00:00","og_image":[{"width":229,"height":218,"url":"https:\/\/www.iemj.org\/wp-content\/uploads\/2013\/02\/arton652-e1625044884258.jpg","type":"image\/jpeg"}],"author":"Herv\u00e9 Roten","twitter_card":"summary_large_image","twitter_misc":{"Scritto da":"Herv\u00e9 Roten","Tempo di lettura stimato":"3 minuti"},"schema":{"@context":"https:\/\/schema.org","@graph":[{"@type":"Article","@id":"https:\/\/www.iemj.org\/it\/heymann-michel-1952\/#article","isPartOf":{"@id":"https:\/\/www.iemj.org\/it\/heymann-michel-1952\/"},"author":{"name":"Herv\u00e9 Roten","@id":"https:\/\/www.iemj.org\/it\/#\/schema\/person\/906134402c29d5c76e7b726261dd4bbd"},"headline":"Heymann, Michel (1952)","datePublished":"2013-02-17T12:41:55+00:00","dateModified":"2025-03-31T08:45:20+00:00","mainEntityOfPage":{"@id":"https:\/\/www.iemj.org\/it\/heymann-michel-1952\/"},"wordCount":399,"publisher":{"@id":"https:\/\/www.iemj.org\/it\/#organization"},"image":{"@id":"https:\/\/www.iemj.org\/it\/heymann-michel-1952\/#primaryimage"},"thumbnailUrl":"https:\/\/www.iemj.org\/wp-content\/uploads\/2013\/02\/arton652-e1625044884258.jpg","articleSection":["Biografie"],"inLanguage":"it-IT"},{"@type":"WebPage","@id":"https:\/\/www.iemj.org\/it\/heymann-michel-1952\/","url":"https:\/\/www.iemj.org\/it\/heymann-michel-1952\/","name":"Heymann, Michel (1952) - Institut Europ\u00e9en des Musiques Juives","isPartOf":{"@id":"https:\/\/www.iemj.org\/it\/#website"},"primaryImageOfPage":{"@id":"https:\/\/www.iemj.org\/it\/heymann-michel-1952\/#primaryimage"},"image":{"@id":"https:\/\/www.iemj.org\/it\/heymann-michel-1952\/#primaryimage"},"thumbnailUrl":"https:\/\/www.iemj.org\/wp-content\/uploads\/2013\/02\/arton652-e1625044884258.jpg","datePublished":"2013-02-17T12:41:55+00:00","dateModified":"2025-03-31T08:45:20+00:00","breadcrumb":{"@id":"https:\/\/www.iemj.org\/it\/heymann-michel-1952\/#breadcrumb"},"inLanguage":"it-IT","potentialAction":[{"@type":"ReadAction","target":["https:\/\/www.iemj.org\/it\/heymann-michel-1952\/"]}]},{"@type":"ImageObject","inLanguage":"it-IT","@id":"https:\/\/www.iemj.org\/it\/heymann-michel-1952\/#primaryimage","url":"https:\/\/www.iemj.org\/wp-content\/uploads\/2013\/02\/arton652-e1625044884258.jpg","contentUrl":"https:\/\/www.iemj.org\/wp-content\/uploads\/2013\/02\/arton652-e1625044884258.jpg","width":229,"height":218},{"@type":"BreadcrumbList","@id":"https:\/\/www.iemj.org\/it\/heymann-michel-1952\/#breadcrumb","itemListElement":[{"@type":"ListItem","position":1,"name":"Accueil","item":"https:\/\/www.iemj.org\/it\/"},{"@type":"ListItem","position":2,"name":"Heymann, Michel (1952)"}]},{"@type":"WebSite","@id":"https:\/\/www.iemj.org\/it\/#website","url":"https:\/\/www.iemj.org\/it\/","name":"Institut Europ\u00e9en des Musiques Juives","description":"Des traditions musicales \u00e0 la port\u00e9e de tous","publisher":{"@id":"https:\/\/www.iemj.org\/it\/#organization"},"potentialAction":[{"@type":"SearchAction","target":{"@type":"EntryPoint","urlTemplate":"https:\/\/www.iemj.org\/it\/?s={search_term_string}"},"query-input":{"@type":"PropertyValueSpecification","valueRequired":true,"valueName":"search_term_string"}}],"inLanguage":"it-IT"},{"@type":"Organization","@id":"https:\/\/www.iemj.org\/it\/#organization","name":"Institut Europ\u00e9en des Musiques Juives","url":"https:\/\/www.iemj.org\/it\/","logo":{"@type":"ImageObject","inLanguage":"it-IT","@id":"https:\/\/www.iemj.org\/it\/#\/schema\/logo\/image\/","url":"https:\/\/www.iemj.org\/wp-content\/uploads\/2021\/09\/Logo-IEMJ-Paypal.jpg","contentUrl":"https:\/\/www.iemj.org\/wp-content\/uploads\/2021\/09\/Logo-IEMJ-Paypal.jpg","width":150,"height":50,"caption":"Institut Europ\u00e9en des Musiques Juives"},"image":{"@id":"https:\/\/www.iemj.org\/it\/#\/schema\/logo\/image\/"},"sameAs":["https:\/\/www.facebook.com\/MusiquesJuives\/","https:\/\/www.instagram.com\/musiquesjuives\/","https:\/\/www.youtube.com\/user\/musiquesjuives"]},{"@type":"Person","@id":"https:\/\/www.iemj.org\/it\/#\/schema\/person\/906134402c29d5c76e7b726261dd4bbd","name":"Herv\u00e9 Roten","image":{"@type":"ImageObject","inLanguage":"it-IT","@id":"https:\/\/secure.gravatar.com\/avatar\/f96ad2db538a26481f18384936b5cd0610c92d390c4dc382209216d455f685ff?s=96&d=mm&r=g","url":"https:\/\/secure.gravatar.com\/avatar\/f96ad2db538a26481f18384936b5cd0610c92d390c4dc382209216d455f685ff?s=96&d=mm&r=g","contentUrl":"https:\/\/secure.gravatar.com\/avatar\/f96ad2db538a26481f18384936b5cd0610c92d390c4dc382209216d455f685ff?s=96&d=mm&r=g","caption":"Herv\u00e9 Roten"}}]}},"_links":{"self":[{"href":"https:\/\/www.iemj.org\/it\/wp-json\/wp\/v2\/posts\/86992","targetHints":{"allow":["GET"]}}],"collection":[{"href":"https:\/\/www.iemj.org\/it\/wp-json\/wp\/v2\/posts"}],"about":[{"href":"https:\/\/www.iemj.org\/it\/wp-json\/wp\/v2\/types\/post"}],"author":[{"embeddable":true,"href":"https:\/\/www.iemj.org\/it\/wp-json\/wp\/v2\/users\/1045"}],"replies":[{"embeddable":true,"href":"https:\/\/www.iemj.org\/it\/wp-json\/wp\/v2\/comments?post=86992"}],"version-history":[{"count":0,"href":"https:\/\/www.iemj.org\/it\/wp-json\/wp\/v2\/posts\/86992\/revisions"}],"wp:featuredmedia":[{"embeddable":true,"href":"https:\/\/www.iemj.org\/it\/wp-json\/wp\/v2\/media\/51917"}],"wp:attachment":[{"href":"https:\/\/www.iemj.org\/it\/wp-json\/wp\/v2\/media?parent=86992"}],"wp:term":[{"taxonomy":"category","embeddable":true,"href":"https:\/\/www.iemj.org\/it\/wp-json\/wp\/v2\/categories?post=86992"},{"taxonomy":"post_tag","embeddable":true,"href":"https:\/\/www.iemj.org\/it\/wp-json\/wp\/v2\/tags?post=86992"},{"taxonomy":"technique","embeddable":true,"href":"https:\/\/www.iemj.org\/it\/wp-json\/wp\/v2\/technique?post=86992"},{"taxonomy":"squelettes","embeddable":true,"href":"https:\/\/www.iemj.org\/it\/wp-json\/wp\/v2\/squelettes?post=86992"},{"taxonomy":"sujet","embeddable":true,"href":"https:\/\/www.iemj.org\/it\/wp-json\/wp\/v2\/sujet?post=86992"},{"taxonomy":"formation","embeddable":true,"href":"https:\/\/www.iemj.org\/it\/wp-json\/wp\/v2\/formation?post=86992"},{"taxonomy":"genre","embeddable":true,"href":"https:\/\/www.iemj.org\/it\/wp-json\/wp\/v2\/genre?post=86992"},{"taxonomy":"fonds","embeddable":true,"href":"https:\/\/www.iemj.org\/it\/wp-json\/wp\/v2\/fonds?post=86992"},{"taxonomy":"tradition","embeddable":true,"href":"https:\/\/www.iemj.org\/it\/wp-json\/wp\/v2\/tradition?post=86992"},{"taxonomy":"type-de-contenu","embeddable":true,"href":"https:\/\/www.iemj.org\/it\/wp-json\/wp\/v2\/type-de-contenu?post=86992"},{"taxonomy":"interprete-compositeur","embeddable":true,"href":"https:\/\/www.iemj.org\/it\/wp-json\/wp\/v2\/interprete-compositeur?post=86992"},{"taxonomy":"frise","embeddable":true,"href":"https:\/\/www.iemj.org\/it\/wp-json\/wp\/v2\/frise?post=86992"},{"taxonomy":"type-devenement","embeddable":true,"href":"https:\/\/www.iemj.org\/it\/wp-json\/wp\/v2\/type-devenement?post=86992"},{"taxonomy":"tableaux-liens-externes","embeddable":true,"href":"https:\/\/www.iemj.org\/it\/wp-json\/wp\/v2\/tableaux-liens-externes?post=86992"}],"curies":[{"name":"wp","href":"https:\/\/api.w.org\/{rel}","templated":true}]}}