{"id":87422,"date":"2015-12-14T16:18:42","date_gmt":"2015-12-14T15:18:42","guid":{"rendered":"https:\/\/www.iemj.org\/chalude-jacques-dit-ben-baruch-1914-1997\/"},"modified":"2022-09-18T20:18:03","modified_gmt":"2022-09-18T18:18:03","slug":"chalude-jacques-dit-ben-baruch-1914-1997","status":"publish","type":"post","link":"https:\/\/www.iemj.org\/it\/chalude-jacques-dit-ben-baruch-1914-1997\/","title":{"rendered":"Chalude, Jacques, detto Ben Baruch (1914-1997)"},"content":{"rendered":"<p>Yitshak Zaludkowski, suo nome di nascita, nasce il 20 settembre 1914 a Staeiszyn, nella regione di Kalisz (Polonia), in una famiglia religiosa. Suo padre e suo zio sono entrambi cantori e, quando la sua famiglia si trasferisce a Bruxelles nel 1919, inizia a studiare canto. Nel 1936 conosce Josette Kon, che talvolta lo accompagna al pianoforte, e diventa sua moglie con matrimonio civile nel 1943 (a Lione). Nel 1940, poco dopo l&#8217;invasione tedesca del Belgio, la famiglia si esilia in Francia. La coppia risiede a Lione fino al settembre 1944.<\/p>\n<p>Durante la guerra, sotto il nome di Jacques Chalude, studia canto classico e canta come solista nella sinagoga (1941). In quel periodo incontra il musicologo e compositore L\u00e9on Algazi. Durante la guerra fa numerose tourn\u00e9e, interpretando vari ruoli operistici. Non appena finita la guerra, Jacques Chalude si reca a Parigi, dove nel 1944 diventa solista alla Radiodiffusione Francese. Nel 1945 nasce il primo figlio. E\u2019 anche in questo periodo che l&#8217;artista \u00e8 assunto per due anni all&#8217;Habibi Club di Parigi per interpretare un popolare repertorio ebraico. Nel 1947 entra a far parte dell&#8217;Unione Nazionale degli Artisti. L&#8217;anno 1952 vede la nascita del suo secondo figlio. Da quella data la moglie smette di accompagnarlo al pianoforte. Sceglie allora di privilegiare il repertorio tradizionale e religioso all&#8217;opera. Fa domanda di naturalizzazione nel 1954 e adotta definitivamente il nome di Chalude.<\/p>\n<p>Fino al 1975 circa, Jacques Chalude si esibisce come cantore, in particolare nella sinagoga di Notre-Dame-de-Nazareth. Collabora anche con L\u00e9on Algazi. Il suo repertorio musicale si ispira a quello del padre e dello zio, oltre che ai cantori della Polonia. Nel 1976 entra in disaccordo con il Concistoro e abbandona le sue funzioni di cantore. Muore a Parigi nel 1997.<\/p>\n<p><a href=\"https:\/\/www.iemj.org\/it\/produit\/casket-of-the-jewish-musics-in-paris-in-the-aftermath-of-ww-ii\/\" target=\"_blank\" rel=\"noopener\">Ordinare il CD Musiche ebraiche nella Parigi del dopo guerra \u2013 Elesdisc 1948-1953.<\/a><\/p>\n<p><a href=\"http:\/\/www.rachelnet.net\/F\/?func=find-c&amp;ccl_term=WRD+%3D+Chalude&amp;local_base=iemcg\" target=\"_blank\" rel=\"noopener\">Consultare i nostri archivi su Ben Baruch<\/a><\/p>\n<p><img fetchpriority=\"high\" decoding=\"async\" class=\" aligncenter size-full wp-image-8235\" src=\"https:\/\/www.iemj.org\/wp-content\/uploads\/2015\/12\/ben_baruch_site_2-2.png\" alt=\"ben_baruch_site_2-2.png\" width=\"933\" height=\"540\" align=\"middle\"><\/p>\n\n\n<div class=\"wp-block-columns is-layout-flex wp-container-core-columns-is-layout-9d6595d7 wp-block-columns-is-layout-flex\">\n<div class=\"wp-block-column is-layout-flow wp-block-column-is-layout-flow\"><\/div>\n<\/div>\n\n\n\n<figure class=\"wp-block-embed is-type-video is-provider-youtube wp-block-embed-youtube wp-embed-aspect-4-3 wp-has-aspect-ratio\"><div class=\"wp-block-embed__wrapper\">\n<iframe title=\"Musiques juives dans le Paris d&#039;apr\u00e8s-guerre\" width=\"640\" height=\"480\" src=\"https:\/\/www.youtube.com\/embed\/NxMq-4u_3kM?feature=oembed\" frameborder=\"0\" allow=\"accelerometer; autoplay; clipboard-write; encrypted-media; gyroscope; picture-in-picture; web-share\" referrerpolicy=\"strict-origin-when-cross-origin\" allowfullscreen><\/iframe>\n<\/div><figcaption>Introduzione: Warsche di Benny Bell <br><a href=\"https:\/\/www.youtube.com\/watch?v=NxMq-4u_3kM&amp;t=87s\">01:27<\/a>\u200b Dave Cash <br><a href=\"https:\/\/www.youtube.com\/watch?v=NxMq-4u_3kM&amp;t=228s\">03:48<\/a>\u200b Bernard Potock <br><a href=\"https:\/\/www.youtube.com\/watch?v=NxMq-4u_3kM&amp;t=358s\">05:58<\/a>\u200b Sarah Gorby <br><a href=\"https:\/\/www.youtube.com\/watch?v=NxMq-4u_3kM&amp;t=507s\">08:27<\/a>\u200b Ben Baruch <br><a href=\"https:\/\/www.youtube.com\/watch?v=NxMq-4u_3kM&amp;t=724s\">12:04<\/a>\u200b Henri Gerro <br><a href=\"https:\/\/www.youtube.com\/watch?v=NxMq-4u_3kM&amp;t=938s\">15:38<\/a>\u200b Richard Inger <br><a href=\"https:\/\/www.youtube.com\/watch?v=NxMq-4u_3kM&amp;t=1142s\">19:02<\/a>\u200b Gli altri artisti della casa discografica<\/figcaption><\/figure>\n\n\n\n<p><\/p>\n","protected":false},"excerpt":{"rendered":"<p>Yitshak Zaludkowski, suo nome di nascita, nasce il 20 settembre 1914 a Staeiszyn, nella regione di Kalisz (Polonia), in una famiglia religiosa. Suo padre e suo zio sono entrambi cantori<\/p>\n","protected":false},"author":1052,"featured_media":51558,"comment_status":"closed","ping_status":"open","sticky":false,"template":"","format":"standard","meta":{"_acf_changed":false,"footnotes":""},"categories":[1416],"tags":[],"technique":[],"squelettes":[],"sujet":[],"formation":[],"genre":[],"fonds":[],"tradition":[],"type-de-contenu":[],"interprete-compositeur":[3100,3192],"frise":[],"type-devenement":[],"tableaux-liens-externes":[],"class_list":["post-87422","post","type-post","status-publish","format-standard","has-post-thumbnail","hentry","category-biografie-it","interprete-compositeur-ben-baruch-it","interprete-compositeur-jacques-chalude-it"],"acf":[],"yoast_head":"<!-- This site is optimized with the Yoast SEO plugin v27.3 - https:\/\/yoast.com\/product\/yoast-seo-wordpress\/ -->\n<title>Chalude, Jacques, detto Ben Baruch (1914-1997) - Institut Europ\u00e9en des Musiques Juives<\/title>\n<meta name=\"robots\" content=\"index, follow, max-snippet:-1, max-image-preview:large, max-video-preview:-1\" \/>\n<link rel=\"canonical\" href=\"https:\/\/www.iemj.org\/it\/chalude-jacques-dit-ben-baruch-1914-1997\/\" \/>\n<meta property=\"og:locale\" content=\"it_IT\" \/>\n<meta property=\"og:type\" content=\"article\" \/>\n<meta property=\"og:title\" content=\"Chalude, Jacques, detto Ben Baruch (1914-1997) - Institut Europ\u00e9en des Musiques Juives\" \/>\n<meta property=\"og:description\" content=\"Yitshak Zaludkowski, suo nome di nascita, nasce il 20 settembre 1914 a Staeiszyn, nella regione di Kalisz (Polonia), in una famiglia religiosa. Suo padre e suo zio sono entrambi cantori\" \/>\n<meta property=\"og:url\" content=\"https:\/\/www.iemj.org\/it\/chalude-jacques-dit-ben-baruch-1914-1997\/\" \/>\n<meta property=\"og:site_name\" content=\"Institut Europ\u00e9en des Musiques Juives\" \/>\n<meta property=\"article:publisher\" content=\"https:\/\/www.facebook.com\/MusiquesJuives\/\" \/>\n<meta property=\"article:published_time\" content=\"2015-12-14T15:18:42+00:00\" \/>\n<meta property=\"article:modified_time\" content=\"2022-09-18T18:18:03+00:00\" \/>\n<meta property=\"og:image\" content=\"https:\/\/www.iemj.org\/wp-content\/uploads\/2015\/12\/arton1214-e1624970754699.png\" \/>\n\t<meta property=\"og:image:width\" content=\"164\" \/>\n\t<meta property=\"og:image:height\" content=\"218\" \/>\n\t<meta property=\"og:image:type\" content=\"image\/png\" \/>\n<meta name=\"author\" content=\"Lea Couderc\" \/>\n<meta name=\"twitter:card\" content=\"summary_large_image\" \/>\n<meta name=\"twitter:label1\" content=\"Scritto da\" \/>\n\t<meta name=\"twitter:data1\" content=\"Lea Couderc\" \/>\n\t<meta name=\"twitter:label2\" content=\"Tempo di lettura stimato\" \/>\n\t<meta name=\"twitter:data2\" content=\"2 minuti\" \/>\n<script type=\"application\/ld+json\" class=\"yoast-schema-graph\">{\"@context\":\"https:\\\/\\\/schema.org\",\"@graph\":[{\"@type\":\"Article\",\"@id\":\"https:\\\/\\\/www.iemj.org\\\/it\\\/chalude-jacques-dit-ben-baruch-1914-1997\\\/#article\",\"isPartOf\":{\"@id\":\"https:\\\/\\\/www.iemj.org\\\/it\\\/chalude-jacques-dit-ben-baruch-1914-1997\\\/\"},\"author\":{\"name\":\"Lea Couderc\",\"@id\":\"https:\\\/\\\/www.iemj.org\\\/it\\\/#\\\/schema\\\/person\\\/e2ad57f2c4be119c7ed8ab79036807a9\"},\"headline\":\"Chalude, Jacques, detto Ben Baruch (1914-1997)\",\"datePublished\":\"2015-12-14T15:18:42+00:00\",\"dateModified\":\"2022-09-18T18:18:03+00:00\",\"mainEntityOfPage\":{\"@id\":\"https:\\\/\\\/www.iemj.org\\\/it\\\/chalude-jacques-dit-ben-baruch-1914-1997\\\/\"},\"wordCount\":334,\"publisher\":{\"@id\":\"https:\\\/\\\/www.iemj.org\\\/it\\\/#organization\"},\"image\":{\"@id\":\"https:\\\/\\\/www.iemj.org\\\/it\\\/chalude-jacques-dit-ben-baruch-1914-1997\\\/#primaryimage\"},\"thumbnailUrl\":\"https:\\\/\\\/www.iemj.org\\\/wp-content\\\/uploads\\\/2015\\\/12\\\/arton1214-e1624970754699.png\",\"articleSection\":[\"Biografie\"],\"inLanguage\":\"it-IT\"},{\"@type\":\"WebPage\",\"@id\":\"https:\\\/\\\/www.iemj.org\\\/it\\\/chalude-jacques-dit-ben-baruch-1914-1997\\\/\",\"url\":\"https:\\\/\\\/www.iemj.org\\\/it\\\/chalude-jacques-dit-ben-baruch-1914-1997\\\/\",\"name\":\"Chalude, Jacques, detto Ben Baruch (1914-1997) - Institut Europ\u00e9en des Musiques Juives\",\"isPartOf\":{\"@id\":\"https:\\\/\\\/www.iemj.org\\\/it\\\/#website\"},\"primaryImageOfPage\":{\"@id\":\"https:\\\/\\\/www.iemj.org\\\/it\\\/chalude-jacques-dit-ben-baruch-1914-1997\\\/#primaryimage\"},\"image\":{\"@id\":\"https:\\\/\\\/www.iemj.org\\\/it\\\/chalude-jacques-dit-ben-baruch-1914-1997\\\/#primaryimage\"},\"thumbnailUrl\":\"https:\\\/\\\/www.iemj.org\\\/wp-content\\\/uploads\\\/2015\\\/12\\\/arton1214-e1624970754699.png\",\"datePublished\":\"2015-12-14T15:18:42+00:00\",\"dateModified\":\"2022-09-18T18:18:03+00:00\",\"breadcrumb\":{\"@id\":\"https:\\\/\\\/www.iemj.org\\\/it\\\/chalude-jacques-dit-ben-baruch-1914-1997\\\/#breadcrumb\"},\"inLanguage\":\"it-IT\",\"potentialAction\":[{\"@type\":\"ReadAction\",\"target\":[\"https:\\\/\\\/www.iemj.org\\\/it\\\/chalude-jacques-dit-ben-baruch-1914-1997\\\/\"]}]},{\"@type\":\"ImageObject\",\"inLanguage\":\"it-IT\",\"@id\":\"https:\\\/\\\/www.iemj.org\\\/it\\\/chalude-jacques-dit-ben-baruch-1914-1997\\\/#primaryimage\",\"url\":\"https:\\\/\\\/www.iemj.org\\\/wp-content\\\/uploads\\\/2015\\\/12\\\/arton1214-e1624970754699.png\",\"contentUrl\":\"https:\\\/\\\/www.iemj.org\\\/wp-content\\\/uploads\\\/2015\\\/12\\\/arton1214-e1624970754699.png\",\"width\":164,\"height\":218},{\"@type\":\"BreadcrumbList\",\"@id\":\"https:\\\/\\\/www.iemj.org\\\/it\\\/chalude-jacques-dit-ben-baruch-1914-1997\\\/#breadcrumb\",\"itemListElement\":[{\"@type\":\"ListItem\",\"position\":1,\"name\":\"Accueil\",\"item\":\"https:\\\/\\\/www.iemj.org\\\/it\\\/\"},{\"@type\":\"ListItem\",\"position\":2,\"name\":\"Chalude, Jacques, detto Ben Baruch (1914-1997)\"}]},{\"@type\":\"WebSite\",\"@id\":\"https:\\\/\\\/www.iemj.org\\\/it\\\/#website\",\"url\":\"https:\\\/\\\/www.iemj.org\\\/it\\\/\",\"name\":\"Institut Europ\u00e9en des Musiques Juives\",\"description\":\"Des traditions musicales \u00e0 la port\u00e9e de tous\",\"publisher\":{\"@id\":\"https:\\\/\\\/www.iemj.org\\\/it\\\/#organization\"},\"potentialAction\":[{\"@type\":\"SearchAction\",\"target\":{\"@type\":\"EntryPoint\",\"urlTemplate\":\"https:\\\/\\\/www.iemj.org\\\/it\\\/?s={search_term_string}\"},\"query-input\":{\"@type\":\"PropertyValueSpecification\",\"valueRequired\":true,\"valueName\":\"search_term_string\"}}],\"inLanguage\":\"it-IT\"},{\"@type\":\"Organization\",\"@id\":\"https:\\\/\\\/www.iemj.org\\\/it\\\/#organization\",\"name\":\"Institut Europ\u00e9en des Musiques Juives\",\"url\":\"https:\\\/\\\/www.iemj.org\\\/it\\\/\",\"logo\":{\"@type\":\"ImageObject\",\"inLanguage\":\"it-IT\",\"@id\":\"https:\\\/\\\/www.iemj.org\\\/it\\\/#\\\/schema\\\/logo\\\/image\\\/\",\"url\":\"https:\\\/\\\/www.iemj.org\\\/wp-content\\\/uploads\\\/2021\\\/09\\\/Logo-IEMJ-Paypal.jpg\",\"contentUrl\":\"https:\\\/\\\/www.iemj.org\\\/wp-content\\\/uploads\\\/2021\\\/09\\\/Logo-IEMJ-Paypal.jpg\",\"width\":150,\"height\":50,\"caption\":\"Institut Europ\u00e9en des Musiques Juives\"},\"image\":{\"@id\":\"https:\\\/\\\/www.iemj.org\\\/it\\\/#\\\/schema\\\/logo\\\/image\\\/\"},\"sameAs\":[\"https:\\\/\\\/www.facebook.com\\\/MusiquesJuives\\\/\",\"https:\\\/\\\/www.instagram.com\\\/musiquesjuives\\\/\",\"https:\\\/\\\/www.youtube.com\\\/user\\\/musiquesjuives\"]},{\"@type\":\"Person\",\"@id\":\"https:\\\/\\\/www.iemj.org\\\/it\\\/#\\\/schema\\\/person\\\/e2ad57f2c4be119c7ed8ab79036807a9\",\"name\":\"Lea Couderc\",\"image\":{\"@type\":\"ImageObject\",\"inLanguage\":\"it-IT\",\"@id\":\"https:\\\/\\\/secure.gravatar.com\\\/avatar\\\/46ee021475d60aeff17a7e490b79dea5a5684bb392ab7fd1494027411df8ba23?s=96&d=mm&r=g\",\"url\":\"https:\\\/\\\/secure.gravatar.com\\\/avatar\\\/46ee021475d60aeff17a7e490b79dea5a5684bb392ab7fd1494027411df8ba23?s=96&d=mm&r=g\",\"contentUrl\":\"https:\\\/\\\/secure.gravatar.com\\\/avatar\\\/46ee021475d60aeff17a7e490b79dea5a5684bb392ab7fd1494027411df8ba23?s=96&d=mm&r=g\",\"caption\":\"Lea Couderc\"}}]}<\/script>\n<!-- \/ Yoast SEO plugin. -->","yoast_head_json":{"title":"Chalude, Jacques, detto Ben Baruch (1914-1997) - Institut Europ\u00e9en des Musiques Juives","robots":{"index":"index","follow":"follow","max-snippet":"max-snippet:-1","max-image-preview":"max-image-preview:large","max-video-preview":"max-video-preview:-1"},"canonical":"https:\/\/www.iemj.org\/it\/chalude-jacques-dit-ben-baruch-1914-1997\/","og_locale":"it_IT","og_type":"article","og_title":"Chalude, Jacques, detto Ben Baruch (1914-1997) - Institut Europ\u00e9en des Musiques Juives","og_description":"Yitshak Zaludkowski, suo nome di nascita, nasce il 20 settembre 1914 a Staeiszyn, nella regione di Kalisz (Polonia), in una famiglia religiosa. Suo padre e suo zio sono entrambi cantori","og_url":"https:\/\/www.iemj.org\/it\/chalude-jacques-dit-ben-baruch-1914-1997\/","og_site_name":"Institut Europ\u00e9en des Musiques Juives","article_publisher":"https:\/\/www.facebook.com\/MusiquesJuives\/","article_published_time":"2015-12-14T15:18:42+00:00","article_modified_time":"2022-09-18T18:18:03+00:00","og_image":[{"width":164,"height":218,"url":"https:\/\/www.iemj.org\/wp-content\/uploads\/2015\/12\/arton1214-e1624970754699.png","type":"image\/png"}],"author":"Lea Couderc","twitter_card":"summary_large_image","twitter_misc":{"Scritto da":"Lea Couderc","Tempo di lettura stimato":"2 minuti"},"schema":{"@context":"https:\/\/schema.org","@graph":[{"@type":"Article","@id":"https:\/\/www.iemj.org\/it\/chalude-jacques-dit-ben-baruch-1914-1997\/#article","isPartOf":{"@id":"https:\/\/www.iemj.org\/it\/chalude-jacques-dit-ben-baruch-1914-1997\/"},"author":{"name":"Lea Couderc","@id":"https:\/\/www.iemj.org\/it\/#\/schema\/person\/e2ad57f2c4be119c7ed8ab79036807a9"},"headline":"Chalude, Jacques, detto Ben Baruch (1914-1997)","datePublished":"2015-12-14T15:18:42+00:00","dateModified":"2022-09-18T18:18:03+00:00","mainEntityOfPage":{"@id":"https:\/\/www.iemj.org\/it\/chalude-jacques-dit-ben-baruch-1914-1997\/"},"wordCount":334,"publisher":{"@id":"https:\/\/www.iemj.org\/it\/#organization"},"image":{"@id":"https:\/\/www.iemj.org\/it\/chalude-jacques-dit-ben-baruch-1914-1997\/#primaryimage"},"thumbnailUrl":"https:\/\/www.iemj.org\/wp-content\/uploads\/2015\/12\/arton1214-e1624970754699.png","articleSection":["Biografie"],"inLanguage":"it-IT"},{"@type":"WebPage","@id":"https:\/\/www.iemj.org\/it\/chalude-jacques-dit-ben-baruch-1914-1997\/","url":"https:\/\/www.iemj.org\/it\/chalude-jacques-dit-ben-baruch-1914-1997\/","name":"Chalude, Jacques, detto Ben Baruch (1914-1997) - Institut Europ\u00e9en des Musiques Juives","isPartOf":{"@id":"https:\/\/www.iemj.org\/it\/#website"},"primaryImageOfPage":{"@id":"https:\/\/www.iemj.org\/it\/chalude-jacques-dit-ben-baruch-1914-1997\/#primaryimage"},"image":{"@id":"https:\/\/www.iemj.org\/it\/chalude-jacques-dit-ben-baruch-1914-1997\/#primaryimage"},"thumbnailUrl":"https:\/\/www.iemj.org\/wp-content\/uploads\/2015\/12\/arton1214-e1624970754699.png","datePublished":"2015-12-14T15:18:42+00:00","dateModified":"2022-09-18T18:18:03+00:00","breadcrumb":{"@id":"https:\/\/www.iemj.org\/it\/chalude-jacques-dit-ben-baruch-1914-1997\/#breadcrumb"},"inLanguage":"it-IT","potentialAction":[{"@type":"ReadAction","target":["https:\/\/www.iemj.org\/it\/chalude-jacques-dit-ben-baruch-1914-1997\/"]}]},{"@type":"ImageObject","inLanguage":"it-IT","@id":"https:\/\/www.iemj.org\/it\/chalude-jacques-dit-ben-baruch-1914-1997\/#primaryimage","url":"https:\/\/www.iemj.org\/wp-content\/uploads\/2015\/12\/arton1214-e1624970754699.png","contentUrl":"https:\/\/www.iemj.org\/wp-content\/uploads\/2015\/12\/arton1214-e1624970754699.png","width":164,"height":218},{"@type":"BreadcrumbList","@id":"https:\/\/www.iemj.org\/it\/chalude-jacques-dit-ben-baruch-1914-1997\/#breadcrumb","itemListElement":[{"@type":"ListItem","position":1,"name":"Accueil","item":"https:\/\/www.iemj.org\/it\/"},{"@type":"ListItem","position":2,"name":"Chalude, Jacques, detto Ben Baruch (1914-1997)"}]},{"@type":"WebSite","@id":"https:\/\/www.iemj.org\/it\/#website","url":"https:\/\/www.iemj.org\/it\/","name":"Institut Europ\u00e9en des Musiques Juives","description":"Des traditions musicales \u00e0 la port\u00e9e de tous","publisher":{"@id":"https:\/\/www.iemj.org\/it\/#organization"},"potentialAction":[{"@type":"SearchAction","target":{"@type":"EntryPoint","urlTemplate":"https:\/\/www.iemj.org\/it\/?s={search_term_string}"},"query-input":{"@type":"PropertyValueSpecification","valueRequired":true,"valueName":"search_term_string"}}],"inLanguage":"it-IT"},{"@type":"Organization","@id":"https:\/\/www.iemj.org\/it\/#organization","name":"Institut Europ\u00e9en des Musiques Juives","url":"https:\/\/www.iemj.org\/it\/","logo":{"@type":"ImageObject","inLanguage":"it-IT","@id":"https:\/\/www.iemj.org\/it\/#\/schema\/logo\/image\/","url":"https:\/\/www.iemj.org\/wp-content\/uploads\/2021\/09\/Logo-IEMJ-Paypal.jpg","contentUrl":"https:\/\/www.iemj.org\/wp-content\/uploads\/2021\/09\/Logo-IEMJ-Paypal.jpg","width":150,"height":50,"caption":"Institut Europ\u00e9en des Musiques Juives"},"image":{"@id":"https:\/\/www.iemj.org\/it\/#\/schema\/logo\/image\/"},"sameAs":["https:\/\/www.facebook.com\/MusiquesJuives\/","https:\/\/www.instagram.com\/musiquesjuives\/","https:\/\/www.youtube.com\/user\/musiquesjuives"]},{"@type":"Person","@id":"https:\/\/www.iemj.org\/it\/#\/schema\/person\/e2ad57f2c4be119c7ed8ab79036807a9","name":"Lea Couderc","image":{"@type":"ImageObject","inLanguage":"it-IT","@id":"https:\/\/secure.gravatar.com\/avatar\/46ee021475d60aeff17a7e490b79dea5a5684bb392ab7fd1494027411df8ba23?s=96&d=mm&r=g","url":"https:\/\/secure.gravatar.com\/avatar\/46ee021475d60aeff17a7e490b79dea5a5684bb392ab7fd1494027411df8ba23?s=96&d=mm&r=g","contentUrl":"https:\/\/secure.gravatar.com\/avatar\/46ee021475d60aeff17a7e490b79dea5a5684bb392ab7fd1494027411df8ba23?s=96&d=mm&r=g","caption":"Lea Couderc"}}]}},"_links":{"self":[{"href":"https:\/\/www.iemj.org\/it\/wp-json\/wp\/v2\/posts\/87422","targetHints":{"allow":["GET"]}}],"collection":[{"href":"https:\/\/www.iemj.org\/it\/wp-json\/wp\/v2\/posts"}],"about":[{"href":"https:\/\/www.iemj.org\/it\/wp-json\/wp\/v2\/types\/post"}],"author":[{"embeddable":true,"href":"https:\/\/www.iemj.org\/it\/wp-json\/wp\/v2\/users\/1052"}],"replies":[{"embeddable":true,"href":"https:\/\/www.iemj.org\/it\/wp-json\/wp\/v2\/comments?post=87422"}],"version-history":[{"count":0,"href":"https:\/\/www.iemj.org\/it\/wp-json\/wp\/v2\/posts\/87422\/revisions"}],"wp:featuredmedia":[{"embeddable":true,"href":"https:\/\/www.iemj.org\/it\/wp-json\/wp\/v2\/media\/51558"}],"wp:attachment":[{"href":"https:\/\/www.iemj.org\/it\/wp-json\/wp\/v2\/media?parent=87422"}],"wp:term":[{"taxonomy":"category","embeddable":true,"href":"https:\/\/www.iemj.org\/it\/wp-json\/wp\/v2\/categories?post=87422"},{"taxonomy":"post_tag","embeddable":true,"href":"https:\/\/www.iemj.org\/it\/wp-json\/wp\/v2\/tags?post=87422"},{"taxonomy":"technique","embeddable":true,"href":"https:\/\/www.iemj.org\/it\/wp-json\/wp\/v2\/technique?post=87422"},{"taxonomy":"squelettes","embeddable":true,"href":"https:\/\/www.iemj.org\/it\/wp-json\/wp\/v2\/squelettes?post=87422"},{"taxonomy":"sujet","embeddable":true,"href":"https:\/\/www.iemj.org\/it\/wp-json\/wp\/v2\/sujet?post=87422"},{"taxonomy":"formation","embeddable":true,"href":"https:\/\/www.iemj.org\/it\/wp-json\/wp\/v2\/formation?post=87422"},{"taxonomy":"genre","embeddable":true,"href":"https:\/\/www.iemj.org\/it\/wp-json\/wp\/v2\/genre?post=87422"},{"taxonomy":"fonds","embeddable":true,"href":"https:\/\/www.iemj.org\/it\/wp-json\/wp\/v2\/fonds?post=87422"},{"taxonomy":"tradition","embeddable":true,"href":"https:\/\/www.iemj.org\/it\/wp-json\/wp\/v2\/tradition?post=87422"},{"taxonomy":"type-de-contenu","embeddable":true,"href":"https:\/\/www.iemj.org\/it\/wp-json\/wp\/v2\/type-de-contenu?post=87422"},{"taxonomy":"interprete-compositeur","embeddable":true,"href":"https:\/\/www.iemj.org\/it\/wp-json\/wp\/v2\/interprete-compositeur?post=87422"},{"taxonomy":"frise","embeddable":true,"href":"https:\/\/www.iemj.org\/it\/wp-json\/wp\/v2\/frise?post=87422"},{"taxonomy":"type-devenement","embeddable":true,"href":"https:\/\/www.iemj.org\/it\/wp-json\/wp\/v2\/type-devenement?post=87422"},{"taxonomy":"tableaux-liens-externes","embeddable":true,"href":"https:\/\/www.iemj.org\/it\/wp-json\/wp\/v2\/tableaux-liens-externes?post=87422"}],"curies":[{"name":"wp","href":"https:\/\/api.w.org\/{rel}","templated":true}]}}