{"id":87520,"date":"2020-02-04T12:33:24","date_gmt":"2020-02-04T11:33:24","guid":{"rendered":"https:\/\/www.iemj.org\/cohen-judith\/"},"modified":"2025-09-10T16:23:24","modified_gmt":"2025-09-10T14:23:24","slug":"cohen-judith","status":"publish","type":"post","link":"https:\/\/www.iemj.org\/it\/cohen-judith\/","title":{"rendered":"Cohen, Judith"},"content":{"rendered":"<p>Cantante, interprete di strumenti medievali e strumenti folcloristici tradizionali, etnomusicologa e professoressa universitaria, Judith Cohen nasce a Montreal il 9 dicembre 1949.<\/p>\n<p>Durante gli anni &#8217;70 effettua numerosi viaggi (Canada francofono, Europa dell&#8217;Est, Spagna, Portogallo, Marocco, Turchia, ecc.) che le danno l&#8217;occasione di impregnarsi di diversi repertor\u00ee musicali, come la musica e la danza dei Balcani, le musiche regionali della Spagna e del Portogallo, le canzoni del Canada francofono (Quebec, Acadia, Franco-Ontario&#8230;), le canzoni in yiddish (lingua dei suoi nonni), il giudeo-spagnolo&#8230;<\/p>\n<p><img fetchpriority=\"high\" decoding=\"async\" class=\" alignright size-full wp-image-27021\" src=\"https:\/\/www.iemj.org\/wp-content\/uploads\/2020\/02\/gerineldo_sous-titree.jpg\" alt=\"gerineldo_sous-titree.jpg\" width=\"280\" height=\"189\" align=\"right\" \/>Negli anni &#8217;80 canta un repertorio di musiche tradizionali giudaico-spagnole del Marocco e suona diversi strumenti a corda nel gruppo <a href=\"https:\/\/thecjn.ca\/en-francais\/le-grand-retour-sur-scene-de-gerineldo\/\" target=\"_blank\" rel=\"noopener\"><em>Gerineldo<\/em><\/a>, diretto e fondato da Oro Anahory-Librowicz nel 1981, con Kelly Sultan Amar ed il leggendario <a href=\"https:\/\/www.iemj.org\/it\/levy-solly-1939-2020\/\" target=\"_blank\" rel=\"noopener\">Solly L\u00e9vy<\/a>. Successivamente, al gruppo, che effetua delle tourn\u00e9e in tutto il mondo, si unisce il violinista, oudista e percussionista Charly Edry<\/p>\n<p>Nel 1980, Judith Cohen sostiene il suo Master sul <em>Ruolo delle donne-musiciste nella Spagna medievale nelle Comunit\u00e0 cristiane, Ebraiche e Musulmane<\/em> (Universit\u00e0 di Montreal) e nel 1989 una tesi di dottorato sul <em>Canto giudeo-spagnolo nelle comunit\u00e0.Sefardite di Montreal e Toronto <\/em>(Universit\u00e0 di Montreal).<\/p>\n<p><img decoding=\"async\" class=\" alignleft size-full wp-image-27023\" src=\"https:\/\/www.iemj.org\/wp-content\/uploads\/2020\/02\/judith_cohen_avec_sa_fille_tamar_illana_sous_titree_250px_larg.jpg\" alt=\"judith_cohen_avec_sa_fille_tamar_illana_sous_titree_250px_larg.jpg\" width=\"250\" height=\"195\" align=\"left\" \/>In\u00a0estate continua i suoi viaggi, principalmente in Spagna, Turchia, Grecia e Israele, accompagnata dalla figlia <a href=\"https:\/\/www.iemj.org\/en\/tamar-ilana-the-sefardi-judy-garland\/\" target=\"_blank\" rel=\"noopener\">Tamar Ilana<\/a>, che inizia la sua carriera sulla scena all&#8217;et\u00e0 di 4 o 5 anni.<\/p>\n<p>Dal 1977 al 1982 Judith Cohen insegna all\u2019Universit\u00e0 Concordia e nelle scuole del consiglio scolastico di Toronto come insegnante itinerante; dirige numerosi gruppi di lavoro, seminari e corsi speciali per bambini ed adulti. Nel 1991, titolare di una borsa di studio presso l&#8217;Universit\u00e0 di Toronto, effettua degli studi post-dottorato sul canto giudeo-spagnolo insegnando, nello stesso tempo, all\u2019Universit\u00e0 York di Toronto. Parte della sua ricerca si concentra sul ruolo della musica tra i cripto-ebrei del Portogallo. \u00c8 cos\u00ec che ha la fortuna di incontrare e registrare le <em>rezadeiras,<\/em> le donne sacrestane cripto-ebree ora scomparse.<\/p>\n<p>Dagli anni 2000 prosegue le sue ricerche etnomusicologiche, con in particolare il confronto dei temi delle canzoni yiddish e giudeo-spagnole. \u00c8 anche ricercatrice associata presso le universit\u00e0 Carlton (Ottawa), Concordia (Montreal), Haifa (Israele) e INET (Portogallo).<\/p>\n<p><img decoding=\"async\" class=\" alignright size-full wp-image-27025\" src=\"https:\/\/www.iemj.org\/wp-content\/uploads\/2020\/02\/ensemble_medieval_sans_cuer_sous-titree_240px_vertic.jpg\" alt=\"ensemble_medieval_sans_cuer_sous-titree_240px_vertic.jpg\" width=\"188\" height=\"240\" align=\"right\" \/>Eccellente interprete, Judith Cohen continua a tenere recital di canto e conferenze illustrate sulle tradizioni giudaico-spagnole, yiddish, spagnole, canadesi, francesi, balcaniche e medievali, accompagnandosi con la ghironda, l&#8217;oud, il darbouka, il dulcimer di montagna e vari vecchi strumenti a fiato e ad arco.<\/p>\n<p>Le sue ispirazioni, Judith Cohen le trae dal gran numero di viaggi che ha potuto fare durante la sua vita. Sostiene\u00a0: \u00ab\u00a0Ho viaggiato molto, per anni. Non ti annoi mai durante un viaggio\u00a0\u00bb.<\/p>\n<p><a href=\"https:\/\/www.judithcohen.ca\/\" target=\"_blank\" rel=\"noopener\">Visitare il sito di Judith Cohen<\/a><\/p>\n<p><a href=\"http:\/\/www.rachelnet.net\/F\/?func=find-c&amp;ccl_term=WRD+%3D+Cohen+AND+WRD+%3D+Judith&amp;local_base=iemcg\" target=\"_blank\" rel=\"noopener\">Consultare gli archivi di Judith Cohen<\/a><\/p>\n\n\n<h2 class=\"wp-block-heading\"><\/h2>\n\n\n<div class=\"wp-block-image\">\n<figure class=\"aligncenter size-large\"><img loading=\"lazy\" decoding=\"async\" width=\"1024\" height=\"133\" src=\"https:\/\/www.iemj.org\/wp-content\/uploads\/2024\/03\/AUDIO-PLAYER-1024x133.png\" alt=\"\" class=\"wp-image-110609\" srcset=\"https:\/\/www.iemj.org\/wp-content\/uploads\/2024\/03\/AUDIO-PLAYER-1024x133.png 1024w, https:\/\/www.iemj.org\/wp-content\/uploads\/2024\/03\/AUDIO-PLAYER-300x39.png 300w, https:\/\/www.iemj.org\/wp-content\/uploads\/2024\/03\/AUDIO-PLAYER-768x100.png 768w, https:\/\/www.iemj.org\/wp-content\/uploads\/2024\/03\/AUDIO-PLAYER-600x78.png 600w, https:\/\/www.iemj.org\/wp-content\/uploads\/2024\/03\/AUDIO-PLAYER.png 1210w\" sizes=\"(max-width: 1024px) 100vw, 1024px\" \/><\/figure>\n<\/div>\n\n\n<div class=\"wp-block-file\"><a id=\"wp-block-file--media-e5f0a498-b8d2-441e-9a65-12e9fffb9e1e\" href=\"https:\/\/www.iemj.org\/wp-content\/uploads\/2020\/02\/1_primavera_en_salonica_extrait_.mp3\">1) Primavera en Sal\u00f3nica (Extrait)<\/a><\/div>\n\n\n\n<div class=\"wp-block-file\"><a id=\"wp-block-file--media-ca018f81-bafc-4f46-b471-92f698db2ea1\" href=\"https:\/\/www.iemj.org\/wp-content\/uploads\/2020\/02\/2_por_autrui_movrai_mon_chant_extrait_.mp3\">2) Por Autrui Movrai mon Chant (Extrait)<\/a><\/div>\n\n\n\n<div class=\"wp-block-file\"><a id=\"wp-block-file--media-34b4bbd7-774e-4d74-b318-1fd97db264d1\" href=\"https:\/\/www.iemj.org\/wp-content\/uploads\/2020\/02\/3_cantar_de_hilula_extrait_-_gerineldo.mp3\">3) Cantar de Hilul\u00e1 (Extrait) &#8211; Gerineldo<\/a><\/div>\n\n\n\n<div class=\"wp-block-file\"><a id=\"wp-block-file--media-d717891b-a9d4-4345-8221-42f6a8f39017\" href=\"https:\/\/www.iemj.org\/wp-content\/uploads\/2020\/02\/4_las_prendas_del_ajuar_extrait_-_gerineldo.mp3\">4) Las prendas del ajuar (Extrait) &#8211; Gerineldo<\/a><\/div>\n\n\n\n<div class=\"wp-block-file\"><a id=\"wp-block-file--media-f3507db3-6dce-4af1-afec-a1f401f2966e\" href=\"https:\/\/www.iemj.org\/wp-content\/uploads\/2020\/02\/5_la_cima_ao_castelo_extrait_.mp3\">5) L\u00e1 Cima Ao castelo (Extrait)<\/a><\/div>\n","protected":false},"excerpt":{"rendered":"<p>Cantante, interprete di strumenti medievali e strumenti folcloristici tradizionali, etnomusicologa e professoressa universitaria, Judith Cohen nasce a Montreal il 9 dicembre 1949. Durante gli anni &#8217;70 effettua numerosi viaggi (Canada<\/p>\n","protected":false},"author":1045,"featured_media":87521,"comment_status":"closed","ping_status":"closed","sticky":false,"template":"","format":"standard","meta":{"_acf_changed":false,"footnotes":""},"categories":[1416],"tags":[],"technique":[],"squelettes":[],"sujet":[],"formation":[],"genre":[1675],"fonds":[],"tradition":[],"type-de-contenu":[],"interprete-compositeur":[],"frise":[],"type-devenement":[],"tableaux-liens-externes":[],"class_list":["post-87520","post","type-post","status-publish","format-standard","has-post-thumbnail","hentry","category-biografie-it","genre-giudeo-spagnolo-it"],"acf":[],"yoast_head":"<!-- This site is optimized with the Yoast SEO plugin v27.3 - https:\/\/yoast.com\/product\/yoast-seo-wordpress\/ -->\n<title>Cohen, Judith - Institut Europ\u00e9en des Musiques Juives<\/title>\n<meta name=\"robots\" content=\"index, follow, max-snippet:-1, max-image-preview:large, max-video-preview:-1\" \/>\n<link rel=\"canonical\" href=\"https:\/\/www.iemj.org\/it\/cohen-judith\/\" \/>\n<meta property=\"og:locale\" content=\"it_IT\" \/>\n<meta property=\"og:type\" content=\"article\" \/>\n<meta property=\"og:title\" content=\"Cohen, Judith - Institut Europ\u00e9en des Musiques Juives\" \/>\n<meta property=\"og:description\" content=\"Cantante, interprete di strumenti medievali e strumenti folcloristici tradizionali, etnomusicologa e professoressa universitaria, Judith Cohen nasce a Montreal il 9 dicembre 1949. Durante gli anni &#8217;70 effettua numerosi viaggi (Canada\" \/>\n<meta property=\"og:url\" content=\"https:\/\/www.iemj.org\/it\/cohen-judith\/\" \/>\n<meta property=\"og:site_name\" content=\"Institut Europ\u00e9en des Musiques Juives\" \/>\n<meta property=\"article:publisher\" content=\"https:\/\/www.facebook.com\/MusiquesJuives\/\" \/>\n<meta property=\"article:published_time\" content=\"2020-02-04T11:33:24+00:00\" \/>\n<meta property=\"article:modified_time\" content=\"2025-09-10T14:23:24+00:00\" \/>\n<meta property=\"og:image\" content=\"https:\/\/www.iemj.org\/wp-content\/uploads\/2020\/02\/arton4530-e1617013752805.jpg\" \/>\n\t<meta property=\"og:image:width\" content=\"244\" \/>\n\t<meta property=\"og:image:height\" content=\"218\" \/>\n\t<meta property=\"og:image:type\" content=\"image\/jpeg\" \/>\n<meta name=\"author\" content=\"Herv\u00e9 Roten\" \/>\n<meta name=\"twitter:card\" content=\"summary_large_image\" \/>\n<meta name=\"twitter:label1\" content=\"Scritto da\" \/>\n\t<meta name=\"twitter:data1\" content=\"Herv\u00e9 Roten\" \/>\n\t<meta name=\"twitter:label2\" content=\"Tempo di lettura stimato\" \/>\n\t<meta name=\"twitter:data2\" content=\"4 minuti\" \/>\n<script type=\"application\/ld+json\" class=\"yoast-schema-graph\">{\"@context\":\"https:\\\/\\\/schema.org\",\"@graph\":[{\"@type\":\"Article\",\"@id\":\"https:\\\/\\\/www.iemj.org\\\/it\\\/cohen-judith\\\/#article\",\"isPartOf\":{\"@id\":\"https:\\\/\\\/www.iemj.org\\\/it\\\/cohen-judith\\\/\"},\"author\":{\"name\":\"Herv\u00e9 Roten\",\"@id\":\"https:\\\/\\\/www.iemj.org\\\/it\\\/#\\\/schema\\\/person\\\/906134402c29d5c76e7b726261dd4bbd\"},\"headline\":\"Cohen, Judith\",\"datePublished\":\"2020-02-04T11:33:24+00:00\",\"dateModified\":\"2025-09-10T14:23:24+00:00\",\"mainEntityOfPage\":{\"@id\":\"https:\\\/\\\/www.iemj.org\\\/it\\\/cohen-judith\\\/\"},\"wordCount\":457,\"publisher\":{\"@id\":\"https:\\\/\\\/www.iemj.org\\\/it\\\/#organization\"},\"image\":{\"@id\":\"https:\\\/\\\/www.iemj.org\\\/it\\\/cohen-judith\\\/#primaryimage\"},\"thumbnailUrl\":\"https:\\\/\\\/www.iemj.org\\\/wp-content\\\/uploads\\\/2020\\\/02\\\/arton4530-e1617013752805.jpg\",\"articleSection\":[\"Biografie\"],\"inLanguage\":\"it-IT\"},{\"@type\":\"WebPage\",\"@id\":\"https:\\\/\\\/www.iemj.org\\\/it\\\/cohen-judith\\\/\",\"url\":\"https:\\\/\\\/www.iemj.org\\\/it\\\/cohen-judith\\\/\",\"name\":\"Cohen, Judith - Institut Europ\u00e9en des Musiques Juives\",\"isPartOf\":{\"@id\":\"https:\\\/\\\/www.iemj.org\\\/it\\\/#website\"},\"primaryImageOfPage\":{\"@id\":\"https:\\\/\\\/www.iemj.org\\\/it\\\/cohen-judith\\\/#primaryimage\"},\"image\":{\"@id\":\"https:\\\/\\\/www.iemj.org\\\/it\\\/cohen-judith\\\/#primaryimage\"},\"thumbnailUrl\":\"https:\\\/\\\/www.iemj.org\\\/wp-content\\\/uploads\\\/2020\\\/02\\\/arton4530-e1617013752805.jpg\",\"datePublished\":\"2020-02-04T11:33:24+00:00\",\"dateModified\":\"2025-09-10T14:23:24+00:00\",\"breadcrumb\":{\"@id\":\"https:\\\/\\\/www.iemj.org\\\/it\\\/cohen-judith\\\/#breadcrumb\"},\"inLanguage\":\"it-IT\",\"potentialAction\":[{\"@type\":\"ReadAction\",\"target\":[\"https:\\\/\\\/www.iemj.org\\\/it\\\/cohen-judith\\\/\"]}]},{\"@type\":\"ImageObject\",\"inLanguage\":\"it-IT\",\"@id\":\"https:\\\/\\\/www.iemj.org\\\/it\\\/cohen-judith\\\/#primaryimage\",\"url\":\"https:\\\/\\\/www.iemj.org\\\/wp-content\\\/uploads\\\/2020\\\/02\\\/arton4530-e1617013752805.jpg\",\"contentUrl\":\"https:\\\/\\\/www.iemj.org\\\/wp-content\\\/uploads\\\/2020\\\/02\\\/arton4530-e1617013752805.jpg\",\"width\":244,\"height\":218},{\"@type\":\"BreadcrumbList\",\"@id\":\"https:\\\/\\\/www.iemj.org\\\/it\\\/cohen-judith\\\/#breadcrumb\",\"itemListElement\":[{\"@type\":\"ListItem\",\"position\":1,\"name\":\"Accueil\",\"item\":\"https:\\\/\\\/www.iemj.org\\\/it\\\/\"},{\"@type\":\"ListItem\",\"position\":2,\"name\":\"Cohen, Judith\"}]},{\"@type\":\"WebSite\",\"@id\":\"https:\\\/\\\/www.iemj.org\\\/it\\\/#website\",\"url\":\"https:\\\/\\\/www.iemj.org\\\/it\\\/\",\"name\":\"Institut Europ\u00e9en des Musiques Juives\",\"description\":\"Des traditions musicales \u00e0 la port\u00e9e de tous\",\"publisher\":{\"@id\":\"https:\\\/\\\/www.iemj.org\\\/it\\\/#organization\"},\"potentialAction\":[{\"@type\":\"SearchAction\",\"target\":{\"@type\":\"EntryPoint\",\"urlTemplate\":\"https:\\\/\\\/www.iemj.org\\\/it\\\/?s={search_term_string}\"},\"query-input\":{\"@type\":\"PropertyValueSpecification\",\"valueRequired\":true,\"valueName\":\"search_term_string\"}}],\"inLanguage\":\"it-IT\"},{\"@type\":\"Organization\",\"@id\":\"https:\\\/\\\/www.iemj.org\\\/it\\\/#organization\",\"name\":\"Institut Europ\u00e9en des Musiques Juives\",\"url\":\"https:\\\/\\\/www.iemj.org\\\/it\\\/\",\"logo\":{\"@type\":\"ImageObject\",\"inLanguage\":\"it-IT\",\"@id\":\"https:\\\/\\\/www.iemj.org\\\/it\\\/#\\\/schema\\\/logo\\\/image\\\/\",\"url\":\"https:\\\/\\\/www.iemj.org\\\/wp-content\\\/uploads\\\/2021\\\/09\\\/Logo-IEMJ-Paypal.jpg\",\"contentUrl\":\"https:\\\/\\\/www.iemj.org\\\/wp-content\\\/uploads\\\/2021\\\/09\\\/Logo-IEMJ-Paypal.jpg\",\"width\":150,\"height\":50,\"caption\":\"Institut Europ\u00e9en des Musiques Juives\"},\"image\":{\"@id\":\"https:\\\/\\\/www.iemj.org\\\/it\\\/#\\\/schema\\\/logo\\\/image\\\/\"},\"sameAs\":[\"https:\\\/\\\/www.facebook.com\\\/MusiquesJuives\\\/\",\"https:\\\/\\\/www.instagram.com\\\/musiquesjuives\\\/\",\"https:\\\/\\\/www.youtube.com\\\/user\\\/musiquesjuives\"]},{\"@type\":\"Person\",\"@id\":\"https:\\\/\\\/www.iemj.org\\\/it\\\/#\\\/schema\\\/person\\\/906134402c29d5c76e7b726261dd4bbd\",\"name\":\"Herv\u00e9 Roten\",\"image\":{\"@type\":\"ImageObject\",\"inLanguage\":\"it-IT\",\"@id\":\"https:\\\/\\\/secure.gravatar.com\\\/avatar\\\/f96ad2db538a26481f18384936b5cd0610c92d390c4dc382209216d455f685ff?s=96&d=mm&r=g\",\"url\":\"https:\\\/\\\/secure.gravatar.com\\\/avatar\\\/f96ad2db538a26481f18384936b5cd0610c92d390c4dc382209216d455f685ff?s=96&d=mm&r=g\",\"contentUrl\":\"https:\\\/\\\/secure.gravatar.com\\\/avatar\\\/f96ad2db538a26481f18384936b5cd0610c92d390c4dc382209216d455f685ff?s=96&d=mm&r=g\",\"caption\":\"Herv\u00e9 Roten\"}}]}<\/script>\n<!-- \/ Yoast SEO plugin. -->","yoast_head_json":{"title":"Cohen, Judith - Institut Europ\u00e9en des Musiques Juives","robots":{"index":"index","follow":"follow","max-snippet":"max-snippet:-1","max-image-preview":"max-image-preview:large","max-video-preview":"max-video-preview:-1"},"canonical":"https:\/\/www.iemj.org\/it\/cohen-judith\/","og_locale":"it_IT","og_type":"article","og_title":"Cohen, Judith - Institut Europ\u00e9en des Musiques Juives","og_description":"Cantante, interprete di strumenti medievali e strumenti folcloristici tradizionali, etnomusicologa e professoressa universitaria, Judith Cohen nasce a Montreal il 9 dicembre 1949. Durante gli anni &#8217;70 effettua numerosi viaggi (Canada","og_url":"https:\/\/www.iemj.org\/it\/cohen-judith\/","og_site_name":"Institut Europ\u00e9en des Musiques Juives","article_publisher":"https:\/\/www.facebook.com\/MusiquesJuives\/","article_published_time":"2020-02-04T11:33:24+00:00","article_modified_time":"2025-09-10T14:23:24+00:00","og_image":[{"width":244,"height":218,"url":"https:\/\/www.iemj.org\/wp-content\/uploads\/2020\/02\/arton4530-e1617013752805.jpg","type":"image\/jpeg"}],"author":"Herv\u00e9 Roten","twitter_card":"summary_large_image","twitter_misc":{"Scritto da":"Herv\u00e9 Roten","Tempo di lettura stimato":"4 minuti"},"schema":{"@context":"https:\/\/schema.org","@graph":[{"@type":"Article","@id":"https:\/\/www.iemj.org\/it\/cohen-judith\/#article","isPartOf":{"@id":"https:\/\/www.iemj.org\/it\/cohen-judith\/"},"author":{"name":"Herv\u00e9 Roten","@id":"https:\/\/www.iemj.org\/it\/#\/schema\/person\/906134402c29d5c76e7b726261dd4bbd"},"headline":"Cohen, Judith","datePublished":"2020-02-04T11:33:24+00:00","dateModified":"2025-09-10T14:23:24+00:00","mainEntityOfPage":{"@id":"https:\/\/www.iemj.org\/it\/cohen-judith\/"},"wordCount":457,"publisher":{"@id":"https:\/\/www.iemj.org\/it\/#organization"},"image":{"@id":"https:\/\/www.iemj.org\/it\/cohen-judith\/#primaryimage"},"thumbnailUrl":"https:\/\/www.iemj.org\/wp-content\/uploads\/2020\/02\/arton4530-e1617013752805.jpg","articleSection":["Biografie"],"inLanguage":"it-IT"},{"@type":"WebPage","@id":"https:\/\/www.iemj.org\/it\/cohen-judith\/","url":"https:\/\/www.iemj.org\/it\/cohen-judith\/","name":"Cohen, Judith - Institut Europ\u00e9en des Musiques Juives","isPartOf":{"@id":"https:\/\/www.iemj.org\/it\/#website"},"primaryImageOfPage":{"@id":"https:\/\/www.iemj.org\/it\/cohen-judith\/#primaryimage"},"image":{"@id":"https:\/\/www.iemj.org\/it\/cohen-judith\/#primaryimage"},"thumbnailUrl":"https:\/\/www.iemj.org\/wp-content\/uploads\/2020\/02\/arton4530-e1617013752805.jpg","datePublished":"2020-02-04T11:33:24+00:00","dateModified":"2025-09-10T14:23:24+00:00","breadcrumb":{"@id":"https:\/\/www.iemj.org\/it\/cohen-judith\/#breadcrumb"},"inLanguage":"it-IT","potentialAction":[{"@type":"ReadAction","target":["https:\/\/www.iemj.org\/it\/cohen-judith\/"]}]},{"@type":"ImageObject","inLanguage":"it-IT","@id":"https:\/\/www.iemj.org\/it\/cohen-judith\/#primaryimage","url":"https:\/\/www.iemj.org\/wp-content\/uploads\/2020\/02\/arton4530-e1617013752805.jpg","contentUrl":"https:\/\/www.iemj.org\/wp-content\/uploads\/2020\/02\/arton4530-e1617013752805.jpg","width":244,"height":218},{"@type":"BreadcrumbList","@id":"https:\/\/www.iemj.org\/it\/cohen-judith\/#breadcrumb","itemListElement":[{"@type":"ListItem","position":1,"name":"Accueil","item":"https:\/\/www.iemj.org\/it\/"},{"@type":"ListItem","position":2,"name":"Cohen, Judith"}]},{"@type":"WebSite","@id":"https:\/\/www.iemj.org\/it\/#website","url":"https:\/\/www.iemj.org\/it\/","name":"Institut Europ\u00e9en des Musiques Juives","description":"Des traditions musicales \u00e0 la port\u00e9e de tous","publisher":{"@id":"https:\/\/www.iemj.org\/it\/#organization"},"potentialAction":[{"@type":"SearchAction","target":{"@type":"EntryPoint","urlTemplate":"https:\/\/www.iemj.org\/it\/?s={search_term_string}"},"query-input":{"@type":"PropertyValueSpecification","valueRequired":true,"valueName":"search_term_string"}}],"inLanguage":"it-IT"},{"@type":"Organization","@id":"https:\/\/www.iemj.org\/it\/#organization","name":"Institut Europ\u00e9en des Musiques Juives","url":"https:\/\/www.iemj.org\/it\/","logo":{"@type":"ImageObject","inLanguage":"it-IT","@id":"https:\/\/www.iemj.org\/it\/#\/schema\/logo\/image\/","url":"https:\/\/www.iemj.org\/wp-content\/uploads\/2021\/09\/Logo-IEMJ-Paypal.jpg","contentUrl":"https:\/\/www.iemj.org\/wp-content\/uploads\/2021\/09\/Logo-IEMJ-Paypal.jpg","width":150,"height":50,"caption":"Institut Europ\u00e9en des Musiques Juives"},"image":{"@id":"https:\/\/www.iemj.org\/it\/#\/schema\/logo\/image\/"},"sameAs":["https:\/\/www.facebook.com\/MusiquesJuives\/","https:\/\/www.instagram.com\/musiquesjuives\/","https:\/\/www.youtube.com\/user\/musiquesjuives"]},{"@type":"Person","@id":"https:\/\/www.iemj.org\/it\/#\/schema\/person\/906134402c29d5c76e7b726261dd4bbd","name":"Herv\u00e9 Roten","image":{"@type":"ImageObject","inLanguage":"it-IT","@id":"https:\/\/secure.gravatar.com\/avatar\/f96ad2db538a26481f18384936b5cd0610c92d390c4dc382209216d455f685ff?s=96&d=mm&r=g","url":"https:\/\/secure.gravatar.com\/avatar\/f96ad2db538a26481f18384936b5cd0610c92d390c4dc382209216d455f685ff?s=96&d=mm&r=g","contentUrl":"https:\/\/secure.gravatar.com\/avatar\/f96ad2db538a26481f18384936b5cd0610c92d390c4dc382209216d455f685ff?s=96&d=mm&r=g","caption":"Herv\u00e9 Roten"}}]}},"_links":{"self":[{"href":"https:\/\/www.iemj.org\/it\/wp-json\/wp\/v2\/posts\/87520","targetHints":{"allow":["GET"]}}],"collection":[{"href":"https:\/\/www.iemj.org\/it\/wp-json\/wp\/v2\/posts"}],"about":[{"href":"https:\/\/www.iemj.org\/it\/wp-json\/wp\/v2\/types\/post"}],"author":[{"embeddable":true,"href":"https:\/\/www.iemj.org\/it\/wp-json\/wp\/v2\/users\/1045"}],"replies":[{"embeddable":true,"href":"https:\/\/www.iemj.org\/it\/wp-json\/wp\/v2\/comments?post=87520"}],"version-history":[{"count":0,"href":"https:\/\/www.iemj.org\/it\/wp-json\/wp\/v2\/posts\/87520\/revisions"}],"wp:featuredmedia":[{"embeddable":true,"href":"https:\/\/www.iemj.org\/it\/wp-json\/wp\/v2\/media\/87521"}],"wp:attachment":[{"href":"https:\/\/www.iemj.org\/it\/wp-json\/wp\/v2\/media?parent=87520"}],"wp:term":[{"taxonomy":"category","embeddable":true,"href":"https:\/\/www.iemj.org\/it\/wp-json\/wp\/v2\/categories?post=87520"},{"taxonomy":"post_tag","embeddable":true,"href":"https:\/\/www.iemj.org\/it\/wp-json\/wp\/v2\/tags?post=87520"},{"taxonomy":"technique","embeddable":true,"href":"https:\/\/www.iemj.org\/it\/wp-json\/wp\/v2\/technique?post=87520"},{"taxonomy":"squelettes","embeddable":true,"href":"https:\/\/www.iemj.org\/it\/wp-json\/wp\/v2\/squelettes?post=87520"},{"taxonomy":"sujet","embeddable":true,"href":"https:\/\/www.iemj.org\/it\/wp-json\/wp\/v2\/sujet?post=87520"},{"taxonomy":"formation","embeddable":true,"href":"https:\/\/www.iemj.org\/it\/wp-json\/wp\/v2\/formation?post=87520"},{"taxonomy":"genre","embeddable":true,"href":"https:\/\/www.iemj.org\/it\/wp-json\/wp\/v2\/genre?post=87520"},{"taxonomy":"fonds","embeddable":true,"href":"https:\/\/www.iemj.org\/it\/wp-json\/wp\/v2\/fonds?post=87520"},{"taxonomy":"tradition","embeddable":true,"href":"https:\/\/www.iemj.org\/it\/wp-json\/wp\/v2\/tradition?post=87520"},{"taxonomy":"type-de-contenu","embeddable":true,"href":"https:\/\/www.iemj.org\/it\/wp-json\/wp\/v2\/type-de-contenu?post=87520"},{"taxonomy":"interprete-compositeur","embeddable":true,"href":"https:\/\/www.iemj.org\/it\/wp-json\/wp\/v2\/interprete-compositeur?post=87520"},{"taxonomy":"frise","embeddable":true,"href":"https:\/\/www.iemj.org\/it\/wp-json\/wp\/v2\/frise?post=87520"},{"taxonomy":"type-devenement","embeddable":true,"href":"https:\/\/www.iemj.org\/it\/wp-json\/wp\/v2\/type-devenement?post=87520"},{"taxonomy":"tableaux-liens-externes","embeddable":true,"href":"https:\/\/www.iemj.org\/it\/wp-json\/wp\/v2\/tableaux-liens-externes?post=87520"}],"curies":[{"name":"wp","href":"https:\/\/api.w.org\/{rel}","templated":true}]}}