{"id":87592,"date":"2015-09-01T16:14:24","date_gmt":"2015-09-01T14:14:24","guid":{"rendered":"https:\/\/www.iemj.org\/cooper-adrienne-1946-2011\/"},"modified":"2025-09-02T09:55:15","modified_gmt":"2025-09-02T07:55:15","slug":"cooper-adrienne-1946-2011","status":"publish","type":"post","link":"https:\/\/www.iemj.org\/it\/cooper-adrienne-1946-2011\/","title":{"rendered":"Cooper, Adrienne (1946-2011)"},"content":{"rendered":"<p>Adrienne Khana Cooper (1 settembre 1946 &#8211; 25 dicembre 2011) \u00e8 stata una cantante &#8211; una delle grandi cantanti yiddish del nostro tempo &#8211; ed una militante. Ha svolto un ruolo preponderante nel revival della musica klezmer attraverso l&#8217;influenza della sua pedagogia.<\/p>\n<p>\u00c8 stata anche vicedirettrice presso YIVO, l&#8217;Istituto scientifico yiddish a New York, direttrice della programmazione al Museo dei Cinesi in America e direttrice dei programmi al Circolo dei Lavoratori (Arbeter Ring).<\/p>\n<p>Ha co-fondato Klezkamp, ed \u00e8 stata membro del Consiglio dell&#8217;Associazione &#8220;Ebrei per la Giustizia razziale ed economica&#8221; (JFREJ) fino all&#8217;estate del 2011, quando le \u00e8 stato diagnosticato un cancro, che l&#8217;ha uccisa il 25 dicembre, 2011.<\/p>\n<p>Sua figlia, Sarah Gordon, \u00e8 una cantante, in particolare con il suo gruppo &#8220;Yiddish Princess&#8221;.<\/p>\n<p>Visitare <a href=\"http:\/\/www.adriennecooper.com\/\" target=\"_blank\" rel=\"noopener\">il suo sito<\/a><\/p>\n<p>Vedere <a href=\"http:\/\/www.yiddishbookcenter.org\/oral-history\/adrienne-cooper\" target=\"_blank\" rel=\"noopener\">la sua intervista sul sito web dello Yiddish Book Center<\/a><\/p>\n<p><iframe src=\"https:\/\/archive.org\/embed\/AdrienneCooper28dec2010YiddishBookCenter_821\" width=\"640\" height=\"480\" frameborder=\"0\" allowfullscreen=\"allowfullscreen\"><\/iframe><\/p>\n<p>Leggere maggiori informazioni sul sito <a href=\"http:\/\/jwa.org\/weremember\/cooper-adrienne\" target=\"_blank\" rel=\"noopener\">Jewish Women Archives<\/a><\/p>\n<p>La sua necrologia sul <a href=\"http:\/\/www.nytimes.com\/2011\/12\/29\/arts\/music\/adrienne-cooper-expert-on-yiddish-music-is-dead-at-65.html?_r=0\">New York Times<\/a>, il 28 novembre 2011<\/p>\n<p><a href=\"https:\/\/www.iemj.org\/en\/hidden-sides-of-jewish-music-tribute-to-adrienne-cooper\/\" target=\"_blank\" rel=\"noopener\">Ascoltare il programma radiofonico I volti nascosti della musica ebraica, condotto da H\u00e9l\u00e8ne Engel, dedicato alla memoria di Adrienne Cooper<\/a><\/p>\n<p><strong>Ascolto<\/strong> (estratto):<br \/>Adrienne Cooper esegue \u201c<em>Dem Fideles Neshome<\/em>\u201d (l&#8217;anima del piccolo violino), nell&#8217;album <em>Vaserl<\/em> pubblicato da Yugntruf (il richiamo dei giovani) nel 1978 per presentare le nuove canzoni yiddish della giovane generazione di artisti. La canzone \u00e8 composta da Josh Waletzky su un poema di Shike Driz.<\/p>\n\n\n<h2 class=\"wp-block-heading\"><\/h2>\n\n\n<div class=\"wp-block-image\">\n<figure class=\"aligncenter size-large\"><img fetchpriority=\"high\" decoding=\"async\" width=\"1024\" height=\"133\" src=\"https:\/\/www.iemj.org\/wp-content\/uploads\/2024\/03\/AUDIO-PLAYER-1024x133.png\" alt=\"\" class=\"wp-image-110609\" srcset=\"https:\/\/www.iemj.org\/wp-content\/uploads\/2024\/03\/AUDIO-PLAYER-1024x133.png 1024w, https:\/\/www.iemj.org\/wp-content\/uploads\/2024\/03\/AUDIO-PLAYER-300x39.png 300w, https:\/\/www.iemj.org\/wp-content\/uploads\/2024\/03\/AUDIO-PLAYER-768x100.png 768w, https:\/\/www.iemj.org\/wp-content\/uploads\/2024\/03\/AUDIO-PLAYER-600x78.png 600w, https:\/\/www.iemj.org\/wp-content\/uploads\/2024\/03\/AUDIO-PLAYER.png 1210w\" sizes=\"(max-width: 1024px) 100vw, 1024px\" \/><\/figure>\n<\/div>\n\n\n<div class=\"wp-block-file\"><a id=\"wp-block-file--media-8e889af3-a124-4e5d-a0ac-902ab5ea7875\" href=\"https:\/\/www.iemj.org\/wp-content\/uploads\/2015\/09\/d33-30_310_05_t.mp3\">&#8220;Dem Fideles Neshome&#8221;<\/a><\/div>\n","protected":false},"excerpt":{"rendered":"<p>Adrienne Khana Cooper (1 settembre 1946 &#8211; 25 dicembre 2011) \u00e8 stata una cantante &#8211; una delle grandi cantanti yiddish del nostro tempo &#8211; ed una militante. Ha svolto un<\/p>\n","protected":false},"author":1051,"featured_media":87594,"comment_status":"closed","ping_status":"open","sticky":false,"template":"","format":"standard","meta":{"_acf_changed":false,"footnotes":""},"categories":[1416],"tags":[],"technique":[],"squelettes":[],"sujet":[],"formation":[],"genre":[1676],"fonds":[],"tradition":[],"type-de-contenu":[],"interprete-compositeur":[],"frise":[],"type-devenement":[],"tableaux-liens-externes":[],"class_list":["post-87592","post","type-post","status-publish","format-standard","has-post-thumbnail","hentry","category-biografie-it","genre-yiddish-it-2"],"acf":[],"yoast_head":"<!-- This site is optimized with the Yoast SEO plugin v27.3 - https:\/\/yoast.com\/product\/yoast-seo-wordpress\/ -->\n<title>Cooper, Adrienne (1946-2011) - Institut Europ\u00e9en des Musiques Juives<\/title>\n<meta name=\"robots\" content=\"index, follow, max-snippet:-1, max-image-preview:large, max-video-preview:-1\" \/>\n<link rel=\"canonical\" href=\"https:\/\/www.iemj.org\/it\/cooper-adrienne-1946-2011\/\" \/>\n<meta property=\"og:locale\" content=\"it_IT\" \/>\n<meta property=\"og:type\" content=\"article\" \/>\n<meta property=\"og:title\" content=\"Cooper, Adrienne (1946-2011) - Institut Europ\u00e9en des Musiques Juives\" \/>\n<meta property=\"og:description\" content=\"Adrienne Khana Cooper (1 settembre 1946 &#8211; 25 dicembre 2011) \u00e8 stata una cantante &#8211; una delle grandi cantanti yiddish del nostro tempo &#8211; ed una militante. Ha svolto un\" \/>\n<meta property=\"og:url\" content=\"https:\/\/www.iemj.org\/it\/cooper-adrienne-1946-2011\/\" \/>\n<meta property=\"og:site_name\" content=\"Institut Europ\u00e9en des Musiques Juives\" \/>\n<meta property=\"article:publisher\" content=\"https:\/\/www.facebook.com\/MusiquesJuives\/\" \/>\n<meta property=\"article:published_time\" content=\"2015-09-01T14:14:24+00:00\" \/>\n<meta property=\"article:modified_time\" content=\"2025-09-02T07:55:15+00:00\" \/>\n<meta property=\"og:image\" content=\"https:\/\/www.iemj.org\/wp-content\/uploads\/2015\/09\/Photo-Adrienne-Cooper-nv-site-IEMJ-e1617026590954.jpg\" \/>\n\t<meta property=\"og:image:width\" content=\"218\" \/>\n\t<meta property=\"og:image:height\" content=\"218\" \/>\n\t<meta property=\"og:image:type\" content=\"image\/jpeg\" \/>\n<meta name=\"author\" content=\"Eleonore Biezunski\" \/>\n<meta name=\"twitter:card\" content=\"summary_large_image\" \/>\n<meta name=\"twitter:label1\" content=\"Scritto da\" \/>\n\t<meta name=\"twitter:data1\" content=\"Eleonore Biezunski\" \/>\n\t<meta name=\"twitter:label2\" content=\"Tempo di lettura stimato\" \/>\n\t<meta name=\"twitter:data2\" content=\"2 minuti\" \/>\n<script type=\"application\/ld+json\" class=\"yoast-schema-graph\">{\"@context\":\"https:\\\/\\\/schema.org\",\"@graph\":[{\"@type\":\"Article\",\"@id\":\"https:\\\/\\\/www.iemj.org\\\/it\\\/cooper-adrienne-1946-2011\\\/#article\",\"isPartOf\":{\"@id\":\"https:\\\/\\\/www.iemj.org\\\/it\\\/cooper-adrienne-1946-2011\\\/\"},\"author\":{\"name\":\"Eleonore Biezunski\",\"@id\":\"https:\\\/\\\/www.iemj.org\\\/it\\\/#\\\/schema\\\/person\\\/b642ef6ac700534beb3a478a1044fc58\"},\"headline\":\"Cooper, Adrienne (1946-2011)\",\"datePublished\":\"2015-09-01T14:14:24+00:00\",\"dateModified\":\"2025-09-02T07:55:15+00:00\",\"mainEntityOfPage\":{\"@id\":\"https:\\\/\\\/www.iemj.org\\\/it\\\/cooper-adrienne-1946-2011\\\/\"},\"wordCount\":224,\"publisher\":{\"@id\":\"https:\\\/\\\/www.iemj.org\\\/it\\\/#organization\"},\"image\":{\"@id\":\"https:\\\/\\\/www.iemj.org\\\/it\\\/cooper-adrienne-1946-2011\\\/#primaryimage\"},\"thumbnailUrl\":\"https:\\\/\\\/www.iemj.org\\\/wp-content\\\/uploads\\\/2015\\\/09\\\/Photo-Adrienne-Cooper-nv-site-IEMJ-e1617026590954.jpg\",\"articleSection\":[\"Biografie\"],\"inLanguage\":\"it-IT\"},{\"@type\":\"WebPage\",\"@id\":\"https:\\\/\\\/www.iemj.org\\\/it\\\/cooper-adrienne-1946-2011\\\/\",\"url\":\"https:\\\/\\\/www.iemj.org\\\/it\\\/cooper-adrienne-1946-2011\\\/\",\"name\":\"Cooper, Adrienne (1946-2011) - Institut Europ\u00e9en des Musiques Juives\",\"isPartOf\":{\"@id\":\"https:\\\/\\\/www.iemj.org\\\/it\\\/#website\"},\"primaryImageOfPage\":{\"@id\":\"https:\\\/\\\/www.iemj.org\\\/it\\\/cooper-adrienne-1946-2011\\\/#primaryimage\"},\"image\":{\"@id\":\"https:\\\/\\\/www.iemj.org\\\/it\\\/cooper-adrienne-1946-2011\\\/#primaryimage\"},\"thumbnailUrl\":\"https:\\\/\\\/www.iemj.org\\\/wp-content\\\/uploads\\\/2015\\\/09\\\/Photo-Adrienne-Cooper-nv-site-IEMJ-e1617026590954.jpg\",\"datePublished\":\"2015-09-01T14:14:24+00:00\",\"dateModified\":\"2025-09-02T07:55:15+00:00\",\"breadcrumb\":{\"@id\":\"https:\\\/\\\/www.iemj.org\\\/it\\\/cooper-adrienne-1946-2011\\\/#breadcrumb\"},\"inLanguage\":\"it-IT\",\"potentialAction\":[{\"@type\":\"ReadAction\",\"target\":[\"https:\\\/\\\/www.iemj.org\\\/it\\\/cooper-adrienne-1946-2011\\\/\"]}]},{\"@type\":\"ImageObject\",\"inLanguage\":\"it-IT\",\"@id\":\"https:\\\/\\\/www.iemj.org\\\/it\\\/cooper-adrienne-1946-2011\\\/#primaryimage\",\"url\":\"https:\\\/\\\/www.iemj.org\\\/wp-content\\\/uploads\\\/2015\\\/09\\\/Photo-Adrienne-Cooper-nv-site-IEMJ-e1617026590954.jpg\",\"contentUrl\":\"https:\\\/\\\/www.iemj.org\\\/wp-content\\\/uploads\\\/2015\\\/09\\\/Photo-Adrienne-Cooper-nv-site-IEMJ-e1617026590954.jpg\",\"width\":218,\"height\":218},{\"@type\":\"BreadcrumbList\",\"@id\":\"https:\\\/\\\/www.iemj.org\\\/it\\\/cooper-adrienne-1946-2011\\\/#breadcrumb\",\"itemListElement\":[{\"@type\":\"ListItem\",\"position\":1,\"name\":\"Accueil\",\"item\":\"https:\\\/\\\/www.iemj.org\\\/it\\\/\"},{\"@type\":\"ListItem\",\"position\":2,\"name\":\"Cooper, Adrienne (1946-2011)\"}]},{\"@type\":\"WebSite\",\"@id\":\"https:\\\/\\\/www.iemj.org\\\/it\\\/#website\",\"url\":\"https:\\\/\\\/www.iemj.org\\\/it\\\/\",\"name\":\"Institut Europ\u00e9en des Musiques Juives\",\"description\":\"Des traditions musicales \u00e0 la port\u00e9e de tous\",\"publisher\":{\"@id\":\"https:\\\/\\\/www.iemj.org\\\/it\\\/#organization\"},\"potentialAction\":[{\"@type\":\"SearchAction\",\"target\":{\"@type\":\"EntryPoint\",\"urlTemplate\":\"https:\\\/\\\/www.iemj.org\\\/it\\\/?s={search_term_string}\"},\"query-input\":{\"@type\":\"PropertyValueSpecification\",\"valueRequired\":true,\"valueName\":\"search_term_string\"}}],\"inLanguage\":\"it-IT\"},{\"@type\":\"Organization\",\"@id\":\"https:\\\/\\\/www.iemj.org\\\/it\\\/#organization\",\"name\":\"Institut Europ\u00e9en des Musiques Juives\",\"url\":\"https:\\\/\\\/www.iemj.org\\\/it\\\/\",\"logo\":{\"@type\":\"ImageObject\",\"inLanguage\":\"it-IT\",\"@id\":\"https:\\\/\\\/www.iemj.org\\\/it\\\/#\\\/schema\\\/logo\\\/image\\\/\",\"url\":\"https:\\\/\\\/www.iemj.org\\\/wp-content\\\/uploads\\\/2021\\\/09\\\/Logo-IEMJ-Paypal.jpg\",\"contentUrl\":\"https:\\\/\\\/www.iemj.org\\\/wp-content\\\/uploads\\\/2021\\\/09\\\/Logo-IEMJ-Paypal.jpg\",\"width\":150,\"height\":50,\"caption\":\"Institut Europ\u00e9en des Musiques Juives\"},\"image\":{\"@id\":\"https:\\\/\\\/www.iemj.org\\\/it\\\/#\\\/schema\\\/logo\\\/image\\\/\"},\"sameAs\":[\"https:\\\/\\\/www.facebook.com\\\/MusiquesJuives\\\/\",\"https:\\\/\\\/www.instagram.com\\\/musiquesjuives\\\/\",\"https:\\\/\\\/www.youtube.com\\\/user\\\/musiquesjuives\"]},{\"@type\":\"Person\",\"@id\":\"https:\\\/\\\/www.iemj.org\\\/it\\\/#\\\/schema\\\/person\\\/b642ef6ac700534beb3a478a1044fc58\",\"name\":\"Eleonore Biezunski\",\"image\":{\"@type\":\"ImageObject\",\"inLanguage\":\"it-IT\",\"@id\":\"https:\\\/\\\/secure.gravatar.com\\\/avatar\\\/23ebe6af626286145e05768bed85e683b6fb680909f71fae7052aa52346a660a?s=96&d=mm&r=g\",\"url\":\"https:\\\/\\\/secure.gravatar.com\\\/avatar\\\/23ebe6af626286145e05768bed85e683b6fb680909f71fae7052aa52346a660a?s=96&d=mm&r=g\",\"contentUrl\":\"https:\\\/\\\/secure.gravatar.com\\\/avatar\\\/23ebe6af626286145e05768bed85e683b6fb680909f71fae7052aa52346a660a?s=96&d=mm&r=g\",\"caption\":\"Eleonore Biezunski\"}}]}<\/script>\n<!-- \/ Yoast SEO plugin. -->","yoast_head_json":{"title":"Cooper, Adrienne (1946-2011) - Institut Europ\u00e9en des Musiques Juives","robots":{"index":"index","follow":"follow","max-snippet":"max-snippet:-1","max-image-preview":"max-image-preview:large","max-video-preview":"max-video-preview:-1"},"canonical":"https:\/\/www.iemj.org\/it\/cooper-adrienne-1946-2011\/","og_locale":"it_IT","og_type":"article","og_title":"Cooper, Adrienne (1946-2011) - Institut Europ\u00e9en des Musiques Juives","og_description":"Adrienne Khana Cooper (1 settembre 1946 &#8211; 25 dicembre 2011) \u00e8 stata una cantante &#8211; una delle grandi cantanti yiddish del nostro tempo &#8211; ed una militante. Ha svolto un","og_url":"https:\/\/www.iemj.org\/it\/cooper-adrienne-1946-2011\/","og_site_name":"Institut Europ\u00e9en des Musiques Juives","article_publisher":"https:\/\/www.facebook.com\/MusiquesJuives\/","article_published_time":"2015-09-01T14:14:24+00:00","article_modified_time":"2025-09-02T07:55:15+00:00","og_image":[{"width":218,"height":218,"url":"https:\/\/www.iemj.org\/wp-content\/uploads\/2015\/09\/Photo-Adrienne-Cooper-nv-site-IEMJ-e1617026590954.jpg","type":"image\/jpeg"}],"author":"Eleonore Biezunski","twitter_card":"summary_large_image","twitter_misc":{"Scritto da":"Eleonore Biezunski","Tempo di lettura stimato":"2 minuti"},"schema":{"@context":"https:\/\/schema.org","@graph":[{"@type":"Article","@id":"https:\/\/www.iemj.org\/it\/cooper-adrienne-1946-2011\/#article","isPartOf":{"@id":"https:\/\/www.iemj.org\/it\/cooper-adrienne-1946-2011\/"},"author":{"name":"Eleonore Biezunski","@id":"https:\/\/www.iemj.org\/it\/#\/schema\/person\/b642ef6ac700534beb3a478a1044fc58"},"headline":"Cooper, Adrienne (1946-2011)","datePublished":"2015-09-01T14:14:24+00:00","dateModified":"2025-09-02T07:55:15+00:00","mainEntityOfPage":{"@id":"https:\/\/www.iemj.org\/it\/cooper-adrienne-1946-2011\/"},"wordCount":224,"publisher":{"@id":"https:\/\/www.iemj.org\/it\/#organization"},"image":{"@id":"https:\/\/www.iemj.org\/it\/cooper-adrienne-1946-2011\/#primaryimage"},"thumbnailUrl":"https:\/\/www.iemj.org\/wp-content\/uploads\/2015\/09\/Photo-Adrienne-Cooper-nv-site-IEMJ-e1617026590954.jpg","articleSection":["Biografie"],"inLanguage":"it-IT"},{"@type":"WebPage","@id":"https:\/\/www.iemj.org\/it\/cooper-adrienne-1946-2011\/","url":"https:\/\/www.iemj.org\/it\/cooper-adrienne-1946-2011\/","name":"Cooper, Adrienne (1946-2011) - Institut Europ\u00e9en des Musiques Juives","isPartOf":{"@id":"https:\/\/www.iemj.org\/it\/#website"},"primaryImageOfPage":{"@id":"https:\/\/www.iemj.org\/it\/cooper-adrienne-1946-2011\/#primaryimage"},"image":{"@id":"https:\/\/www.iemj.org\/it\/cooper-adrienne-1946-2011\/#primaryimage"},"thumbnailUrl":"https:\/\/www.iemj.org\/wp-content\/uploads\/2015\/09\/Photo-Adrienne-Cooper-nv-site-IEMJ-e1617026590954.jpg","datePublished":"2015-09-01T14:14:24+00:00","dateModified":"2025-09-02T07:55:15+00:00","breadcrumb":{"@id":"https:\/\/www.iemj.org\/it\/cooper-adrienne-1946-2011\/#breadcrumb"},"inLanguage":"it-IT","potentialAction":[{"@type":"ReadAction","target":["https:\/\/www.iemj.org\/it\/cooper-adrienne-1946-2011\/"]}]},{"@type":"ImageObject","inLanguage":"it-IT","@id":"https:\/\/www.iemj.org\/it\/cooper-adrienne-1946-2011\/#primaryimage","url":"https:\/\/www.iemj.org\/wp-content\/uploads\/2015\/09\/Photo-Adrienne-Cooper-nv-site-IEMJ-e1617026590954.jpg","contentUrl":"https:\/\/www.iemj.org\/wp-content\/uploads\/2015\/09\/Photo-Adrienne-Cooper-nv-site-IEMJ-e1617026590954.jpg","width":218,"height":218},{"@type":"BreadcrumbList","@id":"https:\/\/www.iemj.org\/it\/cooper-adrienne-1946-2011\/#breadcrumb","itemListElement":[{"@type":"ListItem","position":1,"name":"Accueil","item":"https:\/\/www.iemj.org\/it\/"},{"@type":"ListItem","position":2,"name":"Cooper, Adrienne (1946-2011)"}]},{"@type":"WebSite","@id":"https:\/\/www.iemj.org\/it\/#website","url":"https:\/\/www.iemj.org\/it\/","name":"Institut Europ\u00e9en des Musiques Juives","description":"Des traditions musicales \u00e0 la port\u00e9e de tous","publisher":{"@id":"https:\/\/www.iemj.org\/it\/#organization"},"potentialAction":[{"@type":"SearchAction","target":{"@type":"EntryPoint","urlTemplate":"https:\/\/www.iemj.org\/it\/?s={search_term_string}"},"query-input":{"@type":"PropertyValueSpecification","valueRequired":true,"valueName":"search_term_string"}}],"inLanguage":"it-IT"},{"@type":"Organization","@id":"https:\/\/www.iemj.org\/it\/#organization","name":"Institut Europ\u00e9en des Musiques Juives","url":"https:\/\/www.iemj.org\/it\/","logo":{"@type":"ImageObject","inLanguage":"it-IT","@id":"https:\/\/www.iemj.org\/it\/#\/schema\/logo\/image\/","url":"https:\/\/www.iemj.org\/wp-content\/uploads\/2021\/09\/Logo-IEMJ-Paypal.jpg","contentUrl":"https:\/\/www.iemj.org\/wp-content\/uploads\/2021\/09\/Logo-IEMJ-Paypal.jpg","width":150,"height":50,"caption":"Institut Europ\u00e9en des Musiques Juives"},"image":{"@id":"https:\/\/www.iemj.org\/it\/#\/schema\/logo\/image\/"},"sameAs":["https:\/\/www.facebook.com\/MusiquesJuives\/","https:\/\/www.instagram.com\/musiquesjuives\/","https:\/\/www.youtube.com\/user\/musiquesjuives"]},{"@type":"Person","@id":"https:\/\/www.iemj.org\/it\/#\/schema\/person\/b642ef6ac700534beb3a478a1044fc58","name":"Eleonore Biezunski","image":{"@type":"ImageObject","inLanguage":"it-IT","@id":"https:\/\/secure.gravatar.com\/avatar\/23ebe6af626286145e05768bed85e683b6fb680909f71fae7052aa52346a660a?s=96&d=mm&r=g","url":"https:\/\/secure.gravatar.com\/avatar\/23ebe6af626286145e05768bed85e683b6fb680909f71fae7052aa52346a660a?s=96&d=mm&r=g","contentUrl":"https:\/\/secure.gravatar.com\/avatar\/23ebe6af626286145e05768bed85e683b6fb680909f71fae7052aa52346a660a?s=96&d=mm&r=g","caption":"Eleonore Biezunski"}}]}},"_links":{"self":[{"href":"https:\/\/www.iemj.org\/it\/wp-json\/wp\/v2\/posts\/87592","targetHints":{"allow":["GET"]}}],"collection":[{"href":"https:\/\/www.iemj.org\/it\/wp-json\/wp\/v2\/posts"}],"about":[{"href":"https:\/\/www.iemj.org\/it\/wp-json\/wp\/v2\/types\/post"}],"author":[{"embeddable":true,"href":"https:\/\/www.iemj.org\/it\/wp-json\/wp\/v2\/users\/1051"}],"replies":[{"embeddable":true,"href":"https:\/\/www.iemj.org\/it\/wp-json\/wp\/v2\/comments?post=87592"}],"version-history":[{"count":0,"href":"https:\/\/www.iemj.org\/it\/wp-json\/wp\/v2\/posts\/87592\/revisions"}],"wp:featuredmedia":[{"embeddable":true,"href":"https:\/\/www.iemj.org\/it\/wp-json\/wp\/v2\/media\/87594"}],"wp:attachment":[{"href":"https:\/\/www.iemj.org\/it\/wp-json\/wp\/v2\/media?parent=87592"}],"wp:term":[{"taxonomy":"category","embeddable":true,"href":"https:\/\/www.iemj.org\/it\/wp-json\/wp\/v2\/categories?post=87592"},{"taxonomy":"post_tag","embeddable":true,"href":"https:\/\/www.iemj.org\/it\/wp-json\/wp\/v2\/tags?post=87592"},{"taxonomy":"technique","embeddable":true,"href":"https:\/\/www.iemj.org\/it\/wp-json\/wp\/v2\/technique?post=87592"},{"taxonomy":"squelettes","embeddable":true,"href":"https:\/\/www.iemj.org\/it\/wp-json\/wp\/v2\/squelettes?post=87592"},{"taxonomy":"sujet","embeddable":true,"href":"https:\/\/www.iemj.org\/it\/wp-json\/wp\/v2\/sujet?post=87592"},{"taxonomy":"formation","embeddable":true,"href":"https:\/\/www.iemj.org\/it\/wp-json\/wp\/v2\/formation?post=87592"},{"taxonomy":"genre","embeddable":true,"href":"https:\/\/www.iemj.org\/it\/wp-json\/wp\/v2\/genre?post=87592"},{"taxonomy":"fonds","embeddable":true,"href":"https:\/\/www.iemj.org\/it\/wp-json\/wp\/v2\/fonds?post=87592"},{"taxonomy":"tradition","embeddable":true,"href":"https:\/\/www.iemj.org\/it\/wp-json\/wp\/v2\/tradition?post=87592"},{"taxonomy":"type-de-contenu","embeddable":true,"href":"https:\/\/www.iemj.org\/it\/wp-json\/wp\/v2\/type-de-contenu?post=87592"},{"taxonomy":"interprete-compositeur","embeddable":true,"href":"https:\/\/www.iemj.org\/it\/wp-json\/wp\/v2\/interprete-compositeur?post=87592"},{"taxonomy":"frise","embeddable":true,"href":"https:\/\/www.iemj.org\/it\/wp-json\/wp\/v2\/frise?post=87592"},{"taxonomy":"type-devenement","embeddable":true,"href":"https:\/\/www.iemj.org\/it\/wp-json\/wp\/v2\/type-devenement?post=87592"},{"taxonomy":"tableaux-liens-externes","embeddable":true,"href":"https:\/\/www.iemj.org\/it\/wp-json\/wp\/v2\/tableaux-liens-externes?post=87592"}],"curies":[{"name":"wp","href":"https:\/\/api.w.org\/{rel}","templated":true}]}}