{"id":87675,"date":"2016-06-28T15:54:21","date_gmt":"2016-06-28T13:54:21","guid":{"rendered":"https:\/\/www.iemj.org\/cuniot-denis-1953\/"},"modified":"2022-09-21T15:21:11","modified_gmt":"2022-09-21T13:21:11","slug":"cuniot-denis-1953","status":"publish","type":"post","link":"https:\/\/www.iemj.org\/it\/cuniot-denis-1953\/","title":{"rendered":"Cuniot, Denis (1953)"},"content":{"rendered":"<p>Dopo una solida formazione classica, <strong>Denis Cuniot<\/strong> conduce una carriera parallela prima come professore di musica, poi come direttore di conservatorio e come pianista nel campo del jazz e delle musiche improvvisate.<\/p>\n<p>Dal 1983, in seguito all&#8217;incontro amicale e musicale con <a href=\"https:\/\/fr.wikipedia.org\/wiki\/Nano_Peylet\" target=\"_blank\" rel=\"noopener\"><strong>Nano Peylet<\/strong><\/a> (clarinettista del gruppo <strong>Bratsch<\/strong>), diventa uno dei principali iniziatori del rinnovamento e del riconoscimento della musica Klezmer in Francia.<\/p>\n<p>In effetti, \u00e8 proprio da questo incontro con le sonorit\u00e0 del Free Jazz, che Denis Cuniot arriva alla rivelazione del klezmer.<\/p>\n<p>L\u2019yiddish \u00e8 la lingua materna di sua madre, <strong>Bluma M\u00e9l\u00e9lat<\/strong>, nata a Varsavia nel 1929, ma che non gli ha trasmesso per il suo desiderio d\u2019integrazione e d\u2019assimilazione legato al suo bisogno di allontanare tutti i suoi dolori in particolare quello di \u00ab\u00a0figlio nascosto\u00a0\u00bb e quello della scomparsa della maggior parte della sua famiglia. Ci si pu\u00f2 legittimamente chiedere se non sia l&#8217;assenza di trasmissione della lingua madre a spingere <strong>Denis Cuniot<\/strong> ad avvicinarsi alla musica klezmer (&#8220;Kli-Zemer&#8221;, letteralmente strumento del canto, della voce), per sopperire a questa mancanza. Una musica che fa sentire lo yiddish senza dirlo&#8230;<\/p>\n<h3><strong>Principali contributi alla musica klezmer ed alla cultura musicale yiddish<\/strong><\/h3>\n<p>Nel 1984 crea con Nano lo spettacolo musicale <em>Note di viaggio, Viaggio di note<\/em> da un racconto di <strong>Chelm<\/strong>: <em>Quando Shlemiel fugg\u00ec da Varsavia<\/em>, noto anche come <em>Gueitzel il Curioso<\/em>. Attraverso questo racconto, scopre il genio della letteratura yiddish e si rivolge a diversi insegnanti yiddish per ottenerne una traduzione in francese.<\/p>\n<p>Dopo aver registrato tre album, nell&#8217;ambito del duo Peylet-Cuniot<em>: Musica dei Klezmorim e dei loro discendenti, Musica Klezmer di ieri e di domani <\/em>e<em> L&#8217;Amore des Niguns,<\/em> Denis Cuniot partecipa ugualmente alla registrazione del disco: <em>Nano Peylet e amici<\/em>, nel 1993, riunendo diversi duetti attorno a Nano Peylet.<\/p>\n<p>Nel 1995 <strong>Denis Cuniot<\/strong> fonda con <strong>Philippe Briegh<\/strong> il gruppo <strong>L&#8217;Orient Express Moving<\/strong> <strong>Schnorers<\/strong>, con il quale registra il primo album di questa grande formazione: <em>L\u2019indomani della vigilia<\/em>, nel 1996.<\/p>\n<p>Dopo aver lasciato questa formazione nel 1998, crea <em>I rendez-vous al m\u00e9tro Saint Paul<\/em>, basato sui racconti di <strong>Cyrille Fleischman,<\/strong> uno spettacolo in cui \u00e8 solo in scena e di cui \u00e8 narratore e pianista.<\/p>\n<p>Nel 2000, con il giovane virtuoso clarinettista <strong>Yomguih<\/strong> (o <strong>Yom<\/strong>) fonda un duo e registra il disco <em>Il Golem sulla Luna<\/em>.<\/p>\n<p>Va inoltre notato che nel 2005 partecipa alla nascita della <strong>Fanfara Klezmer d&#8217;\u00cele-de-France<\/strong>, riunendo pi\u00f9 di quaranta musicisti dilettanti e professionisti dell&#8217;\u00cele-de-France. Il repertorio \u00e8 composto da temi klezmer e canzoni yiddish.<\/p>\n<p>Nel 2007, il suo album <em>Confidenziale Klezmer<\/em> beneficer\u00e0 di ampi riconoscimenti sia da parte della stampa che del pubblico in generale.<\/p>\n<p>Dal 2008 al 2011 partecipa al progetto di <strong>Yom<\/strong>, <em>Nuovo Re del Clarinetto Klezmer<\/em>t.<\/p>\n<p>Con Bruno Girard, nel 2008, fonda il duo <strong>YAT, Yiddish Atmospheric Touch<\/strong>, dedicato alla canzone Yiddish. Il loro primo CD <em>Mir Geyen<\/em> che include la canzone <em>Brooklyn by the sea<\/em> di <strong>Mort Shuman<\/strong>, tradotta in yiddish, \u00e8 pubblicato nel 2011.<\/p>\n<p>Nel 2012 pubblica il suo secondo album da solista, <em>Perpetuo Klezmer<\/em>.<\/p>\n<p>Nel 2013 fonda un duo con <strong>David Konopnicki<\/strong> alle chitarre elettriche, che rende omaggio agli attuali compositori di musica klezmer, in particolare ai musicisti americani e francesi.<\/p>\n<p>Nel 2014, per celebrare i suoi 30 anni di impegno per la cultura yiddish e la musica klezmer, propone un concerto di oltre 6 ore: Le <em>R\u00e2ga Klezmer<\/em> in un repertorio che abbraccia due secoli di musica klezmer.<\/p>\n<p>Nel 2016 riceve il <strong>Premio Max Cukierman<\/strong> per il suo contributo alla cultura yiddish.<\/p>\n<p>Nel 2017, in occasione della 3a edizione del concerto di gala dell&#8217;Istituto Europeo di Musiche Ebraiche, crea lo spettacolo <a href=\"https:\/\/www.iemj.org\/en\/gala-concert-of-the-european-institute-for-jewish-music-3rd-edition\/\" target=\"_blank\" rel=\"noopener\">Klezmer Trans&#8217;Africaine<\/a> che avvicina le musiche africane e klezmer, entrambe basate sulla danza, la spiritualit\u00e0 e la trance.<\/p>\n<p><a href=\"http:\/\/www.deniscuniot.fr\/\" target=\"_blank\" rel=\"noopener\">Sito di Denis Cuniot<\/a><\/p>\n<p><a href=\"http:\/\/www.rachelnet.net\/F\/?func=find-c&amp;ccl_term=WRD+%3D+Denis+Cuniot&amp;local_base=iemcg\" target=\"_blank\" rel=\"noopener\">Consultare i nostri archivi su Denis Cuniot<\/a><\/p>\n","protected":false},"excerpt":{"rendered":"<p>Dopo una solida formazione classica, Denis Cuniot conduce una carriera parallela prima come professore di musica, poi come direttore di conservatorio e come pianista nel campo del jazz e delle<\/p>\n","protected":false},"author":5,"featured_media":87676,"comment_status":"closed","ping_status":"open","sticky":false,"template":"","format":"standard","meta":{"_acf_changed":false,"footnotes":""},"categories":[1416],"tags":[],"technique":[],"squelettes":[],"sujet":[],"formation":[],"genre":[1874],"fonds":[],"tradition":[],"type-de-contenu":[],"interprete-compositeur":[3137],"frise":[],"type-devenement":[],"tableaux-liens-externes":[],"class_list":["post-87675","post","type-post","status-publish","format-standard","has-post-thumbnail","hentry","category-biografie-it","genre-klezmer-it","interprete-compositeur-denis-cuniot-it"],"acf":[],"yoast_head":"<!-- This site is optimized with the Yoast SEO plugin v27.3 - https:\/\/yoast.com\/product\/yoast-seo-wordpress\/ -->\n<title>Cuniot, Denis (1953) - Institut Europ\u00e9en des Musiques Juives<\/title>\n<meta name=\"robots\" content=\"index, follow, max-snippet:-1, max-image-preview:large, max-video-preview:-1\" \/>\n<link rel=\"canonical\" href=\"https:\/\/www.iemj.org\/it\/cuniot-denis-1953\/\" \/>\n<meta property=\"og:locale\" content=\"it_IT\" \/>\n<meta property=\"og:type\" content=\"article\" \/>\n<meta property=\"og:title\" content=\"Cuniot, Denis (1953) - Institut Europ\u00e9en des Musiques Juives\" \/>\n<meta property=\"og:description\" content=\"Dopo una solida formazione classica, Denis Cuniot conduce una carriera parallela prima come professore di musica, poi come direttore di conservatorio e come pianista nel campo del jazz e delle\" \/>\n<meta property=\"og:url\" content=\"https:\/\/www.iemj.org\/it\/cuniot-denis-1953\/\" \/>\n<meta property=\"og:site_name\" content=\"Institut Europ\u00e9en des Musiques Juives\" \/>\n<meta property=\"article:publisher\" content=\"https:\/\/www.facebook.com\/MusiquesJuives\/\" \/>\n<meta property=\"article:published_time\" content=\"2016-06-28T13:54:21+00:00\" \/>\n<meta property=\"article:modified_time\" content=\"2022-09-21T13:21:11+00:00\" \/>\n<meta property=\"og:image\" content=\"https:\/\/www.iemj.org\/wp-content\/uploads\/2016\/06\/arton1799-e1617025522910.jpg\" \/>\n\t<meta property=\"og:image:width\" content=\"218\" \/>\n\t<meta property=\"og:image:height\" content=\"218\" \/>\n\t<meta property=\"og:image:type\" content=\"image\/jpeg\" \/>\n<meta name=\"author\" content=\"Jacqueline ROTEN\" \/>\n<meta name=\"twitter:card\" content=\"summary_large_image\" \/>\n<meta name=\"twitter:label1\" content=\"Scritto da\" \/>\n\t<meta name=\"twitter:data1\" content=\"Jacqueline ROTEN\" \/>\n\t<meta name=\"twitter:label2\" content=\"Tempo di lettura stimato\" \/>\n\t<meta name=\"twitter:data2\" content=\"4 minuti\" \/>\n<script type=\"application\/ld+json\" class=\"yoast-schema-graph\">{\"@context\":\"https:\\\/\\\/schema.org\",\"@graph\":[{\"@type\":\"Article\",\"@id\":\"https:\\\/\\\/www.iemj.org\\\/it\\\/cuniot-denis-1953\\\/#article\",\"isPartOf\":{\"@id\":\"https:\\\/\\\/www.iemj.org\\\/it\\\/cuniot-denis-1953\\\/\"},\"author\":{\"name\":\"Jacqueline ROTEN\",\"@id\":\"https:\\\/\\\/www.iemj.org\\\/it\\\/#\\\/schema\\\/person\\\/358e26c18aca017fcc4cc15437f7279c\"},\"headline\":\"Cuniot, Denis (1953)\",\"datePublished\":\"2016-06-28T13:54:21+00:00\",\"dateModified\":\"2022-09-21T13:21:11+00:00\",\"mainEntityOfPage\":{\"@id\":\"https:\\\/\\\/www.iemj.org\\\/it\\\/cuniot-denis-1953\\\/\"},\"wordCount\":614,\"publisher\":{\"@id\":\"https:\\\/\\\/www.iemj.org\\\/it\\\/#organization\"},\"image\":{\"@id\":\"https:\\\/\\\/www.iemj.org\\\/it\\\/cuniot-denis-1953\\\/#primaryimage\"},\"thumbnailUrl\":\"https:\\\/\\\/www.iemj.org\\\/wp-content\\\/uploads\\\/2016\\\/06\\\/arton1799-e1617025522910.jpg\",\"articleSection\":[\"Biografie\"],\"inLanguage\":\"it-IT\"},{\"@type\":\"WebPage\",\"@id\":\"https:\\\/\\\/www.iemj.org\\\/it\\\/cuniot-denis-1953\\\/\",\"url\":\"https:\\\/\\\/www.iemj.org\\\/it\\\/cuniot-denis-1953\\\/\",\"name\":\"Cuniot, Denis (1953) - Institut Europ\u00e9en des Musiques Juives\",\"isPartOf\":{\"@id\":\"https:\\\/\\\/www.iemj.org\\\/it\\\/#website\"},\"primaryImageOfPage\":{\"@id\":\"https:\\\/\\\/www.iemj.org\\\/it\\\/cuniot-denis-1953\\\/#primaryimage\"},\"image\":{\"@id\":\"https:\\\/\\\/www.iemj.org\\\/it\\\/cuniot-denis-1953\\\/#primaryimage\"},\"thumbnailUrl\":\"https:\\\/\\\/www.iemj.org\\\/wp-content\\\/uploads\\\/2016\\\/06\\\/arton1799-e1617025522910.jpg\",\"datePublished\":\"2016-06-28T13:54:21+00:00\",\"dateModified\":\"2022-09-21T13:21:11+00:00\",\"breadcrumb\":{\"@id\":\"https:\\\/\\\/www.iemj.org\\\/it\\\/cuniot-denis-1953\\\/#breadcrumb\"},\"inLanguage\":\"it-IT\",\"potentialAction\":[{\"@type\":\"ReadAction\",\"target\":[\"https:\\\/\\\/www.iemj.org\\\/it\\\/cuniot-denis-1953\\\/\"]}]},{\"@type\":\"ImageObject\",\"inLanguage\":\"it-IT\",\"@id\":\"https:\\\/\\\/www.iemj.org\\\/it\\\/cuniot-denis-1953\\\/#primaryimage\",\"url\":\"https:\\\/\\\/www.iemj.org\\\/wp-content\\\/uploads\\\/2016\\\/06\\\/arton1799-e1617025522910.jpg\",\"contentUrl\":\"https:\\\/\\\/www.iemj.org\\\/wp-content\\\/uploads\\\/2016\\\/06\\\/arton1799-e1617025522910.jpg\",\"width\":218,\"height\":218},{\"@type\":\"BreadcrumbList\",\"@id\":\"https:\\\/\\\/www.iemj.org\\\/it\\\/cuniot-denis-1953\\\/#breadcrumb\",\"itemListElement\":[{\"@type\":\"ListItem\",\"position\":1,\"name\":\"Accueil\",\"item\":\"https:\\\/\\\/www.iemj.org\\\/it\\\/\"},{\"@type\":\"ListItem\",\"position\":2,\"name\":\"Cuniot, Denis (1953)\"}]},{\"@type\":\"WebSite\",\"@id\":\"https:\\\/\\\/www.iemj.org\\\/it\\\/#website\",\"url\":\"https:\\\/\\\/www.iemj.org\\\/it\\\/\",\"name\":\"Institut Europ\u00e9en des Musiques Juives\",\"description\":\"Des traditions musicales \u00e0 la port\u00e9e de tous\",\"publisher\":{\"@id\":\"https:\\\/\\\/www.iemj.org\\\/it\\\/#organization\"},\"potentialAction\":[{\"@type\":\"SearchAction\",\"target\":{\"@type\":\"EntryPoint\",\"urlTemplate\":\"https:\\\/\\\/www.iemj.org\\\/it\\\/?s={search_term_string}\"},\"query-input\":{\"@type\":\"PropertyValueSpecification\",\"valueRequired\":true,\"valueName\":\"search_term_string\"}}],\"inLanguage\":\"it-IT\"},{\"@type\":\"Organization\",\"@id\":\"https:\\\/\\\/www.iemj.org\\\/it\\\/#organization\",\"name\":\"Institut Europ\u00e9en des Musiques Juives\",\"url\":\"https:\\\/\\\/www.iemj.org\\\/it\\\/\",\"logo\":{\"@type\":\"ImageObject\",\"inLanguage\":\"it-IT\",\"@id\":\"https:\\\/\\\/www.iemj.org\\\/it\\\/#\\\/schema\\\/logo\\\/image\\\/\",\"url\":\"https:\\\/\\\/www.iemj.org\\\/wp-content\\\/uploads\\\/2021\\\/09\\\/Logo-IEMJ-Paypal.jpg\",\"contentUrl\":\"https:\\\/\\\/www.iemj.org\\\/wp-content\\\/uploads\\\/2021\\\/09\\\/Logo-IEMJ-Paypal.jpg\",\"width\":150,\"height\":50,\"caption\":\"Institut Europ\u00e9en des Musiques Juives\"},\"image\":{\"@id\":\"https:\\\/\\\/www.iemj.org\\\/it\\\/#\\\/schema\\\/logo\\\/image\\\/\"},\"sameAs\":[\"https:\\\/\\\/www.facebook.com\\\/MusiquesJuives\\\/\",\"https:\\\/\\\/www.instagram.com\\\/musiquesjuives\\\/\",\"https:\\\/\\\/www.youtube.com\\\/user\\\/musiquesjuives\"]},{\"@type\":\"Person\",\"@id\":\"https:\\\/\\\/www.iemj.org\\\/it\\\/#\\\/schema\\\/person\\\/358e26c18aca017fcc4cc15437f7279c\",\"name\":\"Jacqueline ROTEN\",\"image\":{\"@type\":\"ImageObject\",\"inLanguage\":\"it-IT\",\"@id\":\"https:\\\/\\\/secure.gravatar.com\\\/avatar\\\/5964256d6c6957de3a3505278957e0fb2a35119ac47ea41827a65301213c810b?s=96&d=mm&r=g\",\"url\":\"https:\\\/\\\/secure.gravatar.com\\\/avatar\\\/5964256d6c6957de3a3505278957e0fb2a35119ac47ea41827a65301213c810b?s=96&d=mm&r=g\",\"contentUrl\":\"https:\\\/\\\/secure.gravatar.com\\\/avatar\\\/5964256d6c6957de3a3505278957e0fb2a35119ac47ea41827a65301213c810b?s=96&d=mm&r=g\",\"caption\":\"Jacqueline ROTEN\"}}]}<\/script>\n<!-- \/ Yoast SEO plugin. -->","yoast_head_json":{"title":"Cuniot, Denis (1953) - Institut Europ\u00e9en des Musiques Juives","robots":{"index":"index","follow":"follow","max-snippet":"max-snippet:-1","max-image-preview":"max-image-preview:large","max-video-preview":"max-video-preview:-1"},"canonical":"https:\/\/www.iemj.org\/it\/cuniot-denis-1953\/","og_locale":"it_IT","og_type":"article","og_title":"Cuniot, Denis (1953) - Institut Europ\u00e9en des Musiques Juives","og_description":"Dopo una solida formazione classica, Denis Cuniot conduce una carriera parallela prima come professore di musica, poi come direttore di conservatorio e come pianista nel campo del jazz e delle","og_url":"https:\/\/www.iemj.org\/it\/cuniot-denis-1953\/","og_site_name":"Institut Europ\u00e9en des Musiques Juives","article_publisher":"https:\/\/www.facebook.com\/MusiquesJuives\/","article_published_time":"2016-06-28T13:54:21+00:00","article_modified_time":"2022-09-21T13:21:11+00:00","og_image":[{"width":218,"height":218,"url":"https:\/\/www.iemj.org\/wp-content\/uploads\/2016\/06\/arton1799-e1617025522910.jpg","type":"image\/jpeg"}],"author":"Jacqueline ROTEN","twitter_card":"summary_large_image","twitter_misc":{"Scritto da":"Jacqueline ROTEN","Tempo di lettura stimato":"4 minuti"},"schema":{"@context":"https:\/\/schema.org","@graph":[{"@type":"Article","@id":"https:\/\/www.iemj.org\/it\/cuniot-denis-1953\/#article","isPartOf":{"@id":"https:\/\/www.iemj.org\/it\/cuniot-denis-1953\/"},"author":{"name":"Jacqueline ROTEN","@id":"https:\/\/www.iemj.org\/it\/#\/schema\/person\/358e26c18aca017fcc4cc15437f7279c"},"headline":"Cuniot, Denis (1953)","datePublished":"2016-06-28T13:54:21+00:00","dateModified":"2022-09-21T13:21:11+00:00","mainEntityOfPage":{"@id":"https:\/\/www.iemj.org\/it\/cuniot-denis-1953\/"},"wordCount":614,"publisher":{"@id":"https:\/\/www.iemj.org\/it\/#organization"},"image":{"@id":"https:\/\/www.iemj.org\/it\/cuniot-denis-1953\/#primaryimage"},"thumbnailUrl":"https:\/\/www.iemj.org\/wp-content\/uploads\/2016\/06\/arton1799-e1617025522910.jpg","articleSection":["Biografie"],"inLanguage":"it-IT"},{"@type":"WebPage","@id":"https:\/\/www.iemj.org\/it\/cuniot-denis-1953\/","url":"https:\/\/www.iemj.org\/it\/cuniot-denis-1953\/","name":"Cuniot, Denis (1953) - Institut Europ\u00e9en des Musiques Juives","isPartOf":{"@id":"https:\/\/www.iemj.org\/it\/#website"},"primaryImageOfPage":{"@id":"https:\/\/www.iemj.org\/it\/cuniot-denis-1953\/#primaryimage"},"image":{"@id":"https:\/\/www.iemj.org\/it\/cuniot-denis-1953\/#primaryimage"},"thumbnailUrl":"https:\/\/www.iemj.org\/wp-content\/uploads\/2016\/06\/arton1799-e1617025522910.jpg","datePublished":"2016-06-28T13:54:21+00:00","dateModified":"2022-09-21T13:21:11+00:00","breadcrumb":{"@id":"https:\/\/www.iemj.org\/it\/cuniot-denis-1953\/#breadcrumb"},"inLanguage":"it-IT","potentialAction":[{"@type":"ReadAction","target":["https:\/\/www.iemj.org\/it\/cuniot-denis-1953\/"]}]},{"@type":"ImageObject","inLanguage":"it-IT","@id":"https:\/\/www.iemj.org\/it\/cuniot-denis-1953\/#primaryimage","url":"https:\/\/www.iemj.org\/wp-content\/uploads\/2016\/06\/arton1799-e1617025522910.jpg","contentUrl":"https:\/\/www.iemj.org\/wp-content\/uploads\/2016\/06\/arton1799-e1617025522910.jpg","width":218,"height":218},{"@type":"BreadcrumbList","@id":"https:\/\/www.iemj.org\/it\/cuniot-denis-1953\/#breadcrumb","itemListElement":[{"@type":"ListItem","position":1,"name":"Accueil","item":"https:\/\/www.iemj.org\/it\/"},{"@type":"ListItem","position":2,"name":"Cuniot, Denis (1953)"}]},{"@type":"WebSite","@id":"https:\/\/www.iemj.org\/it\/#website","url":"https:\/\/www.iemj.org\/it\/","name":"Institut Europ\u00e9en des Musiques Juives","description":"Des traditions musicales \u00e0 la port\u00e9e de tous","publisher":{"@id":"https:\/\/www.iemj.org\/it\/#organization"},"potentialAction":[{"@type":"SearchAction","target":{"@type":"EntryPoint","urlTemplate":"https:\/\/www.iemj.org\/it\/?s={search_term_string}"},"query-input":{"@type":"PropertyValueSpecification","valueRequired":true,"valueName":"search_term_string"}}],"inLanguage":"it-IT"},{"@type":"Organization","@id":"https:\/\/www.iemj.org\/it\/#organization","name":"Institut Europ\u00e9en des Musiques Juives","url":"https:\/\/www.iemj.org\/it\/","logo":{"@type":"ImageObject","inLanguage":"it-IT","@id":"https:\/\/www.iemj.org\/it\/#\/schema\/logo\/image\/","url":"https:\/\/www.iemj.org\/wp-content\/uploads\/2021\/09\/Logo-IEMJ-Paypal.jpg","contentUrl":"https:\/\/www.iemj.org\/wp-content\/uploads\/2021\/09\/Logo-IEMJ-Paypal.jpg","width":150,"height":50,"caption":"Institut Europ\u00e9en des Musiques Juives"},"image":{"@id":"https:\/\/www.iemj.org\/it\/#\/schema\/logo\/image\/"},"sameAs":["https:\/\/www.facebook.com\/MusiquesJuives\/","https:\/\/www.instagram.com\/musiquesjuives\/","https:\/\/www.youtube.com\/user\/musiquesjuives"]},{"@type":"Person","@id":"https:\/\/www.iemj.org\/it\/#\/schema\/person\/358e26c18aca017fcc4cc15437f7279c","name":"Jacqueline ROTEN","image":{"@type":"ImageObject","inLanguage":"it-IT","@id":"https:\/\/secure.gravatar.com\/avatar\/5964256d6c6957de3a3505278957e0fb2a35119ac47ea41827a65301213c810b?s=96&d=mm&r=g","url":"https:\/\/secure.gravatar.com\/avatar\/5964256d6c6957de3a3505278957e0fb2a35119ac47ea41827a65301213c810b?s=96&d=mm&r=g","contentUrl":"https:\/\/secure.gravatar.com\/avatar\/5964256d6c6957de3a3505278957e0fb2a35119ac47ea41827a65301213c810b?s=96&d=mm&r=g","caption":"Jacqueline ROTEN"}}]}},"_links":{"self":[{"href":"https:\/\/www.iemj.org\/it\/wp-json\/wp\/v2\/posts\/87675","targetHints":{"allow":["GET"]}}],"collection":[{"href":"https:\/\/www.iemj.org\/it\/wp-json\/wp\/v2\/posts"}],"about":[{"href":"https:\/\/www.iemj.org\/it\/wp-json\/wp\/v2\/types\/post"}],"author":[{"embeddable":true,"href":"https:\/\/www.iemj.org\/it\/wp-json\/wp\/v2\/users\/5"}],"replies":[{"embeddable":true,"href":"https:\/\/www.iemj.org\/it\/wp-json\/wp\/v2\/comments?post=87675"}],"version-history":[{"count":0,"href":"https:\/\/www.iemj.org\/it\/wp-json\/wp\/v2\/posts\/87675\/revisions"}],"wp:featuredmedia":[{"embeddable":true,"href":"https:\/\/www.iemj.org\/it\/wp-json\/wp\/v2\/media\/87676"}],"wp:attachment":[{"href":"https:\/\/www.iemj.org\/it\/wp-json\/wp\/v2\/media?parent=87675"}],"wp:term":[{"taxonomy":"category","embeddable":true,"href":"https:\/\/www.iemj.org\/it\/wp-json\/wp\/v2\/categories?post=87675"},{"taxonomy":"post_tag","embeddable":true,"href":"https:\/\/www.iemj.org\/it\/wp-json\/wp\/v2\/tags?post=87675"},{"taxonomy":"technique","embeddable":true,"href":"https:\/\/www.iemj.org\/it\/wp-json\/wp\/v2\/technique?post=87675"},{"taxonomy":"squelettes","embeddable":true,"href":"https:\/\/www.iemj.org\/it\/wp-json\/wp\/v2\/squelettes?post=87675"},{"taxonomy":"sujet","embeddable":true,"href":"https:\/\/www.iemj.org\/it\/wp-json\/wp\/v2\/sujet?post=87675"},{"taxonomy":"formation","embeddable":true,"href":"https:\/\/www.iemj.org\/it\/wp-json\/wp\/v2\/formation?post=87675"},{"taxonomy":"genre","embeddable":true,"href":"https:\/\/www.iemj.org\/it\/wp-json\/wp\/v2\/genre?post=87675"},{"taxonomy":"fonds","embeddable":true,"href":"https:\/\/www.iemj.org\/it\/wp-json\/wp\/v2\/fonds?post=87675"},{"taxonomy":"tradition","embeddable":true,"href":"https:\/\/www.iemj.org\/it\/wp-json\/wp\/v2\/tradition?post=87675"},{"taxonomy":"type-de-contenu","embeddable":true,"href":"https:\/\/www.iemj.org\/it\/wp-json\/wp\/v2\/type-de-contenu?post=87675"},{"taxonomy":"interprete-compositeur","embeddable":true,"href":"https:\/\/www.iemj.org\/it\/wp-json\/wp\/v2\/interprete-compositeur?post=87675"},{"taxonomy":"frise","embeddable":true,"href":"https:\/\/www.iemj.org\/it\/wp-json\/wp\/v2\/frise?post=87675"},{"taxonomy":"type-devenement","embeddable":true,"href":"https:\/\/www.iemj.org\/it\/wp-json\/wp\/v2\/type-devenement?post=87675"},{"taxonomy":"tableaux-liens-externes","embeddable":true,"href":"https:\/\/www.iemj.org\/it\/wp-json\/wp\/v2\/tableaux-liens-externes?post=87675"}],"curies":[{"name":"wp","href":"https:\/\/api.w.org\/{rel}","templated":true}]}}