{"id":87735,"date":"2018-10-30T15:48:10","date_gmt":"2018-10-30T14:48:10","guid":{"rendered":"https:\/\/www.iemj.org\/delmin-dany-1931\/"},"modified":"2025-09-09T17:07:30","modified_gmt":"2025-09-09T15:07:30","slug":"delmin-dany-1931","status":"publish","type":"post","link":"https:\/\/www.iemj.org\/it\/delmin-dany-1931\/","title":{"rendered":"Delmin, Dany (1931 ?)"},"content":{"rendered":"<p><img fetchpriority=\"high\" decoding=\"async\" class=\" alignright size-full wp-image-21526\" src=\"https:\/\/www.iemj.org\/wp-content\/uploads\/2018\/10\/delmin_disque_1_-_150px.jpg\" alt=\"delmin_disque_1_-_150px.jpg\" width=\"150\" height=\"413\" align=\"right\" srcset=\"https:\/\/www.iemj.org\/wp-content\/uploads\/2018\/10\/delmin_disque_1_-_150px.jpg 150w, https:\/\/www.iemj.org\/wp-content\/uploads\/2018\/10\/delmin_disque_1_-_150px-109x300.jpg 109w\" sizes=\"(max-width: 150px) 100vw, 150px\" \/>Dany Delmin \u00e8 un compositore, interprete e paroliere di canzoni in francese, ebraico e yiddish. Nato David Polack, \u00e8 il pi\u00f9 giovane di una famiglia di 7 figli. Con l&#8217;arrivo della guerra la sua vita precipita ed \u00e8 deportato nel 1942 a Drancy con il padre. Riesce ad attraversare la zona franca, ma non vedr\u00e0 mai pi\u00f9 suo padre.<\/p>\n<p>Alla fine della guerra, all&#8217;et\u00e0 di 15 anni, Dany Delmin ritrova sua madre e sua sorella che sono state nascoste da amici in una cantina. Dopo aver provato diversi lavori (portabagagli, fattorino, ecc.), si lancia nel tessile. Allo stesso tempo, impara la musica da autodidatta.<\/p>\n<p>A 17 anni parte per la Palestina due mesi prima dell&#8217;indipendenza dello Stato di Israele. Si arruola nell&#8217;esercito. Si fa notare come cantante-chitarrista e occasionalmente suona in una discoteca.<\/p>\n<p>Ritornato in Francia nel 1950, dopo due anni trascorsi al servizio militare francese riprende il suo lavoro nel settore tessile e va a lavorare in Brasile con il suo capo.<\/p>\n<p><img decoding=\"async\" class=\" alignright size-full wp-image-21530\" src=\"https:\/\/www.iemj.org\/wp-content\/uploads\/2018\/10\/delmin_disque_2_-_150px.jpg\" alt=\"delmin_disque_2_-_150px.jpg\" width=\"150\" height=\"449\" align=\"right\" srcset=\"https:\/\/www.iemj.org\/wp-content\/uploads\/2018\/10\/delmin_disque_2_-_150px.jpg 150w, https:\/\/www.iemj.org\/wp-content\/uploads\/2018\/10\/delmin_disque_2_-_150px-100x300.jpg 100w\" sizes=\"(max-width: 150px) 100vw, 150px\" \/><img decoding=\"async\" class=\"size-full wp-image-21528 alignleft\" src=\"https:\/\/www.iemj.org\/wp-content\/uploads\/2018\/10\/delmin_disque_6_-100px.jpg\" alt=\"delmin_disque_6_-100px.jpg\" width=\"100\" height=\"108\" align=\"middle\" \/>Nel 1954 incontra il direttore generale di una casa discografica brasiliana. La canzone francese essendo alla moda, supera un&#8217;audizione ed \u00e8 assunto la sera stessa. Da quel momento inizia la sua carriera musicale. La casa discografica Mocambo pubblica il suo primo disco microsolco 25 cm con otto titoli di cui due scritti da lui stesso e arrangiati da <a href=\"https:\/\/it.wikipedia.org\/wiki\/Ant%C3%B4nio_Carlos_Jobim\" target=\"_blank\" rel=\"noopener\">Ant\u00f4nio Carlos Jobim<\/a>.<\/p>\n<p><img loading=\"lazy\" decoding=\"async\" class=\"size-full wp-image-21532 alignleft\" src=\"https:\/\/www.iemj.org\/wp-content\/uploads\/2018\/10\/delmin_disque_3_-_100px.jpg\" alt=\"delmin_disque_3_-_100px.jpg\" width=\"100\" height=\"107\" align=\"middle\" \/>Due anni dopo ha il suo programma televisivo settimanale a Buenos Aires \u201cVamos a Paris con Dany Delmin\u201d. Registra con il pianista del suo spettacolo il titolo \u201cCaf\u00e9 a la Italiana\u201d che diventa disco d&#8217;oro negli Stati Uniti.<\/p>\n<p><img loading=\"lazy\" decoding=\"async\" class=\"size-full wp-image-21534 alignleft\" src=\"https:\/\/www.iemj.org\/wp-content\/uploads\/2018\/10\/delmin_disque_5_-_100px.jpg\" alt=\"delmin_disque_5_-_100px.jpg\" width=\"100\" height=\"105\" align=\"middle\" \/>Nel 1961 torna in Francia. La moda \u00e8 allora allo y\u00e9-y\u00e9. Dany Delmin ha 30 anni, realizza alcune registrazioni, scrive canzoni e canta nei grandi hotel per molte celebrit\u00e0 e personaggi politici.<\/p>\n<p><img loading=\"lazy\" decoding=\"async\" class=\" aligncenter size-full wp-image-21536\" src=\"https:\/\/www.iemj.org\/wp-content\/uploads\/2018\/10\/doc3_dany_delmin-3.jpg\" alt=\"doc3_dany_delmin-3.jpg\" width=\"284\" height=\"103\" align=\"middle\" \/><\/p>\n<p>Durante una tourn\u00e9e in Unione Sovietica conosce Alona che sarebbe diventata la sua compagna nel 1970. I suoi due album 33 tr &#8220;Chatan Kala Mazal Tov&#8221; e &#8220;La Bar Mitzwa Mazal Tov&#8221; hanno un grande successo.<\/p>\n<p><img loading=\"lazy\" decoding=\"async\" class=\" aligncenter size-full wp-image-21538\" src=\"https:\/\/www.iemj.org\/wp-content\/uploads\/2018\/10\/doc_disque_delmin_500px.jpg\" alt=\"doc_disque_delmin_500px.jpg\" width=\"500\" height=\"272\" align=\"middle\" srcset=\"https:\/\/www.iemj.org\/wp-content\/uploads\/2018\/10\/doc_disque_delmin_500px.jpg 500w, https:\/\/www.iemj.org\/wp-content\/uploads\/2018\/10\/doc_disque_delmin_500px-300x163.jpg 300w\" sizes=\"(max-width: 500px) 100vw, 500px\" \/><\/p>\n<p>Diventato manager negli anni &#8217;80, lavora con L\u00e9o Ferr\u00e9, il balletto dell&#8217;Opera di Parigi, Francis Lalanne&#8230;<\/p>\n<p>Sebbene non abbia mai studiato musica formalmente, ha registrato oltre 50 album nel corso della sua carriera.<\/p>\n<p><a href=\"https:\/\/www.iemj.org\/en\/hidden-sides-of-jewish-music-dany-delmin\/\" target=\"_blank\" rel=\"noopener\">Ascoltare il programma radiofonico: Dany Delmin, presentato da H\u00e9l\u00e8ne Engel<\/a><\/p>\n<p><a href=\"http:\/\/www.rachelnet.net\/F\/?func=find-c&amp;ccl_term=WRD+%3D+dany+delmin&amp;local_base=iemcg\" target=\"_blank\" rel=\"noopener\">Consultare i nostri archivi su Dany Delmin<\/a><\/p>\n\n\n<h2 class=\"wp-block-heading\"><\/h2>\n\n\n<div class=\"wp-block-image\">\n<figure class=\"aligncenter size-large\"><img loading=\"lazy\" decoding=\"async\" width=\"1024\" height=\"133\" src=\"https:\/\/www.iemj.org\/wp-content\/uploads\/2024\/03\/AUDIO-PLAYER-1024x133.png\" alt=\"\" class=\"wp-image-110609\" srcset=\"https:\/\/www.iemj.org\/wp-content\/uploads\/2024\/03\/AUDIO-PLAYER-1024x133.png 1024w, https:\/\/www.iemj.org\/wp-content\/uploads\/2024\/03\/AUDIO-PLAYER-300x39.png 300w, https:\/\/www.iemj.org\/wp-content\/uploads\/2024\/03\/AUDIO-PLAYER-768x100.png 768w, https:\/\/www.iemj.org\/wp-content\/uploads\/2024\/03\/AUDIO-PLAYER-600x78.png 600w, https:\/\/www.iemj.org\/wp-content\/uploads\/2024\/03\/AUDIO-PLAYER.png 1210w\" sizes=\"(max-width: 1024px) 100vw, 1024px\" \/><\/figure>\n<\/div>\n\n\n<div class=\"wp-block-file\"><a id=\"wp-block-file--media-5a726a9c-cd65-4a77-b45e-8f23dec50c95\" href=\"https:\/\/www.iemj.org\/wp-content\/uploads\/2018\/10\/je_n_existe_pas_sans_toi.mp3\">Je n\u2019existe pas sans toi<\/a><\/div>\n\n\n\n<div class=\"wp-block-file\"><a id=\"wp-block-file--media-a3da33ab-b692-4070-ad08-6bc22aa34344\" href=\"https:\/\/www.iemj.org\/wp-content\/uploads\/2018\/10\/am_israel_hai.mp3\">Am Israel \u2019Hai<\/a><\/div>\n\n\n\n<div class=\"wp-block-file\"><a id=\"wp-block-file--media-71a9012f-1782-409c-9eaa-864d159423a3\" href=\"https:\/\/www.iemj.org\/wp-content\/uploads\/2018\/10\/yiddish_mame.mp3\">Yiddish Mame<\/a><\/div>\n\n\n\n<div class=\"wp-block-file\"><a id=\"wp-block-file--media-b335c321-81b9-4263-a964-e9f3b08ae0b4\" href=\"https:\/\/www.iemj.org\/wp-content\/uploads\/2018\/10\/mazel_tov.mp3\">Mazel Tov<\/a><\/div>\n","protected":false},"excerpt":{"rendered":"<p>Dany Delmin \u00e8 un compositore, interprete e paroliere di canzoni in francese, ebraico e yiddish. Nato David Polack, \u00e8 il pi\u00f9 giovane di una famiglia di 7 figli. Con l&#8217;arrivo<\/p>\n","protected":false},"author":1052,"featured_media":87736,"comment_status":"closed","ping_status":"closed","sticky":false,"template":"","format":"standard","meta":{"_acf_changed":false,"footnotes":""},"categories":[1416],"tags":[],"technique":[],"squelettes":[],"sujet":[],"formation":[],"genre":[],"fonds":[],"tradition":[],"type-de-contenu":[],"interprete-compositeur":[],"frise":[],"type-devenement":[],"tableaux-liens-externes":[],"class_list":["post-87735","post","type-post","status-publish","format-standard","has-post-thumbnail","hentry","category-biografie-it"],"acf":[],"yoast_head":"<!-- This site is optimized with the Yoast SEO plugin v27.3 - https:\/\/yoast.com\/product\/yoast-seo-wordpress\/ -->\n<title>Delmin, Dany (1931 ?) - Institut Europ\u00e9en des Musiques Juives<\/title>\n<meta name=\"robots\" content=\"index, follow, max-snippet:-1, max-image-preview:large, max-video-preview:-1\" \/>\n<link rel=\"canonical\" href=\"https:\/\/www.iemj.org\/it\/delmin-dany-1931\/\" \/>\n<meta property=\"og:locale\" content=\"it_IT\" \/>\n<meta property=\"og:type\" content=\"article\" \/>\n<meta property=\"og:title\" content=\"Delmin, Dany (1931 ?) - Institut Europ\u00e9en des Musiques Juives\" \/>\n<meta property=\"og:description\" content=\"Dany Delmin \u00e8 un compositore, interprete e paroliere di canzoni in francese, ebraico e yiddish. Nato David Polack, \u00e8 il pi\u00f9 giovane di una famiglia di 7 figli. Con l&#8217;arrivo\" \/>\n<meta property=\"og:url\" content=\"https:\/\/www.iemj.org\/it\/delmin-dany-1931\/\" \/>\n<meta property=\"og:site_name\" content=\"Institut Europ\u00e9en des Musiques Juives\" \/>\n<meta property=\"article:publisher\" content=\"https:\/\/www.facebook.com\/MusiquesJuives\/\" \/>\n<meta property=\"article:published_time\" content=\"2018-10-30T14:48:10+00:00\" \/>\n<meta property=\"article:modified_time\" content=\"2025-09-09T15:07:30+00:00\" \/>\n<meta property=\"og:image\" content=\"https:\/\/www.iemj.org\/wp-content\/uploads\/2018\/10\/arton3719-e1617023516134.jpg\" \/>\n\t<meta property=\"og:image:width\" content=\"210\" \/>\n\t<meta property=\"og:image:height\" content=\"218\" \/>\n\t<meta property=\"og:image:type\" content=\"image\/jpeg\" \/>\n<meta name=\"author\" content=\"Lea Couderc\" \/>\n<meta name=\"twitter:card\" content=\"summary_large_image\" \/>\n<meta name=\"twitter:label1\" content=\"Scritto da\" \/>\n\t<meta name=\"twitter:data1\" content=\"Lea Couderc\" \/>\n\t<meta name=\"twitter:label2\" content=\"Tempo di lettura stimato\" \/>\n\t<meta name=\"twitter:data2\" content=\"4 minuti\" \/>\n<script type=\"application\/ld+json\" class=\"yoast-schema-graph\">{\"@context\":\"https:\\\/\\\/schema.org\",\"@graph\":[{\"@type\":\"Article\",\"@id\":\"https:\\\/\\\/www.iemj.org\\\/it\\\/delmin-dany-1931\\\/#article\",\"isPartOf\":{\"@id\":\"https:\\\/\\\/www.iemj.org\\\/it\\\/delmin-dany-1931\\\/\"},\"author\":{\"name\":\"Lea Couderc\",\"@id\":\"https:\\\/\\\/www.iemj.org\\\/it\\\/#\\\/schema\\\/person\\\/e2ad57f2c4be119c7ed8ab79036807a9\"},\"headline\":\"Delmin, Dany (1931 ?)\",\"datePublished\":\"2018-10-30T14:48:10+00:00\",\"dateModified\":\"2025-09-09T15:07:30+00:00\",\"mainEntityOfPage\":{\"@id\":\"https:\\\/\\\/www.iemj.org\\\/it\\\/delmin-dany-1931\\\/\"},\"wordCount\":390,\"publisher\":{\"@id\":\"https:\\\/\\\/www.iemj.org\\\/it\\\/#organization\"},\"image\":{\"@id\":\"https:\\\/\\\/www.iemj.org\\\/it\\\/delmin-dany-1931\\\/#primaryimage\"},\"thumbnailUrl\":\"https:\\\/\\\/www.iemj.org\\\/wp-content\\\/uploads\\\/2018\\\/10\\\/arton3719-e1617023516134.jpg\",\"articleSection\":[\"Biografie\"],\"inLanguage\":\"it-IT\"},{\"@type\":\"WebPage\",\"@id\":\"https:\\\/\\\/www.iemj.org\\\/it\\\/delmin-dany-1931\\\/\",\"url\":\"https:\\\/\\\/www.iemj.org\\\/it\\\/delmin-dany-1931\\\/\",\"name\":\"Delmin, Dany (1931 ?) - Institut Europ\u00e9en des Musiques Juives\",\"isPartOf\":{\"@id\":\"https:\\\/\\\/www.iemj.org\\\/it\\\/#website\"},\"primaryImageOfPage\":{\"@id\":\"https:\\\/\\\/www.iemj.org\\\/it\\\/delmin-dany-1931\\\/#primaryimage\"},\"image\":{\"@id\":\"https:\\\/\\\/www.iemj.org\\\/it\\\/delmin-dany-1931\\\/#primaryimage\"},\"thumbnailUrl\":\"https:\\\/\\\/www.iemj.org\\\/wp-content\\\/uploads\\\/2018\\\/10\\\/arton3719-e1617023516134.jpg\",\"datePublished\":\"2018-10-30T14:48:10+00:00\",\"dateModified\":\"2025-09-09T15:07:30+00:00\",\"breadcrumb\":{\"@id\":\"https:\\\/\\\/www.iemj.org\\\/it\\\/delmin-dany-1931\\\/#breadcrumb\"},\"inLanguage\":\"it-IT\",\"potentialAction\":[{\"@type\":\"ReadAction\",\"target\":[\"https:\\\/\\\/www.iemj.org\\\/it\\\/delmin-dany-1931\\\/\"]}]},{\"@type\":\"ImageObject\",\"inLanguage\":\"it-IT\",\"@id\":\"https:\\\/\\\/www.iemj.org\\\/it\\\/delmin-dany-1931\\\/#primaryimage\",\"url\":\"https:\\\/\\\/www.iemj.org\\\/wp-content\\\/uploads\\\/2018\\\/10\\\/arton3719-e1617023516134.jpg\",\"contentUrl\":\"https:\\\/\\\/www.iemj.org\\\/wp-content\\\/uploads\\\/2018\\\/10\\\/arton3719-e1617023516134.jpg\",\"width\":210,\"height\":218},{\"@type\":\"BreadcrumbList\",\"@id\":\"https:\\\/\\\/www.iemj.org\\\/it\\\/delmin-dany-1931\\\/#breadcrumb\",\"itemListElement\":[{\"@type\":\"ListItem\",\"position\":1,\"name\":\"Accueil\",\"item\":\"https:\\\/\\\/www.iemj.org\\\/it\\\/\"},{\"@type\":\"ListItem\",\"position\":2,\"name\":\"Delmin, Dany (1931 ?)\"}]},{\"@type\":\"WebSite\",\"@id\":\"https:\\\/\\\/www.iemj.org\\\/it\\\/#website\",\"url\":\"https:\\\/\\\/www.iemj.org\\\/it\\\/\",\"name\":\"Institut Europ\u00e9en des Musiques Juives\",\"description\":\"Des traditions musicales \u00e0 la port\u00e9e de tous\",\"publisher\":{\"@id\":\"https:\\\/\\\/www.iemj.org\\\/it\\\/#organization\"},\"potentialAction\":[{\"@type\":\"SearchAction\",\"target\":{\"@type\":\"EntryPoint\",\"urlTemplate\":\"https:\\\/\\\/www.iemj.org\\\/it\\\/?s={search_term_string}\"},\"query-input\":{\"@type\":\"PropertyValueSpecification\",\"valueRequired\":true,\"valueName\":\"search_term_string\"}}],\"inLanguage\":\"it-IT\"},{\"@type\":\"Organization\",\"@id\":\"https:\\\/\\\/www.iemj.org\\\/it\\\/#organization\",\"name\":\"Institut Europ\u00e9en des Musiques Juives\",\"url\":\"https:\\\/\\\/www.iemj.org\\\/it\\\/\",\"logo\":{\"@type\":\"ImageObject\",\"inLanguage\":\"it-IT\",\"@id\":\"https:\\\/\\\/www.iemj.org\\\/it\\\/#\\\/schema\\\/logo\\\/image\\\/\",\"url\":\"https:\\\/\\\/www.iemj.org\\\/wp-content\\\/uploads\\\/2021\\\/09\\\/Logo-IEMJ-Paypal.jpg\",\"contentUrl\":\"https:\\\/\\\/www.iemj.org\\\/wp-content\\\/uploads\\\/2021\\\/09\\\/Logo-IEMJ-Paypal.jpg\",\"width\":150,\"height\":50,\"caption\":\"Institut Europ\u00e9en des Musiques Juives\"},\"image\":{\"@id\":\"https:\\\/\\\/www.iemj.org\\\/it\\\/#\\\/schema\\\/logo\\\/image\\\/\"},\"sameAs\":[\"https:\\\/\\\/www.facebook.com\\\/MusiquesJuives\\\/\",\"https:\\\/\\\/www.instagram.com\\\/musiquesjuives\\\/\",\"https:\\\/\\\/www.youtube.com\\\/user\\\/musiquesjuives\"]},{\"@type\":\"Person\",\"@id\":\"https:\\\/\\\/www.iemj.org\\\/it\\\/#\\\/schema\\\/person\\\/e2ad57f2c4be119c7ed8ab79036807a9\",\"name\":\"Lea Couderc\",\"image\":{\"@type\":\"ImageObject\",\"inLanguage\":\"it-IT\",\"@id\":\"https:\\\/\\\/secure.gravatar.com\\\/avatar\\\/46ee021475d60aeff17a7e490b79dea5a5684bb392ab7fd1494027411df8ba23?s=96&d=mm&r=g\",\"url\":\"https:\\\/\\\/secure.gravatar.com\\\/avatar\\\/46ee021475d60aeff17a7e490b79dea5a5684bb392ab7fd1494027411df8ba23?s=96&d=mm&r=g\",\"contentUrl\":\"https:\\\/\\\/secure.gravatar.com\\\/avatar\\\/46ee021475d60aeff17a7e490b79dea5a5684bb392ab7fd1494027411df8ba23?s=96&d=mm&r=g\",\"caption\":\"Lea Couderc\"}}]}<\/script>\n<!-- \/ Yoast SEO plugin. -->","yoast_head_json":{"title":"Delmin, Dany (1931 ?) - Institut Europ\u00e9en des Musiques Juives","robots":{"index":"index","follow":"follow","max-snippet":"max-snippet:-1","max-image-preview":"max-image-preview:large","max-video-preview":"max-video-preview:-1"},"canonical":"https:\/\/www.iemj.org\/it\/delmin-dany-1931\/","og_locale":"it_IT","og_type":"article","og_title":"Delmin, Dany (1931 ?) - Institut Europ\u00e9en des Musiques Juives","og_description":"Dany Delmin \u00e8 un compositore, interprete e paroliere di canzoni in francese, ebraico e yiddish. Nato David Polack, \u00e8 il pi\u00f9 giovane di una famiglia di 7 figli. Con l&#8217;arrivo","og_url":"https:\/\/www.iemj.org\/it\/delmin-dany-1931\/","og_site_name":"Institut Europ\u00e9en des Musiques Juives","article_publisher":"https:\/\/www.facebook.com\/MusiquesJuives\/","article_published_time":"2018-10-30T14:48:10+00:00","article_modified_time":"2025-09-09T15:07:30+00:00","og_image":[{"width":210,"height":218,"url":"https:\/\/www.iemj.org\/wp-content\/uploads\/2018\/10\/arton3719-e1617023516134.jpg","type":"image\/jpeg"}],"author":"Lea Couderc","twitter_card":"summary_large_image","twitter_misc":{"Scritto da":"Lea Couderc","Tempo di lettura stimato":"4 minuti"},"schema":{"@context":"https:\/\/schema.org","@graph":[{"@type":"Article","@id":"https:\/\/www.iemj.org\/it\/delmin-dany-1931\/#article","isPartOf":{"@id":"https:\/\/www.iemj.org\/it\/delmin-dany-1931\/"},"author":{"name":"Lea Couderc","@id":"https:\/\/www.iemj.org\/it\/#\/schema\/person\/e2ad57f2c4be119c7ed8ab79036807a9"},"headline":"Delmin, Dany (1931 ?)","datePublished":"2018-10-30T14:48:10+00:00","dateModified":"2025-09-09T15:07:30+00:00","mainEntityOfPage":{"@id":"https:\/\/www.iemj.org\/it\/delmin-dany-1931\/"},"wordCount":390,"publisher":{"@id":"https:\/\/www.iemj.org\/it\/#organization"},"image":{"@id":"https:\/\/www.iemj.org\/it\/delmin-dany-1931\/#primaryimage"},"thumbnailUrl":"https:\/\/www.iemj.org\/wp-content\/uploads\/2018\/10\/arton3719-e1617023516134.jpg","articleSection":["Biografie"],"inLanguage":"it-IT"},{"@type":"WebPage","@id":"https:\/\/www.iemj.org\/it\/delmin-dany-1931\/","url":"https:\/\/www.iemj.org\/it\/delmin-dany-1931\/","name":"Delmin, Dany (1931 ?) - Institut Europ\u00e9en des Musiques Juives","isPartOf":{"@id":"https:\/\/www.iemj.org\/it\/#website"},"primaryImageOfPage":{"@id":"https:\/\/www.iemj.org\/it\/delmin-dany-1931\/#primaryimage"},"image":{"@id":"https:\/\/www.iemj.org\/it\/delmin-dany-1931\/#primaryimage"},"thumbnailUrl":"https:\/\/www.iemj.org\/wp-content\/uploads\/2018\/10\/arton3719-e1617023516134.jpg","datePublished":"2018-10-30T14:48:10+00:00","dateModified":"2025-09-09T15:07:30+00:00","breadcrumb":{"@id":"https:\/\/www.iemj.org\/it\/delmin-dany-1931\/#breadcrumb"},"inLanguage":"it-IT","potentialAction":[{"@type":"ReadAction","target":["https:\/\/www.iemj.org\/it\/delmin-dany-1931\/"]}]},{"@type":"ImageObject","inLanguage":"it-IT","@id":"https:\/\/www.iemj.org\/it\/delmin-dany-1931\/#primaryimage","url":"https:\/\/www.iemj.org\/wp-content\/uploads\/2018\/10\/arton3719-e1617023516134.jpg","contentUrl":"https:\/\/www.iemj.org\/wp-content\/uploads\/2018\/10\/arton3719-e1617023516134.jpg","width":210,"height":218},{"@type":"BreadcrumbList","@id":"https:\/\/www.iemj.org\/it\/delmin-dany-1931\/#breadcrumb","itemListElement":[{"@type":"ListItem","position":1,"name":"Accueil","item":"https:\/\/www.iemj.org\/it\/"},{"@type":"ListItem","position":2,"name":"Delmin, Dany (1931 ?)"}]},{"@type":"WebSite","@id":"https:\/\/www.iemj.org\/it\/#website","url":"https:\/\/www.iemj.org\/it\/","name":"Institut Europ\u00e9en des Musiques Juives","description":"Des traditions musicales \u00e0 la port\u00e9e de tous","publisher":{"@id":"https:\/\/www.iemj.org\/it\/#organization"},"potentialAction":[{"@type":"SearchAction","target":{"@type":"EntryPoint","urlTemplate":"https:\/\/www.iemj.org\/it\/?s={search_term_string}"},"query-input":{"@type":"PropertyValueSpecification","valueRequired":true,"valueName":"search_term_string"}}],"inLanguage":"it-IT"},{"@type":"Organization","@id":"https:\/\/www.iemj.org\/it\/#organization","name":"Institut Europ\u00e9en des Musiques Juives","url":"https:\/\/www.iemj.org\/it\/","logo":{"@type":"ImageObject","inLanguage":"it-IT","@id":"https:\/\/www.iemj.org\/it\/#\/schema\/logo\/image\/","url":"https:\/\/www.iemj.org\/wp-content\/uploads\/2021\/09\/Logo-IEMJ-Paypal.jpg","contentUrl":"https:\/\/www.iemj.org\/wp-content\/uploads\/2021\/09\/Logo-IEMJ-Paypal.jpg","width":150,"height":50,"caption":"Institut Europ\u00e9en des Musiques Juives"},"image":{"@id":"https:\/\/www.iemj.org\/it\/#\/schema\/logo\/image\/"},"sameAs":["https:\/\/www.facebook.com\/MusiquesJuives\/","https:\/\/www.instagram.com\/musiquesjuives\/","https:\/\/www.youtube.com\/user\/musiquesjuives"]},{"@type":"Person","@id":"https:\/\/www.iemj.org\/it\/#\/schema\/person\/e2ad57f2c4be119c7ed8ab79036807a9","name":"Lea Couderc","image":{"@type":"ImageObject","inLanguage":"it-IT","@id":"https:\/\/secure.gravatar.com\/avatar\/46ee021475d60aeff17a7e490b79dea5a5684bb392ab7fd1494027411df8ba23?s=96&d=mm&r=g","url":"https:\/\/secure.gravatar.com\/avatar\/46ee021475d60aeff17a7e490b79dea5a5684bb392ab7fd1494027411df8ba23?s=96&d=mm&r=g","contentUrl":"https:\/\/secure.gravatar.com\/avatar\/46ee021475d60aeff17a7e490b79dea5a5684bb392ab7fd1494027411df8ba23?s=96&d=mm&r=g","caption":"Lea Couderc"}}]}},"_links":{"self":[{"href":"https:\/\/www.iemj.org\/it\/wp-json\/wp\/v2\/posts\/87735","targetHints":{"allow":["GET"]}}],"collection":[{"href":"https:\/\/www.iemj.org\/it\/wp-json\/wp\/v2\/posts"}],"about":[{"href":"https:\/\/www.iemj.org\/it\/wp-json\/wp\/v2\/types\/post"}],"author":[{"embeddable":true,"href":"https:\/\/www.iemj.org\/it\/wp-json\/wp\/v2\/users\/1052"}],"replies":[{"embeddable":true,"href":"https:\/\/www.iemj.org\/it\/wp-json\/wp\/v2\/comments?post=87735"}],"version-history":[{"count":0,"href":"https:\/\/www.iemj.org\/it\/wp-json\/wp\/v2\/posts\/87735\/revisions"}],"wp:featuredmedia":[{"embeddable":true,"href":"https:\/\/www.iemj.org\/it\/wp-json\/wp\/v2\/media\/87736"}],"wp:attachment":[{"href":"https:\/\/www.iemj.org\/it\/wp-json\/wp\/v2\/media?parent=87735"}],"wp:term":[{"taxonomy":"category","embeddable":true,"href":"https:\/\/www.iemj.org\/it\/wp-json\/wp\/v2\/categories?post=87735"},{"taxonomy":"post_tag","embeddable":true,"href":"https:\/\/www.iemj.org\/it\/wp-json\/wp\/v2\/tags?post=87735"},{"taxonomy":"technique","embeddable":true,"href":"https:\/\/www.iemj.org\/it\/wp-json\/wp\/v2\/technique?post=87735"},{"taxonomy":"squelettes","embeddable":true,"href":"https:\/\/www.iemj.org\/it\/wp-json\/wp\/v2\/squelettes?post=87735"},{"taxonomy":"sujet","embeddable":true,"href":"https:\/\/www.iemj.org\/it\/wp-json\/wp\/v2\/sujet?post=87735"},{"taxonomy":"formation","embeddable":true,"href":"https:\/\/www.iemj.org\/it\/wp-json\/wp\/v2\/formation?post=87735"},{"taxonomy":"genre","embeddable":true,"href":"https:\/\/www.iemj.org\/it\/wp-json\/wp\/v2\/genre?post=87735"},{"taxonomy":"fonds","embeddable":true,"href":"https:\/\/www.iemj.org\/it\/wp-json\/wp\/v2\/fonds?post=87735"},{"taxonomy":"tradition","embeddable":true,"href":"https:\/\/www.iemj.org\/it\/wp-json\/wp\/v2\/tradition?post=87735"},{"taxonomy":"type-de-contenu","embeddable":true,"href":"https:\/\/www.iemj.org\/it\/wp-json\/wp\/v2\/type-de-contenu?post=87735"},{"taxonomy":"interprete-compositeur","embeddable":true,"href":"https:\/\/www.iemj.org\/it\/wp-json\/wp\/v2\/interprete-compositeur?post=87735"},{"taxonomy":"frise","embeddable":true,"href":"https:\/\/www.iemj.org\/it\/wp-json\/wp\/v2\/frise?post=87735"},{"taxonomy":"type-devenement","embeddable":true,"href":"https:\/\/www.iemj.org\/it\/wp-json\/wp\/v2\/type-devenement?post=87735"},{"taxonomy":"tableaux-liens-externes","embeddable":true,"href":"https:\/\/www.iemj.org\/it\/wp-json\/wp\/v2\/tableaux-liens-externes?post=87735"}],"curies":[{"name":"wp","href":"https:\/\/api.w.org\/{rel}","templated":true}]}}