{"id":87768,"date":"2018-01-17T16:24:51","date_gmt":"2018-01-17T15:24:51","guid":{"rendered":"https:\/\/www.iemj.org\/manuel-detude-et-dapplication-de-la-liturgie-hebraique-du-rite-sefardi-dit-portugais\/"},"modified":"2025-08-18T17:14:49","modified_gmt":"2025-08-18T15:14:49","slug":"manuel-detude-et-dapplication-de-la-liturgie-hebraique-du-rite-sefardi-dit-portugais","status":"publish","type":"post","link":"https:\/\/www.iemj.org\/it\/manuel-detude-et-dapplication-de-la-liturgie-hebraique-du-rite-sefardi-dit-portugais\/","title":{"rendered":"Manuale di studio e d\u2019applicazione della liturgia ebraica di rito sefardita detta portoghese"},"content":{"rendered":"<p>Fine conoscitore e fedele pilastro del rito portoghese di Bordeaux, <a href=\"https:\/\/www.iemj.org\/it\/leon-gilbert-1934\/\">Gilbert L\u00e9on<\/a> ha dedicato anni di lavoro all\u2019elaborazione di questo <em>Manuale per lo studio e l&#8217;applicazione della liturgia ebraica di rito sefardita detta portoghese.<\/em><\/p>\n<p>Quest&#8217;opera, unica nel suo genere, \u00e8 accompagnata da 65 CD di registrazioni di tutte le funzioni religiose di rito portoghese, realizzate da Gilbert L\u00e9on.<\/p>\n<p>Questa opera monumentale \u00e8 divisa in tre grandi parti. La prima parte \u00e8 dedicata alla storia degli accenti biblici (tahamim) ed a come cantilenarli durante la lettura della Torah. La seconda parte descrive la cantilazione dei libri poetici: Salmi, Proverbi, Giobbe\u2026 Infine, la terza parte presenta le diverse funzioni dell&#8217;anno liturgico, le loro preghiere e le loro melodie nel rito portoghese.<\/p>\n<p>Oltre alle registrazioni che consentono di memorizzare ogni preghiera, il manuale contiene una serie di spartiti, in particolare : l&#8217;intera \u00ab\u00a0<em>Collezione ebraica di canti tradizionali e liturgici di rito sefardita detta portoghese in uso nella comunit\u00e0 di Bordeaux<\/em>, a cura di. Salomon Foy\u00a0\u00bb, tre canti religiosi (<em>Achquibenou, Ymlorh e Canto di festa<\/em>) dello stesso Salomon Foy, stampati nel 1917 ed eseguiti al tempio israelita di Bordeaux, nove canti religiosi annotati da A. Nunes verso la fine del XIX secolo , Un <em>L\u00e9rhha dodi<\/em> della collezione liturgica di Alphonse de Villers (1872), organista al Tempio portoghese della rue Lamartine a Parigi, e infine degli estratti della prefazione e della raccolta <em>Canti tradizionali ebraici <\/em>di Maurice Benharoche-Baralia, pubblicata a Bayonne nel 1958.<\/p>\n<p>Una collezione fondamentale per tutti coloro che vogliono imparare o approfondire la conoscenza del rito portoghese&#8230;<\/p>\n<div style=\"text-align: center;\">\n<div style=\"margin: 8px 0px 4px;\"><a href=\"http:\/\/www.calameo.com\/books\/0046127492cae846d97fd\" target=\"_blank\" rel=\"noopener noreferrer\">Manuale di studio e d\u2019applicazione della liturgia ebraica di rito portoghese<\/a><\/div>\n<p><iframe style=\"margin: 0 auto;\" src=\"\/\/v.calameo.com\/?bkcode=0046127492cae846d97fd&amp;mode=mini\" width=\"480\" height=\"300\" frameborder=\"0\" scrolling=\"no\" allowfullscreen=\"allowfullscreen\"><\/iframe><\/p>\n<div style=\"margin: 4px 0px 8px;\">\u00a0<\/div>\n<\/div>\n<p><a href=\"http:\/\/www.rachelnet.net\/F\/?func=find-c&amp;ccl_term=WRD+%3D+manuel+ET+WRD+%3D+L%C3%A9on+ET+WTY+%3D+P1+or+P2+or+P3+or+P4+or+A3+or+A4&amp;local_base=iemcg\" target=\"_blank\" rel=\"noopener\">Consultare la descrizione del Manuale di studio Gilbert L\u00e9on nel catalogo RACHEL<\/a><br \/><a href=\"http:\/\/www.rachelnet.net\/F\/?func=find-c&amp;ccl_term=WRD+%3D+Manuel+ET+WRD+%3D+L%C3%A9on+ET+WTY+%3D+31+or+32+or+41+or+42+or+71+or+72+or+C1+or+C2+or+D1+or+D2+or+K1+or+K2+or+R1+or+R2+or+RB+or+SR&amp;local_base=iemcg\" target=\"_blank\" rel=\"noopener\">Consultare la descrizione dei 65 CD nel catalogo RACHEL<\/a><br \/><a href=\"https:\/\/www.iemj.org\/it\/leon-gilbert-1934\/\" target=\"_blank\" rel=\"noopener\">Consultare la biografia di Gilbert L\u00e9on<\/a><\/p>\n\n<div class=\"wp-block-image\">\n<figure class=\"aligncenter size-large\"><img fetchpriority=\"high\" decoding=\"async\" width=\"1024\" height=\"133\" src=\"https:\/\/www.iemj.org\/wp-content\/uploads\/2024\/03\/AUDIO-PLAYER-1024x133.png\" alt=\"\" class=\"wp-image-110609\" srcset=\"https:\/\/www.iemj.org\/wp-content\/uploads\/2024\/03\/AUDIO-PLAYER-1024x133.png 1024w, https:\/\/www.iemj.org\/wp-content\/uploads\/2024\/03\/AUDIO-PLAYER-300x39.png 300w, https:\/\/www.iemj.org\/wp-content\/uploads\/2024\/03\/AUDIO-PLAYER-768x100.png 768w, https:\/\/www.iemj.org\/wp-content\/uploads\/2024\/03\/AUDIO-PLAYER-600x78.png 600w, https:\/\/www.iemj.org\/wp-content\/uploads\/2024\/03\/AUDIO-PLAYER.png 1210w\" sizes=\"(max-width: 1024px) 100vw, 1024px\" \/><\/figure>\n<\/div>\n\n\n<h2 class=\"wp-block-heading\"><\/h2>\n\n\n\n<div class=\"wp-block-file\"><a id=\"wp-block-file--media-52e85a23-eda6-4453-b6c2-99f2aa7df2cb\" href=\"https:\/\/www.iemj.org\/wp-content\/uploads\/2018\/01\/cd_856_01_extrait_.mp3\">Prologue et explication sur les Tahamim (extrait)<\/a><\/div>\n\n\n\n<div class=\"wp-block-file\"><a id=\"wp-block-file--media-e829a61f-1dff-478d-bba6-8c928eaa9b60\" href=\"https:\/\/www.iemj.org\/wp-content\/uploads\/2018\/01\/cd_526_03_theme_musical_des_tahamim_pour_la_lecture_de_la_thora_ex.mp3\">Theme musical des tahamim pour la lecture de la thora (extrait)<\/a><\/div>\n\n\n\n<div class=\"wp-block-file\"><a id=\"wp-block-file--media-9c9d44ab-5633-4c43-9723-0005670b7601\" href=\"https:\/\/www.iemj.org\/wp-content\/uploads\/2018\/01\/cd_527_09_ps_92.mp3\">Psaume 92<\/a><\/div>\n\n\n\n<div class=\"wp-block-file\"><a id=\"wp-block-file--media-686bfdd8-55c8-4dbb-981a-fba8f12904f9\" href=\"https:\/\/www.iemj.org\/wp-content\/uploads\/2018\/01\/cd_529_04_lerha_dodi.mp3\">Lerha dodi (extrait)<\/a><\/div>\n\n\n\n<div class=\"wp-block-file\"><a id=\"wp-block-file--media-f12b793b-8bde-42e6-bc1f-d541fcf8d8a7\" href=\"https:\/\/www.iemj.org\/wp-content\/uploads\/2018\/01\/cd_530_14_bendigamos.mp3\">Bendigamos (extrait)<\/a><\/div>\n\n\n\n<div class=\"wp-block-file\"><a id=\"wp-block-file--media-000e3abc-c1de-4a2e-b2a0-c81aa4b3bd7f\" href=\"https:\/\/www.iemj.org\/wp-content\/uploads\/2018\/01\/cd_551_03_en_souviense_y_entendiense.mp3\">En Souviense y entendiense (extrait)<\/a><\/div>\n\n\n\n<div class=\"wp-block-file\"><a id=\"wp-block-file--media-0ca9b552-550b-48b5-8f71-c030639693c2\" href=\"https:\/\/www.iemj.org\/wp-content\/uploads\/2018\/01\/cd_569_09_keter.mp3\">Keter (extrait)<\/a><\/div>\n","protected":false},"excerpt":{"rendered":"<p>Fine conoscitore e fedele pilastro del rito portoghese di Bordeaux, Gilbert L\u00e9on ha dedicato anni di lavoro all\u2019elaborazione di questo Manuale per lo studio e l&#8217;applicazione della liturgia ebraica di<\/p>\n","protected":false},"author":1048,"featured_media":87769,"comment_status":"closed","ping_status":"open","sticky":false,"template":"","format":"standard","meta":{"_acf_changed":false,"footnotes":""},"categories":[1567],"tags":[],"technique":[],"squelettes":[],"sujet":[],"formation":[],"genre":[],"fonds":[],"tradition":[],"type-de-contenu":[],"interprete-compositeur":[],"frise":[],"type-devenement":[],"tableaux-liens-externes":[],"class_list":["post-87768","post","type-post","status-publish","format-standard","has-post-thumbnail","hentry","category-indispensabili-it"],"acf":[],"yoast_head":"<!-- This site is optimized with the Yoast SEO plugin v27.3 - https:\/\/yoast.com\/product\/yoast-seo-wordpress\/ -->\n<title>Manuale di studio e d\u2019applicazione della liturgia ebraica di rito sefardita detta portoghese - Institut Europ\u00e9en des Musiques Juives<\/title>\n<meta name=\"robots\" content=\"index, follow, max-snippet:-1, max-image-preview:large, max-video-preview:-1\" \/>\n<link rel=\"canonical\" href=\"https:\/\/www.iemj.org\/it\/manuel-detude-et-dapplication-de-la-liturgie-hebraique-du-rite-sefardi-dit-portugais\/\" \/>\n<meta property=\"og:locale\" content=\"it_IT\" \/>\n<meta property=\"og:type\" content=\"article\" \/>\n<meta property=\"og:title\" content=\"Manuale di studio e d\u2019applicazione della liturgia ebraica di rito sefardita detta portoghese - Institut Europ\u00e9en des Musiques Juives\" \/>\n<meta property=\"og:description\" content=\"Fine conoscitore e fedele pilastro del rito portoghese di Bordeaux, Gilbert L\u00e9on ha dedicato anni di lavoro all\u2019elaborazione di questo Manuale per lo studio e l&#8217;applicazione della liturgia ebraica di\" \/>\n<meta property=\"og:url\" content=\"https:\/\/www.iemj.org\/it\/manuel-detude-et-dapplication-de-la-liturgie-hebraique-du-rite-sefardi-dit-portugais\/\" \/>\n<meta property=\"og:site_name\" content=\"Institut Europ\u00e9en des Musiques Juives\" \/>\n<meta property=\"article:publisher\" content=\"https:\/\/www.facebook.com\/MusiquesJuives\/\" \/>\n<meta property=\"article:published_time\" content=\"2018-01-17T15:24:51+00:00\" \/>\n<meta property=\"article:modified_time\" content=\"2025-08-18T15:14:49+00:00\" \/>\n<meta property=\"og:image\" content=\"https:\/\/www.iemj.org\/wp-content\/uploads\/2018\/01\/arton3068.jpg\" \/>\n\t<meta property=\"og:image:width\" content=\"304\" \/>\n\t<meta property=\"og:image:height\" content=\"400\" \/>\n\t<meta property=\"og:image:type\" content=\"image\/jpeg\" \/>\n<meta name=\"author\" content=\"Jean-Gabriel Davis\" \/>\n<meta name=\"twitter:card\" content=\"summary_large_image\" \/>\n<meta name=\"twitter:label1\" content=\"Scritto da\" \/>\n\t<meta name=\"twitter:data1\" content=\"Jean-Gabriel Davis\" \/>\n\t<meta name=\"twitter:label2\" content=\"Tempo di lettura stimato\" \/>\n\t<meta name=\"twitter:data2\" content=\"2 minuti\" \/>\n<script type=\"application\/ld+json\" class=\"yoast-schema-graph\">{\"@context\":\"https:\\\/\\\/schema.org\",\"@graph\":[{\"@type\":\"Article\",\"@id\":\"https:\\\/\\\/www.iemj.org\\\/it\\\/manuel-detude-et-dapplication-de-la-liturgie-hebraique-du-rite-sefardi-dit-portugais\\\/#article\",\"isPartOf\":{\"@id\":\"https:\\\/\\\/www.iemj.org\\\/it\\\/manuel-detude-et-dapplication-de-la-liturgie-hebraique-du-rite-sefardi-dit-portugais\\\/\"},\"author\":{\"name\":\"Jean-Gabriel Davis\",\"@id\":\"https:\\\/\\\/www.iemj.org\\\/it\\\/#\\\/schema\\\/person\\\/c9bc1c386a3749579a2d675e72a18666\"},\"headline\":\"Manuale di studio e d\u2019applicazione della liturgia ebraica di rito sefardita detta portoghese\",\"datePublished\":\"2018-01-17T15:24:51+00:00\",\"dateModified\":\"2025-08-18T15:14:49+00:00\",\"mainEntityOfPage\":{\"@id\":\"https:\\\/\\\/www.iemj.org\\\/it\\\/manuel-detude-et-dapplication-de-la-liturgie-hebraique-du-rite-sefardi-dit-portugais\\\/\"},\"wordCount\":339,\"publisher\":{\"@id\":\"https:\\\/\\\/www.iemj.org\\\/it\\\/#organization\"},\"image\":{\"@id\":\"https:\\\/\\\/www.iemj.org\\\/it\\\/manuel-detude-et-dapplication-de-la-liturgie-hebraique-du-rite-sefardi-dit-portugais\\\/#primaryimage\"},\"thumbnailUrl\":\"https:\\\/\\\/www.iemj.org\\\/wp-content\\\/uploads\\\/2018\\\/01\\\/arton3068.jpg\",\"articleSection\":[\"Indispensabili\"],\"inLanguage\":\"it-IT\"},{\"@type\":\"WebPage\",\"@id\":\"https:\\\/\\\/www.iemj.org\\\/it\\\/manuel-detude-et-dapplication-de-la-liturgie-hebraique-du-rite-sefardi-dit-portugais\\\/\",\"url\":\"https:\\\/\\\/www.iemj.org\\\/it\\\/manuel-detude-et-dapplication-de-la-liturgie-hebraique-du-rite-sefardi-dit-portugais\\\/\",\"name\":\"Manuale di studio e d\u2019applicazione della liturgia ebraica di rito sefardita detta portoghese - Institut Europ\u00e9en des Musiques Juives\",\"isPartOf\":{\"@id\":\"https:\\\/\\\/www.iemj.org\\\/it\\\/#website\"},\"primaryImageOfPage\":{\"@id\":\"https:\\\/\\\/www.iemj.org\\\/it\\\/manuel-detude-et-dapplication-de-la-liturgie-hebraique-du-rite-sefardi-dit-portugais\\\/#primaryimage\"},\"image\":{\"@id\":\"https:\\\/\\\/www.iemj.org\\\/it\\\/manuel-detude-et-dapplication-de-la-liturgie-hebraique-du-rite-sefardi-dit-portugais\\\/#primaryimage\"},\"thumbnailUrl\":\"https:\\\/\\\/www.iemj.org\\\/wp-content\\\/uploads\\\/2018\\\/01\\\/arton3068.jpg\",\"datePublished\":\"2018-01-17T15:24:51+00:00\",\"dateModified\":\"2025-08-18T15:14:49+00:00\",\"breadcrumb\":{\"@id\":\"https:\\\/\\\/www.iemj.org\\\/it\\\/manuel-detude-et-dapplication-de-la-liturgie-hebraique-du-rite-sefardi-dit-portugais\\\/#breadcrumb\"},\"inLanguage\":\"it-IT\",\"potentialAction\":[{\"@type\":\"ReadAction\",\"target\":[\"https:\\\/\\\/www.iemj.org\\\/it\\\/manuel-detude-et-dapplication-de-la-liturgie-hebraique-du-rite-sefardi-dit-portugais\\\/\"]}]},{\"@type\":\"ImageObject\",\"inLanguage\":\"it-IT\",\"@id\":\"https:\\\/\\\/www.iemj.org\\\/it\\\/manuel-detude-et-dapplication-de-la-liturgie-hebraique-du-rite-sefardi-dit-portugais\\\/#primaryimage\",\"url\":\"https:\\\/\\\/www.iemj.org\\\/wp-content\\\/uploads\\\/2018\\\/01\\\/arton3068.jpg\",\"contentUrl\":\"https:\\\/\\\/www.iemj.org\\\/wp-content\\\/uploads\\\/2018\\\/01\\\/arton3068.jpg\",\"width\":304,\"height\":400},{\"@type\":\"BreadcrumbList\",\"@id\":\"https:\\\/\\\/www.iemj.org\\\/it\\\/manuel-detude-et-dapplication-de-la-liturgie-hebraique-du-rite-sefardi-dit-portugais\\\/#breadcrumb\",\"itemListElement\":[{\"@type\":\"ListItem\",\"position\":1,\"name\":\"Accueil\",\"item\":\"https:\\\/\\\/www.iemj.org\\\/it\\\/\"},{\"@type\":\"ListItem\",\"position\":2,\"name\":\"Manuale di studio e d\u2019applicazione della liturgia ebraica di rito sefardita detta portoghese\"}]},{\"@type\":\"WebSite\",\"@id\":\"https:\\\/\\\/www.iemj.org\\\/it\\\/#website\",\"url\":\"https:\\\/\\\/www.iemj.org\\\/it\\\/\",\"name\":\"Institut Europ\u00e9en des Musiques Juives\",\"description\":\"Des traditions musicales \u00e0 la port\u00e9e de tous\",\"publisher\":{\"@id\":\"https:\\\/\\\/www.iemj.org\\\/it\\\/#organization\"},\"potentialAction\":[{\"@type\":\"SearchAction\",\"target\":{\"@type\":\"EntryPoint\",\"urlTemplate\":\"https:\\\/\\\/www.iemj.org\\\/it\\\/?s={search_term_string}\"},\"query-input\":{\"@type\":\"PropertyValueSpecification\",\"valueRequired\":true,\"valueName\":\"search_term_string\"}}],\"inLanguage\":\"it-IT\"},{\"@type\":\"Organization\",\"@id\":\"https:\\\/\\\/www.iemj.org\\\/it\\\/#organization\",\"name\":\"Institut Europ\u00e9en des Musiques Juives\",\"url\":\"https:\\\/\\\/www.iemj.org\\\/it\\\/\",\"logo\":{\"@type\":\"ImageObject\",\"inLanguage\":\"it-IT\",\"@id\":\"https:\\\/\\\/www.iemj.org\\\/it\\\/#\\\/schema\\\/logo\\\/image\\\/\",\"url\":\"https:\\\/\\\/www.iemj.org\\\/wp-content\\\/uploads\\\/2021\\\/09\\\/Logo-IEMJ-Paypal.jpg\",\"contentUrl\":\"https:\\\/\\\/www.iemj.org\\\/wp-content\\\/uploads\\\/2021\\\/09\\\/Logo-IEMJ-Paypal.jpg\",\"width\":150,\"height\":50,\"caption\":\"Institut Europ\u00e9en des Musiques Juives\"},\"image\":{\"@id\":\"https:\\\/\\\/www.iemj.org\\\/it\\\/#\\\/schema\\\/logo\\\/image\\\/\"},\"sameAs\":[\"https:\\\/\\\/www.facebook.com\\\/MusiquesJuives\\\/\",\"https:\\\/\\\/www.instagram.com\\\/musiquesjuives\\\/\",\"https:\\\/\\\/www.youtube.com\\\/user\\\/musiquesjuives\"]},{\"@type\":\"Person\",\"@id\":\"https:\\\/\\\/www.iemj.org\\\/it\\\/#\\\/schema\\\/person\\\/c9bc1c386a3749579a2d675e72a18666\",\"name\":\"Jean-Gabriel Davis\",\"image\":{\"@type\":\"ImageObject\",\"inLanguage\":\"it-IT\",\"@id\":\"https:\\\/\\\/secure.gravatar.com\\\/avatar\\\/2b90d67bdf392c9b3a21fab87c0fa7edaf1fb3a058172a1ffd61033fcec7aec1?s=96&d=mm&r=g\",\"url\":\"https:\\\/\\\/secure.gravatar.com\\\/avatar\\\/2b90d67bdf392c9b3a21fab87c0fa7edaf1fb3a058172a1ffd61033fcec7aec1?s=96&d=mm&r=g\",\"contentUrl\":\"https:\\\/\\\/secure.gravatar.com\\\/avatar\\\/2b90d67bdf392c9b3a21fab87c0fa7edaf1fb3a058172a1ffd61033fcec7aec1?s=96&d=mm&r=g\",\"caption\":\"Jean-Gabriel Davis\"}}]}<\/script>\n<!-- \/ Yoast SEO plugin. -->","yoast_head_json":{"title":"Manuale di studio e d\u2019applicazione della liturgia ebraica di rito sefardita detta portoghese - Institut Europ\u00e9en des Musiques Juives","robots":{"index":"index","follow":"follow","max-snippet":"max-snippet:-1","max-image-preview":"max-image-preview:large","max-video-preview":"max-video-preview:-1"},"canonical":"https:\/\/www.iemj.org\/it\/manuel-detude-et-dapplication-de-la-liturgie-hebraique-du-rite-sefardi-dit-portugais\/","og_locale":"it_IT","og_type":"article","og_title":"Manuale di studio e d\u2019applicazione della liturgia ebraica di rito sefardita detta portoghese - Institut Europ\u00e9en des Musiques Juives","og_description":"Fine conoscitore e fedele pilastro del rito portoghese di Bordeaux, Gilbert L\u00e9on ha dedicato anni di lavoro all\u2019elaborazione di questo Manuale per lo studio e l&#8217;applicazione della liturgia ebraica di","og_url":"https:\/\/www.iemj.org\/it\/manuel-detude-et-dapplication-de-la-liturgie-hebraique-du-rite-sefardi-dit-portugais\/","og_site_name":"Institut Europ\u00e9en des Musiques Juives","article_publisher":"https:\/\/www.facebook.com\/MusiquesJuives\/","article_published_time":"2018-01-17T15:24:51+00:00","article_modified_time":"2025-08-18T15:14:49+00:00","og_image":[{"width":304,"height":400,"url":"https:\/\/www.iemj.org\/wp-content\/uploads\/2018\/01\/arton3068.jpg","type":"image\/jpeg"}],"author":"Jean-Gabriel Davis","twitter_card":"summary_large_image","twitter_misc":{"Scritto da":"Jean-Gabriel Davis","Tempo di lettura stimato":"2 minuti"},"schema":{"@context":"https:\/\/schema.org","@graph":[{"@type":"Article","@id":"https:\/\/www.iemj.org\/it\/manuel-detude-et-dapplication-de-la-liturgie-hebraique-du-rite-sefardi-dit-portugais\/#article","isPartOf":{"@id":"https:\/\/www.iemj.org\/it\/manuel-detude-et-dapplication-de-la-liturgie-hebraique-du-rite-sefardi-dit-portugais\/"},"author":{"name":"Jean-Gabriel Davis","@id":"https:\/\/www.iemj.org\/it\/#\/schema\/person\/c9bc1c386a3749579a2d675e72a18666"},"headline":"Manuale di studio e d\u2019applicazione della liturgia ebraica di rito sefardita detta portoghese","datePublished":"2018-01-17T15:24:51+00:00","dateModified":"2025-08-18T15:14:49+00:00","mainEntityOfPage":{"@id":"https:\/\/www.iemj.org\/it\/manuel-detude-et-dapplication-de-la-liturgie-hebraique-du-rite-sefardi-dit-portugais\/"},"wordCount":339,"publisher":{"@id":"https:\/\/www.iemj.org\/it\/#organization"},"image":{"@id":"https:\/\/www.iemj.org\/it\/manuel-detude-et-dapplication-de-la-liturgie-hebraique-du-rite-sefardi-dit-portugais\/#primaryimage"},"thumbnailUrl":"https:\/\/www.iemj.org\/wp-content\/uploads\/2018\/01\/arton3068.jpg","articleSection":["Indispensabili"],"inLanguage":"it-IT"},{"@type":"WebPage","@id":"https:\/\/www.iemj.org\/it\/manuel-detude-et-dapplication-de-la-liturgie-hebraique-du-rite-sefardi-dit-portugais\/","url":"https:\/\/www.iemj.org\/it\/manuel-detude-et-dapplication-de-la-liturgie-hebraique-du-rite-sefardi-dit-portugais\/","name":"Manuale di studio e d\u2019applicazione della liturgia ebraica di rito sefardita detta portoghese - Institut Europ\u00e9en des Musiques Juives","isPartOf":{"@id":"https:\/\/www.iemj.org\/it\/#website"},"primaryImageOfPage":{"@id":"https:\/\/www.iemj.org\/it\/manuel-detude-et-dapplication-de-la-liturgie-hebraique-du-rite-sefardi-dit-portugais\/#primaryimage"},"image":{"@id":"https:\/\/www.iemj.org\/it\/manuel-detude-et-dapplication-de-la-liturgie-hebraique-du-rite-sefardi-dit-portugais\/#primaryimage"},"thumbnailUrl":"https:\/\/www.iemj.org\/wp-content\/uploads\/2018\/01\/arton3068.jpg","datePublished":"2018-01-17T15:24:51+00:00","dateModified":"2025-08-18T15:14:49+00:00","breadcrumb":{"@id":"https:\/\/www.iemj.org\/it\/manuel-detude-et-dapplication-de-la-liturgie-hebraique-du-rite-sefardi-dit-portugais\/#breadcrumb"},"inLanguage":"it-IT","potentialAction":[{"@type":"ReadAction","target":["https:\/\/www.iemj.org\/it\/manuel-detude-et-dapplication-de-la-liturgie-hebraique-du-rite-sefardi-dit-portugais\/"]}]},{"@type":"ImageObject","inLanguage":"it-IT","@id":"https:\/\/www.iemj.org\/it\/manuel-detude-et-dapplication-de-la-liturgie-hebraique-du-rite-sefardi-dit-portugais\/#primaryimage","url":"https:\/\/www.iemj.org\/wp-content\/uploads\/2018\/01\/arton3068.jpg","contentUrl":"https:\/\/www.iemj.org\/wp-content\/uploads\/2018\/01\/arton3068.jpg","width":304,"height":400},{"@type":"BreadcrumbList","@id":"https:\/\/www.iemj.org\/it\/manuel-detude-et-dapplication-de-la-liturgie-hebraique-du-rite-sefardi-dit-portugais\/#breadcrumb","itemListElement":[{"@type":"ListItem","position":1,"name":"Accueil","item":"https:\/\/www.iemj.org\/it\/"},{"@type":"ListItem","position":2,"name":"Manuale di studio e d\u2019applicazione della liturgia ebraica di rito sefardita detta portoghese"}]},{"@type":"WebSite","@id":"https:\/\/www.iemj.org\/it\/#website","url":"https:\/\/www.iemj.org\/it\/","name":"Institut Europ\u00e9en des Musiques Juives","description":"Des traditions musicales \u00e0 la port\u00e9e de tous","publisher":{"@id":"https:\/\/www.iemj.org\/it\/#organization"},"potentialAction":[{"@type":"SearchAction","target":{"@type":"EntryPoint","urlTemplate":"https:\/\/www.iemj.org\/it\/?s={search_term_string}"},"query-input":{"@type":"PropertyValueSpecification","valueRequired":true,"valueName":"search_term_string"}}],"inLanguage":"it-IT"},{"@type":"Organization","@id":"https:\/\/www.iemj.org\/it\/#organization","name":"Institut Europ\u00e9en des Musiques Juives","url":"https:\/\/www.iemj.org\/it\/","logo":{"@type":"ImageObject","inLanguage":"it-IT","@id":"https:\/\/www.iemj.org\/it\/#\/schema\/logo\/image\/","url":"https:\/\/www.iemj.org\/wp-content\/uploads\/2021\/09\/Logo-IEMJ-Paypal.jpg","contentUrl":"https:\/\/www.iemj.org\/wp-content\/uploads\/2021\/09\/Logo-IEMJ-Paypal.jpg","width":150,"height":50,"caption":"Institut Europ\u00e9en des Musiques Juives"},"image":{"@id":"https:\/\/www.iemj.org\/it\/#\/schema\/logo\/image\/"},"sameAs":["https:\/\/www.facebook.com\/MusiquesJuives\/","https:\/\/www.instagram.com\/musiquesjuives\/","https:\/\/www.youtube.com\/user\/musiquesjuives"]},{"@type":"Person","@id":"https:\/\/www.iemj.org\/it\/#\/schema\/person\/c9bc1c386a3749579a2d675e72a18666","name":"Jean-Gabriel Davis","image":{"@type":"ImageObject","inLanguage":"it-IT","@id":"https:\/\/secure.gravatar.com\/avatar\/2b90d67bdf392c9b3a21fab87c0fa7edaf1fb3a058172a1ffd61033fcec7aec1?s=96&d=mm&r=g","url":"https:\/\/secure.gravatar.com\/avatar\/2b90d67bdf392c9b3a21fab87c0fa7edaf1fb3a058172a1ffd61033fcec7aec1?s=96&d=mm&r=g","contentUrl":"https:\/\/secure.gravatar.com\/avatar\/2b90d67bdf392c9b3a21fab87c0fa7edaf1fb3a058172a1ffd61033fcec7aec1?s=96&d=mm&r=g","caption":"Jean-Gabriel Davis"}}]}},"_links":{"self":[{"href":"https:\/\/www.iemj.org\/it\/wp-json\/wp\/v2\/posts\/87768","targetHints":{"allow":["GET"]}}],"collection":[{"href":"https:\/\/www.iemj.org\/it\/wp-json\/wp\/v2\/posts"}],"about":[{"href":"https:\/\/www.iemj.org\/it\/wp-json\/wp\/v2\/types\/post"}],"author":[{"embeddable":true,"href":"https:\/\/www.iemj.org\/it\/wp-json\/wp\/v2\/users\/1048"}],"replies":[{"embeddable":true,"href":"https:\/\/www.iemj.org\/it\/wp-json\/wp\/v2\/comments?post=87768"}],"version-history":[{"count":0,"href":"https:\/\/www.iemj.org\/it\/wp-json\/wp\/v2\/posts\/87768\/revisions"}],"wp:featuredmedia":[{"embeddable":true,"href":"https:\/\/www.iemj.org\/it\/wp-json\/wp\/v2\/media\/87769"}],"wp:attachment":[{"href":"https:\/\/www.iemj.org\/it\/wp-json\/wp\/v2\/media?parent=87768"}],"wp:term":[{"taxonomy":"category","embeddable":true,"href":"https:\/\/www.iemj.org\/it\/wp-json\/wp\/v2\/categories?post=87768"},{"taxonomy":"post_tag","embeddable":true,"href":"https:\/\/www.iemj.org\/it\/wp-json\/wp\/v2\/tags?post=87768"},{"taxonomy":"technique","embeddable":true,"href":"https:\/\/www.iemj.org\/it\/wp-json\/wp\/v2\/technique?post=87768"},{"taxonomy":"squelettes","embeddable":true,"href":"https:\/\/www.iemj.org\/it\/wp-json\/wp\/v2\/squelettes?post=87768"},{"taxonomy":"sujet","embeddable":true,"href":"https:\/\/www.iemj.org\/it\/wp-json\/wp\/v2\/sujet?post=87768"},{"taxonomy":"formation","embeddable":true,"href":"https:\/\/www.iemj.org\/it\/wp-json\/wp\/v2\/formation?post=87768"},{"taxonomy":"genre","embeddable":true,"href":"https:\/\/www.iemj.org\/it\/wp-json\/wp\/v2\/genre?post=87768"},{"taxonomy":"fonds","embeddable":true,"href":"https:\/\/www.iemj.org\/it\/wp-json\/wp\/v2\/fonds?post=87768"},{"taxonomy":"tradition","embeddable":true,"href":"https:\/\/www.iemj.org\/it\/wp-json\/wp\/v2\/tradition?post=87768"},{"taxonomy":"type-de-contenu","embeddable":true,"href":"https:\/\/www.iemj.org\/it\/wp-json\/wp\/v2\/type-de-contenu?post=87768"},{"taxonomy":"interprete-compositeur","embeddable":true,"href":"https:\/\/www.iemj.org\/it\/wp-json\/wp\/v2\/interprete-compositeur?post=87768"},{"taxonomy":"frise","embeddable":true,"href":"https:\/\/www.iemj.org\/it\/wp-json\/wp\/v2\/frise?post=87768"},{"taxonomy":"type-devenement","embeddable":true,"href":"https:\/\/www.iemj.org\/it\/wp-json\/wp\/v2\/type-devenement?post=87768"},{"taxonomy":"tableaux-liens-externes","embeddable":true,"href":"https:\/\/www.iemj.org\/it\/wp-json\/wp\/v2\/tableaux-liens-externes?post=87768"}],"curies":[{"name":"wp","href":"https:\/\/api.w.org\/{rel}","templated":true}]}}