{"id":87825,"date":"2018-01-18T09:54:57","date_gmt":"2018-01-18T08:54:57","guid":{"rendered":"https:\/\/www.iemj.org\/leon-gilbert-1934\/"},"modified":"2025-08-18T17:00:45","modified_gmt":"2025-08-18T15:00:45","slug":"leon-gilbert-1934","status":"publish","type":"post","link":"https:\/\/www.iemj.org\/it\/leon-gilbert-1934\/","title":{"rendered":"LEON, Gilbert (1934-2025)"},"content":{"rendered":"<p>Figlio di Emile L\u00e9on e Valentine L\u00e9on, nata L\u00e9vy, Gilbert L\u00e9on, nato il 28 febbraio 1934 a Bordeaux e deceduto a Hossegor il 12 luglio 2025, \u00e8 il maggiore di tre fratelli: Gilbert, Michel e Denise.<\/p>\n<p>Suo padre Emile, scultore, 1\u00b0 premio menzione speciale della Scuola di Belle Arti di Bordeaux, sar\u00e0 Presidente del Concistoro di Bordeaux, otterr\u00e0 la Legion d&#8217;Onore e occuper\u00e0 la carica di Consigliere Municipale della citt\u00e0 di Bordeaux, delegato alle Belle Arti.<\/p>\n<p>Sua madre Valentine sar\u00e0 presidente delle \u201cDames Isra\u00e9lites de Bordeaux\u201d, associazione da lei fondata nel dopoguerra.<\/p>\n<p>Gilbert L\u00e9on impara la liturgia durante la guerra dai suoi genitori, clandestinamente, come facevano i marrani. E\u2019 con la madre che impara in particolare gli accenti biblici (<em>teamim<\/em>) dei salmi (<em>tehillim<\/em>). Sar\u00e0 preparato anche da <img fetchpriority=\"high\" decoding=\"async\" class=\" alignright size-full wp-image-17895\" src=\"https:\/\/www.iemj.org\/wp-content\/uploads\/2018\/01\/img_20180117_0004_recadre_redim.jpg\" alt=\"img_20180117_0004_recadre_redim.jpg\" width=\"214\" height=\"316\" align=\"right\" data-description=\"Gilbert L\u00e9on et son \u00e9pouse\" srcset=\"https:\/\/www.iemj.org\/wp-content\/uploads\/2018\/01\/img_20180117_0004_recadre_redim.jpg 214w, https:\/\/www.iemj.org\/wp-content\/uploads\/2018\/01\/img_20180117_0004_recadre_redim-203x300.jpg 203w\" sizes=\"(max-width: 214px) 100vw, 214px\" \/>Mo\u00efse Alvarez-Peyrere, Sadi Fons\u00e8que e Roland Moss\u00e9, tutti e tre grandi conoscitori del rito portoghese di Bordeaux.<\/p>\n<p>Nato in una famiglia religiosa, Gilbert L\u00e9on frequenta la sinagoga per pi\u00f9 di 60 anni e per 10-12 anni insegna la liturgia di Bordeaux agli studenti del Talmud Torah ed ai giovani bar mitzvah.<\/p>\n<p>Contemporaneamente Gilbert L\u00e9on, facente parte della corporazione degli ebanisti della Camera dei Mestieri, apprendista poi operaio, finisce per aprire un laboratorio di ebanisteria a Bordeaux, attivit\u00e0 che inizia nel 1949.<\/p>\n<p>Nel 1961 sposa Ma\u00eft\u00e9 Dalmeyda a Bordeaux.<\/p>\n<p>Ossessionato dalla necessit\u00e0 di trasmettere il rito portoghese, sviluppa, durante il suo pensionamento iniziato a Hossegor nel 2000, un <a href=\"https:\/\/www.iemj.org\/it\/manuel-detude-et-dapplication-de-la-liturgie-hebraique-du-rite-sefardi-dit-portugais\/\" target=\"_blank\" rel=\"noopener\"><em>Manuale per lo studio e l&#8217;applicazione della liturgia ebraica di rito sefardita detto portoghese<\/em><\/a>, accompagnato da 65 CD.<\/p>\n<p>Gilbert L\u00e9on \u00e8 anche autore di una <em>Breve storia degli ebrei a Bordeaux<\/em> (12 pagine manoscritte), nonch\u00e9 di una <em>Riflessione sui Tea&#8217;mim dei salmi<\/em> (35 pagine manoscritte) completata nel 2018.<\/p>\n<p><a href=\"http:\/\/www.rachelnet.net\/F\/?func=find-c&amp;ccl_term=WRD+%3D+Gilbert+L%C3%A9on&amp;local_base=iemcg\" target=\"_blank\" rel=\"noopener\">Consultare i nostri archivi su Gilbert L\u00e9on<\/a><\/p>\n","protected":false},"excerpt":{"rendered":"<p>Figlio di Emile L\u00e9on e Valentine L\u00e9on, nata L\u00e9vy, Gilbert L\u00e9on, nato il 28 febbraio 1934 a Bordeaux e deceduto a Hossegor il 12 luglio 2025, \u00e8 il maggiore di<\/p>\n","protected":false},"author":5,"featured_media":87826,"comment_status":"closed","ping_status":"open","sticky":false,"template":"","format":"standard","meta":{"_acf_changed":false,"footnotes":""},"categories":[1416],"tags":[],"technique":[],"squelettes":[],"sujet":[2113],"formation":[],"genre":[],"fonds":[],"tradition":[1974],"type-de-contenu":[],"interprete-compositeur":[],"frise":[],"type-devenement":[],"tableaux-liens-externes":[],"class_list":["post-87825","post","type-post","status-publish","format-standard","has-post-thumbnail","hentry","category-biografie-it","sujet-musica-della-sinagoga-it","tradition-rito-giudeo-portoghese-it"],"acf":[],"yoast_head":"<!-- This site is optimized with the Yoast SEO plugin v27.3 - https:\/\/yoast.com\/product\/yoast-seo-wordpress\/ -->\n<title>LEON, Gilbert (1934-2025) - Institut Europ\u00e9en des Musiques Juives<\/title>\n<meta name=\"robots\" content=\"index, follow, max-snippet:-1, max-image-preview:large, max-video-preview:-1\" \/>\n<link rel=\"canonical\" href=\"https:\/\/www.iemj.org\/it\/leon-gilbert-1934\/\" \/>\n<meta property=\"og:locale\" content=\"it_IT\" \/>\n<meta property=\"og:type\" content=\"article\" \/>\n<meta property=\"og:title\" content=\"LEON, Gilbert (1934-2025) - Institut Europ\u00e9en des Musiques Juives\" \/>\n<meta property=\"og:description\" content=\"Figlio di Emile L\u00e9on e Valentine L\u00e9on, nata L\u00e9vy, Gilbert L\u00e9on, nato il 28 febbraio 1934 a Bordeaux e deceduto a Hossegor il 12 luglio 2025, \u00e8 il maggiore di\" \/>\n<meta property=\"og:url\" content=\"https:\/\/www.iemj.org\/it\/leon-gilbert-1934\/\" \/>\n<meta property=\"og:site_name\" content=\"Institut Europ\u00e9en des Musiques Juives\" \/>\n<meta property=\"article:publisher\" content=\"https:\/\/www.facebook.com\/MusiquesJuives\/\" \/>\n<meta property=\"article:published_time\" content=\"2018-01-18T08:54:57+00:00\" \/>\n<meta property=\"article:modified_time\" content=\"2025-08-18T15:00:45+00:00\" \/>\n<meta property=\"og:image\" content=\"https:\/\/www.iemj.org\/wp-content\/uploads\/2018\/01\/arton3071-e1617024467946.jpg\" \/>\n\t<meta property=\"og:image:width\" content=\"188\" \/>\n\t<meta property=\"og:image:height\" content=\"218\" \/>\n\t<meta property=\"og:image:type\" content=\"image\/jpeg\" \/>\n<meta name=\"author\" content=\"Jacqueline ROTEN\" \/>\n<meta name=\"twitter:card\" content=\"summary_large_image\" \/>\n<meta name=\"twitter:label1\" content=\"Scritto da\" \/>\n\t<meta name=\"twitter:data1\" content=\"Jacqueline ROTEN\" \/>\n\t<meta name=\"twitter:label2\" content=\"Tempo di lettura stimato\" \/>\n\t<meta name=\"twitter:data2\" content=\"2 minuti\" \/>\n<script type=\"application\/ld+json\" class=\"yoast-schema-graph\">{\"@context\":\"https:\\\/\\\/schema.org\",\"@graph\":[{\"@type\":\"Article\",\"@id\":\"https:\\\/\\\/www.iemj.org\\\/it\\\/leon-gilbert-1934\\\/#article\",\"isPartOf\":{\"@id\":\"https:\\\/\\\/www.iemj.org\\\/it\\\/leon-gilbert-1934\\\/\"},\"author\":{\"name\":\"Jacqueline ROTEN\",\"@id\":\"https:\\\/\\\/www.iemj.org\\\/it\\\/#\\\/schema\\\/person\\\/358e26c18aca017fcc4cc15437f7279c\"},\"headline\":\"LEON, Gilbert (1934-2025)\",\"datePublished\":\"2018-01-18T08:54:57+00:00\",\"dateModified\":\"2025-08-18T15:00:45+00:00\",\"mainEntityOfPage\":{\"@id\":\"https:\\\/\\\/www.iemj.org\\\/it\\\/leon-gilbert-1934\\\/\"},\"wordCount\":293,\"publisher\":{\"@id\":\"https:\\\/\\\/www.iemj.org\\\/it\\\/#organization\"},\"image\":{\"@id\":\"https:\\\/\\\/www.iemj.org\\\/it\\\/leon-gilbert-1934\\\/#primaryimage\"},\"thumbnailUrl\":\"https:\\\/\\\/www.iemj.org\\\/wp-content\\\/uploads\\\/2018\\\/01\\\/arton3071-e1617024467946.jpg\",\"articleSection\":[\"Biografie\"],\"inLanguage\":\"it-IT\"},{\"@type\":\"WebPage\",\"@id\":\"https:\\\/\\\/www.iemj.org\\\/it\\\/leon-gilbert-1934\\\/\",\"url\":\"https:\\\/\\\/www.iemj.org\\\/it\\\/leon-gilbert-1934\\\/\",\"name\":\"LEON, Gilbert (1934-2025) - Institut Europ\u00e9en des Musiques Juives\",\"isPartOf\":{\"@id\":\"https:\\\/\\\/www.iemj.org\\\/it\\\/#website\"},\"primaryImageOfPage\":{\"@id\":\"https:\\\/\\\/www.iemj.org\\\/it\\\/leon-gilbert-1934\\\/#primaryimage\"},\"image\":{\"@id\":\"https:\\\/\\\/www.iemj.org\\\/it\\\/leon-gilbert-1934\\\/#primaryimage\"},\"thumbnailUrl\":\"https:\\\/\\\/www.iemj.org\\\/wp-content\\\/uploads\\\/2018\\\/01\\\/arton3071-e1617024467946.jpg\",\"datePublished\":\"2018-01-18T08:54:57+00:00\",\"dateModified\":\"2025-08-18T15:00:45+00:00\",\"breadcrumb\":{\"@id\":\"https:\\\/\\\/www.iemj.org\\\/it\\\/leon-gilbert-1934\\\/#breadcrumb\"},\"inLanguage\":\"it-IT\",\"potentialAction\":[{\"@type\":\"ReadAction\",\"target\":[\"https:\\\/\\\/www.iemj.org\\\/it\\\/leon-gilbert-1934\\\/\"]}]},{\"@type\":\"ImageObject\",\"inLanguage\":\"it-IT\",\"@id\":\"https:\\\/\\\/www.iemj.org\\\/it\\\/leon-gilbert-1934\\\/#primaryimage\",\"url\":\"https:\\\/\\\/www.iemj.org\\\/wp-content\\\/uploads\\\/2018\\\/01\\\/arton3071-e1617024467946.jpg\",\"contentUrl\":\"https:\\\/\\\/www.iemj.org\\\/wp-content\\\/uploads\\\/2018\\\/01\\\/arton3071-e1617024467946.jpg\",\"width\":188,\"height\":218},{\"@type\":\"BreadcrumbList\",\"@id\":\"https:\\\/\\\/www.iemj.org\\\/it\\\/leon-gilbert-1934\\\/#breadcrumb\",\"itemListElement\":[{\"@type\":\"ListItem\",\"position\":1,\"name\":\"Accueil\",\"item\":\"https:\\\/\\\/www.iemj.org\\\/it\\\/\"},{\"@type\":\"ListItem\",\"position\":2,\"name\":\"LEON, Gilbert (1934-2025)\"}]},{\"@type\":\"WebSite\",\"@id\":\"https:\\\/\\\/www.iemj.org\\\/it\\\/#website\",\"url\":\"https:\\\/\\\/www.iemj.org\\\/it\\\/\",\"name\":\"Institut Europ\u00e9en des Musiques Juives\",\"description\":\"Des traditions musicales \u00e0 la port\u00e9e de tous\",\"publisher\":{\"@id\":\"https:\\\/\\\/www.iemj.org\\\/it\\\/#organization\"},\"potentialAction\":[{\"@type\":\"SearchAction\",\"target\":{\"@type\":\"EntryPoint\",\"urlTemplate\":\"https:\\\/\\\/www.iemj.org\\\/it\\\/?s={search_term_string}\"},\"query-input\":{\"@type\":\"PropertyValueSpecification\",\"valueRequired\":true,\"valueName\":\"search_term_string\"}}],\"inLanguage\":\"it-IT\"},{\"@type\":\"Organization\",\"@id\":\"https:\\\/\\\/www.iemj.org\\\/it\\\/#organization\",\"name\":\"Institut Europ\u00e9en des Musiques Juives\",\"url\":\"https:\\\/\\\/www.iemj.org\\\/it\\\/\",\"logo\":{\"@type\":\"ImageObject\",\"inLanguage\":\"it-IT\",\"@id\":\"https:\\\/\\\/www.iemj.org\\\/it\\\/#\\\/schema\\\/logo\\\/image\\\/\",\"url\":\"https:\\\/\\\/www.iemj.org\\\/wp-content\\\/uploads\\\/2021\\\/09\\\/Logo-IEMJ-Paypal.jpg\",\"contentUrl\":\"https:\\\/\\\/www.iemj.org\\\/wp-content\\\/uploads\\\/2021\\\/09\\\/Logo-IEMJ-Paypal.jpg\",\"width\":150,\"height\":50,\"caption\":\"Institut Europ\u00e9en des Musiques Juives\"},\"image\":{\"@id\":\"https:\\\/\\\/www.iemj.org\\\/it\\\/#\\\/schema\\\/logo\\\/image\\\/\"},\"sameAs\":[\"https:\\\/\\\/www.facebook.com\\\/MusiquesJuives\\\/\",\"https:\\\/\\\/www.instagram.com\\\/musiquesjuives\\\/\",\"https:\\\/\\\/www.youtube.com\\\/user\\\/musiquesjuives\"]},{\"@type\":\"Person\",\"@id\":\"https:\\\/\\\/www.iemj.org\\\/it\\\/#\\\/schema\\\/person\\\/358e26c18aca017fcc4cc15437f7279c\",\"name\":\"Jacqueline ROTEN\",\"image\":{\"@type\":\"ImageObject\",\"inLanguage\":\"it-IT\",\"@id\":\"https:\\\/\\\/secure.gravatar.com\\\/avatar\\\/5964256d6c6957de3a3505278957e0fb2a35119ac47ea41827a65301213c810b?s=96&d=mm&r=g\",\"url\":\"https:\\\/\\\/secure.gravatar.com\\\/avatar\\\/5964256d6c6957de3a3505278957e0fb2a35119ac47ea41827a65301213c810b?s=96&d=mm&r=g\",\"contentUrl\":\"https:\\\/\\\/secure.gravatar.com\\\/avatar\\\/5964256d6c6957de3a3505278957e0fb2a35119ac47ea41827a65301213c810b?s=96&d=mm&r=g\",\"caption\":\"Jacqueline ROTEN\"}}]}<\/script>\n<!-- \/ Yoast SEO plugin. -->","yoast_head_json":{"title":"LEON, Gilbert (1934-2025) - Institut Europ\u00e9en des Musiques Juives","robots":{"index":"index","follow":"follow","max-snippet":"max-snippet:-1","max-image-preview":"max-image-preview:large","max-video-preview":"max-video-preview:-1"},"canonical":"https:\/\/www.iemj.org\/it\/leon-gilbert-1934\/","og_locale":"it_IT","og_type":"article","og_title":"LEON, Gilbert (1934-2025) - Institut Europ\u00e9en des Musiques Juives","og_description":"Figlio di Emile L\u00e9on e Valentine L\u00e9on, nata L\u00e9vy, Gilbert L\u00e9on, nato il 28 febbraio 1934 a Bordeaux e deceduto a Hossegor il 12 luglio 2025, \u00e8 il maggiore di","og_url":"https:\/\/www.iemj.org\/it\/leon-gilbert-1934\/","og_site_name":"Institut Europ\u00e9en des Musiques Juives","article_publisher":"https:\/\/www.facebook.com\/MusiquesJuives\/","article_published_time":"2018-01-18T08:54:57+00:00","article_modified_time":"2025-08-18T15:00:45+00:00","og_image":[{"width":188,"height":218,"url":"https:\/\/www.iemj.org\/wp-content\/uploads\/2018\/01\/arton3071-e1617024467946.jpg","type":"image\/jpeg"}],"author":"Jacqueline ROTEN","twitter_card":"summary_large_image","twitter_misc":{"Scritto da":"Jacqueline ROTEN","Tempo di lettura stimato":"2 minuti"},"schema":{"@context":"https:\/\/schema.org","@graph":[{"@type":"Article","@id":"https:\/\/www.iemj.org\/it\/leon-gilbert-1934\/#article","isPartOf":{"@id":"https:\/\/www.iemj.org\/it\/leon-gilbert-1934\/"},"author":{"name":"Jacqueline ROTEN","@id":"https:\/\/www.iemj.org\/it\/#\/schema\/person\/358e26c18aca017fcc4cc15437f7279c"},"headline":"LEON, Gilbert (1934-2025)","datePublished":"2018-01-18T08:54:57+00:00","dateModified":"2025-08-18T15:00:45+00:00","mainEntityOfPage":{"@id":"https:\/\/www.iemj.org\/it\/leon-gilbert-1934\/"},"wordCount":293,"publisher":{"@id":"https:\/\/www.iemj.org\/it\/#organization"},"image":{"@id":"https:\/\/www.iemj.org\/it\/leon-gilbert-1934\/#primaryimage"},"thumbnailUrl":"https:\/\/www.iemj.org\/wp-content\/uploads\/2018\/01\/arton3071-e1617024467946.jpg","articleSection":["Biografie"],"inLanguage":"it-IT"},{"@type":"WebPage","@id":"https:\/\/www.iemj.org\/it\/leon-gilbert-1934\/","url":"https:\/\/www.iemj.org\/it\/leon-gilbert-1934\/","name":"LEON, Gilbert (1934-2025) - Institut Europ\u00e9en des Musiques Juives","isPartOf":{"@id":"https:\/\/www.iemj.org\/it\/#website"},"primaryImageOfPage":{"@id":"https:\/\/www.iemj.org\/it\/leon-gilbert-1934\/#primaryimage"},"image":{"@id":"https:\/\/www.iemj.org\/it\/leon-gilbert-1934\/#primaryimage"},"thumbnailUrl":"https:\/\/www.iemj.org\/wp-content\/uploads\/2018\/01\/arton3071-e1617024467946.jpg","datePublished":"2018-01-18T08:54:57+00:00","dateModified":"2025-08-18T15:00:45+00:00","breadcrumb":{"@id":"https:\/\/www.iemj.org\/it\/leon-gilbert-1934\/#breadcrumb"},"inLanguage":"it-IT","potentialAction":[{"@type":"ReadAction","target":["https:\/\/www.iemj.org\/it\/leon-gilbert-1934\/"]}]},{"@type":"ImageObject","inLanguage":"it-IT","@id":"https:\/\/www.iemj.org\/it\/leon-gilbert-1934\/#primaryimage","url":"https:\/\/www.iemj.org\/wp-content\/uploads\/2018\/01\/arton3071-e1617024467946.jpg","contentUrl":"https:\/\/www.iemj.org\/wp-content\/uploads\/2018\/01\/arton3071-e1617024467946.jpg","width":188,"height":218},{"@type":"BreadcrumbList","@id":"https:\/\/www.iemj.org\/it\/leon-gilbert-1934\/#breadcrumb","itemListElement":[{"@type":"ListItem","position":1,"name":"Accueil","item":"https:\/\/www.iemj.org\/it\/"},{"@type":"ListItem","position":2,"name":"LEON, Gilbert (1934-2025)"}]},{"@type":"WebSite","@id":"https:\/\/www.iemj.org\/it\/#website","url":"https:\/\/www.iemj.org\/it\/","name":"Institut Europ\u00e9en des Musiques Juives","description":"Des traditions musicales \u00e0 la port\u00e9e de tous","publisher":{"@id":"https:\/\/www.iemj.org\/it\/#organization"},"potentialAction":[{"@type":"SearchAction","target":{"@type":"EntryPoint","urlTemplate":"https:\/\/www.iemj.org\/it\/?s={search_term_string}"},"query-input":{"@type":"PropertyValueSpecification","valueRequired":true,"valueName":"search_term_string"}}],"inLanguage":"it-IT"},{"@type":"Organization","@id":"https:\/\/www.iemj.org\/it\/#organization","name":"Institut Europ\u00e9en des Musiques Juives","url":"https:\/\/www.iemj.org\/it\/","logo":{"@type":"ImageObject","inLanguage":"it-IT","@id":"https:\/\/www.iemj.org\/it\/#\/schema\/logo\/image\/","url":"https:\/\/www.iemj.org\/wp-content\/uploads\/2021\/09\/Logo-IEMJ-Paypal.jpg","contentUrl":"https:\/\/www.iemj.org\/wp-content\/uploads\/2021\/09\/Logo-IEMJ-Paypal.jpg","width":150,"height":50,"caption":"Institut Europ\u00e9en des Musiques Juives"},"image":{"@id":"https:\/\/www.iemj.org\/it\/#\/schema\/logo\/image\/"},"sameAs":["https:\/\/www.facebook.com\/MusiquesJuives\/","https:\/\/www.instagram.com\/musiquesjuives\/","https:\/\/www.youtube.com\/user\/musiquesjuives"]},{"@type":"Person","@id":"https:\/\/www.iemj.org\/it\/#\/schema\/person\/358e26c18aca017fcc4cc15437f7279c","name":"Jacqueline ROTEN","image":{"@type":"ImageObject","inLanguage":"it-IT","@id":"https:\/\/secure.gravatar.com\/avatar\/5964256d6c6957de3a3505278957e0fb2a35119ac47ea41827a65301213c810b?s=96&d=mm&r=g","url":"https:\/\/secure.gravatar.com\/avatar\/5964256d6c6957de3a3505278957e0fb2a35119ac47ea41827a65301213c810b?s=96&d=mm&r=g","contentUrl":"https:\/\/secure.gravatar.com\/avatar\/5964256d6c6957de3a3505278957e0fb2a35119ac47ea41827a65301213c810b?s=96&d=mm&r=g","caption":"Jacqueline ROTEN"}}]}},"_links":{"self":[{"href":"https:\/\/www.iemj.org\/it\/wp-json\/wp\/v2\/posts\/87825","targetHints":{"allow":["GET"]}}],"collection":[{"href":"https:\/\/www.iemj.org\/it\/wp-json\/wp\/v2\/posts"}],"about":[{"href":"https:\/\/www.iemj.org\/it\/wp-json\/wp\/v2\/types\/post"}],"author":[{"embeddable":true,"href":"https:\/\/www.iemj.org\/it\/wp-json\/wp\/v2\/users\/5"}],"replies":[{"embeddable":true,"href":"https:\/\/www.iemj.org\/it\/wp-json\/wp\/v2\/comments?post=87825"}],"version-history":[{"count":0,"href":"https:\/\/www.iemj.org\/it\/wp-json\/wp\/v2\/posts\/87825\/revisions"}],"wp:featuredmedia":[{"embeddable":true,"href":"https:\/\/www.iemj.org\/it\/wp-json\/wp\/v2\/media\/87826"}],"wp:attachment":[{"href":"https:\/\/www.iemj.org\/it\/wp-json\/wp\/v2\/media?parent=87825"}],"wp:term":[{"taxonomy":"category","embeddable":true,"href":"https:\/\/www.iemj.org\/it\/wp-json\/wp\/v2\/categories?post=87825"},{"taxonomy":"post_tag","embeddable":true,"href":"https:\/\/www.iemj.org\/it\/wp-json\/wp\/v2\/tags?post=87825"},{"taxonomy":"technique","embeddable":true,"href":"https:\/\/www.iemj.org\/it\/wp-json\/wp\/v2\/technique?post=87825"},{"taxonomy":"squelettes","embeddable":true,"href":"https:\/\/www.iemj.org\/it\/wp-json\/wp\/v2\/squelettes?post=87825"},{"taxonomy":"sujet","embeddable":true,"href":"https:\/\/www.iemj.org\/it\/wp-json\/wp\/v2\/sujet?post=87825"},{"taxonomy":"formation","embeddable":true,"href":"https:\/\/www.iemj.org\/it\/wp-json\/wp\/v2\/formation?post=87825"},{"taxonomy":"genre","embeddable":true,"href":"https:\/\/www.iemj.org\/it\/wp-json\/wp\/v2\/genre?post=87825"},{"taxonomy":"fonds","embeddable":true,"href":"https:\/\/www.iemj.org\/it\/wp-json\/wp\/v2\/fonds?post=87825"},{"taxonomy":"tradition","embeddable":true,"href":"https:\/\/www.iemj.org\/it\/wp-json\/wp\/v2\/tradition?post=87825"},{"taxonomy":"type-de-contenu","embeddable":true,"href":"https:\/\/www.iemj.org\/it\/wp-json\/wp\/v2\/type-de-contenu?post=87825"},{"taxonomy":"interprete-compositeur","embeddable":true,"href":"https:\/\/www.iemj.org\/it\/wp-json\/wp\/v2\/interprete-compositeur?post=87825"},{"taxonomy":"frise","embeddable":true,"href":"https:\/\/www.iemj.org\/it\/wp-json\/wp\/v2\/frise?post=87825"},{"taxonomy":"type-devenement","embeddable":true,"href":"https:\/\/www.iemj.org\/it\/wp-json\/wp\/v2\/type-devenement?post=87825"},{"taxonomy":"tableaux-liens-externes","embeddable":true,"href":"https:\/\/www.iemj.org\/it\/wp-json\/wp\/v2\/tableaux-liens-externes?post=87825"}],"curies":[{"name":"wp","href":"https:\/\/api.w.org\/{rel}","templated":true}]}}