{"id":87861,"date":"2018-07-04T12:55:08","date_gmt":"2018-07-04T10:55:08","guid":{"rendered":"https:\/\/www.iemj.org\/dzigan-et-shumacher\/"},"modified":"2022-09-22T15:05:52","modified_gmt":"2022-09-22T13:05:52","slug":"dzigan-et-shumacher","status":"publish","type":"post","link":"https:\/\/www.iemj.org\/it\/dzigan-et-shumacher\/","title":{"rendered":"Dzigan e Shumacher"},"content":{"rendered":"<p>Originari di \u0141\u00f3d\u017a, in Polonia, Shimen (Szymon) Dzigan (1905-1980) e Yisroel Shumacher (Szumacher) (1908-1961), un famoso duo comico in lingua yiddish, sono stati famosi in tutto il mondo prima e dopo la Seconda Guerra Mondiale.<\/p>\n<p>Figlio di un sarto, <strong>Shimen Dzigan<\/strong> si destina inizialmente a seguire le orme di suo padre. Ma il destino decide diversamente quando il famoso scrittore e poeta <strong>Moyshe Broderzon<\/strong> nota le sue doti d\u2019improvvisazione ed il suo senso della parodia durante un banchetto nel 1927. L\u2019assume allora nel cabaret <em>Ararat<\/em> da lui fondato a \u0141\u00f3d\u017a. Un anno dopo, <strong>Yisroel Shumacher<\/strong> integra a sua volta il cabaret.<\/p>\n<p>I due artisti, influenzati dal nascente teatro yiddish, condividono la convinzione che come ebrei devono preservare la lingua yiddish. Entrambi sono anche sedotti dalle idee socialiste che si diffondono dopo la Prima Guerra mondiale. Ed i loro sketches riflettono queste nuove idee. In effetti, la troupe <em>Ararat<\/em>, ed i suoi attori energici dal trucco eccessivo e dai costumi impressionanti, non assomigliano a nessun altro teatro yiddish esistente.<\/p>\n<p><img fetchpriority=\"high\" decoding=\"async\" class=\" alignleft size-full wp-image-20369\" src=\"https:\/\/www.iemj.org\/wp-content\/uploads\/2018\/07\/dzigan_et_shumacher_1.jpg\" alt=\"dzigan_et_shumacher_1.jpg\" width=\"350\" height=\"262\" align=\"left\" srcset=\"https:\/\/www.iemj.org\/wp-content\/uploads\/2018\/07\/dzigan_et_shumacher_1.jpg 350w, https:\/\/www.iemj.org\/wp-content\/uploads\/2018\/07\/dzigan_et_shumacher_1-300x225.jpg 300w\" sizes=\"(max-width: 350px) 100vw, 350px\" \/>Dopo\u00a06 anni di attivit\u00e0 a \u0141\u00f3d\u017a, Dzigan e Shumacher si stabiliscono a Varsavia. Suonano per un anno nella compagnia <em>Di Yiddishe Bande<\/em>, poi decidono di ricreare la troupe <em>Ararat<\/em> con alcuni dei suoi membri fondatori di \u0141\u00f3d\u017a. Alla fine, i due comici decidono di esibirsi soltanto in duo : fondano il loro proprio cabaret al teatro <em>Nowo\u015bci <\/em>di Varsavia nel 1935.<\/p>\n<p>Nel 1937, recitano nel film yiddish <em>Freylekhe Kabtsonim (Jolly Paupers)<\/em> diretto da <strong>Zygmunt Turkow.<\/strong><\/p>\n<p>Quando i nazisti invadono la Polonia, Dzigan e Shumacher fuggono a Bia\u0142ystok, all\u2019epoca occupata dai sovietici. Continuano i loro spettacoli a Minsk, Mosca, Leningrado, Kiev, Kharkov e in tutte le localit\u00e0 sovietiche dove vive una popolazione di lingua yiddish. Ma quando tentano di lasciare l&#8217;Unione Sovietica con l&#8217;esercito polacco del generale Anders, vengono arrestati. Trascorreranno 4 anni nel campo di lavoro di Aktioubinsk dove, nonostante tutto, potranno fare spettacoli, sia per gli ebrei, ma anche per i banchetti dell&#8217;NKVD (<em>Narodni<\/em> <em>Komissariat Vnoutrennikh Diel<\/em> [Commissariato del popolo per gli affari interni]). Rilasciati nel 1946, nuovamente arrestati a Lwow, riescono a raggiungere Varsavia nel 1947.<\/p>\n<p>Nel 1948 recitano in <em>Undzere kinder<\/em> (i nostri bambini), uno degli ultimi film in yiddish girato in Polonia, diretto da <strong>Natan Gross<\/strong> ed avente come soggetto l&#8217;Olocausto.<\/p>\n<p><img decoding=\"async\" class=\" alignright  wp-image-20371\" src=\"https:\/\/www.iemj.org\/wp-content\/uploads\/2018\/07\/israel_shumacher.jpg\" alt=\"israel_shumacher.jpg\" width=\"176\" height=\"212\" align=\"right\" \/>Nel 1950 decidono di stabilirsi nel giovane stato d\u2019Israele, dove la richiesta di divertimento in yiddish \u00e8 molto forte e dove molti ebrei in tutto il paese conoscono i loro sketches a memoria. Ma, in seguito all&#8217;aspirazione dei leader dell&#8217;epoca di formare una nuova societ\u00e0 israeliana che parlasse ebraico, quasi tutte le esibizioni in yiddish sono vietate e, nonostante la loro popolarit\u00e0, gli spettacoli di Dzigan e Shumacher non sfuggono alla regola.<\/p>\n<p>\u00a0<\/p>\n<p><img decoding=\"async\" class=\" alignleft size-full wp-image-20373\" src=\"https:\/\/www.iemj.org\/wp-content\/uploads\/2018\/07\/dzigan.jpg\" alt=\"dzigan.jpg\" width=\"204\" height=\"250\" align=\"left\" \/>Decidono allora di emigrare in Argentina a Buenos Aires, dove fondano un nuovo cabaret.<\/p>\n<p>Nel 1958, in seguito alla revoca del divieto di recitare in yiddish in Israele, i nostri amici si stabiliscono a Tel Aviv e creano il loro teatro. Ma questa situazione non dura a lungo ed i due comici, che avevano iniziato a litigare a met\u00e0 degli anni &#8217;50, rompono finalmente tutti i loro legami nel 1960.<\/p>\n<p>Un anno dopo, Shumacher soccombe ad una malattia all&#8217;et\u00e0 di 53 anni.<\/p>\n<p>Per vent&#8217;anni, Dzigan continuer\u00e0 a calcare le scene e si esibir\u00e0 anche alla televisione israeliana. Preso da un malessere sulla scena il 13 aprile 1980, muore il giorno successivo.<\/p>\n<h4>Gli Stanlio e Ollio yiddish<\/h4>\n<p>I due comici interpretavano personaggi molto diversi. Dzigan era il mendicante nervoso, loquace, gentile e piagnucolone. Al contrario, Shumacher era pi\u00f9 flemmatico e saccente. Commentando l\u2019attualit\u00e0, prendevano in giro gli antisemiti, i politici, ma anche se stessi ed il loro pubblico, con sketches sulla vita di tutti i giorni. A volte venivano paragonati a <strong>Stanlio\u00a0e<\/strong> <strong>Ollio<\/strong>, od a due <strong>Don Chisciotte<\/strong> seduti su una panchina, uno sognante la Palestina, l&#8217;altro il Borobidjan.<\/p>\n<p>Dzigan e Shumacher rimangono il duo comico di lingua yiddish pi\u00f9 famoso conosciuto in tutto il mondo.<\/p>\n<p><em>Fonti:<br \/><a href=\"http:\/\/www.yivoencyclopedia.org\/article.aspx\/Dzigan_and_Shumacher\">YIVO Encyclopedia<\/a><br \/><a href=\"https:\/\/www.bh.org.il\/blog-items\/forget-the-troubles-and-laugh-30-years-of-dzigan-and-schumacher\/\">Beit Hatfutsot<\/a><\/em><\/p>\n<p><a href=\"https:\/\/www.iemj.org\/it\/dzigan-shumacher\/\" target=\"_blank\" rel=\"noopener\">Scoprite le registrazioni degli sketch di questo famoso duo comico yiddish<\/a><br \/><a href=\"http:\/\/www.rachelnet.net\/F\/?func=find-c&amp;ccl_term=WRD%3DDzigan+et+Szumacher+sauf+wty%3D%28plage+ou+extrait+ou+partition%29&amp;local_base=iemcg&amp;x=11&amp;y=19\" target=\"_blank\" rel=\"noopener\">Consultare i documenti catalogati riguardanti Dzigan e Shumacher<\/a><\/p>\n\n\n<figure class=\"wp-block-embed is-type-video is-provider-youtube wp-block-embed-youtube wp-embed-aspect-4-3 wp-has-aspect-ratio\"><div class=\"wp-block-embed__wrapper\">\n<iframe title=\"\u05d3\u05d6&#039;\u05d9\u05d2\u05d0\u05df \u05d5\u05e9\u05d5\u05de\u05db\u05e8: \u05e9\u05e8\u05d9\u05e4\u05d4 \u05d1\u05db\u05ea\u05e8\u05d9\u05dc\u05d9\u05d1\u05e7\u05d4\" width=\"640\" height=\"480\" src=\"https:\/\/www.youtube.com\/embed\/ABCvK5iBbqs?feature=oembed\" frameborder=\"0\" allow=\"accelerometer; autoplay; clipboard-write; encrypted-media; gyroscope; picture-in-picture; web-share\" referrerpolicy=\"strict-origin-when-cross-origin\" allowfullscreen><\/iframe>\n<\/div><\/figure>\n","protected":false},"excerpt":{"rendered":"<p>Originari di \u0141\u00f3d\u017a, in Polonia, Shimen (Szymon) Dzigan (1905-1980) e Yisroel Shumacher (Szumacher) (1908-1961), un famoso duo comico in lingua yiddish, sono stati famosi in tutto il mondo prima e<\/p>\n","protected":false},"author":1048,"featured_media":51665,"comment_status":"closed","ping_status":"open","sticky":false,"template":"","format":"standard","meta":{"_acf_changed":false,"footnotes":""},"categories":[1416],"tags":[],"technique":[],"squelettes":[],"sujet":[],"formation":[],"genre":[],"fonds":[],"tradition":[],"type-de-contenu":[],"interprete-compositeur":[],"frise":[],"type-devenement":[],"tableaux-liens-externes":[],"class_list":["post-87861","post","type-post","status-publish","format-standard","has-post-thumbnail","hentry","category-biografie-it"],"acf":[],"yoast_head":"<!-- This site is optimized with the Yoast SEO plugin v27.3 - https:\/\/yoast.com\/product\/yoast-seo-wordpress\/ -->\n<title>Dzigan e Shumacher - Institut Europ\u00e9en des Musiques Juives<\/title>\n<meta name=\"robots\" content=\"index, follow, max-snippet:-1, max-image-preview:large, max-video-preview:-1\" \/>\n<link rel=\"canonical\" href=\"https:\/\/www.iemj.org\/it\/dzigan-et-shumacher\/\" \/>\n<meta property=\"og:locale\" content=\"it_IT\" \/>\n<meta property=\"og:type\" content=\"article\" \/>\n<meta property=\"og:title\" content=\"Dzigan e Shumacher - Institut Europ\u00e9en des Musiques Juives\" \/>\n<meta property=\"og:description\" content=\"Originari di \u0141\u00f3d\u017a, in Polonia, Shimen (Szymon) Dzigan (1905-1980) e Yisroel Shumacher (Szumacher) (1908-1961), un famoso duo comico in lingua yiddish, sono stati famosi in tutto il mondo prima e\" \/>\n<meta property=\"og:url\" content=\"https:\/\/www.iemj.org\/it\/dzigan-et-shumacher\/\" \/>\n<meta property=\"og:site_name\" content=\"Institut Europ\u00e9en des Musiques Juives\" \/>\n<meta property=\"article:publisher\" content=\"https:\/\/www.facebook.com\/MusiquesJuives\/\" \/>\n<meta property=\"article:published_time\" content=\"2018-07-04T10:55:08+00:00\" \/>\n<meta property=\"article:modified_time\" content=\"2022-09-22T13:05:52+00:00\" \/>\n<meta property=\"og:image\" content=\"https:\/\/www.iemj.org\/wp-content\/uploads\/2018\/07\/arton3548-e1624974596757.jpg\" \/>\n\t<meta property=\"og:image:width\" content=\"211\" \/>\n\t<meta property=\"og:image:height\" content=\"218\" \/>\n\t<meta property=\"og:image:type\" content=\"image\/jpeg\" \/>\n<meta name=\"author\" content=\"Jean-Gabriel Davis\" \/>\n<meta name=\"twitter:card\" content=\"summary_large_image\" \/>\n<meta name=\"twitter:label1\" content=\"Scritto da\" \/>\n\t<meta name=\"twitter:data1\" content=\"Jean-Gabriel Davis\" \/>\n\t<meta name=\"twitter:label2\" content=\"Tempo di lettura stimato\" \/>\n\t<meta name=\"twitter:data2\" content=\"5 minuti\" \/>\n<script type=\"application\/ld+json\" class=\"yoast-schema-graph\">{\"@context\":\"https:\\\/\\\/schema.org\",\"@graph\":[{\"@type\":\"Article\",\"@id\":\"https:\\\/\\\/www.iemj.org\\\/it\\\/dzigan-et-shumacher\\\/#article\",\"isPartOf\":{\"@id\":\"https:\\\/\\\/www.iemj.org\\\/it\\\/dzigan-et-shumacher\\\/\"},\"author\":{\"name\":\"Jean-Gabriel Davis\",\"@id\":\"https:\\\/\\\/www.iemj.org\\\/it\\\/#\\\/schema\\\/person\\\/c9bc1c386a3749579a2d675e72a18666\"},\"headline\":\"Dzigan e Shumacher\",\"datePublished\":\"2018-07-04T10:55:08+00:00\",\"dateModified\":\"2022-09-22T13:05:52+00:00\",\"mainEntityOfPage\":{\"@id\":\"https:\\\/\\\/www.iemj.org\\\/it\\\/dzigan-et-shumacher\\\/\"},\"wordCount\":683,\"publisher\":{\"@id\":\"https:\\\/\\\/www.iemj.org\\\/it\\\/#organization\"},\"image\":{\"@id\":\"https:\\\/\\\/www.iemj.org\\\/it\\\/dzigan-et-shumacher\\\/#primaryimage\"},\"thumbnailUrl\":\"https:\\\/\\\/www.iemj.org\\\/wp-content\\\/uploads\\\/2018\\\/07\\\/arton3548-e1624974596757.jpg\",\"articleSection\":[\"Biografie\"],\"inLanguage\":\"it-IT\"},{\"@type\":\"WebPage\",\"@id\":\"https:\\\/\\\/www.iemj.org\\\/it\\\/dzigan-et-shumacher\\\/\",\"url\":\"https:\\\/\\\/www.iemj.org\\\/it\\\/dzigan-et-shumacher\\\/\",\"name\":\"Dzigan e Shumacher - Institut Europ\u00e9en des Musiques Juives\",\"isPartOf\":{\"@id\":\"https:\\\/\\\/www.iemj.org\\\/it\\\/#website\"},\"primaryImageOfPage\":{\"@id\":\"https:\\\/\\\/www.iemj.org\\\/it\\\/dzigan-et-shumacher\\\/#primaryimage\"},\"image\":{\"@id\":\"https:\\\/\\\/www.iemj.org\\\/it\\\/dzigan-et-shumacher\\\/#primaryimage\"},\"thumbnailUrl\":\"https:\\\/\\\/www.iemj.org\\\/wp-content\\\/uploads\\\/2018\\\/07\\\/arton3548-e1624974596757.jpg\",\"datePublished\":\"2018-07-04T10:55:08+00:00\",\"dateModified\":\"2022-09-22T13:05:52+00:00\",\"breadcrumb\":{\"@id\":\"https:\\\/\\\/www.iemj.org\\\/it\\\/dzigan-et-shumacher\\\/#breadcrumb\"},\"inLanguage\":\"it-IT\",\"potentialAction\":[{\"@type\":\"ReadAction\",\"target\":[\"https:\\\/\\\/www.iemj.org\\\/it\\\/dzigan-et-shumacher\\\/\"]}]},{\"@type\":\"ImageObject\",\"inLanguage\":\"it-IT\",\"@id\":\"https:\\\/\\\/www.iemj.org\\\/it\\\/dzigan-et-shumacher\\\/#primaryimage\",\"url\":\"https:\\\/\\\/www.iemj.org\\\/wp-content\\\/uploads\\\/2018\\\/07\\\/arton3548-e1624974596757.jpg\",\"contentUrl\":\"https:\\\/\\\/www.iemj.org\\\/wp-content\\\/uploads\\\/2018\\\/07\\\/arton3548-e1624974596757.jpg\",\"width\":211,\"height\":218},{\"@type\":\"BreadcrumbList\",\"@id\":\"https:\\\/\\\/www.iemj.org\\\/it\\\/dzigan-et-shumacher\\\/#breadcrumb\",\"itemListElement\":[{\"@type\":\"ListItem\",\"position\":1,\"name\":\"Accueil\",\"item\":\"https:\\\/\\\/www.iemj.org\\\/it\\\/\"},{\"@type\":\"ListItem\",\"position\":2,\"name\":\"Dzigan e Shumacher\"}]},{\"@type\":\"WebSite\",\"@id\":\"https:\\\/\\\/www.iemj.org\\\/it\\\/#website\",\"url\":\"https:\\\/\\\/www.iemj.org\\\/it\\\/\",\"name\":\"Institut Europ\u00e9en des Musiques Juives\",\"description\":\"Des traditions musicales \u00e0 la port\u00e9e de tous\",\"publisher\":{\"@id\":\"https:\\\/\\\/www.iemj.org\\\/it\\\/#organization\"},\"potentialAction\":[{\"@type\":\"SearchAction\",\"target\":{\"@type\":\"EntryPoint\",\"urlTemplate\":\"https:\\\/\\\/www.iemj.org\\\/it\\\/?s={search_term_string}\"},\"query-input\":{\"@type\":\"PropertyValueSpecification\",\"valueRequired\":true,\"valueName\":\"search_term_string\"}}],\"inLanguage\":\"it-IT\"},{\"@type\":\"Organization\",\"@id\":\"https:\\\/\\\/www.iemj.org\\\/it\\\/#organization\",\"name\":\"Institut Europ\u00e9en des Musiques Juives\",\"url\":\"https:\\\/\\\/www.iemj.org\\\/it\\\/\",\"logo\":{\"@type\":\"ImageObject\",\"inLanguage\":\"it-IT\",\"@id\":\"https:\\\/\\\/www.iemj.org\\\/it\\\/#\\\/schema\\\/logo\\\/image\\\/\",\"url\":\"https:\\\/\\\/www.iemj.org\\\/wp-content\\\/uploads\\\/2021\\\/09\\\/Logo-IEMJ-Paypal.jpg\",\"contentUrl\":\"https:\\\/\\\/www.iemj.org\\\/wp-content\\\/uploads\\\/2021\\\/09\\\/Logo-IEMJ-Paypal.jpg\",\"width\":150,\"height\":50,\"caption\":\"Institut Europ\u00e9en des Musiques Juives\"},\"image\":{\"@id\":\"https:\\\/\\\/www.iemj.org\\\/it\\\/#\\\/schema\\\/logo\\\/image\\\/\"},\"sameAs\":[\"https:\\\/\\\/www.facebook.com\\\/MusiquesJuives\\\/\",\"https:\\\/\\\/www.instagram.com\\\/musiquesjuives\\\/\",\"https:\\\/\\\/www.youtube.com\\\/user\\\/musiquesjuives\"]},{\"@type\":\"Person\",\"@id\":\"https:\\\/\\\/www.iemj.org\\\/it\\\/#\\\/schema\\\/person\\\/c9bc1c386a3749579a2d675e72a18666\",\"name\":\"Jean-Gabriel Davis\",\"image\":{\"@type\":\"ImageObject\",\"inLanguage\":\"it-IT\",\"@id\":\"https:\\\/\\\/secure.gravatar.com\\\/avatar\\\/2b90d67bdf392c9b3a21fab87c0fa7edaf1fb3a058172a1ffd61033fcec7aec1?s=96&d=mm&r=g\",\"url\":\"https:\\\/\\\/secure.gravatar.com\\\/avatar\\\/2b90d67bdf392c9b3a21fab87c0fa7edaf1fb3a058172a1ffd61033fcec7aec1?s=96&d=mm&r=g\",\"contentUrl\":\"https:\\\/\\\/secure.gravatar.com\\\/avatar\\\/2b90d67bdf392c9b3a21fab87c0fa7edaf1fb3a058172a1ffd61033fcec7aec1?s=96&d=mm&r=g\",\"caption\":\"Jean-Gabriel Davis\"}}]}<\/script>\n<!-- \/ Yoast SEO plugin. -->","yoast_head_json":{"title":"Dzigan e Shumacher - Institut Europ\u00e9en des Musiques Juives","robots":{"index":"index","follow":"follow","max-snippet":"max-snippet:-1","max-image-preview":"max-image-preview:large","max-video-preview":"max-video-preview:-1"},"canonical":"https:\/\/www.iemj.org\/it\/dzigan-et-shumacher\/","og_locale":"it_IT","og_type":"article","og_title":"Dzigan e Shumacher - Institut Europ\u00e9en des Musiques Juives","og_description":"Originari di \u0141\u00f3d\u017a, in Polonia, Shimen (Szymon) Dzigan (1905-1980) e Yisroel Shumacher (Szumacher) (1908-1961), un famoso duo comico in lingua yiddish, sono stati famosi in tutto il mondo prima e","og_url":"https:\/\/www.iemj.org\/it\/dzigan-et-shumacher\/","og_site_name":"Institut Europ\u00e9en des Musiques Juives","article_publisher":"https:\/\/www.facebook.com\/MusiquesJuives\/","article_published_time":"2018-07-04T10:55:08+00:00","article_modified_time":"2022-09-22T13:05:52+00:00","og_image":[{"width":211,"height":218,"url":"https:\/\/www.iemj.org\/wp-content\/uploads\/2018\/07\/arton3548-e1624974596757.jpg","type":"image\/jpeg"}],"author":"Jean-Gabriel Davis","twitter_card":"summary_large_image","twitter_misc":{"Scritto da":"Jean-Gabriel Davis","Tempo di lettura stimato":"5 minuti"},"schema":{"@context":"https:\/\/schema.org","@graph":[{"@type":"Article","@id":"https:\/\/www.iemj.org\/it\/dzigan-et-shumacher\/#article","isPartOf":{"@id":"https:\/\/www.iemj.org\/it\/dzigan-et-shumacher\/"},"author":{"name":"Jean-Gabriel Davis","@id":"https:\/\/www.iemj.org\/it\/#\/schema\/person\/c9bc1c386a3749579a2d675e72a18666"},"headline":"Dzigan e Shumacher","datePublished":"2018-07-04T10:55:08+00:00","dateModified":"2022-09-22T13:05:52+00:00","mainEntityOfPage":{"@id":"https:\/\/www.iemj.org\/it\/dzigan-et-shumacher\/"},"wordCount":683,"publisher":{"@id":"https:\/\/www.iemj.org\/it\/#organization"},"image":{"@id":"https:\/\/www.iemj.org\/it\/dzigan-et-shumacher\/#primaryimage"},"thumbnailUrl":"https:\/\/www.iemj.org\/wp-content\/uploads\/2018\/07\/arton3548-e1624974596757.jpg","articleSection":["Biografie"],"inLanguage":"it-IT"},{"@type":"WebPage","@id":"https:\/\/www.iemj.org\/it\/dzigan-et-shumacher\/","url":"https:\/\/www.iemj.org\/it\/dzigan-et-shumacher\/","name":"Dzigan e Shumacher - Institut Europ\u00e9en des Musiques Juives","isPartOf":{"@id":"https:\/\/www.iemj.org\/it\/#website"},"primaryImageOfPage":{"@id":"https:\/\/www.iemj.org\/it\/dzigan-et-shumacher\/#primaryimage"},"image":{"@id":"https:\/\/www.iemj.org\/it\/dzigan-et-shumacher\/#primaryimage"},"thumbnailUrl":"https:\/\/www.iemj.org\/wp-content\/uploads\/2018\/07\/arton3548-e1624974596757.jpg","datePublished":"2018-07-04T10:55:08+00:00","dateModified":"2022-09-22T13:05:52+00:00","breadcrumb":{"@id":"https:\/\/www.iemj.org\/it\/dzigan-et-shumacher\/#breadcrumb"},"inLanguage":"it-IT","potentialAction":[{"@type":"ReadAction","target":["https:\/\/www.iemj.org\/it\/dzigan-et-shumacher\/"]}]},{"@type":"ImageObject","inLanguage":"it-IT","@id":"https:\/\/www.iemj.org\/it\/dzigan-et-shumacher\/#primaryimage","url":"https:\/\/www.iemj.org\/wp-content\/uploads\/2018\/07\/arton3548-e1624974596757.jpg","contentUrl":"https:\/\/www.iemj.org\/wp-content\/uploads\/2018\/07\/arton3548-e1624974596757.jpg","width":211,"height":218},{"@type":"BreadcrumbList","@id":"https:\/\/www.iemj.org\/it\/dzigan-et-shumacher\/#breadcrumb","itemListElement":[{"@type":"ListItem","position":1,"name":"Accueil","item":"https:\/\/www.iemj.org\/it\/"},{"@type":"ListItem","position":2,"name":"Dzigan e Shumacher"}]},{"@type":"WebSite","@id":"https:\/\/www.iemj.org\/it\/#website","url":"https:\/\/www.iemj.org\/it\/","name":"Institut Europ\u00e9en des Musiques Juives","description":"Des traditions musicales \u00e0 la port\u00e9e de tous","publisher":{"@id":"https:\/\/www.iemj.org\/it\/#organization"},"potentialAction":[{"@type":"SearchAction","target":{"@type":"EntryPoint","urlTemplate":"https:\/\/www.iemj.org\/it\/?s={search_term_string}"},"query-input":{"@type":"PropertyValueSpecification","valueRequired":true,"valueName":"search_term_string"}}],"inLanguage":"it-IT"},{"@type":"Organization","@id":"https:\/\/www.iemj.org\/it\/#organization","name":"Institut Europ\u00e9en des Musiques Juives","url":"https:\/\/www.iemj.org\/it\/","logo":{"@type":"ImageObject","inLanguage":"it-IT","@id":"https:\/\/www.iemj.org\/it\/#\/schema\/logo\/image\/","url":"https:\/\/www.iemj.org\/wp-content\/uploads\/2021\/09\/Logo-IEMJ-Paypal.jpg","contentUrl":"https:\/\/www.iemj.org\/wp-content\/uploads\/2021\/09\/Logo-IEMJ-Paypal.jpg","width":150,"height":50,"caption":"Institut Europ\u00e9en des Musiques Juives"},"image":{"@id":"https:\/\/www.iemj.org\/it\/#\/schema\/logo\/image\/"},"sameAs":["https:\/\/www.facebook.com\/MusiquesJuives\/","https:\/\/www.instagram.com\/musiquesjuives\/","https:\/\/www.youtube.com\/user\/musiquesjuives"]},{"@type":"Person","@id":"https:\/\/www.iemj.org\/it\/#\/schema\/person\/c9bc1c386a3749579a2d675e72a18666","name":"Jean-Gabriel Davis","image":{"@type":"ImageObject","inLanguage":"it-IT","@id":"https:\/\/secure.gravatar.com\/avatar\/2b90d67bdf392c9b3a21fab87c0fa7edaf1fb3a058172a1ffd61033fcec7aec1?s=96&d=mm&r=g","url":"https:\/\/secure.gravatar.com\/avatar\/2b90d67bdf392c9b3a21fab87c0fa7edaf1fb3a058172a1ffd61033fcec7aec1?s=96&d=mm&r=g","contentUrl":"https:\/\/secure.gravatar.com\/avatar\/2b90d67bdf392c9b3a21fab87c0fa7edaf1fb3a058172a1ffd61033fcec7aec1?s=96&d=mm&r=g","caption":"Jean-Gabriel Davis"}}]}},"_links":{"self":[{"href":"https:\/\/www.iemj.org\/it\/wp-json\/wp\/v2\/posts\/87861","targetHints":{"allow":["GET"]}}],"collection":[{"href":"https:\/\/www.iemj.org\/it\/wp-json\/wp\/v2\/posts"}],"about":[{"href":"https:\/\/www.iemj.org\/it\/wp-json\/wp\/v2\/types\/post"}],"author":[{"embeddable":true,"href":"https:\/\/www.iemj.org\/it\/wp-json\/wp\/v2\/users\/1048"}],"replies":[{"embeddable":true,"href":"https:\/\/www.iemj.org\/it\/wp-json\/wp\/v2\/comments?post=87861"}],"version-history":[{"count":0,"href":"https:\/\/www.iemj.org\/it\/wp-json\/wp\/v2\/posts\/87861\/revisions"}],"wp:featuredmedia":[{"embeddable":true,"href":"https:\/\/www.iemj.org\/it\/wp-json\/wp\/v2\/media\/51665"}],"wp:attachment":[{"href":"https:\/\/www.iemj.org\/it\/wp-json\/wp\/v2\/media?parent=87861"}],"wp:term":[{"taxonomy":"category","embeddable":true,"href":"https:\/\/www.iemj.org\/it\/wp-json\/wp\/v2\/categories?post=87861"},{"taxonomy":"post_tag","embeddable":true,"href":"https:\/\/www.iemj.org\/it\/wp-json\/wp\/v2\/tags?post=87861"},{"taxonomy":"technique","embeddable":true,"href":"https:\/\/www.iemj.org\/it\/wp-json\/wp\/v2\/technique?post=87861"},{"taxonomy":"squelettes","embeddable":true,"href":"https:\/\/www.iemj.org\/it\/wp-json\/wp\/v2\/squelettes?post=87861"},{"taxonomy":"sujet","embeddable":true,"href":"https:\/\/www.iemj.org\/it\/wp-json\/wp\/v2\/sujet?post=87861"},{"taxonomy":"formation","embeddable":true,"href":"https:\/\/www.iemj.org\/it\/wp-json\/wp\/v2\/formation?post=87861"},{"taxonomy":"genre","embeddable":true,"href":"https:\/\/www.iemj.org\/it\/wp-json\/wp\/v2\/genre?post=87861"},{"taxonomy":"fonds","embeddable":true,"href":"https:\/\/www.iemj.org\/it\/wp-json\/wp\/v2\/fonds?post=87861"},{"taxonomy":"tradition","embeddable":true,"href":"https:\/\/www.iemj.org\/it\/wp-json\/wp\/v2\/tradition?post=87861"},{"taxonomy":"type-de-contenu","embeddable":true,"href":"https:\/\/www.iemj.org\/it\/wp-json\/wp\/v2\/type-de-contenu?post=87861"},{"taxonomy":"interprete-compositeur","embeddable":true,"href":"https:\/\/www.iemj.org\/it\/wp-json\/wp\/v2\/interprete-compositeur?post=87861"},{"taxonomy":"frise","embeddable":true,"href":"https:\/\/www.iemj.org\/it\/wp-json\/wp\/v2\/frise?post=87861"},{"taxonomy":"type-devenement","embeddable":true,"href":"https:\/\/www.iemj.org\/it\/wp-json\/wp\/v2\/type-devenement?post=87861"},{"taxonomy":"tableaux-liens-externes","embeddable":true,"href":"https:\/\/www.iemj.org\/it\/wp-json\/wp\/v2\/tableaux-liens-externes?post=87861"}],"curies":[{"name":"wp","href":"https:\/\/api.w.org\/{rel}","templated":true}]}}