{"id":88014,"date":"2018-03-06T14:52:38","date_gmt":"2018-03-06T13:52:38","guid":{"rendered":"https:\/\/www.iemj.org\/a-la-decouverte-de-la-mimouna\/"},"modified":"2026-03-25T12:31:16","modified_gmt":"2026-03-25T11:31:16","slug":"a-la-decouverte-de-la-mimouna","status":"publish","type":"post","link":"https:\/\/www.iemj.org\/it\/a-la-decouverte-de-la-mimouna\/","title":{"rendered":"Alla scoperta della Mimouna"},"content":{"rendered":"<p><strong>Scoprite una selezione di musiche per la celebrazione della Mimouna<\/strong><\/p>\n<p><!--more-->La Mimouna \u00e8 comparsa in Marocco poco dopo l&#8217;arrivo degli ebrei espulsi dalla Spagna nel 1492.<br \/>\u00c8 stata concepita ed intesa come un grido del cuore, come un canto di speranza da parte di questa comunit\u00e0 che ha sofferto l&#8217;oppressione, la repressione ed il rogo in Spagna. Espulsi la notte del primo Seder di Pessah, per ordine del re Ferdinando d&#8217;Aragona e di sua moglie, la regina Isabella di Castiglia, gli ebrei sbarcano in Marocco in fretta e furia, esattamente come i loro antenati hanno dovuto lasciare l&#8217;Egitto in fretta e furia.<\/p>\n<p>Questi primi ebrei sefarditi in terra d&#8217;Islam si sono istintivamente riuniti ed hanno messo in comune le loro poche risorse per trascorrere insieme la festivit\u00e0 di Pessah con dignit\u00e0. Alla fine dell&#8217;ottavo ed ultimo giorno di Pessah, ancora in stato di shock, scelsero di incontrarsi di nuovo per alleviare le loro ansie con un pasto festivo. Nel menu: specialit\u00e0 culinarie spagnole a base di farina di grano e pane, accompagnate da strumenti musicali e canti liturgici in giudeo-spagnolo portati dalla nativa Spagna.<\/p>\n<p>Pi\u00f9 tardi, nella storia, avranno adottato le specialit\u00e0 culinarie ed i colori musicali del Marocco.<\/p>\n<p>\u00c8 cos\u00ec che \u00e8 nata questa notte speciale della &#8220;Mimouna&#8221;, che trae la sua etimologia dalla parola ebraica &#8220;Emouna&#8221;, che significa fede. L&#8217;obiettivo di questa serata di festa \u00e8 quello di far rinascere la fede nei cuori, di far sperare in giorni migliori, in un domani pi\u00f9 luminoso.<\/p>\n<p>La playlist in basso vi accompagna in un viaggio musicale al ritmo delle melodie della Mimouna. Questi brani ci riportano alla calda atmosfera di questa festa popolare, ormai diffusa in tutto il mondo e riconosciuta in Israele come giorno festivo durante il quale le comunit\u00e0 di ogni origine si incontrano in musica attorno ad un buon pasto.<\/p>\n<p>Buona Mimouna!<\/p>\n<p><a href=\"https:\/\/www.iemj.org\/la-fete-orientale-speciale-mimouna-maurice-azoulay\/\" target=\"_blank\" rel=\"noopener\">Ascoltare il programma radiofonico: La f\u00eate orientale (speciale Mimouna) presentato da Maurice Azoulay <em>(in Francese)<\/em><\/a><\/p>\n\n<div class=\"wp-block-image\">\n<figure class=\"aligncenter size-large\"><img fetchpriority=\"high\" decoding=\"async\" width=\"1024\" height=\"133\" src=\"https:\/\/www.iemj.org\/wp-content\/uploads\/2024\/03\/AUDIO-PLAYER-1024x133.png\" alt=\"\" class=\"wp-image-110609\" srcset=\"https:\/\/www.iemj.org\/wp-content\/uploads\/2024\/03\/AUDIO-PLAYER-1024x133.png 1024w, https:\/\/www.iemj.org\/wp-content\/uploads\/2024\/03\/AUDIO-PLAYER-300x39.png 300w, https:\/\/www.iemj.org\/wp-content\/uploads\/2024\/03\/AUDIO-PLAYER-768x100.png 768w, https:\/\/www.iemj.org\/wp-content\/uploads\/2024\/03\/AUDIO-PLAYER-600x78.png 600w, https:\/\/www.iemj.org\/wp-content\/uploads\/2024\/03\/AUDIO-PLAYER.png 1210w\" sizes=\"(max-width: 1024px) 100vw, 1024px\" \/><\/figure>\n<\/div>\n\n\n<h2 class=\"wp-block-heading\"><\/h2>\n\n\n\n<div class=\"wp-block-file\"><a id=\"wp-block-file--media-f561d197-4a60-4725-837e-85e8e5dad2ca\" href=\"https:\/\/www.iemj.org\/wp-content\/uploads\/2018\/03\/chorale_juive_marocaine-lalla_mimouna.mp3\">Lalla Mimouna &#8211; Chorale Juive Marocaine<\/a><\/div>\n\n\n\n<div class=\"wp-block-file\"><a id=\"wp-block-file--media-6f21c122-436e-4e76-b15b-4245fd63882c\" href=\"https:\/\/www.iemj.org\/wp-content\/uploads\/2018\/03\/elie_melloul-avraham_avinou.mp3\">Avraham Avinou &#8211; Elie Melloul<\/a><\/div>\n\n\n\n<div class=\"wp-block-file\"><a id=\"wp-block-file--media-86fa391f-4726-4f04-a357-07e4396d7848\" href=\"https:\/\/www.iemj.org\/wp-content\/uploads\/2018\/03\/emile_zrihen-mahani_zine-version_flamenco.mp3\">Mahani Zine &#8211; Emile Zrihen<\/a><\/div>\n\n\n\n<div class=\"wp-block-file\"><a id=\"wp-block-file--media-e00d2523-8413-4195-aeca-06fd69267a94\" href=\"https:\/\/www.iemj.org\/wp-content\/uploads\/2018\/03\/groupe_marrakech_bint_bladi.mp3\">Bint Bladi &#8211; Groupe Marrakech<\/a><\/div>\n\n\n\n<div class=\"wp-block-file\"><a id=\"wp-block-file--media-6747d1d0-8cac-468b-8483-74f025b8d1e7\" href=\"https:\/\/www.iemj.org\/wp-content\/uploads\/2018\/03\/groupe_marrakech_medley_mimouna.mp3\">Medley Mimouna &#8211; Groupe Marrakech<\/a><\/div>\n\n\n\n<div class=\"wp-block-file\"><a id=\"wp-block-file--media-be3bb00f-f94b-4cb0-9caa-4dfcd0092f93\" href=\"https:\/\/www.iemj.org\/wp-content\/uploads\/2018\/03\/groupe_sfataim_ahlan_ouasahlan_musique_d_ouverture_de_la_mimouna.mp3\">Ahlan Ouasahlan (musique d&#8217;ouverture de la Mimouna) &#8211; Groupe Sfataim<\/a><\/div>\n\n\n\n<div class=\"wp-block-file\"><a id=\"wp-block-file--media-620ab01a-9115-49d7-9d50-671668a77b8f\" href=\"https:\/\/www.iemj.org\/wp-content\/uploads\/2018\/03\/haim_louk-ysmah_moshe_et_achorere_chira.mp3\">Ysmah Moshe et Achorere Chira &#8211; Haim Louk<\/a><\/div>\n\n\n\n<div class=\"wp-block-file\"><a id=\"wp-block-file--media-e466e82e-68aa-40a4-8660-09d6476a6b08\" href=\"https:\/\/www.iemj.org\/wp-content\/uploads\/2018\/03\/mike_karouchi-tixbilla.mp3\">Tixbilla &#8211; Mike Karouchi<\/a><\/div>\n\n\n\n<div class=\"wp-block-file\"><a id=\"wp-block-file--media-a3165220-ff9d-4621-a449-935e75b0e419\" href=\"https:\/\/www.iemj.org\/wp-content\/uploads\/2018\/03\/pinhas_cohen-enhabek_enhabek.mp3\">Enhabek Enhabek &#8211; Pinhas Cohen<\/a><\/div>\n\n\n\n<div class=\"wp-block-file\"><a id=\"wp-block-file--media-bc3eb421-8f94-4715-9bd3-dd42617a8bdc\" href=\"https:\/\/www.iemj.org\/wp-content\/uploads\/2018\/03\/emil_zrihan_-_flamenco_judio_marroqui.mp3\">Flamenco Judio marroqui &#8211; Emil Zrihan<\/a><\/div>\n","protected":false},"excerpt":{"rendered":"<p>Scoprite una selezione di musiche per la celebrazione della Mimouna<\/p>\n","protected":false},"author":1052,"featured_media":88015,"comment_status":"closed","ping_status":"closed","sticky":false,"template":"","format":"standard","meta":{"_acf_changed":false,"footnotes":""},"categories":[1536],"tags":[],"technique":[],"squelettes":[],"sujet":[1827],"formation":[],"genre":[1892],"fonds":[],"tradition":[],"type-de-contenu":[],"interprete-compositeur":[],"frise":[],"type-devenement":[],"tableaux-liens-externes":[],"class_list":["post-88014","post","type-post","status-publish","format-standard","has-post-thumbnail","hentry","category-playlist-it","sujet-pessach-it","genre-liturgia-it"],"acf":[],"yoast_head":"<!-- This site is optimized with the Yoast SEO plugin v27.3 - https:\/\/yoast.com\/product\/yoast-seo-wordpress\/ -->\n<title>Alla scoperta della Mimouna - Institut Europ\u00e9en des Musiques Juives<\/title>\n<meta name=\"robots\" content=\"index, follow, max-snippet:-1, max-image-preview:large, max-video-preview:-1\" \/>\n<link rel=\"canonical\" href=\"https:\/\/www.iemj.org\/it\/a-la-decouverte-de-la-mimouna\/\" \/>\n<meta property=\"og:locale\" content=\"it_IT\" \/>\n<meta property=\"og:type\" content=\"article\" \/>\n<meta property=\"og:title\" content=\"Alla scoperta della Mimouna - Institut Europ\u00e9en des Musiques Juives\" \/>\n<meta property=\"og:description\" content=\"Scoprite una selezione di musiche per la celebrazione della Mimouna\" \/>\n<meta property=\"og:url\" content=\"https:\/\/www.iemj.org\/it\/a-la-decouverte-de-la-mimouna\/\" \/>\n<meta property=\"og:site_name\" content=\"Institut Europ\u00e9en des Musiques Juives\" \/>\n<meta property=\"article:publisher\" content=\"https:\/\/www.facebook.com\/MusiquesJuives\/\" \/>\n<meta property=\"article:published_time\" content=\"2018-03-06T13:52:38+00:00\" \/>\n<meta property=\"article:modified_time\" content=\"2026-03-25T11:31:16+00:00\" \/>\n<meta property=\"og:image\" content=\"https:\/\/www.iemj.org\/wp-content\/uploads\/2018\/03\/arton3221.jpg\" \/>\n\t<meta property=\"og:image:width\" content=\"500\" \/>\n\t<meta property=\"og:image:height\" content=\"391\" \/>\n\t<meta property=\"og:image:type\" content=\"image\/jpeg\" \/>\n<meta name=\"author\" content=\"Lea Couderc\" \/>\n<meta name=\"twitter:card\" content=\"summary_large_image\" \/>\n<meta name=\"twitter:label1\" content=\"Scritto da\" \/>\n\t<meta name=\"twitter:data1\" content=\"Lea Couderc\" \/>\n\t<meta name=\"twitter:label2\" content=\"Tempo di lettura stimato\" \/>\n\t<meta name=\"twitter:data2\" content=\"3 minuti\" \/>\n<script type=\"application\/ld+json\" class=\"yoast-schema-graph\">{\"@context\":\"https:\\\/\\\/schema.org\",\"@graph\":[{\"@type\":\"Article\",\"@id\":\"https:\\\/\\\/www.iemj.org\\\/it\\\/a-la-decouverte-de-la-mimouna\\\/#article\",\"isPartOf\":{\"@id\":\"https:\\\/\\\/www.iemj.org\\\/it\\\/a-la-decouverte-de-la-mimouna\\\/\"},\"author\":{\"name\":\"Lea Couderc\",\"@id\":\"https:\\\/\\\/www.iemj.org\\\/it\\\/#\\\/schema\\\/person\\\/e2ad57f2c4be119c7ed8ab79036807a9\"},\"headline\":\"Alla scoperta della Mimouna\",\"datePublished\":\"2018-03-06T13:52:38+00:00\",\"dateModified\":\"2026-03-25T11:31:16+00:00\",\"mainEntityOfPage\":{\"@id\":\"https:\\\/\\\/www.iemj.org\\\/it\\\/a-la-decouverte-de-la-mimouna\\\/\"},\"wordCount\":387,\"publisher\":{\"@id\":\"https:\\\/\\\/www.iemj.org\\\/it\\\/#organization\"},\"image\":{\"@id\":\"https:\\\/\\\/www.iemj.org\\\/it\\\/a-la-decouverte-de-la-mimouna\\\/#primaryimage\"},\"thumbnailUrl\":\"https:\\\/\\\/www.iemj.org\\\/wp-content\\\/uploads\\\/2018\\\/03\\\/arton3221.jpg\",\"articleSection\":[\"Playlist\"],\"inLanguage\":\"it-IT\"},{\"@type\":\"WebPage\",\"@id\":\"https:\\\/\\\/www.iemj.org\\\/it\\\/a-la-decouverte-de-la-mimouna\\\/\",\"url\":\"https:\\\/\\\/www.iemj.org\\\/it\\\/a-la-decouverte-de-la-mimouna\\\/\",\"name\":\"Alla scoperta della Mimouna - Institut Europ\u00e9en des Musiques Juives\",\"isPartOf\":{\"@id\":\"https:\\\/\\\/www.iemj.org\\\/it\\\/#website\"},\"primaryImageOfPage\":{\"@id\":\"https:\\\/\\\/www.iemj.org\\\/it\\\/a-la-decouverte-de-la-mimouna\\\/#primaryimage\"},\"image\":{\"@id\":\"https:\\\/\\\/www.iemj.org\\\/it\\\/a-la-decouverte-de-la-mimouna\\\/#primaryimage\"},\"thumbnailUrl\":\"https:\\\/\\\/www.iemj.org\\\/wp-content\\\/uploads\\\/2018\\\/03\\\/arton3221.jpg\",\"datePublished\":\"2018-03-06T13:52:38+00:00\",\"dateModified\":\"2026-03-25T11:31:16+00:00\",\"breadcrumb\":{\"@id\":\"https:\\\/\\\/www.iemj.org\\\/it\\\/a-la-decouverte-de-la-mimouna\\\/#breadcrumb\"},\"inLanguage\":\"it-IT\",\"potentialAction\":[{\"@type\":\"ReadAction\",\"target\":[\"https:\\\/\\\/www.iemj.org\\\/it\\\/a-la-decouverte-de-la-mimouna\\\/\"]}]},{\"@type\":\"ImageObject\",\"inLanguage\":\"it-IT\",\"@id\":\"https:\\\/\\\/www.iemj.org\\\/it\\\/a-la-decouverte-de-la-mimouna\\\/#primaryimage\",\"url\":\"https:\\\/\\\/www.iemj.org\\\/wp-content\\\/uploads\\\/2018\\\/03\\\/arton3221.jpg\",\"contentUrl\":\"https:\\\/\\\/www.iemj.org\\\/wp-content\\\/uploads\\\/2018\\\/03\\\/arton3221.jpg\",\"width\":500,\"height\":391},{\"@type\":\"BreadcrumbList\",\"@id\":\"https:\\\/\\\/www.iemj.org\\\/it\\\/a-la-decouverte-de-la-mimouna\\\/#breadcrumb\",\"itemListElement\":[{\"@type\":\"ListItem\",\"position\":1,\"name\":\"Accueil\",\"item\":\"https:\\\/\\\/www.iemj.org\\\/it\\\/\"},{\"@type\":\"ListItem\",\"position\":2,\"name\":\"Alla scoperta della Mimouna\"}]},{\"@type\":\"WebSite\",\"@id\":\"https:\\\/\\\/www.iemj.org\\\/it\\\/#website\",\"url\":\"https:\\\/\\\/www.iemj.org\\\/it\\\/\",\"name\":\"Institut Europ\u00e9en des Musiques Juives\",\"description\":\"Des traditions musicales \u00e0 la port\u00e9e de tous\",\"publisher\":{\"@id\":\"https:\\\/\\\/www.iemj.org\\\/it\\\/#organization\"},\"potentialAction\":[{\"@type\":\"SearchAction\",\"target\":{\"@type\":\"EntryPoint\",\"urlTemplate\":\"https:\\\/\\\/www.iemj.org\\\/it\\\/?s={search_term_string}\"},\"query-input\":{\"@type\":\"PropertyValueSpecification\",\"valueRequired\":true,\"valueName\":\"search_term_string\"}}],\"inLanguage\":\"it-IT\"},{\"@type\":\"Organization\",\"@id\":\"https:\\\/\\\/www.iemj.org\\\/it\\\/#organization\",\"name\":\"Institut Europ\u00e9en des Musiques Juives\",\"url\":\"https:\\\/\\\/www.iemj.org\\\/it\\\/\",\"logo\":{\"@type\":\"ImageObject\",\"inLanguage\":\"it-IT\",\"@id\":\"https:\\\/\\\/www.iemj.org\\\/it\\\/#\\\/schema\\\/logo\\\/image\\\/\",\"url\":\"https:\\\/\\\/www.iemj.org\\\/wp-content\\\/uploads\\\/2021\\\/09\\\/Logo-IEMJ-Paypal.jpg\",\"contentUrl\":\"https:\\\/\\\/www.iemj.org\\\/wp-content\\\/uploads\\\/2021\\\/09\\\/Logo-IEMJ-Paypal.jpg\",\"width\":150,\"height\":50,\"caption\":\"Institut Europ\u00e9en des Musiques Juives\"},\"image\":{\"@id\":\"https:\\\/\\\/www.iemj.org\\\/it\\\/#\\\/schema\\\/logo\\\/image\\\/\"},\"sameAs\":[\"https:\\\/\\\/www.facebook.com\\\/MusiquesJuives\\\/\",\"https:\\\/\\\/www.instagram.com\\\/musiquesjuives\\\/\",\"https:\\\/\\\/www.youtube.com\\\/user\\\/musiquesjuives\"]},{\"@type\":\"Person\",\"@id\":\"https:\\\/\\\/www.iemj.org\\\/it\\\/#\\\/schema\\\/person\\\/e2ad57f2c4be119c7ed8ab79036807a9\",\"name\":\"Lea Couderc\",\"image\":{\"@type\":\"ImageObject\",\"inLanguage\":\"it-IT\",\"@id\":\"https:\\\/\\\/secure.gravatar.com\\\/avatar\\\/46ee021475d60aeff17a7e490b79dea5a5684bb392ab7fd1494027411df8ba23?s=96&d=mm&r=g\",\"url\":\"https:\\\/\\\/secure.gravatar.com\\\/avatar\\\/46ee021475d60aeff17a7e490b79dea5a5684bb392ab7fd1494027411df8ba23?s=96&d=mm&r=g\",\"contentUrl\":\"https:\\\/\\\/secure.gravatar.com\\\/avatar\\\/46ee021475d60aeff17a7e490b79dea5a5684bb392ab7fd1494027411df8ba23?s=96&d=mm&r=g\",\"caption\":\"Lea Couderc\"}}]}<\/script>\n<!-- \/ Yoast SEO plugin. -->","yoast_head_json":{"title":"Alla scoperta della Mimouna - Institut Europ\u00e9en des Musiques Juives","robots":{"index":"index","follow":"follow","max-snippet":"max-snippet:-1","max-image-preview":"max-image-preview:large","max-video-preview":"max-video-preview:-1"},"canonical":"https:\/\/www.iemj.org\/it\/a-la-decouverte-de-la-mimouna\/","og_locale":"it_IT","og_type":"article","og_title":"Alla scoperta della Mimouna - Institut Europ\u00e9en des Musiques Juives","og_description":"Scoprite una selezione di musiche per la celebrazione della Mimouna","og_url":"https:\/\/www.iemj.org\/it\/a-la-decouverte-de-la-mimouna\/","og_site_name":"Institut Europ\u00e9en des Musiques Juives","article_publisher":"https:\/\/www.facebook.com\/MusiquesJuives\/","article_published_time":"2018-03-06T13:52:38+00:00","article_modified_time":"2026-03-25T11:31:16+00:00","og_image":[{"width":500,"height":391,"url":"https:\/\/www.iemj.org\/wp-content\/uploads\/2018\/03\/arton3221.jpg","type":"image\/jpeg"}],"author":"Lea Couderc","twitter_card":"summary_large_image","twitter_misc":{"Scritto da":"Lea Couderc","Tempo di lettura stimato":"3 minuti"},"schema":{"@context":"https:\/\/schema.org","@graph":[{"@type":"Article","@id":"https:\/\/www.iemj.org\/it\/a-la-decouverte-de-la-mimouna\/#article","isPartOf":{"@id":"https:\/\/www.iemj.org\/it\/a-la-decouverte-de-la-mimouna\/"},"author":{"name":"Lea Couderc","@id":"https:\/\/www.iemj.org\/it\/#\/schema\/person\/e2ad57f2c4be119c7ed8ab79036807a9"},"headline":"Alla scoperta della Mimouna","datePublished":"2018-03-06T13:52:38+00:00","dateModified":"2026-03-25T11:31:16+00:00","mainEntityOfPage":{"@id":"https:\/\/www.iemj.org\/it\/a-la-decouverte-de-la-mimouna\/"},"wordCount":387,"publisher":{"@id":"https:\/\/www.iemj.org\/it\/#organization"},"image":{"@id":"https:\/\/www.iemj.org\/it\/a-la-decouverte-de-la-mimouna\/#primaryimage"},"thumbnailUrl":"https:\/\/www.iemj.org\/wp-content\/uploads\/2018\/03\/arton3221.jpg","articleSection":["Playlist"],"inLanguage":"it-IT"},{"@type":"WebPage","@id":"https:\/\/www.iemj.org\/it\/a-la-decouverte-de-la-mimouna\/","url":"https:\/\/www.iemj.org\/it\/a-la-decouverte-de-la-mimouna\/","name":"Alla scoperta della Mimouna - Institut Europ\u00e9en des Musiques Juives","isPartOf":{"@id":"https:\/\/www.iemj.org\/it\/#website"},"primaryImageOfPage":{"@id":"https:\/\/www.iemj.org\/it\/a-la-decouverte-de-la-mimouna\/#primaryimage"},"image":{"@id":"https:\/\/www.iemj.org\/it\/a-la-decouverte-de-la-mimouna\/#primaryimage"},"thumbnailUrl":"https:\/\/www.iemj.org\/wp-content\/uploads\/2018\/03\/arton3221.jpg","datePublished":"2018-03-06T13:52:38+00:00","dateModified":"2026-03-25T11:31:16+00:00","breadcrumb":{"@id":"https:\/\/www.iemj.org\/it\/a-la-decouverte-de-la-mimouna\/#breadcrumb"},"inLanguage":"it-IT","potentialAction":[{"@type":"ReadAction","target":["https:\/\/www.iemj.org\/it\/a-la-decouverte-de-la-mimouna\/"]}]},{"@type":"ImageObject","inLanguage":"it-IT","@id":"https:\/\/www.iemj.org\/it\/a-la-decouverte-de-la-mimouna\/#primaryimage","url":"https:\/\/www.iemj.org\/wp-content\/uploads\/2018\/03\/arton3221.jpg","contentUrl":"https:\/\/www.iemj.org\/wp-content\/uploads\/2018\/03\/arton3221.jpg","width":500,"height":391},{"@type":"BreadcrumbList","@id":"https:\/\/www.iemj.org\/it\/a-la-decouverte-de-la-mimouna\/#breadcrumb","itemListElement":[{"@type":"ListItem","position":1,"name":"Accueil","item":"https:\/\/www.iemj.org\/it\/"},{"@type":"ListItem","position":2,"name":"Alla scoperta della Mimouna"}]},{"@type":"WebSite","@id":"https:\/\/www.iemj.org\/it\/#website","url":"https:\/\/www.iemj.org\/it\/","name":"Institut Europ\u00e9en des Musiques Juives","description":"Des traditions musicales \u00e0 la port\u00e9e de tous","publisher":{"@id":"https:\/\/www.iemj.org\/it\/#organization"},"potentialAction":[{"@type":"SearchAction","target":{"@type":"EntryPoint","urlTemplate":"https:\/\/www.iemj.org\/it\/?s={search_term_string}"},"query-input":{"@type":"PropertyValueSpecification","valueRequired":true,"valueName":"search_term_string"}}],"inLanguage":"it-IT"},{"@type":"Organization","@id":"https:\/\/www.iemj.org\/it\/#organization","name":"Institut Europ\u00e9en des Musiques Juives","url":"https:\/\/www.iemj.org\/it\/","logo":{"@type":"ImageObject","inLanguage":"it-IT","@id":"https:\/\/www.iemj.org\/it\/#\/schema\/logo\/image\/","url":"https:\/\/www.iemj.org\/wp-content\/uploads\/2021\/09\/Logo-IEMJ-Paypal.jpg","contentUrl":"https:\/\/www.iemj.org\/wp-content\/uploads\/2021\/09\/Logo-IEMJ-Paypal.jpg","width":150,"height":50,"caption":"Institut Europ\u00e9en des Musiques Juives"},"image":{"@id":"https:\/\/www.iemj.org\/it\/#\/schema\/logo\/image\/"},"sameAs":["https:\/\/www.facebook.com\/MusiquesJuives\/","https:\/\/www.instagram.com\/musiquesjuives\/","https:\/\/www.youtube.com\/user\/musiquesjuives"]},{"@type":"Person","@id":"https:\/\/www.iemj.org\/it\/#\/schema\/person\/e2ad57f2c4be119c7ed8ab79036807a9","name":"Lea Couderc","image":{"@type":"ImageObject","inLanguage":"it-IT","@id":"https:\/\/secure.gravatar.com\/avatar\/46ee021475d60aeff17a7e490b79dea5a5684bb392ab7fd1494027411df8ba23?s=96&d=mm&r=g","url":"https:\/\/secure.gravatar.com\/avatar\/46ee021475d60aeff17a7e490b79dea5a5684bb392ab7fd1494027411df8ba23?s=96&d=mm&r=g","contentUrl":"https:\/\/secure.gravatar.com\/avatar\/46ee021475d60aeff17a7e490b79dea5a5684bb392ab7fd1494027411df8ba23?s=96&d=mm&r=g","caption":"Lea Couderc"}}]}},"_links":{"self":[{"href":"https:\/\/www.iemj.org\/it\/wp-json\/wp\/v2\/posts\/88014","targetHints":{"allow":["GET"]}}],"collection":[{"href":"https:\/\/www.iemj.org\/it\/wp-json\/wp\/v2\/posts"}],"about":[{"href":"https:\/\/www.iemj.org\/it\/wp-json\/wp\/v2\/types\/post"}],"author":[{"embeddable":true,"href":"https:\/\/www.iemj.org\/it\/wp-json\/wp\/v2\/users\/1052"}],"replies":[{"embeddable":true,"href":"https:\/\/www.iemj.org\/it\/wp-json\/wp\/v2\/comments?post=88014"}],"version-history":[{"count":1,"href":"https:\/\/www.iemj.org\/it\/wp-json\/wp\/v2\/posts\/88014\/revisions"}],"predecessor-version":[{"id":131630,"href":"https:\/\/www.iemj.org\/it\/wp-json\/wp\/v2\/posts\/88014\/revisions\/131630"}],"wp:featuredmedia":[{"embeddable":true,"href":"https:\/\/www.iemj.org\/it\/wp-json\/wp\/v2\/media\/88015"}],"wp:attachment":[{"href":"https:\/\/www.iemj.org\/it\/wp-json\/wp\/v2\/media?parent=88014"}],"wp:term":[{"taxonomy":"category","embeddable":true,"href":"https:\/\/www.iemj.org\/it\/wp-json\/wp\/v2\/categories?post=88014"},{"taxonomy":"post_tag","embeddable":true,"href":"https:\/\/www.iemj.org\/it\/wp-json\/wp\/v2\/tags?post=88014"},{"taxonomy":"technique","embeddable":true,"href":"https:\/\/www.iemj.org\/it\/wp-json\/wp\/v2\/technique?post=88014"},{"taxonomy":"squelettes","embeddable":true,"href":"https:\/\/www.iemj.org\/it\/wp-json\/wp\/v2\/squelettes?post=88014"},{"taxonomy":"sujet","embeddable":true,"href":"https:\/\/www.iemj.org\/it\/wp-json\/wp\/v2\/sujet?post=88014"},{"taxonomy":"formation","embeddable":true,"href":"https:\/\/www.iemj.org\/it\/wp-json\/wp\/v2\/formation?post=88014"},{"taxonomy":"genre","embeddable":true,"href":"https:\/\/www.iemj.org\/it\/wp-json\/wp\/v2\/genre?post=88014"},{"taxonomy":"fonds","embeddable":true,"href":"https:\/\/www.iemj.org\/it\/wp-json\/wp\/v2\/fonds?post=88014"},{"taxonomy":"tradition","embeddable":true,"href":"https:\/\/www.iemj.org\/it\/wp-json\/wp\/v2\/tradition?post=88014"},{"taxonomy":"type-de-contenu","embeddable":true,"href":"https:\/\/www.iemj.org\/it\/wp-json\/wp\/v2\/type-de-contenu?post=88014"},{"taxonomy":"interprete-compositeur","embeddable":true,"href":"https:\/\/www.iemj.org\/it\/wp-json\/wp\/v2\/interprete-compositeur?post=88014"},{"taxonomy":"frise","embeddable":true,"href":"https:\/\/www.iemj.org\/it\/wp-json\/wp\/v2\/frise?post=88014"},{"taxonomy":"type-devenement","embeddable":true,"href":"https:\/\/www.iemj.org\/it\/wp-json\/wp\/v2\/type-devenement?post=88014"},{"taxonomy":"tableaux-liens-externes","embeddable":true,"href":"https:\/\/www.iemj.org\/it\/wp-json\/wp\/v2\/tableaux-liens-externes?post=88014"}],"curies":[{"name":"wp","href":"https:\/\/api.w.org\/{rel}","templated":true}]}}