{"id":88032,"date":"2017-04-26T17:05:24","date_gmt":"2017-04-26T15:05:24","guid":{"rendered":"https:\/\/www.iemj.org\/franck-jules-1858-1941\/"},"modified":"2022-09-27T16:18:20","modified_gmt":"2022-09-27T14:18:20","slug":"franck-jules-1858-1941","status":"publish","type":"post","link":"https:\/\/www.iemj.org\/it\/franck-jules-1858-1941\/","title":{"rendered":"Franck, Jules (1858-1941)"},"content":{"rendered":"<p>Jules Franck nasce a Nancy nel 1858. Alcuni anni dopo, la famiglia Franck si trasferisce a Parigi <strong>(1)<\/strong>. Nel gennaio 1873 Jules Franck canta con i suoi fratelli Gustave e Isaac, nel coro della sinagoga di Notre Dame de Nazareth diretta da Samuel David. Nel 1874 esegue var\u00ee lavori di copiatura di manoscritti sinagogali al fine di preparare il repertorio musicale del futuro Tempio di rue de la Victoire. Nel giugno 1889 sposa la pianista Cl\u00e9mence Braun, sorella di H\u00e9l\u00e8ne Zadoc-Kahn, nuora del rabbino capo di Francia.<\/p>\n<p>Sul suo certificato di matrimonio \u00e8 menzionato come &#8220;arpista dell&#8217;Opera di Parigi&#8221;. Nel 1890, su raccomandazione di Samuel David, allora direttore della musica per i Templi concistoriali, Jules Franck ottiene l&#8217;incarico di direttore del coro del Tempio in rue Notre Dame de Nazareth.<\/p>\n<p>Alla morte del suo maestro Samuel David, il 3 ottobre 1895, Jules Franck \u00e8 nominato direttore della musica per i Templi concistoriali e maestro di coro del Tempio della Vittoria. Non ha, allora, che 37 anni ed assume la responsabilit\u00e0 del personale della Vittoria (i ministri officianti Adolphe Beer e Salomon Heymann, l&#8217;organista <a href=\"https:\/\/www.iemj.org\/it\/villers-alphonse-de-vers-1845-apres-1896\/\">Alphonse de Villers<\/a>, otto coristi ed un coro di ventotto voci bianche), di Notre Dame de Nazareth (gli officianti Nathaniel Durlacher e Alphonse Th\u00e9odore, il maestro del coro Stern, l&#8217;organista Pilard, sei coristi ed un coro da dodici a diciotto voci bianche) e des Tournelles (l&#8217;officiante Adolphe Gradwohl, il suo vice Isidore Bernstein, il coro Camille Erlanger, Bachelet l&#8217;organista, quattro coristi ed un coro da dodici a diciotto voci bianche).<\/p>\n<p>Negli anni successivi alla sua nomina, la dedizione di Jules Franck al suo compito \u00e8 pienamente riconosciuta dal Concistoro di Parigi, che gli affida responsabilit\u00e0 sempre pi\u00f9 importanti. Nel 1908, un nuovo regolamento del personale musicale rafforza un po&#8217; di pi\u00f9 la sua autorit\u00e0, sotto il controllo del Concistoro.<\/p>\n<p>Durante la guerra 14-18, Jules Franck continua a guidare il coro della Vittoria. Il 6 novembre 1919 chiede il permesso di aggiungere delle voci femminili al suo personale musicale, per sostituire i bambini sempre pi\u00f9 difficili da reclutare. Questa decisione \u00e8 accettata dal Concistoro l&#8217;11 novembre 1919.<\/p>\n<p>L&#8217;introduzione di cori misti incoragger\u00e0 un certo numero di direttori di coro a realizzare dei nuovi arrangiamenti di preghiere, in uno stile a volte discutibile. Per questo Jules Franck, con l&#8217;aiuto del Concistoro, pubblica tra il 1920 e il 1933 una <a href=\"http:\/\/www.rachelnet.net\/F\/?func=find-c&amp;ccl_term=WRD+%3D+Le+guide+ET+WRD+%3D+Franck&amp;local_base=iemcg\" target=\"_blank\" rel=\"noopener\">Guide de l&#8217;officiant<\/a> &#8211; recitativi e canti delle funzioni con cori annotati e composti secondo melodie tradizionali, che mira a combattere \u00ab una fioritura d\u2019interpretazioni difettuose o sconvenienti, specie per quanto riguarda le funzioni celebrate con il coro\u00bb\u00a0<strong>(2)<\/strong>.<\/p>\n<p>Jules Franck va in pensione nel 1937, dopo 42 anni di onesto lavoro. Muore a Parigi nel 1941. Uno dei suoi figli \u00e8 il compositore e pedagogo Maurice Franck (1897-1983), vincitore del Conservatoire National Sup\u00e9rieur de Musique de Paris, vincitore del primo Secondo Grand Prix de Rome (1926) e professore di armonia al Conservatorio di Parigi dal 1937.<\/p>\n<p><strong>(1)<\/strong> <em>Probabilmente dopo la guerra del 1870 e l&#8217;annessione dell&#8217;Alsazia-Lorena alla Germania.<\/em><br \/>\n<strong>(2)<\/strong> <em>Jules Franck, Prefazione alla Guide de l&#8217;officiant \u2013 recitativi e canti delle funzioni con cori annotati e composti secondo melodie tradizionali, Parigi:il Concistoro, [nd]<\/em><\/p>\n","protected":false},"excerpt":{"rendered":"<p>Jules Franck nasce a Nancy nel 1858. Alcuni anni dopo, la famiglia Franck si trasferisce a Parigi (1). Nel gennaio 1873 Jules Franck canta con i suoi fratelli Gustave e<\/p>\n","protected":false},"author":5,"featured_media":51716,"comment_status":"closed","ping_status":"open","sticky":false,"template":"","format":"standard","meta":{"_acf_changed":false,"footnotes":""},"categories":[1416],"tags":[],"technique":[],"squelettes":[],"sujet":[],"formation":[],"genre":[],"fonds":[],"tradition":[],"type-de-contenu":[],"interprete-compositeur":[],"frise":[],"type-devenement":[],"tableaux-liens-externes":[],"class_list":["post-88032","post","type-post","status-publish","format-standard","has-post-thumbnail","hentry","category-biografie-it"],"acf":[],"yoast_head":"<!-- This site is optimized with the Yoast SEO plugin v27.3 - https:\/\/yoast.com\/product\/yoast-seo-wordpress\/ -->\n<title>Franck, Jules (1858-1941) - Institut Europ\u00e9en des Musiques Juives<\/title>\n<meta name=\"robots\" content=\"index, follow, max-snippet:-1, max-image-preview:large, max-video-preview:-1\" \/>\n<link rel=\"canonical\" href=\"https:\/\/www.iemj.org\/it\/franck-jules-1858-1941\/\" \/>\n<meta property=\"og:locale\" content=\"it_IT\" \/>\n<meta property=\"og:type\" content=\"article\" \/>\n<meta property=\"og:title\" content=\"Franck, Jules (1858-1941) - Institut Europ\u00e9en des Musiques Juives\" \/>\n<meta property=\"og:description\" content=\"Jules Franck nasce a Nancy nel 1858. Alcuni anni dopo, la famiglia Franck si trasferisce a Parigi (1). Nel gennaio 1873 Jules Franck canta con i suoi fratelli Gustave e\" \/>\n<meta property=\"og:url\" content=\"https:\/\/www.iemj.org\/it\/franck-jules-1858-1941\/\" \/>\n<meta property=\"og:site_name\" content=\"Institut Europ\u00e9en des Musiques Juives\" \/>\n<meta property=\"article:publisher\" content=\"https:\/\/www.facebook.com\/MusiquesJuives\/\" \/>\n<meta property=\"article:published_time\" content=\"2017-04-26T15:05:24+00:00\" \/>\n<meta property=\"article:modified_time\" content=\"2022-09-27T14:18:20+00:00\" \/>\n<meta property=\"og:image\" content=\"https:\/\/www.iemj.org\/wp-content\/uploads\/2017\/04\/arton2260-e1624978755394.jpg\" \/>\n\t<meta property=\"og:image:width\" content=\"138\" \/>\n\t<meta property=\"og:image:height\" content=\"218\" \/>\n\t<meta property=\"og:image:type\" content=\"image\/jpeg\" \/>\n<meta name=\"author\" content=\"Jacqueline ROTEN\" \/>\n<meta name=\"twitter:card\" content=\"summary_large_image\" \/>\n<meta name=\"twitter:label1\" content=\"Scritto da\" \/>\n\t<meta name=\"twitter:data1\" content=\"Jacqueline ROTEN\" \/>\n\t<meta name=\"twitter:label2\" content=\"Tempo di lettura stimato\" \/>\n\t<meta name=\"twitter:data2\" content=\"3 minuti\" \/>\n<script type=\"application\/ld+json\" class=\"yoast-schema-graph\">{\"@context\":\"https:\\\/\\\/schema.org\",\"@graph\":[{\"@type\":\"Article\",\"@id\":\"https:\\\/\\\/www.iemj.org\\\/it\\\/franck-jules-1858-1941\\\/#article\",\"isPartOf\":{\"@id\":\"https:\\\/\\\/www.iemj.org\\\/it\\\/franck-jules-1858-1941\\\/\"},\"author\":{\"name\":\"Jacqueline ROTEN\",\"@id\":\"https:\\\/\\\/www.iemj.org\\\/it\\\/#\\\/schema\\\/person\\\/358e26c18aca017fcc4cc15437f7279c\"},\"headline\":\"Franck, Jules (1858-1941)\",\"datePublished\":\"2017-04-26T15:05:24+00:00\",\"dateModified\":\"2022-09-27T14:18:20+00:00\",\"mainEntityOfPage\":{\"@id\":\"https:\\\/\\\/www.iemj.org\\\/it\\\/franck-jules-1858-1941\\\/\"},\"wordCount\":515,\"publisher\":{\"@id\":\"https:\\\/\\\/www.iemj.org\\\/it\\\/#organization\"},\"image\":{\"@id\":\"https:\\\/\\\/www.iemj.org\\\/it\\\/franck-jules-1858-1941\\\/#primaryimage\"},\"thumbnailUrl\":\"https:\\\/\\\/www.iemj.org\\\/wp-content\\\/uploads\\\/2017\\\/04\\\/arton2260-e1624978755394.jpg\",\"articleSection\":[\"Biografie\"],\"inLanguage\":\"it-IT\"},{\"@type\":\"WebPage\",\"@id\":\"https:\\\/\\\/www.iemj.org\\\/it\\\/franck-jules-1858-1941\\\/\",\"url\":\"https:\\\/\\\/www.iemj.org\\\/it\\\/franck-jules-1858-1941\\\/\",\"name\":\"Franck, Jules (1858-1941) - Institut Europ\u00e9en des Musiques Juives\",\"isPartOf\":{\"@id\":\"https:\\\/\\\/www.iemj.org\\\/it\\\/#website\"},\"primaryImageOfPage\":{\"@id\":\"https:\\\/\\\/www.iemj.org\\\/it\\\/franck-jules-1858-1941\\\/#primaryimage\"},\"image\":{\"@id\":\"https:\\\/\\\/www.iemj.org\\\/it\\\/franck-jules-1858-1941\\\/#primaryimage\"},\"thumbnailUrl\":\"https:\\\/\\\/www.iemj.org\\\/wp-content\\\/uploads\\\/2017\\\/04\\\/arton2260-e1624978755394.jpg\",\"datePublished\":\"2017-04-26T15:05:24+00:00\",\"dateModified\":\"2022-09-27T14:18:20+00:00\",\"breadcrumb\":{\"@id\":\"https:\\\/\\\/www.iemj.org\\\/it\\\/franck-jules-1858-1941\\\/#breadcrumb\"},\"inLanguage\":\"it-IT\",\"potentialAction\":[{\"@type\":\"ReadAction\",\"target\":[\"https:\\\/\\\/www.iemj.org\\\/it\\\/franck-jules-1858-1941\\\/\"]}]},{\"@type\":\"ImageObject\",\"inLanguage\":\"it-IT\",\"@id\":\"https:\\\/\\\/www.iemj.org\\\/it\\\/franck-jules-1858-1941\\\/#primaryimage\",\"url\":\"https:\\\/\\\/www.iemj.org\\\/wp-content\\\/uploads\\\/2017\\\/04\\\/arton2260-e1624978755394.jpg\",\"contentUrl\":\"https:\\\/\\\/www.iemj.org\\\/wp-content\\\/uploads\\\/2017\\\/04\\\/arton2260-e1624978755394.jpg\",\"width\":138,\"height\":218},{\"@type\":\"BreadcrumbList\",\"@id\":\"https:\\\/\\\/www.iemj.org\\\/it\\\/franck-jules-1858-1941\\\/#breadcrumb\",\"itemListElement\":[{\"@type\":\"ListItem\",\"position\":1,\"name\":\"Accueil\",\"item\":\"https:\\\/\\\/www.iemj.org\\\/it\\\/\"},{\"@type\":\"ListItem\",\"position\":2,\"name\":\"Franck, Jules (1858-1941)\"}]},{\"@type\":\"WebSite\",\"@id\":\"https:\\\/\\\/www.iemj.org\\\/it\\\/#website\",\"url\":\"https:\\\/\\\/www.iemj.org\\\/it\\\/\",\"name\":\"Institut Europ\u00e9en des Musiques Juives\",\"description\":\"Des traditions musicales \u00e0 la port\u00e9e de tous\",\"publisher\":{\"@id\":\"https:\\\/\\\/www.iemj.org\\\/it\\\/#organization\"},\"potentialAction\":[{\"@type\":\"SearchAction\",\"target\":{\"@type\":\"EntryPoint\",\"urlTemplate\":\"https:\\\/\\\/www.iemj.org\\\/it\\\/?s={search_term_string}\"},\"query-input\":{\"@type\":\"PropertyValueSpecification\",\"valueRequired\":true,\"valueName\":\"search_term_string\"}}],\"inLanguage\":\"it-IT\"},{\"@type\":\"Organization\",\"@id\":\"https:\\\/\\\/www.iemj.org\\\/it\\\/#organization\",\"name\":\"Institut Europ\u00e9en des Musiques Juives\",\"url\":\"https:\\\/\\\/www.iemj.org\\\/it\\\/\",\"logo\":{\"@type\":\"ImageObject\",\"inLanguage\":\"it-IT\",\"@id\":\"https:\\\/\\\/www.iemj.org\\\/it\\\/#\\\/schema\\\/logo\\\/image\\\/\",\"url\":\"https:\\\/\\\/www.iemj.org\\\/wp-content\\\/uploads\\\/2021\\\/09\\\/Logo-IEMJ-Paypal.jpg\",\"contentUrl\":\"https:\\\/\\\/www.iemj.org\\\/wp-content\\\/uploads\\\/2021\\\/09\\\/Logo-IEMJ-Paypal.jpg\",\"width\":150,\"height\":50,\"caption\":\"Institut Europ\u00e9en des Musiques Juives\"},\"image\":{\"@id\":\"https:\\\/\\\/www.iemj.org\\\/it\\\/#\\\/schema\\\/logo\\\/image\\\/\"},\"sameAs\":[\"https:\\\/\\\/www.facebook.com\\\/MusiquesJuives\\\/\",\"https:\\\/\\\/www.instagram.com\\\/musiquesjuives\\\/\",\"https:\\\/\\\/www.youtube.com\\\/user\\\/musiquesjuives\"]},{\"@type\":\"Person\",\"@id\":\"https:\\\/\\\/www.iemj.org\\\/it\\\/#\\\/schema\\\/person\\\/358e26c18aca017fcc4cc15437f7279c\",\"name\":\"Jacqueline ROTEN\",\"image\":{\"@type\":\"ImageObject\",\"inLanguage\":\"it-IT\",\"@id\":\"https:\\\/\\\/secure.gravatar.com\\\/avatar\\\/5964256d6c6957de3a3505278957e0fb2a35119ac47ea41827a65301213c810b?s=96&d=mm&r=g\",\"url\":\"https:\\\/\\\/secure.gravatar.com\\\/avatar\\\/5964256d6c6957de3a3505278957e0fb2a35119ac47ea41827a65301213c810b?s=96&d=mm&r=g\",\"contentUrl\":\"https:\\\/\\\/secure.gravatar.com\\\/avatar\\\/5964256d6c6957de3a3505278957e0fb2a35119ac47ea41827a65301213c810b?s=96&d=mm&r=g\",\"caption\":\"Jacqueline ROTEN\"}}]}<\/script>\n<!-- \/ Yoast SEO plugin. -->","yoast_head_json":{"title":"Franck, Jules (1858-1941) - Institut Europ\u00e9en des Musiques Juives","robots":{"index":"index","follow":"follow","max-snippet":"max-snippet:-1","max-image-preview":"max-image-preview:large","max-video-preview":"max-video-preview:-1"},"canonical":"https:\/\/www.iemj.org\/it\/franck-jules-1858-1941\/","og_locale":"it_IT","og_type":"article","og_title":"Franck, Jules (1858-1941) - Institut Europ\u00e9en des Musiques Juives","og_description":"Jules Franck nasce a Nancy nel 1858. Alcuni anni dopo, la famiglia Franck si trasferisce a Parigi (1). Nel gennaio 1873 Jules Franck canta con i suoi fratelli Gustave e","og_url":"https:\/\/www.iemj.org\/it\/franck-jules-1858-1941\/","og_site_name":"Institut Europ\u00e9en des Musiques Juives","article_publisher":"https:\/\/www.facebook.com\/MusiquesJuives\/","article_published_time":"2017-04-26T15:05:24+00:00","article_modified_time":"2022-09-27T14:18:20+00:00","og_image":[{"width":138,"height":218,"url":"https:\/\/www.iemj.org\/wp-content\/uploads\/2017\/04\/arton2260-e1624978755394.jpg","type":"image\/jpeg"}],"author":"Jacqueline ROTEN","twitter_card":"summary_large_image","twitter_misc":{"Scritto da":"Jacqueline ROTEN","Tempo di lettura stimato":"3 minuti"},"schema":{"@context":"https:\/\/schema.org","@graph":[{"@type":"Article","@id":"https:\/\/www.iemj.org\/it\/franck-jules-1858-1941\/#article","isPartOf":{"@id":"https:\/\/www.iemj.org\/it\/franck-jules-1858-1941\/"},"author":{"name":"Jacqueline ROTEN","@id":"https:\/\/www.iemj.org\/it\/#\/schema\/person\/358e26c18aca017fcc4cc15437f7279c"},"headline":"Franck, Jules (1858-1941)","datePublished":"2017-04-26T15:05:24+00:00","dateModified":"2022-09-27T14:18:20+00:00","mainEntityOfPage":{"@id":"https:\/\/www.iemj.org\/it\/franck-jules-1858-1941\/"},"wordCount":515,"publisher":{"@id":"https:\/\/www.iemj.org\/it\/#organization"},"image":{"@id":"https:\/\/www.iemj.org\/it\/franck-jules-1858-1941\/#primaryimage"},"thumbnailUrl":"https:\/\/www.iemj.org\/wp-content\/uploads\/2017\/04\/arton2260-e1624978755394.jpg","articleSection":["Biografie"],"inLanguage":"it-IT"},{"@type":"WebPage","@id":"https:\/\/www.iemj.org\/it\/franck-jules-1858-1941\/","url":"https:\/\/www.iemj.org\/it\/franck-jules-1858-1941\/","name":"Franck, Jules (1858-1941) - Institut Europ\u00e9en des Musiques Juives","isPartOf":{"@id":"https:\/\/www.iemj.org\/it\/#website"},"primaryImageOfPage":{"@id":"https:\/\/www.iemj.org\/it\/franck-jules-1858-1941\/#primaryimage"},"image":{"@id":"https:\/\/www.iemj.org\/it\/franck-jules-1858-1941\/#primaryimage"},"thumbnailUrl":"https:\/\/www.iemj.org\/wp-content\/uploads\/2017\/04\/arton2260-e1624978755394.jpg","datePublished":"2017-04-26T15:05:24+00:00","dateModified":"2022-09-27T14:18:20+00:00","breadcrumb":{"@id":"https:\/\/www.iemj.org\/it\/franck-jules-1858-1941\/#breadcrumb"},"inLanguage":"it-IT","potentialAction":[{"@type":"ReadAction","target":["https:\/\/www.iemj.org\/it\/franck-jules-1858-1941\/"]}]},{"@type":"ImageObject","inLanguage":"it-IT","@id":"https:\/\/www.iemj.org\/it\/franck-jules-1858-1941\/#primaryimage","url":"https:\/\/www.iemj.org\/wp-content\/uploads\/2017\/04\/arton2260-e1624978755394.jpg","contentUrl":"https:\/\/www.iemj.org\/wp-content\/uploads\/2017\/04\/arton2260-e1624978755394.jpg","width":138,"height":218},{"@type":"BreadcrumbList","@id":"https:\/\/www.iemj.org\/it\/franck-jules-1858-1941\/#breadcrumb","itemListElement":[{"@type":"ListItem","position":1,"name":"Accueil","item":"https:\/\/www.iemj.org\/it\/"},{"@type":"ListItem","position":2,"name":"Franck, Jules (1858-1941)"}]},{"@type":"WebSite","@id":"https:\/\/www.iemj.org\/it\/#website","url":"https:\/\/www.iemj.org\/it\/","name":"Institut Europ\u00e9en des Musiques Juives","description":"Des traditions musicales \u00e0 la port\u00e9e de tous","publisher":{"@id":"https:\/\/www.iemj.org\/it\/#organization"},"potentialAction":[{"@type":"SearchAction","target":{"@type":"EntryPoint","urlTemplate":"https:\/\/www.iemj.org\/it\/?s={search_term_string}"},"query-input":{"@type":"PropertyValueSpecification","valueRequired":true,"valueName":"search_term_string"}}],"inLanguage":"it-IT"},{"@type":"Organization","@id":"https:\/\/www.iemj.org\/it\/#organization","name":"Institut Europ\u00e9en des Musiques Juives","url":"https:\/\/www.iemj.org\/it\/","logo":{"@type":"ImageObject","inLanguage":"it-IT","@id":"https:\/\/www.iemj.org\/it\/#\/schema\/logo\/image\/","url":"https:\/\/www.iemj.org\/wp-content\/uploads\/2021\/09\/Logo-IEMJ-Paypal.jpg","contentUrl":"https:\/\/www.iemj.org\/wp-content\/uploads\/2021\/09\/Logo-IEMJ-Paypal.jpg","width":150,"height":50,"caption":"Institut Europ\u00e9en des Musiques Juives"},"image":{"@id":"https:\/\/www.iemj.org\/it\/#\/schema\/logo\/image\/"},"sameAs":["https:\/\/www.facebook.com\/MusiquesJuives\/","https:\/\/www.instagram.com\/musiquesjuives\/","https:\/\/www.youtube.com\/user\/musiquesjuives"]},{"@type":"Person","@id":"https:\/\/www.iemj.org\/it\/#\/schema\/person\/358e26c18aca017fcc4cc15437f7279c","name":"Jacqueline ROTEN","image":{"@type":"ImageObject","inLanguage":"it-IT","@id":"https:\/\/secure.gravatar.com\/avatar\/5964256d6c6957de3a3505278957e0fb2a35119ac47ea41827a65301213c810b?s=96&d=mm&r=g","url":"https:\/\/secure.gravatar.com\/avatar\/5964256d6c6957de3a3505278957e0fb2a35119ac47ea41827a65301213c810b?s=96&d=mm&r=g","contentUrl":"https:\/\/secure.gravatar.com\/avatar\/5964256d6c6957de3a3505278957e0fb2a35119ac47ea41827a65301213c810b?s=96&d=mm&r=g","caption":"Jacqueline ROTEN"}}]}},"_links":{"self":[{"href":"https:\/\/www.iemj.org\/it\/wp-json\/wp\/v2\/posts\/88032","targetHints":{"allow":["GET"]}}],"collection":[{"href":"https:\/\/www.iemj.org\/it\/wp-json\/wp\/v2\/posts"}],"about":[{"href":"https:\/\/www.iemj.org\/it\/wp-json\/wp\/v2\/types\/post"}],"author":[{"embeddable":true,"href":"https:\/\/www.iemj.org\/it\/wp-json\/wp\/v2\/users\/5"}],"replies":[{"embeddable":true,"href":"https:\/\/www.iemj.org\/it\/wp-json\/wp\/v2\/comments?post=88032"}],"version-history":[{"count":0,"href":"https:\/\/www.iemj.org\/it\/wp-json\/wp\/v2\/posts\/88032\/revisions"}],"wp:featuredmedia":[{"embeddable":true,"href":"https:\/\/www.iemj.org\/it\/wp-json\/wp\/v2\/media\/51716"}],"wp:attachment":[{"href":"https:\/\/www.iemj.org\/it\/wp-json\/wp\/v2\/media?parent=88032"}],"wp:term":[{"taxonomy":"category","embeddable":true,"href":"https:\/\/www.iemj.org\/it\/wp-json\/wp\/v2\/categories?post=88032"},{"taxonomy":"post_tag","embeddable":true,"href":"https:\/\/www.iemj.org\/it\/wp-json\/wp\/v2\/tags?post=88032"},{"taxonomy":"technique","embeddable":true,"href":"https:\/\/www.iemj.org\/it\/wp-json\/wp\/v2\/technique?post=88032"},{"taxonomy":"squelettes","embeddable":true,"href":"https:\/\/www.iemj.org\/it\/wp-json\/wp\/v2\/squelettes?post=88032"},{"taxonomy":"sujet","embeddable":true,"href":"https:\/\/www.iemj.org\/it\/wp-json\/wp\/v2\/sujet?post=88032"},{"taxonomy":"formation","embeddable":true,"href":"https:\/\/www.iemj.org\/it\/wp-json\/wp\/v2\/formation?post=88032"},{"taxonomy":"genre","embeddable":true,"href":"https:\/\/www.iemj.org\/it\/wp-json\/wp\/v2\/genre?post=88032"},{"taxonomy":"fonds","embeddable":true,"href":"https:\/\/www.iemj.org\/it\/wp-json\/wp\/v2\/fonds?post=88032"},{"taxonomy":"tradition","embeddable":true,"href":"https:\/\/www.iemj.org\/it\/wp-json\/wp\/v2\/tradition?post=88032"},{"taxonomy":"type-de-contenu","embeddable":true,"href":"https:\/\/www.iemj.org\/it\/wp-json\/wp\/v2\/type-de-contenu?post=88032"},{"taxonomy":"interprete-compositeur","embeddable":true,"href":"https:\/\/www.iemj.org\/it\/wp-json\/wp\/v2\/interprete-compositeur?post=88032"},{"taxonomy":"frise","embeddable":true,"href":"https:\/\/www.iemj.org\/it\/wp-json\/wp\/v2\/frise?post=88032"},{"taxonomy":"type-devenement","embeddable":true,"href":"https:\/\/www.iemj.org\/it\/wp-json\/wp\/v2\/type-devenement?post=88032"},{"taxonomy":"tableaux-liens-externes","embeddable":true,"href":"https:\/\/www.iemj.org\/it\/wp-json\/wp\/v2\/tableaux-liens-externes?post=88032"}],"curies":[{"name":"wp","href":"https:\/\/api.w.org\/{rel}","templated":true}]}}