{"id":88270,"date":"2013-01-09T16:01:24","date_gmt":"2013-01-09T15:01:24","guid":{"rendered":"https:\/\/www.iemj.org\/fuld-leo-1912-1997\/"},"modified":"2022-09-29T17:21:13","modified_gmt":"2022-09-29T15:21:13","slug":"fuld-leo-1912-1997","status":"publish","type":"post","link":"https:\/\/www.iemj.org\/it\/fuld-leo-1912-1997\/","title":{"rendered":"Fuld, Leo (1912-1997)"},"content":{"rendered":"<p>Leo Fuld \u00e8 uno degli ultimi interpreti di canzoni yiddish popolari. La sua carriera inizia molto prima della Seconda Guerra Mondiale e termina con la sua morte nel 1997. Prima della Seconda Guerra Mondiale, Fuld era gi\u00e0 un artista molto noto in Europa e in America. Possedendo una voce immediatamente riconoscibile, registra numerosi dischi in diverse lingue, tra cui yiddish, inglese, tedesco, francese, ebraico e olandese. La sua carriera nel dopoguerra lo rende nuovamente una star in tutto il mondo e sui palcoscenici pi\u00f9 prestigiosi. All&#8217;et\u00e0 di 83 anni incide &#8220;La Leggenda&#8221;, senza dubbio il suo miglior album, soprannominato il &#8220;Sgt Pepper della Musica Yiddish&#8221; (Abe Goldstein).<\/p>\n<p>Nato nel 1912 a Rotterdam, Leo Fuld \u00e8 il terzo di dieci figli di una povera famiglia ebraica. Suo padre, Louis Fuld, \u00e8 un commerciante di articoli occasionali. Il dono di Fuld per il canto \u00e8 gi\u00e0 rivelato in tenera et\u00e0 durante i servizi in sinagoga. Ottiene una borsa di studio per il Seminario. I suoi genitori sperano che il giovane Leo diventi un &#8220;hazzan&#8221;, un cantore della sinagoga. A 16 anni Fuld gi\u00e0 officia in sinagoga. Allo stesso tempo, canta canzoni profane nei bar, in particolare a Rotterdam, dove debutta cantando sessanta canzoni per un dollaro! Successivamente, il suo successo sul palcoscenico lo spinge a fare un&#8217;audizione per la stazione radiofonica VARA. E\u2019 subito assunto e f\u00e0 il suo debutto a fianco di Louis Davids. Parte nel 1932 per andare ad un&#8217;audizione in Inghilterra alla BBC. Diventa, in questo modo, il primo cantante olandese a cantare per la BBC.<\/p>\n<p>All&#8217;et\u00e0 di 19 anni, \u00e8 notato da Jack Hylton, che gli fa firmare un contratto triennale con la sua celebre orchestra, il che lo porta ad esibirsi su tutti i palchi della Gran Bretagna e dell&#8217;Europa continentale.<\/p>\n<p>Nel 1936, Clifford C. Fisher lo assume al French Casino di New York, ed, in seguito, al Paramount Theatre di Broadway.<\/p>\n<p>Diventato un artista di fama internazionale, Fuld inizia allora ad adattare delle canzoni in yiddish ed in ebraico e ad includerle nel suo repertorio. Al Casin\u00f2 francese, il suo pi\u00f9 grande successo \u00e8 &#8220;Rozinhes mit Mandlen&#8221;, ed il grande Al Jolson torna ogni sera solo per ascoltarlo cantare. Nel 1938 scaduto il visto temporaneo deve tornare in Europa per richiedere un nuovo visto. Prende l&#8217;ultima nave prima che i nazisti invadano i Paesi Bassi e offre immediatamente i suoi servizi al governo olandese libero in esilio. Con Hendrik Willem Van Loon, inizia a trasmettere in onde corte in Olanda e nelle Indie Olandesi. Iniziano allora a circolare voci sul destino della popolazione ebraica dell&#8217;Olanda, ed, infatti, quasi tutta la famiglia di Leo Fuld \u00e8 assassinata dai nazisti. La conseguenza per Leo Fuld \u00e8 che non ha pi\u00f9 il coraggio di trovarsi di fronte ad un pubblico e smette di cantare.<\/p>\n<p>Poich\u00e9 aveva un grande talento per la scrittura, diventa rapidamente uno degli autori pi\u00f9 ricercati a Broadway. Scrive per degli attori come Milton Berle, i fratelli Ritz, Jackie Miles, Jackie Gleason, Jan Murray, Jerry Lewis e Dean Martin, prima di fare il programma del Kraft Music Hall. Scrive, produce e dirige anche un musical chiamato &#8220;Fun For Your Money&#8221; con il quale gira il Paese.<\/p>\n<p>Nel 1948 torna in Olanda come cittadino americano per avere notizie della sua famiglia. Al suo arrivo, in ringraziamento delle sue emissioni radio durante la guerra, migliaia di persone l\u2019acclamano e gli \u00e8 proposto un contratto per cantare nel pi\u00f9 grande teatro di Amsterdam. Non avendo cantato da pi\u00f9 di cinque anni, \u00e8 pietrificato dalla paura, ma il successo \u00e8 tale che il suo spettacolo dura sei settimane pi\u00f9 del previsto. Riacquistata fiducia, accetta un nuovo contratto al Casin\u00f2 di Londra dove trionfa.<\/p>\n<p>Nuove offerte di contratti arrivano allora da tutto il mondo e, mentre si esibisce con la sua rivista a Parigi, si reca in un piccolo cabaret yiddish dove sente un sopravvissuto del ghetto di Varsavia cantare una canzone che lo commuove profondamente: &#8221; Wo Ahin Soll Ich Geh&#8217;n&#8221;. Fuld \u00e8 cos\u00ec commosso da questa canzone che ne chiede una copia al suo autore, dicendogli che ne far\u00e0 un successo mondiale. Mantiene la sua promessa. Tornato in Inghilterra, scrive il testo e lo registra per la Decca con il titolo \u201cDove posso andare? &#8220;. Il titolo diventa un successo in America: Fuld lo canta alla televisione negli spettacoli di Milton Berle, Perry Como e Frank Sinatra. Questa canzone \u00e8 stata registrata anche da grandi cantanti come Ray Charles e Steve Lawrence e annovera tra i suoi ammiratori personalit\u00e0 della canzone come Billy Holliday, Al Jolson ed Edith Piaf.<\/p>\n<p>Dal 1949 Leo Fuld gira per i palcoscenici del mondo, almeno cinque volte. Condividde il palcoscenico del Teatro ABC di Parigi per 10 settimane con Edith Piaf ed \u00e8 persino assunto dall&#8217;imperatore Hail\u00e9 Selassi\u00e9 in occasione del matrimonio della figlia al Palazzo Imperiale di Addis Abeba.<\/p>\n<p>Nel 1956 apre la sua discoteca a New York, prima di trasferirla a Las Vegas. In occasione del suo 80\u00b0 compleanno, torna nei Paesi Bassi e con il produttore Mohamed El-Fers e l&#8217;arrangiatore Kees Post incide, all&#8217;et\u00e0 di 84 anni, il suo mitico album in yiddish &#8220;La Leggenda&#8221;. In questo album Fuld esegue le sue canzoni pi\u00f9 famose, ma con un nuovo arrangiamento orientale.<\/p>\n<p>A 84 anni, Leo Fuld si risposa per la terza volta. Muore un anno dopo nella sua residenza ad Amsterdam.<\/p>\n<p><a href=\"http:\/\/www.rachelnet.net\/F\/?func=find-c&amp;ccl_term=WRD+%3D+Leo+Fuld&amp;local_base=iemcg\" target=\"_blank\" rel=\"noopener\">Consultare i nostri archivi su Leo Fuld<\/a><\/p>\n<p><iframe title=\"The king of Yiddish Music: Leo Fuld - Where can I go? (Wo Ahin soll Ich Geh&#039;n?)\" width=\"640\" height=\"360\" src=\"https:\/\/www.youtube.com\/embed\/9b3aWebZTk4?feature=oembed\" frameborder=\"0\" allow=\"accelerometer; autoplay; clipboard-write; encrypted-media; gyroscope; picture-in-picture; web-share\" referrerpolicy=\"strict-origin-when-cross-origin\" allowfullscreen><\/iframe><\/p>\n<p><iframe title=\"Leo Fuld - Yaas (Yiddish Song)\" width=\"640\" height=\"480\" src=\"https:\/\/www.youtube.com\/embed\/GrFR6pT4ffc?feature=oembed\" frameborder=\"0\" allow=\"accelerometer; autoplay; clipboard-write; encrypted-media; gyroscope; picture-in-picture; web-share\" referrerpolicy=\"strict-origin-when-cross-origin\" allowfullscreen><\/iframe><\/p>\n<p><iframe title=\"LEO FULD &quot; The king of yiddish songs&quot;\" width=\"640\" height=\"480\" src=\"https:\/\/www.youtube.com\/embed\/pPfG3IE_yNU?feature=oembed\" frameborder=\"0\" allow=\"accelerometer; autoplay; clipboard-write; encrypted-media; gyroscope; picture-in-picture; web-share\" referrerpolicy=\"strict-origin-when-cross-origin\" allowfullscreen><\/iframe><\/p>\n","protected":false},"excerpt":{"rendered":"<p>Leo Fuld \u00e8 uno degli ultimi interpreti di canzoni yiddish popolari. La sua carriera inizia molto prima della Seconda Guerra Mondiale e termina con la sua morte nel 1997. Prima<\/p>\n","protected":false},"author":1045,"featured_media":51744,"comment_status":"closed","ping_status":"open","sticky":false,"template":"","format":"standard","meta":{"_acf_changed":false,"footnotes":""},"categories":[1416],"tags":[],"technique":[],"squelettes":[],"sujet":[],"formation":[],"genre":[],"fonds":[],"tradition":[],"type-de-contenu":[],"interprete-compositeur":[],"frise":[],"type-devenement":[],"tableaux-liens-externes":[],"class_list":["post-88270","post","type-post","status-publish","format-standard","has-post-thumbnail","hentry","category-biografie-it"],"acf":[],"yoast_head":"<!-- This site is optimized with the Yoast SEO plugin v27.3 - https:\/\/yoast.com\/product\/yoast-seo-wordpress\/ -->\n<title>Fuld, Leo (1912-1997) - Institut Europ\u00e9en des Musiques Juives<\/title>\n<meta name=\"robots\" content=\"index, follow, max-snippet:-1, max-image-preview:large, max-video-preview:-1\" \/>\n<link rel=\"canonical\" href=\"https:\/\/www.iemj.org\/it\/fuld-leo-1912-1997\/\" \/>\n<meta property=\"og:locale\" content=\"it_IT\" \/>\n<meta property=\"og:type\" content=\"article\" \/>\n<meta property=\"og:title\" content=\"Fuld, Leo (1912-1997) - Institut Europ\u00e9en des Musiques Juives\" \/>\n<meta property=\"og:description\" content=\"Leo Fuld \u00e8 uno degli ultimi interpreti di canzoni yiddish popolari. La sua carriera inizia molto prima della Seconda Guerra Mondiale e termina con la sua morte nel 1997. Prima\" \/>\n<meta property=\"og:url\" content=\"https:\/\/www.iemj.org\/it\/fuld-leo-1912-1997\/\" \/>\n<meta property=\"og:site_name\" content=\"Institut Europ\u00e9en des Musiques Juives\" \/>\n<meta property=\"article:publisher\" content=\"https:\/\/www.facebook.com\/MusiquesJuives\/\" \/>\n<meta property=\"article:published_time\" content=\"2013-01-09T15:01:24+00:00\" \/>\n<meta property=\"article:modified_time\" content=\"2022-09-29T15:21:13+00:00\" \/>\n<meta property=\"og:image\" content=\"https:\/\/www.iemj.org\/wp-content\/uploads\/2013\/01\/arton619-e1624980538238.jpg\" \/>\n\t<meta property=\"og:image:width\" content=\"200\" \/>\n\t<meta property=\"og:image:height\" content=\"218\" \/>\n\t<meta property=\"og:image:type\" content=\"image\/jpeg\" \/>\n<meta name=\"author\" content=\"Herv\u00e9 Roten\" \/>\n<meta name=\"twitter:card\" content=\"summary_large_image\" \/>\n<meta name=\"twitter:label1\" content=\"Scritto da\" \/>\n\t<meta name=\"twitter:data1\" content=\"Herv\u00e9 Roten\" \/>\n\t<meta name=\"twitter:label2\" content=\"Tempo di lettura stimato\" \/>\n\t<meta name=\"twitter:data2\" content=\"5 minuti\" \/>\n<script type=\"application\/ld+json\" class=\"yoast-schema-graph\">{\"@context\":\"https:\\\/\\\/schema.org\",\"@graph\":[{\"@type\":\"Article\",\"@id\":\"https:\\\/\\\/www.iemj.org\\\/it\\\/fuld-leo-1912-1997\\\/#article\",\"isPartOf\":{\"@id\":\"https:\\\/\\\/www.iemj.org\\\/it\\\/fuld-leo-1912-1997\\\/\"},\"author\":{\"name\":\"Herv\u00e9 Roten\",\"@id\":\"https:\\\/\\\/www.iemj.org\\\/it\\\/#\\\/schema\\\/person\\\/906134402c29d5c76e7b726261dd4bbd\"},\"headline\":\"Fuld, Leo (1912-1997)\",\"datePublished\":\"2013-01-09T15:01:24+00:00\",\"dateModified\":\"2022-09-29T15:21:13+00:00\",\"mainEntityOfPage\":{\"@id\":\"https:\\\/\\\/www.iemj.org\\\/it\\\/fuld-leo-1912-1997\\\/\"},\"wordCount\":913,\"publisher\":{\"@id\":\"https:\\\/\\\/www.iemj.org\\\/it\\\/#organization\"},\"image\":{\"@id\":\"https:\\\/\\\/www.iemj.org\\\/it\\\/fuld-leo-1912-1997\\\/#primaryimage\"},\"thumbnailUrl\":\"https:\\\/\\\/www.iemj.org\\\/wp-content\\\/uploads\\\/2013\\\/01\\\/arton619-e1624980538238.jpg\",\"articleSection\":[\"Biografie\"],\"inLanguage\":\"it-IT\"},{\"@type\":\"WebPage\",\"@id\":\"https:\\\/\\\/www.iemj.org\\\/it\\\/fuld-leo-1912-1997\\\/\",\"url\":\"https:\\\/\\\/www.iemj.org\\\/it\\\/fuld-leo-1912-1997\\\/\",\"name\":\"Fuld, Leo (1912-1997) - Institut Europ\u00e9en des Musiques Juives\",\"isPartOf\":{\"@id\":\"https:\\\/\\\/www.iemj.org\\\/it\\\/#website\"},\"primaryImageOfPage\":{\"@id\":\"https:\\\/\\\/www.iemj.org\\\/it\\\/fuld-leo-1912-1997\\\/#primaryimage\"},\"image\":{\"@id\":\"https:\\\/\\\/www.iemj.org\\\/it\\\/fuld-leo-1912-1997\\\/#primaryimage\"},\"thumbnailUrl\":\"https:\\\/\\\/www.iemj.org\\\/wp-content\\\/uploads\\\/2013\\\/01\\\/arton619-e1624980538238.jpg\",\"datePublished\":\"2013-01-09T15:01:24+00:00\",\"dateModified\":\"2022-09-29T15:21:13+00:00\",\"breadcrumb\":{\"@id\":\"https:\\\/\\\/www.iemj.org\\\/it\\\/fuld-leo-1912-1997\\\/#breadcrumb\"},\"inLanguage\":\"it-IT\",\"potentialAction\":[{\"@type\":\"ReadAction\",\"target\":[\"https:\\\/\\\/www.iemj.org\\\/it\\\/fuld-leo-1912-1997\\\/\"]}]},{\"@type\":\"ImageObject\",\"inLanguage\":\"it-IT\",\"@id\":\"https:\\\/\\\/www.iemj.org\\\/it\\\/fuld-leo-1912-1997\\\/#primaryimage\",\"url\":\"https:\\\/\\\/www.iemj.org\\\/wp-content\\\/uploads\\\/2013\\\/01\\\/arton619-e1624980538238.jpg\",\"contentUrl\":\"https:\\\/\\\/www.iemj.org\\\/wp-content\\\/uploads\\\/2013\\\/01\\\/arton619-e1624980538238.jpg\",\"width\":200,\"height\":218},{\"@type\":\"BreadcrumbList\",\"@id\":\"https:\\\/\\\/www.iemj.org\\\/it\\\/fuld-leo-1912-1997\\\/#breadcrumb\",\"itemListElement\":[{\"@type\":\"ListItem\",\"position\":1,\"name\":\"Accueil\",\"item\":\"https:\\\/\\\/www.iemj.org\\\/it\\\/\"},{\"@type\":\"ListItem\",\"position\":2,\"name\":\"Fuld, Leo (1912-1997)\"}]},{\"@type\":\"WebSite\",\"@id\":\"https:\\\/\\\/www.iemj.org\\\/it\\\/#website\",\"url\":\"https:\\\/\\\/www.iemj.org\\\/it\\\/\",\"name\":\"Institut Europ\u00e9en des Musiques Juives\",\"description\":\"Des traditions musicales \u00e0 la port\u00e9e de tous\",\"publisher\":{\"@id\":\"https:\\\/\\\/www.iemj.org\\\/it\\\/#organization\"},\"potentialAction\":[{\"@type\":\"SearchAction\",\"target\":{\"@type\":\"EntryPoint\",\"urlTemplate\":\"https:\\\/\\\/www.iemj.org\\\/it\\\/?s={search_term_string}\"},\"query-input\":{\"@type\":\"PropertyValueSpecification\",\"valueRequired\":true,\"valueName\":\"search_term_string\"}}],\"inLanguage\":\"it-IT\"},{\"@type\":\"Organization\",\"@id\":\"https:\\\/\\\/www.iemj.org\\\/it\\\/#organization\",\"name\":\"Institut Europ\u00e9en des Musiques Juives\",\"url\":\"https:\\\/\\\/www.iemj.org\\\/it\\\/\",\"logo\":{\"@type\":\"ImageObject\",\"inLanguage\":\"it-IT\",\"@id\":\"https:\\\/\\\/www.iemj.org\\\/it\\\/#\\\/schema\\\/logo\\\/image\\\/\",\"url\":\"https:\\\/\\\/www.iemj.org\\\/wp-content\\\/uploads\\\/2021\\\/09\\\/Logo-IEMJ-Paypal.jpg\",\"contentUrl\":\"https:\\\/\\\/www.iemj.org\\\/wp-content\\\/uploads\\\/2021\\\/09\\\/Logo-IEMJ-Paypal.jpg\",\"width\":150,\"height\":50,\"caption\":\"Institut Europ\u00e9en des Musiques Juives\"},\"image\":{\"@id\":\"https:\\\/\\\/www.iemj.org\\\/it\\\/#\\\/schema\\\/logo\\\/image\\\/\"},\"sameAs\":[\"https:\\\/\\\/www.facebook.com\\\/MusiquesJuives\\\/\",\"https:\\\/\\\/www.instagram.com\\\/musiquesjuives\\\/\",\"https:\\\/\\\/www.youtube.com\\\/user\\\/musiquesjuives\"]},{\"@type\":\"Person\",\"@id\":\"https:\\\/\\\/www.iemj.org\\\/it\\\/#\\\/schema\\\/person\\\/906134402c29d5c76e7b726261dd4bbd\",\"name\":\"Herv\u00e9 Roten\",\"image\":{\"@type\":\"ImageObject\",\"inLanguage\":\"it-IT\",\"@id\":\"https:\\\/\\\/secure.gravatar.com\\\/avatar\\\/f96ad2db538a26481f18384936b5cd0610c92d390c4dc382209216d455f685ff?s=96&d=mm&r=g\",\"url\":\"https:\\\/\\\/secure.gravatar.com\\\/avatar\\\/f96ad2db538a26481f18384936b5cd0610c92d390c4dc382209216d455f685ff?s=96&d=mm&r=g\",\"contentUrl\":\"https:\\\/\\\/secure.gravatar.com\\\/avatar\\\/f96ad2db538a26481f18384936b5cd0610c92d390c4dc382209216d455f685ff?s=96&d=mm&r=g\",\"caption\":\"Herv\u00e9 Roten\"}}]}<\/script>\n<!-- \/ Yoast SEO plugin. -->","yoast_head_json":{"title":"Fuld, Leo (1912-1997) - Institut Europ\u00e9en des Musiques Juives","robots":{"index":"index","follow":"follow","max-snippet":"max-snippet:-1","max-image-preview":"max-image-preview:large","max-video-preview":"max-video-preview:-1"},"canonical":"https:\/\/www.iemj.org\/it\/fuld-leo-1912-1997\/","og_locale":"it_IT","og_type":"article","og_title":"Fuld, Leo (1912-1997) - Institut Europ\u00e9en des Musiques Juives","og_description":"Leo Fuld \u00e8 uno degli ultimi interpreti di canzoni yiddish popolari. La sua carriera inizia molto prima della Seconda Guerra Mondiale e termina con la sua morte nel 1997. Prima","og_url":"https:\/\/www.iemj.org\/it\/fuld-leo-1912-1997\/","og_site_name":"Institut Europ\u00e9en des Musiques Juives","article_publisher":"https:\/\/www.facebook.com\/MusiquesJuives\/","article_published_time":"2013-01-09T15:01:24+00:00","article_modified_time":"2022-09-29T15:21:13+00:00","og_image":[{"width":200,"height":218,"url":"https:\/\/www.iemj.org\/wp-content\/uploads\/2013\/01\/arton619-e1624980538238.jpg","type":"image\/jpeg"}],"author":"Herv\u00e9 Roten","twitter_card":"summary_large_image","twitter_misc":{"Scritto da":"Herv\u00e9 Roten","Tempo di lettura stimato":"5 minuti"},"schema":{"@context":"https:\/\/schema.org","@graph":[{"@type":"Article","@id":"https:\/\/www.iemj.org\/it\/fuld-leo-1912-1997\/#article","isPartOf":{"@id":"https:\/\/www.iemj.org\/it\/fuld-leo-1912-1997\/"},"author":{"name":"Herv\u00e9 Roten","@id":"https:\/\/www.iemj.org\/it\/#\/schema\/person\/906134402c29d5c76e7b726261dd4bbd"},"headline":"Fuld, Leo (1912-1997)","datePublished":"2013-01-09T15:01:24+00:00","dateModified":"2022-09-29T15:21:13+00:00","mainEntityOfPage":{"@id":"https:\/\/www.iemj.org\/it\/fuld-leo-1912-1997\/"},"wordCount":913,"publisher":{"@id":"https:\/\/www.iemj.org\/it\/#organization"},"image":{"@id":"https:\/\/www.iemj.org\/it\/fuld-leo-1912-1997\/#primaryimage"},"thumbnailUrl":"https:\/\/www.iemj.org\/wp-content\/uploads\/2013\/01\/arton619-e1624980538238.jpg","articleSection":["Biografie"],"inLanguage":"it-IT"},{"@type":"WebPage","@id":"https:\/\/www.iemj.org\/it\/fuld-leo-1912-1997\/","url":"https:\/\/www.iemj.org\/it\/fuld-leo-1912-1997\/","name":"Fuld, Leo (1912-1997) - Institut Europ\u00e9en des Musiques Juives","isPartOf":{"@id":"https:\/\/www.iemj.org\/it\/#website"},"primaryImageOfPage":{"@id":"https:\/\/www.iemj.org\/it\/fuld-leo-1912-1997\/#primaryimage"},"image":{"@id":"https:\/\/www.iemj.org\/it\/fuld-leo-1912-1997\/#primaryimage"},"thumbnailUrl":"https:\/\/www.iemj.org\/wp-content\/uploads\/2013\/01\/arton619-e1624980538238.jpg","datePublished":"2013-01-09T15:01:24+00:00","dateModified":"2022-09-29T15:21:13+00:00","breadcrumb":{"@id":"https:\/\/www.iemj.org\/it\/fuld-leo-1912-1997\/#breadcrumb"},"inLanguage":"it-IT","potentialAction":[{"@type":"ReadAction","target":["https:\/\/www.iemj.org\/it\/fuld-leo-1912-1997\/"]}]},{"@type":"ImageObject","inLanguage":"it-IT","@id":"https:\/\/www.iemj.org\/it\/fuld-leo-1912-1997\/#primaryimage","url":"https:\/\/www.iemj.org\/wp-content\/uploads\/2013\/01\/arton619-e1624980538238.jpg","contentUrl":"https:\/\/www.iemj.org\/wp-content\/uploads\/2013\/01\/arton619-e1624980538238.jpg","width":200,"height":218},{"@type":"BreadcrumbList","@id":"https:\/\/www.iemj.org\/it\/fuld-leo-1912-1997\/#breadcrumb","itemListElement":[{"@type":"ListItem","position":1,"name":"Accueil","item":"https:\/\/www.iemj.org\/it\/"},{"@type":"ListItem","position":2,"name":"Fuld, Leo (1912-1997)"}]},{"@type":"WebSite","@id":"https:\/\/www.iemj.org\/it\/#website","url":"https:\/\/www.iemj.org\/it\/","name":"Institut Europ\u00e9en des Musiques Juives","description":"Des traditions musicales \u00e0 la port\u00e9e de tous","publisher":{"@id":"https:\/\/www.iemj.org\/it\/#organization"},"potentialAction":[{"@type":"SearchAction","target":{"@type":"EntryPoint","urlTemplate":"https:\/\/www.iemj.org\/it\/?s={search_term_string}"},"query-input":{"@type":"PropertyValueSpecification","valueRequired":true,"valueName":"search_term_string"}}],"inLanguage":"it-IT"},{"@type":"Organization","@id":"https:\/\/www.iemj.org\/it\/#organization","name":"Institut Europ\u00e9en des Musiques Juives","url":"https:\/\/www.iemj.org\/it\/","logo":{"@type":"ImageObject","inLanguage":"it-IT","@id":"https:\/\/www.iemj.org\/it\/#\/schema\/logo\/image\/","url":"https:\/\/www.iemj.org\/wp-content\/uploads\/2021\/09\/Logo-IEMJ-Paypal.jpg","contentUrl":"https:\/\/www.iemj.org\/wp-content\/uploads\/2021\/09\/Logo-IEMJ-Paypal.jpg","width":150,"height":50,"caption":"Institut Europ\u00e9en des Musiques Juives"},"image":{"@id":"https:\/\/www.iemj.org\/it\/#\/schema\/logo\/image\/"},"sameAs":["https:\/\/www.facebook.com\/MusiquesJuives\/","https:\/\/www.instagram.com\/musiquesjuives\/","https:\/\/www.youtube.com\/user\/musiquesjuives"]},{"@type":"Person","@id":"https:\/\/www.iemj.org\/it\/#\/schema\/person\/906134402c29d5c76e7b726261dd4bbd","name":"Herv\u00e9 Roten","image":{"@type":"ImageObject","inLanguage":"it-IT","@id":"https:\/\/secure.gravatar.com\/avatar\/f96ad2db538a26481f18384936b5cd0610c92d390c4dc382209216d455f685ff?s=96&d=mm&r=g","url":"https:\/\/secure.gravatar.com\/avatar\/f96ad2db538a26481f18384936b5cd0610c92d390c4dc382209216d455f685ff?s=96&d=mm&r=g","contentUrl":"https:\/\/secure.gravatar.com\/avatar\/f96ad2db538a26481f18384936b5cd0610c92d390c4dc382209216d455f685ff?s=96&d=mm&r=g","caption":"Herv\u00e9 Roten"}}]}},"_links":{"self":[{"href":"https:\/\/www.iemj.org\/it\/wp-json\/wp\/v2\/posts\/88270","targetHints":{"allow":["GET"]}}],"collection":[{"href":"https:\/\/www.iemj.org\/it\/wp-json\/wp\/v2\/posts"}],"about":[{"href":"https:\/\/www.iemj.org\/it\/wp-json\/wp\/v2\/types\/post"}],"author":[{"embeddable":true,"href":"https:\/\/www.iemj.org\/it\/wp-json\/wp\/v2\/users\/1045"}],"replies":[{"embeddable":true,"href":"https:\/\/www.iemj.org\/it\/wp-json\/wp\/v2\/comments?post=88270"}],"version-history":[{"count":0,"href":"https:\/\/www.iemj.org\/it\/wp-json\/wp\/v2\/posts\/88270\/revisions"}],"wp:featuredmedia":[{"embeddable":true,"href":"https:\/\/www.iemj.org\/it\/wp-json\/wp\/v2\/media\/51744"}],"wp:attachment":[{"href":"https:\/\/www.iemj.org\/it\/wp-json\/wp\/v2\/media?parent=88270"}],"wp:term":[{"taxonomy":"category","embeddable":true,"href":"https:\/\/www.iemj.org\/it\/wp-json\/wp\/v2\/categories?post=88270"},{"taxonomy":"post_tag","embeddable":true,"href":"https:\/\/www.iemj.org\/it\/wp-json\/wp\/v2\/tags?post=88270"},{"taxonomy":"technique","embeddable":true,"href":"https:\/\/www.iemj.org\/it\/wp-json\/wp\/v2\/technique?post=88270"},{"taxonomy":"squelettes","embeddable":true,"href":"https:\/\/www.iemj.org\/it\/wp-json\/wp\/v2\/squelettes?post=88270"},{"taxonomy":"sujet","embeddable":true,"href":"https:\/\/www.iemj.org\/it\/wp-json\/wp\/v2\/sujet?post=88270"},{"taxonomy":"formation","embeddable":true,"href":"https:\/\/www.iemj.org\/it\/wp-json\/wp\/v2\/formation?post=88270"},{"taxonomy":"genre","embeddable":true,"href":"https:\/\/www.iemj.org\/it\/wp-json\/wp\/v2\/genre?post=88270"},{"taxonomy":"fonds","embeddable":true,"href":"https:\/\/www.iemj.org\/it\/wp-json\/wp\/v2\/fonds?post=88270"},{"taxonomy":"tradition","embeddable":true,"href":"https:\/\/www.iemj.org\/it\/wp-json\/wp\/v2\/tradition?post=88270"},{"taxonomy":"type-de-contenu","embeddable":true,"href":"https:\/\/www.iemj.org\/it\/wp-json\/wp\/v2\/type-de-contenu?post=88270"},{"taxonomy":"interprete-compositeur","embeddable":true,"href":"https:\/\/www.iemj.org\/it\/wp-json\/wp\/v2\/interprete-compositeur?post=88270"},{"taxonomy":"frise","embeddable":true,"href":"https:\/\/www.iemj.org\/it\/wp-json\/wp\/v2\/frise?post=88270"},{"taxonomy":"type-devenement","embeddable":true,"href":"https:\/\/www.iemj.org\/it\/wp-json\/wp\/v2\/type-devenement?post=88270"},{"taxonomy":"tableaux-liens-externes","embeddable":true,"href":"https:\/\/www.iemj.org\/it\/wp-json\/wp\/v2\/tableaux-liens-externes?post=88270"}],"curies":[{"name":"wp","href":"https:\/\/api.w.org\/{rel}","templated":true}]}}