{"id":88299,"date":"2019-06-04T16:22:05","date_gmt":"2019-06-04T14:22:05","guid":{"rendered":"https:\/\/www.iemj.org\/gerovitch-eliezer-1844-1914\/"},"modified":"2022-10-03T12:25:58","modified_gmt":"2022-10-03T10:25:58","slug":"gerovitch-eliezer-1844-1914","status":"publish","type":"post","link":"https:\/\/www.iemj.org\/it\/gerovitch-eliezer-1844-1914\/","title":{"rendered":"Gerovitch, Eliezer (1844-1914)"},"content":{"rendered":"<p>Nato a Kitaigorod, nella provincia di Kiev, in Russia, nel 1844, Eliezer Mordechai ben Yitschak Gerovitch riceve un&#8217;educazione religiosa in vari <em>Yeshivot<\/em> (istituti che forniscono un insegnamento approfondito del Talmud e della Torah). La sua erudizione religiosa acquisita durante la sua infanzia contribuir\u00e0 molto al suo sviluppo come compositore di musica sinagogale durante gli ultimi anni della sua vita.<\/p>\n<p>Fin dalla prima infanzia, Eliezer Gerovitch mostra attitudini e un gusto pronunciato per la musica, che non potr\u00e0 sviluppare prima dei 18 anni, a causa della relativa indigenza della sua famiglia. Si reca allora a Berdichev, citt\u00e0 rinomata per la qualit\u00e0 della sua <em>Hazanu<\/em>t, per studiare musica, ed in particolare l\u2019armonia. Dotato di una bella voce da tenore, studia canto con Mo\u00efse Spizberg, Primo Ministro-Officiante della Sinagoga di Berdichev, che finisce per assumerlo come Ministro-Officiante nella sua sinagoga. Si familiarizza con il repertorio sinagogale classico e con compositori come <a href=\"https:\/\/www.iemj.org\/it\/sulzer-salomon-1804-1890\/\">Sulzer<\/a>, <a href=\"https:\/\/www.iemj.org\/it\/lewandowski-louis-lazarus-1821-1894\/\" target=\"_blank\" rel=\"noopener\">Lewandowski<\/a>, <a href=\"https:\/\/www.iemj.org\/it\/naumbourg-samuel-1817-1880\/\">Naumbourg<\/a> o Weintraub. Successivamente ricoprir\u00e0 la carica di cantore nella sinagoga di Nicolaiev, dove svilupper\u00e0 il suo talento come compositore di musica sinagogale.<\/p>\n<p>Desideroso di approfondire le sue conoscenze musicali, lascia il suo incarico per recarsi a San Pietroburgo, dove studia canto al conservatorio. E\u2019 allora che conosce Rimsky-Korsakov con il quale intrattiene un&#8217;ampia corrispondenza sul tema della musica sinagogale e dei suoi rapporti con la musica della Chiesa greco-ortodossa.<\/p>\n<p><strong><img decoding=\"async\" src=\"https:\/\/www.iemj.org\/wp-content\/uploads\/2019\/06\/synagogue_de_rostov.jpg\" alt=\"synagogue_de_rostov.jpg\" data-description=\"&quot;&lt;strong\" \/>Sinagoga di Rostov<\/strong><\/p>\n<p>Sebbene interpellato per occupare il posto ormai vacante di Hazan a San Pietroburgo, preferisce quello di Rostov sul Don, pi\u00f9 adatto ai suoi problemi di salute, in termini di clima. \u00c8 qui che si sviluppano i suoi talenti per le composizioni sinagogali. Compone le sue due raccolte di musica sinagogale in sei volumi, tre sotto il titolo di <em>Shire T&#8217;filoh<\/em> e tre sotto il titolo di <em>Shire Zimroh<\/em>.<\/p>\n<p>Le opere e la pratica sinagogale di Gerovitch sono coerenti con il suo desiderio di restaurare lo spirito della tradizione nel modo pi\u00f9 &#8220;fedele&#8221;, utilizzando degli arrangiamenti ed una armonia, spesso modale, il pi\u00f9 vicino possibile alla tradizione, e questo nonostante il clima di opposizione dei riformisti che vogliono introdurre nella liturgia compositori alla moda, come Handel e Verdi.<\/p>\n<p>Ammirato dalla sua comunit\u00e0 per il suo carattere e le sue realizzazioni, Eliezer Gerovitch muore a Rostov l&#8217;8 ottobre 1914.<\/p>\n<p><center><strong>&#8212;&#8212;&#8212;&#8212;&#8212;&#8212;&#8212;&#8212;&#8212;&#8212;&#8212;&#8212;&#8212;&#8212;&#8212;&#8212;&#8212;&#8212;&#8212;&#8212;&#8212;&#8212;&#8212;&#8212;&#8212;&#8212;&#8212;&#8212;&#8212;&#8212;&#8211;<\/strong><\/center><em>(Dalla prefazione a Shirei Tefillah di Gerovitch, scritta dal professor A. W. Binder, professore di musica liturgica, Hebrew Union College)<\/em><\/p>\n","protected":false},"excerpt":{"rendered":"<p>Nato a Kitaigorod, nella provincia di Kiev, in Russia, nel 1844, Eliezer Mordechai ben Yitschak Gerovitch riceve un&#8217;educazione religiosa in vari Yeshivot (istituti che forniscono un insegnamento approfondito del Talmud<\/p>\n","protected":false},"author":5,"featured_media":51772,"comment_status":"closed","ping_status":"open","sticky":false,"template":"","format":"standard","meta":{"_acf_changed":false,"footnotes":""},"categories":[1416],"tags":[],"technique":[],"squelettes":[],"sujet":[],"formation":[],"genre":[],"fonds":[],"tradition":[],"type-de-contenu":[],"interprete-compositeur":[],"frise":[],"type-devenement":[],"tableaux-liens-externes":[],"class_list":["post-88299","post","type-post","status-publish","format-standard","has-post-thumbnail","hentry","category-biografie-it"],"acf":[],"yoast_head":"<!-- This site is optimized with the Yoast SEO plugin v27.3 - https:\/\/yoast.com\/product\/yoast-seo-wordpress\/ -->\n<title>Gerovitch, Eliezer (1844-1914) - Institut Europ\u00e9en des Musiques Juives<\/title>\n<meta name=\"robots\" content=\"index, follow, max-snippet:-1, max-image-preview:large, max-video-preview:-1\" \/>\n<link rel=\"canonical\" href=\"https:\/\/www.iemj.org\/it\/gerovitch-eliezer-1844-1914\/\" \/>\n<meta property=\"og:locale\" content=\"it_IT\" \/>\n<meta property=\"og:type\" content=\"article\" \/>\n<meta property=\"og:title\" content=\"Gerovitch, Eliezer (1844-1914) - Institut Europ\u00e9en des Musiques Juives\" \/>\n<meta property=\"og:description\" content=\"Nato a Kitaigorod, nella provincia di Kiev, in Russia, nel 1844, Eliezer Mordechai ben Yitschak Gerovitch riceve un&#8217;educazione religiosa in vari Yeshivot (istituti che forniscono un insegnamento approfondito del Talmud\" \/>\n<meta property=\"og:url\" content=\"https:\/\/www.iemj.org\/it\/gerovitch-eliezer-1844-1914\/\" \/>\n<meta property=\"og:site_name\" content=\"Institut Europ\u00e9en des Musiques Juives\" \/>\n<meta property=\"article:publisher\" content=\"https:\/\/www.facebook.com\/MusiquesJuives\/\" \/>\n<meta property=\"article:published_time\" content=\"2019-06-04T14:22:05+00:00\" \/>\n<meta property=\"article:modified_time\" content=\"2022-10-03T10:25:58+00:00\" \/>\n<meta property=\"og:image\" content=\"https:\/\/www.iemj.org\/wp-content\/uploads\/2019\/06\/arton4198-e1625038067988.jpg\" \/>\n\t<meta property=\"og:image:width\" content=\"153\" \/>\n\t<meta property=\"og:image:height\" content=\"218\" \/>\n\t<meta property=\"og:image:type\" content=\"image\/jpeg\" \/>\n<meta name=\"author\" content=\"Jacqueline ROTEN\" \/>\n<meta name=\"twitter:card\" content=\"summary_large_image\" \/>\n<meta name=\"twitter:label1\" content=\"Scritto da\" \/>\n\t<meta name=\"twitter:data1\" content=\"Jacqueline ROTEN\" \/>\n\t<meta name=\"twitter:label2\" content=\"Tempo di lettura stimato\" \/>\n\t<meta name=\"twitter:data2\" content=\"3 minuti\" \/>\n<script type=\"application\/ld+json\" class=\"yoast-schema-graph\">{\"@context\":\"https:\\\/\\\/schema.org\",\"@graph\":[{\"@type\":\"Article\",\"@id\":\"https:\\\/\\\/www.iemj.org\\\/it\\\/gerovitch-eliezer-1844-1914\\\/#article\",\"isPartOf\":{\"@id\":\"https:\\\/\\\/www.iemj.org\\\/it\\\/gerovitch-eliezer-1844-1914\\\/\"},\"author\":{\"name\":\"Jacqueline ROTEN\",\"@id\":\"https:\\\/\\\/www.iemj.org\\\/it\\\/#\\\/schema\\\/person\\\/358e26c18aca017fcc4cc15437f7279c\"},\"headline\":\"Gerovitch, Eliezer (1844-1914)\",\"datePublished\":\"2019-06-04T14:22:05+00:00\",\"dateModified\":\"2022-10-03T10:25:58+00:00\",\"mainEntityOfPage\":{\"@id\":\"https:\\\/\\\/www.iemj.org\\\/it\\\/gerovitch-eliezer-1844-1914\\\/\"},\"wordCount\":395,\"publisher\":{\"@id\":\"https:\\\/\\\/www.iemj.org\\\/it\\\/#organization\"},\"image\":{\"@id\":\"https:\\\/\\\/www.iemj.org\\\/it\\\/gerovitch-eliezer-1844-1914\\\/#primaryimage\"},\"thumbnailUrl\":\"https:\\\/\\\/www.iemj.org\\\/wp-content\\\/uploads\\\/2019\\\/06\\\/arton4198-e1625038067988.jpg\",\"articleSection\":[\"Biografie\"],\"inLanguage\":\"it-IT\"},{\"@type\":\"WebPage\",\"@id\":\"https:\\\/\\\/www.iemj.org\\\/it\\\/gerovitch-eliezer-1844-1914\\\/\",\"url\":\"https:\\\/\\\/www.iemj.org\\\/it\\\/gerovitch-eliezer-1844-1914\\\/\",\"name\":\"Gerovitch, Eliezer (1844-1914) - Institut Europ\u00e9en des Musiques Juives\",\"isPartOf\":{\"@id\":\"https:\\\/\\\/www.iemj.org\\\/it\\\/#website\"},\"primaryImageOfPage\":{\"@id\":\"https:\\\/\\\/www.iemj.org\\\/it\\\/gerovitch-eliezer-1844-1914\\\/#primaryimage\"},\"image\":{\"@id\":\"https:\\\/\\\/www.iemj.org\\\/it\\\/gerovitch-eliezer-1844-1914\\\/#primaryimage\"},\"thumbnailUrl\":\"https:\\\/\\\/www.iemj.org\\\/wp-content\\\/uploads\\\/2019\\\/06\\\/arton4198-e1625038067988.jpg\",\"datePublished\":\"2019-06-04T14:22:05+00:00\",\"dateModified\":\"2022-10-03T10:25:58+00:00\",\"breadcrumb\":{\"@id\":\"https:\\\/\\\/www.iemj.org\\\/it\\\/gerovitch-eliezer-1844-1914\\\/#breadcrumb\"},\"inLanguage\":\"it-IT\",\"potentialAction\":[{\"@type\":\"ReadAction\",\"target\":[\"https:\\\/\\\/www.iemj.org\\\/it\\\/gerovitch-eliezer-1844-1914\\\/\"]}]},{\"@type\":\"ImageObject\",\"inLanguage\":\"it-IT\",\"@id\":\"https:\\\/\\\/www.iemj.org\\\/it\\\/gerovitch-eliezer-1844-1914\\\/#primaryimage\",\"url\":\"https:\\\/\\\/www.iemj.org\\\/wp-content\\\/uploads\\\/2019\\\/06\\\/arton4198-e1625038067988.jpg\",\"contentUrl\":\"https:\\\/\\\/www.iemj.org\\\/wp-content\\\/uploads\\\/2019\\\/06\\\/arton4198-e1625038067988.jpg\",\"width\":153,\"height\":218},{\"@type\":\"BreadcrumbList\",\"@id\":\"https:\\\/\\\/www.iemj.org\\\/it\\\/gerovitch-eliezer-1844-1914\\\/#breadcrumb\",\"itemListElement\":[{\"@type\":\"ListItem\",\"position\":1,\"name\":\"Accueil\",\"item\":\"https:\\\/\\\/www.iemj.org\\\/it\\\/\"},{\"@type\":\"ListItem\",\"position\":2,\"name\":\"Gerovitch, Eliezer (1844-1914)\"}]},{\"@type\":\"WebSite\",\"@id\":\"https:\\\/\\\/www.iemj.org\\\/it\\\/#website\",\"url\":\"https:\\\/\\\/www.iemj.org\\\/it\\\/\",\"name\":\"Institut Europ\u00e9en des Musiques Juives\",\"description\":\"Des traditions musicales \u00e0 la port\u00e9e de tous\",\"publisher\":{\"@id\":\"https:\\\/\\\/www.iemj.org\\\/it\\\/#organization\"},\"potentialAction\":[{\"@type\":\"SearchAction\",\"target\":{\"@type\":\"EntryPoint\",\"urlTemplate\":\"https:\\\/\\\/www.iemj.org\\\/it\\\/?s={search_term_string}\"},\"query-input\":{\"@type\":\"PropertyValueSpecification\",\"valueRequired\":true,\"valueName\":\"search_term_string\"}}],\"inLanguage\":\"it-IT\"},{\"@type\":\"Organization\",\"@id\":\"https:\\\/\\\/www.iemj.org\\\/it\\\/#organization\",\"name\":\"Institut Europ\u00e9en des Musiques Juives\",\"url\":\"https:\\\/\\\/www.iemj.org\\\/it\\\/\",\"logo\":{\"@type\":\"ImageObject\",\"inLanguage\":\"it-IT\",\"@id\":\"https:\\\/\\\/www.iemj.org\\\/it\\\/#\\\/schema\\\/logo\\\/image\\\/\",\"url\":\"https:\\\/\\\/www.iemj.org\\\/wp-content\\\/uploads\\\/2021\\\/09\\\/Logo-IEMJ-Paypal.jpg\",\"contentUrl\":\"https:\\\/\\\/www.iemj.org\\\/wp-content\\\/uploads\\\/2021\\\/09\\\/Logo-IEMJ-Paypal.jpg\",\"width\":150,\"height\":50,\"caption\":\"Institut Europ\u00e9en des Musiques Juives\"},\"image\":{\"@id\":\"https:\\\/\\\/www.iemj.org\\\/it\\\/#\\\/schema\\\/logo\\\/image\\\/\"},\"sameAs\":[\"https:\\\/\\\/www.facebook.com\\\/MusiquesJuives\\\/\",\"https:\\\/\\\/www.instagram.com\\\/musiquesjuives\\\/\",\"https:\\\/\\\/www.youtube.com\\\/user\\\/musiquesjuives\"]},{\"@type\":\"Person\",\"@id\":\"https:\\\/\\\/www.iemj.org\\\/it\\\/#\\\/schema\\\/person\\\/358e26c18aca017fcc4cc15437f7279c\",\"name\":\"Jacqueline ROTEN\",\"image\":{\"@type\":\"ImageObject\",\"inLanguage\":\"it-IT\",\"@id\":\"https:\\\/\\\/secure.gravatar.com\\\/avatar\\\/5964256d6c6957de3a3505278957e0fb2a35119ac47ea41827a65301213c810b?s=96&d=mm&r=g\",\"url\":\"https:\\\/\\\/secure.gravatar.com\\\/avatar\\\/5964256d6c6957de3a3505278957e0fb2a35119ac47ea41827a65301213c810b?s=96&d=mm&r=g\",\"contentUrl\":\"https:\\\/\\\/secure.gravatar.com\\\/avatar\\\/5964256d6c6957de3a3505278957e0fb2a35119ac47ea41827a65301213c810b?s=96&d=mm&r=g\",\"caption\":\"Jacqueline ROTEN\"}}]}<\/script>\n<!-- \/ Yoast SEO plugin. -->","yoast_head_json":{"title":"Gerovitch, Eliezer (1844-1914) - Institut Europ\u00e9en des Musiques Juives","robots":{"index":"index","follow":"follow","max-snippet":"max-snippet:-1","max-image-preview":"max-image-preview:large","max-video-preview":"max-video-preview:-1"},"canonical":"https:\/\/www.iemj.org\/it\/gerovitch-eliezer-1844-1914\/","og_locale":"it_IT","og_type":"article","og_title":"Gerovitch, Eliezer (1844-1914) - Institut Europ\u00e9en des Musiques Juives","og_description":"Nato a Kitaigorod, nella provincia di Kiev, in Russia, nel 1844, Eliezer Mordechai ben Yitschak Gerovitch riceve un&#8217;educazione religiosa in vari Yeshivot (istituti che forniscono un insegnamento approfondito del Talmud","og_url":"https:\/\/www.iemj.org\/it\/gerovitch-eliezer-1844-1914\/","og_site_name":"Institut Europ\u00e9en des Musiques Juives","article_publisher":"https:\/\/www.facebook.com\/MusiquesJuives\/","article_published_time":"2019-06-04T14:22:05+00:00","article_modified_time":"2022-10-03T10:25:58+00:00","og_image":[{"width":153,"height":218,"url":"https:\/\/www.iemj.org\/wp-content\/uploads\/2019\/06\/arton4198-e1625038067988.jpg","type":"image\/jpeg"}],"author":"Jacqueline ROTEN","twitter_card":"summary_large_image","twitter_misc":{"Scritto da":"Jacqueline ROTEN","Tempo di lettura stimato":"3 minuti"},"schema":{"@context":"https:\/\/schema.org","@graph":[{"@type":"Article","@id":"https:\/\/www.iemj.org\/it\/gerovitch-eliezer-1844-1914\/#article","isPartOf":{"@id":"https:\/\/www.iemj.org\/it\/gerovitch-eliezer-1844-1914\/"},"author":{"name":"Jacqueline ROTEN","@id":"https:\/\/www.iemj.org\/it\/#\/schema\/person\/358e26c18aca017fcc4cc15437f7279c"},"headline":"Gerovitch, Eliezer (1844-1914)","datePublished":"2019-06-04T14:22:05+00:00","dateModified":"2022-10-03T10:25:58+00:00","mainEntityOfPage":{"@id":"https:\/\/www.iemj.org\/it\/gerovitch-eliezer-1844-1914\/"},"wordCount":395,"publisher":{"@id":"https:\/\/www.iemj.org\/it\/#organization"},"image":{"@id":"https:\/\/www.iemj.org\/it\/gerovitch-eliezer-1844-1914\/#primaryimage"},"thumbnailUrl":"https:\/\/www.iemj.org\/wp-content\/uploads\/2019\/06\/arton4198-e1625038067988.jpg","articleSection":["Biografie"],"inLanguage":"it-IT"},{"@type":"WebPage","@id":"https:\/\/www.iemj.org\/it\/gerovitch-eliezer-1844-1914\/","url":"https:\/\/www.iemj.org\/it\/gerovitch-eliezer-1844-1914\/","name":"Gerovitch, Eliezer (1844-1914) - Institut Europ\u00e9en des Musiques Juives","isPartOf":{"@id":"https:\/\/www.iemj.org\/it\/#website"},"primaryImageOfPage":{"@id":"https:\/\/www.iemj.org\/it\/gerovitch-eliezer-1844-1914\/#primaryimage"},"image":{"@id":"https:\/\/www.iemj.org\/it\/gerovitch-eliezer-1844-1914\/#primaryimage"},"thumbnailUrl":"https:\/\/www.iemj.org\/wp-content\/uploads\/2019\/06\/arton4198-e1625038067988.jpg","datePublished":"2019-06-04T14:22:05+00:00","dateModified":"2022-10-03T10:25:58+00:00","breadcrumb":{"@id":"https:\/\/www.iemj.org\/it\/gerovitch-eliezer-1844-1914\/#breadcrumb"},"inLanguage":"it-IT","potentialAction":[{"@type":"ReadAction","target":["https:\/\/www.iemj.org\/it\/gerovitch-eliezer-1844-1914\/"]}]},{"@type":"ImageObject","inLanguage":"it-IT","@id":"https:\/\/www.iemj.org\/it\/gerovitch-eliezer-1844-1914\/#primaryimage","url":"https:\/\/www.iemj.org\/wp-content\/uploads\/2019\/06\/arton4198-e1625038067988.jpg","contentUrl":"https:\/\/www.iemj.org\/wp-content\/uploads\/2019\/06\/arton4198-e1625038067988.jpg","width":153,"height":218},{"@type":"BreadcrumbList","@id":"https:\/\/www.iemj.org\/it\/gerovitch-eliezer-1844-1914\/#breadcrumb","itemListElement":[{"@type":"ListItem","position":1,"name":"Accueil","item":"https:\/\/www.iemj.org\/it\/"},{"@type":"ListItem","position":2,"name":"Gerovitch, Eliezer (1844-1914)"}]},{"@type":"WebSite","@id":"https:\/\/www.iemj.org\/it\/#website","url":"https:\/\/www.iemj.org\/it\/","name":"Institut Europ\u00e9en des Musiques Juives","description":"Des traditions musicales \u00e0 la port\u00e9e de tous","publisher":{"@id":"https:\/\/www.iemj.org\/it\/#organization"},"potentialAction":[{"@type":"SearchAction","target":{"@type":"EntryPoint","urlTemplate":"https:\/\/www.iemj.org\/it\/?s={search_term_string}"},"query-input":{"@type":"PropertyValueSpecification","valueRequired":true,"valueName":"search_term_string"}}],"inLanguage":"it-IT"},{"@type":"Organization","@id":"https:\/\/www.iemj.org\/it\/#organization","name":"Institut Europ\u00e9en des Musiques Juives","url":"https:\/\/www.iemj.org\/it\/","logo":{"@type":"ImageObject","inLanguage":"it-IT","@id":"https:\/\/www.iemj.org\/it\/#\/schema\/logo\/image\/","url":"https:\/\/www.iemj.org\/wp-content\/uploads\/2021\/09\/Logo-IEMJ-Paypal.jpg","contentUrl":"https:\/\/www.iemj.org\/wp-content\/uploads\/2021\/09\/Logo-IEMJ-Paypal.jpg","width":150,"height":50,"caption":"Institut Europ\u00e9en des Musiques Juives"},"image":{"@id":"https:\/\/www.iemj.org\/it\/#\/schema\/logo\/image\/"},"sameAs":["https:\/\/www.facebook.com\/MusiquesJuives\/","https:\/\/www.instagram.com\/musiquesjuives\/","https:\/\/www.youtube.com\/user\/musiquesjuives"]},{"@type":"Person","@id":"https:\/\/www.iemj.org\/it\/#\/schema\/person\/358e26c18aca017fcc4cc15437f7279c","name":"Jacqueline ROTEN","image":{"@type":"ImageObject","inLanguage":"it-IT","@id":"https:\/\/secure.gravatar.com\/avatar\/5964256d6c6957de3a3505278957e0fb2a35119ac47ea41827a65301213c810b?s=96&d=mm&r=g","url":"https:\/\/secure.gravatar.com\/avatar\/5964256d6c6957de3a3505278957e0fb2a35119ac47ea41827a65301213c810b?s=96&d=mm&r=g","contentUrl":"https:\/\/secure.gravatar.com\/avatar\/5964256d6c6957de3a3505278957e0fb2a35119ac47ea41827a65301213c810b?s=96&d=mm&r=g","caption":"Jacqueline ROTEN"}}]}},"_links":{"self":[{"href":"https:\/\/www.iemj.org\/it\/wp-json\/wp\/v2\/posts\/88299","targetHints":{"allow":["GET"]}}],"collection":[{"href":"https:\/\/www.iemj.org\/it\/wp-json\/wp\/v2\/posts"}],"about":[{"href":"https:\/\/www.iemj.org\/it\/wp-json\/wp\/v2\/types\/post"}],"author":[{"embeddable":true,"href":"https:\/\/www.iemj.org\/it\/wp-json\/wp\/v2\/users\/5"}],"replies":[{"embeddable":true,"href":"https:\/\/www.iemj.org\/it\/wp-json\/wp\/v2\/comments?post=88299"}],"version-history":[{"count":0,"href":"https:\/\/www.iemj.org\/it\/wp-json\/wp\/v2\/posts\/88299\/revisions"}],"wp:featuredmedia":[{"embeddable":true,"href":"https:\/\/www.iemj.org\/it\/wp-json\/wp\/v2\/media\/51772"}],"wp:attachment":[{"href":"https:\/\/www.iemj.org\/it\/wp-json\/wp\/v2\/media?parent=88299"}],"wp:term":[{"taxonomy":"category","embeddable":true,"href":"https:\/\/www.iemj.org\/it\/wp-json\/wp\/v2\/categories?post=88299"},{"taxonomy":"post_tag","embeddable":true,"href":"https:\/\/www.iemj.org\/it\/wp-json\/wp\/v2\/tags?post=88299"},{"taxonomy":"technique","embeddable":true,"href":"https:\/\/www.iemj.org\/it\/wp-json\/wp\/v2\/technique?post=88299"},{"taxonomy":"squelettes","embeddable":true,"href":"https:\/\/www.iemj.org\/it\/wp-json\/wp\/v2\/squelettes?post=88299"},{"taxonomy":"sujet","embeddable":true,"href":"https:\/\/www.iemj.org\/it\/wp-json\/wp\/v2\/sujet?post=88299"},{"taxonomy":"formation","embeddable":true,"href":"https:\/\/www.iemj.org\/it\/wp-json\/wp\/v2\/formation?post=88299"},{"taxonomy":"genre","embeddable":true,"href":"https:\/\/www.iemj.org\/it\/wp-json\/wp\/v2\/genre?post=88299"},{"taxonomy":"fonds","embeddable":true,"href":"https:\/\/www.iemj.org\/it\/wp-json\/wp\/v2\/fonds?post=88299"},{"taxonomy":"tradition","embeddable":true,"href":"https:\/\/www.iemj.org\/it\/wp-json\/wp\/v2\/tradition?post=88299"},{"taxonomy":"type-de-contenu","embeddable":true,"href":"https:\/\/www.iemj.org\/it\/wp-json\/wp\/v2\/type-de-contenu?post=88299"},{"taxonomy":"interprete-compositeur","embeddable":true,"href":"https:\/\/www.iemj.org\/it\/wp-json\/wp\/v2\/interprete-compositeur?post=88299"},{"taxonomy":"frise","embeddable":true,"href":"https:\/\/www.iemj.org\/it\/wp-json\/wp\/v2\/frise?post=88299"},{"taxonomy":"type-devenement","embeddable":true,"href":"https:\/\/www.iemj.org\/it\/wp-json\/wp\/v2\/type-devenement?post=88299"},{"taxonomy":"tableaux-liens-externes","embeddable":true,"href":"https:\/\/www.iemj.org\/it\/wp-json\/wp\/v2\/tableaux-liens-externes?post=88299"}],"curies":[{"name":"wp","href":"https:\/\/api.w.org\/{rel}","templated":true}]}}