{"id":88360,"date":"2018-04-11T09:55:15","date_gmt":"2018-04-11T07:55:15","guid":{"rendered":"https:\/\/www.iemj.org\/halali-salim-1920-2005\/"},"modified":"2025-09-08T18:12:42","modified_gmt":"2025-09-08T16:12:42","slug":"halali-salim-1920-2005","status":"publish","type":"post","link":"https:\/\/www.iemj.org\/it\/halali-salim-1920-2005\/","title":{"rendered":"Halali, Salim (1920-2005)"},"content":{"rendered":"<p>Salim Halali, il cui vero nome \u00e8 Simon Halali, \u00e8 un cantante interprete di musica orientale, nato il 30 luglio 1920 ad Annaba, in Algeria.<\/p>\n<p>Proveniente da una famiglia ebraica originaria del Souk Ahras, cresce con i suoi 9 fratelli e sorelle prima di partire per la Francia intorno al 1937. E\u2019 dapprima nei club parigini di flamenco che si fa conoscere. Decisivo il suo incontro con l&#8217;artista algerino di music-hall Mohamed el Kamel. Quest&#8217;ultimo scrive le prime canzoni di Salim Halali come <em>Andalusia<\/em>, <em>Sevillane<\/em>, <em>Ta\u00e2li, Ardja\u00e2 lebladek, Bine el barah oua el youm, Mounira, Nadira, El ouchq sa\u00efb, El qelb chahik.<\/em>.. Successivamente, Mohamed Iguerbouch\u00e8ne compone per lui una cinquantina di altre canzoni.<\/p>\n<p><img fetchpriority=\"high\" decoding=\"async\" class=\" alignright size-full wp-image-19114\" src=\"https:\/\/www.iemj.org\/wp-content\/uploads\/2018\/04\/doc_2_salim_500px.jpg\" alt=\"doc_2_salim_500px.jpg\" width=\"149\" height=\"700\" align=\"right\" srcset=\"https:\/\/www.iemj.org\/wp-content\/uploads\/2018\/04\/doc_2_salim_500px.jpg 149w, https:\/\/www.iemj.org\/wp-content\/uploads\/2018\/04\/doc_2_salim_500px-64x300.jpg 64w\" sizes=\"(max-width: 149px) 100vw, 149px\" \/>Nel 1938 Salim Halali inizia una tourn\u00e9e europea mentre allo stesso tempo i suoi dischi di flamenco in arabo riscuotono un grande successo in Nord Africa, in particolare i brani <em>Al ain zarga, Mahenni zine e Habibti samra.<\/em><\/p>\n<p>Sempre prima della guerra, Salim Halali si produce al Caf\u00e9 Maure della Grande Moschea di Parigi, a fianco di artisti famosi come Ali Sriti e Ibrahim Salah. Si Kaddour Bengabrit, fondatore e primo rettore della Moschea, intellettuale e musicista (oud e violino) fa amicizia con Salim Halali, e durante l&#8217;occupazione tedesca lo aiuta a nascondere le sue origini ebraiche fornendogli un falso certificato musulmano e facendo incidere il nome del suo defunto padre su una tomba anonima nel cimitero musulmano di Bobigny (Seine-Saint-Denis). <span class=\"footnote_referrer\"><a role=\"button\" tabindex=\"0\" onclick=\"footnote_moveToReference_88360_1('footnote_plugin_reference_88360_1_1');\" onkeypress=\"footnote_moveToReference_88360_1('footnote_plugin_reference_88360_1_1');\" ><sup id=\"footnote_plugin_tooltip_88360_1_1\" class=\"footnote_plugin_tooltip_text\">[1]<\/sup><\/a><span id=\"footnote_plugin_tooltip_text_88360_1_1\" class=\"footnote_tooltip\">Questo aneddoto \u00e8 raccontato nel film <em><a href=\"https:\/\/it.wikipedia.org\/wiki\/Les_Hommes_libres\" target=\"_blank\" rel=\"noopener\">Les hommes libres<\/a><\/em>\u00a0di Isma\u00ebl Feroukhi<\/span><\/span><script type=\"text\/javascript\"> jQuery('#footnote_plugin_tooltip_88360_1_1').tooltip({ tip: '#footnote_plugin_tooltip_text_88360_1_1', tipClass: 'footnote_tooltip', effect: 'fade', predelay: 0, fadeInSpeed: 200, delay: 400, fadeOutSpeed: 200, position: 'top center', relative: true, offset: [-7, 0], });<\/script><\/p>\n<p>Dopo la guerra, la sua musica \u00e8 molto apprezzata in Egitto, in particolare dalla grande diva egiziana Oum Kalsoum.<\/p>\n<p>Nel 1947 Salim Halali crea un cabaret orientale a Parigi, \u201cIsma\u00eflia Folies\u201d, in un palazzo della prestigiosa avenue Montaigne che apparteneva a Ferdinand de Lesseps. Nel 1948 crea un secondo luogo di divertimento, \u201cLe S\u00e9rail\u201d, rue du Colis\u00e9e.<\/p>\n<p>Nel 1949 si trasferisce in Marocco e acquista un vecchio caff\u00e8 nella mellah di Casablanca che trasforma in un prestigioso cabaret: \u201cle Coq d&#8217;Or\u201d. Questo locale \u00e8 frequentato dalle ricche famiglie del paese e da personalit\u00e0 di passaggio. Ma &#8220;Le Coq d&#8217;Or&#8221; \u00e8 distrutto da un incendio e Salim torna in Francia, a Cannes, all&#8217;inizio degli anni &#8217;60.<\/p>\n<p>Noto per la sua attrazione per feste sontuose e stravaganti, a volte portava degli elefanti nei giardini della sua villa. All&#8217;inizio degli anni &#8217;70, la sua carriera prende una nuova svolta con un concerto trionfale alla Salle Pleyel di Parigi e l&#8217;uscita di un LP in francese. Negli anni seguenti si esibisce regolarmente in concerti a Parigi, Montreal e Casablanca.<\/p>\n<p><img decoding=\"async\" class=\"wp-image-19116 alignleft\" src=\"https:\/\/www.iemj.org\/wp-content\/uploads\/2018\/04\/doc_78tre_salim_65.jpg\" alt=\"doc_78tre_salim_65.jpg\" width=\"188\" height=\"194\" align=\"middle\" \/><\/p>\n<p>Nel 1993 mette un termine definitivo la sua attivit\u00e0 e si stabilisce in una casa di riposo a Vallauris. Terr\u00e0 tuttavia un ultimo recital in occasione del nuovo anno 1994, su insistenza dell&#8217;amico Maurice Wizmam.<\/p>\n<p>Volontariamente solitario \u2013 vietava a chiunque di fargli visita, ad eccezione di pochi amici intimi \u2013 muore il 25 giugno 2005 ad Antibes (Alpi Marittime). Secondo i suoi ultimi desideri, le sue ceneri sono sparse a Nizza nel giardino dei ricordi.<\/p>\n\n\n<h2 class=\"wp-block-heading\"><\/h2>\n\n\n<div class=\"wp-block-image\">\n<figure class=\"aligncenter size-large\"><img decoding=\"async\" width=\"1024\" height=\"133\" src=\"https:\/\/www.iemj.org\/wp-content\/uploads\/2024\/03\/AUDIO-PLAYER-1024x133.png\" alt=\"\" class=\"wp-image-110609\" srcset=\"https:\/\/www.iemj.org\/wp-content\/uploads\/2024\/03\/AUDIO-PLAYER-1024x133.png 1024w, https:\/\/www.iemj.org\/wp-content\/uploads\/2024\/03\/AUDIO-PLAYER-300x39.png 300w, https:\/\/www.iemj.org\/wp-content\/uploads\/2024\/03\/AUDIO-PLAYER-768x100.png 768w, https:\/\/www.iemj.org\/wp-content\/uploads\/2024\/03\/AUDIO-PLAYER-600x78.png 600w, https:\/\/www.iemj.org\/wp-content\/uploads\/2024\/03\/AUDIO-PLAYER.png 1210w\" sizes=\"(max-width: 1024px) 100vw, 1024px\" \/><\/figure>\n<\/div>\n\n\n<div class=\"wp-block-file\"><a id=\"wp-block-file--media-7abe2a56-5a30-4f15-9574-1c7ad984c869\" href=\"https:\/\/www.iemj.org\/wp-content\/uploads\/2018\/04\/bin_el_berah_wel_youm_extrait_-_salim_halali.mp3\">Bin el berah wel youm (EXTRAIT) &#8211; Salim Halali<\/a><\/div>\n\n\n\n<div class=\"wp-block-file\"><a id=\"wp-block-file--media-ee27268c-23a2-4c03-ae3a-c0d1811383bf\" href=\"https:\/\/www.iemj.org\/wp-content\/uploads\/2018\/04\/sidi_h_bibi_extrait_-_salim_halali.mp3\">Sidi H&#8217;bibi (EXTRAIT) &#8211; Salim Halali<\/a><\/div>\n\n\n\n<div class=\"wp-block-file\"><a id=\"wp-block-file--media-79360722-2a97-4099-80ef-c09abe8f320e\" href=\"https:\/\/www.iemj.org\/wp-content\/uploads\/2018\/04\/mahani_ezzine_extrait_-_salim_halali.mp3\">Mahani Ezzine (EXTRAIT) &#8211; Salim Halali<\/a><\/div>\n\n\n\n<div class=\"wp-block-file\"><a id=\"wp-block-file--media-e331744e-c104-4c14-8fcc-085ccd37fd09\" href=\"https:\/\/www.iemj.org\/wp-content\/uploads\/2018\/04\/ya_qalbi_khali_lhal_extrait_-_salim_halali.mp3\">Ya qalbi khali lhal (EXTRAIT) &#8211; Salim Halali<\/a><\/div>\n\n\n\n<div class=\"wp-block-file\"><a id=\"wp-block-file--media-a65f2e8d-0c4a-4be1-ac67-6bd13f753666\" href=\"https:\/\/www.iemj.org\/wp-content\/uploads\/2018\/04\/el_achaga_extrait_-_salim_halali.mp3\">El Achaga (EXTRAIT) &#8211; Salim Halali<\/a><\/div>\n<div class=\"speaker-mute footnotes_reference_container\"> <div class=\"footnote_container_prepare\"><p><span role=\"button\" tabindex=\"0\" class=\"footnote_reference_container_label pointer\" onclick=\"footnote_expand_collapse_reference_container_88360_1();\">&#x202F;<\/span><span role=\"button\" tabindex=\"0\" class=\"footnote_reference_container_collapse_button\" style=\"display: none;\" onclick=\"footnote_expand_collapse_reference_container_88360_1();\">[<a id=\"footnote_reference_container_collapse_button_88360_1\">+<\/a>]<\/span><\/p><\/div> <div id=\"footnote_references_container_88360_1\" style=\"\"><table class=\"footnotes_table footnote-reference-container\"><caption class=\"accessibility\">References<\/caption> <tbody> \r\n\r\n<tr class=\"footnotes_plugin_reference_row\"> <th scope=\"row\" class=\"footnote_plugin_index_combi pointer\"  onclick=\"footnote_moveToAnchor_88360_1('footnote_plugin_tooltip_88360_1_1');\"><a id=\"footnote_plugin_reference_88360_1_1\" class=\"footnote_backlink\">1<\/a><\/th> <td class=\"footnote_plugin_text\">Questo aneddoto \u00e8 raccontato nel film <em><a href=\"https:\/\/it.wikipedia.org\/wiki\/Les_Hommes_libres\" target=\"_blank\" rel=\"noopener\">Les hommes libres<\/a><\/em>\u00a0di Isma\u00ebl Feroukhi<\/td><\/tr>\r\n\r\n <\/tbody> <\/table> <\/div><\/div><script type=\"text\/javascript\"> function footnote_expand_reference_container_88360_1() { jQuery('#footnote_references_container_88360_1').show(); jQuery('#footnote_reference_container_collapse_button_88360_1').text('\u2212'); } function footnote_collapse_reference_container_88360_1() { jQuery('#footnote_references_container_88360_1').hide(); jQuery('#footnote_reference_container_collapse_button_88360_1').text('+'); } function footnote_expand_collapse_reference_container_88360_1() { if (jQuery('#footnote_references_container_88360_1').is(':hidden')) { footnote_expand_reference_container_88360_1(); } else { footnote_collapse_reference_container_88360_1(); } } function footnote_moveToReference_88360_1(p_str_TargetID) { footnote_expand_reference_container_88360_1(); var l_obj_Target = jQuery('#' + p_str_TargetID); if (l_obj_Target.length) { jQuery( 'html, body' ).delay( 0 ); jQuery('html, body').animate({ scrollTop: l_obj_Target.offset().top - window.innerHeight * 0.2 }, 380); } } function footnote_moveToAnchor_88360_1(p_str_TargetID) { footnote_expand_reference_container_88360_1(); var l_obj_Target = jQuery('#' + p_str_TargetID); if (l_obj_Target.length) { jQuery( 'html, body' ).delay( 0 ); jQuery('html, body').animate({ scrollTop: l_obj_Target.offset().top - window.innerHeight * 0.2 }, 380); } }<\/script>","protected":false},"excerpt":{"rendered":"<p>Salim Halali, il cui vero nome \u00e8 Simon Halali, \u00e8 un cantante interprete di musica orientale, nato il 30 luglio 1920 ad Annaba, in Algeria. Proveniente da una famiglia ebraica<\/p>\n","protected":false},"author":1052,"featured_media":51841,"comment_status":"closed","ping_status":"closed","sticky":false,"template":"","format":"standard","meta":{"_acf_changed":false,"footnotes":""},"categories":[1416],"tags":[],"technique":[],"squelettes":[],"sujet":[],"formation":[],"genre":[],"fonds":[],"tradition":[],"type-de-contenu":[],"interprete-compositeur":[],"frise":[],"type-devenement":[],"tableaux-liens-externes":[],"class_list":["post-88360","post","type-post","status-publish","format-standard","has-post-thumbnail","hentry","category-biografie-it"],"acf":[],"yoast_head":"<!-- This site is optimized with the Yoast SEO plugin v27.3 - https:\/\/yoast.com\/product\/yoast-seo-wordpress\/ -->\n<title>Halali, Salim (1920-2005) - Institut Europ\u00e9en des Musiques Juives<\/title>\n<meta name=\"robots\" content=\"index, follow, max-snippet:-1, max-image-preview:large, max-video-preview:-1\" \/>\n<link rel=\"canonical\" href=\"https:\/\/www.iemj.org\/it\/halali-salim-1920-2005\/\" \/>\n<meta property=\"og:locale\" content=\"it_IT\" \/>\n<meta property=\"og:type\" content=\"article\" \/>\n<meta property=\"og:title\" content=\"Halali, Salim (1920-2005) - Institut Europ\u00e9en des Musiques Juives\" \/>\n<meta property=\"og:description\" content=\"Salim Halali, il cui vero nome \u00e8 Simon Halali, \u00e8 un cantante interprete di musica orientale, nato il 30 luglio 1920 ad Annaba, in Algeria. Proveniente da una famiglia ebraica\" \/>\n<meta property=\"og:url\" content=\"https:\/\/www.iemj.org\/it\/halali-salim-1920-2005\/\" \/>\n<meta property=\"og:site_name\" content=\"Institut Europ\u00e9en des Musiques Juives\" \/>\n<meta property=\"article:publisher\" content=\"https:\/\/www.facebook.com\/MusiquesJuives\/\" \/>\n<meta property=\"article:published_time\" content=\"2018-04-11T07:55:15+00:00\" \/>\n<meta property=\"article:modified_time\" content=\"2025-09-08T16:12:42+00:00\" \/>\n<meta property=\"og:image\" content=\"https:\/\/www.iemj.org\/wp-content\/uploads\/2018\/04\/arton3313-e1625041369390.jpg\" \/>\n\t<meta property=\"og:image:width\" content=\"245\" \/>\n\t<meta property=\"og:image:height\" content=\"218\" \/>\n\t<meta property=\"og:image:type\" content=\"image\/jpeg\" \/>\n<meta name=\"author\" content=\"Lea Couderc\" \/>\n<meta name=\"twitter:card\" content=\"summary_large_image\" \/>\n<meta name=\"twitter:label1\" content=\"Scritto da\" \/>\n\t<meta name=\"twitter:data1\" content=\"Lea Couderc\" \/>\n\t<meta name=\"twitter:label2\" content=\"Tempo di lettura stimato\" \/>\n\t<meta name=\"twitter:data2\" content=\"4 minuti\" \/>\n<script type=\"application\/ld+json\" class=\"yoast-schema-graph\">{\"@context\":\"https:\\\/\\\/schema.org\",\"@graph\":[{\"@type\":\"Article\",\"@id\":\"https:\\\/\\\/www.iemj.org\\\/it\\\/halali-salim-1920-2005\\\/#article\",\"isPartOf\":{\"@id\":\"https:\\\/\\\/www.iemj.org\\\/it\\\/halali-salim-1920-2005\\\/\"},\"author\":{\"name\":\"Lea Couderc\",\"@id\":\"https:\\\/\\\/www.iemj.org\\\/it\\\/#\\\/schema\\\/person\\\/e2ad57f2c4be119c7ed8ab79036807a9\"},\"headline\":\"Halali, Salim (1920-2005)\",\"datePublished\":\"2018-04-11T07:55:15+00:00\",\"dateModified\":\"2025-09-08T16:12:42+00:00\",\"mainEntityOfPage\":{\"@id\":\"https:\\\/\\\/www.iemj.org\\\/it\\\/halali-salim-1920-2005\\\/\"},\"wordCount\":531,\"publisher\":{\"@id\":\"https:\\\/\\\/www.iemj.org\\\/it\\\/#organization\"},\"image\":{\"@id\":\"https:\\\/\\\/www.iemj.org\\\/it\\\/halali-salim-1920-2005\\\/#primaryimage\"},\"thumbnailUrl\":\"https:\\\/\\\/www.iemj.org\\\/wp-content\\\/uploads\\\/2018\\\/04\\\/arton3313-e1625041369390.jpg\",\"articleSection\":[\"Biografie\"],\"inLanguage\":\"it-IT\"},{\"@type\":\"WebPage\",\"@id\":\"https:\\\/\\\/www.iemj.org\\\/it\\\/halali-salim-1920-2005\\\/\",\"url\":\"https:\\\/\\\/www.iemj.org\\\/it\\\/halali-salim-1920-2005\\\/\",\"name\":\"Halali, Salim (1920-2005) - Institut Europ\u00e9en des Musiques Juives\",\"isPartOf\":{\"@id\":\"https:\\\/\\\/www.iemj.org\\\/it\\\/#website\"},\"primaryImageOfPage\":{\"@id\":\"https:\\\/\\\/www.iemj.org\\\/it\\\/halali-salim-1920-2005\\\/#primaryimage\"},\"image\":{\"@id\":\"https:\\\/\\\/www.iemj.org\\\/it\\\/halali-salim-1920-2005\\\/#primaryimage\"},\"thumbnailUrl\":\"https:\\\/\\\/www.iemj.org\\\/wp-content\\\/uploads\\\/2018\\\/04\\\/arton3313-e1625041369390.jpg\",\"datePublished\":\"2018-04-11T07:55:15+00:00\",\"dateModified\":\"2025-09-08T16:12:42+00:00\",\"breadcrumb\":{\"@id\":\"https:\\\/\\\/www.iemj.org\\\/it\\\/halali-salim-1920-2005\\\/#breadcrumb\"},\"inLanguage\":\"it-IT\",\"potentialAction\":[{\"@type\":\"ReadAction\",\"target\":[\"https:\\\/\\\/www.iemj.org\\\/it\\\/halali-salim-1920-2005\\\/\"]}]},{\"@type\":\"ImageObject\",\"inLanguage\":\"it-IT\",\"@id\":\"https:\\\/\\\/www.iemj.org\\\/it\\\/halali-salim-1920-2005\\\/#primaryimage\",\"url\":\"https:\\\/\\\/www.iemj.org\\\/wp-content\\\/uploads\\\/2018\\\/04\\\/arton3313-e1625041369390.jpg\",\"contentUrl\":\"https:\\\/\\\/www.iemj.org\\\/wp-content\\\/uploads\\\/2018\\\/04\\\/arton3313-e1625041369390.jpg\",\"width\":245,\"height\":218},{\"@type\":\"BreadcrumbList\",\"@id\":\"https:\\\/\\\/www.iemj.org\\\/it\\\/halali-salim-1920-2005\\\/#breadcrumb\",\"itemListElement\":[{\"@type\":\"ListItem\",\"position\":1,\"name\":\"Accueil\",\"item\":\"https:\\\/\\\/www.iemj.org\\\/it\\\/\"},{\"@type\":\"ListItem\",\"position\":2,\"name\":\"Halali, Salim (1920-2005)\"}]},{\"@type\":\"WebSite\",\"@id\":\"https:\\\/\\\/www.iemj.org\\\/it\\\/#website\",\"url\":\"https:\\\/\\\/www.iemj.org\\\/it\\\/\",\"name\":\"Institut Europ\u00e9en des Musiques Juives\",\"description\":\"Des traditions musicales \u00e0 la port\u00e9e de tous\",\"publisher\":{\"@id\":\"https:\\\/\\\/www.iemj.org\\\/it\\\/#organization\"},\"potentialAction\":[{\"@type\":\"SearchAction\",\"target\":{\"@type\":\"EntryPoint\",\"urlTemplate\":\"https:\\\/\\\/www.iemj.org\\\/it\\\/?s={search_term_string}\"},\"query-input\":{\"@type\":\"PropertyValueSpecification\",\"valueRequired\":true,\"valueName\":\"search_term_string\"}}],\"inLanguage\":\"it-IT\"},{\"@type\":\"Organization\",\"@id\":\"https:\\\/\\\/www.iemj.org\\\/it\\\/#organization\",\"name\":\"Institut Europ\u00e9en des Musiques Juives\",\"url\":\"https:\\\/\\\/www.iemj.org\\\/it\\\/\",\"logo\":{\"@type\":\"ImageObject\",\"inLanguage\":\"it-IT\",\"@id\":\"https:\\\/\\\/www.iemj.org\\\/it\\\/#\\\/schema\\\/logo\\\/image\\\/\",\"url\":\"https:\\\/\\\/www.iemj.org\\\/wp-content\\\/uploads\\\/2021\\\/09\\\/Logo-IEMJ-Paypal.jpg\",\"contentUrl\":\"https:\\\/\\\/www.iemj.org\\\/wp-content\\\/uploads\\\/2021\\\/09\\\/Logo-IEMJ-Paypal.jpg\",\"width\":150,\"height\":50,\"caption\":\"Institut Europ\u00e9en des Musiques Juives\"},\"image\":{\"@id\":\"https:\\\/\\\/www.iemj.org\\\/it\\\/#\\\/schema\\\/logo\\\/image\\\/\"},\"sameAs\":[\"https:\\\/\\\/www.facebook.com\\\/MusiquesJuives\\\/\",\"https:\\\/\\\/www.instagram.com\\\/musiquesjuives\\\/\",\"https:\\\/\\\/www.youtube.com\\\/user\\\/musiquesjuives\"]},{\"@type\":\"Person\",\"@id\":\"https:\\\/\\\/www.iemj.org\\\/it\\\/#\\\/schema\\\/person\\\/e2ad57f2c4be119c7ed8ab79036807a9\",\"name\":\"Lea Couderc\",\"image\":{\"@type\":\"ImageObject\",\"inLanguage\":\"it-IT\",\"@id\":\"https:\\\/\\\/secure.gravatar.com\\\/avatar\\\/46ee021475d60aeff17a7e490b79dea5a5684bb392ab7fd1494027411df8ba23?s=96&d=mm&r=g\",\"url\":\"https:\\\/\\\/secure.gravatar.com\\\/avatar\\\/46ee021475d60aeff17a7e490b79dea5a5684bb392ab7fd1494027411df8ba23?s=96&d=mm&r=g\",\"contentUrl\":\"https:\\\/\\\/secure.gravatar.com\\\/avatar\\\/46ee021475d60aeff17a7e490b79dea5a5684bb392ab7fd1494027411df8ba23?s=96&d=mm&r=g\",\"caption\":\"Lea Couderc\"}}]}<\/script>\n<!-- \/ Yoast SEO plugin. -->","yoast_head_json":{"title":"Halali, Salim (1920-2005) - Institut Europ\u00e9en des Musiques Juives","robots":{"index":"index","follow":"follow","max-snippet":"max-snippet:-1","max-image-preview":"max-image-preview:large","max-video-preview":"max-video-preview:-1"},"canonical":"https:\/\/www.iemj.org\/it\/halali-salim-1920-2005\/","og_locale":"it_IT","og_type":"article","og_title":"Halali, Salim (1920-2005) - Institut Europ\u00e9en des Musiques Juives","og_description":"Salim Halali, il cui vero nome \u00e8 Simon Halali, \u00e8 un cantante interprete di musica orientale, nato il 30 luglio 1920 ad Annaba, in Algeria. Proveniente da una famiglia ebraica","og_url":"https:\/\/www.iemj.org\/it\/halali-salim-1920-2005\/","og_site_name":"Institut Europ\u00e9en des Musiques Juives","article_publisher":"https:\/\/www.facebook.com\/MusiquesJuives\/","article_published_time":"2018-04-11T07:55:15+00:00","article_modified_time":"2025-09-08T16:12:42+00:00","og_image":[{"width":245,"height":218,"url":"https:\/\/www.iemj.org\/wp-content\/uploads\/2018\/04\/arton3313-e1625041369390.jpg","type":"image\/jpeg"}],"author":"Lea Couderc","twitter_card":"summary_large_image","twitter_misc":{"Scritto da":"Lea Couderc","Tempo di lettura stimato":"4 minuti"},"schema":{"@context":"https:\/\/schema.org","@graph":[{"@type":"Article","@id":"https:\/\/www.iemj.org\/it\/halali-salim-1920-2005\/#article","isPartOf":{"@id":"https:\/\/www.iemj.org\/it\/halali-salim-1920-2005\/"},"author":{"name":"Lea Couderc","@id":"https:\/\/www.iemj.org\/it\/#\/schema\/person\/e2ad57f2c4be119c7ed8ab79036807a9"},"headline":"Halali, Salim (1920-2005)","datePublished":"2018-04-11T07:55:15+00:00","dateModified":"2025-09-08T16:12:42+00:00","mainEntityOfPage":{"@id":"https:\/\/www.iemj.org\/it\/halali-salim-1920-2005\/"},"wordCount":531,"publisher":{"@id":"https:\/\/www.iemj.org\/it\/#organization"},"image":{"@id":"https:\/\/www.iemj.org\/it\/halali-salim-1920-2005\/#primaryimage"},"thumbnailUrl":"https:\/\/www.iemj.org\/wp-content\/uploads\/2018\/04\/arton3313-e1625041369390.jpg","articleSection":["Biografie"],"inLanguage":"it-IT"},{"@type":"WebPage","@id":"https:\/\/www.iemj.org\/it\/halali-salim-1920-2005\/","url":"https:\/\/www.iemj.org\/it\/halali-salim-1920-2005\/","name":"Halali, Salim (1920-2005) - Institut Europ\u00e9en des Musiques Juives","isPartOf":{"@id":"https:\/\/www.iemj.org\/it\/#website"},"primaryImageOfPage":{"@id":"https:\/\/www.iemj.org\/it\/halali-salim-1920-2005\/#primaryimage"},"image":{"@id":"https:\/\/www.iemj.org\/it\/halali-salim-1920-2005\/#primaryimage"},"thumbnailUrl":"https:\/\/www.iemj.org\/wp-content\/uploads\/2018\/04\/arton3313-e1625041369390.jpg","datePublished":"2018-04-11T07:55:15+00:00","dateModified":"2025-09-08T16:12:42+00:00","breadcrumb":{"@id":"https:\/\/www.iemj.org\/it\/halali-salim-1920-2005\/#breadcrumb"},"inLanguage":"it-IT","potentialAction":[{"@type":"ReadAction","target":["https:\/\/www.iemj.org\/it\/halali-salim-1920-2005\/"]}]},{"@type":"ImageObject","inLanguage":"it-IT","@id":"https:\/\/www.iemj.org\/it\/halali-salim-1920-2005\/#primaryimage","url":"https:\/\/www.iemj.org\/wp-content\/uploads\/2018\/04\/arton3313-e1625041369390.jpg","contentUrl":"https:\/\/www.iemj.org\/wp-content\/uploads\/2018\/04\/arton3313-e1625041369390.jpg","width":245,"height":218},{"@type":"BreadcrumbList","@id":"https:\/\/www.iemj.org\/it\/halali-salim-1920-2005\/#breadcrumb","itemListElement":[{"@type":"ListItem","position":1,"name":"Accueil","item":"https:\/\/www.iemj.org\/it\/"},{"@type":"ListItem","position":2,"name":"Halali, Salim (1920-2005)"}]},{"@type":"WebSite","@id":"https:\/\/www.iemj.org\/it\/#website","url":"https:\/\/www.iemj.org\/it\/","name":"Institut Europ\u00e9en des Musiques Juives","description":"Des traditions musicales \u00e0 la port\u00e9e de tous","publisher":{"@id":"https:\/\/www.iemj.org\/it\/#organization"},"potentialAction":[{"@type":"SearchAction","target":{"@type":"EntryPoint","urlTemplate":"https:\/\/www.iemj.org\/it\/?s={search_term_string}"},"query-input":{"@type":"PropertyValueSpecification","valueRequired":true,"valueName":"search_term_string"}}],"inLanguage":"it-IT"},{"@type":"Organization","@id":"https:\/\/www.iemj.org\/it\/#organization","name":"Institut Europ\u00e9en des Musiques Juives","url":"https:\/\/www.iemj.org\/it\/","logo":{"@type":"ImageObject","inLanguage":"it-IT","@id":"https:\/\/www.iemj.org\/it\/#\/schema\/logo\/image\/","url":"https:\/\/www.iemj.org\/wp-content\/uploads\/2021\/09\/Logo-IEMJ-Paypal.jpg","contentUrl":"https:\/\/www.iemj.org\/wp-content\/uploads\/2021\/09\/Logo-IEMJ-Paypal.jpg","width":150,"height":50,"caption":"Institut Europ\u00e9en des Musiques Juives"},"image":{"@id":"https:\/\/www.iemj.org\/it\/#\/schema\/logo\/image\/"},"sameAs":["https:\/\/www.facebook.com\/MusiquesJuives\/","https:\/\/www.instagram.com\/musiquesjuives\/","https:\/\/www.youtube.com\/user\/musiquesjuives"]},{"@type":"Person","@id":"https:\/\/www.iemj.org\/it\/#\/schema\/person\/e2ad57f2c4be119c7ed8ab79036807a9","name":"Lea Couderc","image":{"@type":"ImageObject","inLanguage":"it-IT","@id":"https:\/\/secure.gravatar.com\/avatar\/46ee021475d60aeff17a7e490b79dea5a5684bb392ab7fd1494027411df8ba23?s=96&d=mm&r=g","url":"https:\/\/secure.gravatar.com\/avatar\/46ee021475d60aeff17a7e490b79dea5a5684bb392ab7fd1494027411df8ba23?s=96&d=mm&r=g","contentUrl":"https:\/\/secure.gravatar.com\/avatar\/46ee021475d60aeff17a7e490b79dea5a5684bb392ab7fd1494027411df8ba23?s=96&d=mm&r=g","caption":"Lea Couderc"}}]}},"_links":{"self":[{"href":"https:\/\/www.iemj.org\/it\/wp-json\/wp\/v2\/posts\/88360","targetHints":{"allow":["GET"]}}],"collection":[{"href":"https:\/\/www.iemj.org\/it\/wp-json\/wp\/v2\/posts"}],"about":[{"href":"https:\/\/www.iemj.org\/it\/wp-json\/wp\/v2\/types\/post"}],"author":[{"embeddable":true,"href":"https:\/\/www.iemj.org\/it\/wp-json\/wp\/v2\/users\/1052"}],"replies":[{"embeddable":true,"href":"https:\/\/www.iemj.org\/it\/wp-json\/wp\/v2\/comments?post=88360"}],"version-history":[{"count":0,"href":"https:\/\/www.iemj.org\/it\/wp-json\/wp\/v2\/posts\/88360\/revisions"}],"wp:featuredmedia":[{"embeddable":true,"href":"https:\/\/www.iemj.org\/it\/wp-json\/wp\/v2\/media\/51841"}],"wp:attachment":[{"href":"https:\/\/www.iemj.org\/it\/wp-json\/wp\/v2\/media?parent=88360"}],"wp:term":[{"taxonomy":"category","embeddable":true,"href":"https:\/\/www.iemj.org\/it\/wp-json\/wp\/v2\/categories?post=88360"},{"taxonomy":"post_tag","embeddable":true,"href":"https:\/\/www.iemj.org\/it\/wp-json\/wp\/v2\/tags?post=88360"},{"taxonomy":"technique","embeddable":true,"href":"https:\/\/www.iemj.org\/it\/wp-json\/wp\/v2\/technique?post=88360"},{"taxonomy":"squelettes","embeddable":true,"href":"https:\/\/www.iemj.org\/it\/wp-json\/wp\/v2\/squelettes?post=88360"},{"taxonomy":"sujet","embeddable":true,"href":"https:\/\/www.iemj.org\/it\/wp-json\/wp\/v2\/sujet?post=88360"},{"taxonomy":"formation","embeddable":true,"href":"https:\/\/www.iemj.org\/it\/wp-json\/wp\/v2\/formation?post=88360"},{"taxonomy":"genre","embeddable":true,"href":"https:\/\/www.iemj.org\/it\/wp-json\/wp\/v2\/genre?post=88360"},{"taxonomy":"fonds","embeddable":true,"href":"https:\/\/www.iemj.org\/it\/wp-json\/wp\/v2\/fonds?post=88360"},{"taxonomy":"tradition","embeddable":true,"href":"https:\/\/www.iemj.org\/it\/wp-json\/wp\/v2\/tradition?post=88360"},{"taxonomy":"type-de-contenu","embeddable":true,"href":"https:\/\/www.iemj.org\/it\/wp-json\/wp\/v2\/type-de-contenu?post=88360"},{"taxonomy":"interprete-compositeur","embeddable":true,"href":"https:\/\/www.iemj.org\/it\/wp-json\/wp\/v2\/interprete-compositeur?post=88360"},{"taxonomy":"frise","embeddable":true,"href":"https:\/\/www.iemj.org\/it\/wp-json\/wp\/v2\/frise?post=88360"},{"taxonomy":"type-devenement","embeddable":true,"href":"https:\/\/www.iemj.org\/it\/wp-json\/wp\/v2\/type-devenement?post=88360"},{"taxonomy":"tableaux-liens-externes","embeddable":true,"href":"https:\/\/www.iemj.org\/it\/wp-json\/wp\/v2\/tableaux-liens-externes?post=88360"}],"curies":[{"name":"wp","href":"https:\/\/api.w.org\/{rel}","templated":true}]}}