{"id":88472,"date":"2019-03-27T14:59:33","date_gmt":"2019-03-27T13:59:33","guid":{"rendered":"https:\/\/www.iemj.org\/zefira-bracha-1910-1990\/"},"modified":"2022-10-04T15:31:42","modified_gmt":"2022-10-04T13:31:42","slug":"zefira-bracha-1910-1990","status":"publish","type":"post","link":"https:\/\/www.iemj.org\/it\/zefira-bracha-1910-1990\/","title":{"rendered":"Zefira, Bracha (1910-1990)"},"content":{"rendered":"<p>Bracha Zefira nasce a Gerusalemme nel 1910. Suo padre, nativo dello Yemen, lasci\u00f2 il paese natale nel 1887 per stabilirsi nel quartiere yemenita di Nahalat Tsvi a Gerusalemme. La madre di Bracha Zefira (che si chiamava Na&#8217;ama Amrani) muore dandole la luce. Suo padre muore di tifo tre anni dopo. Orfana, Bracha vive con suo zio a Gerusalemme, ma fugge di casa all&#8217;et\u00e0 di cinque anni e viene affidata ad una famiglia adottiva nel quartiere Bukhara di Gerusalemme. Questa zona della citt\u00e0 \u00e8 abitata da immigrati provenienti da Bukhara, Tashkent, Samarcanda e Persia. Dopo tre anni, la sua famiglia adottiva lascia la citt\u00e0 e Bracha \u00e8 collocata presso una vedova nel quartiere Yemin Moshe di Gerusalemme, dove la maggior parte dei residenti sono ebrei sefarditi di Salonicco.<\/p>\n<p>Camminando da un quartiere all&#8217;altro di Gerusalemme, Bracha \u00e8 sedotta dalla musica che ascolta, che si tratti di melodie liturgiche (la sinagoga occupava allora un posto centrale nella vita delle famiglie ebraiche), di canti sefarditi o di melodie arabe. Bracha ed i suoi amici si divertono allora ad adattare testi ebraici, in particolare quelli del poeta <strong>Bialik,<\/strong> a delle melodie arabe o sefardite.<\/p>\n<p><img fetchpriority=\"high\" decoding=\"async\" class=\" alignright size-full wp-image-23214\" src=\"https:\/\/www.iemj.org\/wp-content\/uploads\/2019\/03\/brachazafira.jpg\" alt=\"brachazafira.jpg\" width=\"300\" height=\"438\" align=\"right\" srcset=\"https:\/\/www.iemj.org\/wp-content\/uploads\/2019\/03\/brachazafira.jpg 300w, https:\/\/www.iemj.org\/wp-content\/uploads\/2019\/03\/brachazafira-205x300.jpg 205w\" sizes=\"(max-width: 300px) 100vw, 300px\" \/><\/p>\n<p>Nel 1924, Bracha Zefira \u00e8 inviata nel villaggio educativo di Me&#8217;ir Shefeyah vicino a Zikhron Ya&#8217;akov, allora gestito da Moshe Calwary. La moglie di quest&#8217;ultimo, Hadassah, incoraggia i talenti musicali di Bracha e le offre di cantare <em>Zemirot Shabat<\/em> un venerd\u00ec sera, davanti a tutti gli studenti. La sua esibizione \u00e8 un vero successo che attira l&#8217;attenzione degli insegnanti ashkenaziti dell&#8217;Europa occidentale. In un articolo su Bracha Zefira, Jehoash Hirshberg insiste su questo punto descrivendo il suo ruolo ideologico. \u201c<em>Cantando le sue canzoni, Bracha Zefira ha contribuito al riconoscimento delle tradizioni di diversi gruppi etnici<\/em>\u201d.<\/p>\n<p>Questo successo spinge Bracha a proseguire gli studi musicali. Si trasferisce a Gerusalemme per studiare alla scuola Kedma, diretta all&#8217;epoca da Sidney Siel. Dopo diversi mesi, lascia la scuola, mentre i suoi insegnanti le consigliano di studiare recitazione. Si trasferisce a Tel Aviv e integra il Teatro Palestine, fondato da Menehem Gnessin. Il teatro chiude lo stesso anno 1927, e Bracha entra a far parte del teatro satirico Hakumkum, dove rester\u00e0 fino al 1929. Allo stesso tempo, si esibisce come cantante solista e maestro di coro in diverse occasioni. Il regista russo Alexander Diki, dopo averla vista in uno degli spettacoli di Hakumkum, le consiglia di continuare i suoi studi a Berlino. Imparer\u00e0, con l&#8217;aiuto di Meir Dizzengof, recitazione e la musica nello studio di Max Reinhardt.<\/p>\n<p><strong>Bracha Zefira e Nahum Nardi<\/strong><\/p>\n<p>\u00c8 a Berlino, nel 1929, che Zefira fa\u2019 senza dubbio l&#8217;incontro pi\u00f9 importante della sua carriera musicale, con il pianista e compositore <strong><a href=\"https:\/\/www.iemj.org\/nardi-nahum-1901-1977\/\" target=\"_blank\" rel=\"noopener\">Nahum Nardi<\/a><\/strong>. Bracha Zefira racconta il loro incontro: \u201cLa sera stessa&#8230; l&#8217;ho pregato di sedersi al pianoforte e di suonare le canzoni che gli stavo cantando, e di improvvisare un accompagnamento. Ho cantato &#8220;<em>Yesh Li Gan<\/em>&#8221; e &#8220;<em>Bein Nahar Prat<\/em>&#8221; di Bialik, dei <em>piyyutim <\/em>sefarditi &#8230; ed altre canzoni che avevo l\u2019abitudine di cantare da Shefeyah. Imparava rapidamente, aveva un orecchio eccellente, un tocco delicato al pianoforte e conosceva le parole in ebraico. Il suo modo di suonare e le sue semplici armonie mi elettrizzavano, sentivo che la canzone prendeva una svolta totalmente nuova&#8230;&#8221;<\/p>\n<p>Nello stesso anno, Bracha Zefira e Nahum Nardi iniziano una serie di concerti in Germania e in altri paesi europei. Bracha interrompe la sua carriera di attrice per dedicarsi completamente al canto. Il programma del concerto include canzoni di diversi gruppi etnici che Bracha conosce fin dall\u2019infanzia, in particolare delle canzoni sefardite, yemenite, persiane e di Bukhara, oltre a canzoni beduine e arabo-palestinesi. Vi incorpora gesti teatrali ed il tutto \u00e8 accolto molto bene dalla critica. Il duo suona davanti a personalit\u00e0 importanti, come Albert Einstein od il regista russo Sergei Eisenstein.<\/p>\n<p><img decoding=\"async\" class=\" alignright size-full wp-image-23216\" src=\"https:\/\/www.iemj.org\/wp-content\/uploads\/2019\/03\/d78-25_490_vig.jpg\" alt=\"d78-25_490_vig.jpg\" width=\"400\" height=\"376\" align=\"right\" srcset=\"https:\/\/www.iemj.org\/wp-content\/uploads\/2019\/03\/d78-25_490_vig.jpg 400w, https:\/\/www.iemj.org\/wp-content\/uploads\/2019\/03\/d78-25_490_vig-300x282.jpg 300w\" sizes=\"(max-width: 400px) 100vw, 400px\" \/><\/p>\n<p>Nel 1930, Bracha Zefira e Nahum Nardi tornano in Palestina e si producono in spettacoli di successo, spettacoli che includono canzoni delle comunit\u00e0 orientali che Bracha Zefira canta spesso nella loro lingua originale; dei canti arabi e beduini, arrangiati da Nardi e cantati con parole ebraiche; e, infine, composizioni di Nardi, ed in particolar modo canzoni per bambini.<\/p>\n<p>Per trovare un repertorio, Bracha torna nei quartieri nei quali \u00e8 cresciuta. Chiede alle donne anziane di cantarle le loro canzoni e partecipa alle feste locali. \u00c8 anche aiutata da esperti come Yehiel Adaki che le insegna delle canzoni della tradizione yemenita e Yitzhak Eliyahu Navon, che le trasmette i suoi canti del repertorio sefardita. Secondo Emanuel Yerimi, il loro successo in Palestina \u00e8 dovuto anche alla forte richiesta di canti ebraici, mentre il numero di artisti che lavorano in questo campo \u00e8 relativamente ristretto.<\/p>\n<p>Dopo due anni di collaborazione, Zefira e Nardi si sposano e danno alla luce nel 1931 una figlia, Na&#8217;ama, che diventer\u00e0 cantante lirica. Il duo continua a sviluppare il proprio repertorio, aggiungendovi canzoni egiziane, etiopiche, turche, dei negro-spirituals degli Stati Uniti ed altro ancora. Nel 1931 partono in tourn\u00e9e ad Alessandria ed al Cairo. Acclamati dalla critica, vi tornano di nuovo nel 1936. Una delle loro pi\u00f9 importanti realizzazioni \u00e8 la prima trasmissione radiofonica in ebraico del <em>Palestine Broadcasting Service<\/em> nel 1936. Un anno dopo iniziano una tourn\u00e9e negli Stati Uniti, dove registrano tre album per la <em>Columbia Records<\/em>, che, secondo Natan Shahar, \u201cserviranno da biglietto da visita per la moda nascente del canto ebraico in Palestina\u201d.<\/p>\n<p><img decoding=\"async\" class=\" alignleft size-full wp-image-23218\" src=\"https:\/\/www.iemj.org\/wp-content\/uploads\/2019\/03\/800px-pikiwiki_israel_4578_gan-shmuel_sk5-_16.jpg\" alt=\"800px-pikiwiki_israel_4578_gan-shmuel_sk5-_16.jpg\" width=\"300\" height=\"387\" align=\"left\" srcset=\"https:\/\/www.iemj.org\/wp-content\/uploads\/2019\/03\/800px-pikiwiki_israel_4578_gan-shmuel_sk5-_16.jpg 300w, https:\/\/www.iemj.org\/wp-content\/uploads\/2019\/03\/800px-pikiwiki_israel_4578_gan-shmuel_sk5-_16-233x300.jpg 233w\" sizes=\"(max-width: 300px) 100vw, 300px\" \/>Qualche tempo dopo, Zefira e Nardi entrano in conflitto quando quest&#8217;ultimo si rifiuta di includere brani di altri compositori nei loro programmi di concerti, mentre Zefira vuole includervi brani di Admon, Amiran e Shelem. Divorziano nel 1939, ma continuano a suonare insieme fino al mese di luglio dello stesso anno, a seguito di impegni gi\u00e0 presi.<\/p>\n<p>Dopo la loro separazione, Zefira si volge verso altri compositori e arrangiatori: Paul Ben-Haim (che spesso l&#8217;accompagna al pianoforte) si interessa alle canzoni sefardite; \u00d6d\u00f6n P\u00e1rtos alle canzoni yemenite; Marc Lavry preferisce le canzoni con uno stile pi\u00f9 leggero e ballabile. Zefira collabora anche con altri compositori, come Boskovich, Mahler Kelkshtein, Noam Sheriff, Hanoch Ya&#8217;akovi e Ben-Zion Orgad.<\/p>\n<p>Per continuare ad esibirsi sulle stesse grandi scene in Israele, Zefira deve arricchire regolarmente il proprio repertorio. Raccoglie continuamente nuove canzoni tradizionali in Palestina. Sebbene sappia leggere la musica, non la sa scrivere. Cerca quindi di convincere i compositori ad accompagnarla sul terreno per ascoltare le musiche etniche originali. Ma questi ultimi preferiscono che Zefira li interpreti per loro.<\/p>\n<p>Uno dei momenti salienti della carriera di Zefira \u00e8 il concerto dell\u2019Orchestra Sinfonica della Palestina (pi\u00f9 tardi l\u2019Orchestra filarmonica d\u2019Israele) nel 1939, diretta da Marc Lavry, dove interpreta delle canzoni di Nardi, Ben-Haim e Lavry. La critica locale all&#8217;epoca denigra questa musica orchestrale di origine orientale. I dibattiti e le discussioni su questo argomento infuriano negli anni seguenti, ma alla fine l&#8217;atmosfera si calma e questo nuovo stile trova il suo pubblico. Nel 1939 Zefira cambia la forma del suo consueto accompagnamento musicale. Crea un ensemble strumentale composto da membri dell\u2019Orchestra sinfonica della Palestina, che l&#8217;accompagna in numerosi concerti. Zefira continuer\u00e0 tuttavia a cantare, accompagnata al pianoforte il pi\u00f9 delle volte da Paul Ben-Haim.<\/p>\n<p>Nel 1940 Zefira incontra Ben-Ami Zilber, violinista dell\u2019Orchestra sinfonica della Palestina. Si sposano e danno alla luce nel 1943 Ariel Zilber, che sarebbe diventato una figura importante della scena rock israeliana negli anni 70. Dopo un anno di pausa dovuta alla nascita di Ariel, Zefira riprende i suoi numerosi concerti fino al 1947. Nel 1948, gira per l&#8217;Europa e gli Stati Uniti per due anni e mezzo, suonando in particolare nei campi profughi in Germania. Durante uno spettacolo a New York, incontra il poeta egiziano Dr. Ahmad Zaki. Quest&#8217;ultimo le dedicher\u00e0 un articolo elogiativo su di un giornale arabo, evento insolito visti i difficili rapporti tra Israele e l&#8217;Egitto in quel momento.<\/p>\n<p>Negli anni &#8217;50, l&#8217;interesse del pubblico per Zefira diminuisce. La sua predilezione per la musica erudita, a scapito della canzone popolare israeliana, \u00e8 accolta piuttosto freddamente dal pubblico. Mentre alcuni sono impressionati dai suoi sforzi per &#8220;elevare&#8221; le melodie tradizionali al livello di &#8220;musica seria&#8221;, altri sono tristi nel vederla lasciare il regno del canto tradizionale che indubbiamente le si addiceva in modo pi\u00f9 naturale.<\/p>\n<p>Riparte allora per suonare all&#8217;estero, per poi tornare in Israele nel 1957 e prodursi occasionalmente in locali pi\u00f9 piccoli. Studia anche disegno in Israele e pi\u00f9 tardi a Parigi. Durante gli anni &#8217;60, continua a esibirsi occasionalmente. Nel 1966 riceve il Premio Engel per \u201cl&#8217;integrazione della melodia orientale nella musica israeliana, sinfonica e folk, attraverso 30 anni di esibizioni in Israele ed all&#8217;estero\u201d. Si produce in scena per il suo ultimo spettacolo a met\u00e0 degli anni &#8217;70 al Museo di Tel Aviv.<\/p>\n<p><img loading=\"lazy\" decoding=\"async\" class=\" alignright size-full wp-image-23220\" src=\"https:\/\/www.iemj.org\/wp-content\/uploads\/2019\/03\/d33-30_450_vig.jpg\" alt=\"d33-30_450_vig.jpg\" width=\"400\" height=\"416\" align=\"right\" srcset=\"https:\/\/www.iemj.org\/wp-content\/uploads\/2019\/03\/d33-30_450_vig.jpg 400w, https:\/\/www.iemj.org\/wp-content\/uploads\/2019\/03\/d33-30_450_vig-288x300.jpg 288w\" sizes=\"(max-width: 400px) 100vw, 400px\" \/><\/p>\n<p>Suo marito Ben Ami Zilber muore nel 1984, seguito da sua figlia nel 1989. Zefira ne \u00e8 profondamente colpita e muore nel 1990. La sua morte non \u00e8 menzionata dalla stampa o dalla radio. Solo pochi giornali del fine settimana la menzionano. La citt\u00e0 di Gerusalemme le intitola per\u00f2 una strada.<\/p>\n<p>Nonostante il suo successo in Palestina, Zefira ha sofferto del razzismo. Alla sua prima esibizione a Tel Aviv, che avrebbe dovuto svolgersi nella sala Ohel Shem, la direzione si rifiuta di lasciarla suonare a causa delle sue origini yemenite. Ma, sostenuta dal pubblico, Zefira \u00e8 finalmente autorizzata a prodursi.<\/p>\n<p>Un altro incidente, estraneo alla sua appartenenza etnica, ma piuttosto legato alle ragioni ideologiche di promozione della lingua ebraica, avvenne nel 1939 quando il Consiglio di Tel Aviv annulla il suo concerto all&#8217;Ohel Shem, perch\u00e9 contiene canzoni in lingue diverse dell&#8217;ebraico.<\/p>\n<p><strong>Il repertorio di Zefira comprende oltre 400 canzoni.<\/strong><\/p>\n<p>Le sue canzoni basate su melodie arabe o beduine includono titoli arrangiati da Nardi, come <em>Ben Nahar Prat, Yesh Li Gan, Lamidbar, Aley Giv&#8217;a<\/em>. Ha anche cantato <em>piyyutim<\/em> degli ebrei yemeniti e sefarditi su nuovi testi, come <em>S&#8217;I Yona<\/em> e <em>Hamavdil<\/em>. Per le romanze sefardite, Bracha Zefira ha tradotto i testi in ebraico o li ha sostituiti con testi originali, come quelli di Yehuda Karni nella canzone <em>Hitrag&#8217;ot<\/em>.<\/p>\n<p>Grazie a Zefira, le melodie di varie comunit\u00e0 sono state trasformate in canzoni ebraiche, come <em>Ets Harimon<\/em>, originaria di Bukhara, o <em>Mahol Parsi<\/em> della Persia. Inoltre, Zefira ha cantato canzoni popolari nelle loro lingue originali, cos\u00ec come canzoni in ebraico di vari compositori israeliani contemporanei.<\/p>\n<p>Infine, Zefira \u00e8 stata iniziatrice nell\u2019 incrociare la musica orientale con la tecnica vocale europea. I suoi discepoli furono in particolare Naomi Tsuri e Hanna Ahroni.<\/p>\n<p>Articolo tradotto dall&#8217;inglese e rielaborato partendo dalla <a href=\"https:\/\/www.jewish-music.huji.ac.il\/content\/brakha-tzefira\">biografia di Bracha Zefira, Jewish Music Research Centre<\/a>, 2018.<\/p>\n<p><a href=\"https:\/\/www.iemj.org\/it\/les-plus-belles-chansons-de-bracha-zefira-1910-1990\/\" target=\"_blank\" rel=\"noopener\">Ascoltare la playlist dedicata a Bracha Zefira<\/a><br \/>\n<a href=\"https:\/\/www.iemj.org\/it\/nardi-nahum-1901-1977\/\" target=\"_blank\" rel=\"noopener\">Leggere la biografia di Nahum Nardi<\/a><\/p>\n","protected":false},"excerpt":{"rendered":"<p>Bracha Zefira nasce a Gerusalemme nel 1910. Suo padre, nativo dello Yemen, lasci\u00f2 il paese natale nel 1887 per stabilirsi nel quartiere yemenita di Nahalat Tsvi a Gerusalemme. La madre<\/p>\n","protected":false},"author":1048,"featured_media":53625,"comment_status":"closed","ping_status":"open","sticky":false,"template":"","format":"standard","meta":{"_acf_changed":false,"footnotes":""},"categories":[1416],"tags":[],"technique":[],"squelettes":[],"sujet":[2136],"formation":[],"genre":[1674],"fonds":[],"tradition":[],"type-de-contenu":[],"interprete-compositeur":[],"frise":[],"type-devenement":[],"tableaux-liens-externes":[],"class_list":["post-88472","post","type-post","status-publish","format-standard","has-post-thumbnail","hentry","category-biografie-it","sujet-yemen-it","genre-canzone-israeliena-it"],"acf":[],"yoast_head":"<!-- This site is optimized with the Yoast SEO plugin v27.3 - https:\/\/yoast.com\/product\/yoast-seo-wordpress\/ -->\n<title>Zefira, Bracha (1910-1990) - Institut Europ\u00e9en des Musiques Juives<\/title>\n<meta name=\"robots\" content=\"index, follow, max-snippet:-1, max-image-preview:large, max-video-preview:-1\" \/>\n<link rel=\"canonical\" href=\"https:\/\/www.iemj.org\/it\/zefira-bracha-1910-1990\/\" \/>\n<meta property=\"og:locale\" content=\"it_IT\" \/>\n<meta property=\"og:type\" content=\"article\" \/>\n<meta property=\"og:title\" content=\"Zefira, Bracha (1910-1990) - Institut Europ\u00e9en des Musiques Juives\" \/>\n<meta property=\"og:description\" content=\"Bracha Zefira nasce a Gerusalemme nel 1910. Suo padre, nativo dello Yemen, lasci\u00f2 il paese natale nel 1887 per stabilirsi nel quartiere yemenita di Nahalat Tsvi a Gerusalemme. La madre\" \/>\n<meta property=\"og:url\" content=\"https:\/\/www.iemj.org\/it\/zefira-bracha-1910-1990\/\" \/>\n<meta property=\"og:site_name\" content=\"Institut Europ\u00e9en des Musiques Juives\" \/>\n<meta property=\"article:publisher\" content=\"https:\/\/www.facebook.com\/MusiquesJuives\/\" \/>\n<meta property=\"article:published_time\" content=\"2019-03-27T13:59:33+00:00\" \/>\n<meta property=\"article:modified_time\" content=\"2022-10-04T13:31:42+00:00\" \/>\n<meta property=\"og:image\" content=\"https:\/\/www.iemj.org\/wp-content\/uploads\/2019\/03\/arton4034-e1625477802905.jpg\" \/>\n\t<meta property=\"og:image:width\" content=\"161\" \/>\n\t<meta property=\"og:image:height\" content=\"218\" \/>\n\t<meta property=\"og:image:type\" content=\"image\/jpeg\" \/>\n<meta name=\"author\" content=\"Jean-Gabriel Davis\" \/>\n<meta name=\"twitter:card\" content=\"summary_large_image\" \/>\n<meta name=\"twitter:label1\" content=\"Scritto da\" \/>\n\t<meta name=\"twitter:data1\" content=\"Jean-Gabriel Davis\" \/>\n\t<meta name=\"twitter:label2\" content=\"Tempo di lettura stimato\" \/>\n\t<meta name=\"twitter:data2\" content=\"10 minuti\" \/>\n<script type=\"application\/ld+json\" class=\"yoast-schema-graph\">{\"@context\":\"https:\\\/\\\/schema.org\",\"@graph\":[{\"@type\":\"Article\",\"@id\":\"https:\\\/\\\/www.iemj.org\\\/it\\\/zefira-bracha-1910-1990\\\/#article\",\"isPartOf\":{\"@id\":\"https:\\\/\\\/www.iemj.org\\\/it\\\/zefira-bracha-1910-1990\\\/\"},\"author\":{\"name\":\"Jean-Gabriel Davis\",\"@id\":\"https:\\\/\\\/www.iemj.org\\\/it\\\/#\\\/schema\\\/person\\\/c9bc1c386a3749579a2d675e72a18666\"},\"headline\":\"Zefira, Bracha (1910-1990)\",\"datePublished\":\"2019-03-27T13:59:33+00:00\",\"dateModified\":\"2022-10-04T13:31:42+00:00\",\"mainEntityOfPage\":{\"@id\":\"https:\\\/\\\/www.iemj.org\\\/it\\\/zefira-bracha-1910-1990\\\/\"},\"wordCount\":1744,\"publisher\":{\"@id\":\"https:\\\/\\\/www.iemj.org\\\/it\\\/#organization\"},\"image\":{\"@id\":\"https:\\\/\\\/www.iemj.org\\\/it\\\/zefira-bracha-1910-1990\\\/#primaryimage\"},\"thumbnailUrl\":\"https:\\\/\\\/www.iemj.org\\\/wp-content\\\/uploads\\\/2019\\\/03\\\/arton4034-e1625477802905.jpg\",\"articleSection\":[\"Biografie\"],\"inLanguage\":\"it-IT\"},{\"@type\":\"WebPage\",\"@id\":\"https:\\\/\\\/www.iemj.org\\\/it\\\/zefira-bracha-1910-1990\\\/\",\"url\":\"https:\\\/\\\/www.iemj.org\\\/it\\\/zefira-bracha-1910-1990\\\/\",\"name\":\"Zefira, Bracha (1910-1990) - Institut Europ\u00e9en des Musiques Juives\",\"isPartOf\":{\"@id\":\"https:\\\/\\\/www.iemj.org\\\/it\\\/#website\"},\"primaryImageOfPage\":{\"@id\":\"https:\\\/\\\/www.iemj.org\\\/it\\\/zefira-bracha-1910-1990\\\/#primaryimage\"},\"image\":{\"@id\":\"https:\\\/\\\/www.iemj.org\\\/it\\\/zefira-bracha-1910-1990\\\/#primaryimage\"},\"thumbnailUrl\":\"https:\\\/\\\/www.iemj.org\\\/wp-content\\\/uploads\\\/2019\\\/03\\\/arton4034-e1625477802905.jpg\",\"datePublished\":\"2019-03-27T13:59:33+00:00\",\"dateModified\":\"2022-10-04T13:31:42+00:00\",\"breadcrumb\":{\"@id\":\"https:\\\/\\\/www.iemj.org\\\/it\\\/zefira-bracha-1910-1990\\\/#breadcrumb\"},\"inLanguage\":\"it-IT\",\"potentialAction\":[{\"@type\":\"ReadAction\",\"target\":[\"https:\\\/\\\/www.iemj.org\\\/it\\\/zefira-bracha-1910-1990\\\/\"]}]},{\"@type\":\"ImageObject\",\"inLanguage\":\"it-IT\",\"@id\":\"https:\\\/\\\/www.iemj.org\\\/it\\\/zefira-bracha-1910-1990\\\/#primaryimage\",\"url\":\"https:\\\/\\\/www.iemj.org\\\/wp-content\\\/uploads\\\/2019\\\/03\\\/arton4034-e1625477802905.jpg\",\"contentUrl\":\"https:\\\/\\\/www.iemj.org\\\/wp-content\\\/uploads\\\/2019\\\/03\\\/arton4034-e1625477802905.jpg\",\"width\":161,\"height\":218},{\"@type\":\"BreadcrumbList\",\"@id\":\"https:\\\/\\\/www.iemj.org\\\/it\\\/zefira-bracha-1910-1990\\\/#breadcrumb\",\"itemListElement\":[{\"@type\":\"ListItem\",\"position\":1,\"name\":\"Accueil\",\"item\":\"https:\\\/\\\/www.iemj.org\\\/it\\\/\"},{\"@type\":\"ListItem\",\"position\":2,\"name\":\"Zefira, Bracha (1910-1990)\"}]},{\"@type\":\"WebSite\",\"@id\":\"https:\\\/\\\/www.iemj.org\\\/it\\\/#website\",\"url\":\"https:\\\/\\\/www.iemj.org\\\/it\\\/\",\"name\":\"Institut Europ\u00e9en des Musiques Juives\",\"description\":\"Des traditions musicales \u00e0 la port\u00e9e de tous\",\"publisher\":{\"@id\":\"https:\\\/\\\/www.iemj.org\\\/it\\\/#organization\"},\"potentialAction\":[{\"@type\":\"SearchAction\",\"target\":{\"@type\":\"EntryPoint\",\"urlTemplate\":\"https:\\\/\\\/www.iemj.org\\\/it\\\/?s={search_term_string}\"},\"query-input\":{\"@type\":\"PropertyValueSpecification\",\"valueRequired\":true,\"valueName\":\"search_term_string\"}}],\"inLanguage\":\"it-IT\"},{\"@type\":\"Organization\",\"@id\":\"https:\\\/\\\/www.iemj.org\\\/it\\\/#organization\",\"name\":\"Institut Europ\u00e9en des Musiques Juives\",\"url\":\"https:\\\/\\\/www.iemj.org\\\/it\\\/\",\"logo\":{\"@type\":\"ImageObject\",\"inLanguage\":\"it-IT\",\"@id\":\"https:\\\/\\\/www.iemj.org\\\/it\\\/#\\\/schema\\\/logo\\\/image\\\/\",\"url\":\"https:\\\/\\\/www.iemj.org\\\/wp-content\\\/uploads\\\/2021\\\/09\\\/Logo-IEMJ-Paypal.jpg\",\"contentUrl\":\"https:\\\/\\\/www.iemj.org\\\/wp-content\\\/uploads\\\/2021\\\/09\\\/Logo-IEMJ-Paypal.jpg\",\"width\":150,\"height\":50,\"caption\":\"Institut Europ\u00e9en des Musiques Juives\"},\"image\":{\"@id\":\"https:\\\/\\\/www.iemj.org\\\/it\\\/#\\\/schema\\\/logo\\\/image\\\/\"},\"sameAs\":[\"https:\\\/\\\/www.facebook.com\\\/MusiquesJuives\\\/\",\"https:\\\/\\\/www.instagram.com\\\/musiquesjuives\\\/\",\"https:\\\/\\\/www.youtube.com\\\/user\\\/musiquesjuives\"]},{\"@type\":\"Person\",\"@id\":\"https:\\\/\\\/www.iemj.org\\\/it\\\/#\\\/schema\\\/person\\\/c9bc1c386a3749579a2d675e72a18666\",\"name\":\"Jean-Gabriel Davis\",\"image\":{\"@type\":\"ImageObject\",\"inLanguage\":\"it-IT\",\"@id\":\"https:\\\/\\\/secure.gravatar.com\\\/avatar\\\/2b90d67bdf392c9b3a21fab87c0fa7edaf1fb3a058172a1ffd61033fcec7aec1?s=96&d=mm&r=g\",\"url\":\"https:\\\/\\\/secure.gravatar.com\\\/avatar\\\/2b90d67bdf392c9b3a21fab87c0fa7edaf1fb3a058172a1ffd61033fcec7aec1?s=96&d=mm&r=g\",\"contentUrl\":\"https:\\\/\\\/secure.gravatar.com\\\/avatar\\\/2b90d67bdf392c9b3a21fab87c0fa7edaf1fb3a058172a1ffd61033fcec7aec1?s=96&d=mm&r=g\",\"caption\":\"Jean-Gabriel Davis\"}}]}<\/script>\n<!-- \/ Yoast SEO plugin. -->","yoast_head_json":{"title":"Zefira, Bracha (1910-1990) - Institut Europ\u00e9en des Musiques Juives","robots":{"index":"index","follow":"follow","max-snippet":"max-snippet:-1","max-image-preview":"max-image-preview:large","max-video-preview":"max-video-preview:-1"},"canonical":"https:\/\/www.iemj.org\/it\/zefira-bracha-1910-1990\/","og_locale":"it_IT","og_type":"article","og_title":"Zefira, Bracha (1910-1990) - Institut Europ\u00e9en des Musiques Juives","og_description":"Bracha Zefira nasce a Gerusalemme nel 1910. Suo padre, nativo dello Yemen, lasci\u00f2 il paese natale nel 1887 per stabilirsi nel quartiere yemenita di Nahalat Tsvi a Gerusalemme. La madre","og_url":"https:\/\/www.iemj.org\/it\/zefira-bracha-1910-1990\/","og_site_name":"Institut Europ\u00e9en des Musiques Juives","article_publisher":"https:\/\/www.facebook.com\/MusiquesJuives\/","article_published_time":"2019-03-27T13:59:33+00:00","article_modified_time":"2022-10-04T13:31:42+00:00","og_image":[{"width":161,"height":218,"url":"https:\/\/www.iemj.org\/wp-content\/uploads\/2019\/03\/arton4034-e1625477802905.jpg","type":"image\/jpeg"}],"author":"Jean-Gabriel Davis","twitter_card":"summary_large_image","twitter_misc":{"Scritto da":"Jean-Gabriel Davis","Tempo di lettura stimato":"10 minuti"},"schema":{"@context":"https:\/\/schema.org","@graph":[{"@type":"Article","@id":"https:\/\/www.iemj.org\/it\/zefira-bracha-1910-1990\/#article","isPartOf":{"@id":"https:\/\/www.iemj.org\/it\/zefira-bracha-1910-1990\/"},"author":{"name":"Jean-Gabriel Davis","@id":"https:\/\/www.iemj.org\/it\/#\/schema\/person\/c9bc1c386a3749579a2d675e72a18666"},"headline":"Zefira, Bracha (1910-1990)","datePublished":"2019-03-27T13:59:33+00:00","dateModified":"2022-10-04T13:31:42+00:00","mainEntityOfPage":{"@id":"https:\/\/www.iemj.org\/it\/zefira-bracha-1910-1990\/"},"wordCount":1744,"publisher":{"@id":"https:\/\/www.iemj.org\/it\/#organization"},"image":{"@id":"https:\/\/www.iemj.org\/it\/zefira-bracha-1910-1990\/#primaryimage"},"thumbnailUrl":"https:\/\/www.iemj.org\/wp-content\/uploads\/2019\/03\/arton4034-e1625477802905.jpg","articleSection":["Biografie"],"inLanguage":"it-IT"},{"@type":"WebPage","@id":"https:\/\/www.iemj.org\/it\/zefira-bracha-1910-1990\/","url":"https:\/\/www.iemj.org\/it\/zefira-bracha-1910-1990\/","name":"Zefira, Bracha (1910-1990) - Institut Europ\u00e9en des Musiques Juives","isPartOf":{"@id":"https:\/\/www.iemj.org\/it\/#website"},"primaryImageOfPage":{"@id":"https:\/\/www.iemj.org\/it\/zefira-bracha-1910-1990\/#primaryimage"},"image":{"@id":"https:\/\/www.iemj.org\/it\/zefira-bracha-1910-1990\/#primaryimage"},"thumbnailUrl":"https:\/\/www.iemj.org\/wp-content\/uploads\/2019\/03\/arton4034-e1625477802905.jpg","datePublished":"2019-03-27T13:59:33+00:00","dateModified":"2022-10-04T13:31:42+00:00","breadcrumb":{"@id":"https:\/\/www.iemj.org\/it\/zefira-bracha-1910-1990\/#breadcrumb"},"inLanguage":"it-IT","potentialAction":[{"@type":"ReadAction","target":["https:\/\/www.iemj.org\/it\/zefira-bracha-1910-1990\/"]}]},{"@type":"ImageObject","inLanguage":"it-IT","@id":"https:\/\/www.iemj.org\/it\/zefira-bracha-1910-1990\/#primaryimage","url":"https:\/\/www.iemj.org\/wp-content\/uploads\/2019\/03\/arton4034-e1625477802905.jpg","contentUrl":"https:\/\/www.iemj.org\/wp-content\/uploads\/2019\/03\/arton4034-e1625477802905.jpg","width":161,"height":218},{"@type":"BreadcrumbList","@id":"https:\/\/www.iemj.org\/it\/zefira-bracha-1910-1990\/#breadcrumb","itemListElement":[{"@type":"ListItem","position":1,"name":"Accueil","item":"https:\/\/www.iemj.org\/it\/"},{"@type":"ListItem","position":2,"name":"Zefira, Bracha (1910-1990)"}]},{"@type":"WebSite","@id":"https:\/\/www.iemj.org\/it\/#website","url":"https:\/\/www.iemj.org\/it\/","name":"Institut Europ\u00e9en des Musiques Juives","description":"Des traditions musicales \u00e0 la port\u00e9e de tous","publisher":{"@id":"https:\/\/www.iemj.org\/it\/#organization"},"potentialAction":[{"@type":"SearchAction","target":{"@type":"EntryPoint","urlTemplate":"https:\/\/www.iemj.org\/it\/?s={search_term_string}"},"query-input":{"@type":"PropertyValueSpecification","valueRequired":true,"valueName":"search_term_string"}}],"inLanguage":"it-IT"},{"@type":"Organization","@id":"https:\/\/www.iemj.org\/it\/#organization","name":"Institut Europ\u00e9en des Musiques Juives","url":"https:\/\/www.iemj.org\/it\/","logo":{"@type":"ImageObject","inLanguage":"it-IT","@id":"https:\/\/www.iemj.org\/it\/#\/schema\/logo\/image\/","url":"https:\/\/www.iemj.org\/wp-content\/uploads\/2021\/09\/Logo-IEMJ-Paypal.jpg","contentUrl":"https:\/\/www.iemj.org\/wp-content\/uploads\/2021\/09\/Logo-IEMJ-Paypal.jpg","width":150,"height":50,"caption":"Institut Europ\u00e9en des Musiques Juives"},"image":{"@id":"https:\/\/www.iemj.org\/it\/#\/schema\/logo\/image\/"},"sameAs":["https:\/\/www.facebook.com\/MusiquesJuives\/","https:\/\/www.instagram.com\/musiquesjuives\/","https:\/\/www.youtube.com\/user\/musiquesjuives"]},{"@type":"Person","@id":"https:\/\/www.iemj.org\/it\/#\/schema\/person\/c9bc1c386a3749579a2d675e72a18666","name":"Jean-Gabriel Davis","image":{"@type":"ImageObject","inLanguage":"it-IT","@id":"https:\/\/secure.gravatar.com\/avatar\/2b90d67bdf392c9b3a21fab87c0fa7edaf1fb3a058172a1ffd61033fcec7aec1?s=96&d=mm&r=g","url":"https:\/\/secure.gravatar.com\/avatar\/2b90d67bdf392c9b3a21fab87c0fa7edaf1fb3a058172a1ffd61033fcec7aec1?s=96&d=mm&r=g","contentUrl":"https:\/\/secure.gravatar.com\/avatar\/2b90d67bdf392c9b3a21fab87c0fa7edaf1fb3a058172a1ffd61033fcec7aec1?s=96&d=mm&r=g","caption":"Jean-Gabriel Davis"}}]}},"_links":{"self":[{"href":"https:\/\/www.iemj.org\/it\/wp-json\/wp\/v2\/posts\/88472","targetHints":{"allow":["GET"]}}],"collection":[{"href":"https:\/\/www.iemj.org\/it\/wp-json\/wp\/v2\/posts"}],"about":[{"href":"https:\/\/www.iemj.org\/it\/wp-json\/wp\/v2\/types\/post"}],"author":[{"embeddable":true,"href":"https:\/\/www.iemj.org\/it\/wp-json\/wp\/v2\/users\/1048"}],"replies":[{"embeddable":true,"href":"https:\/\/www.iemj.org\/it\/wp-json\/wp\/v2\/comments?post=88472"}],"version-history":[{"count":0,"href":"https:\/\/www.iemj.org\/it\/wp-json\/wp\/v2\/posts\/88472\/revisions"}],"wp:featuredmedia":[{"embeddable":true,"href":"https:\/\/www.iemj.org\/it\/wp-json\/wp\/v2\/media\/53625"}],"wp:attachment":[{"href":"https:\/\/www.iemj.org\/it\/wp-json\/wp\/v2\/media?parent=88472"}],"wp:term":[{"taxonomy":"category","embeddable":true,"href":"https:\/\/www.iemj.org\/it\/wp-json\/wp\/v2\/categories?post=88472"},{"taxonomy":"post_tag","embeddable":true,"href":"https:\/\/www.iemj.org\/it\/wp-json\/wp\/v2\/tags?post=88472"},{"taxonomy":"technique","embeddable":true,"href":"https:\/\/www.iemj.org\/it\/wp-json\/wp\/v2\/technique?post=88472"},{"taxonomy":"squelettes","embeddable":true,"href":"https:\/\/www.iemj.org\/it\/wp-json\/wp\/v2\/squelettes?post=88472"},{"taxonomy":"sujet","embeddable":true,"href":"https:\/\/www.iemj.org\/it\/wp-json\/wp\/v2\/sujet?post=88472"},{"taxonomy":"formation","embeddable":true,"href":"https:\/\/www.iemj.org\/it\/wp-json\/wp\/v2\/formation?post=88472"},{"taxonomy":"genre","embeddable":true,"href":"https:\/\/www.iemj.org\/it\/wp-json\/wp\/v2\/genre?post=88472"},{"taxonomy":"fonds","embeddable":true,"href":"https:\/\/www.iemj.org\/it\/wp-json\/wp\/v2\/fonds?post=88472"},{"taxonomy":"tradition","embeddable":true,"href":"https:\/\/www.iemj.org\/it\/wp-json\/wp\/v2\/tradition?post=88472"},{"taxonomy":"type-de-contenu","embeddable":true,"href":"https:\/\/www.iemj.org\/it\/wp-json\/wp\/v2\/type-de-contenu?post=88472"},{"taxonomy":"interprete-compositeur","embeddable":true,"href":"https:\/\/www.iemj.org\/it\/wp-json\/wp\/v2\/interprete-compositeur?post=88472"},{"taxonomy":"frise","embeddable":true,"href":"https:\/\/www.iemj.org\/it\/wp-json\/wp\/v2\/frise?post=88472"},{"taxonomy":"type-devenement","embeddable":true,"href":"https:\/\/www.iemj.org\/it\/wp-json\/wp\/v2\/type-devenement?post=88472"},{"taxonomy":"tableaux-liens-externes","embeddable":true,"href":"https:\/\/www.iemj.org\/it\/wp-json\/wp\/v2\/tableaux-liens-externes?post=88472"}],"curies":[{"name":"wp","href":"https:\/\/api.w.org\/{rel}","templated":true}]}}