{"id":88487,"date":"2019-03-28T14:12:57","date_gmt":"2019-03-28T13:12:57","guid":{"rendered":"https:\/\/www.iemj.org\/les-plus-belles-chansons-de-bracha-zefira-1910-1990\/"},"modified":"2025-07-10T17:35:50","modified_gmt":"2025-07-10T15:35:50","slug":"les-plus-belles-chansons-de-bracha-zefira-1910-1990","status":"publish","type":"post","link":"https:\/\/www.iemj.org\/it\/les-plus-belles-chansons-de-bracha-zefira-1910-1990\/","title":{"rendered":"Le pi\u00f9 belle canzoni di Bracha Zefira (1910-1990)"},"content":{"rendered":"<p><strong>Una selezione di canzoni eseguite da Bracha Zefira, una pioniera che mescolava melodie orientali con poemi ebraici<\/strong><\/p>\n<p><!--more--><br \/>Cantante israeliana di origine yemenita, Bracha Zefira si \u00e8 accorta fin da piccola delle melodie arabe e beduine che ascoltava durante le sue passeggiate nella citt\u00e0 vecchia di Gerusalemme. Studiando musica e teatro, incontra a Berlino il pianista, compositore ed arrangiatore Nahum Nardi, che diventa il suo partner sul palco e nella vita.<\/p>\n<p>Bracha Zefira si \u00e8 poi dedicata completamente al canto. Il duo Zefira\/Nardi esegue canzoni di diversi gruppi etnici che Bracha conosce fin dall&#8217;infanzia, tra cui canzoni sefardite, canzoni ebraiche dello Yemen, della Persia e di Bukhara, oltre a canzoni di beduini e di arabi palestinesi.<\/p>\n<p>Come raccoglitrice di canzoni tradizionali, Bracha torna regolarmente nei quartieri in cui \u00e8 cresciuta. Chiede alle donne anziane di cantare le loro canzoni per lei e partecipa alle feste locali.<\/p>\n<p>Dopo alcuni anni, Bracha Zefira interrompe la collaborazione con Nahum Nardi e si rivolge ad altri compositori come Paul Ben-Haim, \u00d6d\u00f6n P\u00e1rtos o Marc Lavry.<\/p>\n<p>Il suo repertorio comprende oltre 400 canzoni. Le sue canzoni basate su melodie arabe o beduine includono titoli arrangiati da Nardi, come <em>Ben Nahar Prat<\/em>, <em>Yesh Li Gan<\/em>, <em>Lamidbar<\/em>, <em>Aley Giv&#8217;a<\/em>. Ha anche cantato piyyutim degli ebrei yemeniti e sefarditi con i testi originali, come S&#8217;I Yona e <em>Hamavdil<\/em>. Per le romanze sefardite, Bracha Zefira ha tradotto i testi o li ha sostituiti con testi originali, come quelli di Yehuda Karni nella canzone <em>Hitrag&#8217;ot<\/em>.<\/p>\n<p><a href=\"https:\/\/www.iemj.org\/it\/zefira-bracha-1910-1990\/\" target=\"_blank\" rel=\"noopener\">Leggere la biografia di Bracha Zefira<\/a><\/p>\n\n<div class=\"wp-block-image\">\n<figure class=\"aligncenter size-large\"><img fetchpriority=\"high\" decoding=\"async\" width=\"1024\" height=\"133\" src=\"https:\/\/www.iemj.org\/wp-content\/uploads\/2024\/03\/AUDIO-PLAYER-1024x133.png\" alt=\"\" class=\"wp-image-110609\" srcset=\"https:\/\/www.iemj.org\/wp-content\/uploads\/2024\/03\/AUDIO-PLAYER-1024x133.png 1024w, https:\/\/www.iemj.org\/wp-content\/uploads\/2024\/03\/AUDIO-PLAYER-300x39.png 300w, https:\/\/www.iemj.org\/wp-content\/uploads\/2024\/03\/AUDIO-PLAYER-768x100.png 768w, https:\/\/www.iemj.org\/wp-content\/uploads\/2024\/03\/AUDIO-PLAYER-600x78.png 600w, https:\/\/www.iemj.org\/wp-content\/uploads\/2024\/03\/AUDIO-PLAYER.png 1210w\" sizes=\"(max-width: 1024px) 100vw, 1024px\" \/><\/figure>\n<\/div>\n\n\n<h2 class=\"wp-block-heading\"><\/h2>\n\n\n\n<div class=\"wp-block-file\"><a id=\"wp-block-file--media-59c3b772-21a2-4aeb-917e-76fb7de8a9f1\" href=\"https:\/\/www.iemj.org\/wp-content\/uploads\/2019\/03\/between_tigris_and_euphrates.mp3\">Between Tigris and Euphrates<\/a><\/div>\n\n\n\n<div class=\"wp-block-file\"><a id=\"wp-block-file--media-6a248f2d-2f29-4500-9ab3-9f7a3a3dc552\" href=\"https:\/\/www.iemj.org\/wp-content\/uploads\/2019\/03\/chir_eres.mp3\">Chir Eres<\/a><\/div>\n\n\n\n<div class=\"wp-block-file\"><a id=\"wp-block-file--media-7555ab21-8dfb-4b0b-8a1c-2903574e16f3\" href=\"https:\/\/www.iemj.org\/wp-content\/uploads\/2019\/03\/el-hanegev.mp3\">El-Hanegev<\/a><\/div>\n\n\n\n<div class=\"wp-block-file\"><a id=\"wp-block-file--media-7676c2e9-5954-46aa-baf7-b65cf3df2d3d\" href=\"https:\/\/www.iemj.org\/wp-content\/uploads\/2019\/03\/hakad.mp3\">Hakad<\/a><\/div>\n\n\n\n<div class=\"wp-block-file\"><a id=\"wp-block-file--media-6494ac3e-3f9a-47b0-8b80-9cf83614b75e\" href=\"https:\/\/www.iemj.org\/wp-content\/uploads\/2019\/03\/hymn_of_praise_to_labor.mp3\">Hymn of praise to Labor<\/a><\/div>\n\n\n\n<div class=\"wp-block-file\"><a id=\"wp-block-file--media-8e2e889b-fe5e-4abb-82b1-91688c4e92b9\" href=\"https:\/\/www.iemj.org\/wp-content\/uploads\/2019\/03\/i_have_a_garden.mp3\">I have a garden<\/a><\/div>\n\n\n\n<div class=\"wp-block-file\"><a id=\"wp-block-file--media-91b24d9b-7186-4697-be7b-a731b5eaa9fc\" href=\"https:\/\/www.iemj.org\/wp-content\/uploads\/2019\/03\/in_galilee.mp3\">In Galilee<\/a><\/div>\n\n\n\n<div class=\"wp-block-file\"><a id=\"wp-block-file--media-00d42636-f9c1-4e0f-876b-a0492b73f99d\" href=\"https:\/\/www.iemj.org\/wp-content\/uploads\/2019\/03\/lift_thee_dove.mp3\">Lift, Thee, Dove<\/a><\/div>\n\n\n\n<div class=\"wp-block-file\"><a id=\"wp-block-file--media-eb5f3e58-64c6-4a44-99e7-afd2569f6f74\" href=\"https:\/\/www.iemj.org\/wp-content\/uploads\/2019\/03\/mi_yiten.mp3\">Mi Yit\u00e9n<\/a><\/div>\n\n\n\n<div class=\"wp-block-file\"><a id=\"wp-block-file--media-26a46a3b-0400-4e99-92ec-ab429746cb4e\" href=\"https:\/\/www.iemj.org\/wp-content\/uploads\/2019\/03\/mi_yivneh.mp3\">Mi Yivneh<\/a><\/div>\n\n\n\n<div class=\"wp-block-file\"><a id=\"wp-block-file--media-b3fe7384-9694-4ce9-8bc6-a0dd72e7196d\" href=\"https:\/\/www.iemj.org\/wp-content\/uploads\/2019\/03\/mont_zion_shall_rejoice.mp3\">Mont Zion shall rejoice<\/a><\/div>\n\n\n\n<div class=\"wp-block-file\"><a id=\"wp-block-file--media-666602bd-c85d-49fc-ac77-2caf1a58f9f1\" href=\"https:\/\/www.iemj.org\/wp-content\/uploads\/2019\/03\/my_boat.mp3\">My Boat<\/a><\/div>\n\n\n\n<div class=\"wp-block-file\"><a id=\"wp-block-file--media-43be26f9-529d-4efb-9781-e1b098a47276\" href=\"https:\/\/www.iemj.org\/wp-content\/uploads\/2019\/03\/schyb_bolek_bassade.mp3\">Schyb Bolek Bassade<\/a><\/div>\n\n\n\n<div class=\"wp-block-file\"><a id=\"wp-block-file--media-526c9221-6c93-4684-af86-16e32a726f4c\" href=\"https:\/\/www.iemj.org\/wp-content\/uploads\/2019\/03\/sheep-shearing_song.mp3\">Sheep-shearing song<\/a><\/div>\n\n\n\n<div class=\"wp-block-file\"><a id=\"wp-block-file--media-b5848cc3-0a05-4df6-acdd-0406eb69fc18\" href=\"https:\/\/www.iemj.org\/wp-content\/uploads\/2019\/03\/yismehou.mp3\">Yism\u00e9hou<\/a><\/div>\n\n\n\n<div class=\"wp-block-file\"><a id=\"wp-block-file--media-016a87de-90b5-4a43-a17b-b4c808a3418d\" href=\"https:\/\/www.iemj.org\/wp-content\/uploads\/2019\/03\/yom_guila.mp3\">Yom Guila<\/a><\/div>\n","protected":false},"excerpt":{"rendered":"<p>Una selezione di canzoni eseguite da Bracha Zefira, una pioniera che mescolava melodie orientali con poemi ebraici<\/p>\n","protected":false},"author":1048,"featured_media":88488,"comment_status":"closed","ping_status":"open","sticky":false,"template":"","format":"standard","meta":{"_acf_changed":false,"footnotes":""},"categories":[1536],"tags":[],"technique":[],"squelettes":[],"sujet":[2136],"formation":[],"genre":[1674],"fonds":[],"tradition":[],"type-de-contenu":[],"interprete-compositeur":[],"frise":[],"type-devenement":[],"tableaux-liens-externes":[],"class_list":["post-88487","post","type-post","status-publish","format-standard","has-post-thumbnail","hentry","category-playlist-it","sujet-yemen-it","genre-canzone-israeliena-it"],"acf":[],"yoast_head":"<!-- This site is optimized with the Yoast SEO plugin v27.3 - https:\/\/yoast.com\/product\/yoast-seo-wordpress\/ -->\n<title>Le pi\u00f9 belle canzoni di Bracha Zefira (1910-1990) - Institut Europ\u00e9en des Musiques Juives<\/title>\n<meta name=\"robots\" content=\"index, follow, max-snippet:-1, max-image-preview:large, max-video-preview:-1\" \/>\n<link rel=\"canonical\" href=\"https:\/\/www.iemj.org\/it\/les-plus-belles-chansons-de-bracha-zefira-1910-1990\/\" \/>\n<meta property=\"og:locale\" content=\"it_IT\" \/>\n<meta property=\"og:type\" content=\"article\" \/>\n<meta property=\"og:title\" content=\"Le pi\u00f9 belle canzoni di Bracha Zefira (1910-1990) - Institut Europ\u00e9en des Musiques Juives\" \/>\n<meta property=\"og:description\" content=\"Una selezione di canzoni eseguite da Bracha Zefira, una pioniera che mescolava melodie orientali con poemi ebraici\" \/>\n<meta property=\"og:url\" content=\"https:\/\/www.iemj.org\/it\/les-plus-belles-chansons-de-bracha-zefira-1910-1990\/\" \/>\n<meta property=\"og:site_name\" content=\"Institut Europ\u00e9en des Musiques Juives\" \/>\n<meta property=\"article:publisher\" content=\"https:\/\/www.facebook.com\/MusiquesJuives\/\" \/>\n<meta property=\"article:published_time\" content=\"2019-03-28T13:12:57+00:00\" \/>\n<meta property=\"article:modified_time\" content=\"2025-07-10T15:35:50+00:00\" \/>\n<meta property=\"og:image\" content=\"https:\/\/www.iemj.org\/wp-content\/uploads\/2019\/03\/arton4038.jpg\" \/>\n\t<meta property=\"og:image:width\" content=\"300\" \/>\n\t<meta property=\"og:image:height\" content=\"438\" \/>\n\t<meta property=\"og:image:type\" content=\"image\/jpeg\" \/>\n<meta name=\"author\" content=\"Jean-Gabriel Davis\" \/>\n<meta name=\"twitter:card\" content=\"summary_large_image\" \/>\n<meta name=\"twitter:label1\" content=\"Scritto da\" \/>\n\t<meta name=\"twitter:data1\" content=\"Jean-Gabriel Davis\" \/>\n\t<meta name=\"twitter:label2\" content=\"Tempo di lettura stimato\" \/>\n\t<meta name=\"twitter:data2\" content=\"2 minuti\" \/>\n<script type=\"application\/ld+json\" class=\"yoast-schema-graph\">{\"@context\":\"https:\\\/\\\/schema.org\",\"@graph\":[{\"@type\":\"Article\",\"@id\":\"https:\\\/\\\/www.iemj.org\\\/it\\\/les-plus-belles-chansons-de-bracha-zefira-1910-1990\\\/#article\",\"isPartOf\":{\"@id\":\"https:\\\/\\\/www.iemj.org\\\/it\\\/les-plus-belles-chansons-de-bracha-zefira-1910-1990\\\/\"},\"author\":{\"name\":\"Jean-Gabriel Davis\",\"@id\":\"https:\\\/\\\/www.iemj.org\\\/it\\\/#\\\/schema\\\/person\\\/c9bc1c386a3749579a2d675e72a18666\"},\"headline\":\"Le pi\u00f9 belle canzoni di Bracha Zefira (1910-1990)\",\"datePublished\":\"2019-03-28T13:12:57+00:00\",\"dateModified\":\"2025-07-10T15:35:50+00:00\",\"mainEntityOfPage\":{\"@id\":\"https:\\\/\\\/www.iemj.org\\\/it\\\/les-plus-belles-chansons-de-bracha-zefira-1910-1990\\\/\"},\"wordCount\":303,\"publisher\":{\"@id\":\"https:\\\/\\\/www.iemj.org\\\/it\\\/#organization\"},\"image\":{\"@id\":\"https:\\\/\\\/www.iemj.org\\\/it\\\/les-plus-belles-chansons-de-bracha-zefira-1910-1990\\\/#primaryimage\"},\"thumbnailUrl\":\"https:\\\/\\\/www.iemj.org\\\/wp-content\\\/uploads\\\/2019\\\/03\\\/arton4038.jpg\",\"articleSection\":[\"Playlist\"],\"inLanguage\":\"it-IT\"},{\"@type\":\"WebPage\",\"@id\":\"https:\\\/\\\/www.iemj.org\\\/it\\\/les-plus-belles-chansons-de-bracha-zefira-1910-1990\\\/\",\"url\":\"https:\\\/\\\/www.iemj.org\\\/it\\\/les-plus-belles-chansons-de-bracha-zefira-1910-1990\\\/\",\"name\":\"Le pi\u00f9 belle canzoni di Bracha Zefira (1910-1990) - Institut Europ\u00e9en des Musiques Juives\",\"isPartOf\":{\"@id\":\"https:\\\/\\\/www.iemj.org\\\/it\\\/#website\"},\"primaryImageOfPage\":{\"@id\":\"https:\\\/\\\/www.iemj.org\\\/it\\\/les-plus-belles-chansons-de-bracha-zefira-1910-1990\\\/#primaryimage\"},\"image\":{\"@id\":\"https:\\\/\\\/www.iemj.org\\\/it\\\/les-plus-belles-chansons-de-bracha-zefira-1910-1990\\\/#primaryimage\"},\"thumbnailUrl\":\"https:\\\/\\\/www.iemj.org\\\/wp-content\\\/uploads\\\/2019\\\/03\\\/arton4038.jpg\",\"datePublished\":\"2019-03-28T13:12:57+00:00\",\"dateModified\":\"2025-07-10T15:35:50+00:00\",\"breadcrumb\":{\"@id\":\"https:\\\/\\\/www.iemj.org\\\/it\\\/les-plus-belles-chansons-de-bracha-zefira-1910-1990\\\/#breadcrumb\"},\"inLanguage\":\"it-IT\",\"potentialAction\":[{\"@type\":\"ReadAction\",\"target\":[\"https:\\\/\\\/www.iemj.org\\\/it\\\/les-plus-belles-chansons-de-bracha-zefira-1910-1990\\\/\"]}]},{\"@type\":\"ImageObject\",\"inLanguage\":\"it-IT\",\"@id\":\"https:\\\/\\\/www.iemj.org\\\/it\\\/les-plus-belles-chansons-de-bracha-zefira-1910-1990\\\/#primaryimage\",\"url\":\"https:\\\/\\\/www.iemj.org\\\/wp-content\\\/uploads\\\/2019\\\/03\\\/arton4038.jpg\",\"contentUrl\":\"https:\\\/\\\/www.iemj.org\\\/wp-content\\\/uploads\\\/2019\\\/03\\\/arton4038.jpg\",\"width\":300,\"height\":438},{\"@type\":\"BreadcrumbList\",\"@id\":\"https:\\\/\\\/www.iemj.org\\\/it\\\/les-plus-belles-chansons-de-bracha-zefira-1910-1990\\\/#breadcrumb\",\"itemListElement\":[{\"@type\":\"ListItem\",\"position\":1,\"name\":\"Accueil\",\"item\":\"https:\\\/\\\/www.iemj.org\\\/it\\\/\"},{\"@type\":\"ListItem\",\"position\":2,\"name\":\"Le pi\u00f9 belle canzoni di Bracha Zefira (1910-1990)\"}]},{\"@type\":\"WebSite\",\"@id\":\"https:\\\/\\\/www.iemj.org\\\/it\\\/#website\",\"url\":\"https:\\\/\\\/www.iemj.org\\\/it\\\/\",\"name\":\"Institut Europ\u00e9en des Musiques Juives\",\"description\":\"Des traditions musicales \u00e0 la port\u00e9e de tous\",\"publisher\":{\"@id\":\"https:\\\/\\\/www.iemj.org\\\/it\\\/#organization\"},\"potentialAction\":[{\"@type\":\"SearchAction\",\"target\":{\"@type\":\"EntryPoint\",\"urlTemplate\":\"https:\\\/\\\/www.iemj.org\\\/it\\\/?s={search_term_string}\"},\"query-input\":{\"@type\":\"PropertyValueSpecification\",\"valueRequired\":true,\"valueName\":\"search_term_string\"}}],\"inLanguage\":\"it-IT\"},{\"@type\":\"Organization\",\"@id\":\"https:\\\/\\\/www.iemj.org\\\/it\\\/#organization\",\"name\":\"Institut Europ\u00e9en des Musiques Juives\",\"url\":\"https:\\\/\\\/www.iemj.org\\\/it\\\/\",\"logo\":{\"@type\":\"ImageObject\",\"inLanguage\":\"it-IT\",\"@id\":\"https:\\\/\\\/www.iemj.org\\\/it\\\/#\\\/schema\\\/logo\\\/image\\\/\",\"url\":\"https:\\\/\\\/www.iemj.org\\\/wp-content\\\/uploads\\\/2021\\\/09\\\/Logo-IEMJ-Paypal.jpg\",\"contentUrl\":\"https:\\\/\\\/www.iemj.org\\\/wp-content\\\/uploads\\\/2021\\\/09\\\/Logo-IEMJ-Paypal.jpg\",\"width\":150,\"height\":50,\"caption\":\"Institut Europ\u00e9en des Musiques Juives\"},\"image\":{\"@id\":\"https:\\\/\\\/www.iemj.org\\\/it\\\/#\\\/schema\\\/logo\\\/image\\\/\"},\"sameAs\":[\"https:\\\/\\\/www.facebook.com\\\/MusiquesJuives\\\/\",\"https:\\\/\\\/www.instagram.com\\\/musiquesjuives\\\/\",\"https:\\\/\\\/www.youtube.com\\\/user\\\/musiquesjuives\"]},{\"@type\":\"Person\",\"@id\":\"https:\\\/\\\/www.iemj.org\\\/it\\\/#\\\/schema\\\/person\\\/c9bc1c386a3749579a2d675e72a18666\",\"name\":\"Jean-Gabriel Davis\",\"image\":{\"@type\":\"ImageObject\",\"inLanguage\":\"it-IT\",\"@id\":\"https:\\\/\\\/secure.gravatar.com\\\/avatar\\\/2b90d67bdf392c9b3a21fab87c0fa7edaf1fb3a058172a1ffd61033fcec7aec1?s=96&d=mm&r=g\",\"url\":\"https:\\\/\\\/secure.gravatar.com\\\/avatar\\\/2b90d67bdf392c9b3a21fab87c0fa7edaf1fb3a058172a1ffd61033fcec7aec1?s=96&d=mm&r=g\",\"contentUrl\":\"https:\\\/\\\/secure.gravatar.com\\\/avatar\\\/2b90d67bdf392c9b3a21fab87c0fa7edaf1fb3a058172a1ffd61033fcec7aec1?s=96&d=mm&r=g\",\"caption\":\"Jean-Gabriel Davis\"}}]}<\/script>\n<!-- \/ Yoast SEO plugin. -->","yoast_head_json":{"title":"Le pi\u00f9 belle canzoni di Bracha Zefira (1910-1990) - Institut Europ\u00e9en des Musiques Juives","robots":{"index":"index","follow":"follow","max-snippet":"max-snippet:-1","max-image-preview":"max-image-preview:large","max-video-preview":"max-video-preview:-1"},"canonical":"https:\/\/www.iemj.org\/it\/les-plus-belles-chansons-de-bracha-zefira-1910-1990\/","og_locale":"it_IT","og_type":"article","og_title":"Le pi\u00f9 belle canzoni di Bracha Zefira (1910-1990) - Institut Europ\u00e9en des Musiques Juives","og_description":"Una selezione di canzoni eseguite da Bracha Zefira, una pioniera che mescolava melodie orientali con poemi ebraici","og_url":"https:\/\/www.iemj.org\/it\/les-plus-belles-chansons-de-bracha-zefira-1910-1990\/","og_site_name":"Institut Europ\u00e9en des Musiques Juives","article_publisher":"https:\/\/www.facebook.com\/MusiquesJuives\/","article_published_time":"2019-03-28T13:12:57+00:00","article_modified_time":"2025-07-10T15:35:50+00:00","og_image":[{"width":300,"height":438,"url":"https:\/\/www.iemj.org\/wp-content\/uploads\/2019\/03\/arton4038.jpg","type":"image\/jpeg"}],"author":"Jean-Gabriel Davis","twitter_card":"summary_large_image","twitter_misc":{"Scritto da":"Jean-Gabriel Davis","Tempo di lettura stimato":"2 minuti"},"schema":{"@context":"https:\/\/schema.org","@graph":[{"@type":"Article","@id":"https:\/\/www.iemj.org\/it\/les-plus-belles-chansons-de-bracha-zefira-1910-1990\/#article","isPartOf":{"@id":"https:\/\/www.iemj.org\/it\/les-plus-belles-chansons-de-bracha-zefira-1910-1990\/"},"author":{"name":"Jean-Gabriel Davis","@id":"https:\/\/www.iemj.org\/it\/#\/schema\/person\/c9bc1c386a3749579a2d675e72a18666"},"headline":"Le pi\u00f9 belle canzoni di Bracha Zefira (1910-1990)","datePublished":"2019-03-28T13:12:57+00:00","dateModified":"2025-07-10T15:35:50+00:00","mainEntityOfPage":{"@id":"https:\/\/www.iemj.org\/it\/les-plus-belles-chansons-de-bracha-zefira-1910-1990\/"},"wordCount":303,"publisher":{"@id":"https:\/\/www.iemj.org\/it\/#organization"},"image":{"@id":"https:\/\/www.iemj.org\/it\/les-plus-belles-chansons-de-bracha-zefira-1910-1990\/#primaryimage"},"thumbnailUrl":"https:\/\/www.iemj.org\/wp-content\/uploads\/2019\/03\/arton4038.jpg","articleSection":["Playlist"],"inLanguage":"it-IT"},{"@type":"WebPage","@id":"https:\/\/www.iemj.org\/it\/les-plus-belles-chansons-de-bracha-zefira-1910-1990\/","url":"https:\/\/www.iemj.org\/it\/les-plus-belles-chansons-de-bracha-zefira-1910-1990\/","name":"Le pi\u00f9 belle canzoni di Bracha Zefira (1910-1990) - Institut Europ\u00e9en des Musiques Juives","isPartOf":{"@id":"https:\/\/www.iemj.org\/it\/#website"},"primaryImageOfPage":{"@id":"https:\/\/www.iemj.org\/it\/les-plus-belles-chansons-de-bracha-zefira-1910-1990\/#primaryimage"},"image":{"@id":"https:\/\/www.iemj.org\/it\/les-plus-belles-chansons-de-bracha-zefira-1910-1990\/#primaryimage"},"thumbnailUrl":"https:\/\/www.iemj.org\/wp-content\/uploads\/2019\/03\/arton4038.jpg","datePublished":"2019-03-28T13:12:57+00:00","dateModified":"2025-07-10T15:35:50+00:00","breadcrumb":{"@id":"https:\/\/www.iemj.org\/it\/les-plus-belles-chansons-de-bracha-zefira-1910-1990\/#breadcrumb"},"inLanguage":"it-IT","potentialAction":[{"@type":"ReadAction","target":["https:\/\/www.iemj.org\/it\/les-plus-belles-chansons-de-bracha-zefira-1910-1990\/"]}]},{"@type":"ImageObject","inLanguage":"it-IT","@id":"https:\/\/www.iemj.org\/it\/les-plus-belles-chansons-de-bracha-zefira-1910-1990\/#primaryimage","url":"https:\/\/www.iemj.org\/wp-content\/uploads\/2019\/03\/arton4038.jpg","contentUrl":"https:\/\/www.iemj.org\/wp-content\/uploads\/2019\/03\/arton4038.jpg","width":300,"height":438},{"@type":"BreadcrumbList","@id":"https:\/\/www.iemj.org\/it\/les-plus-belles-chansons-de-bracha-zefira-1910-1990\/#breadcrumb","itemListElement":[{"@type":"ListItem","position":1,"name":"Accueil","item":"https:\/\/www.iemj.org\/it\/"},{"@type":"ListItem","position":2,"name":"Le pi\u00f9 belle canzoni di Bracha Zefira (1910-1990)"}]},{"@type":"WebSite","@id":"https:\/\/www.iemj.org\/it\/#website","url":"https:\/\/www.iemj.org\/it\/","name":"Institut Europ\u00e9en des Musiques Juives","description":"Des traditions musicales \u00e0 la port\u00e9e de tous","publisher":{"@id":"https:\/\/www.iemj.org\/it\/#organization"},"potentialAction":[{"@type":"SearchAction","target":{"@type":"EntryPoint","urlTemplate":"https:\/\/www.iemj.org\/it\/?s={search_term_string}"},"query-input":{"@type":"PropertyValueSpecification","valueRequired":true,"valueName":"search_term_string"}}],"inLanguage":"it-IT"},{"@type":"Organization","@id":"https:\/\/www.iemj.org\/it\/#organization","name":"Institut Europ\u00e9en des Musiques Juives","url":"https:\/\/www.iemj.org\/it\/","logo":{"@type":"ImageObject","inLanguage":"it-IT","@id":"https:\/\/www.iemj.org\/it\/#\/schema\/logo\/image\/","url":"https:\/\/www.iemj.org\/wp-content\/uploads\/2021\/09\/Logo-IEMJ-Paypal.jpg","contentUrl":"https:\/\/www.iemj.org\/wp-content\/uploads\/2021\/09\/Logo-IEMJ-Paypal.jpg","width":150,"height":50,"caption":"Institut Europ\u00e9en des Musiques Juives"},"image":{"@id":"https:\/\/www.iemj.org\/it\/#\/schema\/logo\/image\/"},"sameAs":["https:\/\/www.facebook.com\/MusiquesJuives\/","https:\/\/www.instagram.com\/musiquesjuives\/","https:\/\/www.youtube.com\/user\/musiquesjuives"]},{"@type":"Person","@id":"https:\/\/www.iemj.org\/it\/#\/schema\/person\/c9bc1c386a3749579a2d675e72a18666","name":"Jean-Gabriel Davis","image":{"@type":"ImageObject","inLanguage":"it-IT","@id":"https:\/\/secure.gravatar.com\/avatar\/2b90d67bdf392c9b3a21fab87c0fa7edaf1fb3a058172a1ffd61033fcec7aec1?s=96&d=mm&r=g","url":"https:\/\/secure.gravatar.com\/avatar\/2b90d67bdf392c9b3a21fab87c0fa7edaf1fb3a058172a1ffd61033fcec7aec1?s=96&d=mm&r=g","contentUrl":"https:\/\/secure.gravatar.com\/avatar\/2b90d67bdf392c9b3a21fab87c0fa7edaf1fb3a058172a1ffd61033fcec7aec1?s=96&d=mm&r=g","caption":"Jean-Gabriel Davis"}}]}},"_links":{"self":[{"href":"https:\/\/www.iemj.org\/it\/wp-json\/wp\/v2\/posts\/88487","targetHints":{"allow":["GET"]}}],"collection":[{"href":"https:\/\/www.iemj.org\/it\/wp-json\/wp\/v2\/posts"}],"about":[{"href":"https:\/\/www.iemj.org\/it\/wp-json\/wp\/v2\/types\/post"}],"author":[{"embeddable":true,"href":"https:\/\/www.iemj.org\/it\/wp-json\/wp\/v2\/users\/1048"}],"replies":[{"embeddable":true,"href":"https:\/\/www.iemj.org\/it\/wp-json\/wp\/v2\/comments?post=88487"}],"version-history":[{"count":0,"href":"https:\/\/www.iemj.org\/it\/wp-json\/wp\/v2\/posts\/88487\/revisions"}],"wp:featuredmedia":[{"embeddable":true,"href":"https:\/\/www.iemj.org\/it\/wp-json\/wp\/v2\/media\/88488"}],"wp:attachment":[{"href":"https:\/\/www.iemj.org\/it\/wp-json\/wp\/v2\/media?parent=88487"}],"wp:term":[{"taxonomy":"category","embeddable":true,"href":"https:\/\/www.iemj.org\/it\/wp-json\/wp\/v2\/categories?post=88487"},{"taxonomy":"post_tag","embeddable":true,"href":"https:\/\/www.iemj.org\/it\/wp-json\/wp\/v2\/tags?post=88487"},{"taxonomy":"technique","embeddable":true,"href":"https:\/\/www.iemj.org\/it\/wp-json\/wp\/v2\/technique?post=88487"},{"taxonomy":"squelettes","embeddable":true,"href":"https:\/\/www.iemj.org\/it\/wp-json\/wp\/v2\/squelettes?post=88487"},{"taxonomy":"sujet","embeddable":true,"href":"https:\/\/www.iemj.org\/it\/wp-json\/wp\/v2\/sujet?post=88487"},{"taxonomy":"formation","embeddable":true,"href":"https:\/\/www.iemj.org\/it\/wp-json\/wp\/v2\/formation?post=88487"},{"taxonomy":"genre","embeddable":true,"href":"https:\/\/www.iemj.org\/it\/wp-json\/wp\/v2\/genre?post=88487"},{"taxonomy":"fonds","embeddable":true,"href":"https:\/\/www.iemj.org\/it\/wp-json\/wp\/v2\/fonds?post=88487"},{"taxonomy":"tradition","embeddable":true,"href":"https:\/\/www.iemj.org\/it\/wp-json\/wp\/v2\/tradition?post=88487"},{"taxonomy":"type-de-contenu","embeddable":true,"href":"https:\/\/www.iemj.org\/it\/wp-json\/wp\/v2\/type-de-contenu?post=88487"},{"taxonomy":"interprete-compositeur","embeddable":true,"href":"https:\/\/www.iemj.org\/it\/wp-json\/wp\/v2\/interprete-compositeur?post=88487"},{"taxonomy":"frise","embeddable":true,"href":"https:\/\/www.iemj.org\/it\/wp-json\/wp\/v2\/frise?post=88487"},{"taxonomy":"type-devenement","embeddable":true,"href":"https:\/\/www.iemj.org\/it\/wp-json\/wp\/v2\/type-devenement?post=88487"},{"taxonomy":"tableaux-liens-externes","embeddable":true,"href":"https:\/\/www.iemj.org\/it\/wp-json\/wp\/v2\/tableaux-liens-externes?post=88487"}],"curies":[{"name":"wp","href":"https:\/\/api.w.org\/{rel}","templated":true}]}}