{"id":88594,"date":"2016-05-18T17:16:36","date_gmt":"2016-05-18T15:16:36","guid":{"rendered":"https:\/\/www.iemj.org\/kirch-albert-1918-2016\/"},"modified":"2025-03-24T12:19:08","modified_gmt":"2025-03-24T11:19:08","slug":"kirch-albert-1918-2016","status":"publish","type":"post","link":"https:\/\/www.iemj.org\/it\/kirch-albert-1918-2016\/","title":{"rendered":"Kirch, Albert (1918-2016)"},"content":{"rendered":"<p>Morto il 18 aprile 2016 all&#8217;et\u00e0 di 98 anni, Albert Kirch \u00e8 stato per pi\u00f9 di 30 anni cantore della comunit\u00e0 di Metz. Questo articolo vuole rendergli omaggio.<\/p>\n<h3><strong>Ascoltare in calce l&#8217;intervista di Albert Kirch a cura di Herv\u00e9 Roten <\/strong><\/h3>\n<p><!--more--><\/p>\n<p>\u00a0Nato il 1\u00b0 novembre 1918 a Varsavia, Albert Kirch (Abraham Kirchenbaum) arriva a Metz (Francia) all&#8217;et\u00e0 di due anni.<\/p>\n<p>Nel 1932 ottiene brillantemente il diploma di studio presso la Scuola Israelita, avenue Paixhans, poi una borsa di studio per la Scuola Rabbinica di Parigi. Nel 1938 integra il Seminario Israelita.<\/p>\n<p>Durante la guerra \u00e8 richiamato dal 1939 al 1942. Perde gran parte della sua famiglia, assassinata ad Auschwitz nel 1942.<\/p>\n<p><img fetchpriority=\"high\" decoding=\"async\" class=\"size-full wp-image-10726 alignright\" src=\"https:\/\/www.iemj.org\/wp-content\/uploads\/2016\/05\/doc_1_kirch500px_plus_petit.jpg\" alt=\"doc_1_kirch500px_plus_petit.jpg\" width=\"325\" height=\"253\" align=\"middle\" srcset=\"https:\/\/www.iemj.org\/wp-content\/uploads\/2016\/05\/doc_1_kirch500px_plus_petit.jpg 325w, https:\/\/www.iemj.org\/wp-content\/uploads\/2016\/05\/doc_1_kirch500px_plus_petit-300x234.jpg 300w\" sizes=\"(max-width: 325px) 100vw, 325px\" \/><\/p>\n<p>Smobilitato nel luglio 1942 a Clermont-Ferrand, entra nella Resistenza nel Cantal, in particolare facendo carte false durante la STO.<\/p>\n<p>Insegnante di francese all&#8217;OSE dal 1945 al 1950, prepara Elie Wiesel per il baccalaureato dopo avergli insegnato il francese.<\/p>\n<p>Nel 1950 \u00e9 assunto come ministro officiante a Bruxelles ed a Metz, dove officia in compagnia di Salomon Binn e Jules Ptachek.<\/p>\n<p>Nel 1953 ottiene il primo Premio di Canto al Conservatorio Nazionale di Metz.<\/p>\n<p>Per 32 anni Albert Kirch occuper\u00e0 la carica di Primo Ministro officiante di Metz, formando generazioni di studenti al Talmud Torah, inclusi, tra gli altri, gli attuali rabbini capo di Lione e di Metz.<\/p>\n<p>Lascia Metz nel 1982 per andare a vivere un anno in Israele. Tornato in Francia nel 1983, prende la successione di suo suocero, M. Cohen, a P\u00e9rigueux, come ministro del culto, cantore e rabbino.<\/p>\n<p><img decoding=\"async\" class=\"wp-image-10728 alignleft\" src=\"https:\/\/www.iemj.org\/wp-content\/uploads\/2016\/05\/doc_2_kirch500px_et_plus_petit.jpg\" alt=\"doc_2_kirch500px_et_plus_petit.jpg\" width=\"190\" height=\"287\" align=\"right\" srcset=\"https:\/\/www.iemj.org\/wp-content\/uploads\/2016\/05\/doc_2_kirch500px_et_plus_petit.jpg 250w, https:\/\/www.iemj.org\/wp-content\/uploads\/2016\/05\/doc_2_kirch500px_et_plus_petit-199x300.jpg 199w\" sizes=\"(max-width: 190px) 100vw, 190px\" \/>Dal 2000 al 2001 sostituisce il Rabbino Charles Lich\u00e9 alla sinagoga della Place des Vosges a Parigi per le principali festivit\u00e0.<\/p>\n<p>All&#8217;et\u00e0 di 96 anni, il 20 ottobre 2014, il Gran Rabbino di Francia, Ha\u00efm Korsia, lo nomina ufficialmente Rabbino, cio\u00e8 69 anni dopo la guerra e l&#8217;interruzione forzata dei suoi 7 anni di studi rabbinici, in omaggio al suo insegnamento dell&#8217;ebraismo ed alla sua trasmissione dei valori e della fede ebraici a generazioni di studenti e fedeli.<\/p>\n<p>Albert Kirch muore il 18 aprile 2016. \u00c8 sepolto il giorno dopo nel cimitero di Cronenbourg a Strasburgo.<\/p>\n<ul>\n<li><a href=\"http:\/\/judaisme.sdv.fr\/histoire\/rabbins\/hazanim\/kirch.htm\" target=\"_blank\" rel=\"noopener\">Per saperne di pi\u00f9 su Albert Kirch<\/a><\/li>\n<li><a href=\"https:\/\/www.iemj.org\/it\/la-source-de-vie-metz-la-renaissance\/\" target=\"_blank\" rel=\"noopener\">Visionare degli estratti dell\u2019emissione la Source de Vie : \u201cMetz : La renaissance\u201d, presentata da Josy Eisenberg<\/a><\/li>\n<li><a href=\"https:\/\/www.iemj.org\/it\/sauvegarde-des-archives-musicales-de-la-grande-synagogue-de-metz\/\" target=\"_blank\" rel=\"noopener\">Consultare la collezione della sinagoga di Metz<\/a><\/li>\n<li><a href=\"http:\/\/www.rachelnet.net\/F\/?func=find-c&amp;ccl_term=WRD+%3D+%09+Albert+Kirch&amp;local_base=iemcg\" target=\"_blank\" rel=\"noopener\">Consultare i nostri archivi su Albert Kirch<\/a><\/li>\n<\/ul>\n<p>Il 16 dicembre 2010, Herv\u00e9 Roten ha realizzato un&#8217;intervista di Albert Kirch, prima che questi affidasse una copia dei suoi archivi musicali all&#8217;Istituto Europeo di Musiche Ebraiche (IEMJ).<\/p>\n\n<div class=\"wp-block-image\">\n<figure class=\"aligncenter size-large\"><img decoding=\"async\" width=\"1024\" height=\"133\" src=\"https:\/\/www.iemj.org\/wp-content\/uploads\/2024\/03\/AUDIO-PLAYER-1024x133.png\" alt=\"\" class=\"wp-image-110609\" srcset=\"https:\/\/www.iemj.org\/wp-content\/uploads\/2024\/03\/AUDIO-PLAYER-1024x133.png 1024w, https:\/\/www.iemj.org\/wp-content\/uploads\/2024\/03\/AUDIO-PLAYER-300x39.png 300w, https:\/\/www.iemj.org\/wp-content\/uploads\/2024\/03\/AUDIO-PLAYER-768x100.png 768w, https:\/\/www.iemj.org\/wp-content\/uploads\/2024\/03\/AUDIO-PLAYER-600x78.png 600w, https:\/\/www.iemj.org\/wp-content\/uploads\/2024\/03\/AUDIO-PLAYER.png 1210w\" sizes=\"(max-width: 1024px) 100vw, 1024px\" \/><\/figure>\n<\/div>\n\n\n<div class=\"wp-block-file\"><a id=\"wp-block-file--media-b9b3380a-a209-449d-840c-204b47d9569f\" href=\"https:\/\/www.iemj.org\/wp-content\/uploads\/2016\/05\/albert_kirch_itv_1def.mp3\">L&#8217;enfance d&#8217;Albert Kirch \u00e0 Metz et ses \u00e9tudes de Rabbinat \u00e0 Paris<\/a><\/div>\n\n\n\n<div class=\"wp-block-file\"><a id=\"wp-block-file--media-206c3534-c6c4-483c-b966-5d202e8706a7\" href=\"https:\/\/www.iemj.org\/wp-content\/uploads\/2016\/05\/albert_kirch_itv_2guerredef.mp3\">Albert Kirch pendant l&#8217;occupation allemande <\/a><\/div>\n","protected":false},"excerpt":{"rendered":"<p>Morto il 18 aprile 2016 all&#8217;et\u00e0 di 98 anni, Albert Kirch \u00e8 stato per pi\u00f9 di 30 anni cantore della comunit\u00e0 di Metz. Questo articolo vuole rendergli omaggio. Ascoltare in<\/p>\n","protected":false},"author":1052,"featured_media":52004,"comment_status":"closed","ping_status":"open","sticky":false,"template":"","format":"standard","meta":{"_acf_changed":false,"footnotes":""},"categories":[1416],"tags":[],"technique":[],"squelettes":[],"sujet":[2098],"formation":[],"genre":[],"fonds":[],"tradition":[],"type-de-contenu":[],"interprete-compositeur":[],"frise":[],"type-devenement":[],"tableaux-liens-externes":[],"class_list":["post-88594","post","type-post","status-publish","format-standard","has-post-thumbnail","hentry","category-biografie-it","sujet-alsazia-lorena-it"],"acf":[],"yoast_head":"<!-- This site is optimized with the Yoast SEO plugin v27.3 - https:\/\/yoast.com\/product\/yoast-seo-wordpress\/ -->\n<title>Kirch, Albert (1918-2016) - Institut Europ\u00e9en des Musiques Juives<\/title>\n<meta name=\"robots\" content=\"index, follow, max-snippet:-1, max-image-preview:large, max-video-preview:-1\" \/>\n<link rel=\"canonical\" href=\"https:\/\/www.iemj.org\/it\/kirch-albert-1918-2016\/\" \/>\n<meta property=\"og:locale\" content=\"it_IT\" \/>\n<meta property=\"og:type\" content=\"article\" \/>\n<meta property=\"og:title\" content=\"Kirch, Albert (1918-2016) - Institut Europ\u00e9en des Musiques Juives\" \/>\n<meta property=\"og:description\" content=\"Morto il 18 aprile 2016 all&#8217;et\u00e0 di 98 anni, Albert Kirch \u00e8 stato per pi\u00f9 di 30 anni cantore della comunit\u00e0 di Metz. Questo articolo vuole rendergli omaggio. Ascoltare in\" \/>\n<meta property=\"og:url\" content=\"https:\/\/www.iemj.org\/it\/kirch-albert-1918-2016\/\" \/>\n<meta property=\"og:site_name\" content=\"Institut Europ\u00e9en des Musiques Juives\" \/>\n<meta property=\"article:publisher\" content=\"https:\/\/www.facebook.com\/MusiquesJuives\/\" \/>\n<meta property=\"article:published_time\" content=\"2016-05-18T15:16:36+00:00\" \/>\n<meta property=\"article:modified_time\" content=\"2025-03-24T11:19:08+00:00\" \/>\n<meta property=\"og:image\" content=\"https:\/\/www.iemj.org\/wp-content\/uploads\/2016\/05\/arton1701-e1625047192424.jpg\" \/>\n\t<meta property=\"og:image:width\" content=\"228\" \/>\n\t<meta property=\"og:image:height\" content=\"218\" \/>\n\t<meta property=\"og:image:type\" content=\"image\/jpeg\" \/>\n<meta name=\"author\" content=\"Lea Couderc\" \/>\n<meta name=\"twitter:card\" content=\"summary_large_image\" \/>\n<meta name=\"twitter:label1\" content=\"Scritto da\" \/>\n\t<meta name=\"twitter:data1\" content=\"Lea Couderc\" \/>\n\t<meta name=\"twitter:label2\" content=\"Tempo di lettura stimato\" \/>\n\t<meta name=\"twitter:data2\" content=\"3 minuti\" \/>\n<script type=\"application\/ld+json\" class=\"yoast-schema-graph\">{\"@context\":\"https:\\\/\\\/schema.org\",\"@graph\":[{\"@type\":\"Article\",\"@id\":\"https:\\\/\\\/www.iemj.org\\\/it\\\/kirch-albert-1918-2016\\\/#article\",\"isPartOf\":{\"@id\":\"https:\\\/\\\/www.iemj.org\\\/it\\\/kirch-albert-1918-2016\\\/\"},\"author\":{\"name\":\"Lea Couderc\",\"@id\":\"https:\\\/\\\/www.iemj.org\\\/it\\\/#\\\/schema\\\/person\\\/e2ad57f2c4be119c7ed8ab79036807a9\"},\"headline\":\"Kirch, Albert (1918-2016)\",\"datePublished\":\"2016-05-18T15:16:36+00:00\",\"dateModified\":\"2025-03-24T11:19:08+00:00\",\"mainEntityOfPage\":{\"@id\":\"https:\\\/\\\/www.iemj.org\\\/it\\\/kirch-albert-1918-2016\\\/\"},\"wordCount\":410,\"publisher\":{\"@id\":\"https:\\\/\\\/www.iemj.org\\\/it\\\/#organization\"},\"image\":{\"@id\":\"https:\\\/\\\/www.iemj.org\\\/it\\\/kirch-albert-1918-2016\\\/#primaryimage\"},\"thumbnailUrl\":\"https:\\\/\\\/www.iemj.org\\\/wp-content\\\/uploads\\\/2016\\\/05\\\/arton1701-e1625047192424.jpg\",\"articleSection\":[\"Biografie\"],\"inLanguage\":\"it-IT\"},{\"@type\":\"WebPage\",\"@id\":\"https:\\\/\\\/www.iemj.org\\\/it\\\/kirch-albert-1918-2016\\\/\",\"url\":\"https:\\\/\\\/www.iemj.org\\\/it\\\/kirch-albert-1918-2016\\\/\",\"name\":\"Kirch, Albert (1918-2016) - Institut Europ\u00e9en des Musiques Juives\",\"isPartOf\":{\"@id\":\"https:\\\/\\\/www.iemj.org\\\/it\\\/#website\"},\"primaryImageOfPage\":{\"@id\":\"https:\\\/\\\/www.iemj.org\\\/it\\\/kirch-albert-1918-2016\\\/#primaryimage\"},\"image\":{\"@id\":\"https:\\\/\\\/www.iemj.org\\\/it\\\/kirch-albert-1918-2016\\\/#primaryimage\"},\"thumbnailUrl\":\"https:\\\/\\\/www.iemj.org\\\/wp-content\\\/uploads\\\/2016\\\/05\\\/arton1701-e1625047192424.jpg\",\"datePublished\":\"2016-05-18T15:16:36+00:00\",\"dateModified\":\"2025-03-24T11:19:08+00:00\",\"breadcrumb\":{\"@id\":\"https:\\\/\\\/www.iemj.org\\\/it\\\/kirch-albert-1918-2016\\\/#breadcrumb\"},\"inLanguage\":\"it-IT\",\"potentialAction\":[{\"@type\":\"ReadAction\",\"target\":[\"https:\\\/\\\/www.iemj.org\\\/it\\\/kirch-albert-1918-2016\\\/\"]}]},{\"@type\":\"ImageObject\",\"inLanguage\":\"it-IT\",\"@id\":\"https:\\\/\\\/www.iemj.org\\\/it\\\/kirch-albert-1918-2016\\\/#primaryimage\",\"url\":\"https:\\\/\\\/www.iemj.org\\\/wp-content\\\/uploads\\\/2016\\\/05\\\/arton1701-e1625047192424.jpg\",\"contentUrl\":\"https:\\\/\\\/www.iemj.org\\\/wp-content\\\/uploads\\\/2016\\\/05\\\/arton1701-e1625047192424.jpg\",\"width\":228,\"height\":218},{\"@type\":\"BreadcrumbList\",\"@id\":\"https:\\\/\\\/www.iemj.org\\\/it\\\/kirch-albert-1918-2016\\\/#breadcrumb\",\"itemListElement\":[{\"@type\":\"ListItem\",\"position\":1,\"name\":\"Accueil\",\"item\":\"https:\\\/\\\/www.iemj.org\\\/it\\\/\"},{\"@type\":\"ListItem\",\"position\":2,\"name\":\"Kirch, Albert (1918-2016)\"}]},{\"@type\":\"WebSite\",\"@id\":\"https:\\\/\\\/www.iemj.org\\\/it\\\/#website\",\"url\":\"https:\\\/\\\/www.iemj.org\\\/it\\\/\",\"name\":\"Institut Europ\u00e9en des Musiques Juives\",\"description\":\"Des traditions musicales \u00e0 la port\u00e9e de tous\",\"publisher\":{\"@id\":\"https:\\\/\\\/www.iemj.org\\\/it\\\/#organization\"},\"potentialAction\":[{\"@type\":\"SearchAction\",\"target\":{\"@type\":\"EntryPoint\",\"urlTemplate\":\"https:\\\/\\\/www.iemj.org\\\/it\\\/?s={search_term_string}\"},\"query-input\":{\"@type\":\"PropertyValueSpecification\",\"valueRequired\":true,\"valueName\":\"search_term_string\"}}],\"inLanguage\":\"it-IT\"},{\"@type\":\"Organization\",\"@id\":\"https:\\\/\\\/www.iemj.org\\\/it\\\/#organization\",\"name\":\"Institut Europ\u00e9en des Musiques Juives\",\"url\":\"https:\\\/\\\/www.iemj.org\\\/it\\\/\",\"logo\":{\"@type\":\"ImageObject\",\"inLanguage\":\"it-IT\",\"@id\":\"https:\\\/\\\/www.iemj.org\\\/it\\\/#\\\/schema\\\/logo\\\/image\\\/\",\"url\":\"https:\\\/\\\/www.iemj.org\\\/wp-content\\\/uploads\\\/2021\\\/09\\\/Logo-IEMJ-Paypal.jpg\",\"contentUrl\":\"https:\\\/\\\/www.iemj.org\\\/wp-content\\\/uploads\\\/2021\\\/09\\\/Logo-IEMJ-Paypal.jpg\",\"width\":150,\"height\":50,\"caption\":\"Institut Europ\u00e9en des Musiques Juives\"},\"image\":{\"@id\":\"https:\\\/\\\/www.iemj.org\\\/it\\\/#\\\/schema\\\/logo\\\/image\\\/\"},\"sameAs\":[\"https:\\\/\\\/www.facebook.com\\\/MusiquesJuives\\\/\",\"https:\\\/\\\/www.instagram.com\\\/musiquesjuives\\\/\",\"https:\\\/\\\/www.youtube.com\\\/user\\\/musiquesjuives\"]},{\"@type\":\"Person\",\"@id\":\"https:\\\/\\\/www.iemj.org\\\/it\\\/#\\\/schema\\\/person\\\/e2ad57f2c4be119c7ed8ab79036807a9\",\"name\":\"Lea Couderc\",\"image\":{\"@type\":\"ImageObject\",\"inLanguage\":\"it-IT\",\"@id\":\"https:\\\/\\\/secure.gravatar.com\\\/avatar\\\/46ee021475d60aeff17a7e490b79dea5a5684bb392ab7fd1494027411df8ba23?s=96&d=mm&r=g\",\"url\":\"https:\\\/\\\/secure.gravatar.com\\\/avatar\\\/46ee021475d60aeff17a7e490b79dea5a5684bb392ab7fd1494027411df8ba23?s=96&d=mm&r=g\",\"contentUrl\":\"https:\\\/\\\/secure.gravatar.com\\\/avatar\\\/46ee021475d60aeff17a7e490b79dea5a5684bb392ab7fd1494027411df8ba23?s=96&d=mm&r=g\",\"caption\":\"Lea Couderc\"}}]}<\/script>\n<!-- \/ Yoast SEO plugin. -->","yoast_head_json":{"title":"Kirch, Albert (1918-2016) - Institut Europ\u00e9en des Musiques Juives","robots":{"index":"index","follow":"follow","max-snippet":"max-snippet:-1","max-image-preview":"max-image-preview:large","max-video-preview":"max-video-preview:-1"},"canonical":"https:\/\/www.iemj.org\/it\/kirch-albert-1918-2016\/","og_locale":"it_IT","og_type":"article","og_title":"Kirch, Albert (1918-2016) - Institut Europ\u00e9en des Musiques Juives","og_description":"Morto il 18 aprile 2016 all&#8217;et\u00e0 di 98 anni, Albert Kirch \u00e8 stato per pi\u00f9 di 30 anni cantore della comunit\u00e0 di Metz. Questo articolo vuole rendergli omaggio. Ascoltare in","og_url":"https:\/\/www.iemj.org\/it\/kirch-albert-1918-2016\/","og_site_name":"Institut Europ\u00e9en des Musiques Juives","article_publisher":"https:\/\/www.facebook.com\/MusiquesJuives\/","article_published_time":"2016-05-18T15:16:36+00:00","article_modified_time":"2025-03-24T11:19:08+00:00","og_image":[{"width":228,"height":218,"url":"https:\/\/www.iemj.org\/wp-content\/uploads\/2016\/05\/arton1701-e1625047192424.jpg","type":"image\/jpeg"}],"author":"Lea Couderc","twitter_card":"summary_large_image","twitter_misc":{"Scritto da":"Lea Couderc","Tempo di lettura stimato":"3 minuti"},"schema":{"@context":"https:\/\/schema.org","@graph":[{"@type":"Article","@id":"https:\/\/www.iemj.org\/it\/kirch-albert-1918-2016\/#article","isPartOf":{"@id":"https:\/\/www.iemj.org\/it\/kirch-albert-1918-2016\/"},"author":{"name":"Lea Couderc","@id":"https:\/\/www.iemj.org\/it\/#\/schema\/person\/e2ad57f2c4be119c7ed8ab79036807a9"},"headline":"Kirch, Albert (1918-2016)","datePublished":"2016-05-18T15:16:36+00:00","dateModified":"2025-03-24T11:19:08+00:00","mainEntityOfPage":{"@id":"https:\/\/www.iemj.org\/it\/kirch-albert-1918-2016\/"},"wordCount":410,"publisher":{"@id":"https:\/\/www.iemj.org\/it\/#organization"},"image":{"@id":"https:\/\/www.iemj.org\/it\/kirch-albert-1918-2016\/#primaryimage"},"thumbnailUrl":"https:\/\/www.iemj.org\/wp-content\/uploads\/2016\/05\/arton1701-e1625047192424.jpg","articleSection":["Biografie"],"inLanguage":"it-IT"},{"@type":"WebPage","@id":"https:\/\/www.iemj.org\/it\/kirch-albert-1918-2016\/","url":"https:\/\/www.iemj.org\/it\/kirch-albert-1918-2016\/","name":"Kirch, Albert (1918-2016) - Institut Europ\u00e9en des Musiques Juives","isPartOf":{"@id":"https:\/\/www.iemj.org\/it\/#website"},"primaryImageOfPage":{"@id":"https:\/\/www.iemj.org\/it\/kirch-albert-1918-2016\/#primaryimage"},"image":{"@id":"https:\/\/www.iemj.org\/it\/kirch-albert-1918-2016\/#primaryimage"},"thumbnailUrl":"https:\/\/www.iemj.org\/wp-content\/uploads\/2016\/05\/arton1701-e1625047192424.jpg","datePublished":"2016-05-18T15:16:36+00:00","dateModified":"2025-03-24T11:19:08+00:00","breadcrumb":{"@id":"https:\/\/www.iemj.org\/it\/kirch-albert-1918-2016\/#breadcrumb"},"inLanguage":"it-IT","potentialAction":[{"@type":"ReadAction","target":["https:\/\/www.iemj.org\/it\/kirch-albert-1918-2016\/"]}]},{"@type":"ImageObject","inLanguage":"it-IT","@id":"https:\/\/www.iemj.org\/it\/kirch-albert-1918-2016\/#primaryimage","url":"https:\/\/www.iemj.org\/wp-content\/uploads\/2016\/05\/arton1701-e1625047192424.jpg","contentUrl":"https:\/\/www.iemj.org\/wp-content\/uploads\/2016\/05\/arton1701-e1625047192424.jpg","width":228,"height":218},{"@type":"BreadcrumbList","@id":"https:\/\/www.iemj.org\/it\/kirch-albert-1918-2016\/#breadcrumb","itemListElement":[{"@type":"ListItem","position":1,"name":"Accueil","item":"https:\/\/www.iemj.org\/it\/"},{"@type":"ListItem","position":2,"name":"Kirch, Albert (1918-2016)"}]},{"@type":"WebSite","@id":"https:\/\/www.iemj.org\/it\/#website","url":"https:\/\/www.iemj.org\/it\/","name":"Institut Europ\u00e9en des Musiques Juives","description":"Des traditions musicales \u00e0 la port\u00e9e de tous","publisher":{"@id":"https:\/\/www.iemj.org\/it\/#organization"},"potentialAction":[{"@type":"SearchAction","target":{"@type":"EntryPoint","urlTemplate":"https:\/\/www.iemj.org\/it\/?s={search_term_string}"},"query-input":{"@type":"PropertyValueSpecification","valueRequired":true,"valueName":"search_term_string"}}],"inLanguage":"it-IT"},{"@type":"Organization","@id":"https:\/\/www.iemj.org\/it\/#organization","name":"Institut Europ\u00e9en des Musiques Juives","url":"https:\/\/www.iemj.org\/it\/","logo":{"@type":"ImageObject","inLanguage":"it-IT","@id":"https:\/\/www.iemj.org\/it\/#\/schema\/logo\/image\/","url":"https:\/\/www.iemj.org\/wp-content\/uploads\/2021\/09\/Logo-IEMJ-Paypal.jpg","contentUrl":"https:\/\/www.iemj.org\/wp-content\/uploads\/2021\/09\/Logo-IEMJ-Paypal.jpg","width":150,"height":50,"caption":"Institut Europ\u00e9en des Musiques Juives"},"image":{"@id":"https:\/\/www.iemj.org\/it\/#\/schema\/logo\/image\/"},"sameAs":["https:\/\/www.facebook.com\/MusiquesJuives\/","https:\/\/www.instagram.com\/musiquesjuives\/","https:\/\/www.youtube.com\/user\/musiquesjuives"]},{"@type":"Person","@id":"https:\/\/www.iemj.org\/it\/#\/schema\/person\/e2ad57f2c4be119c7ed8ab79036807a9","name":"Lea Couderc","image":{"@type":"ImageObject","inLanguage":"it-IT","@id":"https:\/\/secure.gravatar.com\/avatar\/46ee021475d60aeff17a7e490b79dea5a5684bb392ab7fd1494027411df8ba23?s=96&d=mm&r=g","url":"https:\/\/secure.gravatar.com\/avatar\/46ee021475d60aeff17a7e490b79dea5a5684bb392ab7fd1494027411df8ba23?s=96&d=mm&r=g","contentUrl":"https:\/\/secure.gravatar.com\/avatar\/46ee021475d60aeff17a7e490b79dea5a5684bb392ab7fd1494027411df8ba23?s=96&d=mm&r=g","caption":"Lea Couderc"}}]}},"_links":{"self":[{"href":"https:\/\/www.iemj.org\/it\/wp-json\/wp\/v2\/posts\/88594","targetHints":{"allow":["GET"]}}],"collection":[{"href":"https:\/\/www.iemj.org\/it\/wp-json\/wp\/v2\/posts"}],"about":[{"href":"https:\/\/www.iemj.org\/it\/wp-json\/wp\/v2\/types\/post"}],"author":[{"embeddable":true,"href":"https:\/\/www.iemj.org\/it\/wp-json\/wp\/v2\/users\/1052"}],"replies":[{"embeddable":true,"href":"https:\/\/www.iemj.org\/it\/wp-json\/wp\/v2\/comments?post=88594"}],"version-history":[{"count":0,"href":"https:\/\/www.iemj.org\/it\/wp-json\/wp\/v2\/posts\/88594\/revisions"}],"wp:featuredmedia":[{"embeddable":true,"href":"https:\/\/www.iemj.org\/it\/wp-json\/wp\/v2\/media\/52004"}],"wp:attachment":[{"href":"https:\/\/www.iemj.org\/it\/wp-json\/wp\/v2\/media?parent=88594"}],"wp:term":[{"taxonomy":"category","embeddable":true,"href":"https:\/\/www.iemj.org\/it\/wp-json\/wp\/v2\/categories?post=88594"},{"taxonomy":"post_tag","embeddable":true,"href":"https:\/\/www.iemj.org\/it\/wp-json\/wp\/v2\/tags?post=88594"},{"taxonomy":"technique","embeddable":true,"href":"https:\/\/www.iemj.org\/it\/wp-json\/wp\/v2\/technique?post=88594"},{"taxonomy":"squelettes","embeddable":true,"href":"https:\/\/www.iemj.org\/it\/wp-json\/wp\/v2\/squelettes?post=88594"},{"taxonomy":"sujet","embeddable":true,"href":"https:\/\/www.iemj.org\/it\/wp-json\/wp\/v2\/sujet?post=88594"},{"taxonomy":"formation","embeddable":true,"href":"https:\/\/www.iemj.org\/it\/wp-json\/wp\/v2\/formation?post=88594"},{"taxonomy":"genre","embeddable":true,"href":"https:\/\/www.iemj.org\/it\/wp-json\/wp\/v2\/genre?post=88594"},{"taxonomy":"fonds","embeddable":true,"href":"https:\/\/www.iemj.org\/it\/wp-json\/wp\/v2\/fonds?post=88594"},{"taxonomy":"tradition","embeddable":true,"href":"https:\/\/www.iemj.org\/it\/wp-json\/wp\/v2\/tradition?post=88594"},{"taxonomy":"type-de-contenu","embeddable":true,"href":"https:\/\/www.iemj.org\/it\/wp-json\/wp\/v2\/type-de-contenu?post=88594"},{"taxonomy":"interprete-compositeur","embeddable":true,"href":"https:\/\/www.iemj.org\/it\/wp-json\/wp\/v2\/interprete-compositeur?post=88594"},{"taxonomy":"frise","embeddable":true,"href":"https:\/\/www.iemj.org\/it\/wp-json\/wp\/v2\/frise?post=88594"},{"taxonomy":"type-devenement","embeddable":true,"href":"https:\/\/www.iemj.org\/it\/wp-json\/wp\/v2\/type-devenement?post=88594"},{"taxonomy":"tableaux-liens-externes","embeddable":true,"href":"https:\/\/www.iemj.org\/it\/wp-json\/wp\/v2\/tableaux-liens-externes?post=88594"}],"curies":[{"name":"wp","href":"https:\/\/api.w.org\/{rel}","templated":true}]}}