{"id":88653,"date":"2021-10-11T12:37:41","date_gmt":"2021-10-11T10:37:41","guid":{"rendered":"https:\/\/www.iemj.org\/levin-leibu-1914-1983\/"},"modified":"2022-10-10T14:59:41","modified_gmt":"2022-10-10T12:59:41","slug":"levin-leibu-1914-1983","status":"publish","type":"post","link":"https:\/\/www.iemj.org\/it\/levin-leibu-1914-1983\/","title":{"rendered":"Levin, Leibu (1914-1983)"},"content":{"rendered":"<p><strong>Leibu Levin<\/strong> nasce a Kimpelung, Bucovina, nel 1914. Dal 1919\u00a0 vive a Czernowitz. Studia lingua e letteratura yiddish presso il seminario &#8220;Yiddisher Shul-Farayn&#8221; ed allo stesso tempo appare nel corso di recital di prosa e poesia yiddish, cantando spesso le sue stesse melodie. I primi recital di Levin sono acclamati calorosamente dal linguista e filologo Dr. Haim Gininger. In un lungo ed elogiativo articolo, pubblicato sulla rivista letteraria di Bucarest &#8220;Di Vokh&#8221; il 31 gennaio 1935, scrive: &#8220;Leibu Levin si \u00e8 dimostrato un ottimo interprete della poesia yiddish&#8230; Levin \u00e8 forse il primo a interpretare Manger. Mai prima d&#8217;ora siamo stati cos\u00ec inebriati dal paesaggio e dal profumo specifico di Manger come quando Levin ne ha recitato le sue ballate\u2026\u201d<\/p>\n<p>Hersh Segal pubblica nel 1939 a Czernowitz il piccolo album &#8220;Zeks Shloflider&#8221; (&#8220;Sei ninne nanne&#8221;), composto da melodie di Levin su dei poemi di I. Manger, H. Leivick, M.-L. Halpern, A. Reisen e N Yud , illustrato da Isiu Sherf. Una di queste canzoni intitolata &#8220;Az du vest batsoln, bruder&#8230;&#8221;, di M.-L Halpern, ha attraversato l&#8217;oceano per diventare una canzone popolare durante la vita stessa del compositore.<\/p>\n<figure id=\"attachment_69308\" aria-describedby=\"caption-attachment-69308\" style=\"width: 300px\" class=\"wp-caption alignright\"><img fetchpriority=\"high\" decoding=\"async\" class=\"wp-image-69308 size-medium\" src=\"https:\/\/www.iemj.org\/wp-content\/uploads\/2021\/10\/Leibu-Levin-a-doite-a-la-Yidisher-shulfarayn-milieu-des-annees-30-a-Czernowitz_250px-hauteur-300x192.jpg\" alt=\"\" width=\"300\" height=\"192\" srcset=\"https:\/\/www.iemj.org\/wp-content\/uploads\/2021\/10\/Leibu-Levin-a-doite-a-la-Yidisher-shulfarayn-milieu-des-annees-30-a-Czernowitz_250px-hauteur-300x192.jpg 300w, https:\/\/www.iemj.org\/wp-content\/uploads\/2021\/10\/Leibu-Levin-a-doite-a-la-Yidisher-shulfarayn-milieu-des-annees-30-a-Czernowitz_250px-hauteur.jpg 391w\" sizes=\"(max-width: 300px) 100vw, 300px\" \/><figcaption id=\"caption-attachment-69308\" class=\"wp-caption-text\"><strong>Leibu Levin a destra, alla Yidisher shulfarayn (Unione delle scuole ebraiche), a met\u00e0 degli anni 30 a Czernowitz <\/strong><\/figcaption><\/figure>\n<p>Leibu Levin tiene innumerevoli recital a Czernowitz, Bucarest ed in molte citt\u00e0 della Romania. \u00c8 un vero troubadour (trovatore) della letteratura yiddish. Recita le favole di Elieser Steinbarg anche prima che siano pubblicate. A Beldz (Bessarabia), incontra il folclorista Zelik Barditshever ed diventa il primo artista ad interpretare le sue canzoni sulla scena. Le partiture del libro \u201cZelik Barditshever. Lider Mit Nigunim\u201d, pubblicate da Hersh Segal a Czernowitz nel 1939, sono precisamente trascritte seguendo il canto e l&#8217;interpretazione di Leibu Levin.<\/p>\n<p>Quando nel 1941 scoppia la guerra tra Germania e URSS, Levin \u00e8 richiamato ed inviato pi\u00f9 tardi in un campo di lavoro negli Urali. Nel 1942 \u00e8 arrestato e condannato senza processo a quindici anni di carcere. E\u2019 solo nel 1956 che \u00e8 rilasciato e finalmente &#8220;riabilitato&#8221;. Si esibisce per altri sei anni &#8211; tre dei quali con Nechama Lifshitz &#8211; ma deve poi abbandonare la scena, la sua salute essendo stata gravemente compromessa durante il tempo trascorso nei campi di prigionia.<\/p>\n<p>Tuttavia, si ostina a mettere in musica la poesia yiddish. Nel 1972 emigra in Israele. E\u2019 allora che mette in musica, tra l&#8217;altro, sei poemi in ebraico. Alcune registrazioni delle sue canzoni sono fatte da Kol Israel negli anni Settanta. Traduce anche dal tedesco in yiddish tutte le poesie della poetessa di Czernowitz, Selma Meerbaum-Eisinger (cugina di Paul Celan), morta in un campo nazista all&#8217;et\u00e0 di 18 anni, e mette in musica sei delle sue poesie. Anche il suo ultimo concerto nel 1982, a Gerusalemme, \u00e8 registrato da Kol Israel.<\/p>\n<p>Leibu Levin muore nel 1983, a Herzlia, in Israele, all&#8217;et\u00e0 di 69 anni. Lascia circa 80 composizioni create a partire dalle pi\u00f9 belle parole della poesia yiddish. Le canzoni su testi di poesie in ebraico, con arrangiamenti per pianoforte di Hanan Winternitz, sono pubblicate nel 1990 presso la Biblioteca musicale Nisimov di Tel Aviv.<a href=\"https:\/\/www.iemj.org\/it\/leibu-levin-word-and-melody-yiddish-poetry-set-to-music\/\" target=\"_blank\" rel=\"noopener\">Un&#8217;antologia di 49 canzoni tratte dalla poesia yiddish, con arrangiamenti per pianoforte di H. Winternitz, \u00e8 pubblicata nel 2005 dalle Edizioni \u00ab I. L. Peretz Publications \u00bb, a Tel Aviv<\/a>. Questa antologia contiene 49 canzoni su poesie di 21 poeti yiddish (I. Manger, H. Leivick, A. Reisen, H. N. Bialik, M.-L. Halpern e altri), delle foto e dei disegni. Ruth Levin, figlia del compositore e cantante rinomata, ne ha scritto la prefazione e l&#8217;epilogo. Tutti i testi sono in yiddish, inglese ed ebraico.<\/p>\n<p><a href=\"https:\/\/www.iemj.org\/les-faces-cachees-de-la-musique-juive-leibu-levin\/\" target=\"_blank\" rel=\"noopener\">Ascolta il programma radiofonico Les faces cach\u00e9es de la musique juive : Leibu Levin<\/a><\/p>\n\n\n<p><\/p>\n","protected":false},"excerpt":{"rendered":"<p>Leibu Levin nasce a Kimpelung, Bucovina, nel 1914. Dal 1919\u00a0 vive a Czernowitz. Studia lingua e letteratura yiddish presso il seminario &#8220;Yiddisher Shul-Farayn&#8221; ed allo stesso tempo appare nel corso<\/p>\n","protected":false},"author":5,"featured_media":69306,"comment_status":"closed","ping_status":"closed","sticky":false,"template":"","format":"standard","meta":{"_acf_changed":false,"footnotes":""},"categories":[1416],"tags":[],"technique":[],"squelettes":[],"sujet":[],"formation":[],"genre":[],"fonds":[],"tradition":[],"type-de-contenu":[],"interprete-compositeur":[],"frise":[],"type-devenement":[],"tableaux-liens-externes":[],"class_list":["post-88653","post","type-post","status-publish","format-standard","has-post-thumbnail","hentry","category-biografie-it"],"acf":[],"yoast_head":"<!-- This site is optimized with the Yoast SEO plugin v27.3 - https:\/\/yoast.com\/product\/yoast-seo-wordpress\/ -->\n<title>Levin, Leibu (1914-1983) - Institut Europ\u00e9en des Musiques Juives<\/title>\n<meta name=\"robots\" content=\"index, follow, max-snippet:-1, max-image-preview:large, max-video-preview:-1\" \/>\n<link rel=\"canonical\" href=\"https:\/\/www.iemj.org\/it\/levin-leibu-1914-1983\/\" \/>\n<meta property=\"og:locale\" content=\"it_IT\" \/>\n<meta property=\"og:type\" content=\"article\" \/>\n<meta property=\"og:title\" content=\"Levin, Leibu (1914-1983) - Institut Europ\u00e9en des Musiques Juives\" \/>\n<meta property=\"og:description\" content=\"Leibu Levin nasce a Kimpelung, Bucovina, nel 1914. Dal 1919\u00a0 vive a Czernowitz. Studia lingua e letteratura yiddish presso il seminario &#8220;Yiddisher Shul-Farayn&#8221; ed allo stesso tempo appare nel corso\" \/>\n<meta property=\"og:url\" content=\"https:\/\/www.iemj.org\/it\/levin-leibu-1914-1983\/\" \/>\n<meta property=\"og:site_name\" content=\"Institut Europ\u00e9en des Musiques Juives\" \/>\n<meta property=\"article:publisher\" content=\"https:\/\/www.facebook.com\/MusiquesJuives\/\" \/>\n<meta property=\"article:published_time\" content=\"2021-10-11T10:37:41+00:00\" \/>\n<meta property=\"article:modified_time\" content=\"2022-10-10T12:59:41+00:00\" \/>\n<meta property=\"og:image\" content=\"https:\/\/www.iemj.org\/wp-content\/uploads\/2021\/10\/Photo-Bio-Leibu-Levin2_218px-hauteur.jpg\" \/>\n\t<meta property=\"og:image:width\" content=\"157\" \/>\n\t<meta property=\"og:image:height\" content=\"218\" \/>\n\t<meta property=\"og:image:type\" content=\"image\/jpeg\" \/>\n<meta name=\"author\" content=\"Jacqueline ROTEN\" \/>\n<meta name=\"twitter:card\" content=\"summary_large_image\" \/>\n<meta name=\"twitter:label1\" content=\"Scritto da\" \/>\n\t<meta name=\"twitter:data1\" content=\"Jacqueline ROTEN\" \/>\n\t<meta name=\"twitter:label2\" content=\"Tempo di lettura stimato\" \/>\n\t<meta name=\"twitter:data2\" content=\"4 minuti\" \/>\n<script type=\"application\/ld+json\" class=\"yoast-schema-graph\">{\"@context\":\"https:\\\/\\\/schema.org\",\"@graph\":[{\"@type\":\"Article\",\"@id\":\"https:\\\/\\\/www.iemj.org\\\/it\\\/levin-leibu-1914-1983\\\/#article\",\"isPartOf\":{\"@id\":\"https:\\\/\\\/www.iemj.org\\\/it\\\/levin-leibu-1914-1983\\\/\"},\"author\":{\"name\":\"Jacqueline ROTEN\",\"@id\":\"https:\\\/\\\/www.iemj.org\\\/it\\\/#\\\/schema\\\/person\\\/358e26c18aca017fcc4cc15437f7279c\"},\"headline\":\"Levin, Leibu (1914-1983)\",\"datePublished\":\"2021-10-11T10:37:41+00:00\",\"dateModified\":\"2022-10-10T12:59:41+00:00\",\"mainEntityOfPage\":{\"@id\":\"https:\\\/\\\/www.iemj.org\\\/it\\\/levin-leibu-1914-1983\\\/\"},\"wordCount\":598,\"publisher\":{\"@id\":\"https:\\\/\\\/www.iemj.org\\\/it\\\/#organization\"},\"image\":{\"@id\":\"https:\\\/\\\/www.iemj.org\\\/it\\\/levin-leibu-1914-1983\\\/#primaryimage\"},\"thumbnailUrl\":\"https:\\\/\\\/www.iemj.org\\\/wp-content\\\/uploads\\\/2021\\\/10\\\/Photo-Bio-Leibu-Levin2_218px-hauteur.jpg\",\"articleSection\":[\"Biografie\"],\"inLanguage\":\"it-IT\"},{\"@type\":\"WebPage\",\"@id\":\"https:\\\/\\\/www.iemj.org\\\/it\\\/levin-leibu-1914-1983\\\/\",\"url\":\"https:\\\/\\\/www.iemj.org\\\/it\\\/levin-leibu-1914-1983\\\/\",\"name\":\"Levin, Leibu (1914-1983) - Institut Europ\u00e9en des Musiques Juives\",\"isPartOf\":{\"@id\":\"https:\\\/\\\/www.iemj.org\\\/it\\\/#website\"},\"primaryImageOfPage\":{\"@id\":\"https:\\\/\\\/www.iemj.org\\\/it\\\/levin-leibu-1914-1983\\\/#primaryimage\"},\"image\":{\"@id\":\"https:\\\/\\\/www.iemj.org\\\/it\\\/levin-leibu-1914-1983\\\/#primaryimage\"},\"thumbnailUrl\":\"https:\\\/\\\/www.iemj.org\\\/wp-content\\\/uploads\\\/2021\\\/10\\\/Photo-Bio-Leibu-Levin2_218px-hauteur.jpg\",\"datePublished\":\"2021-10-11T10:37:41+00:00\",\"dateModified\":\"2022-10-10T12:59:41+00:00\",\"breadcrumb\":{\"@id\":\"https:\\\/\\\/www.iemj.org\\\/it\\\/levin-leibu-1914-1983\\\/#breadcrumb\"},\"inLanguage\":\"it-IT\",\"potentialAction\":[{\"@type\":\"ReadAction\",\"target\":[\"https:\\\/\\\/www.iemj.org\\\/it\\\/levin-leibu-1914-1983\\\/\"]}]},{\"@type\":\"ImageObject\",\"inLanguage\":\"it-IT\",\"@id\":\"https:\\\/\\\/www.iemj.org\\\/it\\\/levin-leibu-1914-1983\\\/#primaryimage\",\"url\":\"https:\\\/\\\/www.iemj.org\\\/wp-content\\\/uploads\\\/2021\\\/10\\\/Photo-Bio-Leibu-Levin2_218px-hauteur.jpg\",\"contentUrl\":\"https:\\\/\\\/www.iemj.org\\\/wp-content\\\/uploads\\\/2021\\\/10\\\/Photo-Bio-Leibu-Levin2_218px-hauteur.jpg\",\"width\":157,\"height\":218,\"caption\":\"Photo Bio Leibu Levin\"},{\"@type\":\"BreadcrumbList\",\"@id\":\"https:\\\/\\\/www.iemj.org\\\/it\\\/levin-leibu-1914-1983\\\/#breadcrumb\",\"itemListElement\":[{\"@type\":\"ListItem\",\"position\":1,\"name\":\"Accueil\",\"item\":\"https:\\\/\\\/www.iemj.org\\\/it\\\/\"},{\"@type\":\"ListItem\",\"position\":2,\"name\":\"Levin, Leibu (1914-1983)\"}]},{\"@type\":\"WebSite\",\"@id\":\"https:\\\/\\\/www.iemj.org\\\/it\\\/#website\",\"url\":\"https:\\\/\\\/www.iemj.org\\\/it\\\/\",\"name\":\"Institut Europ\u00e9en des Musiques Juives\",\"description\":\"Des traditions musicales \u00e0 la port\u00e9e de tous\",\"publisher\":{\"@id\":\"https:\\\/\\\/www.iemj.org\\\/it\\\/#organization\"},\"potentialAction\":[{\"@type\":\"SearchAction\",\"target\":{\"@type\":\"EntryPoint\",\"urlTemplate\":\"https:\\\/\\\/www.iemj.org\\\/it\\\/?s={search_term_string}\"},\"query-input\":{\"@type\":\"PropertyValueSpecification\",\"valueRequired\":true,\"valueName\":\"search_term_string\"}}],\"inLanguage\":\"it-IT\"},{\"@type\":\"Organization\",\"@id\":\"https:\\\/\\\/www.iemj.org\\\/it\\\/#organization\",\"name\":\"Institut Europ\u00e9en des Musiques Juives\",\"url\":\"https:\\\/\\\/www.iemj.org\\\/it\\\/\",\"logo\":{\"@type\":\"ImageObject\",\"inLanguage\":\"it-IT\",\"@id\":\"https:\\\/\\\/www.iemj.org\\\/it\\\/#\\\/schema\\\/logo\\\/image\\\/\",\"url\":\"https:\\\/\\\/www.iemj.org\\\/wp-content\\\/uploads\\\/2021\\\/09\\\/Logo-IEMJ-Paypal.jpg\",\"contentUrl\":\"https:\\\/\\\/www.iemj.org\\\/wp-content\\\/uploads\\\/2021\\\/09\\\/Logo-IEMJ-Paypal.jpg\",\"width\":150,\"height\":50,\"caption\":\"Institut Europ\u00e9en des Musiques Juives\"},\"image\":{\"@id\":\"https:\\\/\\\/www.iemj.org\\\/it\\\/#\\\/schema\\\/logo\\\/image\\\/\"},\"sameAs\":[\"https:\\\/\\\/www.facebook.com\\\/MusiquesJuives\\\/\",\"https:\\\/\\\/www.instagram.com\\\/musiquesjuives\\\/\",\"https:\\\/\\\/www.youtube.com\\\/user\\\/musiquesjuives\"]},{\"@type\":\"Person\",\"@id\":\"https:\\\/\\\/www.iemj.org\\\/it\\\/#\\\/schema\\\/person\\\/358e26c18aca017fcc4cc15437f7279c\",\"name\":\"Jacqueline ROTEN\",\"image\":{\"@type\":\"ImageObject\",\"inLanguage\":\"it-IT\",\"@id\":\"https:\\\/\\\/secure.gravatar.com\\\/avatar\\\/5964256d6c6957de3a3505278957e0fb2a35119ac47ea41827a65301213c810b?s=96&d=mm&r=g\",\"url\":\"https:\\\/\\\/secure.gravatar.com\\\/avatar\\\/5964256d6c6957de3a3505278957e0fb2a35119ac47ea41827a65301213c810b?s=96&d=mm&r=g\",\"contentUrl\":\"https:\\\/\\\/secure.gravatar.com\\\/avatar\\\/5964256d6c6957de3a3505278957e0fb2a35119ac47ea41827a65301213c810b?s=96&d=mm&r=g\",\"caption\":\"Jacqueline ROTEN\"}}]}<\/script>\n<!-- \/ Yoast SEO plugin. -->","yoast_head_json":{"title":"Levin, Leibu (1914-1983) - Institut Europ\u00e9en des Musiques Juives","robots":{"index":"index","follow":"follow","max-snippet":"max-snippet:-1","max-image-preview":"max-image-preview:large","max-video-preview":"max-video-preview:-1"},"canonical":"https:\/\/www.iemj.org\/it\/levin-leibu-1914-1983\/","og_locale":"it_IT","og_type":"article","og_title":"Levin, Leibu (1914-1983) - Institut Europ\u00e9en des Musiques Juives","og_description":"Leibu Levin nasce a Kimpelung, Bucovina, nel 1914. Dal 1919\u00a0 vive a Czernowitz. Studia lingua e letteratura yiddish presso il seminario &#8220;Yiddisher Shul-Farayn&#8221; ed allo stesso tempo appare nel corso","og_url":"https:\/\/www.iemj.org\/it\/levin-leibu-1914-1983\/","og_site_name":"Institut Europ\u00e9en des Musiques Juives","article_publisher":"https:\/\/www.facebook.com\/MusiquesJuives\/","article_published_time":"2021-10-11T10:37:41+00:00","article_modified_time":"2022-10-10T12:59:41+00:00","og_image":[{"width":157,"height":218,"url":"https:\/\/www.iemj.org\/wp-content\/uploads\/2021\/10\/Photo-Bio-Leibu-Levin2_218px-hauteur.jpg","type":"image\/jpeg"}],"author":"Jacqueline ROTEN","twitter_card":"summary_large_image","twitter_misc":{"Scritto da":"Jacqueline ROTEN","Tempo di lettura stimato":"4 minuti"},"schema":{"@context":"https:\/\/schema.org","@graph":[{"@type":"Article","@id":"https:\/\/www.iemj.org\/it\/levin-leibu-1914-1983\/#article","isPartOf":{"@id":"https:\/\/www.iemj.org\/it\/levin-leibu-1914-1983\/"},"author":{"name":"Jacqueline ROTEN","@id":"https:\/\/www.iemj.org\/it\/#\/schema\/person\/358e26c18aca017fcc4cc15437f7279c"},"headline":"Levin, Leibu (1914-1983)","datePublished":"2021-10-11T10:37:41+00:00","dateModified":"2022-10-10T12:59:41+00:00","mainEntityOfPage":{"@id":"https:\/\/www.iemj.org\/it\/levin-leibu-1914-1983\/"},"wordCount":598,"publisher":{"@id":"https:\/\/www.iemj.org\/it\/#organization"},"image":{"@id":"https:\/\/www.iemj.org\/it\/levin-leibu-1914-1983\/#primaryimage"},"thumbnailUrl":"https:\/\/www.iemj.org\/wp-content\/uploads\/2021\/10\/Photo-Bio-Leibu-Levin2_218px-hauteur.jpg","articleSection":["Biografie"],"inLanguage":"it-IT"},{"@type":"WebPage","@id":"https:\/\/www.iemj.org\/it\/levin-leibu-1914-1983\/","url":"https:\/\/www.iemj.org\/it\/levin-leibu-1914-1983\/","name":"Levin, Leibu (1914-1983) - Institut Europ\u00e9en des Musiques Juives","isPartOf":{"@id":"https:\/\/www.iemj.org\/it\/#website"},"primaryImageOfPage":{"@id":"https:\/\/www.iemj.org\/it\/levin-leibu-1914-1983\/#primaryimage"},"image":{"@id":"https:\/\/www.iemj.org\/it\/levin-leibu-1914-1983\/#primaryimage"},"thumbnailUrl":"https:\/\/www.iemj.org\/wp-content\/uploads\/2021\/10\/Photo-Bio-Leibu-Levin2_218px-hauteur.jpg","datePublished":"2021-10-11T10:37:41+00:00","dateModified":"2022-10-10T12:59:41+00:00","breadcrumb":{"@id":"https:\/\/www.iemj.org\/it\/levin-leibu-1914-1983\/#breadcrumb"},"inLanguage":"it-IT","potentialAction":[{"@type":"ReadAction","target":["https:\/\/www.iemj.org\/it\/levin-leibu-1914-1983\/"]}]},{"@type":"ImageObject","inLanguage":"it-IT","@id":"https:\/\/www.iemj.org\/it\/levin-leibu-1914-1983\/#primaryimage","url":"https:\/\/www.iemj.org\/wp-content\/uploads\/2021\/10\/Photo-Bio-Leibu-Levin2_218px-hauteur.jpg","contentUrl":"https:\/\/www.iemj.org\/wp-content\/uploads\/2021\/10\/Photo-Bio-Leibu-Levin2_218px-hauteur.jpg","width":157,"height":218,"caption":"Photo Bio Leibu Levin"},{"@type":"BreadcrumbList","@id":"https:\/\/www.iemj.org\/it\/levin-leibu-1914-1983\/#breadcrumb","itemListElement":[{"@type":"ListItem","position":1,"name":"Accueil","item":"https:\/\/www.iemj.org\/it\/"},{"@type":"ListItem","position":2,"name":"Levin, Leibu (1914-1983)"}]},{"@type":"WebSite","@id":"https:\/\/www.iemj.org\/it\/#website","url":"https:\/\/www.iemj.org\/it\/","name":"Institut Europ\u00e9en des Musiques Juives","description":"Des traditions musicales \u00e0 la port\u00e9e de tous","publisher":{"@id":"https:\/\/www.iemj.org\/it\/#organization"},"potentialAction":[{"@type":"SearchAction","target":{"@type":"EntryPoint","urlTemplate":"https:\/\/www.iemj.org\/it\/?s={search_term_string}"},"query-input":{"@type":"PropertyValueSpecification","valueRequired":true,"valueName":"search_term_string"}}],"inLanguage":"it-IT"},{"@type":"Organization","@id":"https:\/\/www.iemj.org\/it\/#organization","name":"Institut Europ\u00e9en des Musiques Juives","url":"https:\/\/www.iemj.org\/it\/","logo":{"@type":"ImageObject","inLanguage":"it-IT","@id":"https:\/\/www.iemj.org\/it\/#\/schema\/logo\/image\/","url":"https:\/\/www.iemj.org\/wp-content\/uploads\/2021\/09\/Logo-IEMJ-Paypal.jpg","contentUrl":"https:\/\/www.iemj.org\/wp-content\/uploads\/2021\/09\/Logo-IEMJ-Paypal.jpg","width":150,"height":50,"caption":"Institut Europ\u00e9en des Musiques Juives"},"image":{"@id":"https:\/\/www.iemj.org\/it\/#\/schema\/logo\/image\/"},"sameAs":["https:\/\/www.facebook.com\/MusiquesJuives\/","https:\/\/www.instagram.com\/musiquesjuives\/","https:\/\/www.youtube.com\/user\/musiquesjuives"]},{"@type":"Person","@id":"https:\/\/www.iemj.org\/it\/#\/schema\/person\/358e26c18aca017fcc4cc15437f7279c","name":"Jacqueline ROTEN","image":{"@type":"ImageObject","inLanguage":"it-IT","@id":"https:\/\/secure.gravatar.com\/avatar\/5964256d6c6957de3a3505278957e0fb2a35119ac47ea41827a65301213c810b?s=96&d=mm&r=g","url":"https:\/\/secure.gravatar.com\/avatar\/5964256d6c6957de3a3505278957e0fb2a35119ac47ea41827a65301213c810b?s=96&d=mm&r=g","contentUrl":"https:\/\/secure.gravatar.com\/avatar\/5964256d6c6957de3a3505278957e0fb2a35119ac47ea41827a65301213c810b?s=96&d=mm&r=g","caption":"Jacqueline ROTEN"}}]}},"_links":{"self":[{"href":"https:\/\/www.iemj.org\/it\/wp-json\/wp\/v2\/posts\/88653","targetHints":{"allow":["GET"]}}],"collection":[{"href":"https:\/\/www.iemj.org\/it\/wp-json\/wp\/v2\/posts"}],"about":[{"href":"https:\/\/www.iemj.org\/it\/wp-json\/wp\/v2\/types\/post"}],"author":[{"embeddable":true,"href":"https:\/\/www.iemj.org\/it\/wp-json\/wp\/v2\/users\/5"}],"replies":[{"embeddable":true,"href":"https:\/\/www.iemj.org\/it\/wp-json\/wp\/v2\/comments?post=88653"}],"version-history":[{"count":0,"href":"https:\/\/www.iemj.org\/it\/wp-json\/wp\/v2\/posts\/88653\/revisions"}],"wp:featuredmedia":[{"embeddable":true,"href":"https:\/\/www.iemj.org\/it\/wp-json\/wp\/v2\/media\/69306"}],"wp:attachment":[{"href":"https:\/\/www.iemj.org\/it\/wp-json\/wp\/v2\/media?parent=88653"}],"wp:term":[{"taxonomy":"category","embeddable":true,"href":"https:\/\/www.iemj.org\/it\/wp-json\/wp\/v2\/categories?post=88653"},{"taxonomy":"post_tag","embeddable":true,"href":"https:\/\/www.iemj.org\/it\/wp-json\/wp\/v2\/tags?post=88653"},{"taxonomy":"technique","embeddable":true,"href":"https:\/\/www.iemj.org\/it\/wp-json\/wp\/v2\/technique?post=88653"},{"taxonomy":"squelettes","embeddable":true,"href":"https:\/\/www.iemj.org\/it\/wp-json\/wp\/v2\/squelettes?post=88653"},{"taxonomy":"sujet","embeddable":true,"href":"https:\/\/www.iemj.org\/it\/wp-json\/wp\/v2\/sujet?post=88653"},{"taxonomy":"formation","embeddable":true,"href":"https:\/\/www.iemj.org\/it\/wp-json\/wp\/v2\/formation?post=88653"},{"taxonomy":"genre","embeddable":true,"href":"https:\/\/www.iemj.org\/it\/wp-json\/wp\/v2\/genre?post=88653"},{"taxonomy":"fonds","embeddable":true,"href":"https:\/\/www.iemj.org\/it\/wp-json\/wp\/v2\/fonds?post=88653"},{"taxonomy":"tradition","embeddable":true,"href":"https:\/\/www.iemj.org\/it\/wp-json\/wp\/v2\/tradition?post=88653"},{"taxonomy":"type-de-contenu","embeddable":true,"href":"https:\/\/www.iemj.org\/it\/wp-json\/wp\/v2\/type-de-contenu?post=88653"},{"taxonomy":"interprete-compositeur","embeddable":true,"href":"https:\/\/www.iemj.org\/it\/wp-json\/wp\/v2\/interprete-compositeur?post=88653"},{"taxonomy":"frise","embeddable":true,"href":"https:\/\/www.iemj.org\/it\/wp-json\/wp\/v2\/frise?post=88653"},{"taxonomy":"type-devenement","embeddable":true,"href":"https:\/\/www.iemj.org\/it\/wp-json\/wp\/v2\/type-devenement?post=88653"},{"taxonomy":"tableaux-liens-externes","embeddable":true,"href":"https:\/\/www.iemj.org\/it\/wp-json\/wp\/v2\/tableaux-liens-externes?post=88653"}],"curies":[{"name":"wp","href":"https:\/\/api.w.org\/{rel}","templated":true}]}}