{"id":88848,"date":"2018-03-13T14:28:30","date_gmt":"2018-03-13T13:28:30","guid":{"rendered":"https:\/\/www.iemj.org\/messia-danielle-1956-1985-2\/"},"modified":"2025-09-08T17:27:23","modified_gmt":"2025-09-08T15:27:23","slug":"messia-danielle-1956-1985","status":"publish","type":"post","link":"https:\/\/www.iemj.org\/it\/messia-danielle-1956-1985\/","title":{"rendered":"Messia, Danielle (1956-1985)"},"content":{"rendered":"<p>Danielle Messia nata Mashiah, il 27 ottobre 1956 a Tel Aviv-Jaffa, Israele, \u00e8 un&#8217;autrice, compositrice ed interprete. Nel 1958 ha 3 anni quando i suoi genitori si trasferiscono in Francia, nella regione parigina. Danielle \u00e8 cresciuta con sua sorella C\u00e9cile. Suo padre abbandona la famiglia nel 1960 e va a vivere negli Stati Uniti senza lasciare un indirizzo.<\/p>\n<p>All&#8217;inizio degli anni &#8217;70, fa parte del gruppo folk &#8220;Grattons Labeur&#8221; che gira nella regione orleanese ed in molti caff\u00e8-cabaret in Bretagna con G\u00e9rard Blanchard. Allo stesso tempo, Danielle segue dei corsi di storia all&#8217;Universit\u00e0 di Orl\u00e9ans. Il gruppo pubblica un disco nel 1970, <em>Le Bal des sorciers<\/em>, pubblicato sotto l&#8217;etichetta di Morice Benin, ABA.<\/p>\n<p>Si lancia in seguito in una carriera da solista ed parte alla scoperta dell&#8217;Austria, della Romania e dell&#8217;Italia con la sua chitarra.<\/p>\n<p><img fetchpriority=\"high\" decoding=\"async\" class=\"size-full wp-image-16556 alignright\" src=\"https:\/\/www.iemj.org\/wp-content\/uploads\/2018\/03\/doc_messia_2_500px.jpg\" alt=\"doc_messia_2_500px.jpg\" width=\"400\" height=\"244\" align=\"middle\" srcset=\"https:\/\/www.iemj.org\/wp-content\/uploads\/2018\/03\/doc_messia_2_500px.jpg 400w, https:\/\/www.iemj.org\/wp-content\/uploads\/2018\/03\/doc_messia_2_500px-300x183.jpg 300w\" sizes=\"(max-width: 400px) 100vw, 400px\" \/>Tornata a Parigi, alla fine del 1978, vive in rue de Paradis in una stanzetta di servizio. Canta per la strada, nella metropolitana, nei centri giovanili e culturali.<\/p>\n<p>Alla fine del 1978 \u00e8 assunta all&#8217;\u00c9cume per le feste di fine anno dove fa un incontro decisivo, quello di <strong>Eddy Schaff<\/strong> che la fa lavorare sulla sua voce per una registrazione. In seguito Danielle dir\u00e0 &#8220;Mi ha insegnato a cantare, mi ha davvero fatto iniziare, mi ha dato fiducia&#8221;.<\/p>\n<p><strong>Jean Lavigne<\/strong> le fa registrare il suo primo disco stampato in mille copie ma che non uscir\u00e0 mai. Decide allora d\u2019invitare duecento personalit\u00e0 dello spettacolo, ma arriveranno solo due giornalisti<strong>, Jacques Vassal<\/strong> e <strong>Maurice Marouani<\/strong> che la segnalano alla casa discografica Barclay.<\/p>\n<p>Il suo primo disco <em>Il fait soleil<\/em> \u00e8 pubblicato soltanto nel 1981. Il suo secondo album <em>De la<\/em> <em>main gauche<\/em> \u00e8 pubblicato l&#8217;anno successivo e, lo stesso anno, raggiunge sua sorella C\u00e9cile che vive in California. Nell&#8217;ottobre 1982 si esibisce all&#8217;Olympia nell&#8217;ambito delle &#8220;Olympiades de la chanson&#8221;.<\/p>\n<p>Nel 1984 lascia Barclay e firma con Wea il suo terzo album <em>Carnaval<\/em>, datato 1985. Partecipa al Printemps de Bourges e al festival Equinoxe in Bretagna.<\/p>\n<p>Nel 1985, il cancro la raggiunge e soccombe ad una leucemia che curava dal 1983. Muore il 13 giugno 1985.<\/p>\n<p>Un anno dopo, gli amici di Danielle, G\u00e9rard Classe e Georges Nawrocki decidono di pubblicare l&#8217;album ricordo <em>Les Mots<\/em> con brani tratti dall&#8217;album mai pubblicato del 1979 e delle maquettes di studio. Questo album riceve il gran premio dell\u2019Accademia Charles Cros &#8220;in Memoriam&#8221;.<\/p>\n<p><img decoding=\"async\" class=\" aligncenter size-full wp-image-16558\" src=\"https:\/\/www.iemj.org\/wp-content\/uploads\/2018\/03\/doc_1_messia_500px.jpg\" alt=\"doc_1_messia_500px.jpg\" width=\"600\" height=\"296\" align=\"middle\" srcset=\"https:\/\/www.iemj.org\/wp-content\/uploads\/2018\/03\/doc_1_messia_500px.jpg 600w, https:\/\/www.iemj.org\/wp-content\/uploads\/2018\/03\/doc_1_messia_500px-300x148.jpg 300w\" sizes=\"(max-width: 600px) 100vw, 600px\" \/><br \/>Danielle Messia ha segnato gli anni &#8217;80 con canzoni testimonial (<em>Grand-m\u00e8re ghetto<\/em>), canzoni premonitrici (<em>Le Paradis des musicisti<\/em>), dipinti intimi <em>(De la main gauche<\/em>)&#8230; Questo viaggio da stella filante \u00e8 accompagnato da Eddy Schaaf, musicista che abbiamo ascoltato insieme ad Allain Leprest o Jacques Yvart.<\/p>\n<p><strong>Jean-Jacques Goldman<\/strong> le ha dedicato la sua canzone <em>Famille,<\/em> per lei ha anche scritto la musica per la canzone <em>Le temps des enfants<\/em>.<\/p>\n<p><strong>Fonti:<\/strong><br \/>&#8211; <a href=\"https:\/\/fr.wikipedia.org\/wiki\/Danielle_Messia\" target=\"_blank\" rel=\"noopener\">https:\/\/fr.wikipedia.org\/wiki\/Danielle_Messia<\/a><br \/>&#8211; <a href=\"http:\/\/les-mots-de-danielle-messia.over-blog.com\/\" target=\"_blank\" rel=\"noopener\">http:\/\/lesmotsdedaniellemessia.overblog.com\/<\/a><br \/>&#8211; <a href=\"http:\/\/anitta59.blogspot.fr\/2005\/12\/elle-sappelait-danielle-messia.html\" target=\"_blank\" rel=\"noopener\">http:\/\/anitta59.blogspot.fr\/2005\/12\/elle-sappelait-danielle-messia.html<\/a><\/p>\n<p><a href=\"https:\/\/www.discogs.com\/fr\/artist\/588406-Danielle-Messia\" target=\"_blank\" rel=\"noopener\">Consultare la sua discografia<\/a><\/p>\n<p><a href=\"http:\/\/www.rachelnet.net\/F\/?func=find-c&amp;ccl_term=WRD+%3D+Danielle+Messia&amp;local_base=iemcg\" target=\"_blank\" rel=\"noopener\">Consultare i nostri archivi su Danielle Messia<\/a><\/p>\n\n\n<figure class=\"wp-block-embed is-type-video is-provider-youtube wp-block-embed-youtube wp-embed-aspect-4-3 wp-has-aspect-ratio\"><div class=\"wp-block-embed__wrapper\">\n<iframe title=\"J&#039;vais m&#039;faire belle - Danielle Messia\" width=\"640\" height=\"480\" src=\"https:\/\/www.youtube.com\/embed\/_9YG5G4FBxs?feature=oembed\" frameborder=\"0\" allow=\"accelerometer; autoplay; clipboard-write; encrypted-media; gyroscope; picture-in-picture; web-share\" referrerpolicy=\"strict-origin-when-cross-origin\" allowfullscreen><\/iframe>\n<\/div><\/figure>\n\n\n\n<h2 class=\"wp-block-heading\"><\/h2>\n\n\n<div class=\"wp-block-image\">\n<figure class=\"aligncenter size-large\"><img decoding=\"async\" width=\"1024\" height=\"133\" src=\"https:\/\/www.iemj.org\/wp-content\/uploads\/2024\/03\/AUDIO-PLAYER-1024x133.png\" alt=\"\" class=\"wp-image-110609\" srcset=\"https:\/\/www.iemj.org\/wp-content\/uploads\/2024\/03\/AUDIO-PLAYER-1024x133.png 1024w, https:\/\/www.iemj.org\/wp-content\/uploads\/2024\/03\/AUDIO-PLAYER-300x39.png 300w, https:\/\/www.iemj.org\/wp-content\/uploads\/2024\/03\/AUDIO-PLAYER-768x100.png 768w, https:\/\/www.iemj.org\/wp-content\/uploads\/2024\/03\/AUDIO-PLAYER-600x78.png 600w, https:\/\/www.iemj.org\/wp-content\/uploads\/2024\/03\/AUDIO-PLAYER.png 1210w\" sizes=\"(max-width: 1024px) 100vw, 1024px\" \/><\/figure>\n<\/div>\n\n\n<div class=\"wp-block-file\"><a id=\"wp-block-file--media-8bc95365-ec7e-472c-8c5a-ad3ce9fe0882\" href=\"https:\/\/www.iemj.org\/wp-content\/uploads\/2018\/03\/canatamanana_extrait_-_danielle_messia.mp3\">Canatamanana (EXTRAIT) &#8211; Danielle Messia<\/a><\/div>\n\n\n\n<div class=\"wp-block-file\"><a id=\"wp-block-file--media-1cdc9b26-a8b0-42f5-a3fb-45920c8dcac1\" href=\"https:\/\/www.iemj.org\/wp-content\/uploads\/2018\/03\/de_la_main_gauche_extrait_-_danielle_messia.mp3\">De la Main gauche (EXTRAIT) &#8211; Danielle Messia<\/a><\/div>\n\n\n\n<div class=\"wp-block-file\"><a id=\"wp-block-file--media-4a8de89e-fc18-40fd-ad4a-da288e84aa0c\" href=\"https:\/\/www.iemj.org\/wp-content\/uploads\/2018\/03\/j_voudrais_m_poser_extrait_-_danielle_messia.mp3\">J&#8217;voudrais m&#8217;poser (EXTRAIT) &#8211; Danielle Messia<\/a><\/div>\n\n\n\n<div class=\"wp-block-file\"><a id=\"wp-block-file--media-85a3b029-f393-4fb3-a69a-939d3863c7c7\" href=\"https:\/\/www.iemj.org\/wp-content\/uploads\/2018\/03\/pourquoi_tu_m_as_abandonne_extrait_-_danielle_messia.mp3\">Pourquoi tu m&#8217;as abandonn\u00e9 (EXTRAIT) &#8211; Danielle Messia<\/a><\/div>\n\n\n\n<div class=\"wp-block-file\"><a id=\"wp-block-file--media-1a9902c9-8401-4fe2-82d1-4b2b4aded9e6\" href=\"https:\/\/www.iemj.org\/wp-content\/uploads\/2018\/03\/safari_extrait_-_danielle_messia.mp3\">Safari (EXTRAIT) &#8211; Danielle Messia<\/a><\/div>\n","protected":false},"excerpt":{"rendered":"<p>Danielle Messia nata Mashiah, il 27 ottobre 1956 a Tel Aviv-Jaffa, Israele, \u00e8 un&#8217;autrice, compositrice ed interprete. Nel 1958 ha 3 anni quando i suoi genitori si trasferiscono in Francia,<\/p>\n","protected":false},"author":1052,"featured_media":52185,"comment_status":"closed","ping_status":"closed","sticky":false,"template":"","format":"standard","meta":{"_acf_changed":false,"footnotes":""},"categories":[1416],"tags":[],"technique":[],"squelettes":[],"sujet":[],"formation":[],"genre":[1878],"fonds":[],"tradition":[],"type-de-contenu":[],"interprete-compositeur":[3123],"frise":[],"type-devenement":[],"tableaux-liens-externes":[],"class_list":["post-88848","post","type-post","status-publish","format-standard","has-post-thumbnail","hentry","category-biografie-it","genre-canzone-francese-it","interprete-compositeur-danielle-messia-it"],"acf":[],"yoast_head":"<!-- This site is optimized with the Yoast SEO plugin v27.3 - https:\/\/yoast.com\/product\/yoast-seo-wordpress\/ -->\n<title>Messia, Danielle (1956-1985) - Institut Europ\u00e9en des Musiques Juives<\/title>\n<meta name=\"robots\" content=\"index, follow, max-snippet:-1, max-image-preview:large, max-video-preview:-1\" \/>\n<link rel=\"canonical\" href=\"https:\/\/www.iemj.org\/it\/messia-danielle-1956-1985\/\" \/>\n<meta property=\"og:locale\" content=\"it_IT\" \/>\n<meta property=\"og:type\" content=\"article\" \/>\n<meta property=\"og:title\" content=\"Messia, Danielle (1956-1985) - Institut Europ\u00e9en des Musiques Juives\" \/>\n<meta property=\"og:description\" content=\"Danielle Messia nata Mashiah, il 27 ottobre 1956 a Tel Aviv-Jaffa, Israele, \u00e8 un&#8217;autrice, compositrice ed interprete. Nel 1958 ha 3 anni quando i suoi genitori si trasferiscono in Francia,\" \/>\n<meta property=\"og:url\" content=\"https:\/\/www.iemj.org\/it\/messia-danielle-1956-1985\/\" \/>\n<meta property=\"og:site_name\" content=\"Institut Europ\u00e9en des Musiques Juives\" \/>\n<meta property=\"article:publisher\" content=\"https:\/\/www.facebook.com\/MusiquesJuives\/\" \/>\n<meta property=\"article:published_time\" content=\"2018-03-13T13:28:30+00:00\" \/>\n<meta property=\"article:modified_time\" content=\"2025-09-08T15:27:23+00:00\" \/>\n<meta property=\"og:image\" content=\"https:\/\/www.iemj.org\/wp-content\/uploads\/2018\/03\/arton2757-e1625058970711.jpg\" \/>\n\t<meta property=\"og:image:width\" content=\"236\" \/>\n\t<meta property=\"og:image:height\" content=\"218\" \/>\n\t<meta property=\"og:image:type\" content=\"image\/jpeg\" \/>\n<meta name=\"author\" content=\"Lea Couderc\" \/>\n<meta name=\"twitter:card\" content=\"summary_large_image\" \/>\n<meta name=\"twitter:label1\" content=\"Scritto da\" \/>\n\t<meta name=\"twitter:data1\" content=\"Lea Couderc\" \/>\n\t<meta name=\"twitter:label2\" content=\"Tempo di lettura stimato\" \/>\n\t<meta name=\"twitter:data2\" content=\"4 minuti\" \/>\n<script type=\"application\/ld+json\" class=\"yoast-schema-graph\">{\"@context\":\"https:\\\/\\\/schema.org\",\"@graph\":[{\"@type\":\"Article\",\"@id\":\"https:\\\/\\\/www.iemj.org\\\/it\\\/messia-danielle-1956-1985\\\/#article\",\"isPartOf\":{\"@id\":\"https:\\\/\\\/www.iemj.org\\\/it\\\/messia-danielle-1956-1985\\\/\"},\"author\":{\"name\":\"Lea Couderc\",\"@id\":\"https:\\\/\\\/www.iemj.org\\\/it\\\/#\\\/schema\\\/person\\\/e2ad57f2c4be119c7ed8ab79036807a9\"},\"headline\":\"Messia, Danielle (1956-1985)\",\"datePublished\":\"2018-03-13T13:28:30+00:00\",\"dateModified\":\"2025-09-08T15:27:23+00:00\",\"mainEntityOfPage\":{\"@id\":\"https:\\\/\\\/www.iemj.org\\\/it\\\/messia-danielle-1956-1985\\\/\"},\"wordCount\":532,\"publisher\":{\"@id\":\"https:\\\/\\\/www.iemj.org\\\/it\\\/#organization\"},\"image\":{\"@id\":\"https:\\\/\\\/www.iemj.org\\\/it\\\/messia-danielle-1956-1985\\\/#primaryimage\"},\"thumbnailUrl\":\"https:\\\/\\\/www.iemj.org\\\/wp-content\\\/uploads\\\/2018\\\/03\\\/arton2757-e1625058970711.jpg\",\"articleSection\":[\"Biografie\"],\"inLanguage\":\"it-IT\"},{\"@type\":\"WebPage\",\"@id\":\"https:\\\/\\\/www.iemj.org\\\/it\\\/messia-danielle-1956-1985\\\/\",\"url\":\"https:\\\/\\\/www.iemj.org\\\/it\\\/messia-danielle-1956-1985\\\/\",\"name\":\"Messia, Danielle (1956-1985) - Institut Europ\u00e9en des Musiques Juives\",\"isPartOf\":{\"@id\":\"https:\\\/\\\/www.iemj.org\\\/it\\\/#website\"},\"primaryImageOfPage\":{\"@id\":\"https:\\\/\\\/www.iemj.org\\\/it\\\/messia-danielle-1956-1985\\\/#primaryimage\"},\"image\":{\"@id\":\"https:\\\/\\\/www.iemj.org\\\/it\\\/messia-danielle-1956-1985\\\/#primaryimage\"},\"thumbnailUrl\":\"https:\\\/\\\/www.iemj.org\\\/wp-content\\\/uploads\\\/2018\\\/03\\\/arton2757-e1625058970711.jpg\",\"datePublished\":\"2018-03-13T13:28:30+00:00\",\"dateModified\":\"2025-09-08T15:27:23+00:00\",\"breadcrumb\":{\"@id\":\"https:\\\/\\\/www.iemj.org\\\/it\\\/messia-danielle-1956-1985\\\/#breadcrumb\"},\"inLanguage\":\"it-IT\",\"potentialAction\":[{\"@type\":\"ReadAction\",\"target\":[\"https:\\\/\\\/www.iemj.org\\\/it\\\/messia-danielle-1956-1985\\\/\"]}]},{\"@type\":\"ImageObject\",\"inLanguage\":\"it-IT\",\"@id\":\"https:\\\/\\\/www.iemj.org\\\/it\\\/messia-danielle-1956-1985\\\/#primaryimage\",\"url\":\"https:\\\/\\\/www.iemj.org\\\/wp-content\\\/uploads\\\/2018\\\/03\\\/arton2757-e1625058970711.jpg\",\"contentUrl\":\"https:\\\/\\\/www.iemj.org\\\/wp-content\\\/uploads\\\/2018\\\/03\\\/arton2757-e1625058970711.jpg\",\"width\":236,\"height\":218},{\"@type\":\"BreadcrumbList\",\"@id\":\"https:\\\/\\\/www.iemj.org\\\/it\\\/messia-danielle-1956-1985\\\/#breadcrumb\",\"itemListElement\":[{\"@type\":\"ListItem\",\"position\":1,\"name\":\"Accueil\",\"item\":\"https:\\\/\\\/www.iemj.org\\\/it\\\/\"},{\"@type\":\"ListItem\",\"position\":2,\"name\":\"Messia, Danielle (1956-1985)\"}]},{\"@type\":\"WebSite\",\"@id\":\"https:\\\/\\\/www.iemj.org\\\/it\\\/#website\",\"url\":\"https:\\\/\\\/www.iemj.org\\\/it\\\/\",\"name\":\"Institut Europ\u00e9en des Musiques Juives\",\"description\":\"Des traditions musicales \u00e0 la port\u00e9e de tous\",\"publisher\":{\"@id\":\"https:\\\/\\\/www.iemj.org\\\/it\\\/#organization\"},\"potentialAction\":[{\"@type\":\"SearchAction\",\"target\":{\"@type\":\"EntryPoint\",\"urlTemplate\":\"https:\\\/\\\/www.iemj.org\\\/it\\\/?s={search_term_string}\"},\"query-input\":{\"@type\":\"PropertyValueSpecification\",\"valueRequired\":true,\"valueName\":\"search_term_string\"}}],\"inLanguage\":\"it-IT\"},{\"@type\":\"Organization\",\"@id\":\"https:\\\/\\\/www.iemj.org\\\/it\\\/#organization\",\"name\":\"Institut Europ\u00e9en des Musiques Juives\",\"url\":\"https:\\\/\\\/www.iemj.org\\\/it\\\/\",\"logo\":{\"@type\":\"ImageObject\",\"inLanguage\":\"it-IT\",\"@id\":\"https:\\\/\\\/www.iemj.org\\\/it\\\/#\\\/schema\\\/logo\\\/image\\\/\",\"url\":\"https:\\\/\\\/www.iemj.org\\\/wp-content\\\/uploads\\\/2021\\\/09\\\/Logo-IEMJ-Paypal.jpg\",\"contentUrl\":\"https:\\\/\\\/www.iemj.org\\\/wp-content\\\/uploads\\\/2021\\\/09\\\/Logo-IEMJ-Paypal.jpg\",\"width\":150,\"height\":50,\"caption\":\"Institut Europ\u00e9en des Musiques Juives\"},\"image\":{\"@id\":\"https:\\\/\\\/www.iemj.org\\\/it\\\/#\\\/schema\\\/logo\\\/image\\\/\"},\"sameAs\":[\"https:\\\/\\\/www.facebook.com\\\/MusiquesJuives\\\/\",\"https:\\\/\\\/www.instagram.com\\\/musiquesjuives\\\/\",\"https:\\\/\\\/www.youtube.com\\\/user\\\/musiquesjuives\"]},{\"@type\":\"Person\",\"@id\":\"https:\\\/\\\/www.iemj.org\\\/it\\\/#\\\/schema\\\/person\\\/e2ad57f2c4be119c7ed8ab79036807a9\",\"name\":\"Lea Couderc\",\"image\":{\"@type\":\"ImageObject\",\"inLanguage\":\"it-IT\",\"@id\":\"https:\\\/\\\/secure.gravatar.com\\\/avatar\\\/46ee021475d60aeff17a7e490b79dea5a5684bb392ab7fd1494027411df8ba23?s=96&d=mm&r=g\",\"url\":\"https:\\\/\\\/secure.gravatar.com\\\/avatar\\\/46ee021475d60aeff17a7e490b79dea5a5684bb392ab7fd1494027411df8ba23?s=96&d=mm&r=g\",\"contentUrl\":\"https:\\\/\\\/secure.gravatar.com\\\/avatar\\\/46ee021475d60aeff17a7e490b79dea5a5684bb392ab7fd1494027411df8ba23?s=96&d=mm&r=g\",\"caption\":\"Lea Couderc\"}}]}<\/script>\n<!-- \/ Yoast SEO plugin. -->","yoast_head_json":{"title":"Messia, Danielle (1956-1985) - Institut Europ\u00e9en des Musiques Juives","robots":{"index":"index","follow":"follow","max-snippet":"max-snippet:-1","max-image-preview":"max-image-preview:large","max-video-preview":"max-video-preview:-1"},"canonical":"https:\/\/www.iemj.org\/it\/messia-danielle-1956-1985\/","og_locale":"it_IT","og_type":"article","og_title":"Messia, Danielle (1956-1985) - Institut Europ\u00e9en des Musiques Juives","og_description":"Danielle Messia nata Mashiah, il 27 ottobre 1956 a Tel Aviv-Jaffa, Israele, \u00e8 un&#8217;autrice, compositrice ed interprete. Nel 1958 ha 3 anni quando i suoi genitori si trasferiscono in Francia,","og_url":"https:\/\/www.iemj.org\/it\/messia-danielle-1956-1985\/","og_site_name":"Institut Europ\u00e9en des Musiques Juives","article_publisher":"https:\/\/www.facebook.com\/MusiquesJuives\/","article_published_time":"2018-03-13T13:28:30+00:00","article_modified_time":"2025-09-08T15:27:23+00:00","og_image":[{"width":236,"height":218,"url":"https:\/\/www.iemj.org\/wp-content\/uploads\/2018\/03\/arton2757-e1625058970711.jpg","type":"image\/jpeg"}],"author":"Lea Couderc","twitter_card":"summary_large_image","twitter_misc":{"Scritto da":"Lea Couderc","Tempo di lettura stimato":"4 minuti"},"schema":{"@context":"https:\/\/schema.org","@graph":[{"@type":"Article","@id":"https:\/\/www.iemj.org\/it\/messia-danielle-1956-1985\/#article","isPartOf":{"@id":"https:\/\/www.iemj.org\/it\/messia-danielle-1956-1985\/"},"author":{"name":"Lea Couderc","@id":"https:\/\/www.iemj.org\/it\/#\/schema\/person\/e2ad57f2c4be119c7ed8ab79036807a9"},"headline":"Messia, Danielle (1956-1985)","datePublished":"2018-03-13T13:28:30+00:00","dateModified":"2025-09-08T15:27:23+00:00","mainEntityOfPage":{"@id":"https:\/\/www.iemj.org\/it\/messia-danielle-1956-1985\/"},"wordCount":532,"publisher":{"@id":"https:\/\/www.iemj.org\/it\/#organization"},"image":{"@id":"https:\/\/www.iemj.org\/it\/messia-danielle-1956-1985\/#primaryimage"},"thumbnailUrl":"https:\/\/www.iemj.org\/wp-content\/uploads\/2018\/03\/arton2757-e1625058970711.jpg","articleSection":["Biografie"],"inLanguage":"it-IT"},{"@type":"WebPage","@id":"https:\/\/www.iemj.org\/it\/messia-danielle-1956-1985\/","url":"https:\/\/www.iemj.org\/it\/messia-danielle-1956-1985\/","name":"Messia, Danielle (1956-1985) - Institut Europ\u00e9en des Musiques Juives","isPartOf":{"@id":"https:\/\/www.iemj.org\/it\/#website"},"primaryImageOfPage":{"@id":"https:\/\/www.iemj.org\/it\/messia-danielle-1956-1985\/#primaryimage"},"image":{"@id":"https:\/\/www.iemj.org\/it\/messia-danielle-1956-1985\/#primaryimage"},"thumbnailUrl":"https:\/\/www.iemj.org\/wp-content\/uploads\/2018\/03\/arton2757-e1625058970711.jpg","datePublished":"2018-03-13T13:28:30+00:00","dateModified":"2025-09-08T15:27:23+00:00","breadcrumb":{"@id":"https:\/\/www.iemj.org\/it\/messia-danielle-1956-1985\/#breadcrumb"},"inLanguage":"it-IT","potentialAction":[{"@type":"ReadAction","target":["https:\/\/www.iemj.org\/it\/messia-danielle-1956-1985\/"]}]},{"@type":"ImageObject","inLanguage":"it-IT","@id":"https:\/\/www.iemj.org\/it\/messia-danielle-1956-1985\/#primaryimage","url":"https:\/\/www.iemj.org\/wp-content\/uploads\/2018\/03\/arton2757-e1625058970711.jpg","contentUrl":"https:\/\/www.iemj.org\/wp-content\/uploads\/2018\/03\/arton2757-e1625058970711.jpg","width":236,"height":218},{"@type":"BreadcrumbList","@id":"https:\/\/www.iemj.org\/it\/messia-danielle-1956-1985\/#breadcrumb","itemListElement":[{"@type":"ListItem","position":1,"name":"Accueil","item":"https:\/\/www.iemj.org\/it\/"},{"@type":"ListItem","position":2,"name":"Messia, Danielle (1956-1985)"}]},{"@type":"WebSite","@id":"https:\/\/www.iemj.org\/it\/#website","url":"https:\/\/www.iemj.org\/it\/","name":"Institut Europ\u00e9en des Musiques Juives","description":"Des traditions musicales \u00e0 la port\u00e9e de tous","publisher":{"@id":"https:\/\/www.iemj.org\/it\/#organization"},"potentialAction":[{"@type":"SearchAction","target":{"@type":"EntryPoint","urlTemplate":"https:\/\/www.iemj.org\/it\/?s={search_term_string}"},"query-input":{"@type":"PropertyValueSpecification","valueRequired":true,"valueName":"search_term_string"}}],"inLanguage":"it-IT"},{"@type":"Organization","@id":"https:\/\/www.iemj.org\/it\/#organization","name":"Institut Europ\u00e9en des Musiques Juives","url":"https:\/\/www.iemj.org\/it\/","logo":{"@type":"ImageObject","inLanguage":"it-IT","@id":"https:\/\/www.iemj.org\/it\/#\/schema\/logo\/image\/","url":"https:\/\/www.iemj.org\/wp-content\/uploads\/2021\/09\/Logo-IEMJ-Paypal.jpg","contentUrl":"https:\/\/www.iemj.org\/wp-content\/uploads\/2021\/09\/Logo-IEMJ-Paypal.jpg","width":150,"height":50,"caption":"Institut Europ\u00e9en des Musiques Juives"},"image":{"@id":"https:\/\/www.iemj.org\/it\/#\/schema\/logo\/image\/"},"sameAs":["https:\/\/www.facebook.com\/MusiquesJuives\/","https:\/\/www.instagram.com\/musiquesjuives\/","https:\/\/www.youtube.com\/user\/musiquesjuives"]},{"@type":"Person","@id":"https:\/\/www.iemj.org\/it\/#\/schema\/person\/e2ad57f2c4be119c7ed8ab79036807a9","name":"Lea Couderc","image":{"@type":"ImageObject","inLanguage":"it-IT","@id":"https:\/\/secure.gravatar.com\/avatar\/46ee021475d60aeff17a7e490b79dea5a5684bb392ab7fd1494027411df8ba23?s=96&d=mm&r=g","url":"https:\/\/secure.gravatar.com\/avatar\/46ee021475d60aeff17a7e490b79dea5a5684bb392ab7fd1494027411df8ba23?s=96&d=mm&r=g","contentUrl":"https:\/\/secure.gravatar.com\/avatar\/46ee021475d60aeff17a7e490b79dea5a5684bb392ab7fd1494027411df8ba23?s=96&d=mm&r=g","caption":"Lea Couderc"}}]}},"_links":{"self":[{"href":"https:\/\/www.iemj.org\/it\/wp-json\/wp\/v2\/posts\/88848","targetHints":{"allow":["GET"]}}],"collection":[{"href":"https:\/\/www.iemj.org\/it\/wp-json\/wp\/v2\/posts"}],"about":[{"href":"https:\/\/www.iemj.org\/it\/wp-json\/wp\/v2\/types\/post"}],"author":[{"embeddable":true,"href":"https:\/\/www.iemj.org\/it\/wp-json\/wp\/v2\/users\/1052"}],"replies":[{"embeddable":true,"href":"https:\/\/www.iemj.org\/it\/wp-json\/wp\/v2\/comments?post=88848"}],"version-history":[{"count":0,"href":"https:\/\/www.iemj.org\/it\/wp-json\/wp\/v2\/posts\/88848\/revisions"}],"wp:featuredmedia":[{"embeddable":true,"href":"https:\/\/www.iemj.org\/it\/wp-json\/wp\/v2\/media\/52185"}],"wp:attachment":[{"href":"https:\/\/www.iemj.org\/it\/wp-json\/wp\/v2\/media?parent=88848"}],"wp:term":[{"taxonomy":"category","embeddable":true,"href":"https:\/\/www.iemj.org\/it\/wp-json\/wp\/v2\/categories?post=88848"},{"taxonomy":"post_tag","embeddable":true,"href":"https:\/\/www.iemj.org\/it\/wp-json\/wp\/v2\/tags?post=88848"},{"taxonomy":"technique","embeddable":true,"href":"https:\/\/www.iemj.org\/it\/wp-json\/wp\/v2\/technique?post=88848"},{"taxonomy":"squelettes","embeddable":true,"href":"https:\/\/www.iemj.org\/it\/wp-json\/wp\/v2\/squelettes?post=88848"},{"taxonomy":"sujet","embeddable":true,"href":"https:\/\/www.iemj.org\/it\/wp-json\/wp\/v2\/sujet?post=88848"},{"taxonomy":"formation","embeddable":true,"href":"https:\/\/www.iemj.org\/it\/wp-json\/wp\/v2\/formation?post=88848"},{"taxonomy":"genre","embeddable":true,"href":"https:\/\/www.iemj.org\/it\/wp-json\/wp\/v2\/genre?post=88848"},{"taxonomy":"fonds","embeddable":true,"href":"https:\/\/www.iemj.org\/it\/wp-json\/wp\/v2\/fonds?post=88848"},{"taxonomy":"tradition","embeddable":true,"href":"https:\/\/www.iemj.org\/it\/wp-json\/wp\/v2\/tradition?post=88848"},{"taxonomy":"type-de-contenu","embeddable":true,"href":"https:\/\/www.iemj.org\/it\/wp-json\/wp\/v2\/type-de-contenu?post=88848"},{"taxonomy":"interprete-compositeur","embeddable":true,"href":"https:\/\/www.iemj.org\/it\/wp-json\/wp\/v2\/interprete-compositeur?post=88848"},{"taxonomy":"frise","embeddable":true,"href":"https:\/\/www.iemj.org\/it\/wp-json\/wp\/v2\/frise?post=88848"},{"taxonomy":"type-devenement","embeddable":true,"href":"https:\/\/www.iemj.org\/it\/wp-json\/wp\/v2\/type-devenement?post=88848"},{"taxonomy":"tableaux-liens-externes","embeddable":true,"href":"https:\/\/www.iemj.org\/it\/wp-json\/wp\/v2\/tableaux-liens-externes?post=88848"}],"curies":[{"name":"wp","href":"https:\/\/api.w.org\/{rel}","templated":true}]}}