{"id":88899,"date":"2014-06-03T12:17:27","date_gmt":"2014-06-03T10:17:27","guid":{"rendered":"https:\/\/www.iemj.org\/witler-ben-zion-1907-1961\/"},"modified":"2025-09-01T17:35:35","modified_gmt":"2025-09-01T15:35:35","slug":"witler-ben-zion-1907-1961","status":"publish","type":"post","link":"https:\/\/www.iemj.org\/it\/witler-ben-zion-1907-1961\/","title":{"rendered":"Witler, Ben-Zion (1907-1961)"},"content":{"rendered":"<p>Ben-Zion Witler (o Ben-Tsion Vitler, o BenZion Wittler), nato nel 1907 a Belz, in Galizia, \u00e8 morto nel 1961. Non era solo un cantante, ma era anche un attore ed un compositore.<\/p>\n<p>All&#8217;et\u00e0 di 6 anni segue la sua famiglia, che lascia Belz per recarsi a Vienna, dove riceve una rigorosa educazione religiosa chassidica. Temendo le reazioni della sua famiglia, si unisce segretamente al &#8220;Teatro Ebraico Libero&#8221; sotto pseudonimo all&#8217;et\u00e0 di 12 anni. Lavora brevemente come giornalista per il settimanale sionista tedesco <em>Wiener Morgenzeitung<\/em>, ma nel 1926 torna sulla scena teatrale viennese, esibendosi in commedie ed operette. Studia ugualmente il repertorio operistico con Yulianovsky e Fuchs e partecipa a delle tourn\u00e9e a Parigi, Londra ed in Sud Africa.<\/p>\n<p>A met\u00e0 degli anni &#8217;30 trascorre tre anni in Polonia, dove diventa rapidamente un &#8220;beniamino del pubblico&#8221;. Nel 1937 lo troviamo a Riga dove si esibisce in <em>A Khasene in Shtetl<\/em> e in <em>Le Mariage Galicien<\/em> di William Siegel. Tra i suoi numerosi grandi ruoli vi sono<em> Yanko the Gipsy, A Millionaire&#8217;s Caprice, The American Litvak, The Brave Officer, The Bandit Gentleman, The Strength of Love, The Bride with Three Brothers, The Golden Bridegroom, The Threshold of Joy, It\u2019s hard to be a Jew<\/em> di Sholom Aleichem, <em>The Dybbuck<\/em> di Shalom Ansky, <em>God, Man and Devil<\/em> di Jacob Mikhailovich Gordin e <em>Yankel the Smith<\/em> di David Pinski.<\/p>\n<p>Dal 1940 si esibisce negli Stati Uniti, in particolare a New York, all&#8217;Hopkinson Theatre, in <em>Forgotten Women<\/em>, di William Siegel, ed a Chicago, al Douglas Theatre in <em>A Golden Dream<\/em>, dello stesso autore.<\/p>\n<p>Nel 1946, si esibisce in tutta l&#8217;Argentina, a Buenos Aires, al Mitre Theatre, in <em>Home Sweet Home<\/em>, di Kalmanovitsh. Sar\u00e0 in scena con la moglie, Shifra Lerer, attrice nata in Argentina, fino agli anni &#8217;50 in Nord e Sud America, oltre che in Israele e Sud Africa.<\/p>\n<p>Ha registrato centinaia di canzoni, le pi\u00f9 note delle quali sono:<\/p>\n<ul>\n<li>Gelibte (Aim\u00e9)<\/li>\n<li>Dzhankoye<\/li>\n<li>Varshe (Varsovie)<\/li>\n<li>Akhtsik er, zibetsik zi (Lui 80, Elle 70)<\/li>\n<li>Byalostok<\/li>\n<li>Mayn alte heym<\/li>\n<li>Oyfn veg shteyt a boym<\/li>\n<li>Leb un Lakh<\/li>\n<li>Krokhmalne Gas<\/li>\n<li>Zing, Brider, Zing!<\/li>\n<li>Belz\n<p><object width=\"640\" height=\"360\"><param name=\"movie\" value=\"\/\/www.youtube.com\/v\/TnMtVSzgbV4?hl=fr_FR&amp;version=3\" \/><param name=\"allowFullScreen\" value=\"true\" \/><param name=\"allowscriptaccess\" value=\"always\" \/><embed src=\"\/\/www.youtube.com\/v\/TnMtVSzgbV4?hl=fr_FR&amp;version=3\" type=\"application\/x-shockwave-flash\" allowscriptaccess=\"always\" allowfullscreen=\"allowfullscreen\" width=\"640\" height=\"360\" \/><\/object><\/p>\n<p><a href=\"http:\/\/www.rachelnet.net\/F\/?func=find-c&amp;ccl_term=WRD+%3D+Witler+BenZion&amp;local_base=iemcg\" target=\"_blank\" rel=\"noopener\" data-wplink-edit=\"true\">Consultare i nostri archivi su Ben-Zion Witler<\/a><\/p>\n<\/li>\n<\/ul>\n\n\n<h2 class=\"wp-block-heading\"><\/h2>\n\n\n<div class=\"wp-block-image\">\n<figure class=\"aligncenter size-large\"><img fetchpriority=\"high\" decoding=\"async\" width=\"1024\" height=\"133\" src=\"https:\/\/www.iemj.org\/wp-content\/uploads\/2024\/03\/AUDIO-PLAYER-1024x133.png\" alt=\"\" class=\"wp-image-110609\" srcset=\"https:\/\/www.iemj.org\/wp-content\/uploads\/2024\/03\/AUDIO-PLAYER-1024x133.png 1024w, https:\/\/www.iemj.org\/wp-content\/uploads\/2024\/03\/AUDIO-PLAYER-300x39.png 300w, https:\/\/www.iemj.org\/wp-content\/uploads\/2024\/03\/AUDIO-PLAYER-768x100.png 768w, https:\/\/www.iemj.org\/wp-content\/uploads\/2024\/03\/AUDIO-PLAYER-600x78.png 600w, https:\/\/www.iemj.org\/wp-content\/uploads\/2024\/03\/AUDIO-PLAYER.png 1210w\" sizes=\"(max-width: 1024px) 100vw, 1024px\" \/><\/figure>\n<\/div>\n\n\n<div class=\"wp-block-file\"><a id=\"wp-block-file--media-5644142a-2b1f-48c3-bd73-a04d8ba6d2a6\" href=\"https:\/\/www.iemj.org\/wp-content\/uploads\/2014\/06\/benzion_witler_-_80_er_70_zi.mp3\">80 er 70 zi<\/a><\/div>\n\n\n\n<div class=\"wp-block-file\"><a id=\"wp-block-file--media-21b6fd1b-7201-43a1-b092-a966b47fbbe0\" href=\"https:\/\/www.iemj.org\/wp-content\/uploads\/2014\/06\/benzion_witler-_malkele.mp3\">Malkele<\/a><\/div>\n","protected":false},"excerpt":{"rendered":"<p>Ben-Zion Witler (o Ben-Tsion Vitler, o BenZion Wittler), nato nel 1907 a Belz, in Galizia, \u00e8 morto nel 1961. Non era solo un cantante, ma era anche un attore ed<\/p>\n","protected":false},"author":1050,"featured_media":88900,"comment_status":"closed","ping_status":"closed","sticky":false,"template":"","format":"standard","meta":{"_acf_changed":false,"footnotes":""},"categories":[1416],"tags":[],"technique":[],"squelettes":[],"sujet":[],"formation":[],"genre":[1676],"fonds":[],"tradition":[],"type-de-contenu":[],"interprete-compositeur":[],"frise":[],"type-devenement":[],"tableaux-liens-externes":[],"class_list":["post-88899","post","type-post","status-publish","format-standard","has-post-thumbnail","hentry","category-biografie-it","genre-yiddish-it-2"],"acf":[],"yoast_head":"<!-- This site is optimized with the Yoast SEO plugin v27.3 - https:\/\/yoast.com\/product\/yoast-seo-wordpress\/ -->\n<title>Witler, Ben-Zion (1907-1961) - Institut Europ\u00e9en des Musiques Juives<\/title>\n<meta name=\"robots\" content=\"index, follow, max-snippet:-1, max-image-preview:large, max-video-preview:-1\" \/>\n<link rel=\"canonical\" href=\"https:\/\/www.iemj.org\/it\/witler-ben-zion-1907-1961\/\" \/>\n<meta property=\"og:locale\" content=\"it_IT\" \/>\n<meta property=\"og:type\" content=\"article\" \/>\n<meta property=\"og:title\" content=\"Witler, Ben-Zion (1907-1961) - Institut Europ\u00e9en des Musiques Juives\" \/>\n<meta property=\"og:description\" content=\"Ben-Zion Witler (o Ben-Tsion Vitler, o BenZion Wittler), nato nel 1907 a Belz, in Galizia, \u00e8 morto nel 1961. Non era solo un cantante, ma era anche un attore ed\" \/>\n<meta property=\"og:url\" content=\"https:\/\/www.iemj.org\/it\/witler-ben-zion-1907-1961\/\" \/>\n<meta property=\"og:site_name\" content=\"Institut Europ\u00e9en des Musiques Juives\" \/>\n<meta property=\"article:publisher\" content=\"https:\/\/www.facebook.com\/MusiquesJuives\/\" \/>\n<meta property=\"article:published_time\" content=\"2014-06-03T10:17:27+00:00\" \/>\n<meta property=\"article:modified_time\" content=\"2025-09-01T15:35:35+00:00\" \/>\n<meta property=\"og:image\" content=\"https:\/\/www.iemj.org\/wp-content\/uploads\/2014\/06\/arton888.jpg\" \/>\n\t<meta property=\"og:image:width\" content=\"238\" \/>\n\t<meta property=\"og:image:height\" content=\"212\" \/>\n\t<meta property=\"og:image:type\" content=\"image\/jpeg\" \/>\n<meta name=\"author\" content=\"ncochin\" \/>\n<meta name=\"twitter:card\" content=\"summary_large_image\" \/>\n<meta name=\"twitter:label1\" content=\"Scritto da\" \/>\n\t<meta name=\"twitter:data1\" content=\"ncochin\" \/>\n\t<meta name=\"twitter:label2\" content=\"Tempo di lettura stimato\" \/>\n\t<meta name=\"twitter:data2\" content=\"3 minuti\" \/>\n<script type=\"application\/ld+json\" class=\"yoast-schema-graph\">{\"@context\":\"https:\\\/\\\/schema.org\",\"@graph\":[{\"@type\":\"Article\",\"@id\":\"https:\\\/\\\/www.iemj.org\\\/it\\\/witler-ben-zion-1907-1961\\\/#article\",\"isPartOf\":{\"@id\":\"https:\\\/\\\/www.iemj.org\\\/it\\\/witler-ben-zion-1907-1961\\\/\"},\"author\":{\"name\":\"ncochin\",\"@id\":\"https:\\\/\\\/www.iemj.org\\\/it\\\/#\\\/schema\\\/person\\\/f826ad11b0cd58dd99babe0a3fbcb86e\"},\"headline\":\"Witler, Ben-Zion (1907-1961)\",\"datePublished\":\"2014-06-03T10:17:27+00:00\",\"dateModified\":\"2025-09-01T15:35:35+00:00\",\"mainEntityOfPage\":{\"@id\":\"https:\\\/\\\/www.iemj.org\\\/it\\\/witler-ben-zion-1907-1961\\\/\"},\"wordCount\":354,\"publisher\":{\"@id\":\"https:\\\/\\\/www.iemj.org\\\/it\\\/#organization\"},\"image\":{\"@id\":\"https:\\\/\\\/www.iemj.org\\\/it\\\/witler-ben-zion-1907-1961\\\/#primaryimage\"},\"thumbnailUrl\":\"https:\\\/\\\/www.iemj.org\\\/wp-content\\\/uploads\\\/2014\\\/06\\\/arton888.jpg\",\"articleSection\":[\"Biografie\"],\"inLanguage\":\"it-IT\"},{\"@type\":\"WebPage\",\"@id\":\"https:\\\/\\\/www.iemj.org\\\/it\\\/witler-ben-zion-1907-1961\\\/\",\"url\":\"https:\\\/\\\/www.iemj.org\\\/it\\\/witler-ben-zion-1907-1961\\\/\",\"name\":\"Witler, Ben-Zion (1907-1961) - Institut Europ\u00e9en des Musiques Juives\",\"isPartOf\":{\"@id\":\"https:\\\/\\\/www.iemj.org\\\/it\\\/#website\"},\"primaryImageOfPage\":{\"@id\":\"https:\\\/\\\/www.iemj.org\\\/it\\\/witler-ben-zion-1907-1961\\\/#primaryimage\"},\"image\":{\"@id\":\"https:\\\/\\\/www.iemj.org\\\/it\\\/witler-ben-zion-1907-1961\\\/#primaryimage\"},\"thumbnailUrl\":\"https:\\\/\\\/www.iemj.org\\\/wp-content\\\/uploads\\\/2014\\\/06\\\/arton888.jpg\",\"datePublished\":\"2014-06-03T10:17:27+00:00\",\"dateModified\":\"2025-09-01T15:35:35+00:00\",\"breadcrumb\":{\"@id\":\"https:\\\/\\\/www.iemj.org\\\/it\\\/witler-ben-zion-1907-1961\\\/#breadcrumb\"},\"inLanguage\":\"it-IT\",\"potentialAction\":[{\"@type\":\"ReadAction\",\"target\":[\"https:\\\/\\\/www.iemj.org\\\/it\\\/witler-ben-zion-1907-1961\\\/\"]}]},{\"@type\":\"ImageObject\",\"inLanguage\":\"it-IT\",\"@id\":\"https:\\\/\\\/www.iemj.org\\\/it\\\/witler-ben-zion-1907-1961\\\/#primaryimage\",\"url\":\"https:\\\/\\\/www.iemj.org\\\/wp-content\\\/uploads\\\/2014\\\/06\\\/arton888.jpg\",\"contentUrl\":\"https:\\\/\\\/www.iemj.org\\\/wp-content\\\/uploads\\\/2014\\\/06\\\/arton888.jpg\",\"width\":238,\"height\":212},{\"@type\":\"BreadcrumbList\",\"@id\":\"https:\\\/\\\/www.iemj.org\\\/it\\\/witler-ben-zion-1907-1961\\\/#breadcrumb\",\"itemListElement\":[{\"@type\":\"ListItem\",\"position\":1,\"name\":\"Accueil\",\"item\":\"https:\\\/\\\/www.iemj.org\\\/it\\\/\"},{\"@type\":\"ListItem\",\"position\":2,\"name\":\"Witler, Ben-Zion (1907-1961)\"}]},{\"@type\":\"WebSite\",\"@id\":\"https:\\\/\\\/www.iemj.org\\\/it\\\/#website\",\"url\":\"https:\\\/\\\/www.iemj.org\\\/it\\\/\",\"name\":\"Institut Europ\u00e9en des Musiques Juives\",\"description\":\"Des traditions musicales \u00e0 la port\u00e9e de tous\",\"publisher\":{\"@id\":\"https:\\\/\\\/www.iemj.org\\\/it\\\/#organization\"},\"potentialAction\":[{\"@type\":\"SearchAction\",\"target\":{\"@type\":\"EntryPoint\",\"urlTemplate\":\"https:\\\/\\\/www.iemj.org\\\/it\\\/?s={search_term_string}\"},\"query-input\":{\"@type\":\"PropertyValueSpecification\",\"valueRequired\":true,\"valueName\":\"search_term_string\"}}],\"inLanguage\":\"it-IT\"},{\"@type\":\"Organization\",\"@id\":\"https:\\\/\\\/www.iemj.org\\\/it\\\/#organization\",\"name\":\"Institut Europ\u00e9en des Musiques Juives\",\"url\":\"https:\\\/\\\/www.iemj.org\\\/it\\\/\",\"logo\":{\"@type\":\"ImageObject\",\"inLanguage\":\"it-IT\",\"@id\":\"https:\\\/\\\/www.iemj.org\\\/it\\\/#\\\/schema\\\/logo\\\/image\\\/\",\"url\":\"https:\\\/\\\/www.iemj.org\\\/wp-content\\\/uploads\\\/2021\\\/09\\\/Logo-IEMJ-Paypal.jpg\",\"contentUrl\":\"https:\\\/\\\/www.iemj.org\\\/wp-content\\\/uploads\\\/2021\\\/09\\\/Logo-IEMJ-Paypal.jpg\",\"width\":150,\"height\":50,\"caption\":\"Institut Europ\u00e9en des Musiques Juives\"},\"image\":{\"@id\":\"https:\\\/\\\/www.iemj.org\\\/it\\\/#\\\/schema\\\/logo\\\/image\\\/\"},\"sameAs\":[\"https:\\\/\\\/www.facebook.com\\\/MusiquesJuives\\\/\",\"https:\\\/\\\/www.instagram.com\\\/musiquesjuives\\\/\",\"https:\\\/\\\/www.youtube.com\\\/user\\\/musiquesjuives\"]},{\"@type\":\"Person\",\"@id\":\"https:\\\/\\\/www.iemj.org\\\/it\\\/#\\\/schema\\\/person\\\/f826ad11b0cd58dd99babe0a3fbcb86e\",\"name\":\"ncochin\",\"image\":{\"@type\":\"ImageObject\",\"inLanguage\":\"it-IT\",\"@id\":\"https:\\\/\\\/secure.gravatar.com\\\/avatar\\\/4499f551e6a9b8c28bd3132f28d79657b2cb55ff363257726f67e89c95e2a33c?s=96&d=mm&r=g\",\"url\":\"https:\\\/\\\/secure.gravatar.com\\\/avatar\\\/4499f551e6a9b8c28bd3132f28d79657b2cb55ff363257726f67e89c95e2a33c?s=96&d=mm&r=g\",\"contentUrl\":\"https:\\\/\\\/secure.gravatar.com\\\/avatar\\\/4499f551e6a9b8c28bd3132f28d79657b2cb55ff363257726f67e89c95e2a33c?s=96&d=mm&r=g\",\"caption\":\"ncochin\"}}]}<\/script>\n<!-- \/ Yoast SEO plugin. -->","yoast_head_json":{"title":"Witler, Ben-Zion (1907-1961) - Institut Europ\u00e9en des Musiques Juives","robots":{"index":"index","follow":"follow","max-snippet":"max-snippet:-1","max-image-preview":"max-image-preview:large","max-video-preview":"max-video-preview:-1"},"canonical":"https:\/\/www.iemj.org\/it\/witler-ben-zion-1907-1961\/","og_locale":"it_IT","og_type":"article","og_title":"Witler, Ben-Zion (1907-1961) - Institut Europ\u00e9en des Musiques Juives","og_description":"Ben-Zion Witler (o Ben-Tsion Vitler, o BenZion Wittler), nato nel 1907 a Belz, in Galizia, \u00e8 morto nel 1961. Non era solo un cantante, ma era anche un attore ed","og_url":"https:\/\/www.iemj.org\/it\/witler-ben-zion-1907-1961\/","og_site_name":"Institut Europ\u00e9en des Musiques Juives","article_publisher":"https:\/\/www.facebook.com\/MusiquesJuives\/","article_published_time":"2014-06-03T10:17:27+00:00","article_modified_time":"2025-09-01T15:35:35+00:00","og_image":[{"width":238,"height":212,"url":"https:\/\/www.iemj.org\/wp-content\/uploads\/2014\/06\/arton888.jpg","type":"image\/jpeg"}],"author":"ncochin","twitter_card":"summary_large_image","twitter_misc":{"Scritto da":"ncochin","Tempo di lettura stimato":"3 minuti"},"schema":{"@context":"https:\/\/schema.org","@graph":[{"@type":"Article","@id":"https:\/\/www.iemj.org\/it\/witler-ben-zion-1907-1961\/#article","isPartOf":{"@id":"https:\/\/www.iemj.org\/it\/witler-ben-zion-1907-1961\/"},"author":{"name":"ncochin","@id":"https:\/\/www.iemj.org\/it\/#\/schema\/person\/f826ad11b0cd58dd99babe0a3fbcb86e"},"headline":"Witler, Ben-Zion (1907-1961)","datePublished":"2014-06-03T10:17:27+00:00","dateModified":"2025-09-01T15:35:35+00:00","mainEntityOfPage":{"@id":"https:\/\/www.iemj.org\/it\/witler-ben-zion-1907-1961\/"},"wordCount":354,"publisher":{"@id":"https:\/\/www.iemj.org\/it\/#organization"},"image":{"@id":"https:\/\/www.iemj.org\/it\/witler-ben-zion-1907-1961\/#primaryimage"},"thumbnailUrl":"https:\/\/www.iemj.org\/wp-content\/uploads\/2014\/06\/arton888.jpg","articleSection":["Biografie"],"inLanguage":"it-IT"},{"@type":"WebPage","@id":"https:\/\/www.iemj.org\/it\/witler-ben-zion-1907-1961\/","url":"https:\/\/www.iemj.org\/it\/witler-ben-zion-1907-1961\/","name":"Witler, Ben-Zion (1907-1961) - Institut Europ\u00e9en des Musiques Juives","isPartOf":{"@id":"https:\/\/www.iemj.org\/it\/#website"},"primaryImageOfPage":{"@id":"https:\/\/www.iemj.org\/it\/witler-ben-zion-1907-1961\/#primaryimage"},"image":{"@id":"https:\/\/www.iemj.org\/it\/witler-ben-zion-1907-1961\/#primaryimage"},"thumbnailUrl":"https:\/\/www.iemj.org\/wp-content\/uploads\/2014\/06\/arton888.jpg","datePublished":"2014-06-03T10:17:27+00:00","dateModified":"2025-09-01T15:35:35+00:00","breadcrumb":{"@id":"https:\/\/www.iemj.org\/it\/witler-ben-zion-1907-1961\/#breadcrumb"},"inLanguage":"it-IT","potentialAction":[{"@type":"ReadAction","target":["https:\/\/www.iemj.org\/it\/witler-ben-zion-1907-1961\/"]}]},{"@type":"ImageObject","inLanguage":"it-IT","@id":"https:\/\/www.iemj.org\/it\/witler-ben-zion-1907-1961\/#primaryimage","url":"https:\/\/www.iemj.org\/wp-content\/uploads\/2014\/06\/arton888.jpg","contentUrl":"https:\/\/www.iemj.org\/wp-content\/uploads\/2014\/06\/arton888.jpg","width":238,"height":212},{"@type":"BreadcrumbList","@id":"https:\/\/www.iemj.org\/it\/witler-ben-zion-1907-1961\/#breadcrumb","itemListElement":[{"@type":"ListItem","position":1,"name":"Accueil","item":"https:\/\/www.iemj.org\/it\/"},{"@type":"ListItem","position":2,"name":"Witler, Ben-Zion (1907-1961)"}]},{"@type":"WebSite","@id":"https:\/\/www.iemj.org\/it\/#website","url":"https:\/\/www.iemj.org\/it\/","name":"Institut Europ\u00e9en des Musiques Juives","description":"Des traditions musicales \u00e0 la port\u00e9e de tous","publisher":{"@id":"https:\/\/www.iemj.org\/it\/#organization"},"potentialAction":[{"@type":"SearchAction","target":{"@type":"EntryPoint","urlTemplate":"https:\/\/www.iemj.org\/it\/?s={search_term_string}"},"query-input":{"@type":"PropertyValueSpecification","valueRequired":true,"valueName":"search_term_string"}}],"inLanguage":"it-IT"},{"@type":"Organization","@id":"https:\/\/www.iemj.org\/it\/#organization","name":"Institut Europ\u00e9en des Musiques Juives","url":"https:\/\/www.iemj.org\/it\/","logo":{"@type":"ImageObject","inLanguage":"it-IT","@id":"https:\/\/www.iemj.org\/it\/#\/schema\/logo\/image\/","url":"https:\/\/www.iemj.org\/wp-content\/uploads\/2021\/09\/Logo-IEMJ-Paypal.jpg","contentUrl":"https:\/\/www.iemj.org\/wp-content\/uploads\/2021\/09\/Logo-IEMJ-Paypal.jpg","width":150,"height":50,"caption":"Institut Europ\u00e9en des Musiques Juives"},"image":{"@id":"https:\/\/www.iemj.org\/it\/#\/schema\/logo\/image\/"},"sameAs":["https:\/\/www.facebook.com\/MusiquesJuives\/","https:\/\/www.instagram.com\/musiquesjuives\/","https:\/\/www.youtube.com\/user\/musiquesjuives"]},{"@type":"Person","@id":"https:\/\/www.iemj.org\/it\/#\/schema\/person\/f826ad11b0cd58dd99babe0a3fbcb86e","name":"ncochin","image":{"@type":"ImageObject","inLanguage":"it-IT","@id":"https:\/\/secure.gravatar.com\/avatar\/4499f551e6a9b8c28bd3132f28d79657b2cb55ff363257726f67e89c95e2a33c?s=96&d=mm&r=g","url":"https:\/\/secure.gravatar.com\/avatar\/4499f551e6a9b8c28bd3132f28d79657b2cb55ff363257726f67e89c95e2a33c?s=96&d=mm&r=g","contentUrl":"https:\/\/secure.gravatar.com\/avatar\/4499f551e6a9b8c28bd3132f28d79657b2cb55ff363257726f67e89c95e2a33c?s=96&d=mm&r=g","caption":"ncochin"}}]}},"_links":{"self":[{"href":"https:\/\/www.iemj.org\/it\/wp-json\/wp\/v2\/posts\/88899","targetHints":{"allow":["GET"]}}],"collection":[{"href":"https:\/\/www.iemj.org\/it\/wp-json\/wp\/v2\/posts"}],"about":[{"href":"https:\/\/www.iemj.org\/it\/wp-json\/wp\/v2\/types\/post"}],"author":[{"embeddable":true,"href":"https:\/\/www.iemj.org\/it\/wp-json\/wp\/v2\/users\/1050"}],"replies":[{"embeddable":true,"href":"https:\/\/www.iemj.org\/it\/wp-json\/wp\/v2\/comments?post=88899"}],"version-history":[{"count":0,"href":"https:\/\/www.iemj.org\/it\/wp-json\/wp\/v2\/posts\/88899\/revisions"}],"wp:featuredmedia":[{"embeddable":true,"href":"https:\/\/www.iemj.org\/it\/wp-json\/wp\/v2\/media\/88900"}],"wp:attachment":[{"href":"https:\/\/www.iemj.org\/it\/wp-json\/wp\/v2\/media?parent=88899"}],"wp:term":[{"taxonomy":"category","embeddable":true,"href":"https:\/\/www.iemj.org\/it\/wp-json\/wp\/v2\/categories?post=88899"},{"taxonomy":"post_tag","embeddable":true,"href":"https:\/\/www.iemj.org\/it\/wp-json\/wp\/v2\/tags?post=88899"},{"taxonomy":"technique","embeddable":true,"href":"https:\/\/www.iemj.org\/it\/wp-json\/wp\/v2\/technique?post=88899"},{"taxonomy":"squelettes","embeddable":true,"href":"https:\/\/www.iemj.org\/it\/wp-json\/wp\/v2\/squelettes?post=88899"},{"taxonomy":"sujet","embeddable":true,"href":"https:\/\/www.iemj.org\/it\/wp-json\/wp\/v2\/sujet?post=88899"},{"taxonomy":"formation","embeddable":true,"href":"https:\/\/www.iemj.org\/it\/wp-json\/wp\/v2\/formation?post=88899"},{"taxonomy":"genre","embeddable":true,"href":"https:\/\/www.iemj.org\/it\/wp-json\/wp\/v2\/genre?post=88899"},{"taxonomy":"fonds","embeddable":true,"href":"https:\/\/www.iemj.org\/it\/wp-json\/wp\/v2\/fonds?post=88899"},{"taxonomy":"tradition","embeddable":true,"href":"https:\/\/www.iemj.org\/it\/wp-json\/wp\/v2\/tradition?post=88899"},{"taxonomy":"type-de-contenu","embeddable":true,"href":"https:\/\/www.iemj.org\/it\/wp-json\/wp\/v2\/type-de-contenu?post=88899"},{"taxonomy":"interprete-compositeur","embeddable":true,"href":"https:\/\/www.iemj.org\/it\/wp-json\/wp\/v2\/interprete-compositeur?post=88899"},{"taxonomy":"frise","embeddable":true,"href":"https:\/\/www.iemj.org\/it\/wp-json\/wp\/v2\/frise?post=88899"},{"taxonomy":"type-devenement","embeddable":true,"href":"https:\/\/www.iemj.org\/it\/wp-json\/wp\/v2\/type-devenement?post=88899"},{"taxonomy":"tableaux-liens-externes","embeddable":true,"href":"https:\/\/www.iemj.org\/it\/wp-json\/wp\/v2\/tableaux-liens-externes?post=88899"}],"curies":[{"name":"wp","href":"https:\/\/api.w.org\/{rel}","templated":true}]}}