{"id":89147,"date":"2019-02-13T09:37:05","date_gmt":"2019-02-13T08:37:05","guid":{"rendered":"https:\/\/www.iemj.org\/sillamy-jean-claude-1932-2016\/"},"modified":"2022-10-24T16:17:13","modified_gmt":"2022-10-24T14:17:13","slug":"sillamy-jean-claude-1932-2016","status":"publish","type":"post","link":"https:\/\/www.iemj.org\/it\/sillamy-jean-claude-1932-2016\/","title":{"rendered":"Sillamy, Jean-Claude (1932-2016)"},"content":{"rendered":"<p>Nato il 24 luglio 1932 ad Algeri in una famiglia di musicisti \u2013 suo padre Charles era direttore di una scuola di musica \u2013 Jean-Claude Sillamy conosce fin dalla prima infanzia tutte le opere dei grandi compositori.<\/p>\n<p>A nove anni dirige gi\u00e0 una piccola orchestra sinfonica. Studente, a dieci anni, seguendo il corso superiore di solfeggio del Conservatorio di Algeri, intraprende gli studi di armonia nello stesso istituto ed ottiene un primo premio in composizione musicale su presentazione di un&#8217;opera per quartetto d&#8217;archi.<\/p>\n<p>In seguito, interessandosi alla sorte di questo giovane musicista particolarmente dotato, un mecene gli fornisce i mezzi per continuare i suoi studi a Parigi. Entra cos\u00ec al Conservatorio Nazionale di Musica di Parigi, nella classe di contrappunto e fuga di No\u00ebl Gallon.<\/p>\n<p>Allo stesso tempo, lavora per tre anni all&#8217;\u00c9cole Normale de Musique di Parigi, sotto la direzione di Alice Pelliot, gi\u00e0 insegnante di Darius Milhaud e Arthur Honegger. Lavorer\u00e0 anche sull&#8217;armonia e sul canto corale presso l&#8217;Istituto Gregoriano sotto la direzione di Edouard Souberbielle.<\/p>\n<p><img fetchpriority=\"high\" decoding=\"async\" class=\" alignright size-full wp-image-22725\" src=\"https:\/\/www.iemj.org\/wp-content\/uploads\/2019\/02\/affiche_concert.jpg\" alt=\"affiche_concert.jpg\" width=\"242\" height=\"250\" align=\"right\" \/><\/p>\n<p>Nello stesso tempo, termina gli studi universitari (si laurea, sezione psicologia), ed inizia a frequentare i circoli ebraici, in particolare la scuola Gilbert-Bloch di Orsay. Molto interessato a questo centro di studi ebraici, inizia ad approfondire i suoi studi biblici. Ci\u00f2 che colpisce di pi\u00f9 Jean-Claude Sillamy sono i canti tradizionali eseguiti da studenti ebrei di varie comunit\u00e0: Nord Africa, Europa centrale ed Orientale, Asia&#8230;<\/p>\n<p>La sua curiosit\u00e0 \u00e8 attratta dagli strani segni posti sopra il testo biblico. Ha l&#8217;intuizione che questa sia una vecchia notazione musicale, in grado di ripristinare questa famosa musica dell&#8217;antichit\u00e0 che si diceva fosse scomparsa per sempre. Intuisce che questi canti tradizionali sono annotati, nero su bianco in antichi segni musicali, sopra o sotto il testo della Bibbia. Questa scoperta lo sconvolge. La Bibbia sarebbe dunque un documento cantato e annotato? Si tratterebbe semplicemente di decifrare e interpretare questi geroglifici, chiamati in ebraico &#8220;Taamim&#8221; (Taam al singolare).<\/p>\n<p><img decoding=\"async\" class=\" alignleft size-full wp-image-22727\" src=\"https:\/\/www.iemj.org\/wp-content\/uploads\/2019\/02\/disque_l_arche_d_alliance.jpg\" alt=\"disque_l_arche_d_alliance.jpg\" width=\"224\" height=\"220\" align=\"left\" \/><\/p>\n<p>E&#8217; allora che inizia la sua carriera di musicologo. Per comprendere meglio i metodi di lavoro, si iscrive all&#8217;Istituto di Musicologia di Parigi e lavora sotto la direzione del suo eminente Maestro Jacques Chailley. Per mostrare la filiazione del canto gregoriano al canto ebraico, lavora in collaborazione, e sotto la direzione di Solange Corbin, presso l&#8217;Institut des Hautes Etudes, alla Sorbona. E\u2019 durante questo periodo che stabilisce le tavole di confronto tra le Neumes latine ed i <em>Taamim<\/em> ebraici. Entra a far parte della Societ\u00e0 Francese ed alla Societ\u00e0 Internazionale di Musicologia.<\/p>\n<p>Dotato di un registratore, viaggia allora attraverso diversi paesi, registrando instancabilmente i canti liturgici di molte comunit\u00e0 ebraiche, cantati secondo i <em>Taamim<\/em>. Dedicher\u00e0 diversi anni a questo lavoro di spoglio, decifrazione ed interpretazione dei nastri magnetici. I nastri sono depositati presso la Fonoteca Nazionale di Parigi, nonch\u00e9 presso l&#8217;Universit\u00e0 di Gerusalemme, nel Dipartimento di Musicologia, che era allora diretto da Israel Adler.<\/p>\n<p>Confrontando le melodie tra loro, per ritrovare il tema originale, formula l&#8217;ipotesi, dopo un attento lavoro, che scale molto specifiche siano all&#8217;origine di queste molteplici melodie. In questo modo risale passo dopo passo la storia della musica degli Ebrei, illuminandosi con i dati della Bibbia, visitando i pi\u00f9 grandi musei per trovare gli strumenti antichi che servivano per produrre tale musica, di cui la Bibbia dice che era &#8220;tenera e dolce&#8221;.<\/p>\n<p><img decoding=\"async\" class=\"size-full wp-image-22729 alignright\" src=\"https:\/\/www.iemj.org\/wp-content\/uploads\/2019\/02\/rond_de_disque.jpg\" alt=\"rond_de_disque.jpg\" width=\"245\" height=\"240\" align=\"left\" \/><\/p>\n<p>Basandosi su dati di storia, di musicologia, d\u2019archeologia, di atti notarili, di ghematria, d\u2019astronomia, d\u2019acustica, misurando gli intervalli musicali in collaborazione con il fisico J. Sayag, ricostruendo strumenti dell&#8217;epoca antica, riesce a scoprire delle scale sonore utilizzate per la costruzione delle melodie ebraiche.<\/p>\n<p>L&#8217;analisi del <em>Taamim<\/em> ebraici gli rivela una tecnica musicale estremamente elaborata del tempo dei primi Re d&#8217;Israele che consiste nello stabilire una scala musicale in funzione ed a partire da un&#8217;altra. Se la prima scala \u00e8 diatonica e austera, la seconda, costruita a partire dalla prima, \u00e8 cromatica, cio\u00e8 colorata, usando la seconda aumentata. Leggi rigorose presiederebbero cos\u00ec alla nascita delle scale sonore fondamentali e delle scale sonore complementari.<\/p>\n<p><img loading=\"lazy\" decoding=\"async\" class=\"size-full wp-image-22731 alignleft\" src=\"https:\/\/www.iemj.org\/wp-content\/uploads\/2019\/02\/un_mariage_sacre.jpg\" alt=\"un_mariage_sacre.jpg\" width=\"182\" height=\"260\" align=\"right\" \/><\/p>\n<p>Secondo questa teoria, queste scale musicali diverse : diatonica, cromatica, enarmonica, quando provengono dalla stessa scala fondamentale, hanno la possibilit\u00e0 di sovrapporsi, il che consente una stupefacente polifonia che troviamo ancora oggi cantata dalle comunit\u00e0 ebraiche arcaiche dello Yemen o di Tunisia (Djerba).<\/p>\n<p>Cos\u00ec, contrariamente all&#8217;opinione diffusa che fa risalire la nascita della polifonia all&#8217;apparizione delle grandi cattedrali del Medioevo, Jean-Claude Sillamy giunge alla conclusione che la polifonia \u00e8 ampiamente utilizzata nel Grande Tempio di Gerusalemme, ed in particolare all&#8217;epoca del re Davide. Questa armonia \u00e8 totalmente diversa dalla nostra armonia occidentale basata sulla terza e sulla funzione: tensione-rilassamento \u2013 dominante-tonica. Jean-Claude Sillamy ha lavorato per cercare questa armonia, facendo quindi astrazione di tutte le conoscenze acquisite al Conservatorio.<\/p>\n<p>Per lui, tutte le musiche del mondo, e soprattutto le musiche non modulate, possiedono virtualmente in se stesse le loro proprie armonie. Cercando di riscoprire questo linguaggio melodico e armonico dell&#8217;Antichit\u00e0, adattandolo al nostro sistema temperato occidentale, Jean-Claude Sillamy compone una musica originale.<\/p>\n<p><img loading=\"lazy\" decoding=\"async\" class=\"size-full wp-image-22733 alignright\" src=\"https:\/\/www.iemj.org\/wp-content\/uploads\/2019\/02\/la_musique_dans_la_bible.jpg\" alt=\"la_musique_dans_la_bible.jpg\" width=\"213\" height=\"300\" align=\"left\" \/><\/p>\n<p>Questa musica, che \u00e8 il risultato di un compositore isolato, non pu\u00f2 rientrare in nessuno degli schemi tradizionali conosciuti: musica seriale (Sch\u00f6nberg), musica concreta (Pierre Schaeffer)\u2026 Questa musica rompe con la disintegrazione, la scomposizione della melodia, per evidenziare \u201c la cantilena\u201d, il canto, questa espressione immortale dell&#8217;animo umano.<\/p>\n<p>Partendo da questo lavoro, Jean-Claude Sillamy si \u00e8 dedicato al grande progetto di dare un nuovo slancio ed una nuova espressione al canto ebraico. Pubblica diversi libri e studi dedicati in particolare alle musiche ebraiche (Tentativo di ricostituzione della musica della Bibbia, 1957; La musica nell&#8217;antico Oriente (2 volumi), 1986; La musica delle comunit\u00e0 ebraiche del Nord Africa, 1987; uno studio sul principio di modulazione nel frammento babilonese di Ur: U. 7\/80 (XVIII secolo a.C.) ( partendo da uno strumento non identificato dell&#8217;epoca: il &#8220;gis za mi&#8221;)<\/p>\n<p>Circondato dai suoi cari, muore il 29 luglio 2016 ad Ajaccio.<\/p>\n<p>I suoi archivi, donati all&#8217;Istituto Europeo di Musica Ebraica nel novembre 2016 dalla vedova Lina Sillamy, sono costituiti da circa 80 documenti (dischi, registrazioni sul terreno, articoli, libri, foto, ecc.) la maggior parte dei quali introvabili oggi.<\/p>\n<p><a href=\"https:\/\/www.iemj.org\/it\/fonds-jean-claude-sillamy\/\" target=\"_blank\" rel=\"noopener\">Consultare l\u2019articolo sul Fondo Sillamy<\/a><br \/>\n<a href=\"http:\/\/www.rachelnet.net\/F\/?func=find-c&amp;ccl_term=WRD+%3D+Jean-Claude+Sillamy&amp;local_base=iemcg\" target=\"_blank\" rel=\"noopener\">Consultare i documenti del Fondo Sillamy<\/a><\/p>\n","protected":false},"excerpt":{"rendered":"<p>Nato il 24 luglio 1932 ad Algeri in una famiglia di musicisti \u2013 suo padre Charles era direttore di una scuola di musica \u2013 Jean-Claude Sillamy conosce fin dalla prima<\/p>\n","protected":false},"author":5,"featured_media":53451,"comment_status":"closed","ping_status":"open","sticky":false,"template":"","format":"standard","meta":{"_acf_changed":false,"footnotes":""},"categories":[1416],"tags":[],"technique":[],"squelettes":[],"sujet":[2097],"formation":[],"genre":[],"fonds":[],"tradition":[],"type-de-contenu":[],"interprete-compositeur":[],"frise":[],"type-devenement":[],"tableaux-liens-externes":[],"class_list":["post-89147","post","type-post","status-publish","format-standard","has-post-thumbnail","hentry","category-biografie-it","sujet-accenti-biblici-teamim-it"],"acf":[],"yoast_head":"<!-- This site is optimized with the Yoast SEO plugin v27.3 - https:\/\/yoast.com\/product\/yoast-seo-wordpress\/ -->\n<title>Sillamy, Jean-Claude (1932-2016) - Institut Europ\u00e9en des Musiques Juives<\/title>\n<meta name=\"robots\" content=\"index, follow, max-snippet:-1, max-image-preview:large, max-video-preview:-1\" \/>\n<link rel=\"canonical\" href=\"https:\/\/www.iemj.org\/it\/sillamy-jean-claude-1932-2016\/\" \/>\n<meta property=\"og:locale\" content=\"it_IT\" \/>\n<meta property=\"og:type\" content=\"article\" \/>\n<meta property=\"og:title\" content=\"Sillamy, Jean-Claude (1932-2016) - Institut Europ\u00e9en des Musiques Juives\" \/>\n<meta property=\"og:description\" content=\"Nato il 24 luglio 1932 ad Algeri in una famiglia di musicisti \u2013 suo padre Charles era direttore di una scuola di musica \u2013 Jean-Claude Sillamy conosce fin dalla prima\" \/>\n<meta property=\"og:url\" content=\"https:\/\/www.iemj.org\/it\/sillamy-jean-claude-1932-2016\/\" \/>\n<meta property=\"og:site_name\" content=\"Institut Europ\u00e9en des Musiques Juives\" \/>\n<meta property=\"article:publisher\" content=\"https:\/\/www.facebook.com\/MusiquesJuives\/\" \/>\n<meta property=\"article:published_time\" content=\"2019-02-13T08:37:05+00:00\" \/>\n<meta property=\"article:modified_time\" content=\"2022-10-24T14:17:13+00:00\" \/>\n<meta property=\"og:image\" content=\"https:\/\/www.iemj.org\/wp-content\/uploads\/2019\/02\/arton3945-e1625470471326.jpg\" \/>\n\t<meta property=\"og:image:width\" content=\"150\" \/>\n\t<meta property=\"og:image:height\" content=\"218\" \/>\n\t<meta property=\"og:image:type\" content=\"image\/jpeg\" \/>\n<meta name=\"author\" content=\"Jacqueline ROTEN\" \/>\n<meta name=\"twitter:card\" content=\"summary_large_image\" \/>\n<meta name=\"twitter:label1\" content=\"Scritto da\" \/>\n\t<meta name=\"twitter:data1\" content=\"Jacqueline ROTEN\" \/>\n\t<meta name=\"twitter:label2\" content=\"Tempo di lettura stimato\" \/>\n\t<meta name=\"twitter:data2\" content=\"7 minuti\" \/>\n<script type=\"application\/ld+json\" class=\"yoast-schema-graph\">{\"@context\":\"https:\\\/\\\/schema.org\",\"@graph\":[{\"@type\":\"Article\",\"@id\":\"https:\\\/\\\/www.iemj.org\\\/it\\\/sillamy-jean-claude-1932-2016\\\/#article\",\"isPartOf\":{\"@id\":\"https:\\\/\\\/www.iemj.org\\\/it\\\/sillamy-jean-claude-1932-2016\\\/\"},\"author\":{\"name\":\"Jacqueline ROTEN\",\"@id\":\"https:\\\/\\\/www.iemj.org\\\/it\\\/#\\\/schema\\\/person\\\/358e26c18aca017fcc4cc15437f7279c\"},\"headline\":\"Sillamy, Jean-Claude (1932-2016)\",\"datePublished\":\"2019-02-13T08:37:05+00:00\",\"dateModified\":\"2022-10-24T14:17:13+00:00\",\"mainEntityOfPage\":{\"@id\":\"https:\\\/\\\/www.iemj.org\\\/it\\\/sillamy-jean-claude-1932-2016\\\/\"},\"wordCount\":1023,\"publisher\":{\"@id\":\"https:\\\/\\\/www.iemj.org\\\/it\\\/#organization\"},\"image\":{\"@id\":\"https:\\\/\\\/www.iemj.org\\\/it\\\/sillamy-jean-claude-1932-2016\\\/#primaryimage\"},\"thumbnailUrl\":\"https:\\\/\\\/www.iemj.org\\\/wp-content\\\/uploads\\\/2019\\\/02\\\/arton3945-e1625470471326.jpg\",\"articleSection\":[\"Biografie\"],\"inLanguage\":\"it-IT\"},{\"@type\":\"WebPage\",\"@id\":\"https:\\\/\\\/www.iemj.org\\\/it\\\/sillamy-jean-claude-1932-2016\\\/\",\"url\":\"https:\\\/\\\/www.iemj.org\\\/it\\\/sillamy-jean-claude-1932-2016\\\/\",\"name\":\"Sillamy, Jean-Claude (1932-2016) - Institut Europ\u00e9en des Musiques Juives\",\"isPartOf\":{\"@id\":\"https:\\\/\\\/www.iemj.org\\\/it\\\/#website\"},\"primaryImageOfPage\":{\"@id\":\"https:\\\/\\\/www.iemj.org\\\/it\\\/sillamy-jean-claude-1932-2016\\\/#primaryimage\"},\"image\":{\"@id\":\"https:\\\/\\\/www.iemj.org\\\/it\\\/sillamy-jean-claude-1932-2016\\\/#primaryimage\"},\"thumbnailUrl\":\"https:\\\/\\\/www.iemj.org\\\/wp-content\\\/uploads\\\/2019\\\/02\\\/arton3945-e1625470471326.jpg\",\"datePublished\":\"2019-02-13T08:37:05+00:00\",\"dateModified\":\"2022-10-24T14:17:13+00:00\",\"breadcrumb\":{\"@id\":\"https:\\\/\\\/www.iemj.org\\\/it\\\/sillamy-jean-claude-1932-2016\\\/#breadcrumb\"},\"inLanguage\":\"it-IT\",\"potentialAction\":[{\"@type\":\"ReadAction\",\"target\":[\"https:\\\/\\\/www.iemj.org\\\/it\\\/sillamy-jean-claude-1932-2016\\\/\"]}]},{\"@type\":\"ImageObject\",\"inLanguage\":\"it-IT\",\"@id\":\"https:\\\/\\\/www.iemj.org\\\/it\\\/sillamy-jean-claude-1932-2016\\\/#primaryimage\",\"url\":\"https:\\\/\\\/www.iemj.org\\\/wp-content\\\/uploads\\\/2019\\\/02\\\/arton3945-e1625470471326.jpg\",\"contentUrl\":\"https:\\\/\\\/www.iemj.org\\\/wp-content\\\/uploads\\\/2019\\\/02\\\/arton3945-e1625470471326.jpg\",\"width\":150,\"height\":218},{\"@type\":\"BreadcrumbList\",\"@id\":\"https:\\\/\\\/www.iemj.org\\\/it\\\/sillamy-jean-claude-1932-2016\\\/#breadcrumb\",\"itemListElement\":[{\"@type\":\"ListItem\",\"position\":1,\"name\":\"Accueil\",\"item\":\"https:\\\/\\\/www.iemj.org\\\/it\\\/\"},{\"@type\":\"ListItem\",\"position\":2,\"name\":\"Sillamy, Jean-Claude (1932-2016)\"}]},{\"@type\":\"WebSite\",\"@id\":\"https:\\\/\\\/www.iemj.org\\\/it\\\/#website\",\"url\":\"https:\\\/\\\/www.iemj.org\\\/it\\\/\",\"name\":\"Institut Europ\u00e9en des Musiques Juives\",\"description\":\"Des traditions musicales \u00e0 la port\u00e9e de tous\",\"publisher\":{\"@id\":\"https:\\\/\\\/www.iemj.org\\\/it\\\/#organization\"},\"potentialAction\":[{\"@type\":\"SearchAction\",\"target\":{\"@type\":\"EntryPoint\",\"urlTemplate\":\"https:\\\/\\\/www.iemj.org\\\/it\\\/?s={search_term_string}\"},\"query-input\":{\"@type\":\"PropertyValueSpecification\",\"valueRequired\":true,\"valueName\":\"search_term_string\"}}],\"inLanguage\":\"it-IT\"},{\"@type\":\"Organization\",\"@id\":\"https:\\\/\\\/www.iemj.org\\\/it\\\/#organization\",\"name\":\"Institut Europ\u00e9en des Musiques Juives\",\"url\":\"https:\\\/\\\/www.iemj.org\\\/it\\\/\",\"logo\":{\"@type\":\"ImageObject\",\"inLanguage\":\"it-IT\",\"@id\":\"https:\\\/\\\/www.iemj.org\\\/it\\\/#\\\/schema\\\/logo\\\/image\\\/\",\"url\":\"https:\\\/\\\/www.iemj.org\\\/wp-content\\\/uploads\\\/2021\\\/09\\\/Logo-IEMJ-Paypal.jpg\",\"contentUrl\":\"https:\\\/\\\/www.iemj.org\\\/wp-content\\\/uploads\\\/2021\\\/09\\\/Logo-IEMJ-Paypal.jpg\",\"width\":150,\"height\":50,\"caption\":\"Institut Europ\u00e9en des Musiques Juives\"},\"image\":{\"@id\":\"https:\\\/\\\/www.iemj.org\\\/it\\\/#\\\/schema\\\/logo\\\/image\\\/\"},\"sameAs\":[\"https:\\\/\\\/www.facebook.com\\\/MusiquesJuives\\\/\",\"https:\\\/\\\/www.instagram.com\\\/musiquesjuives\\\/\",\"https:\\\/\\\/www.youtube.com\\\/user\\\/musiquesjuives\"]},{\"@type\":\"Person\",\"@id\":\"https:\\\/\\\/www.iemj.org\\\/it\\\/#\\\/schema\\\/person\\\/358e26c18aca017fcc4cc15437f7279c\",\"name\":\"Jacqueline ROTEN\",\"image\":{\"@type\":\"ImageObject\",\"inLanguage\":\"it-IT\",\"@id\":\"https:\\\/\\\/secure.gravatar.com\\\/avatar\\\/5964256d6c6957de3a3505278957e0fb2a35119ac47ea41827a65301213c810b?s=96&d=mm&r=g\",\"url\":\"https:\\\/\\\/secure.gravatar.com\\\/avatar\\\/5964256d6c6957de3a3505278957e0fb2a35119ac47ea41827a65301213c810b?s=96&d=mm&r=g\",\"contentUrl\":\"https:\\\/\\\/secure.gravatar.com\\\/avatar\\\/5964256d6c6957de3a3505278957e0fb2a35119ac47ea41827a65301213c810b?s=96&d=mm&r=g\",\"caption\":\"Jacqueline ROTEN\"}}]}<\/script>\n<!-- \/ Yoast SEO plugin. -->","yoast_head_json":{"title":"Sillamy, Jean-Claude (1932-2016) - Institut Europ\u00e9en des Musiques Juives","robots":{"index":"index","follow":"follow","max-snippet":"max-snippet:-1","max-image-preview":"max-image-preview:large","max-video-preview":"max-video-preview:-1"},"canonical":"https:\/\/www.iemj.org\/it\/sillamy-jean-claude-1932-2016\/","og_locale":"it_IT","og_type":"article","og_title":"Sillamy, Jean-Claude (1932-2016) - Institut Europ\u00e9en des Musiques Juives","og_description":"Nato il 24 luglio 1932 ad Algeri in una famiglia di musicisti \u2013 suo padre Charles era direttore di una scuola di musica \u2013 Jean-Claude Sillamy conosce fin dalla prima","og_url":"https:\/\/www.iemj.org\/it\/sillamy-jean-claude-1932-2016\/","og_site_name":"Institut Europ\u00e9en des Musiques Juives","article_publisher":"https:\/\/www.facebook.com\/MusiquesJuives\/","article_published_time":"2019-02-13T08:37:05+00:00","article_modified_time":"2022-10-24T14:17:13+00:00","og_image":[{"width":150,"height":218,"url":"https:\/\/www.iemj.org\/wp-content\/uploads\/2019\/02\/arton3945-e1625470471326.jpg","type":"image\/jpeg"}],"author":"Jacqueline ROTEN","twitter_card":"summary_large_image","twitter_misc":{"Scritto da":"Jacqueline ROTEN","Tempo di lettura stimato":"7 minuti"},"schema":{"@context":"https:\/\/schema.org","@graph":[{"@type":"Article","@id":"https:\/\/www.iemj.org\/it\/sillamy-jean-claude-1932-2016\/#article","isPartOf":{"@id":"https:\/\/www.iemj.org\/it\/sillamy-jean-claude-1932-2016\/"},"author":{"name":"Jacqueline ROTEN","@id":"https:\/\/www.iemj.org\/it\/#\/schema\/person\/358e26c18aca017fcc4cc15437f7279c"},"headline":"Sillamy, Jean-Claude (1932-2016)","datePublished":"2019-02-13T08:37:05+00:00","dateModified":"2022-10-24T14:17:13+00:00","mainEntityOfPage":{"@id":"https:\/\/www.iemj.org\/it\/sillamy-jean-claude-1932-2016\/"},"wordCount":1023,"publisher":{"@id":"https:\/\/www.iemj.org\/it\/#organization"},"image":{"@id":"https:\/\/www.iemj.org\/it\/sillamy-jean-claude-1932-2016\/#primaryimage"},"thumbnailUrl":"https:\/\/www.iemj.org\/wp-content\/uploads\/2019\/02\/arton3945-e1625470471326.jpg","articleSection":["Biografie"],"inLanguage":"it-IT"},{"@type":"WebPage","@id":"https:\/\/www.iemj.org\/it\/sillamy-jean-claude-1932-2016\/","url":"https:\/\/www.iemj.org\/it\/sillamy-jean-claude-1932-2016\/","name":"Sillamy, Jean-Claude (1932-2016) - Institut Europ\u00e9en des Musiques Juives","isPartOf":{"@id":"https:\/\/www.iemj.org\/it\/#website"},"primaryImageOfPage":{"@id":"https:\/\/www.iemj.org\/it\/sillamy-jean-claude-1932-2016\/#primaryimage"},"image":{"@id":"https:\/\/www.iemj.org\/it\/sillamy-jean-claude-1932-2016\/#primaryimage"},"thumbnailUrl":"https:\/\/www.iemj.org\/wp-content\/uploads\/2019\/02\/arton3945-e1625470471326.jpg","datePublished":"2019-02-13T08:37:05+00:00","dateModified":"2022-10-24T14:17:13+00:00","breadcrumb":{"@id":"https:\/\/www.iemj.org\/it\/sillamy-jean-claude-1932-2016\/#breadcrumb"},"inLanguage":"it-IT","potentialAction":[{"@type":"ReadAction","target":["https:\/\/www.iemj.org\/it\/sillamy-jean-claude-1932-2016\/"]}]},{"@type":"ImageObject","inLanguage":"it-IT","@id":"https:\/\/www.iemj.org\/it\/sillamy-jean-claude-1932-2016\/#primaryimage","url":"https:\/\/www.iemj.org\/wp-content\/uploads\/2019\/02\/arton3945-e1625470471326.jpg","contentUrl":"https:\/\/www.iemj.org\/wp-content\/uploads\/2019\/02\/arton3945-e1625470471326.jpg","width":150,"height":218},{"@type":"BreadcrumbList","@id":"https:\/\/www.iemj.org\/it\/sillamy-jean-claude-1932-2016\/#breadcrumb","itemListElement":[{"@type":"ListItem","position":1,"name":"Accueil","item":"https:\/\/www.iemj.org\/it\/"},{"@type":"ListItem","position":2,"name":"Sillamy, Jean-Claude (1932-2016)"}]},{"@type":"WebSite","@id":"https:\/\/www.iemj.org\/it\/#website","url":"https:\/\/www.iemj.org\/it\/","name":"Institut Europ\u00e9en des Musiques Juives","description":"Des traditions musicales \u00e0 la port\u00e9e de tous","publisher":{"@id":"https:\/\/www.iemj.org\/it\/#organization"},"potentialAction":[{"@type":"SearchAction","target":{"@type":"EntryPoint","urlTemplate":"https:\/\/www.iemj.org\/it\/?s={search_term_string}"},"query-input":{"@type":"PropertyValueSpecification","valueRequired":true,"valueName":"search_term_string"}}],"inLanguage":"it-IT"},{"@type":"Organization","@id":"https:\/\/www.iemj.org\/it\/#organization","name":"Institut Europ\u00e9en des Musiques Juives","url":"https:\/\/www.iemj.org\/it\/","logo":{"@type":"ImageObject","inLanguage":"it-IT","@id":"https:\/\/www.iemj.org\/it\/#\/schema\/logo\/image\/","url":"https:\/\/www.iemj.org\/wp-content\/uploads\/2021\/09\/Logo-IEMJ-Paypal.jpg","contentUrl":"https:\/\/www.iemj.org\/wp-content\/uploads\/2021\/09\/Logo-IEMJ-Paypal.jpg","width":150,"height":50,"caption":"Institut Europ\u00e9en des Musiques Juives"},"image":{"@id":"https:\/\/www.iemj.org\/it\/#\/schema\/logo\/image\/"},"sameAs":["https:\/\/www.facebook.com\/MusiquesJuives\/","https:\/\/www.instagram.com\/musiquesjuives\/","https:\/\/www.youtube.com\/user\/musiquesjuives"]},{"@type":"Person","@id":"https:\/\/www.iemj.org\/it\/#\/schema\/person\/358e26c18aca017fcc4cc15437f7279c","name":"Jacqueline ROTEN","image":{"@type":"ImageObject","inLanguage":"it-IT","@id":"https:\/\/secure.gravatar.com\/avatar\/5964256d6c6957de3a3505278957e0fb2a35119ac47ea41827a65301213c810b?s=96&d=mm&r=g","url":"https:\/\/secure.gravatar.com\/avatar\/5964256d6c6957de3a3505278957e0fb2a35119ac47ea41827a65301213c810b?s=96&d=mm&r=g","contentUrl":"https:\/\/secure.gravatar.com\/avatar\/5964256d6c6957de3a3505278957e0fb2a35119ac47ea41827a65301213c810b?s=96&d=mm&r=g","caption":"Jacqueline ROTEN"}}]}},"_links":{"self":[{"href":"https:\/\/www.iemj.org\/it\/wp-json\/wp\/v2\/posts\/89147","targetHints":{"allow":["GET"]}}],"collection":[{"href":"https:\/\/www.iemj.org\/it\/wp-json\/wp\/v2\/posts"}],"about":[{"href":"https:\/\/www.iemj.org\/it\/wp-json\/wp\/v2\/types\/post"}],"author":[{"embeddable":true,"href":"https:\/\/www.iemj.org\/it\/wp-json\/wp\/v2\/users\/5"}],"replies":[{"embeddable":true,"href":"https:\/\/www.iemj.org\/it\/wp-json\/wp\/v2\/comments?post=89147"}],"version-history":[{"count":0,"href":"https:\/\/www.iemj.org\/it\/wp-json\/wp\/v2\/posts\/89147\/revisions"}],"wp:featuredmedia":[{"embeddable":true,"href":"https:\/\/www.iemj.org\/it\/wp-json\/wp\/v2\/media\/53451"}],"wp:attachment":[{"href":"https:\/\/www.iemj.org\/it\/wp-json\/wp\/v2\/media?parent=89147"}],"wp:term":[{"taxonomy":"category","embeddable":true,"href":"https:\/\/www.iemj.org\/it\/wp-json\/wp\/v2\/categories?post=89147"},{"taxonomy":"post_tag","embeddable":true,"href":"https:\/\/www.iemj.org\/it\/wp-json\/wp\/v2\/tags?post=89147"},{"taxonomy":"technique","embeddable":true,"href":"https:\/\/www.iemj.org\/it\/wp-json\/wp\/v2\/technique?post=89147"},{"taxonomy":"squelettes","embeddable":true,"href":"https:\/\/www.iemj.org\/it\/wp-json\/wp\/v2\/squelettes?post=89147"},{"taxonomy":"sujet","embeddable":true,"href":"https:\/\/www.iemj.org\/it\/wp-json\/wp\/v2\/sujet?post=89147"},{"taxonomy":"formation","embeddable":true,"href":"https:\/\/www.iemj.org\/it\/wp-json\/wp\/v2\/formation?post=89147"},{"taxonomy":"genre","embeddable":true,"href":"https:\/\/www.iemj.org\/it\/wp-json\/wp\/v2\/genre?post=89147"},{"taxonomy":"fonds","embeddable":true,"href":"https:\/\/www.iemj.org\/it\/wp-json\/wp\/v2\/fonds?post=89147"},{"taxonomy":"tradition","embeddable":true,"href":"https:\/\/www.iemj.org\/it\/wp-json\/wp\/v2\/tradition?post=89147"},{"taxonomy":"type-de-contenu","embeddable":true,"href":"https:\/\/www.iemj.org\/it\/wp-json\/wp\/v2\/type-de-contenu?post=89147"},{"taxonomy":"interprete-compositeur","embeddable":true,"href":"https:\/\/www.iemj.org\/it\/wp-json\/wp\/v2\/interprete-compositeur?post=89147"},{"taxonomy":"frise","embeddable":true,"href":"https:\/\/www.iemj.org\/it\/wp-json\/wp\/v2\/frise?post=89147"},{"taxonomy":"type-devenement","embeddable":true,"href":"https:\/\/www.iemj.org\/it\/wp-json\/wp\/v2\/type-devenement?post=89147"},{"taxonomy":"tableaux-liens-externes","embeddable":true,"href":"https:\/\/www.iemj.org\/it\/wp-json\/wp\/v2\/tableaux-liens-externes?post=89147"}],"curies":[{"name":"wp","href":"https:\/\/api.w.org\/{rel}","templated":true}]}}