{"id":89223,"date":"2019-10-15T15:33:23","date_gmt":"2019-10-15T13:33:23","guid":{"rendered":"https:\/\/www.iemj.org\/meyerbeer-giacomo-1791-1864\/"},"modified":"2025-09-10T10:26:49","modified_gmt":"2025-09-10T08:26:49","slug":"meyerbeer-giacomo-1791-1864","status":"publish","type":"post","link":"https:\/\/www.iemj.org\/it\/meyerbeer-giacomo-1791-1864\/","title":{"rendered":"Meyerbeer, Giacomo (1791-1864)"},"content":{"rendered":"<p>Giacomo Meyerbeer, il cui vero nome \u00e8 Jakob Liebmann Meyer Beer, nasce il 5 settembre 1791 a Tasdorf, vicino a Berlino, da una ricca famiglia ebrea. Suo padre, Judah Herz Beer (1769-1825) \u00e8 particolarmente coinvolto nel movimento per l&#8217;emancipazione e l&#8217;integrazione degli ebrei di Prussia. All&#8217;inizio del XIX secolo gli ebrei non godevano ancora della cittadinanza prussiana; il funzionariato era loro proibito, come molti altri mestieri. Era quindi praticamente impossibile per un ebreo intraprendere una carriera nel campo musicale senza convertirsi.<\/p>\n<p>Fin dall&#8217;infanzia, il piccolo Jakob \u00e8 istruito da maestri privati: Franz Lauska (1764-1825), maestro di pianoforte a Corte che gli d\u00e0 le prime lezioni nel 1798, poi Muzio Clementi (1752-1832) e Georg Joseph Vogler (1749-1814) . All&#8217;et\u00e0 di 10 anni, Meyerbeer esegue in pubblico il concerto per pianoforte in re minore di Mozart e si guadagna rapidamente la reputazione di brillante pianista. Dal 1803 al 1807 studia composizione con Carl Friedrich Zelter (che sar\u00e0 anche insegnante di Felix Mendelssohn) e completa la sua prima sonata per pianoforte il 12 dicembre 1803. Attratto dall&#8217;opera, diventa poi allievo di Bernhard Anselm Weber (1766-1821), allora direttore dell\u2019Opera reale di Berlino. E\u2019 in questo periodo che compone la sua prima opera teatrale, il balletto-pantomima <em>Der Fischer und das Milchm\u00e4dchen<\/em>, presentato per la prima volta al Teatro Reale di Berlino il 26 marzo 1810.<\/p>\n<p><img fetchpriority=\"high\" decoding=\"async\" class=\" alignleft size-full wp-image-25847\" src=\"https:\/\/www.iemj.org\/wp-content\/uploads\/2019\/10\/giacomo_meyerbeer___e_desmaisons__._redim_450px_vertic.jpg\" alt=\"giacomo_meyerbeer___e_desmaisons__._redim_450px_vertic.jpg\" width=\"296\" height=\"450\" align=\"left\" srcset=\"https:\/\/www.iemj.org\/wp-content\/uploads\/2019\/10\/giacomo_meyerbeer___e_desmaisons__._redim_450px_vertic.jpg 296w, https:\/\/www.iemj.org\/wp-content\/uploads\/2019\/10\/giacomo_meyerbeer___e_desmaisons__._redim_450px_vertic-197x300.jpg 197w\" sizes=\"(max-width: 296px) 100vw, 296px\" \/>Nel 1816 si reca in Italia, dove assiste ad una rappresentazione dell&#8217;opera <em>Tancredi<\/em> di Gioachino Rossini (1792-1868). Questo spettacolo \u00e8 una vera rivelazione. Compone allora delle opere (<em>Romilda e Costanza<\/em> nel 1817, <em>Semiramide riconosciuta<\/em> ed <em>Emma di Resburgo<\/em> nel 1819, <em>Margherita d&#8217;Anjou<\/em> nel 1820<em>, L&#8217;esule di Granata<\/em> nel 1822 e infine <em>Il crociato in Egitto<\/em> nel 1824) che gli assicurano una notoriet\u00e0 non solo in Italia ma anche in tutta Europa, dove \u00e8 considerato alla pari di Rossini. Grato all&#8217;Italia dove ha ottenuto i suoi primi successi, il compositore italianizza il suo nome, presentandosi d&#8217;allora in poi con il nome di Giacomo Meyerbeer.<\/p>\n<p>Dal 1825 al 1841 gran parte della sua carriera si svolge a Parigi. Grazie al sostegno di Luigi Cherubini, il 18 febbraio 1827 inizia una fruttuosa collaborazione con il librettista Eug\u00e8ne Scribe. Il loro primo lavoro comune, <em>Robert le Diable<\/em>, \u00e8 creato all&#8217;Op\u00e9ra il 21 novembre 1831 e ottiene un trionfo. Meyerbeer diventa membro straniero dell&#8217;Acad\u00e9mie des Beaux-Arts di Parigi ed \u00e8 elevato alla dignit\u00e0 di Chevalier de la L\u00e9gion d&#8217;honneur il 19 gennaio 1832.<\/p>\n<p>La morte nel 1840 del re Federico Guglielmo III di Prussia e l&#8217;ascesa al trono del figlio maggiore Federico Guglielmo IV si rivela benefica per Meyerbeer. Il nuovo re adotta infatti misure molto pi\u00f9 liberali per gli ebrei di Prussia. L&#8217;11 giugno 1842, Federico Guglielmo IV nomina Meyerbeer <em>Generalmusikdirektor<\/em> (Direttore generale della musica) dell\u2019Opera reale di Prussia e supervisore della musica della Corte reale. La direzione della musica sacra \u00e8 affidata ad un altro compositore di origine ebraica, ma convertito al protestantesimo, Felix Mendelssohn (1809-1847).<\/p>\n<p><img decoding=\"async\" class=\" alignright size-full wp-image-25849\" src=\"https:\/\/www.iemj.org\/wp-content\/uploads\/2019\/10\/meyerbeer-g-l-africaine-piano-chant-ca1925_rognee_redim_450px_vertic.jpg\" alt=\"meyerbeer-g-l-africaine-piano-chant-ca1925_rognee_redim_450px_vertic.jpg\" width=\"339\" height=\"450\" align=\"right\" srcset=\"https:\/\/www.iemj.org\/wp-content\/uploads\/2019\/10\/meyerbeer-g-l-africaine-piano-chant-ca1925_rognee_redim_450px_vertic.jpg 339w, https:\/\/www.iemj.org\/wp-content\/uploads\/2019\/10\/meyerbeer-g-l-africaine-piano-chant-ca1925_rognee_redim_450px_vertic-226x300.jpg 226w\" sizes=\"(max-width: 339px) 100vw, 339px\" \/>Dal 1851 Meyerbeer risieder\u00e0 per la maggior parte del tempo a Berlino con la sua famiglia e parteciper\u00e0 alla vita artistica particolarmente ricca della citt\u00e0. Questo non gli impedisce di viaggiare regolarmente in tutta Europa per presentarvi le sue opere.<\/p>\n<p>Molto stanco per la sua intensa attivit\u00e0 creativa, Meyerbeer muore improvvisamente il 2 maggio 1864 a Parigi, mentre supervisiona le prove della sua ultima opera, <em>L&#8217;Africaine<\/em>.<\/p>\n<p>Durante tutta la sua vita, Giacomo Meyerbeer non ha mai rinnegato la sua appartenenza all&#8217;ebraismo. Commemora i compleanni della sua famiglia secondo il calendario lunare ebraico, ed al decesso di suo nonno, avvenuto quando aveva 20 anni, promette a sua madre di vivere nel rispetto delle leggi mosaiche. Il suo lavoro musicale ebraico, tuttavia, \u00e8 minimo: di lui si conoscono solo due composizioni ebraiche. La prima \u00e8 un&#8217;opera giovanile, un <em>Alleluia<\/em> per coro e organo scritta nel 1815 per la comunit\u00e0 riformata di Berlino e cantata nell&#8217;oratorio di Judah Herz Beer, il padre del compositore.<\/p>\n<p><img decoding=\"async\" class=\" alignleft size-full wp-image-25851\" src=\"https:\/\/www.iemj.org\/wp-content\/uploads\/2019\/10\/meyerbeer_ouvnoukho_yomar_redim_400px_vertic.jpg\" alt=\"meyerbeer_ouvnoukho_yomar_redim_400px_vertic.jpg\" width=\"304\" height=\"400\" align=\"left\" srcset=\"https:\/\/www.iemj.org\/wp-content\/uploads\/2019\/10\/meyerbeer_ouvnoukho_yomar_redim_400px_vertic.jpg 304w, https:\/\/www.iemj.org\/wp-content\/uploads\/2019\/10\/meyerbeer_ouvnoukho_yomar_redim_400px_vertic-228x300.jpg 228w\" sizes=\"(max-width: 304px) 100vw, 304px\" \/>La seconda, <em>Ouv\u2019noukho Yomar<\/em>, \u00e8 il risultato dei lavori di <a href=\"https:\/\/www.iemj.org\/it\/naumbourg-samuel-1817-1880\/\">Samuel Naumbourg (1817-1880)<\/a>, uno dei principali riformatori del culto israelita francese nel XIX secolo. Nel 1846, Naumbourg, mentre prepara la pubblicazione di una raccolta in due volumi di canti ebraici, <em>Zemirot Israel, Chants Religieux des Isra\u00e9lites<\/em>, chiede a Meyerbeer il permesso di includere una delle sue composizioni: Pri\u00e8re d&#8217;enfants, originariamente pubblicata nel 1839 per tre voci femminili a cappella, prima di essere tradotta in tedesco nel 1841 con il titolo <em>Kindergebet.<\/em> Meyerbeer accetta e Naumbourg realizza un arrangiamento per un coro maschile e di bambini basato sul testo della preghiera <em>Ouv&#8217;noukho Yomar<\/em>, recitata quando i rotoli della Torah tornano nell\u2019Arca Santa durante i servizi di Shabbat e le feste. Questo brano \u00e8 pubblicato a Parigi nel 1847 nel secondo volume della collezione Naumbourg, che comprende anche brani di altri compositori come\u00a0<a href=\"https:\/\/www.iemj.org\/it\/halevy-jacques-francois-fromental-elie-1799-1862\/\">Fromental Hal\u00e9vy (1799-1862)<\/a> o <a href=\"https:\/\/www.iemj.org\/it\/alkan-charles-valentin-1813-1888\/\">Charles-Valentin Alkan (1813-1888)<\/a>.<\/p>\n<p><a href=\"https:\/\/www.iemj.org\/it\/produit\/jacques-offenbach-and-friends-from-the-synagogue-to-the-opera\/\" target=\"_blank\" rel=\"noopener\">Ordinare il <strong>CD Jacques Offenbach et ses proches \u2013 De la synagogue \u00e0 l&#8217;opera<\/strong> \u2013 Vol.6, Ed. IEMJ, sul nostro negozio online<\/a><\/p>\n<p><a href=\"https:\/\/www.iemj.org\/it\/giacomo-meyerbeer-hallelujah-the-choral-works\/\" target=\"_blank\" rel=\"noopener\">Per saperne di pi\u00f9 sul CD Giacomo Meyerbeer \u2013 Hallelujah, acquisizione della mediateca Halphen<\/a><\/p>\n\n\n<h2 class=\"wp-block-heading\"><\/h2>\n\n\n<div class=\"wp-block-image\">\n<figure class=\"aligncenter size-large\"><img loading=\"lazy\" decoding=\"async\" width=\"1024\" height=\"133\" src=\"https:\/\/www.iemj.org\/wp-content\/uploads\/2024\/03\/AUDIO-PLAYER-1024x133.png\" alt=\"\" class=\"wp-image-110609\" srcset=\"https:\/\/www.iemj.org\/wp-content\/uploads\/2024\/03\/AUDIO-PLAYER-1024x133.png 1024w, https:\/\/www.iemj.org\/wp-content\/uploads\/2024\/03\/AUDIO-PLAYER-300x39.png 300w, https:\/\/www.iemj.org\/wp-content\/uploads\/2024\/03\/AUDIO-PLAYER-768x100.png 768w, https:\/\/www.iemj.org\/wp-content\/uploads\/2024\/03\/AUDIO-PLAYER-600x78.png 600w, https:\/\/www.iemj.org\/wp-content\/uploads\/2024\/03\/AUDIO-PLAYER.png 1210w\" sizes=\"(max-width: 1024px) 100vw, 1024px\" \/><\/figure>\n<\/div>\n\n\n<div class=\"wp-block-file\"><a id=\"wp-block-file--media-48332af9-4c73-4276-9c83-9ce9e224cc6c\" href=\"https:\/\/www.iemj.org\/wp-content\/uploads\/2019\/10\/mus5_meyerbeer_priere_d_enfants_anne_sofie_von_otter.mp3\">Giacomo Meyerbeer &#8211; Pri\u00e8re d&#8217;enfants &#8211; Anne Sophie von Otter<\/a><\/div>\n\n\n\n<div class=\"wp-block-file\"><a id=\"wp-block-file--media-ca1a7400-36a2-4ec6-9973-ecf2f71c3717\" href=\"https:\/\/www.iemj.org\/wp-content\/uploads\/2019\/10\/mus6_ouvnou_ho_yomar_giacomo_meyerbeer.mp3\">Giacomo Meyerbeer &#8211; Ouvnou&#8217;ho yomar &#8211; La truite lyrique &#8211; direction Hector sabo<\/a><\/div>\n\n\n\n<div class=\"wp-block-file\"><a id=\"wp-block-file--media-9031aa91-032a-458b-ad2a-c271ecca2ecb\" href=\"https:\/\/www.iemj.org\/wp-content\/uploads\/2019\/10\/hallelujah_-_extrait_-_giacomo_meyerbeer_rheinische_kantorei_chistophe_lehmann_hermann_max.mp3\">Hallelujah &#8211; EXTRAIT &#8211; Giacomo Meyerbeer, Rheinische Kantorei, Chistophe Lehmann, Hermann Max<\/a><\/div>\n","protected":false},"excerpt":{"rendered":"<p>Giacomo Meyerbeer, il cui vero nome \u00e8 Jakob Liebmann Meyer Beer, nasce il 5 settembre 1791 a Tasdorf, vicino a Berlino, da una ricca famiglia ebrea. Suo padre, Judah Herz<\/p>\n","protected":false},"author":1045,"featured_media":89224,"comment_status":"closed","ping_status":"closed","sticky":false,"template":"","format":"standard","meta":{"_acf_changed":false,"footnotes":""},"categories":[1416],"tags":[],"technique":[],"squelettes":[],"sujet":[],"formation":[],"genre":[],"fonds":[],"tradition":[],"type-de-contenu":[],"interprete-compositeur":[],"frise":[],"type-devenement":[],"tableaux-liens-externes":[],"class_list":["post-89223","post","type-post","status-publish","format-standard","has-post-thumbnail","hentry","category-biografie-it"],"acf":[],"yoast_head":"<!-- This site is optimized with the Yoast SEO plugin v27.3 - https:\/\/yoast.com\/product\/yoast-seo-wordpress\/ -->\n<title>Meyerbeer, Giacomo (1791-1864) - Institut Europ\u00e9en des Musiques Juives<\/title>\n<meta name=\"robots\" content=\"index, follow, max-snippet:-1, max-image-preview:large, max-video-preview:-1\" \/>\n<link rel=\"canonical\" href=\"https:\/\/www.iemj.org\/it\/meyerbeer-giacomo-1791-1864\/\" \/>\n<meta property=\"og:locale\" content=\"it_IT\" \/>\n<meta property=\"og:type\" content=\"article\" \/>\n<meta property=\"og:title\" content=\"Meyerbeer, Giacomo (1791-1864) - Institut Europ\u00e9en des Musiques Juives\" \/>\n<meta property=\"og:description\" content=\"Giacomo Meyerbeer, il cui vero nome \u00e8 Jakob Liebmann Meyer Beer, nasce il 5 settembre 1791 a Tasdorf, vicino a Berlino, da una ricca famiglia ebrea. Suo padre, Judah Herz\" \/>\n<meta property=\"og:url\" content=\"https:\/\/www.iemj.org\/it\/meyerbeer-giacomo-1791-1864\/\" \/>\n<meta property=\"og:site_name\" content=\"Institut Europ\u00e9en des Musiques Juives\" \/>\n<meta property=\"article:publisher\" content=\"https:\/\/www.facebook.com\/MusiquesJuives\/\" \/>\n<meta property=\"article:published_time\" content=\"2019-10-15T13:33:23+00:00\" \/>\n<meta property=\"article:modified_time\" content=\"2025-09-10T08:26:49+00:00\" \/>\n<meta property=\"og:image\" content=\"https:\/\/www.iemj.org\/wp-content\/uploads\/2019\/10\/logo-bio-Giacomo-Meyerbeer-nv-site-e1618410260725.jpg\" \/>\n\t<meta property=\"og:image:width\" content=\"159\" \/>\n\t<meta property=\"og:image:height\" content=\"218\" \/>\n\t<meta property=\"og:image:type\" content=\"image\/jpeg\" \/>\n<meta name=\"author\" content=\"Herv\u00e9 Roten\" \/>\n<meta name=\"twitter:card\" content=\"summary_large_image\" \/>\n<meta name=\"twitter:label1\" content=\"Scritto da\" \/>\n\t<meta name=\"twitter:data1\" content=\"Herv\u00e9 Roten\" \/>\n\t<meta name=\"twitter:label2\" content=\"Tempo di lettura stimato\" \/>\n\t<meta name=\"twitter:data2\" content=\"6 minuti\" \/>\n<script type=\"application\/ld+json\" class=\"yoast-schema-graph\">{\"@context\":\"https:\\\/\\\/schema.org\",\"@graph\":[{\"@type\":\"Article\",\"@id\":\"https:\\\/\\\/www.iemj.org\\\/it\\\/meyerbeer-giacomo-1791-1864\\\/#article\",\"isPartOf\":{\"@id\":\"https:\\\/\\\/www.iemj.org\\\/it\\\/meyerbeer-giacomo-1791-1864\\\/\"},\"author\":{\"name\":\"Herv\u00e9 Roten\",\"@id\":\"https:\\\/\\\/www.iemj.org\\\/it\\\/#\\\/schema\\\/person\\\/906134402c29d5c76e7b726261dd4bbd\"},\"headline\":\"Meyerbeer, Giacomo (1791-1864)\",\"datePublished\":\"2019-10-15T13:33:23+00:00\",\"dateModified\":\"2025-09-10T08:26:49+00:00\",\"mainEntityOfPage\":{\"@id\":\"https:\\\/\\\/www.iemj.org\\\/it\\\/meyerbeer-giacomo-1791-1864\\\/\"},\"wordCount\":851,\"publisher\":{\"@id\":\"https:\\\/\\\/www.iemj.org\\\/it\\\/#organization\"},\"image\":{\"@id\":\"https:\\\/\\\/www.iemj.org\\\/it\\\/meyerbeer-giacomo-1791-1864\\\/#primaryimage\"},\"thumbnailUrl\":\"https:\\\/\\\/www.iemj.org\\\/wp-content\\\/uploads\\\/2019\\\/10\\\/logo-bio-Giacomo-Meyerbeer-nv-site-e1618410260725.jpg\",\"articleSection\":[\"Biografie\"],\"inLanguage\":\"it-IT\"},{\"@type\":\"WebPage\",\"@id\":\"https:\\\/\\\/www.iemj.org\\\/it\\\/meyerbeer-giacomo-1791-1864\\\/\",\"url\":\"https:\\\/\\\/www.iemj.org\\\/it\\\/meyerbeer-giacomo-1791-1864\\\/\",\"name\":\"Meyerbeer, Giacomo (1791-1864) - Institut Europ\u00e9en des Musiques Juives\",\"isPartOf\":{\"@id\":\"https:\\\/\\\/www.iemj.org\\\/it\\\/#website\"},\"primaryImageOfPage\":{\"@id\":\"https:\\\/\\\/www.iemj.org\\\/it\\\/meyerbeer-giacomo-1791-1864\\\/#primaryimage\"},\"image\":{\"@id\":\"https:\\\/\\\/www.iemj.org\\\/it\\\/meyerbeer-giacomo-1791-1864\\\/#primaryimage\"},\"thumbnailUrl\":\"https:\\\/\\\/www.iemj.org\\\/wp-content\\\/uploads\\\/2019\\\/10\\\/logo-bio-Giacomo-Meyerbeer-nv-site-e1618410260725.jpg\",\"datePublished\":\"2019-10-15T13:33:23+00:00\",\"dateModified\":\"2025-09-10T08:26:49+00:00\",\"breadcrumb\":{\"@id\":\"https:\\\/\\\/www.iemj.org\\\/it\\\/meyerbeer-giacomo-1791-1864\\\/#breadcrumb\"},\"inLanguage\":\"it-IT\",\"potentialAction\":[{\"@type\":\"ReadAction\",\"target\":[\"https:\\\/\\\/www.iemj.org\\\/it\\\/meyerbeer-giacomo-1791-1864\\\/\"]}]},{\"@type\":\"ImageObject\",\"inLanguage\":\"it-IT\",\"@id\":\"https:\\\/\\\/www.iemj.org\\\/it\\\/meyerbeer-giacomo-1791-1864\\\/#primaryimage\",\"url\":\"https:\\\/\\\/www.iemj.org\\\/wp-content\\\/uploads\\\/2019\\\/10\\\/logo-bio-Giacomo-Meyerbeer-nv-site-e1618410260725.jpg\",\"contentUrl\":\"https:\\\/\\\/www.iemj.org\\\/wp-content\\\/uploads\\\/2019\\\/10\\\/logo-bio-Giacomo-Meyerbeer-nv-site-e1618410260725.jpg\",\"width\":159,\"height\":218},{\"@type\":\"BreadcrumbList\",\"@id\":\"https:\\\/\\\/www.iemj.org\\\/it\\\/meyerbeer-giacomo-1791-1864\\\/#breadcrumb\",\"itemListElement\":[{\"@type\":\"ListItem\",\"position\":1,\"name\":\"Accueil\",\"item\":\"https:\\\/\\\/www.iemj.org\\\/it\\\/\"},{\"@type\":\"ListItem\",\"position\":2,\"name\":\"Meyerbeer, Giacomo (1791-1864)\"}]},{\"@type\":\"WebSite\",\"@id\":\"https:\\\/\\\/www.iemj.org\\\/it\\\/#website\",\"url\":\"https:\\\/\\\/www.iemj.org\\\/it\\\/\",\"name\":\"Institut Europ\u00e9en des Musiques Juives\",\"description\":\"Des traditions musicales \u00e0 la port\u00e9e de tous\",\"publisher\":{\"@id\":\"https:\\\/\\\/www.iemj.org\\\/it\\\/#organization\"},\"potentialAction\":[{\"@type\":\"SearchAction\",\"target\":{\"@type\":\"EntryPoint\",\"urlTemplate\":\"https:\\\/\\\/www.iemj.org\\\/it\\\/?s={search_term_string}\"},\"query-input\":{\"@type\":\"PropertyValueSpecification\",\"valueRequired\":true,\"valueName\":\"search_term_string\"}}],\"inLanguage\":\"it-IT\"},{\"@type\":\"Organization\",\"@id\":\"https:\\\/\\\/www.iemj.org\\\/it\\\/#organization\",\"name\":\"Institut Europ\u00e9en des Musiques Juives\",\"url\":\"https:\\\/\\\/www.iemj.org\\\/it\\\/\",\"logo\":{\"@type\":\"ImageObject\",\"inLanguage\":\"it-IT\",\"@id\":\"https:\\\/\\\/www.iemj.org\\\/it\\\/#\\\/schema\\\/logo\\\/image\\\/\",\"url\":\"https:\\\/\\\/www.iemj.org\\\/wp-content\\\/uploads\\\/2021\\\/09\\\/Logo-IEMJ-Paypal.jpg\",\"contentUrl\":\"https:\\\/\\\/www.iemj.org\\\/wp-content\\\/uploads\\\/2021\\\/09\\\/Logo-IEMJ-Paypal.jpg\",\"width\":150,\"height\":50,\"caption\":\"Institut Europ\u00e9en des Musiques Juives\"},\"image\":{\"@id\":\"https:\\\/\\\/www.iemj.org\\\/it\\\/#\\\/schema\\\/logo\\\/image\\\/\"},\"sameAs\":[\"https:\\\/\\\/www.facebook.com\\\/MusiquesJuives\\\/\",\"https:\\\/\\\/www.instagram.com\\\/musiquesjuives\\\/\",\"https:\\\/\\\/www.youtube.com\\\/user\\\/musiquesjuives\"]},{\"@type\":\"Person\",\"@id\":\"https:\\\/\\\/www.iemj.org\\\/it\\\/#\\\/schema\\\/person\\\/906134402c29d5c76e7b726261dd4bbd\",\"name\":\"Herv\u00e9 Roten\",\"image\":{\"@type\":\"ImageObject\",\"inLanguage\":\"it-IT\",\"@id\":\"https:\\\/\\\/secure.gravatar.com\\\/avatar\\\/f96ad2db538a26481f18384936b5cd0610c92d390c4dc382209216d455f685ff?s=96&d=mm&r=g\",\"url\":\"https:\\\/\\\/secure.gravatar.com\\\/avatar\\\/f96ad2db538a26481f18384936b5cd0610c92d390c4dc382209216d455f685ff?s=96&d=mm&r=g\",\"contentUrl\":\"https:\\\/\\\/secure.gravatar.com\\\/avatar\\\/f96ad2db538a26481f18384936b5cd0610c92d390c4dc382209216d455f685ff?s=96&d=mm&r=g\",\"caption\":\"Herv\u00e9 Roten\"}}]}<\/script>\n<!-- \/ Yoast SEO plugin. -->","yoast_head_json":{"title":"Meyerbeer, Giacomo (1791-1864) - Institut Europ\u00e9en des Musiques Juives","robots":{"index":"index","follow":"follow","max-snippet":"max-snippet:-1","max-image-preview":"max-image-preview:large","max-video-preview":"max-video-preview:-1"},"canonical":"https:\/\/www.iemj.org\/it\/meyerbeer-giacomo-1791-1864\/","og_locale":"it_IT","og_type":"article","og_title":"Meyerbeer, Giacomo (1791-1864) - Institut Europ\u00e9en des Musiques Juives","og_description":"Giacomo Meyerbeer, il cui vero nome \u00e8 Jakob Liebmann Meyer Beer, nasce il 5 settembre 1791 a Tasdorf, vicino a Berlino, da una ricca famiglia ebrea. Suo padre, Judah Herz","og_url":"https:\/\/www.iemj.org\/it\/meyerbeer-giacomo-1791-1864\/","og_site_name":"Institut Europ\u00e9en des Musiques Juives","article_publisher":"https:\/\/www.facebook.com\/MusiquesJuives\/","article_published_time":"2019-10-15T13:33:23+00:00","article_modified_time":"2025-09-10T08:26:49+00:00","og_image":[{"width":159,"height":218,"url":"https:\/\/www.iemj.org\/wp-content\/uploads\/2019\/10\/logo-bio-Giacomo-Meyerbeer-nv-site-e1618410260725.jpg","type":"image\/jpeg"}],"author":"Herv\u00e9 Roten","twitter_card":"summary_large_image","twitter_misc":{"Scritto da":"Herv\u00e9 Roten","Tempo di lettura stimato":"6 minuti"},"schema":{"@context":"https:\/\/schema.org","@graph":[{"@type":"Article","@id":"https:\/\/www.iemj.org\/it\/meyerbeer-giacomo-1791-1864\/#article","isPartOf":{"@id":"https:\/\/www.iemj.org\/it\/meyerbeer-giacomo-1791-1864\/"},"author":{"name":"Herv\u00e9 Roten","@id":"https:\/\/www.iemj.org\/it\/#\/schema\/person\/906134402c29d5c76e7b726261dd4bbd"},"headline":"Meyerbeer, Giacomo (1791-1864)","datePublished":"2019-10-15T13:33:23+00:00","dateModified":"2025-09-10T08:26:49+00:00","mainEntityOfPage":{"@id":"https:\/\/www.iemj.org\/it\/meyerbeer-giacomo-1791-1864\/"},"wordCount":851,"publisher":{"@id":"https:\/\/www.iemj.org\/it\/#organization"},"image":{"@id":"https:\/\/www.iemj.org\/it\/meyerbeer-giacomo-1791-1864\/#primaryimage"},"thumbnailUrl":"https:\/\/www.iemj.org\/wp-content\/uploads\/2019\/10\/logo-bio-Giacomo-Meyerbeer-nv-site-e1618410260725.jpg","articleSection":["Biografie"],"inLanguage":"it-IT"},{"@type":"WebPage","@id":"https:\/\/www.iemj.org\/it\/meyerbeer-giacomo-1791-1864\/","url":"https:\/\/www.iemj.org\/it\/meyerbeer-giacomo-1791-1864\/","name":"Meyerbeer, Giacomo (1791-1864) - Institut Europ\u00e9en des Musiques Juives","isPartOf":{"@id":"https:\/\/www.iemj.org\/it\/#website"},"primaryImageOfPage":{"@id":"https:\/\/www.iemj.org\/it\/meyerbeer-giacomo-1791-1864\/#primaryimage"},"image":{"@id":"https:\/\/www.iemj.org\/it\/meyerbeer-giacomo-1791-1864\/#primaryimage"},"thumbnailUrl":"https:\/\/www.iemj.org\/wp-content\/uploads\/2019\/10\/logo-bio-Giacomo-Meyerbeer-nv-site-e1618410260725.jpg","datePublished":"2019-10-15T13:33:23+00:00","dateModified":"2025-09-10T08:26:49+00:00","breadcrumb":{"@id":"https:\/\/www.iemj.org\/it\/meyerbeer-giacomo-1791-1864\/#breadcrumb"},"inLanguage":"it-IT","potentialAction":[{"@type":"ReadAction","target":["https:\/\/www.iemj.org\/it\/meyerbeer-giacomo-1791-1864\/"]}]},{"@type":"ImageObject","inLanguage":"it-IT","@id":"https:\/\/www.iemj.org\/it\/meyerbeer-giacomo-1791-1864\/#primaryimage","url":"https:\/\/www.iemj.org\/wp-content\/uploads\/2019\/10\/logo-bio-Giacomo-Meyerbeer-nv-site-e1618410260725.jpg","contentUrl":"https:\/\/www.iemj.org\/wp-content\/uploads\/2019\/10\/logo-bio-Giacomo-Meyerbeer-nv-site-e1618410260725.jpg","width":159,"height":218},{"@type":"BreadcrumbList","@id":"https:\/\/www.iemj.org\/it\/meyerbeer-giacomo-1791-1864\/#breadcrumb","itemListElement":[{"@type":"ListItem","position":1,"name":"Accueil","item":"https:\/\/www.iemj.org\/it\/"},{"@type":"ListItem","position":2,"name":"Meyerbeer, Giacomo (1791-1864)"}]},{"@type":"WebSite","@id":"https:\/\/www.iemj.org\/it\/#website","url":"https:\/\/www.iemj.org\/it\/","name":"Institut Europ\u00e9en des Musiques Juives","description":"Des traditions musicales \u00e0 la port\u00e9e de tous","publisher":{"@id":"https:\/\/www.iemj.org\/it\/#organization"},"potentialAction":[{"@type":"SearchAction","target":{"@type":"EntryPoint","urlTemplate":"https:\/\/www.iemj.org\/it\/?s={search_term_string}"},"query-input":{"@type":"PropertyValueSpecification","valueRequired":true,"valueName":"search_term_string"}}],"inLanguage":"it-IT"},{"@type":"Organization","@id":"https:\/\/www.iemj.org\/it\/#organization","name":"Institut Europ\u00e9en des Musiques Juives","url":"https:\/\/www.iemj.org\/it\/","logo":{"@type":"ImageObject","inLanguage":"it-IT","@id":"https:\/\/www.iemj.org\/it\/#\/schema\/logo\/image\/","url":"https:\/\/www.iemj.org\/wp-content\/uploads\/2021\/09\/Logo-IEMJ-Paypal.jpg","contentUrl":"https:\/\/www.iemj.org\/wp-content\/uploads\/2021\/09\/Logo-IEMJ-Paypal.jpg","width":150,"height":50,"caption":"Institut Europ\u00e9en des Musiques Juives"},"image":{"@id":"https:\/\/www.iemj.org\/it\/#\/schema\/logo\/image\/"},"sameAs":["https:\/\/www.facebook.com\/MusiquesJuives\/","https:\/\/www.instagram.com\/musiquesjuives\/","https:\/\/www.youtube.com\/user\/musiquesjuives"]},{"@type":"Person","@id":"https:\/\/www.iemj.org\/it\/#\/schema\/person\/906134402c29d5c76e7b726261dd4bbd","name":"Herv\u00e9 Roten","image":{"@type":"ImageObject","inLanguage":"it-IT","@id":"https:\/\/secure.gravatar.com\/avatar\/f96ad2db538a26481f18384936b5cd0610c92d390c4dc382209216d455f685ff?s=96&d=mm&r=g","url":"https:\/\/secure.gravatar.com\/avatar\/f96ad2db538a26481f18384936b5cd0610c92d390c4dc382209216d455f685ff?s=96&d=mm&r=g","contentUrl":"https:\/\/secure.gravatar.com\/avatar\/f96ad2db538a26481f18384936b5cd0610c92d390c4dc382209216d455f685ff?s=96&d=mm&r=g","caption":"Herv\u00e9 Roten"}}]}},"_links":{"self":[{"href":"https:\/\/www.iemj.org\/it\/wp-json\/wp\/v2\/posts\/89223","targetHints":{"allow":["GET"]}}],"collection":[{"href":"https:\/\/www.iemj.org\/it\/wp-json\/wp\/v2\/posts"}],"about":[{"href":"https:\/\/www.iemj.org\/it\/wp-json\/wp\/v2\/types\/post"}],"author":[{"embeddable":true,"href":"https:\/\/www.iemj.org\/it\/wp-json\/wp\/v2\/users\/1045"}],"replies":[{"embeddable":true,"href":"https:\/\/www.iemj.org\/it\/wp-json\/wp\/v2\/comments?post=89223"}],"version-history":[{"count":0,"href":"https:\/\/www.iemj.org\/it\/wp-json\/wp\/v2\/posts\/89223\/revisions"}],"wp:featuredmedia":[{"embeddable":true,"href":"https:\/\/www.iemj.org\/it\/wp-json\/wp\/v2\/media\/89224"}],"wp:attachment":[{"href":"https:\/\/www.iemj.org\/it\/wp-json\/wp\/v2\/media?parent=89223"}],"wp:term":[{"taxonomy":"category","embeddable":true,"href":"https:\/\/www.iemj.org\/it\/wp-json\/wp\/v2\/categories?post=89223"},{"taxonomy":"post_tag","embeddable":true,"href":"https:\/\/www.iemj.org\/it\/wp-json\/wp\/v2\/tags?post=89223"},{"taxonomy":"technique","embeddable":true,"href":"https:\/\/www.iemj.org\/it\/wp-json\/wp\/v2\/technique?post=89223"},{"taxonomy":"squelettes","embeddable":true,"href":"https:\/\/www.iemj.org\/it\/wp-json\/wp\/v2\/squelettes?post=89223"},{"taxonomy":"sujet","embeddable":true,"href":"https:\/\/www.iemj.org\/it\/wp-json\/wp\/v2\/sujet?post=89223"},{"taxonomy":"formation","embeddable":true,"href":"https:\/\/www.iemj.org\/it\/wp-json\/wp\/v2\/formation?post=89223"},{"taxonomy":"genre","embeddable":true,"href":"https:\/\/www.iemj.org\/it\/wp-json\/wp\/v2\/genre?post=89223"},{"taxonomy":"fonds","embeddable":true,"href":"https:\/\/www.iemj.org\/it\/wp-json\/wp\/v2\/fonds?post=89223"},{"taxonomy":"tradition","embeddable":true,"href":"https:\/\/www.iemj.org\/it\/wp-json\/wp\/v2\/tradition?post=89223"},{"taxonomy":"type-de-contenu","embeddable":true,"href":"https:\/\/www.iemj.org\/it\/wp-json\/wp\/v2\/type-de-contenu?post=89223"},{"taxonomy":"interprete-compositeur","embeddable":true,"href":"https:\/\/www.iemj.org\/it\/wp-json\/wp\/v2\/interprete-compositeur?post=89223"},{"taxonomy":"frise","embeddable":true,"href":"https:\/\/www.iemj.org\/it\/wp-json\/wp\/v2\/frise?post=89223"},{"taxonomy":"type-devenement","embeddable":true,"href":"https:\/\/www.iemj.org\/it\/wp-json\/wp\/v2\/type-devenement?post=89223"},{"taxonomy":"tableaux-liens-externes","embeddable":true,"href":"https:\/\/www.iemj.org\/it\/wp-json\/wp\/v2\/tableaux-liens-externes?post=89223"}],"curies":[{"name":"wp","href":"https:\/\/api.w.org\/{rel}","templated":true}]}}