{"id":89267,"date":"2015-09-18T19:09:53","date_gmt":"2015-09-18T17:09:53","guid":{"rendered":"https:\/\/www.iemj.org\/sebban-zabulon-1911-1983\/"},"modified":"2022-10-27T11:51:29","modified_gmt":"2022-10-27T09:51:29","slug":"sebban-zabulon-1911-1983","status":"publish","type":"post","link":"https:\/\/www.iemj.org\/it\/sebban-zabulon-1911-1983\/","title":{"rendered":"Sebban, Zabulon (1911-1983)"},"content":{"rendered":"<p>Nato l&#8217;11 dicembre 1911 a G\u00e9ryville, vicino ad Orano (Algeria), Zabulon Sebban ha avuto una vita piena. Con la moglie, Odette Rachel Cherqui, ha avuto sette figli e fu, per pi\u00f9 di trent&#8217;anni, commerciante e industriale ad Algeri.<\/p>\n<p>Durante l&#8217;adolescenza frequenta il seminario rabbinico \u201cEts Ha\u00efm\u201d di Algeri, con i futuri grandi Rabbini Meyer Ja\u00efs (Parigi) e Simon Morali (Nancy poi Nizza). Attraverso i suoi maestri (il grande Rabbino Dayan Isaac Hanoune, i grandi Rabbini Loufrani e Isaac Morali), acquisisce una profonda conoscenza dei testi ed il piacere per gli stud\u00ee.<\/p>\n<p><img fetchpriority=\"high\" decoding=\"async\" class=\" alignright  wp-image-7956\" src=\"https:\/\/www.iemj.org\/wp-content\/uploads\/2015\/09\/zabulon_sebban_rabbin_luneville_1961-redimensionne_petit.jpg\" alt=\"zabulon_sebban_rabbin_luneville_1961-redimensionne_petit.jpg\" width=\"222\" height=\"296\" align=\"right\" data-description=\"Zabulon Sebban- Lun\u00e9ville 1961\" srcset=\"https:\/\/www.iemj.org\/wp-content\/uploads\/2015\/09\/zabulon_sebban_rabbin_luneville_1961-redimensionne_petit.jpg 240w, https:\/\/www.iemj.org\/wp-content\/uploads\/2015\/09\/zabulon_sebban_rabbin_luneville_1961-redimensionne_petit-225x300.jpg 225w\" sizes=\"(max-width: 222px) 100vw, 222px\" \/><\/p>\n<p>Hazzan benevolo dal 1927 al 1961 presso il Grande Tempio di Algeri, poi nella piccola sinagoga di rue Sainte, eccelle nella liturgia tradizionale. Cantare, condividere ed insegnare allo stesso tempo, era ci\u00f2 che faceva in particolare, quando esprimeva, con il silenzio o con il ritmo, una tale o tal\u2019altra parola (od anche una sillaba) in una frase, che si rivelava particolarmente importante per una migliore comprensione della preghiera. La sua voce morbida, calda e modulata ci permetteva di intravedere le origini delle melodie: Spagna, Portogallo, Marocco, Algeri&#8230;<\/p>\n<p>Responsabile del coordinamento del Talmud-Torah di Algeri, minacciato dall&#8217;FLN, deve partire per la Francia metropolitana per costruirvi una nuova vita. Diventa successivamente Ministro del Culto e Cappellano militare delle carceri di Lun\u00e9ville (1961-1970), poi di Antibes, ed ottiene il titolo di rabbino a Digione (1971-1978).<\/p>\n<p><a href=\"http:\/\/www.rachelnet.net\/F\/?func=direct&amp;local_base=CFMCG&amp;doc_number=000224578\"><img decoding=\"async\" class=\" alignleft  wp-image-7960\" src=\"https:\/\/www.iemj.org\/wp-content\/uploads\/2015\/09\/capture-19.jpg\" alt=\"capture-19.jpg\" width=\"325\" height=\"317\" align=\"left\" \/><\/a><\/p>\n<p>Negli ultimissimi anni della sua vita, termina un&#8217;importante lavoro che \u00e8 oggetto di una pubblicazione &#8220;Rimonim Ba-Pard\u00e8s&#8221;, &#8220;Verger des grenades&#8221; (Editions du Palio), che affronta i grandi temi della cultura, della filosofia, della vita ebraica. Questa pubblicazione \u00e8 stata messa online dall&#8217;Alliance Isra\u00e9lite Universelle sul sito delle biblioteche Rachel.<\/p>\n<p>I brani che si possono consultare in questa biografia sono stati registrati nella sua dimora e testimoniano di ci\u00f2 che amava trasmettere.<\/p>\n<p>Zabulon Sebban muore a Parigi il 13 ottobre 1983. \u00c8 sepolto a Lun\u00e9ville, raggiunto dalla moglie nel febbraio 1996.<\/p>\n<ul>\n<li><a href=\"https:\/\/www.iemj.org\/it\/le-chant-des-prieres-dans-le-rite-algerois\/\" target=\"_blank\" rel=\"noopener\">Ascoltare la playlist : Il canto delle preghiere secondo il rito algerino, interpretato da Zabulon Sebban<\/a><\/li>\n<li><a href=\"http:\/\/www.rachelnet.net\/media\/aiu\/livres\/FR_AIU_L_RQU1272.pdf\" target=\"_blank\" rel=\"noopener\">Consultare la pubblicazione Rimonim Ba-Pard\u00e8s<\/a><\/li>\n<li><a href=\"http:\/\/www.rachelnet.net\/F\/?func=find-c&amp;ccl_term=WRD+%3D+La+vie+est+un+vaste+chant&amp;local_base=iemcg\" target=\"_blank\" rel=\"noopener\">Consultare le informazioni del CD \u00ab La vita \u00e8 un vasto canto \u00bb <\/a><\/li>\n<li><a href=\"http:\/\/www.rachelnet.net\/F\/?func=find-c&amp;ccl_term=WRD+%3D+Zabulon+Sebban&amp;local_base=iemcg\" target=\"_blank\" rel=\"noopener\">Consultare i nostri archivi su Zabulon Sebban<\/a><\/li>\n<li><a href=\"https:\/\/www.iemj.org\/wp-content\/uploads\/2015\/09\/zabulon_sebban-chants_du_cd_499.pdf\" target=\"_blank\" rel=\"noopener\">Maggiori dettagli sul CD :Raccolta di canti ebraici \u2013 La vita \u00e8 un vasto canto<\/a><\/li>\n<\/ul>\n\n\n<p><\/p>\n","protected":false},"excerpt":{"rendered":"<p>Nato l&#8217;11 dicembre 1911 a G\u00e9ryville, vicino ad Orano (Algeria), Zabulon Sebban ha avuto una vita piena. Con la moglie, Odette Rachel Cherqui, ha avuto sette figli e fu, per<\/p>\n","protected":false},"author":1045,"featured_media":52493,"comment_status":"closed","ping_status":"open","sticky":false,"template":"","format":"standard","meta":{"_acf_changed":false,"footnotes":""},"categories":[1416],"tags":[],"technique":[],"squelettes":[],"sujet":[2097,1809],"formation":[],"genre":[1892],"fonds":[],"tradition":[1964],"type-de-contenu":[],"interprete-compositeur":[3315],"frise":[],"type-devenement":[],"tableaux-liens-externes":[],"class_list":["post-89267","post","type-post","status-publish","format-standard","has-post-thumbnail","hentry","category-biografie-it","sujet-accenti-biblici-teamim-it","sujet-parachot-it","genre-liturgia-it","tradition-rito-sefardita-it","interprete-compositeur-zabulon-sebban-it"],"acf":[],"yoast_head":"<!-- This site is optimized with the Yoast SEO plugin v27.3 - https:\/\/yoast.com\/product\/yoast-seo-wordpress\/ -->\n<title>Sebban, Zabulon (1911-1983) - Institut Europ\u00e9en des Musiques Juives<\/title>\n<meta name=\"robots\" content=\"index, follow, max-snippet:-1, max-image-preview:large, max-video-preview:-1\" \/>\n<link rel=\"canonical\" href=\"https:\/\/www.iemj.org\/it\/sebban-zabulon-1911-1983\/\" \/>\n<meta property=\"og:locale\" content=\"it_IT\" \/>\n<meta property=\"og:type\" content=\"article\" \/>\n<meta property=\"og:title\" content=\"Sebban, Zabulon (1911-1983) - Institut Europ\u00e9en des Musiques Juives\" \/>\n<meta property=\"og:description\" content=\"Nato l&#8217;11 dicembre 1911 a G\u00e9ryville, vicino ad Orano (Algeria), Zabulon Sebban ha avuto una vita piena. Con la moglie, Odette Rachel Cherqui, ha avuto sette figli e fu, per\" \/>\n<meta property=\"og:url\" content=\"https:\/\/www.iemj.org\/it\/sebban-zabulon-1911-1983\/\" \/>\n<meta property=\"og:site_name\" content=\"Institut Europ\u00e9en des Musiques Juives\" \/>\n<meta property=\"article:publisher\" content=\"https:\/\/www.facebook.com\/MusiquesJuives\/\" \/>\n<meta property=\"article:published_time\" content=\"2015-09-18T17:09:53+00:00\" \/>\n<meta property=\"article:modified_time\" content=\"2022-10-27T09:51:29+00:00\" \/>\n<meta property=\"og:image\" content=\"https:\/\/www.iemj.org\/wp-content\/uploads\/2015\/09\/arton1125-e1625066451673.jpg\" \/>\n\t<meta property=\"og:image:width\" content=\"164\" \/>\n\t<meta property=\"og:image:height\" content=\"218\" \/>\n\t<meta property=\"og:image:type\" content=\"image\/jpeg\" \/>\n<meta name=\"author\" content=\"Herv\u00e9 Roten\" \/>\n<meta name=\"twitter:card\" content=\"summary_large_image\" \/>\n<meta name=\"twitter:label1\" content=\"Scritto da\" \/>\n\t<meta name=\"twitter:data1\" content=\"Herv\u00e9 Roten\" \/>\n\t<meta name=\"twitter:label2\" content=\"Tempo di lettura stimato\" \/>\n\t<meta name=\"twitter:data2\" content=\"3 minuti\" \/>\n<script type=\"application\/ld+json\" class=\"yoast-schema-graph\">{\"@context\":\"https:\\\/\\\/schema.org\",\"@graph\":[{\"@type\":\"Article\",\"@id\":\"https:\\\/\\\/www.iemj.org\\\/it\\\/sebban-zabulon-1911-1983\\\/#article\",\"isPartOf\":{\"@id\":\"https:\\\/\\\/www.iemj.org\\\/it\\\/sebban-zabulon-1911-1983\\\/\"},\"author\":{\"name\":\"Herv\u00e9 Roten\",\"@id\":\"https:\\\/\\\/www.iemj.org\\\/it\\\/#\\\/schema\\\/person\\\/906134402c29d5c76e7b726261dd4bbd\"},\"headline\":\"Sebban, Zabulon (1911-1983)\",\"datePublished\":\"2015-09-18T17:09:53+00:00\",\"dateModified\":\"2022-10-27T09:51:29+00:00\",\"mainEntityOfPage\":{\"@id\":\"https:\\\/\\\/www.iemj.org\\\/it\\\/sebban-zabulon-1911-1983\\\/\"},\"wordCount\":371,\"publisher\":{\"@id\":\"https:\\\/\\\/www.iemj.org\\\/it\\\/#organization\"},\"image\":{\"@id\":\"https:\\\/\\\/www.iemj.org\\\/it\\\/sebban-zabulon-1911-1983\\\/#primaryimage\"},\"thumbnailUrl\":\"https:\\\/\\\/www.iemj.org\\\/wp-content\\\/uploads\\\/2015\\\/09\\\/arton1125-e1625066451673.jpg\",\"articleSection\":[\"Biografie\"],\"inLanguage\":\"it-IT\"},{\"@type\":\"WebPage\",\"@id\":\"https:\\\/\\\/www.iemj.org\\\/it\\\/sebban-zabulon-1911-1983\\\/\",\"url\":\"https:\\\/\\\/www.iemj.org\\\/it\\\/sebban-zabulon-1911-1983\\\/\",\"name\":\"Sebban, Zabulon (1911-1983) - Institut Europ\u00e9en des Musiques Juives\",\"isPartOf\":{\"@id\":\"https:\\\/\\\/www.iemj.org\\\/it\\\/#website\"},\"primaryImageOfPage\":{\"@id\":\"https:\\\/\\\/www.iemj.org\\\/it\\\/sebban-zabulon-1911-1983\\\/#primaryimage\"},\"image\":{\"@id\":\"https:\\\/\\\/www.iemj.org\\\/it\\\/sebban-zabulon-1911-1983\\\/#primaryimage\"},\"thumbnailUrl\":\"https:\\\/\\\/www.iemj.org\\\/wp-content\\\/uploads\\\/2015\\\/09\\\/arton1125-e1625066451673.jpg\",\"datePublished\":\"2015-09-18T17:09:53+00:00\",\"dateModified\":\"2022-10-27T09:51:29+00:00\",\"breadcrumb\":{\"@id\":\"https:\\\/\\\/www.iemj.org\\\/it\\\/sebban-zabulon-1911-1983\\\/#breadcrumb\"},\"inLanguage\":\"it-IT\",\"potentialAction\":[{\"@type\":\"ReadAction\",\"target\":[\"https:\\\/\\\/www.iemj.org\\\/it\\\/sebban-zabulon-1911-1983\\\/\"]}]},{\"@type\":\"ImageObject\",\"inLanguage\":\"it-IT\",\"@id\":\"https:\\\/\\\/www.iemj.org\\\/it\\\/sebban-zabulon-1911-1983\\\/#primaryimage\",\"url\":\"https:\\\/\\\/www.iemj.org\\\/wp-content\\\/uploads\\\/2015\\\/09\\\/arton1125-e1625066451673.jpg\",\"contentUrl\":\"https:\\\/\\\/www.iemj.org\\\/wp-content\\\/uploads\\\/2015\\\/09\\\/arton1125-e1625066451673.jpg\",\"width\":164,\"height\":218},{\"@type\":\"BreadcrumbList\",\"@id\":\"https:\\\/\\\/www.iemj.org\\\/it\\\/sebban-zabulon-1911-1983\\\/#breadcrumb\",\"itemListElement\":[{\"@type\":\"ListItem\",\"position\":1,\"name\":\"Accueil\",\"item\":\"https:\\\/\\\/www.iemj.org\\\/it\\\/\"},{\"@type\":\"ListItem\",\"position\":2,\"name\":\"Sebban, Zabulon (1911-1983)\"}]},{\"@type\":\"WebSite\",\"@id\":\"https:\\\/\\\/www.iemj.org\\\/it\\\/#website\",\"url\":\"https:\\\/\\\/www.iemj.org\\\/it\\\/\",\"name\":\"Institut Europ\u00e9en des Musiques Juives\",\"description\":\"Des traditions musicales \u00e0 la port\u00e9e de tous\",\"publisher\":{\"@id\":\"https:\\\/\\\/www.iemj.org\\\/it\\\/#organization\"},\"potentialAction\":[{\"@type\":\"SearchAction\",\"target\":{\"@type\":\"EntryPoint\",\"urlTemplate\":\"https:\\\/\\\/www.iemj.org\\\/it\\\/?s={search_term_string}\"},\"query-input\":{\"@type\":\"PropertyValueSpecification\",\"valueRequired\":true,\"valueName\":\"search_term_string\"}}],\"inLanguage\":\"it-IT\"},{\"@type\":\"Organization\",\"@id\":\"https:\\\/\\\/www.iemj.org\\\/it\\\/#organization\",\"name\":\"Institut Europ\u00e9en des Musiques Juives\",\"url\":\"https:\\\/\\\/www.iemj.org\\\/it\\\/\",\"logo\":{\"@type\":\"ImageObject\",\"inLanguage\":\"it-IT\",\"@id\":\"https:\\\/\\\/www.iemj.org\\\/it\\\/#\\\/schema\\\/logo\\\/image\\\/\",\"url\":\"https:\\\/\\\/www.iemj.org\\\/wp-content\\\/uploads\\\/2021\\\/09\\\/Logo-IEMJ-Paypal.jpg\",\"contentUrl\":\"https:\\\/\\\/www.iemj.org\\\/wp-content\\\/uploads\\\/2021\\\/09\\\/Logo-IEMJ-Paypal.jpg\",\"width\":150,\"height\":50,\"caption\":\"Institut Europ\u00e9en des Musiques Juives\"},\"image\":{\"@id\":\"https:\\\/\\\/www.iemj.org\\\/it\\\/#\\\/schema\\\/logo\\\/image\\\/\"},\"sameAs\":[\"https:\\\/\\\/www.facebook.com\\\/MusiquesJuives\\\/\",\"https:\\\/\\\/www.instagram.com\\\/musiquesjuives\\\/\",\"https:\\\/\\\/www.youtube.com\\\/user\\\/musiquesjuives\"]},{\"@type\":\"Person\",\"@id\":\"https:\\\/\\\/www.iemj.org\\\/it\\\/#\\\/schema\\\/person\\\/906134402c29d5c76e7b726261dd4bbd\",\"name\":\"Herv\u00e9 Roten\",\"image\":{\"@type\":\"ImageObject\",\"inLanguage\":\"it-IT\",\"@id\":\"https:\\\/\\\/secure.gravatar.com\\\/avatar\\\/f96ad2db538a26481f18384936b5cd0610c92d390c4dc382209216d455f685ff?s=96&d=mm&r=g\",\"url\":\"https:\\\/\\\/secure.gravatar.com\\\/avatar\\\/f96ad2db538a26481f18384936b5cd0610c92d390c4dc382209216d455f685ff?s=96&d=mm&r=g\",\"contentUrl\":\"https:\\\/\\\/secure.gravatar.com\\\/avatar\\\/f96ad2db538a26481f18384936b5cd0610c92d390c4dc382209216d455f685ff?s=96&d=mm&r=g\",\"caption\":\"Herv\u00e9 Roten\"}}]}<\/script>\n<!-- \/ Yoast SEO plugin. -->","yoast_head_json":{"title":"Sebban, Zabulon (1911-1983) - Institut Europ\u00e9en des Musiques Juives","robots":{"index":"index","follow":"follow","max-snippet":"max-snippet:-1","max-image-preview":"max-image-preview:large","max-video-preview":"max-video-preview:-1"},"canonical":"https:\/\/www.iemj.org\/it\/sebban-zabulon-1911-1983\/","og_locale":"it_IT","og_type":"article","og_title":"Sebban, Zabulon (1911-1983) - Institut Europ\u00e9en des Musiques Juives","og_description":"Nato l&#8217;11 dicembre 1911 a G\u00e9ryville, vicino ad Orano (Algeria), Zabulon Sebban ha avuto una vita piena. Con la moglie, Odette Rachel Cherqui, ha avuto sette figli e fu, per","og_url":"https:\/\/www.iemj.org\/it\/sebban-zabulon-1911-1983\/","og_site_name":"Institut Europ\u00e9en des Musiques Juives","article_publisher":"https:\/\/www.facebook.com\/MusiquesJuives\/","article_published_time":"2015-09-18T17:09:53+00:00","article_modified_time":"2022-10-27T09:51:29+00:00","og_image":[{"width":164,"height":218,"url":"https:\/\/www.iemj.org\/wp-content\/uploads\/2015\/09\/arton1125-e1625066451673.jpg","type":"image\/jpeg"}],"author":"Herv\u00e9 Roten","twitter_card":"summary_large_image","twitter_misc":{"Scritto da":"Herv\u00e9 Roten","Tempo di lettura stimato":"3 minuti"},"schema":{"@context":"https:\/\/schema.org","@graph":[{"@type":"Article","@id":"https:\/\/www.iemj.org\/it\/sebban-zabulon-1911-1983\/#article","isPartOf":{"@id":"https:\/\/www.iemj.org\/it\/sebban-zabulon-1911-1983\/"},"author":{"name":"Herv\u00e9 Roten","@id":"https:\/\/www.iemj.org\/it\/#\/schema\/person\/906134402c29d5c76e7b726261dd4bbd"},"headline":"Sebban, Zabulon (1911-1983)","datePublished":"2015-09-18T17:09:53+00:00","dateModified":"2022-10-27T09:51:29+00:00","mainEntityOfPage":{"@id":"https:\/\/www.iemj.org\/it\/sebban-zabulon-1911-1983\/"},"wordCount":371,"publisher":{"@id":"https:\/\/www.iemj.org\/it\/#organization"},"image":{"@id":"https:\/\/www.iemj.org\/it\/sebban-zabulon-1911-1983\/#primaryimage"},"thumbnailUrl":"https:\/\/www.iemj.org\/wp-content\/uploads\/2015\/09\/arton1125-e1625066451673.jpg","articleSection":["Biografie"],"inLanguage":"it-IT"},{"@type":"WebPage","@id":"https:\/\/www.iemj.org\/it\/sebban-zabulon-1911-1983\/","url":"https:\/\/www.iemj.org\/it\/sebban-zabulon-1911-1983\/","name":"Sebban, Zabulon (1911-1983) - Institut Europ\u00e9en des Musiques Juives","isPartOf":{"@id":"https:\/\/www.iemj.org\/it\/#website"},"primaryImageOfPage":{"@id":"https:\/\/www.iemj.org\/it\/sebban-zabulon-1911-1983\/#primaryimage"},"image":{"@id":"https:\/\/www.iemj.org\/it\/sebban-zabulon-1911-1983\/#primaryimage"},"thumbnailUrl":"https:\/\/www.iemj.org\/wp-content\/uploads\/2015\/09\/arton1125-e1625066451673.jpg","datePublished":"2015-09-18T17:09:53+00:00","dateModified":"2022-10-27T09:51:29+00:00","breadcrumb":{"@id":"https:\/\/www.iemj.org\/it\/sebban-zabulon-1911-1983\/#breadcrumb"},"inLanguage":"it-IT","potentialAction":[{"@type":"ReadAction","target":["https:\/\/www.iemj.org\/it\/sebban-zabulon-1911-1983\/"]}]},{"@type":"ImageObject","inLanguage":"it-IT","@id":"https:\/\/www.iemj.org\/it\/sebban-zabulon-1911-1983\/#primaryimage","url":"https:\/\/www.iemj.org\/wp-content\/uploads\/2015\/09\/arton1125-e1625066451673.jpg","contentUrl":"https:\/\/www.iemj.org\/wp-content\/uploads\/2015\/09\/arton1125-e1625066451673.jpg","width":164,"height":218},{"@type":"BreadcrumbList","@id":"https:\/\/www.iemj.org\/it\/sebban-zabulon-1911-1983\/#breadcrumb","itemListElement":[{"@type":"ListItem","position":1,"name":"Accueil","item":"https:\/\/www.iemj.org\/it\/"},{"@type":"ListItem","position":2,"name":"Sebban, Zabulon (1911-1983)"}]},{"@type":"WebSite","@id":"https:\/\/www.iemj.org\/it\/#website","url":"https:\/\/www.iemj.org\/it\/","name":"Institut Europ\u00e9en des Musiques Juives","description":"Des traditions musicales \u00e0 la port\u00e9e de tous","publisher":{"@id":"https:\/\/www.iemj.org\/it\/#organization"},"potentialAction":[{"@type":"SearchAction","target":{"@type":"EntryPoint","urlTemplate":"https:\/\/www.iemj.org\/it\/?s={search_term_string}"},"query-input":{"@type":"PropertyValueSpecification","valueRequired":true,"valueName":"search_term_string"}}],"inLanguage":"it-IT"},{"@type":"Organization","@id":"https:\/\/www.iemj.org\/it\/#organization","name":"Institut Europ\u00e9en des Musiques Juives","url":"https:\/\/www.iemj.org\/it\/","logo":{"@type":"ImageObject","inLanguage":"it-IT","@id":"https:\/\/www.iemj.org\/it\/#\/schema\/logo\/image\/","url":"https:\/\/www.iemj.org\/wp-content\/uploads\/2021\/09\/Logo-IEMJ-Paypal.jpg","contentUrl":"https:\/\/www.iemj.org\/wp-content\/uploads\/2021\/09\/Logo-IEMJ-Paypal.jpg","width":150,"height":50,"caption":"Institut Europ\u00e9en des Musiques Juives"},"image":{"@id":"https:\/\/www.iemj.org\/it\/#\/schema\/logo\/image\/"},"sameAs":["https:\/\/www.facebook.com\/MusiquesJuives\/","https:\/\/www.instagram.com\/musiquesjuives\/","https:\/\/www.youtube.com\/user\/musiquesjuives"]},{"@type":"Person","@id":"https:\/\/www.iemj.org\/it\/#\/schema\/person\/906134402c29d5c76e7b726261dd4bbd","name":"Herv\u00e9 Roten","image":{"@type":"ImageObject","inLanguage":"it-IT","@id":"https:\/\/secure.gravatar.com\/avatar\/f96ad2db538a26481f18384936b5cd0610c92d390c4dc382209216d455f685ff?s=96&d=mm&r=g","url":"https:\/\/secure.gravatar.com\/avatar\/f96ad2db538a26481f18384936b5cd0610c92d390c4dc382209216d455f685ff?s=96&d=mm&r=g","contentUrl":"https:\/\/secure.gravatar.com\/avatar\/f96ad2db538a26481f18384936b5cd0610c92d390c4dc382209216d455f685ff?s=96&d=mm&r=g","caption":"Herv\u00e9 Roten"}}]}},"_links":{"self":[{"href":"https:\/\/www.iemj.org\/it\/wp-json\/wp\/v2\/posts\/89267","targetHints":{"allow":["GET"]}}],"collection":[{"href":"https:\/\/www.iemj.org\/it\/wp-json\/wp\/v2\/posts"}],"about":[{"href":"https:\/\/www.iemj.org\/it\/wp-json\/wp\/v2\/types\/post"}],"author":[{"embeddable":true,"href":"https:\/\/www.iemj.org\/it\/wp-json\/wp\/v2\/users\/1045"}],"replies":[{"embeddable":true,"href":"https:\/\/www.iemj.org\/it\/wp-json\/wp\/v2\/comments?post=89267"}],"version-history":[{"count":0,"href":"https:\/\/www.iemj.org\/it\/wp-json\/wp\/v2\/posts\/89267\/revisions"}],"wp:featuredmedia":[{"embeddable":true,"href":"https:\/\/www.iemj.org\/it\/wp-json\/wp\/v2\/media\/52493"}],"wp:attachment":[{"href":"https:\/\/www.iemj.org\/it\/wp-json\/wp\/v2\/media?parent=89267"}],"wp:term":[{"taxonomy":"category","embeddable":true,"href":"https:\/\/www.iemj.org\/it\/wp-json\/wp\/v2\/categories?post=89267"},{"taxonomy":"post_tag","embeddable":true,"href":"https:\/\/www.iemj.org\/it\/wp-json\/wp\/v2\/tags?post=89267"},{"taxonomy":"technique","embeddable":true,"href":"https:\/\/www.iemj.org\/it\/wp-json\/wp\/v2\/technique?post=89267"},{"taxonomy":"squelettes","embeddable":true,"href":"https:\/\/www.iemj.org\/it\/wp-json\/wp\/v2\/squelettes?post=89267"},{"taxonomy":"sujet","embeddable":true,"href":"https:\/\/www.iemj.org\/it\/wp-json\/wp\/v2\/sujet?post=89267"},{"taxonomy":"formation","embeddable":true,"href":"https:\/\/www.iemj.org\/it\/wp-json\/wp\/v2\/formation?post=89267"},{"taxonomy":"genre","embeddable":true,"href":"https:\/\/www.iemj.org\/it\/wp-json\/wp\/v2\/genre?post=89267"},{"taxonomy":"fonds","embeddable":true,"href":"https:\/\/www.iemj.org\/it\/wp-json\/wp\/v2\/fonds?post=89267"},{"taxonomy":"tradition","embeddable":true,"href":"https:\/\/www.iemj.org\/it\/wp-json\/wp\/v2\/tradition?post=89267"},{"taxonomy":"type-de-contenu","embeddable":true,"href":"https:\/\/www.iemj.org\/it\/wp-json\/wp\/v2\/type-de-contenu?post=89267"},{"taxonomy":"interprete-compositeur","embeddable":true,"href":"https:\/\/www.iemj.org\/it\/wp-json\/wp\/v2\/interprete-compositeur?post=89267"},{"taxonomy":"frise","embeddable":true,"href":"https:\/\/www.iemj.org\/it\/wp-json\/wp\/v2\/frise?post=89267"},{"taxonomy":"type-devenement","embeddable":true,"href":"https:\/\/www.iemj.org\/it\/wp-json\/wp\/v2\/type-devenement?post=89267"},{"taxonomy":"tableaux-liens-externes","embeddable":true,"href":"https:\/\/www.iemj.org\/it\/wp-json\/wp\/v2\/tableaux-liens-externes?post=89267"}],"curies":[{"name":"wp","href":"https:\/\/api.w.org\/{rel}","templated":true}]}}