{"id":89286,"date":"2016-09-20T17:58:27","date_gmt":"2016-09-20T15:58:27","guid":{"rendered":"https:\/\/www.iemj.org\/schonberg-arnold-1874-1951\/"},"modified":"2025-03-24T11:20:57","modified_gmt":"2025-03-24T10:20:57","slug":"schonberg-arnold-1874-1951","status":"publish","type":"post","link":"https:\/\/www.iemj.org\/it\/schonberg-arnold-1874-1951\/","title":{"rendered":"Sch\u00f6nberg, Arnold (1874-1951)"},"content":{"rendered":"<p>Musicista, pittore e teorico geniale, Arnold Sch\u00f6nberg \u2013 o Schoenberg \u2013 nasce il 13 settembre 1874 a Vienna e muore il 13 luglio 1951 a Los Angeles (Stati Uniti).<\/p>\n<p>Autodidatta (ricevette solo lezioni di contrappunto da Alexander von Zemlinsky), fonda con i suoi studenti Alban Berg e Anton Webern la seconda scuola di Vienna, prima di stabilirsi a Berlino per insegnarvi musica. Pedagogo e teorico di fama mondiale, Sch\u00f6nberg ebbe altri studenti tra i quali, in particolare, Hanns Eisler, Egon Wellesz, Otto Klemperer, Theodor Adorno, Viktor Ullmann, Winfried Zillig, Max Deutsch, Ren\u00e9 Leibowitz, Nikos Skalkottas, Josef Rufer, Roberto Gerhard e John Cage.<\/p>\n<p>Due secoli dopo Johann Sebastian Bach e Jean-Philippe Rameau, che avevano posto le basi della musica tonale, Arnold Sch\u00f6nberg ha emancipato la musica dalla tonalit\u00e0 ed ha inventato il dodecafonismo, una tecnica di composizione musicale basata sull&#8217;uso delle dodici note della scala cromatica (do, do#, re, re#\u2026 si), in modo non gerarchico.<\/p>\n<p>Il dodecafonismo, teorizzato e poi sviluppato da Sch\u00f6nberg a partire dal 1923, dar\u00e0 vita alla musica seriale. La serie dodecafonica \u00e8 allora concepita come una successione che permette di ascoltare ciascuno dei dodici suoni, senza che nessuno si ripeta. L&#8217;ordine cos\u00ec stabilito forma una serie immutabile di intervalli, che sostiene l&#8217;intero sviluppo dell&#8217;opera.<\/p>\n<p>La serie cos\u00ec creata pu\u00f2 assumere diverse forme :<\/p>\n<ul>\n<li>nella sua forma originaria (Grundgestalt) detta anche forma dritta<\/li>\n<li>in ricorrenza (la serie \u00e8 presa a partire dalla fine) detta anche forma retrograda<\/li>\n<li>in inversione (tutti gli intervalli sono imitati con movimento opposto, cio\u00e8 un intervallo discendente diventa ascendente e viceversa) detta anche forma speculare<\/li>\n<li>in ricorrenza dell&#8217;inversione detta anche forma retrograda dello specchio<\/li>\n<\/ul>\n<p><a href=\"https:\/\/it.wikipedia.org\/wiki\/Arnold_Sch%C3%B6nberg\" target=\"_blank\" rel=\"noopener\">Per saperne di pi\u00f9<\/a><\/p>\n<p><strong>SCHONBERG E L&#8217;EBRAISMO<\/strong><\/p>\n<p>Estratto dall&#8217;articolo \u00ab <a href=\"https:\/\/www.espritsnomades.net\/musiques\/arnold-schonberg-schonberg-ou-le-judaisme-du-remords\/\" target=\"_blank\" rel=\"noopener\">Sch\u00f6nberg o l\u2019ebraismo del rimorso<\/a> \u00bb,Rivista Esprit nomade, Musica classica.<\/p>\n<p>Dopo essersi convertito, come Mahler, per sfuggire al furioso antisemitismo dell&#8217;Austria e nella speranza di integrarsi meglio nella societ\u00e0 viennese, Sch\u00f6nberg cercher\u00e0 la sua identit\u00e0 e la sua ricerca di Dio. E nel 1923 Sch\u00f6nberg \u00e8 in piena riflessione sul giudaismo. Di certo, nell&#8217;agosto del 1924, far\u00e0 benedire il suo secondo matrimonio, sposando Gertrud Kolisch, sorella di uno dei suoi studenti, dal parroco del tempio luterano di M\u00f6dling. Ma la sua evoluzione interiore lo porta, nel 1927, a scrivere un dramma, <em>Il sentiero biblico<\/em>. Inedito, verr\u00e0 rappresentato per la prima volta in occasione del Wiener Festwochen nella primavera del 2001.<\/p>\n<p>Nel corso della sua emigrazione, Sch\u00f6nberg si ferma a Parigi. Il 30 luglio 1933 vi reintegra solennemente la religione ebraica. Il documento rabbinico che attesta questo approccio, e presentato al Palazzo Fanto, porta la firma di un prestigioso testimone: Marc Chagall.<\/p>\n<p>Da quel momento in poi, una spiritualit\u00e0 allargata domina il suo lavoro creativo:<\/p>\n<p>\u2013 1938: composizione di un Kol Nidr\u00e9, commissionato da un rabbino di Los Angeles.<\/p>\n<p>\u2013 1942: Ode a Napoleone, su di un testo di Byron, testo virulento contro Hitler<\/p>\n<p>\u2013 1947: visita di un sopravvissuto del ghetto di Varsavia. La sua conversazione con quest&#8217;uomo porter\u00e0 alla stesura di <em>Un sopravvisuto di Varsavia<\/em>.<\/p>\n<p>Questo contributo di Sch\u00f6nberg alla lotta contro ogni forma di tirannia va di pari passo con un costante interesse per la creazione dello Stato di Israele<\/p>\n<p>\u2013 1950: inizia a scrivere <em>Salmi moderni<\/em>, una serie di sedici poemi dal contenuto filosofico che esprimono \u201ci problemi religiosi dei nostri contemporanei\u201d. A causa della sua morte, il lavoro rimarr\u00e0 incompiuto.<\/p>\n<p>Come rimarr\u00e0 eternamente incompleta l&#8217;opera <em>Mos\u00e8 e Aronne<\/em>, cos\u00ec come l&#8217;oratorio <em>La scala di<\/em> <em>Giacobbe <\/em>al quale lavor\u00f2, in modo discontinuo, dal 1915 al 1944.<\/p>\n<p>Sch\u00f6nberg rimase per tutta la vita un uomo combattuto tra fede e religione nonostante il suo proclamato non conformismo. Era fedele ai comandamenti e alla legge della Bibbia. La sua musica ha bisogno di un ordine superiore ed \u00e8 impregnata di tradizioni, di barriere morali e fisiche con propri comandamenti creativi che potrebbero essere paragonati ai dieci comandamenti (divieto di ripetizione, divieto di andare a cercare una nota al di fuori della serie imposta, contrappunto esacerbato, creazione da un\u2019argilla quasi unica: la serie e che si dispiega per arborescenza\u2026).<\/p>\n<p><a href=\"https:\/\/www.iemj.org\/es\/loeuvre-juive-darnold-schonberg\/\">Ascoltare il programma radiofonico <em>L\u2019opera ebraica di Sch\u00f6nberg<\/em>, prodotto e presentato da Herv\u00e9 Roten, ed avente come ospite Danielle Cohen-Levinas.<\/a><\/p>\n<p><a href=\"http:\/\/www.rachelnet.net\/F\/5M7FAAL74I6NBRJQT2JKBHHIMCD9TNLNHBGNE9JVQ3I2EXIP1B-01364?func=find-c&amp;ccl_term=WRD+%3D+Arnold+ET+WRD+%3D+Schoenberg+OU+WRD+%3D+Sch%C3%B6nberg+SAUF+WRD+%3D+Schoenberg%2C+J.+SAUF+WRD+%3D+Schoenberg%2C+I.+SAUF+WRD+%3D+Shenhar%2C+Yitzhak+%281902-1957%29+SAUF+WRD+%3D+%D7%A9%D7%A0%D7%94%D7%A8%2C+%D7%99%D7%A6%D7%97%D7%A7&amp;local_base=iemcg\" target=\"_blank\" rel=\"noopener\">Consultare i nostri archivi su Arnold Sch\u00f6nberg<\/a><\/p>\n","protected":false},"excerpt":{"rendered":"<p>Musicista, pittore e teorico geniale, Arnold Sch\u00f6nberg \u2013 o Schoenberg \u2013 nasce il 13 settembre 1874 a Vienna e muore il 13 luglio 1951 a Los Angeles (Stati Uniti). Autodidatta<\/p>\n","protected":false},"author":1045,"featured_media":52481,"comment_status":"closed","ping_status":"closed","sticky":false,"template":"","format":"standard","meta":{"_acf_changed":false,"footnotes":""},"categories":[1416],"tags":[],"technique":[],"squelettes":[],"sujet":[],"formation":[],"genre":[],"fonds":[],"tradition":[],"type-de-contenu":[],"interprete-compositeur":[3091],"frise":[],"type-devenement":[],"tableaux-liens-externes":[],"class_list":["post-89286","post","type-post","status-publish","format-standard","has-post-thumbnail","hentry","category-biografie-it","interprete-compositeur-arnold-schonberg-it"],"acf":[],"yoast_head":"<!-- This site is optimized with the Yoast SEO plugin v27.3 - https:\/\/yoast.com\/product\/yoast-seo-wordpress\/ -->\n<title>Sch\u00f6nberg, Arnold (1874-1951) - Institut Europ\u00e9en des Musiques Juives<\/title>\n<meta name=\"robots\" content=\"index, follow, max-snippet:-1, max-image-preview:large, max-video-preview:-1\" \/>\n<link rel=\"canonical\" href=\"https:\/\/www.iemj.org\/it\/schonberg-arnold-1874-1951\/\" \/>\n<meta property=\"og:locale\" content=\"it_IT\" \/>\n<meta property=\"og:type\" content=\"article\" \/>\n<meta property=\"og:title\" content=\"Sch\u00f6nberg, Arnold (1874-1951) - Institut Europ\u00e9en des Musiques Juives\" \/>\n<meta property=\"og:description\" content=\"Musicista, pittore e teorico geniale, Arnold Sch\u00f6nberg \u2013 o Schoenberg \u2013 nasce il 13 settembre 1874 a Vienna e muore il 13 luglio 1951 a Los Angeles (Stati Uniti). Autodidatta\" \/>\n<meta property=\"og:url\" content=\"https:\/\/www.iemj.org\/it\/schonberg-arnold-1874-1951\/\" \/>\n<meta property=\"og:site_name\" content=\"Institut Europ\u00e9en des Musiques Juives\" \/>\n<meta property=\"article:publisher\" content=\"https:\/\/www.facebook.com\/MusiquesJuives\/\" \/>\n<meta property=\"article:published_time\" content=\"2016-09-20T15:58:27+00:00\" \/>\n<meta property=\"article:modified_time\" content=\"2025-03-24T10:20:57+00:00\" \/>\n<meta property=\"og:image\" content=\"https:\/\/www.iemj.org\/wp-content\/uploads\/2016\/09\/arton1857-e1625065862694.jpg\" \/>\n\t<meta property=\"og:image:width\" content=\"173\" \/>\n\t<meta property=\"og:image:height\" content=\"218\" \/>\n\t<meta property=\"og:image:type\" content=\"image\/jpeg\" \/>\n<meta name=\"author\" content=\"Herv\u00e9 Roten\" \/>\n<meta name=\"twitter:card\" content=\"summary_large_image\" \/>\n<meta name=\"twitter:label1\" content=\"Scritto da\" \/>\n\t<meta name=\"twitter:data1\" content=\"Herv\u00e9 Roten\" \/>\n\t<meta name=\"twitter:label2\" content=\"Tempo di lettura stimato\" \/>\n\t<meta name=\"twitter:data2\" content=\"4 minuti\" \/>\n<script type=\"application\/ld+json\" class=\"yoast-schema-graph\">{\"@context\":\"https:\\\/\\\/schema.org\",\"@graph\":[{\"@type\":\"Article\",\"@id\":\"https:\\\/\\\/www.iemj.org\\\/it\\\/schonberg-arnold-1874-1951\\\/#article\",\"isPartOf\":{\"@id\":\"https:\\\/\\\/www.iemj.org\\\/it\\\/schonberg-arnold-1874-1951\\\/\"},\"author\":{\"name\":\"Herv\u00e9 Roten\",\"@id\":\"https:\\\/\\\/www.iemj.org\\\/it\\\/#\\\/schema\\\/person\\\/906134402c29d5c76e7b726261dd4bbd\"},\"headline\":\"Sch\u00f6nberg, Arnold (1874-1951)\",\"datePublished\":\"2016-09-20T15:58:27+00:00\",\"dateModified\":\"2025-03-24T10:20:57+00:00\",\"mainEntityOfPage\":{\"@id\":\"https:\\\/\\\/www.iemj.org\\\/it\\\/schonberg-arnold-1874-1951\\\/\"},\"wordCount\":698,\"publisher\":{\"@id\":\"https:\\\/\\\/www.iemj.org\\\/it\\\/#organization\"},\"image\":{\"@id\":\"https:\\\/\\\/www.iemj.org\\\/it\\\/schonberg-arnold-1874-1951\\\/#primaryimage\"},\"thumbnailUrl\":\"https:\\\/\\\/www.iemj.org\\\/wp-content\\\/uploads\\\/2016\\\/09\\\/arton1857-e1625065862694.jpg\",\"articleSection\":[\"Biografie\"],\"inLanguage\":\"it-IT\"},{\"@type\":\"WebPage\",\"@id\":\"https:\\\/\\\/www.iemj.org\\\/it\\\/schonberg-arnold-1874-1951\\\/\",\"url\":\"https:\\\/\\\/www.iemj.org\\\/it\\\/schonberg-arnold-1874-1951\\\/\",\"name\":\"Sch\u00f6nberg, Arnold (1874-1951) - Institut Europ\u00e9en des Musiques Juives\",\"isPartOf\":{\"@id\":\"https:\\\/\\\/www.iemj.org\\\/it\\\/#website\"},\"primaryImageOfPage\":{\"@id\":\"https:\\\/\\\/www.iemj.org\\\/it\\\/schonberg-arnold-1874-1951\\\/#primaryimage\"},\"image\":{\"@id\":\"https:\\\/\\\/www.iemj.org\\\/it\\\/schonberg-arnold-1874-1951\\\/#primaryimage\"},\"thumbnailUrl\":\"https:\\\/\\\/www.iemj.org\\\/wp-content\\\/uploads\\\/2016\\\/09\\\/arton1857-e1625065862694.jpg\",\"datePublished\":\"2016-09-20T15:58:27+00:00\",\"dateModified\":\"2025-03-24T10:20:57+00:00\",\"breadcrumb\":{\"@id\":\"https:\\\/\\\/www.iemj.org\\\/it\\\/schonberg-arnold-1874-1951\\\/#breadcrumb\"},\"inLanguage\":\"it-IT\",\"potentialAction\":[{\"@type\":\"ReadAction\",\"target\":[\"https:\\\/\\\/www.iemj.org\\\/it\\\/schonberg-arnold-1874-1951\\\/\"]}]},{\"@type\":\"ImageObject\",\"inLanguage\":\"it-IT\",\"@id\":\"https:\\\/\\\/www.iemj.org\\\/it\\\/schonberg-arnold-1874-1951\\\/#primaryimage\",\"url\":\"https:\\\/\\\/www.iemj.org\\\/wp-content\\\/uploads\\\/2016\\\/09\\\/arton1857-e1625065862694.jpg\",\"contentUrl\":\"https:\\\/\\\/www.iemj.org\\\/wp-content\\\/uploads\\\/2016\\\/09\\\/arton1857-e1625065862694.jpg\",\"width\":173,\"height\":218},{\"@type\":\"BreadcrumbList\",\"@id\":\"https:\\\/\\\/www.iemj.org\\\/it\\\/schonberg-arnold-1874-1951\\\/#breadcrumb\",\"itemListElement\":[{\"@type\":\"ListItem\",\"position\":1,\"name\":\"Accueil\",\"item\":\"https:\\\/\\\/www.iemj.org\\\/it\\\/\"},{\"@type\":\"ListItem\",\"position\":2,\"name\":\"Sch\u00f6nberg, Arnold (1874-1951)\"}]},{\"@type\":\"WebSite\",\"@id\":\"https:\\\/\\\/www.iemj.org\\\/it\\\/#website\",\"url\":\"https:\\\/\\\/www.iemj.org\\\/it\\\/\",\"name\":\"Institut Europ\u00e9en des Musiques Juives\",\"description\":\"Des traditions musicales \u00e0 la port\u00e9e de tous\",\"publisher\":{\"@id\":\"https:\\\/\\\/www.iemj.org\\\/it\\\/#organization\"},\"potentialAction\":[{\"@type\":\"SearchAction\",\"target\":{\"@type\":\"EntryPoint\",\"urlTemplate\":\"https:\\\/\\\/www.iemj.org\\\/it\\\/?s={search_term_string}\"},\"query-input\":{\"@type\":\"PropertyValueSpecification\",\"valueRequired\":true,\"valueName\":\"search_term_string\"}}],\"inLanguage\":\"it-IT\"},{\"@type\":\"Organization\",\"@id\":\"https:\\\/\\\/www.iemj.org\\\/it\\\/#organization\",\"name\":\"Institut Europ\u00e9en des Musiques Juives\",\"url\":\"https:\\\/\\\/www.iemj.org\\\/it\\\/\",\"logo\":{\"@type\":\"ImageObject\",\"inLanguage\":\"it-IT\",\"@id\":\"https:\\\/\\\/www.iemj.org\\\/it\\\/#\\\/schema\\\/logo\\\/image\\\/\",\"url\":\"https:\\\/\\\/www.iemj.org\\\/wp-content\\\/uploads\\\/2021\\\/09\\\/Logo-IEMJ-Paypal.jpg\",\"contentUrl\":\"https:\\\/\\\/www.iemj.org\\\/wp-content\\\/uploads\\\/2021\\\/09\\\/Logo-IEMJ-Paypal.jpg\",\"width\":150,\"height\":50,\"caption\":\"Institut Europ\u00e9en des Musiques Juives\"},\"image\":{\"@id\":\"https:\\\/\\\/www.iemj.org\\\/it\\\/#\\\/schema\\\/logo\\\/image\\\/\"},\"sameAs\":[\"https:\\\/\\\/www.facebook.com\\\/MusiquesJuives\\\/\",\"https:\\\/\\\/www.instagram.com\\\/musiquesjuives\\\/\",\"https:\\\/\\\/www.youtube.com\\\/user\\\/musiquesjuives\"]},{\"@type\":\"Person\",\"@id\":\"https:\\\/\\\/www.iemj.org\\\/it\\\/#\\\/schema\\\/person\\\/906134402c29d5c76e7b726261dd4bbd\",\"name\":\"Herv\u00e9 Roten\",\"image\":{\"@type\":\"ImageObject\",\"inLanguage\":\"it-IT\",\"@id\":\"https:\\\/\\\/secure.gravatar.com\\\/avatar\\\/f96ad2db538a26481f18384936b5cd0610c92d390c4dc382209216d455f685ff?s=96&d=mm&r=g\",\"url\":\"https:\\\/\\\/secure.gravatar.com\\\/avatar\\\/f96ad2db538a26481f18384936b5cd0610c92d390c4dc382209216d455f685ff?s=96&d=mm&r=g\",\"contentUrl\":\"https:\\\/\\\/secure.gravatar.com\\\/avatar\\\/f96ad2db538a26481f18384936b5cd0610c92d390c4dc382209216d455f685ff?s=96&d=mm&r=g\",\"caption\":\"Herv\u00e9 Roten\"}}]}<\/script>\n<!-- \/ Yoast SEO plugin. -->","yoast_head_json":{"title":"Sch\u00f6nberg, Arnold (1874-1951) - Institut Europ\u00e9en des Musiques Juives","robots":{"index":"index","follow":"follow","max-snippet":"max-snippet:-1","max-image-preview":"max-image-preview:large","max-video-preview":"max-video-preview:-1"},"canonical":"https:\/\/www.iemj.org\/it\/schonberg-arnold-1874-1951\/","og_locale":"it_IT","og_type":"article","og_title":"Sch\u00f6nberg, Arnold (1874-1951) - Institut Europ\u00e9en des Musiques Juives","og_description":"Musicista, pittore e teorico geniale, Arnold Sch\u00f6nberg \u2013 o Schoenberg \u2013 nasce il 13 settembre 1874 a Vienna e muore il 13 luglio 1951 a Los Angeles (Stati Uniti). Autodidatta","og_url":"https:\/\/www.iemj.org\/it\/schonberg-arnold-1874-1951\/","og_site_name":"Institut Europ\u00e9en des Musiques Juives","article_publisher":"https:\/\/www.facebook.com\/MusiquesJuives\/","article_published_time":"2016-09-20T15:58:27+00:00","article_modified_time":"2025-03-24T10:20:57+00:00","og_image":[{"width":173,"height":218,"url":"https:\/\/www.iemj.org\/wp-content\/uploads\/2016\/09\/arton1857-e1625065862694.jpg","type":"image\/jpeg"}],"author":"Herv\u00e9 Roten","twitter_card":"summary_large_image","twitter_misc":{"Scritto da":"Herv\u00e9 Roten","Tempo di lettura stimato":"4 minuti"},"schema":{"@context":"https:\/\/schema.org","@graph":[{"@type":"Article","@id":"https:\/\/www.iemj.org\/it\/schonberg-arnold-1874-1951\/#article","isPartOf":{"@id":"https:\/\/www.iemj.org\/it\/schonberg-arnold-1874-1951\/"},"author":{"name":"Herv\u00e9 Roten","@id":"https:\/\/www.iemj.org\/it\/#\/schema\/person\/906134402c29d5c76e7b726261dd4bbd"},"headline":"Sch\u00f6nberg, Arnold (1874-1951)","datePublished":"2016-09-20T15:58:27+00:00","dateModified":"2025-03-24T10:20:57+00:00","mainEntityOfPage":{"@id":"https:\/\/www.iemj.org\/it\/schonberg-arnold-1874-1951\/"},"wordCount":698,"publisher":{"@id":"https:\/\/www.iemj.org\/it\/#organization"},"image":{"@id":"https:\/\/www.iemj.org\/it\/schonberg-arnold-1874-1951\/#primaryimage"},"thumbnailUrl":"https:\/\/www.iemj.org\/wp-content\/uploads\/2016\/09\/arton1857-e1625065862694.jpg","articleSection":["Biografie"],"inLanguage":"it-IT"},{"@type":"WebPage","@id":"https:\/\/www.iemj.org\/it\/schonberg-arnold-1874-1951\/","url":"https:\/\/www.iemj.org\/it\/schonberg-arnold-1874-1951\/","name":"Sch\u00f6nberg, Arnold (1874-1951) - Institut Europ\u00e9en des Musiques Juives","isPartOf":{"@id":"https:\/\/www.iemj.org\/it\/#website"},"primaryImageOfPage":{"@id":"https:\/\/www.iemj.org\/it\/schonberg-arnold-1874-1951\/#primaryimage"},"image":{"@id":"https:\/\/www.iemj.org\/it\/schonberg-arnold-1874-1951\/#primaryimage"},"thumbnailUrl":"https:\/\/www.iemj.org\/wp-content\/uploads\/2016\/09\/arton1857-e1625065862694.jpg","datePublished":"2016-09-20T15:58:27+00:00","dateModified":"2025-03-24T10:20:57+00:00","breadcrumb":{"@id":"https:\/\/www.iemj.org\/it\/schonberg-arnold-1874-1951\/#breadcrumb"},"inLanguage":"it-IT","potentialAction":[{"@type":"ReadAction","target":["https:\/\/www.iemj.org\/it\/schonberg-arnold-1874-1951\/"]}]},{"@type":"ImageObject","inLanguage":"it-IT","@id":"https:\/\/www.iemj.org\/it\/schonberg-arnold-1874-1951\/#primaryimage","url":"https:\/\/www.iemj.org\/wp-content\/uploads\/2016\/09\/arton1857-e1625065862694.jpg","contentUrl":"https:\/\/www.iemj.org\/wp-content\/uploads\/2016\/09\/arton1857-e1625065862694.jpg","width":173,"height":218},{"@type":"BreadcrumbList","@id":"https:\/\/www.iemj.org\/it\/schonberg-arnold-1874-1951\/#breadcrumb","itemListElement":[{"@type":"ListItem","position":1,"name":"Accueil","item":"https:\/\/www.iemj.org\/it\/"},{"@type":"ListItem","position":2,"name":"Sch\u00f6nberg, Arnold (1874-1951)"}]},{"@type":"WebSite","@id":"https:\/\/www.iemj.org\/it\/#website","url":"https:\/\/www.iemj.org\/it\/","name":"Institut Europ\u00e9en des Musiques Juives","description":"Des traditions musicales \u00e0 la port\u00e9e de tous","publisher":{"@id":"https:\/\/www.iemj.org\/it\/#organization"},"potentialAction":[{"@type":"SearchAction","target":{"@type":"EntryPoint","urlTemplate":"https:\/\/www.iemj.org\/it\/?s={search_term_string}"},"query-input":{"@type":"PropertyValueSpecification","valueRequired":true,"valueName":"search_term_string"}}],"inLanguage":"it-IT"},{"@type":"Organization","@id":"https:\/\/www.iemj.org\/it\/#organization","name":"Institut Europ\u00e9en des Musiques Juives","url":"https:\/\/www.iemj.org\/it\/","logo":{"@type":"ImageObject","inLanguage":"it-IT","@id":"https:\/\/www.iemj.org\/it\/#\/schema\/logo\/image\/","url":"https:\/\/www.iemj.org\/wp-content\/uploads\/2021\/09\/Logo-IEMJ-Paypal.jpg","contentUrl":"https:\/\/www.iemj.org\/wp-content\/uploads\/2021\/09\/Logo-IEMJ-Paypal.jpg","width":150,"height":50,"caption":"Institut Europ\u00e9en des Musiques Juives"},"image":{"@id":"https:\/\/www.iemj.org\/it\/#\/schema\/logo\/image\/"},"sameAs":["https:\/\/www.facebook.com\/MusiquesJuives\/","https:\/\/www.instagram.com\/musiquesjuives\/","https:\/\/www.youtube.com\/user\/musiquesjuives"]},{"@type":"Person","@id":"https:\/\/www.iemj.org\/it\/#\/schema\/person\/906134402c29d5c76e7b726261dd4bbd","name":"Herv\u00e9 Roten","image":{"@type":"ImageObject","inLanguage":"it-IT","@id":"https:\/\/secure.gravatar.com\/avatar\/f96ad2db538a26481f18384936b5cd0610c92d390c4dc382209216d455f685ff?s=96&d=mm&r=g","url":"https:\/\/secure.gravatar.com\/avatar\/f96ad2db538a26481f18384936b5cd0610c92d390c4dc382209216d455f685ff?s=96&d=mm&r=g","contentUrl":"https:\/\/secure.gravatar.com\/avatar\/f96ad2db538a26481f18384936b5cd0610c92d390c4dc382209216d455f685ff?s=96&d=mm&r=g","caption":"Herv\u00e9 Roten"}}]}},"_links":{"self":[{"href":"https:\/\/www.iemj.org\/it\/wp-json\/wp\/v2\/posts\/89286","targetHints":{"allow":["GET"]}}],"collection":[{"href":"https:\/\/www.iemj.org\/it\/wp-json\/wp\/v2\/posts"}],"about":[{"href":"https:\/\/www.iemj.org\/it\/wp-json\/wp\/v2\/types\/post"}],"author":[{"embeddable":true,"href":"https:\/\/www.iemj.org\/it\/wp-json\/wp\/v2\/users\/1045"}],"replies":[{"embeddable":true,"href":"https:\/\/www.iemj.org\/it\/wp-json\/wp\/v2\/comments?post=89286"}],"version-history":[{"count":0,"href":"https:\/\/www.iemj.org\/it\/wp-json\/wp\/v2\/posts\/89286\/revisions"}],"wp:featuredmedia":[{"embeddable":true,"href":"https:\/\/www.iemj.org\/it\/wp-json\/wp\/v2\/media\/52481"}],"wp:attachment":[{"href":"https:\/\/www.iemj.org\/it\/wp-json\/wp\/v2\/media?parent=89286"}],"wp:term":[{"taxonomy":"category","embeddable":true,"href":"https:\/\/www.iemj.org\/it\/wp-json\/wp\/v2\/categories?post=89286"},{"taxonomy":"post_tag","embeddable":true,"href":"https:\/\/www.iemj.org\/it\/wp-json\/wp\/v2\/tags?post=89286"},{"taxonomy":"technique","embeddable":true,"href":"https:\/\/www.iemj.org\/it\/wp-json\/wp\/v2\/technique?post=89286"},{"taxonomy":"squelettes","embeddable":true,"href":"https:\/\/www.iemj.org\/it\/wp-json\/wp\/v2\/squelettes?post=89286"},{"taxonomy":"sujet","embeddable":true,"href":"https:\/\/www.iemj.org\/it\/wp-json\/wp\/v2\/sujet?post=89286"},{"taxonomy":"formation","embeddable":true,"href":"https:\/\/www.iemj.org\/it\/wp-json\/wp\/v2\/formation?post=89286"},{"taxonomy":"genre","embeddable":true,"href":"https:\/\/www.iemj.org\/it\/wp-json\/wp\/v2\/genre?post=89286"},{"taxonomy":"fonds","embeddable":true,"href":"https:\/\/www.iemj.org\/it\/wp-json\/wp\/v2\/fonds?post=89286"},{"taxonomy":"tradition","embeddable":true,"href":"https:\/\/www.iemj.org\/it\/wp-json\/wp\/v2\/tradition?post=89286"},{"taxonomy":"type-de-contenu","embeddable":true,"href":"https:\/\/www.iemj.org\/it\/wp-json\/wp\/v2\/type-de-contenu?post=89286"},{"taxonomy":"interprete-compositeur","embeddable":true,"href":"https:\/\/www.iemj.org\/it\/wp-json\/wp\/v2\/interprete-compositeur?post=89286"},{"taxonomy":"frise","embeddable":true,"href":"https:\/\/www.iemj.org\/it\/wp-json\/wp\/v2\/frise?post=89286"},{"taxonomy":"type-devenement","embeddable":true,"href":"https:\/\/www.iemj.org\/it\/wp-json\/wp\/v2\/type-devenement?post=89286"},{"taxonomy":"tableaux-liens-externes","embeddable":true,"href":"https:\/\/www.iemj.org\/it\/wp-json\/wp\/v2\/tableaux-liens-externes?post=89286"}],"curies":[{"name":"wp","href":"https:\/\/api.w.org\/{rel}","templated":true}]}}