{"id":89323,"date":"2018-10-02T15:10:13","date_gmt":"2018-10-02T13:10:13","guid":{"rendered":"https:\/\/www.iemj.org\/sabo-hector\/"},"modified":"2025-02-13T17:11:19","modified_gmt":"2025-02-13T16:11:19","slug":"sabo-hector","status":"publish","type":"post","link":"https:\/\/www.iemj.org\/it\/sabo-hector\/","title":{"rendered":"Sabo, Hector"},"content":{"rendered":"<p>Hector Sabo \u00e8 musicista-compositore (pianoforte, organo, clavicembalo) e direttore di coro, attualmente incaricato della direzione musicale dei cori della Grande Sinagoga di Strasburgo. \u00c8 anche all&#8217;origine di diversi ensemble vocali e strumentali come <strong>l&#8217;Ensemble Simplemente<\/strong> <strong>Tango<\/strong> e <strong>l&#8217;Ensemble Vocal Hebra\u00efca<\/strong>.<\/p>\n<p>Originario di Buenos Aires, Argentina, Hector Sabo \u00e8 immerso fin da piccolo nella tradizione musicale sinagogale di origine europea. E\u2019 con il nonno David Sabo, cantore sinagogale in Cecoslovacchia poi a Moises-ville in Argentina ed infine a Jaffa in Israele, che Hector si nutre di questa tradizione millenaria. Dopo un soggiorno di tre anni in Israele, effetua una formazione completa come musicista classico a Buenos Aires \u2013 pianoforte, organo, clavicembalo \u2013 in seguito presso l&#8217;Universidad Nacional de La Plata \u2013 composizione e direzione d&#8217;orchestra \u2013 lavorando, nello stesso tempo, come direttore di coro e organista in diverse sinagoghe della capitale argentina e come musicista orchestrale e direttore di canto d\u2019opera.<\/p>\n<p>Nel 1987 viene in Francia per completare la sua formazione. Dopo un Primo Premio di direzione d&#8217;orchestra al Conservatorio di Rueil-Malmaison, partecipa a diversi corsi di direzione di cori e d&#8217;orchestra a Parigi, Saumur, Aix-en-Provence, Poitiers, poi a Vienna in Austria e Siena in Italia. Dirige numerosi concerti in Francia, Europa ed Argentina. Nel 1991 \u00e8 nominato coordinatore artistico e tecnico dell&#8217;Orchestre Philharmonique de Strasbourg; dal 1988 al 2007 \u00e8 responsabile della direzione musicale dei cori della Grande Sinagoga di Strasburgo.<\/p>\n<p>In altri ambiti musicali \u00e8 per 12 anni pianista, arrangiatore e direttore musicale dell&#8217;ensemble <em>Simplemente Tango<\/em>. Dirige diverse produzioni d\u2019opera con orchestra per l&#8217;Associazione Op\u00e9ra Piano. Infine, dirige e suona l&#8217;organo, il clavicembalo ed il pianoforte in vari gruppi vocali e strumentali. Partecipa inoltre a numerose registrazioni di CD con diversi partners. Dopo aver creato e diretto diversi ensemble vocali e strumentali a Parigi tra il 1988 e il 1991, si trasferisce a Strasburgo e nel 1996 crea l&#8217;ensemble corale <em>Les Polyphonies H\u00e9bra\u00efques de Strasbourg<\/em>, all&#8217;interno dell&#8217;Universit\u00e0 di Scienze Umane di Strasburgo, dove consegue un DEA in Musica e Musicologia.<\/p>\n<p>Nel 2006 crea <em>l&#8217;Ensemble Vocal Hebra\u00efca<\/em>, per musica da 4 a 9 solisti, ognuno cantando una voce. Nel 2007 \u00e8 nominato Direttore Artistico e Musicale del Coro Ebraico di Francia, sotto l&#8217;egida del Concistoro Israelita di Parigi\/Ile-de-France. Lo stesso anno \u00e8 nominato professore ordinario di Formazione musicale al Conservatorio di Strasburgo. L&#8217;attivit\u00e0 musicale di Hector Sabo \u00e8 completata dalla pubblicazione di articoli e da convegni sulla musica ebraica, diventata nel corso degli anni la sua specialit\u00e0. Nel 2016 l&#8217;Universit\u00e0 di Strasburgo gli chiede di scrivere un articolo sulla musica ebraica nel &#8220;<em>Dizionario di Strasburgo, laboratorio dell&#8217;Europa, 1880\/1930<\/em>&#8220;, pubblicato nell&#8217;ottobre 2017. Nello stesso anno gli \u00e8 chiesto da Radio Judaica di Strasburgo di presentare una serie di 40 emissioni sulla musica ebraica. In seguito, il suo primo libro sulla storia della musica ebraica ripercorre una vita di ricerche e scoperte sulle musiche ebraiche. La sua attivit\u00e0 lo porta a viaggiare attraverso la Francia, l&#8217;America e l&#8217;Europa : Buenos Aires, New York, Girona, Roma, Siena, Bruxelles, Arlon, Gand, Losanna, Basilea, Zurigo, Worms, Mainz, Saarbr\u00fccken, Berlino, Vienna, Londra, Saint -Pietroburgo\u2026 Infine, ogni anno presenta nuovi spettacoli sui temi della sua specialit\u00e0: il rapporto tra la musica ebraica e la musica occidentale in Europa ed in America.<\/p>\n<p><a href=\"https:\/\/www.iemj.org\/it\/fonds-hector-sabo\/\" target=\"_blank\" rel=\"noopener\">Consultare il fondo Hector Sabo<\/a><\/p>\n<p><a href=\"https:\/\/www.iemj.org\/it\/categorie\/ecouter-voir\/emissions-de-radio\/emissions-hector-sabo\/\" target=\"_blank\" rel=\"noopener\">Consultare il sito : Les Polyphonies H\u00e9bra\u00efques de Strasbourg<\/a><\/p>\n<p><iframe src=\"https:\/\/www.youtube.com\/embed\/R_AZZo0hlK8?start=74\" width=\"560\" height=\"315\" frameborder=\"0\" allowfullscreen=\"allowfullscreen\"><\/iframe><\/p>\n","protected":false},"excerpt":{"rendered":"<p>Hector Sabo \u00e8 musicista-compositore (pianoforte, organo, clavicembalo) e direttore di coro, attualmente incaricato della direzione musicale dei cori della Grande Sinagoga di Strasburgo. \u00c8 anche all&#8217;origine di diversi ensemble vocali<\/p>\n","protected":false},"author":1052,"featured_media":89324,"comment_status":"closed","ping_status":"open","sticky":false,"template":"","format":"standard","meta":{"_acf_changed":false,"footnotes":""},"categories":[1416],"tags":[],"technique":[],"squelettes":[],"sujet":[],"formation":[],"genre":[],"fonds":[],"tradition":[],"type-de-contenu":[],"interprete-compositeur":[],"frise":[],"type-devenement":[],"tableaux-liens-externes":[],"class_list":["post-89323","post","type-post","status-publish","format-standard","has-post-thumbnail","hentry","category-biografie-it"],"acf":[],"yoast_head":"<!-- This site is optimized with the Yoast SEO plugin v27.3 - https:\/\/yoast.com\/product\/yoast-seo-wordpress\/ -->\n<title>Sabo, Hector - Institut Europ\u00e9en des Musiques Juives<\/title>\n<meta name=\"robots\" content=\"index, follow, max-snippet:-1, max-image-preview:large, max-video-preview:-1\" \/>\n<link rel=\"canonical\" href=\"https:\/\/www.iemj.org\/it\/sabo-hector\/\" \/>\n<meta property=\"og:locale\" content=\"it_IT\" \/>\n<meta property=\"og:type\" content=\"article\" \/>\n<meta property=\"og:title\" content=\"Sabo, Hector - Institut Europ\u00e9en des Musiques Juives\" \/>\n<meta property=\"og:description\" content=\"Hector Sabo \u00e8 musicista-compositore (pianoforte, organo, clavicembalo) e direttore di coro, attualmente incaricato della direzione musicale dei cori della Grande Sinagoga di Strasburgo. \u00c8 anche all&#8217;origine di diversi ensemble vocali\" \/>\n<meta property=\"og:url\" content=\"https:\/\/www.iemj.org\/it\/sabo-hector\/\" \/>\n<meta property=\"og:site_name\" content=\"Institut Europ\u00e9en des Musiques Juives\" \/>\n<meta property=\"article:publisher\" content=\"https:\/\/www.facebook.com\/MusiquesJuives\/\" \/>\n<meta property=\"article:published_time\" content=\"2018-10-02T13:10:13+00:00\" \/>\n<meta property=\"article:modified_time\" content=\"2025-02-13T16:11:19+00:00\" \/>\n<meta property=\"og:image\" content=\"https:\/\/www.iemj.org\/wp-content\/uploads\/2018\/10\/arton3641-e1617023696838.jpg\" \/>\n\t<meta property=\"og:image:width\" content=\"164\" \/>\n\t<meta property=\"og:image:height\" content=\"218\" \/>\n\t<meta property=\"og:image:type\" content=\"image\/jpeg\" \/>\n<meta name=\"author\" content=\"Lea Couderc\" \/>\n<meta name=\"twitter:card\" content=\"summary_large_image\" \/>\n<meta name=\"twitter:label1\" content=\"Scritto da\" \/>\n\t<meta name=\"twitter:data1\" content=\"Lea Couderc\" \/>\n\t<meta name=\"twitter:label2\" content=\"Tempo di lettura stimato\" \/>\n\t<meta name=\"twitter:data2\" content=\"3 minuti\" \/>\n<script type=\"application\/ld+json\" class=\"yoast-schema-graph\">{\"@context\":\"https:\\\/\\\/schema.org\",\"@graph\":[{\"@type\":\"Article\",\"@id\":\"https:\\\/\\\/www.iemj.org\\\/it\\\/sabo-hector\\\/#article\",\"isPartOf\":{\"@id\":\"https:\\\/\\\/www.iemj.org\\\/it\\\/sabo-hector\\\/\"},\"author\":{\"name\":\"Lea Couderc\",\"@id\":\"https:\\\/\\\/www.iemj.org\\\/it\\\/#\\\/schema\\\/person\\\/e2ad57f2c4be119c7ed8ab79036807a9\"},\"headline\":\"Sabo, Hector\",\"datePublished\":\"2018-10-02T13:10:13+00:00\",\"dateModified\":\"2025-02-13T16:11:19+00:00\",\"mainEntityOfPage\":{\"@id\":\"https:\\\/\\\/www.iemj.org\\\/it\\\/sabo-hector\\\/\"},\"wordCount\":551,\"publisher\":{\"@id\":\"https:\\\/\\\/www.iemj.org\\\/it\\\/#organization\"},\"image\":{\"@id\":\"https:\\\/\\\/www.iemj.org\\\/it\\\/sabo-hector\\\/#primaryimage\"},\"thumbnailUrl\":\"https:\\\/\\\/www.iemj.org\\\/wp-content\\\/uploads\\\/2018\\\/10\\\/arton3641-e1617023696838.jpg\",\"articleSection\":[\"Biografie\"],\"inLanguage\":\"it-IT\"},{\"@type\":\"WebPage\",\"@id\":\"https:\\\/\\\/www.iemj.org\\\/it\\\/sabo-hector\\\/\",\"url\":\"https:\\\/\\\/www.iemj.org\\\/it\\\/sabo-hector\\\/\",\"name\":\"Sabo, Hector - Institut Europ\u00e9en des Musiques Juives\",\"isPartOf\":{\"@id\":\"https:\\\/\\\/www.iemj.org\\\/it\\\/#website\"},\"primaryImageOfPage\":{\"@id\":\"https:\\\/\\\/www.iemj.org\\\/it\\\/sabo-hector\\\/#primaryimage\"},\"image\":{\"@id\":\"https:\\\/\\\/www.iemj.org\\\/it\\\/sabo-hector\\\/#primaryimage\"},\"thumbnailUrl\":\"https:\\\/\\\/www.iemj.org\\\/wp-content\\\/uploads\\\/2018\\\/10\\\/arton3641-e1617023696838.jpg\",\"datePublished\":\"2018-10-02T13:10:13+00:00\",\"dateModified\":\"2025-02-13T16:11:19+00:00\",\"breadcrumb\":{\"@id\":\"https:\\\/\\\/www.iemj.org\\\/it\\\/sabo-hector\\\/#breadcrumb\"},\"inLanguage\":\"it-IT\",\"potentialAction\":[{\"@type\":\"ReadAction\",\"target\":[\"https:\\\/\\\/www.iemj.org\\\/it\\\/sabo-hector\\\/\"]}]},{\"@type\":\"ImageObject\",\"inLanguage\":\"it-IT\",\"@id\":\"https:\\\/\\\/www.iemj.org\\\/it\\\/sabo-hector\\\/#primaryimage\",\"url\":\"https:\\\/\\\/www.iemj.org\\\/wp-content\\\/uploads\\\/2018\\\/10\\\/arton3641-e1617023696838.jpg\",\"contentUrl\":\"https:\\\/\\\/www.iemj.org\\\/wp-content\\\/uploads\\\/2018\\\/10\\\/arton3641-e1617023696838.jpg\",\"width\":164,\"height\":218},{\"@type\":\"BreadcrumbList\",\"@id\":\"https:\\\/\\\/www.iemj.org\\\/it\\\/sabo-hector\\\/#breadcrumb\",\"itemListElement\":[{\"@type\":\"ListItem\",\"position\":1,\"name\":\"Accueil\",\"item\":\"https:\\\/\\\/www.iemj.org\\\/it\\\/\"},{\"@type\":\"ListItem\",\"position\":2,\"name\":\"Sabo, Hector\"}]},{\"@type\":\"WebSite\",\"@id\":\"https:\\\/\\\/www.iemj.org\\\/it\\\/#website\",\"url\":\"https:\\\/\\\/www.iemj.org\\\/it\\\/\",\"name\":\"Institut Europ\u00e9en des Musiques Juives\",\"description\":\"Des traditions musicales \u00e0 la port\u00e9e de tous\",\"publisher\":{\"@id\":\"https:\\\/\\\/www.iemj.org\\\/it\\\/#organization\"},\"potentialAction\":[{\"@type\":\"SearchAction\",\"target\":{\"@type\":\"EntryPoint\",\"urlTemplate\":\"https:\\\/\\\/www.iemj.org\\\/it\\\/?s={search_term_string}\"},\"query-input\":{\"@type\":\"PropertyValueSpecification\",\"valueRequired\":true,\"valueName\":\"search_term_string\"}}],\"inLanguage\":\"it-IT\"},{\"@type\":\"Organization\",\"@id\":\"https:\\\/\\\/www.iemj.org\\\/it\\\/#organization\",\"name\":\"Institut Europ\u00e9en des Musiques Juives\",\"url\":\"https:\\\/\\\/www.iemj.org\\\/it\\\/\",\"logo\":{\"@type\":\"ImageObject\",\"inLanguage\":\"it-IT\",\"@id\":\"https:\\\/\\\/www.iemj.org\\\/it\\\/#\\\/schema\\\/logo\\\/image\\\/\",\"url\":\"https:\\\/\\\/www.iemj.org\\\/wp-content\\\/uploads\\\/2021\\\/09\\\/Logo-IEMJ-Paypal.jpg\",\"contentUrl\":\"https:\\\/\\\/www.iemj.org\\\/wp-content\\\/uploads\\\/2021\\\/09\\\/Logo-IEMJ-Paypal.jpg\",\"width\":150,\"height\":50,\"caption\":\"Institut Europ\u00e9en des Musiques Juives\"},\"image\":{\"@id\":\"https:\\\/\\\/www.iemj.org\\\/it\\\/#\\\/schema\\\/logo\\\/image\\\/\"},\"sameAs\":[\"https:\\\/\\\/www.facebook.com\\\/MusiquesJuives\\\/\",\"https:\\\/\\\/www.instagram.com\\\/musiquesjuives\\\/\",\"https:\\\/\\\/www.youtube.com\\\/user\\\/musiquesjuives\"]},{\"@type\":\"Person\",\"@id\":\"https:\\\/\\\/www.iemj.org\\\/it\\\/#\\\/schema\\\/person\\\/e2ad57f2c4be119c7ed8ab79036807a9\",\"name\":\"Lea Couderc\",\"image\":{\"@type\":\"ImageObject\",\"inLanguage\":\"it-IT\",\"@id\":\"https:\\\/\\\/secure.gravatar.com\\\/avatar\\\/46ee021475d60aeff17a7e490b79dea5a5684bb392ab7fd1494027411df8ba23?s=96&d=mm&r=g\",\"url\":\"https:\\\/\\\/secure.gravatar.com\\\/avatar\\\/46ee021475d60aeff17a7e490b79dea5a5684bb392ab7fd1494027411df8ba23?s=96&d=mm&r=g\",\"contentUrl\":\"https:\\\/\\\/secure.gravatar.com\\\/avatar\\\/46ee021475d60aeff17a7e490b79dea5a5684bb392ab7fd1494027411df8ba23?s=96&d=mm&r=g\",\"caption\":\"Lea Couderc\"}}]}<\/script>\n<!-- \/ Yoast SEO plugin. -->","yoast_head_json":{"title":"Sabo, Hector - Institut Europ\u00e9en des Musiques Juives","robots":{"index":"index","follow":"follow","max-snippet":"max-snippet:-1","max-image-preview":"max-image-preview:large","max-video-preview":"max-video-preview:-1"},"canonical":"https:\/\/www.iemj.org\/it\/sabo-hector\/","og_locale":"it_IT","og_type":"article","og_title":"Sabo, Hector - Institut Europ\u00e9en des Musiques Juives","og_description":"Hector Sabo \u00e8 musicista-compositore (pianoforte, organo, clavicembalo) e direttore di coro, attualmente incaricato della direzione musicale dei cori della Grande Sinagoga di Strasburgo. \u00c8 anche all&#8217;origine di diversi ensemble vocali","og_url":"https:\/\/www.iemj.org\/it\/sabo-hector\/","og_site_name":"Institut Europ\u00e9en des Musiques Juives","article_publisher":"https:\/\/www.facebook.com\/MusiquesJuives\/","article_published_time":"2018-10-02T13:10:13+00:00","article_modified_time":"2025-02-13T16:11:19+00:00","og_image":[{"width":164,"height":218,"url":"https:\/\/www.iemj.org\/wp-content\/uploads\/2018\/10\/arton3641-e1617023696838.jpg","type":"image\/jpeg"}],"author":"Lea Couderc","twitter_card":"summary_large_image","twitter_misc":{"Scritto da":"Lea Couderc","Tempo di lettura stimato":"3 minuti"},"schema":{"@context":"https:\/\/schema.org","@graph":[{"@type":"Article","@id":"https:\/\/www.iemj.org\/it\/sabo-hector\/#article","isPartOf":{"@id":"https:\/\/www.iemj.org\/it\/sabo-hector\/"},"author":{"name":"Lea Couderc","@id":"https:\/\/www.iemj.org\/it\/#\/schema\/person\/e2ad57f2c4be119c7ed8ab79036807a9"},"headline":"Sabo, Hector","datePublished":"2018-10-02T13:10:13+00:00","dateModified":"2025-02-13T16:11:19+00:00","mainEntityOfPage":{"@id":"https:\/\/www.iemj.org\/it\/sabo-hector\/"},"wordCount":551,"publisher":{"@id":"https:\/\/www.iemj.org\/it\/#organization"},"image":{"@id":"https:\/\/www.iemj.org\/it\/sabo-hector\/#primaryimage"},"thumbnailUrl":"https:\/\/www.iemj.org\/wp-content\/uploads\/2018\/10\/arton3641-e1617023696838.jpg","articleSection":["Biografie"],"inLanguage":"it-IT"},{"@type":"WebPage","@id":"https:\/\/www.iemj.org\/it\/sabo-hector\/","url":"https:\/\/www.iemj.org\/it\/sabo-hector\/","name":"Sabo, Hector - Institut Europ\u00e9en des Musiques Juives","isPartOf":{"@id":"https:\/\/www.iemj.org\/it\/#website"},"primaryImageOfPage":{"@id":"https:\/\/www.iemj.org\/it\/sabo-hector\/#primaryimage"},"image":{"@id":"https:\/\/www.iemj.org\/it\/sabo-hector\/#primaryimage"},"thumbnailUrl":"https:\/\/www.iemj.org\/wp-content\/uploads\/2018\/10\/arton3641-e1617023696838.jpg","datePublished":"2018-10-02T13:10:13+00:00","dateModified":"2025-02-13T16:11:19+00:00","breadcrumb":{"@id":"https:\/\/www.iemj.org\/it\/sabo-hector\/#breadcrumb"},"inLanguage":"it-IT","potentialAction":[{"@type":"ReadAction","target":["https:\/\/www.iemj.org\/it\/sabo-hector\/"]}]},{"@type":"ImageObject","inLanguage":"it-IT","@id":"https:\/\/www.iemj.org\/it\/sabo-hector\/#primaryimage","url":"https:\/\/www.iemj.org\/wp-content\/uploads\/2018\/10\/arton3641-e1617023696838.jpg","contentUrl":"https:\/\/www.iemj.org\/wp-content\/uploads\/2018\/10\/arton3641-e1617023696838.jpg","width":164,"height":218},{"@type":"BreadcrumbList","@id":"https:\/\/www.iemj.org\/it\/sabo-hector\/#breadcrumb","itemListElement":[{"@type":"ListItem","position":1,"name":"Accueil","item":"https:\/\/www.iemj.org\/it\/"},{"@type":"ListItem","position":2,"name":"Sabo, Hector"}]},{"@type":"WebSite","@id":"https:\/\/www.iemj.org\/it\/#website","url":"https:\/\/www.iemj.org\/it\/","name":"Institut Europ\u00e9en des Musiques Juives","description":"Des traditions musicales \u00e0 la port\u00e9e de tous","publisher":{"@id":"https:\/\/www.iemj.org\/it\/#organization"},"potentialAction":[{"@type":"SearchAction","target":{"@type":"EntryPoint","urlTemplate":"https:\/\/www.iemj.org\/it\/?s={search_term_string}"},"query-input":{"@type":"PropertyValueSpecification","valueRequired":true,"valueName":"search_term_string"}}],"inLanguage":"it-IT"},{"@type":"Organization","@id":"https:\/\/www.iemj.org\/it\/#organization","name":"Institut Europ\u00e9en des Musiques Juives","url":"https:\/\/www.iemj.org\/it\/","logo":{"@type":"ImageObject","inLanguage":"it-IT","@id":"https:\/\/www.iemj.org\/it\/#\/schema\/logo\/image\/","url":"https:\/\/www.iemj.org\/wp-content\/uploads\/2021\/09\/Logo-IEMJ-Paypal.jpg","contentUrl":"https:\/\/www.iemj.org\/wp-content\/uploads\/2021\/09\/Logo-IEMJ-Paypal.jpg","width":150,"height":50,"caption":"Institut Europ\u00e9en des Musiques Juives"},"image":{"@id":"https:\/\/www.iemj.org\/it\/#\/schema\/logo\/image\/"},"sameAs":["https:\/\/www.facebook.com\/MusiquesJuives\/","https:\/\/www.instagram.com\/musiquesjuives\/","https:\/\/www.youtube.com\/user\/musiquesjuives"]},{"@type":"Person","@id":"https:\/\/www.iemj.org\/it\/#\/schema\/person\/e2ad57f2c4be119c7ed8ab79036807a9","name":"Lea Couderc","image":{"@type":"ImageObject","inLanguage":"it-IT","@id":"https:\/\/secure.gravatar.com\/avatar\/46ee021475d60aeff17a7e490b79dea5a5684bb392ab7fd1494027411df8ba23?s=96&d=mm&r=g","url":"https:\/\/secure.gravatar.com\/avatar\/46ee021475d60aeff17a7e490b79dea5a5684bb392ab7fd1494027411df8ba23?s=96&d=mm&r=g","contentUrl":"https:\/\/secure.gravatar.com\/avatar\/46ee021475d60aeff17a7e490b79dea5a5684bb392ab7fd1494027411df8ba23?s=96&d=mm&r=g","caption":"Lea Couderc"}}]}},"_links":{"self":[{"href":"https:\/\/www.iemj.org\/it\/wp-json\/wp\/v2\/posts\/89323","targetHints":{"allow":["GET"]}}],"collection":[{"href":"https:\/\/www.iemj.org\/it\/wp-json\/wp\/v2\/posts"}],"about":[{"href":"https:\/\/www.iemj.org\/it\/wp-json\/wp\/v2\/types\/post"}],"author":[{"embeddable":true,"href":"https:\/\/www.iemj.org\/it\/wp-json\/wp\/v2\/users\/1052"}],"replies":[{"embeddable":true,"href":"https:\/\/www.iemj.org\/it\/wp-json\/wp\/v2\/comments?post=89323"}],"version-history":[{"count":0,"href":"https:\/\/www.iemj.org\/it\/wp-json\/wp\/v2\/posts\/89323\/revisions"}],"wp:featuredmedia":[{"embeddable":true,"href":"https:\/\/www.iemj.org\/it\/wp-json\/wp\/v2\/media\/89324"}],"wp:attachment":[{"href":"https:\/\/www.iemj.org\/it\/wp-json\/wp\/v2\/media?parent=89323"}],"wp:term":[{"taxonomy":"category","embeddable":true,"href":"https:\/\/www.iemj.org\/it\/wp-json\/wp\/v2\/categories?post=89323"},{"taxonomy":"post_tag","embeddable":true,"href":"https:\/\/www.iemj.org\/it\/wp-json\/wp\/v2\/tags?post=89323"},{"taxonomy":"technique","embeddable":true,"href":"https:\/\/www.iemj.org\/it\/wp-json\/wp\/v2\/technique?post=89323"},{"taxonomy":"squelettes","embeddable":true,"href":"https:\/\/www.iemj.org\/it\/wp-json\/wp\/v2\/squelettes?post=89323"},{"taxonomy":"sujet","embeddable":true,"href":"https:\/\/www.iemj.org\/it\/wp-json\/wp\/v2\/sujet?post=89323"},{"taxonomy":"formation","embeddable":true,"href":"https:\/\/www.iemj.org\/it\/wp-json\/wp\/v2\/formation?post=89323"},{"taxonomy":"genre","embeddable":true,"href":"https:\/\/www.iemj.org\/it\/wp-json\/wp\/v2\/genre?post=89323"},{"taxonomy":"fonds","embeddable":true,"href":"https:\/\/www.iemj.org\/it\/wp-json\/wp\/v2\/fonds?post=89323"},{"taxonomy":"tradition","embeddable":true,"href":"https:\/\/www.iemj.org\/it\/wp-json\/wp\/v2\/tradition?post=89323"},{"taxonomy":"type-de-contenu","embeddable":true,"href":"https:\/\/www.iemj.org\/it\/wp-json\/wp\/v2\/type-de-contenu?post=89323"},{"taxonomy":"interprete-compositeur","embeddable":true,"href":"https:\/\/www.iemj.org\/it\/wp-json\/wp\/v2\/interprete-compositeur?post=89323"},{"taxonomy":"frise","embeddable":true,"href":"https:\/\/www.iemj.org\/it\/wp-json\/wp\/v2\/frise?post=89323"},{"taxonomy":"type-devenement","embeddable":true,"href":"https:\/\/www.iemj.org\/it\/wp-json\/wp\/v2\/type-devenement?post=89323"},{"taxonomy":"tableaux-liens-externes","embeddable":true,"href":"https:\/\/www.iemj.org\/it\/wp-json\/wp\/v2\/tableaux-liens-externes?post=89323"}],"curies":[{"name":"wp","href":"https:\/\/api.w.org\/{rel}","templated":true}]}}