{"id":89486,"date":"2016-03-07T17:33:00","date_gmt":"2016-03-07T16:33:00","guid":{"rendered":"https:\/\/www.iemj.org\/le-chant-des-femmes-dans-la-tradition-juive\/"},"modified":"2025-04-27T20:18:43","modified_gmt":"2025-04-27T18:18:43","slug":"le-chant-des-femmes-dans-la-tradition-juive","status":"publish","type":"post","link":"https:\/\/www.iemj.org\/it\/le-chant-des-femmes-dans-la-tradition-juive\/","title":{"rendered":"Il canto delle donne nella tradizione ebraica"},"content":{"rendered":"<p><!--more--><\/p>\n<p><strong>Il posto delle donne nella tradizione ebraica \u00e8 spesso fonte di controversia. La <em>halakha<\/em> \u2013 la legge ebraica \u2013 rinvia generalmente la donna al suo ruolo di custode della casa e di educatrice dei suoi figli. Ma non \u00e8 sempre stato cos\u00ec.<\/strong><\/p>\n<p>Se ci riferiamo al Libro dei Giudici che racconta la storia degli Ebrei, tra la conquista della Terra di Canaan e l&#8217;apparizione della monarchia, una donna occupa un posto di primo piano. Si tratta di Debora, quarta Giudice d&#8217;Israele, profetessa e capo militare. Intorno al XIII secolo a.C, quest&#8217;ultima convoca un guerriero di nome Barak per formare un esercito con le trib\u00f9 di Neftali e Zabulon per sconfiggere l&#8217;esercito cananeo di Sisera, al servizio del re Yabin. Dopo un feroce combattimento, Sis\u00e9ra viene ucciso da un&#8217;altra donna, Ya\u00ebl. E questa vittoria porta alla sconfitta finale del re cananeo Yabin. Debora canta allora un cantico con Barak, un vero e proprio canto di vittoria che suona come un avvertimento per principi e re stranieri che potrebbero rappresentare una minaccia per gli Ebrei.<\/p>\n<p>Attraverso questo racconto biblico emerge l&#8217;immagine di una donna liberata, liberatrice, uguale all&#8217;uomo, e che non esita a cantare con lui. Un altro riferimento al canto femminile \u00e8 anche menzionato nella Bibbia dopo la traversata del Mar Rosso. Mentre le onde si chiudono sull&#8217;esercito del Faraone, salvando gli Ebrei in fuga, gli uomini innalzano un cantico al Signore (<em>Chirat hayam<\/em>), poi Myriam, la sorella di Mos\u00e8, e tutte le donne ballano e cantano al suono del tamburello dopo che le acque del Mar Rosso hanno inghiottito gli egiziani (Esodo, XV, 20-21). In quel momento uomini e donne sono simbolicamente uniti dal canto.<\/p>\n<p>Questi riferimenti biblici non hanno impedito alle autorit\u00e0 rabbiniche di decretare secoli dopo come impuro il canto della donna. La voce esprimendo la nudit\u00e0, l&#8217;halakha stabilisce che una donna non deve cantare in presenza di uomini, per non distrarli dalla preghiera e dai loro studi.<\/p>\n<p>Ecco perch\u00e9, per molto tempo, le canzoni domestiche sono state appannaggio delle donne. Erano ninne nanne, canti di nozze, canti di lutto o di lamento, tutti gli eventi che scandiscono il ciclo della vita. Mentre il repertorio maschile \u00e8 generalmente dedicato al ciclo liturgico dell&#8217;anno, quello femminile \u00e8 pi\u00f9 legato alla vita quotidiana ed alle preoccupazioni materiali. I canti sono spesso in vernacolo (arabo, yiddish, giudeo-spagnolo, yemenita, ecc.). La madre culla il bambino, sperando in un futuro radioso (<em>Durme querido hijico<\/em>). A volte lamenta l&#8217;assenza del marito infedele. In alcune canzoni giudeo-spagnole \u00e8 la moglie ad essere infedele. La madre d\u00e0 anche preziosi consigli alla figlia che sta per sposarsi. La suocera rimprovera la nuora per averle rubato il figlio. Infine, in alcune comunit\u00e0 ebraiche tradizionali esistono ancora dei luttofili \u201cprofessionisti\u201d,\u00a0<\/p>\n<p>Tuttavia, ci sono state eccezioni a questa regola. Si parla di donne musiciste ebree nella Spagna medievale <span class=\"footnote_referrer\"><a role=\"button\" tabindex=\"0\" onclick=\"footnote_moveToReference_89486_1('footnote_plugin_reference_89486_1_1');\" onkeypress=\"footnote_moveToReference_89486_1('footnote_plugin_reference_89486_1_1');\" ><sup id=\"footnote_plugin_tooltip_89486_1_1\" class=\"footnote_plugin_tooltip_text\">[1]<\/sup><\/a><span id=\"footnote_plugin_tooltip_text_89486_1_1\" class=\"footnote_tooltip\">si veda la tesi di Master di Judith Cohen, <em>Le R\u00f4le des Femmes-Musiciennes dans l&#8217;Espagne M\u00e9di\u00e9vale dans les Communaut\u00e9s Chr\u00e9tienne, Juive et Musulmane<\/em>, Universit\u00e9 de Montr\u00e9al, 1980.<\/span><\/span><script type=\"text\/javascript\"> jQuery('#footnote_plugin_tooltip_89486_1_1').tooltip({ tip: '#footnote_plugin_tooltip_text_89486_1_1', tipClass: 'footnote_tooltip', effect: 'fade', predelay: 0, fadeInSpeed: 200, delay: 400, fadeOutSpeed: 200, position: 'top center', relative: true, offset: [-7, 0], });<\/script>. Nel mondo ashkenazita, varie fonti dal XV al XVII secolo riportano lamentele per il canto delle donne in pubblico. Nel mondo arabo all&#8217;inizio del XX secolo, poich\u00e9 il canto era vietato alle donne musulmane, le pi\u00f9 grandi cantanti erano spesso ebree, come Leyla Sfez, Zohra al Fassiya, Louisa Tounisia, Fritna Darmon e la famosa Hbiba Msika, una donna libera che controllava il proprio destino ed era adorata non solo dalla popolazione tunisina ma anche da tutta Parigi.<\/p>\n<p>In Europa occidentale, la nascita della <em>Haskala<\/em> (il movimento illuminista ebraico) a met\u00e0 del XVIII secolo ha portato a riforme all&#8217;interno dell&#8217;ebraismo normativo. Alcune donne hanno potuto accedere ad un&#8217;istruzione basata sulla cultura occidentale. Tuttavia, essere una donna ebrea nel XIX secolo rappresentava un duplice ostacolo per le musiciste e le compositrici, che dovevano affrontare l&#8217;antisemitismo circostante ed una rigida divisione dei ruoli tra uomini e donne. Il loro compito principale era quello di occuparsi dei figli, della casa e del marito. Ma alcune donne hanno superato queste visioni arcaiche e hanno seguito le loro passioni fino al limite. Fanny Mendelssohn-Hensel, nata nel 1805 e sorella del compositore Felix Mendelssohn, ne \u00e8 un esempio perfetto. Pur avendo un grande talento musicale, dovette prepararsi, in seguito agli avvertimenti del padre Abraham Mendelssohn, al suo futuro ruolo di moglie modello e rinunciare ai suoi \u201cfronzoli\u201d, che l&#8217;avrebbero ostacolata nel duro e continuo lavoro di casalinga. Questo la fece infuriare. Per\u00f2 il marito, Wilhelm Hensel, riconobbe il suo potenziale creativo e le permise di fare ci\u00f2 che voleva. Per il suo 29\u00b0 compleanno, cre\u00f2 per lei un dipinto in cui Fanny rappresentava Myriam con un tamburello in mano, simbolo dell&#8217;accettazione della sua arte.<\/p>\n<p>Oggi il canto delle donne si esprime in molti modi a seconda del grado di religiosit\u00e0. Negli ambienti ortodossi, il canto della donna rimane rigorosamente inquadrato dall&#8217;<em>Halakha<\/em>. Tra i tradizionalisti, le donne mescolano le loro voci a quelle degli uomini, ma ognuno occupa un posto a s\u00e9 stante nella sinagoga. Tra i liberali, le donne cantano liberamente, sedute accanto agli uomini alcuni delle quali ricoprono la posizione di <em>hazzanit <\/em>(femminile di <em>hazzan <\/em>che significa il cantore). Infine, tra gli ebrei non religiosi che rimangono comunque attaccati alla propria identit\u00e0 ebraica, il canto \u00e8 diventato un identificatore ad alto contenuto simbolico, il che spiega il rinnovato interesse per le canzoni yiddish, giudeo-spagnole od arabe eseguite da interpreti di entrambi i sessi.<\/p>\n<p><a href=\"https:\/\/www.iemj.org\/le-chant-judeo-espagnol-des-femmes-du-maroc\/\" target=\"_blank\" rel=\"noopener\">Ascoltare il programma radiofonico : Il canto giudeo-spagnolo delle donne del Marocco (in francese)<\/a><br \/><a href=\"https:\/\/www.iemj.org\/it\/maayan-de-landalousie-a-lorient-le-chant-des-femmes-sepharades\/\" target=\"_blank\" rel=\"noopener\">Per saperne di pi\u00f9 sul CD di Na\u00efma Chemoul (Maayan) : Dall\u2019Andalusia all\u2019Oriente\u2026 Il canto delle donne sefardite<\/a><\/p>\n<p><img fetchpriority=\"high\" decoding=\"async\" class=\" aligncenter size-full wp-image-9539\" src=\"https:\/\/www.iemj.org\/wp-content\/uploads\/2016\/03\/doc_femmes_et_musiques_juives500.jpg\" alt=\"doc_femmes_et_musiques_juives500.jpg\" width=\"500\" height=\"330\" align=\"middle\" \/><\/p>\n\n<div class=\"wp-block-image\">\n<figure class=\"aligncenter size-large\"><img decoding=\"async\" width=\"1024\" height=\"133\" src=\"https:\/\/www.iemj.org\/wp-content\/uploads\/2024\/03\/AUDIO-PLAYER-1024x133.png\" alt=\"\" class=\"wp-image-110609\" srcset=\"https:\/\/www.iemj.org\/wp-content\/uploads\/2024\/03\/AUDIO-PLAYER-1024x133.png 1024w, https:\/\/www.iemj.org\/wp-content\/uploads\/2024\/03\/AUDIO-PLAYER-300x39.png 300w, https:\/\/www.iemj.org\/wp-content\/uploads\/2024\/03\/AUDIO-PLAYER-768x100.png 768w, https:\/\/www.iemj.org\/wp-content\/uploads\/2024\/03\/AUDIO-PLAYER-600x78.png 600w, https:\/\/www.iemj.org\/wp-content\/uploads\/2024\/03\/AUDIO-PLAYER.png 1210w\" sizes=\"(max-width: 1024px) 100vw, 1024px\" \/><\/figure>\n<\/div>\n\n\n<h2 class=\"wp-block-heading\"><\/h2>\n\n\n\n<div class=\"wp-block-file\"><a id=\"wp-block-file--media-43d581a7-00f2-4dec-947c-f8f6a7c1e372\" href=\"https:\/\/www.iemj.org\/wp-content\/uploads\/2016\/02\/a_meinsele_-_sarah_gorby.mp3\">A Meinsele &#8211; Sarah GORBY<\/a><\/div>\n\n\n\n<div class=\"wp-block-file\"><a id=\"wp-block-file--media-917a7bad-1fa3-46be-b5a6-8f06dc64a7a5\" href=\"https:\/\/www.iemj.org\/wp-content\/uploads\/2016\/02\/be_gani_neta_atikha_-_chava_alberstein.mp3\">Be gani neta atikha &#8211; Chava ALBERSTEIN<\/a><\/div>\n\n\n\n<div class=\"wp-block-file\"><a id=\"wp-block-file--media-e96e92db-88af-4d64-9e1f-e3587e15ae27\" href=\"https:\/\/www.iemj.org\/wp-content\/uploads\/2016\/02\/die_mame_is_gegangen_-_talila.mp3\">Die mame is gegangen &#8211; TALILA<\/a><\/div>\n\n\n\n<div class=\"wp-block-file\"><a id=\"wp-block-file--media-a7edef16-de9f-4d89-ac57-bc0da6171e02\" href=\"https:\/\/www.iemj.org\/wp-content\/uploads\/2016\/02\/djesmifani_-_line_monty.mp3\">Djesmifani &#8211; Line MONTY<\/a><\/div>\n\n\n\n<div class=\"wp-block-file\"><a id=\"wp-block-file--media-5b29c1ac-71c9-4282-88f9-887579643634\" href=\"https:\/\/www.iemj.org\/wp-content\/uploads\/2016\/02\/dodim_doday_-_rika_zarai.mp3\">Dodim Doday &#8211; Rika ZARAI<\/a><\/div>\n\n\n\n<div class=\"wp-block-file\"><a id=\"wp-block-file--media-d1128e75-7934-43a4-b7fb-a58c33376b1b\" href=\"https:\/\/www.iemj.org\/wp-content\/uploads\/2016\/02\/hayo_hayu_ey_paam_bachurim_-_shoshana_damari.mp3\">Hayo hayu ey paam bachurim &#8211; Shoshana DAMARI<\/a><\/div>\n\n\n\n<div class=\"wp-block-file\"><a id=\"wp-block-file--media-d7896112-5a34-4251-b539-148d1cbe54ec\" href=\"https:\/\/www.iemj.org\/wp-content\/uploads\/2016\/02\/interdit_par_la_loi_-_esther_galil.mp3\">Interdit par la loi &#8211; Esther GALIL<\/a><\/div>\n\n\n\n<div class=\"wp-block-file\"><a id=\"wp-block-file--media-f58961a2-b405-4517-a3a3-0a582a8c716c\" href=\"https:\/\/www.iemj.org\/wp-content\/uploads\/2016\/02\/itzikl_-_leiele_fisher.mp3\">Itzikl &#8211; Lei\u00e9l\u00e9 FISHER<\/a><\/div>\n\n\n\n<div class=\"wp-block-file\"><a id=\"wp-block-file--media-c286e207-c1c8-43c0-a724-241bd5d9838f\" href=\"https:\/\/www.iemj.org\/wp-content\/uploads\/2016\/02\/mi_nuera_-_keren_esther.mp3\">Mi nuera &#8211; Keren ESTHER<\/a><\/div>\n\n\n\n<div class=\"wp-block-file\"><a id=\"wp-block-file--media-76a30070-0036-4121-a6e8-3c05280279e8\" href=\"https:\/\/www.iemj.org\/wp-content\/uploads\/2016\/02\/one_more_day_-_yardena_arazi.mp3\">One more day &#8211; Yardena ARAZI<\/a><\/div>\n\n\n\n<div class=\"wp-block-file\"><a id=\"wp-block-file--media-0582d3dc-b2f9-4a8a-ba92-007ebf4ce16e\" href=\"https:\/\/www.iemj.org\/wp-content\/uploads\/2016\/02\/shir_al_eyts_-_yaffa_yarkoni.mp3\">Shir al eyts &#8211; Yaffa YARKONI<\/a><\/div>\n\n\n\n<div class=\"wp-block-file\"><a id=\"wp-block-file--media-ea00e86e-8258-420e-a8fe-b655d536a2fd\" href=\"https:\/\/www.iemj.org\/wp-content\/uploads\/2016\/02\/shpilt_klezmorim_-_ruth_maimon.mp3\">Shpilt klezmorim &#8211; Ruth MAIMON<\/a><\/div>\n<div class=\"speaker-mute footnotes_reference_container\"> <div class=\"footnote_container_prepare\"><p><span role=\"button\" tabindex=\"0\" class=\"footnote_reference_container_label pointer\" onclick=\"footnote_expand_collapse_reference_container_89486_1();\">&#x202F;<\/span><span role=\"button\" tabindex=\"0\" class=\"footnote_reference_container_collapse_button\" style=\"display: none;\" onclick=\"footnote_expand_collapse_reference_container_89486_1();\">[<a id=\"footnote_reference_container_collapse_button_89486_1\">+<\/a>]<\/span><\/p><\/div> <div id=\"footnote_references_container_89486_1\" style=\"\"><table class=\"footnotes_table footnote-reference-container\"><caption class=\"accessibility\">References<\/caption> <tbody> \r\n\r\n<tr class=\"footnotes_plugin_reference_row\"> <th scope=\"row\" class=\"footnote_plugin_index_combi pointer\"  onclick=\"footnote_moveToAnchor_89486_1('footnote_plugin_tooltip_89486_1_1');\"><a id=\"footnote_plugin_reference_89486_1_1\" class=\"footnote_backlink\">1<\/a><\/th> <td class=\"footnote_plugin_text\">si veda la tesi di Master di Judith Cohen, <em>Le R\u00f4le des Femmes-Musiciennes dans l&#8217;Espagne M\u00e9di\u00e9vale dans les Communaut\u00e9s Chr\u00e9tienne, Juive et Musulmane<\/em>, Universit\u00e9 de Montr\u00e9al, 1980.<\/td><\/tr>\r\n\r\n <\/tbody> <\/table> <\/div><\/div><script type=\"text\/javascript\"> function footnote_expand_reference_container_89486_1() { jQuery('#footnote_references_container_89486_1').show(); jQuery('#footnote_reference_container_collapse_button_89486_1').text('\u2212'); } function footnote_collapse_reference_container_89486_1() { jQuery('#footnote_references_container_89486_1').hide(); jQuery('#footnote_reference_container_collapse_button_89486_1').text('+'); } function footnote_expand_collapse_reference_container_89486_1() { if (jQuery('#footnote_references_container_89486_1').is(':hidden')) { footnote_expand_reference_container_89486_1(); } else { footnote_collapse_reference_container_89486_1(); } } function footnote_moveToReference_89486_1(p_str_TargetID) { footnote_expand_reference_container_89486_1(); var l_obj_Target = jQuery('#' + p_str_TargetID); if (l_obj_Target.length) { jQuery( 'html, body' ).delay( 0 ); jQuery('html, body').animate({ scrollTop: l_obj_Target.offset().top - window.innerHeight * 0.2 }, 380); } } function footnote_moveToAnchor_89486_1(p_str_TargetID) { footnote_expand_reference_container_89486_1(); var l_obj_Target = jQuery('#' + p_str_TargetID); if (l_obj_Target.length) { jQuery( 'html, body' ).delay( 0 ); jQuery('html, body').animate({ scrollTop: l_obj_Target.offset().top - window.innerHeight * 0.2 }, 380); } }<\/script>","protected":false},"excerpt":{"rendered":"","protected":false},"author":1052,"featured_media":89487,"comment_status":"closed","ping_status":"open","sticky":false,"template":"","format":"standard","meta":{"_acf_changed":false,"footnotes":""},"categories":[1536],"tags":[],"technique":[],"squelettes":[],"sujet":[],"formation":[],"genre":[],"fonds":[],"tradition":[],"type-de-contenu":[],"interprete-compositeur":[],"frise":[],"type-devenement":[],"tableaux-liens-externes":[],"class_list":["post-89486","post","type-post","status-publish","format-standard","has-post-thumbnail","hentry","category-playlist-it"],"acf":[],"yoast_head":"<!-- This site is optimized with the Yoast SEO plugin v27.3 - https:\/\/yoast.com\/product\/yoast-seo-wordpress\/ -->\n<title>Il canto delle donne nella tradizione ebraica - Institut Europ\u00e9en des Musiques Juives<\/title>\n<meta name=\"robots\" content=\"index, follow, max-snippet:-1, max-image-preview:large, max-video-preview:-1\" \/>\n<link rel=\"canonical\" href=\"https:\/\/www.iemj.org\/it\/le-chant-des-femmes-dans-la-tradition-juive\/\" \/>\n<meta property=\"og:locale\" content=\"it_IT\" \/>\n<meta property=\"og:type\" content=\"article\" \/>\n<meta property=\"og:title\" content=\"Il canto delle donne nella tradizione ebraica - Institut Europ\u00e9en des Musiques Juives\" \/>\n<meta property=\"og:url\" content=\"https:\/\/www.iemj.org\/it\/le-chant-des-femmes-dans-la-tradition-juive\/\" \/>\n<meta property=\"og:site_name\" content=\"Institut Europ\u00e9en des Musiques Juives\" \/>\n<meta property=\"article:publisher\" content=\"https:\/\/www.facebook.com\/MusiquesJuives\/\" \/>\n<meta property=\"article:published_time\" content=\"2016-03-07T16:33:00+00:00\" \/>\n<meta property=\"article:modified_time\" content=\"2025-04-27T18:18:43+00:00\" \/>\n<meta property=\"og:image\" content=\"https:\/\/www.iemj.org\/wp-content\/uploads\/2016\/03\/arton1503.jpg\" \/>\n\t<meta property=\"og:image:width\" content=\"500\" \/>\n\t<meta property=\"og:image:height\" content=\"522\" \/>\n\t<meta property=\"og:image:type\" content=\"image\/jpeg\" \/>\n<meta name=\"author\" content=\"Lea Couderc\" \/>\n<meta name=\"twitter:card\" content=\"summary_large_image\" \/>\n<meta name=\"twitter:label1\" content=\"Scritto da\" \/>\n\t<meta name=\"twitter:data1\" content=\"Lea Couderc\" \/>\n\t<meta name=\"twitter:label2\" content=\"Tempo di lettura stimato\" \/>\n\t<meta name=\"twitter:data2\" content=\"6 minuti\" \/>\n<script type=\"application\/ld+json\" class=\"yoast-schema-graph\">{\"@context\":\"https:\\\/\\\/schema.org\",\"@graph\":[{\"@type\":\"Article\",\"@id\":\"https:\\\/\\\/www.iemj.org\\\/it\\\/le-chant-des-femmes-dans-la-tradition-juive\\\/#article\",\"isPartOf\":{\"@id\":\"https:\\\/\\\/www.iemj.org\\\/it\\\/le-chant-des-femmes-dans-la-tradition-juive\\\/\"},\"author\":{\"name\":\"Lea Couderc\",\"@id\":\"https:\\\/\\\/www.iemj.org\\\/it\\\/#\\\/schema\\\/person\\\/e2ad57f2c4be119c7ed8ab79036807a9\"},\"headline\":\"Il canto delle donne nella tradizione ebraica\",\"datePublished\":\"2016-03-07T16:33:00+00:00\",\"dateModified\":\"2025-04-27T18:18:43+00:00\",\"mainEntityOfPage\":{\"@id\":\"https:\\\/\\\/www.iemj.org\\\/it\\\/le-chant-des-femmes-dans-la-tradition-juive\\\/\"},\"wordCount\":1017,\"publisher\":{\"@id\":\"https:\\\/\\\/www.iemj.org\\\/it\\\/#organization\"},\"image\":{\"@id\":\"https:\\\/\\\/www.iemj.org\\\/it\\\/le-chant-des-femmes-dans-la-tradition-juive\\\/#primaryimage\"},\"thumbnailUrl\":\"https:\\\/\\\/www.iemj.org\\\/wp-content\\\/uploads\\\/2016\\\/03\\\/arton1503.jpg\",\"articleSection\":[\"Playlist\"],\"inLanguage\":\"it-IT\"},{\"@type\":\"WebPage\",\"@id\":\"https:\\\/\\\/www.iemj.org\\\/it\\\/le-chant-des-femmes-dans-la-tradition-juive\\\/\",\"url\":\"https:\\\/\\\/www.iemj.org\\\/it\\\/le-chant-des-femmes-dans-la-tradition-juive\\\/\",\"name\":\"Il canto delle donne nella tradizione ebraica - Institut Europ\u00e9en des Musiques Juives\",\"isPartOf\":{\"@id\":\"https:\\\/\\\/www.iemj.org\\\/it\\\/#website\"},\"primaryImageOfPage\":{\"@id\":\"https:\\\/\\\/www.iemj.org\\\/it\\\/le-chant-des-femmes-dans-la-tradition-juive\\\/#primaryimage\"},\"image\":{\"@id\":\"https:\\\/\\\/www.iemj.org\\\/it\\\/le-chant-des-femmes-dans-la-tradition-juive\\\/#primaryimage\"},\"thumbnailUrl\":\"https:\\\/\\\/www.iemj.org\\\/wp-content\\\/uploads\\\/2016\\\/03\\\/arton1503.jpg\",\"datePublished\":\"2016-03-07T16:33:00+00:00\",\"dateModified\":\"2025-04-27T18:18:43+00:00\",\"breadcrumb\":{\"@id\":\"https:\\\/\\\/www.iemj.org\\\/it\\\/le-chant-des-femmes-dans-la-tradition-juive\\\/#breadcrumb\"},\"inLanguage\":\"it-IT\",\"potentialAction\":[{\"@type\":\"ReadAction\",\"target\":[\"https:\\\/\\\/www.iemj.org\\\/it\\\/le-chant-des-femmes-dans-la-tradition-juive\\\/\"]}]},{\"@type\":\"ImageObject\",\"inLanguage\":\"it-IT\",\"@id\":\"https:\\\/\\\/www.iemj.org\\\/it\\\/le-chant-des-femmes-dans-la-tradition-juive\\\/#primaryimage\",\"url\":\"https:\\\/\\\/www.iemj.org\\\/wp-content\\\/uploads\\\/2016\\\/03\\\/arton1503.jpg\",\"contentUrl\":\"https:\\\/\\\/www.iemj.org\\\/wp-content\\\/uploads\\\/2016\\\/03\\\/arton1503.jpg\",\"width\":500,\"height\":522},{\"@type\":\"BreadcrumbList\",\"@id\":\"https:\\\/\\\/www.iemj.org\\\/it\\\/le-chant-des-femmes-dans-la-tradition-juive\\\/#breadcrumb\",\"itemListElement\":[{\"@type\":\"ListItem\",\"position\":1,\"name\":\"Accueil\",\"item\":\"https:\\\/\\\/www.iemj.org\\\/it\\\/\"},{\"@type\":\"ListItem\",\"position\":2,\"name\":\"Il canto delle donne nella tradizione ebraica\"}]},{\"@type\":\"WebSite\",\"@id\":\"https:\\\/\\\/www.iemj.org\\\/it\\\/#website\",\"url\":\"https:\\\/\\\/www.iemj.org\\\/it\\\/\",\"name\":\"Institut Europ\u00e9en des Musiques Juives\",\"description\":\"Des traditions musicales \u00e0 la port\u00e9e de tous\",\"publisher\":{\"@id\":\"https:\\\/\\\/www.iemj.org\\\/it\\\/#organization\"},\"potentialAction\":[{\"@type\":\"SearchAction\",\"target\":{\"@type\":\"EntryPoint\",\"urlTemplate\":\"https:\\\/\\\/www.iemj.org\\\/it\\\/?s={search_term_string}\"},\"query-input\":{\"@type\":\"PropertyValueSpecification\",\"valueRequired\":true,\"valueName\":\"search_term_string\"}}],\"inLanguage\":\"it-IT\"},{\"@type\":\"Organization\",\"@id\":\"https:\\\/\\\/www.iemj.org\\\/it\\\/#organization\",\"name\":\"Institut Europ\u00e9en des Musiques Juives\",\"url\":\"https:\\\/\\\/www.iemj.org\\\/it\\\/\",\"logo\":{\"@type\":\"ImageObject\",\"inLanguage\":\"it-IT\",\"@id\":\"https:\\\/\\\/www.iemj.org\\\/it\\\/#\\\/schema\\\/logo\\\/image\\\/\",\"url\":\"https:\\\/\\\/www.iemj.org\\\/wp-content\\\/uploads\\\/2021\\\/09\\\/Logo-IEMJ-Paypal.jpg\",\"contentUrl\":\"https:\\\/\\\/www.iemj.org\\\/wp-content\\\/uploads\\\/2021\\\/09\\\/Logo-IEMJ-Paypal.jpg\",\"width\":150,\"height\":50,\"caption\":\"Institut Europ\u00e9en des Musiques Juives\"},\"image\":{\"@id\":\"https:\\\/\\\/www.iemj.org\\\/it\\\/#\\\/schema\\\/logo\\\/image\\\/\"},\"sameAs\":[\"https:\\\/\\\/www.facebook.com\\\/MusiquesJuives\\\/\",\"https:\\\/\\\/www.instagram.com\\\/musiquesjuives\\\/\",\"https:\\\/\\\/www.youtube.com\\\/user\\\/musiquesjuives\"]},{\"@type\":\"Person\",\"@id\":\"https:\\\/\\\/www.iemj.org\\\/it\\\/#\\\/schema\\\/person\\\/e2ad57f2c4be119c7ed8ab79036807a9\",\"name\":\"Lea Couderc\",\"image\":{\"@type\":\"ImageObject\",\"inLanguage\":\"it-IT\",\"@id\":\"https:\\\/\\\/secure.gravatar.com\\\/avatar\\\/46ee021475d60aeff17a7e490b79dea5a5684bb392ab7fd1494027411df8ba23?s=96&d=mm&r=g\",\"url\":\"https:\\\/\\\/secure.gravatar.com\\\/avatar\\\/46ee021475d60aeff17a7e490b79dea5a5684bb392ab7fd1494027411df8ba23?s=96&d=mm&r=g\",\"contentUrl\":\"https:\\\/\\\/secure.gravatar.com\\\/avatar\\\/46ee021475d60aeff17a7e490b79dea5a5684bb392ab7fd1494027411df8ba23?s=96&d=mm&r=g\",\"caption\":\"Lea Couderc\"}}]}<\/script>\n<!-- \/ Yoast SEO plugin. -->","yoast_head_json":{"title":"Il canto delle donne nella tradizione ebraica - Institut Europ\u00e9en des Musiques Juives","robots":{"index":"index","follow":"follow","max-snippet":"max-snippet:-1","max-image-preview":"max-image-preview:large","max-video-preview":"max-video-preview:-1"},"canonical":"https:\/\/www.iemj.org\/it\/le-chant-des-femmes-dans-la-tradition-juive\/","og_locale":"it_IT","og_type":"article","og_title":"Il canto delle donne nella tradizione ebraica - Institut Europ\u00e9en des Musiques Juives","og_url":"https:\/\/www.iemj.org\/it\/le-chant-des-femmes-dans-la-tradition-juive\/","og_site_name":"Institut Europ\u00e9en des Musiques Juives","article_publisher":"https:\/\/www.facebook.com\/MusiquesJuives\/","article_published_time":"2016-03-07T16:33:00+00:00","article_modified_time":"2025-04-27T18:18:43+00:00","og_image":[{"width":500,"height":522,"url":"https:\/\/www.iemj.org\/wp-content\/uploads\/2016\/03\/arton1503.jpg","type":"image\/jpeg"}],"author":"Lea Couderc","twitter_card":"summary_large_image","twitter_misc":{"Scritto da":"Lea Couderc","Tempo di lettura stimato":"6 minuti"},"schema":{"@context":"https:\/\/schema.org","@graph":[{"@type":"Article","@id":"https:\/\/www.iemj.org\/it\/le-chant-des-femmes-dans-la-tradition-juive\/#article","isPartOf":{"@id":"https:\/\/www.iemj.org\/it\/le-chant-des-femmes-dans-la-tradition-juive\/"},"author":{"name":"Lea Couderc","@id":"https:\/\/www.iemj.org\/it\/#\/schema\/person\/e2ad57f2c4be119c7ed8ab79036807a9"},"headline":"Il canto delle donne nella tradizione ebraica","datePublished":"2016-03-07T16:33:00+00:00","dateModified":"2025-04-27T18:18:43+00:00","mainEntityOfPage":{"@id":"https:\/\/www.iemj.org\/it\/le-chant-des-femmes-dans-la-tradition-juive\/"},"wordCount":1017,"publisher":{"@id":"https:\/\/www.iemj.org\/it\/#organization"},"image":{"@id":"https:\/\/www.iemj.org\/it\/le-chant-des-femmes-dans-la-tradition-juive\/#primaryimage"},"thumbnailUrl":"https:\/\/www.iemj.org\/wp-content\/uploads\/2016\/03\/arton1503.jpg","articleSection":["Playlist"],"inLanguage":"it-IT"},{"@type":"WebPage","@id":"https:\/\/www.iemj.org\/it\/le-chant-des-femmes-dans-la-tradition-juive\/","url":"https:\/\/www.iemj.org\/it\/le-chant-des-femmes-dans-la-tradition-juive\/","name":"Il canto delle donne nella tradizione ebraica - Institut Europ\u00e9en des Musiques Juives","isPartOf":{"@id":"https:\/\/www.iemj.org\/it\/#website"},"primaryImageOfPage":{"@id":"https:\/\/www.iemj.org\/it\/le-chant-des-femmes-dans-la-tradition-juive\/#primaryimage"},"image":{"@id":"https:\/\/www.iemj.org\/it\/le-chant-des-femmes-dans-la-tradition-juive\/#primaryimage"},"thumbnailUrl":"https:\/\/www.iemj.org\/wp-content\/uploads\/2016\/03\/arton1503.jpg","datePublished":"2016-03-07T16:33:00+00:00","dateModified":"2025-04-27T18:18:43+00:00","breadcrumb":{"@id":"https:\/\/www.iemj.org\/it\/le-chant-des-femmes-dans-la-tradition-juive\/#breadcrumb"},"inLanguage":"it-IT","potentialAction":[{"@type":"ReadAction","target":["https:\/\/www.iemj.org\/it\/le-chant-des-femmes-dans-la-tradition-juive\/"]}]},{"@type":"ImageObject","inLanguage":"it-IT","@id":"https:\/\/www.iemj.org\/it\/le-chant-des-femmes-dans-la-tradition-juive\/#primaryimage","url":"https:\/\/www.iemj.org\/wp-content\/uploads\/2016\/03\/arton1503.jpg","contentUrl":"https:\/\/www.iemj.org\/wp-content\/uploads\/2016\/03\/arton1503.jpg","width":500,"height":522},{"@type":"BreadcrumbList","@id":"https:\/\/www.iemj.org\/it\/le-chant-des-femmes-dans-la-tradition-juive\/#breadcrumb","itemListElement":[{"@type":"ListItem","position":1,"name":"Accueil","item":"https:\/\/www.iemj.org\/it\/"},{"@type":"ListItem","position":2,"name":"Il canto delle donne nella tradizione ebraica"}]},{"@type":"WebSite","@id":"https:\/\/www.iemj.org\/it\/#website","url":"https:\/\/www.iemj.org\/it\/","name":"Institut Europ\u00e9en des Musiques Juives","description":"Des traditions musicales \u00e0 la port\u00e9e de tous","publisher":{"@id":"https:\/\/www.iemj.org\/it\/#organization"},"potentialAction":[{"@type":"SearchAction","target":{"@type":"EntryPoint","urlTemplate":"https:\/\/www.iemj.org\/it\/?s={search_term_string}"},"query-input":{"@type":"PropertyValueSpecification","valueRequired":true,"valueName":"search_term_string"}}],"inLanguage":"it-IT"},{"@type":"Organization","@id":"https:\/\/www.iemj.org\/it\/#organization","name":"Institut Europ\u00e9en des Musiques Juives","url":"https:\/\/www.iemj.org\/it\/","logo":{"@type":"ImageObject","inLanguage":"it-IT","@id":"https:\/\/www.iemj.org\/it\/#\/schema\/logo\/image\/","url":"https:\/\/www.iemj.org\/wp-content\/uploads\/2021\/09\/Logo-IEMJ-Paypal.jpg","contentUrl":"https:\/\/www.iemj.org\/wp-content\/uploads\/2021\/09\/Logo-IEMJ-Paypal.jpg","width":150,"height":50,"caption":"Institut Europ\u00e9en des Musiques Juives"},"image":{"@id":"https:\/\/www.iemj.org\/it\/#\/schema\/logo\/image\/"},"sameAs":["https:\/\/www.facebook.com\/MusiquesJuives\/","https:\/\/www.instagram.com\/musiquesjuives\/","https:\/\/www.youtube.com\/user\/musiquesjuives"]},{"@type":"Person","@id":"https:\/\/www.iemj.org\/it\/#\/schema\/person\/e2ad57f2c4be119c7ed8ab79036807a9","name":"Lea Couderc","image":{"@type":"ImageObject","inLanguage":"it-IT","@id":"https:\/\/secure.gravatar.com\/avatar\/46ee021475d60aeff17a7e490b79dea5a5684bb392ab7fd1494027411df8ba23?s=96&d=mm&r=g","url":"https:\/\/secure.gravatar.com\/avatar\/46ee021475d60aeff17a7e490b79dea5a5684bb392ab7fd1494027411df8ba23?s=96&d=mm&r=g","contentUrl":"https:\/\/secure.gravatar.com\/avatar\/46ee021475d60aeff17a7e490b79dea5a5684bb392ab7fd1494027411df8ba23?s=96&d=mm&r=g","caption":"Lea Couderc"}}]}},"_links":{"self":[{"href":"https:\/\/www.iemj.org\/it\/wp-json\/wp\/v2\/posts\/89486","targetHints":{"allow":["GET"]}}],"collection":[{"href":"https:\/\/www.iemj.org\/it\/wp-json\/wp\/v2\/posts"}],"about":[{"href":"https:\/\/www.iemj.org\/it\/wp-json\/wp\/v2\/types\/post"}],"author":[{"embeddable":true,"href":"https:\/\/www.iemj.org\/it\/wp-json\/wp\/v2\/users\/1052"}],"replies":[{"embeddable":true,"href":"https:\/\/www.iemj.org\/it\/wp-json\/wp\/v2\/comments?post=89486"}],"version-history":[{"count":0,"href":"https:\/\/www.iemj.org\/it\/wp-json\/wp\/v2\/posts\/89486\/revisions"}],"wp:featuredmedia":[{"embeddable":true,"href":"https:\/\/www.iemj.org\/it\/wp-json\/wp\/v2\/media\/89487"}],"wp:attachment":[{"href":"https:\/\/www.iemj.org\/it\/wp-json\/wp\/v2\/media?parent=89486"}],"wp:term":[{"taxonomy":"category","embeddable":true,"href":"https:\/\/www.iemj.org\/it\/wp-json\/wp\/v2\/categories?post=89486"},{"taxonomy":"post_tag","embeddable":true,"href":"https:\/\/www.iemj.org\/it\/wp-json\/wp\/v2\/tags?post=89486"},{"taxonomy":"technique","embeddable":true,"href":"https:\/\/www.iemj.org\/it\/wp-json\/wp\/v2\/technique?post=89486"},{"taxonomy":"squelettes","embeddable":true,"href":"https:\/\/www.iemj.org\/it\/wp-json\/wp\/v2\/squelettes?post=89486"},{"taxonomy":"sujet","embeddable":true,"href":"https:\/\/www.iemj.org\/it\/wp-json\/wp\/v2\/sujet?post=89486"},{"taxonomy":"formation","embeddable":true,"href":"https:\/\/www.iemj.org\/it\/wp-json\/wp\/v2\/formation?post=89486"},{"taxonomy":"genre","embeddable":true,"href":"https:\/\/www.iemj.org\/it\/wp-json\/wp\/v2\/genre?post=89486"},{"taxonomy":"fonds","embeddable":true,"href":"https:\/\/www.iemj.org\/it\/wp-json\/wp\/v2\/fonds?post=89486"},{"taxonomy":"tradition","embeddable":true,"href":"https:\/\/www.iemj.org\/it\/wp-json\/wp\/v2\/tradition?post=89486"},{"taxonomy":"type-de-contenu","embeddable":true,"href":"https:\/\/www.iemj.org\/it\/wp-json\/wp\/v2\/type-de-contenu?post=89486"},{"taxonomy":"interprete-compositeur","embeddable":true,"href":"https:\/\/www.iemj.org\/it\/wp-json\/wp\/v2\/interprete-compositeur?post=89486"},{"taxonomy":"frise","embeddable":true,"href":"https:\/\/www.iemj.org\/it\/wp-json\/wp\/v2\/frise?post=89486"},{"taxonomy":"type-devenement","embeddable":true,"href":"https:\/\/www.iemj.org\/it\/wp-json\/wp\/v2\/type-devenement?post=89486"},{"taxonomy":"tableaux-liens-externes","embeddable":true,"href":"https:\/\/www.iemj.org\/it\/wp-json\/wp\/v2\/tableaux-liens-externes?post=89486"}],"curies":[{"name":"wp","href":"https:\/\/api.w.org\/{rel}","templated":true}]}}