{"id":89498,"date":"2017-12-06T11:16:19","date_gmt":"2017-12-06T10:16:19","guid":{"rendered":"https:\/\/www.iemj.org\/le-chant-des-prieres-dans-le-rite-algerois\/"},"modified":"2025-06-19T16:34:33","modified_gmt":"2025-06-19T14:34:33","slug":"le-chant-des-prieres-dans-le-rite-algerois","status":"publish","type":"post","link":"https:\/\/www.iemj.org\/it\/le-chant-des-prieres-dans-le-rite-algerois\/","title":{"rendered":"Il canto delle preghiere nel rito algerino"},"content":{"rendered":"<p><strong>Una selezione di preghiere interpretate da Zabulon Sebban (1911-1983), hazzan dal 1927 al 1961 al Grande Tempio di Algeri<\/strong><\/p>\n<p><!--more--><span style=\"font-size: inherit;\">Durante la sua adolescenza, <\/span><a style=\"font-size: inherit;\" href=\"https:\/\/www.iemj.org\/it\/sebban-zabulon-1911-1983\/\" target=\"_blank\" rel=\"noopener\">Zabulon Sebban<\/a><span style=\"font-size: inherit;\"> frequenta il Seminario Rabbinico \u201cEts Ha\u00efm\u201d ad Algeri, avendo come compagni i futuri grandi Rabbini Meyer Ja\u00efs (Parigi) e Simon Morali (Nancy poi Nizza). Attraverso i suoi maestri (il grande Rabbino Dayan Isaac Hanoune, i grandi Rabbini Loufrani ed Isaac Morali), acquisisce una profonda conoscenza dei testi e un gusto per lo studio.<\/span><\/p>\n<p>Hazzan benevolo dal 1927 al 1961 presso il Grande Tempio di Algeri, poi presso la piccola sinagoga di rue Sainte, eccelle nella liturgia tradizionale. Cantare, condividere ed insegnare allo stesso tempo, questo \u00e8 ci\u00f2 che faceva in particolare, quando esprimeva, attraverso il silenzio od il ritmo, una parola (od anche una sillaba) in una frase, che si rivelava particolarmente importante per una migliore comprensione della preghiera. La sua voce morbida, calda e modulata lascia intravedere le origini delle melodie: Spagna, Portogallo, Marocco, Algeri&#8230;<\/p>\n\n<div class=\"wp-block-image\">\n<figure class=\"aligncenter size-large\"><img fetchpriority=\"high\" decoding=\"async\" width=\"1024\" height=\"133\" src=\"https:\/\/www.iemj.org\/wp-content\/uploads\/2024\/03\/AUDIO-PLAYER-1024x133.png\" alt=\"\" class=\"wp-image-110609\" srcset=\"https:\/\/www.iemj.org\/wp-content\/uploads\/2024\/03\/AUDIO-PLAYER-1024x133.png 1024w, https:\/\/www.iemj.org\/wp-content\/uploads\/2024\/03\/AUDIO-PLAYER-300x39.png 300w, https:\/\/www.iemj.org\/wp-content\/uploads\/2024\/03\/AUDIO-PLAYER-768x100.png 768w, https:\/\/www.iemj.org\/wp-content\/uploads\/2024\/03\/AUDIO-PLAYER-600x78.png 600w, https:\/\/www.iemj.org\/wp-content\/uploads\/2024\/03\/AUDIO-PLAYER.png 1210w\" sizes=\"(max-width: 1024px) 100vw, 1024px\" \/><\/figure>\n<\/div>\n\n\n<h2 class=\"wp-block-heading\"><\/h2>\n\n\n\n<div class=\"wp-block-file\"><a id=\"wp-block-file--media-119a5df5-e68f-4fd9-9ce6-bcb85a85bd2f\" href=\"https:\/\/www.iemj.org\/wp-content\/uploads\/2015\/09\/26._keter_du_moussaf_-_tonalite_solennelle.mp3\">26 K\u00e9ter du Moussaf \u2013 Tonalit\u00e9   solennelle<\/a><\/div>\n\n\n\n<div class=\"wp-block-file\"><a id=\"wp-block-file--media-f346d833-4c89-4075-8fa0-3f42823d8f0c\" href=\"https:\/\/www.iemj.org\/wp-content\/uploads\/2015\/09\/25._keter_du_moussaf_-_tonalite_joyeuse.mp3\">25 K\u00e9ter du Moussaf \u2013 Tonalit\u00e9   joyeuse<\/a><\/div>\n\n\n\n<div class=\"wp-block-file\"><a id=\"wp-block-file--media-46d00163-bd4b-4e6a-81ea-46c5162e656f\" href=\"https:\/\/www.iemj.org\/wp-content\/uploads\/2015\/09\/24._keter_du_moussaf_-_tonalite_orientale.mp3\">24 K\u00e9ter du Moussaf \u2013 Tonalit\u00e9   orientale<\/a><\/div>\n\n\n\n<div class=\"wp-block-file\"><a id=\"wp-block-file--media-b9d4fbfb-d0cd-45c1-b394-38bf56ad071e\" href=\"https:\/\/www.iemj.org\/wp-content\/uploads\/2015\/09\/23._keter_du_moussaf_-_chabbat_et_fetes_-_tonalite_nostalgique.mp3\">23 K\u00e9ter du Moussaf &#8211; Chabbat et   f\u00eates \u2013 Tonalit\u00e9 nostalgique<\/a><\/div>\n\n\n\n<div class=\"wp-block-file\"><a id=\"wp-block-file--media-f6538cff-8655-48ae-bddc-dee6ba52b30d\" href=\"https:\/\/www.iemj.org\/wp-content\/uploads\/2015\/09\/22._benedictions_apres_la_lecture_de_la_haftara.mp3\">22 B\u00e9n\u00e9dictions apr\u00e8s la lecture de   la Haftara<\/a><\/div>\n\n\n\n<div class=\"wp-block-file\"><a id=\"wp-block-file--media-2342a50c-4a71-480f-9398-ac0aa608351b\" href=\"https:\/\/www.iemj.org\/wp-content\/uploads\/2015\/09\/21._benedictions_avant_la_lecture_de_la_haftara.mp3\">21 B\u00e9n\u00e9dictions avant la lecture de la Haftara<\/a><\/div>\n\n\n\n<div class=\"wp-block-file\"><a id=\"wp-block-file--media-7922271e-d5a0-4646-9c73-3d050262b3ce\" href=\"https:\/\/www.iemj.org\/wp-content\/uploads\/2015\/09\/20._les_ta_amim.mp3\">20 Les Ta amim<\/a><\/div>\n\n\n\n<div class=\"wp-block-file\"><a id=\"wp-block-file--media-0989f01f-47df-41dc-9ea1-836d2995436d\" href=\"https:\/\/www.iemj.org\/wp-content\/uploads\/2015\/09\/19._paracha_nasso.mp3\">19 Paracha NASSO<\/a><\/div>\n\n\n\n<div class=\"wp-block-file\"><a id=\"wp-block-file--media-2bf28af2-843a-48a8-8e79-04d19e5fa8ad\" href=\"https:\/\/www.iemj.org\/wp-content\/uploads\/2015\/09\/18._paracha_des_3_fetes_emor.mp3\">18 Paracha des 3 F\u00eates EMOR<\/a><\/div>\n\n\n\n<div class=\"wp-block-file\"><a id=\"wp-block-file--media-a8bdfbfd-1e8e-46a8-a7a0-11157b5a602b\" href=\"https:\/\/www.iemj.org\/wp-content\/uploads\/2015\/09\/17._paracha_michpatim_derniers_versets.mp3\">17 Paracha MICHPATIM_Derniers versets<\/a><\/div>\n\n\n\n<div class=\"wp-block-file\"><a id=\"wp-block-file--media-dc970ee2-16bd-4f5c-b24b-05839e3d8c6f\" href=\"https:\/\/www.iemj.org\/wp-content\/uploads\/2015\/09\/16._paracha_yitro.mp3\">16 Paracha YITRO<\/a><\/div>\n\n\n\n<div class=\"wp-block-file\"><a id=\"wp-block-file--media-c9d35989-1014-46b4-87f0-929447701eb6\" href=\"https:\/\/www.iemj.org\/wp-content\/uploads\/2015\/09\/15._maphtir_paracha_bechalah_suivi_du_debut_de_la_paracha_yitro.mp3\">15 Maphtir Paracha BECHALAH suivi du d\u00e9but de la Paracha YITRO<\/a><\/div>\n\n\n\n<div class=\"wp-block-file\"><a id=\"wp-block-file--media-efb684c9-bfcd-4698-ba04-0ce4d8843cf8\" href=\"https:\/\/www.iemj.org\/wp-content\/uploads\/2015\/09\/14._paracha_bechalah_.mp3\">14 Paracha BECHALAH<\/a><\/div>\n\n\n\n<div class=\"wp-block-file\"><a id=\"wp-block-file--media-d4942ca7-f460-471d-b76b-3106caa6813e\" href=\"https:\/\/www.iemj.org\/wp-content\/uploads\/2015\/09\/13._paracha_vayeh_i.mp3\">13 Paracha VAYEH I<\/a><\/div>\n\n\n\n<div class=\"wp-block-file\"><a id=\"wp-block-file--media-943b6488-ef98-47cf-be72-af446f56069f\" href=\"https:\/\/www.iemj.org\/wp-content\/uploads\/2015\/09\/12._paracha_berechit.mp3\">12 Paracha BERECHIT<\/a><\/div>\n\n\n\n<div class=\"wp-block-file\"><a id=\"wp-block-file--media-e7baca2e-462a-4477-a7e3-17b84383fcab\" href=\"https:\/\/www.iemj.org\/wp-content\/uploads\/2015\/09\/11._torah_tsiva-lanou.mp3\">11 TORAH TSIVA-LANOU<\/a><\/div>\n\n\n\n<div class=\"wp-block-file\"><a id=\"wp-block-file--media-830485fa-443b-4d86-8b66-c0f85fd39f41\" href=\"https:\/\/www.iemj.org\/wp-content\/uploads\/2015\/09\/10._kaddiche.mp3\">10 KADDICHE<\/a><\/div>\n\n\n\n<div class=\"wp-block-file\"><a id=\"wp-block-file--media-5e401800-6c2d-442c-90a9-1291df344795\" href=\"https:\/\/www.iemj.org\/wp-content\/uploads\/2015\/09\/9._birkat_cohanim.mp3\">9 BIRKAT COHANIM<\/a><\/div>\n\n\n\n<div class=\"wp-block-file\"><a id=\"wp-block-file--media-b841c431-d655-455e-be08-a072833d1698\" href=\"https:\/\/www.iemj.org\/wp-content\/uploads\/2015\/09\/8._keddousha_et_amida.mp3\">8 KEDDOUSHA et AMIDA<\/a><\/div>\n\n\n\n<div class=\"wp-block-file\"><a id=\"wp-block-file--media-96a41d45-c4fb-44d9-92f7-11338cb412d4\" href=\"https:\/\/www.iemj.org\/wp-content\/uploads\/2015\/09\/7._barekhou_du_yotser_or.mp3\">7 BAREKHOU du YOTSER OR<\/a><\/div>\n\n\n\n<div class=\"wp-block-file\"><a id=\"wp-block-file--media-5c92fd19-e3ae-4784-a9e3-8bf325a575b1\" href=\"https:\/\/www.iemj.org\/wp-content\/uploads\/2015\/09\/6._kaddiche.mp3\">6 KADDICHE<\/a><\/div>\n\n\n\n<div class=\"wp-block-file\"><a id=\"wp-block-file--media-c10f222a-59a4-494b-903d-38540de6a1fb\" href=\"https:\/\/www.iemj.org\/wp-content\/uploads\/2015\/09\/5._ribon_kol-hama_assim.mp3\">5 RIBON KOL-HAMA ASSIM<\/a><\/div>\n\n\n\n<div class=\"wp-block-file\"><a id=\"wp-block-file--media-79b03cd6-44ed-49ee-baf8-5eb0b0757497\" href=\"https:\/\/www.iemj.org\/wp-content\/uploads\/2015\/09\/4._nichmat_kol_h_ai.mp3\">4 NICHMAT KOL H A\u00cf<\/a><\/div>\n\n\n\n<div class=\"wp-block-file\"><a id=\"wp-block-file--media-ce1e9e49-23b7-4e81-87d8-1121352b13c7\" href=\"https:\/\/www.iemj.org\/wp-content\/uploads\/2015\/09\/3._vayevarekh_david.mp3\">3 VAYEVAREKH DAVID<\/a><\/div>\n\n\n\n<div class=\"wp-block-file\"><a id=\"wp-block-file--media-f3301da0-a118-43bb-a98e-45ef8dc8fb93\" href=\"https:\/\/www.iemj.org\/wp-content\/uploads\/2015\/09\/2._hachem_melekh.mp3\">2 HACHEM MELEKH<\/a><\/div>\n\n\n\n<div class=\"wp-block-file\"><a id=\"wp-block-file--media-53b508ae-6dd4-4d0c-acf9-bd74ccc83cd2\" href=\"https:\/\/www.iemj.org\/wp-content\/uploads\/2015\/09\/1._hachem_melekh.mp3\">1 HACHEM MELEKH<\/a><\/div>\n","protected":false},"excerpt":{"rendered":"<p>Una selezione di preghiere interpretate da Zabulon Sebban (1911-1983), hazzan dal 1927 al 1961 al Grande Tempio di Algeri<\/p>\n","protected":false},"author":1052,"featured_media":89499,"comment_status":"closed","ping_status":"open","sticky":false,"template":"","format":"standard","meta":{"_acf_changed":false,"footnotes":""},"categories":[1536],"tags":[],"technique":[],"squelettes":[],"sujet":[2097,1809],"formation":[],"genre":[1892],"fonds":[],"tradition":[1964],"type-de-contenu":[],"interprete-compositeur":[3315],"frise":[],"type-devenement":[],"tableaux-liens-externes":[],"class_list":["post-89498","post","type-post","status-publish","format-standard","has-post-thumbnail","hentry","category-playlist-it","sujet-accenti-biblici-teamim-it","sujet-parachot-it","genre-liturgia-it","tradition-rito-sefardita-it","interprete-compositeur-zabulon-sebban-it"],"acf":[],"yoast_head":"<!-- This site is optimized with the Yoast SEO plugin v27.3 - https:\/\/yoast.com\/product\/yoast-seo-wordpress\/ -->\n<title>Il canto delle preghiere nel rito algerino - Institut Europ\u00e9en des Musiques Juives<\/title>\n<meta name=\"robots\" content=\"index, follow, max-snippet:-1, max-image-preview:large, max-video-preview:-1\" \/>\n<link rel=\"canonical\" href=\"https:\/\/www.iemj.org\/it\/le-chant-des-prieres-dans-le-rite-algerois\/\" \/>\n<meta property=\"og:locale\" content=\"it_IT\" \/>\n<meta property=\"og:type\" content=\"article\" \/>\n<meta property=\"og:title\" content=\"Il canto delle preghiere nel rito algerino - Institut Europ\u00e9en des Musiques Juives\" \/>\n<meta property=\"og:description\" content=\"Una selezione di preghiere interpretate da Zabulon Sebban (1911-1983), hazzan dal 1927 al 1961 al Grande Tempio di Algeri\" \/>\n<meta property=\"og:url\" content=\"https:\/\/www.iemj.org\/it\/le-chant-des-prieres-dans-le-rite-algerois\/\" \/>\n<meta property=\"og:site_name\" content=\"Institut Europ\u00e9en des Musiques Juives\" \/>\n<meta property=\"article:publisher\" content=\"https:\/\/www.facebook.com\/MusiquesJuives\/\" \/>\n<meta property=\"article:published_time\" content=\"2017-12-06T10:16:19+00:00\" \/>\n<meta property=\"article:modified_time\" content=\"2025-06-19T14:34:33+00:00\" \/>\n<meta property=\"og:image\" content=\"https:\/\/www.iemj.org\/wp-content\/uploads\/2017\/12\/arton2857.jpg\" \/>\n\t<meta property=\"og:image:width\" content=\"341\" \/>\n\t<meta property=\"og:image:height\" content=\"373\" \/>\n\t<meta property=\"og:image:type\" content=\"image\/jpeg\" \/>\n<meta name=\"author\" content=\"Lea Couderc\" \/>\n<meta name=\"twitter:card\" content=\"summary_large_image\" \/>\n<meta name=\"twitter:label1\" content=\"Scritto da\" \/>\n\t<meta name=\"twitter:data1\" content=\"Lea Couderc\" \/>\n\t<meta name=\"twitter:label2\" content=\"Tempo di lettura stimato\" \/>\n\t<meta name=\"twitter:data2\" content=\"2 minuti\" \/>\n<script type=\"application\/ld+json\" class=\"yoast-schema-graph\">{\"@context\":\"https:\\\/\\\/schema.org\",\"@graph\":[{\"@type\":\"Article\",\"@id\":\"https:\\\/\\\/www.iemj.org\\\/it\\\/le-chant-des-prieres-dans-le-rite-algerois\\\/#article\",\"isPartOf\":{\"@id\":\"https:\\\/\\\/www.iemj.org\\\/it\\\/le-chant-des-prieres-dans-le-rite-algerois\\\/\"},\"author\":{\"name\":\"Lea Couderc\",\"@id\":\"https:\\\/\\\/www.iemj.org\\\/it\\\/#\\\/schema\\\/person\\\/e2ad57f2c4be119c7ed8ab79036807a9\"},\"headline\":\"Il canto delle preghiere nel rito algerino\",\"datePublished\":\"2017-12-06T10:16:19+00:00\",\"dateModified\":\"2025-06-19T14:34:33+00:00\",\"mainEntityOfPage\":{\"@id\":\"https:\\\/\\\/www.iemj.org\\\/it\\\/le-chant-des-prieres-dans-le-rite-algerois\\\/\"},\"wordCount\":273,\"publisher\":{\"@id\":\"https:\\\/\\\/www.iemj.org\\\/it\\\/#organization\"},\"image\":{\"@id\":\"https:\\\/\\\/www.iemj.org\\\/it\\\/le-chant-des-prieres-dans-le-rite-algerois\\\/#primaryimage\"},\"thumbnailUrl\":\"https:\\\/\\\/www.iemj.org\\\/wp-content\\\/uploads\\\/2017\\\/12\\\/arton2857.jpg\",\"articleSection\":[\"Playlist\"],\"inLanguage\":\"it-IT\"},{\"@type\":\"WebPage\",\"@id\":\"https:\\\/\\\/www.iemj.org\\\/it\\\/le-chant-des-prieres-dans-le-rite-algerois\\\/\",\"url\":\"https:\\\/\\\/www.iemj.org\\\/it\\\/le-chant-des-prieres-dans-le-rite-algerois\\\/\",\"name\":\"Il canto delle preghiere nel rito algerino - Institut Europ\u00e9en des Musiques Juives\",\"isPartOf\":{\"@id\":\"https:\\\/\\\/www.iemj.org\\\/it\\\/#website\"},\"primaryImageOfPage\":{\"@id\":\"https:\\\/\\\/www.iemj.org\\\/it\\\/le-chant-des-prieres-dans-le-rite-algerois\\\/#primaryimage\"},\"image\":{\"@id\":\"https:\\\/\\\/www.iemj.org\\\/it\\\/le-chant-des-prieres-dans-le-rite-algerois\\\/#primaryimage\"},\"thumbnailUrl\":\"https:\\\/\\\/www.iemj.org\\\/wp-content\\\/uploads\\\/2017\\\/12\\\/arton2857.jpg\",\"datePublished\":\"2017-12-06T10:16:19+00:00\",\"dateModified\":\"2025-06-19T14:34:33+00:00\",\"breadcrumb\":{\"@id\":\"https:\\\/\\\/www.iemj.org\\\/it\\\/le-chant-des-prieres-dans-le-rite-algerois\\\/#breadcrumb\"},\"inLanguage\":\"it-IT\",\"potentialAction\":[{\"@type\":\"ReadAction\",\"target\":[\"https:\\\/\\\/www.iemj.org\\\/it\\\/le-chant-des-prieres-dans-le-rite-algerois\\\/\"]}]},{\"@type\":\"ImageObject\",\"inLanguage\":\"it-IT\",\"@id\":\"https:\\\/\\\/www.iemj.org\\\/it\\\/le-chant-des-prieres-dans-le-rite-algerois\\\/#primaryimage\",\"url\":\"https:\\\/\\\/www.iemj.org\\\/wp-content\\\/uploads\\\/2017\\\/12\\\/arton2857.jpg\",\"contentUrl\":\"https:\\\/\\\/www.iemj.org\\\/wp-content\\\/uploads\\\/2017\\\/12\\\/arton2857.jpg\",\"width\":341,\"height\":373},{\"@type\":\"BreadcrumbList\",\"@id\":\"https:\\\/\\\/www.iemj.org\\\/it\\\/le-chant-des-prieres-dans-le-rite-algerois\\\/#breadcrumb\",\"itemListElement\":[{\"@type\":\"ListItem\",\"position\":1,\"name\":\"Accueil\",\"item\":\"https:\\\/\\\/www.iemj.org\\\/it\\\/\"},{\"@type\":\"ListItem\",\"position\":2,\"name\":\"Il canto delle preghiere nel rito algerino\"}]},{\"@type\":\"WebSite\",\"@id\":\"https:\\\/\\\/www.iemj.org\\\/it\\\/#website\",\"url\":\"https:\\\/\\\/www.iemj.org\\\/it\\\/\",\"name\":\"Institut Europ\u00e9en des Musiques Juives\",\"description\":\"Des traditions musicales \u00e0 la port\u00e9e de tous\",\"publisher\":{\"@id\":\"https:\\\/\\\/www.iemj.org\\\/it\\\/#organization\"},\"potentialAction\":[{\"@type\":\"SearchAction\",\"target\":{\"@type\":\"EntryPoint\",\"urlTemplate\":\"https:\\\/\\\/www.iemj.org\\\/it\\\/?s={search_term_string}\"},\"query-input\":{\"@type\":\"PropertyValueSpecification\",\"valueRequired\":true,\"valueName\":\"search_term_string\"}}],\"inLanguage\":\"it-IT\"},{\"@type\":\"Organization\",\"@id\":\"https:\\\/\\\/www.iemj.org\\\/it\\\/#organization\",\"name\":\"Institut Europ\u00e9en des Musiques Juives\",\"url\":\"https:\\\/\\\/www.iemj.org\\\/it\\\/\",\"logo\":{\"@type\":\"ImageObject\",\"inLanguage\":\"it-IT\",\"@id\":\"https:\\\/\\\/www.iemj.org\\\/it\\\/#\\\/schema\\\/logo\\\/image\\\/\",\"url\":\"https:\\\/\\\/www.iemj.org\\\/wp-content\\\/uploads\\\/2021\\\/09\\\/Logo-IEMJ-Paypal.jpg\",\"contentUrl\":\"https:\\\/\\\/www.iemj.org\\\/wp-content\\\/uploads\\\/2021\\\/09\\\/Logo-IEMJ-Paypal.jpg\",\"width\":150,\"height\":50,\"caption\":\"Institut Europ\u00e9en des Musiques Juives\"},\"image\":{\"@id\":\"https:\\\/\\\/www.iemj.org\\\/it\\\/#\\\/schema\\\/logo\\\/image\\\/\"},\"sameAs\":[\"https:\\\/\\\/www.facebook.com\\\/MusiquesJuives\\\/\",\"https:\\\/\\\/www.instagram.com\\\/musiquesjuives\\\/\",\"https:\\\/\\\/www.youtube.com\\\/user\\\/musiquesjuives\"]},{\"@type\":\"Person\",\"@id\":\"https:\\\/\\\/www.iemj.org\\\/it\\\/#\\\/schema\\\/person\\\/e2ad57f2c4be119c7ed8ab79036807a9\",\"name\":\"Lea Couderc\",\"image\":{\"@type\":\"ImageObject\",\"inLanguage\":\"it-IT\",\"@id\":\"https:\\\/\\\/secure.gravatar.com\\\/avatar\\\/46ee021475d60aeff17a7e490b79dea5a5684bb392ab7fd1494027411df8ba23?s=96&d=mm&r=g\",\"url\":\"https:\\\/\\\/secure.gravatar.com\\\/avatar\\\/46ee021475d60aeff17a7e490b79dea5a5684bb392ab7fd1494027411df8ba23?s=96&d=mm&r=g\",\"contentUrl\":\"https:\\\/\\\/secure.gravatar.com\\\/avatar\\\/46ee021475d60aeff17a7e490b79dea5a5684bb392ab7fd1494027411df8ba23?s=96&d=mm&r=g\",\"caption\":\"Lea Couderc\"}}]}<\/script>\n<!-- \/ Yoast SEO plugin. -->","yoast_head_json":{"title":"Il canto delle preghiere nel rito algerino - Institut Europ\u00e9en des Musiques Juives","robots":{"index":"index","follow":"follow","max-snippet":"max-snippet:-1","max-image-preview":"max-image-preview:large","max-video-preview":"max-video-preview:-1"},"canonical":"https:\/\/www.iemj.org\/it\/le-chant-des-prieres-dans-le-rite-algerois\/","og_locale":"it_IT","og_type":"article","og_title":"Il canto delle preghiere nel rito algerino - Institut Europ\u00e9en des Musiques Juives","og_description":"Una selezione di preghiere interpretate da Zabulon Sebban (1911-1983), hazzan dal 1927 al 1961 al Grande Tempio di Algeri","og_url":"https:\/\/www.iemj.org\/it\/le-chant-des-prieres-dans-le-rite-algerois\/","og_site_name":"Institut Europ\u00e9en des Musiques Juives","article_publisher":"https:\/\/www.facebook.com\/MusiquesJuives\/","article_published_time":"2017-12-06T10:16:19+00:00","article_modified_time":"2025-06-19T14:34:33+00:00","og_image":[{"width":341,"height":373,"url":"https:\/\/www.iemj.org\/wp-content\/uploads\/2017\/12\/arton2857.jpg","type":"image\/jpeg"}],"author":"Lea Couderc","twitter_card":"summary_large_image","twitter_misc":{"Scritto da":"Lea Couderc","Tempo di lettura stimato":"2 minuti"},"schema":{"@context":"https:\/\/schema.org","@graph":[{"@type":"Article","@id":"https:\/\/www.iemj.org\/it\/le-chant-des-prieres-dans-le-rite-algerois\/#article","isPartOf":{"@id":"https:\/\/www.iemj.org\/it\/le-chant-des-prieres-dans-le-rite-algerois\/"},"author":{"name":"Lea Couderc","@id":"https:\/\/www.iemj.org\/it\/#\/schema\/person\/e2ad57f2c4be119c7ed8ab79036807a9"},"headline":"Il canto delle preghiere nel rito algerino","datePublished":"2017-12-06T10:16:19+00:00","dateModified":"2025-06-19T14:34:33+00:00","mainEntityOfPage":{"@id":"https:\/\/www.iemj.org\/it\/le-chant-des-prieres-dans-le-rite-algerois\/"},"wordCount":273,"publisher":{"@id":"https:\/\/www.iemj.org\/it\/#organization"},"image":{"@id":"https:\/\/www.iemj.org\/it\/le-chant-des-prieres-dans-le-rite-algerois\/#primaryimage"},"thumbnailUrl":"https:\/\/www.iemj.org\/wp-content\/uploads\/2017\/12\/arton2857.jpg","articleSection":["Playlist"],"inLanguage":"it-IT"},{"@type":"WebPage","@id":"https:\/\/www.iemj.org\/it\/le-chant-des-prieres-dans-le-rite-algerois\/","url":"https:\/\/www.iemj.org\/it\/le-chant-des-prieres-dans-le-rite-algerois\/","name":"Il canto delle preghiere nel rito algerino - Institut Europ\u00e9en des Musiques Juives","isPartOf":{"@id":"https:\/\/www.iemj.org\/it\/#website"},"primaryImageOfPage":{"@id":"https:\/\/www.iemj.org\/it\/le-chant-des-prieres-dans-le-rite-algerois\/#primaryimage"},"image":{"@id":"https:\/\/www.iemj.org\/it\/le-chant-des-prieres-dans-le-rite-algerois\/#primaryimage"},"thumbnailUrl":"https:\/\/www.iemj.org\/wp-content\/uploads\/2017\/12\/arton2857.jpg","datePublished":"2017-12-06T10:16:19+00:00","dateModified":"2025-06-19T14:34:33+00:00","breadcrumb":{"@id":"https:\/\/www.iemj.org\/it\/le-chant-des-prieres-dans-le-rite-algerois\/#breadcrumb"},"inLanguage":"it-IT","potentialAction":[{"@type":"ReadAction","target":["https:\/\/www.iemj.org\/it\/le-chant-des-prieres-dans-le-rite-algerois\/"]}]},{"@type":"ImageObject","inLanguage":"it-IT","@id":"https:\/\/www.iemj.org\/it\/le-chant-des-prieres-dans-le-rite-algerois\/#primaryimage","url":"https:\/\/www.iemj.org\/wp-content\/uploads\/2017\/12\/arton2857.jpg","contentUrl":"https:\/\/www.iemj.org\/wp-content\/uploads\/2017\/12\/arton2857.jpg","width":341,"height":373},{"@type":"BreadcrumbList","@id":"https:\/\/www.iemj.org\/it\/le-chant-des-prieres-dans-le-rite-algerois\/#breadcrumb","itemListElement":[{"@type":"ListItem","position":1,"name":"Accueil","item":"https:\/\/www.iemj.org\/it\/"},{"@type":"ListItem","position":2,"name":"Il canto delle preghiere nel rito algerino"}]},{"@type":"WebSite","@id":"https:\/\/www.iemj.org\/it\/#website","url":"https:\/\/www.iemj.org\/it\/","name":"Institut Europ\u00e9en des Musiques Juives","description":"Des traditions musicales \u00e0 la port\u00e9e de tous","publisher":{"@id":"https:\/\/www.iemj.org\/it\/#organization"},"potentialAction":[{"@type":"SearchAction","target":{"@type":"EntryPoint","urlTemplate":"https:\/\/www.iemj.org\/it\/?s={search_term_string}"},"query-input":{"@type":"PropertyValueSpecification","valueRequired":true,"valueName":"search_term_string"}}],"inLanguage":"it-IT"},{"@type":"Organization","@id":"https:\/\/www.iemj.org\/it\/#organization","name":"Institut Europ\u00e9en des Musiques Juives","url":"https:\/\/www.iemj.org\/it\/","logo":{"@type":"ImageObject","inLanguage":"it-IT","@id":"https:\/\/www.iemj.org\/it\/#\/schema\/logo\/image\/","url":"https:\/\/www.iemj.org\/wp-content\/uploads\/2021\/09\/Logo-IEMJ-Paypal.jpg","contentUrl":"https:\/\/www.iemj.org\/wp-content\/uploads\/2021\/09\/Logo-IEMJ-Paypal.jpg","width":150,"height":50,"caption":"Institut Europ\u00e9en des Musiques Juives"},"image":{"@id":"https:\/\/www.iemj.org\/it\/#\/schema\/logo\/image\/"},"sameAs":["https:\/\/www.facebook.com\/MusiquesJuives\/","https:\/\/www.instagram.com\/musiquesjuives\/","https:\/\/www.youtube.com\/user\/musiquesjuives"]},{"@type":"Person","@id":"https:\/\/www.iemj.org\/it\/#\/schema\/person\/e2ad57f2c4be119c7ed8ab79036807a9","name":"Lea Couderc","image":{"@type":"ImageObject","inLanguage":"it-IT","@id":"https:\/\/secure.gravatar.com\/avatar\/46ee021475d60aeff17a7e490b79dea5a5684bb392ab7fd1494027411df8ba23?s=96&d=mm&r=g","url":"https:\/\/secure.gravatar.com\/avatar\/46ee021475d60aeff17a7e490b79dea5a5684bb392ab7fd1494027411df8ba23?s=96&d=mm&r=g","contentUrl":"https:\/\/secure.gravatar.com\/avatar\/46ee021475d60aeff17a7e490b79dea5a5684bb392ab7fd1494027411df8ba23?s=96&d=mm&r=g","caption":"Lea Couderc"}}]}},"_links":{"self":[{"href":"https:\/\/www.iemj.org\/it\/wp-json\/wp\/v2\/posts\/89498","targetHints":{"allow":["GET"]}}],"collection":[{"href":"https:\/\/www.iemj.org\/it\/wp-json\/wp\/v2\/posts"}],"about":[{"href":"https:\/\/www.iemj.org\/it\/wp-json\/wp\/v2\/types\/post"}],"author":[{"embeddable":true,"href":"https:\/\/www.iemj.org\/it\/wp-json\/wp\/v2\/users\/1052"}],"replies":[{"embeddable":true,"href":"https:\/\/www.iemj.org\/it\/wp-json\/wp\/v2\/comments?post=89498"}],"version-history":[{"count":0,"href":"https:\/\/www.iemj.org\/it\/wp-json\/wp\/v2\/posts\/89498\/revisions"}],"wp:featuredmedia":[{"embeddable":true,"href":"https:\/\/www.iemj.org\/it\/wp-json\/wp\/v2\/media\/89499"}],"wp:attachment":[{"href":"https:\/\/www.iemj.org\/it\/wp-json\/wp\/v2\/media?parent=89498"}],"wp:term":[{"taxonomy":"category","embeddable":true,"href":"https:\/\/www.iemj.org\/it\/wp-json\/wp\/v2\/categories?post=89498"},{"taxonomy":"post_tag","embeddable":true,"href":"https:\/\/www.iemj.org\/it\/wp-json\/wp\/v2\/tags?post=89498"},{"taxonomy":"technique","embeddable":true,"href":"https:\/\/www.iemj.org\/it\/wp-json\/wp\/v2\/technique?post=89498"},{"taxonomy":"squelettes","embeddable":true,"href":"https:\/\/www.iemj.org\/it\/wp-json\/wp\/v2\/squelettes?post=89498"},{"taxonomy":"sujet","embeddable":true,"href":"https:\/\/www.iemj.org\/it\/wp-json\/wp\/v2\/sujet?post=89498"},{"taxonomy":"formation","embeddable":true,"href":"https:\/\/www.iemj.org\/it\/wp-json\/wp\/v2\/formation?post=89498"},{"taxonomy":"genre","embeddable":true,"href":"https:\/\/www.iemj.org\/it\/wp-json\/wp\/v2\/genre?post=89498"},{"taxonomy":"fonds","embeddable":true,"href":"https:\/\/www.iemj.org\/it\/wp-json\/wp\/v2\/fonds?post=89498"},{"taxonomy":"tradition","embeddable":true,"href":"https:\/\/www.iemj.org\/it\/wp-json\/wp\/v2\/tradition?post=89498"},{"taxonomy":"type-de-contenu","embeddable":true,"href":"https:\/\/www.iemj.org\/it\/wp-json\/wp\/v2\/type-de-contenu?post=89498"},{"taxonomy":"interprete-compositeur","embeddable":true,"href":"https:\/\/www.iemj.org\/it\/wp-json\/wp\/v2\/interprete-compositeur?post=89498"},{"taxonomy":"frise","embeddable":true,"href":"https:\/\/www.iemj.org\/it\/wp-json\/wp\/v2\/frise?post=89498"},{"taxonomy":"type-devenement","embeddable":true,"href":"https:\/\/www.iemj.org\/it\/wp-json\/wp\/v2\/type-devenement?post=89498"},{"taxonomy":"tableaux-liens-externes","embeddable":true,"href":"https:\/\/www.iemj.org\/it\/wp-json\/wp\/v2\/tableaux-liens-externes?post=89498"}],"curies":[{"name":"wp","href":"https:\/\/api.w.org\/{rel}","templated":true}]}}