{"id":89605,"date":"2018-04-17T11:08:56","date_gmt":"2018-04-17T09:08:56","guid":{"rendered":"https:\/\/www.iemj.org\/so-we-dance-les-danses-folkloriques-israeliennes\/"},"modified":"2025-09-08T18:38:12","modified_gmt":"2025-09-08T16:38:12","slug":"so-we-dance-les-danses-folkloriques-israeliennes","status":"publish","type":"post","link":"https:\/\/www.iemj.org\/it\/so-we-dance-les-danses-folkloriques-israeliennes\/","title":{"rendered":"<strong>So We Dance, le danze folkloristiche israeliane<\/strong>"},"content":{"rendered":"<p>Pubblicato negli anni &#8217;50 a New York dalla Reena Records Corporation, questo cofanetto contenente tre 78 giri non \u00e8 solo un piacere per le orecchie, ma fa anche venire voglia di battere i piedi, come suggerisce una delle canzoni intitolata <em>Hach Baregel.<\/em><\/p>\n<p>I tre dischi 78 giri includono 8 canzoni, alcune delle quali sono diventate degli standard del folklore israeliano. I testi di alcune di queste canzoni, come <em>Al Tiruni<\/em>, o <em>El Ginat Egoz<\/em>, si ispirano alla Bibbia, in particolare al Cantico dei Cantici, e parlano dell&#8217;amore nei vigneti e nei giardini fioriti in fondo alle valli.<\/p>\n<p><img fetchpriority=\"high\" decoding=\"async\" class=\" alignleft size-full wp-image-19229\" src=\"https:\/\/www.iemj.org\/wp-content\/uploads\/2018\/04\/d78-25_476a_couv-2.jpg\" alt=\"d78-25_476a_couv-2.jpg\" width=\"300\" height=\"298\" align=\"left\" srcset=\"https:\/\/www.iemj.org\/wp-content\/uploads\/2018\/04\/d78-25_476a_couv-2.jpg 300w, https:\/\/www.iemj.org\/wp-content\/uploads\/2018\/04\/d78-25_476a_couv-2-150x150.jpg 150w, https:\/\/www.iemj.org\/wp-content\/uploads\/2018\/04\/d78-25_476a_couv-2-100x100.jpg 100w\" sizes=\"(max-width: 300px) 100vw, 300px\" \/><\/p>\n<p>La cantante di questi dischi <strong>Ahuva Tsadok<\/strong> \u00e8 nata nel 1928 a Tel Aviv da genitori yemeniti. \u00c8 accompagnata al pianoforte dal compositore e arrangiatore <strong>Nachum Nardi<\/strong>, nato nel 1901 a Kiev. Si noti che quest&#8217;ultimo \u00e8 stato l&#8217;accompagnatore della cantante yemenita Brakha Tzefira al suo debutto. Nachum Nardi ha anche fondato un coro femminile in cui Ahuva Tsadok era una cantante solista. Successivamente quest&#8217;ultima \u00e8 diventata la compagna di Nardi sulla scena, e nella vita.<\/p>\n<p>In questo cofanetto, Ahuva Tsadok \u00e8 accompagnata anche da altri strumentisti i cui nomi non sono purtroppo menzionati.<\/p>\n<p><img decoding=\"async\" class=\" aligncenter size-full wp-image-19231\" src=\"https:\/\/www.iemj.org\/wp-content\/uploads\/2018\/04\/so_we_dance-2.jpg\" alt=\"so_we_dance-2.jpg\" width=\"815\" height=\"457\" align=\"middle\" srcset=\"https:\/\/www.iemj.org\/wp-content\/uploads\/2018\/04\/so_we_dance-2.jpg 815w, https:\/\/www.iemj.org\/wp-content\/uploads\/2018\/04\/so_we_dance-2-300x168.jpg 300w, https:\/\/www.iemj.org\/wp-content\/uploads\/2018\/04\/so_we_dance-2-768x431.jpg 768w, https:\/\/www.iemj.org\/wp-content\/uploads\/2018\/04\/so_we_dance-2-600x336.jpg 600w\" sizes=\"(max-width: 815px) 100vw, 815px\" \/><\/p>\n<p>Questo sontuoso cofanetto conteneva anche le istruzioni sui diversi passi di danza, redatte da <strong>Avraham Elber<\/strong>. Purtroppo questo documento non era pi\u00f9 presente nel cofanetto quando ci \u00e8 stato consegnato.<\/p>\n<p>Tuttavia, e grazie alla nostra attrezzatura per la digitalizzazione dei dischi 78 giri, ci \u00e8 ora possibile apprezzare appieno questa musica dei pionieri.<\/p>\n<p>Buon ascolto !<\/p>\n<p><a href=\"https:\/\/www.iemj.org\/it\/nardi-nahum-1901-1977\/\" target=\"_blank\" rel=\"noopener\">Leggere la biografia di Nahum Nardi<\/a><\/p>\n\n\n<h2 class=\"wp-block-heading\"><\/h2>\n\n\n<div class=\"wp-block-image\">\n<figure class=\"aligncenter size-large\"><img decoding=\"async\" width=\"1024\" height=\"133\" src=\"https:\/\/www.iemj.org\/wp-content\/uploads\/2024\/03\/AUDIO-PLAYER-1024x133.png\" alt=\"\" class=\"wp-image-110609\" srcset=\"https:\/\/www.iemj.org\/wp-content\/uploads\/2024\/03\/AUDIO-PLAYER-1024x133.png 1024w, https:\/\/www.iemj.org\/wp-content\/uploads\/2024\/03\/AUDIO-PLAYER-300x39.png 300w, https:\/\/www.iemj.org\/wp-content\/uploads\/2024\/03\/AUDIO-PLAYER-768x100.png 768w, https:\/\/www.iemj.org\/wp-content\/uploads\/2024\/03\/AUDIO-PLAYER-600x78.png 600w, https:\/\/www.iemj.org\/wp-content\/uploads\/2024\/03\/AUDIO-PLAYER.png 1210w\" sizes=\"(max-width: 1024px) 100vw, 1024px\" \/><\/figure>\n<\/div>\n\n\n<div class=\"wp-block-file\"><a id=\"wp-block-file--media-81e949bf-51f6-4cc3-b728-131af247ba37\" href=\"https:\/\/www.iemj.org\/wp-content\/uploads\/2018\/04\/d78-25_476a_01.mp3\">El ginat egoz<\/a><\/div>\n\n\n\n<div class=\"wp-block-file\"><a id=\"wp-block-file--media-9fd5570f-75f3-4972-8772-bc3c199dc652\" href=\"https:\/\/www.iemj.org\/wp-content\/uploads\/2018\/04\/d78-25_476b_03.mp3\">Al tiruni<\/a><\/div>\n\n\n\n<div class=\"wp-block-file\"><a id=\"wp-block-file--media-4eacd002-79f2-4ed5-832f-bb787ff313fa\" href=\"https:\/\/www.iemj.org\/wp-content\/uploads\/2018\/04\/d78-25_476c_03.mp3\">Hach baregel<\/a><\/div>\n\n\n\n<div class=\"wp-block-file\"><a id=\"wp-block-file--media-5f89f4aa-12f2-482b-9fbc-36105358d312\" href=\"https:\/\/www.iemj.org\/wp-content\/uploads\/2018\/04\/d78-25_476b_01-2.mp3\">Bo Dodi<\/a><\/div>\n\n\n\n<div class=\"wp-block-file\"><a id=\"wp-block-file--media-14092f43-ded4-4e5b-8609-3f1201924816\" href=\"https:\/\/www.iemj.org\/wp-content\/uploads\/2018\/04\/d78-25_476a_02-2.mp3\">Ana halach dodech<\/a><\/div>\n","protected":false},"excerpt":{"rendered":"<p>Pubblicato negli anni &#8217;50 a New York dalla Reena Records Corporation, questo cofanetto contenente tre 78 giri non \u00e8 solo un piacere per le orecchie, ma fa anche venire voglia<\/p>\n","protected":false},"author":1048,"featured_media":89606,"comment_status":"closed","ping_status":"closed","sticky":false,"template":"","format":"standard","meta":{"_acf_changed":false,"footnotes":""},"categories":[1567],"tags":[],"technique":[],"squelettes":[],"sujet":[],"formation":[],"genre":[],"fonds":[],"tradition":[],"type-de-contenu":[],"interprete-compositeur":[],"frise":[],"type-devenement":[],"tableaux-liens-externes":[],"class_list":["post-89605","post","type-post","status-publish","format-standard","has-post-thumbnail","hentry","category-indispensabili-it"],"acf":[],"yoast_head":"<!-- This site is optimized with the Yoast SEO plugin v27.3 - https:\/\/yoast.com\/product\/yoast-seo-wordpress\/ -->\n<title>So We Dance, le danze folkloristiche israeliane - Institut Europ\u00e9en des Musiques Juives<\/title>\n<meta name=\"robots\" content=\"index, follow, max-snippet:-1, max-image-preview:large, max-video-preview:-1\" \/>\n<link rel=\"canonical\" href=\"https:\/\/www.iemj.org\/it\/so-we-dance-les-danses-folkloriques-israeliennes\/\" \/>\n<meta property=\"og:locale\" content=\"it_IT\" \/>\n<meta property=\"og:type\" content=\"article\" \/>\n<meta property=\"og:title\" content=\"So We Dance, le danze folkloristiche israeliane - Institut Europ\u00e9en des Musiques Juives\" \/>\n<meta property=\"og:description\" content=\"Pubblicato negli anni &#8217;50 a New York dalla Reena Records Corporation, questo cofanetto contenente tre 78 giri non \u00e8 solo un piacere per le orecchie, ma fa anche venire voglia\" \/>\n<meta property=\"og:url\" content=\"https:\/\/www.iemj.org\/it\/so-we-dance-les-danses-folkloriques-israeliennes\/\" \/>\n<meta property=\"og:site_name\" content=\"Institut Europ\u00e9en des Musiques Juives\" \/>\n<meta property=\"article:publisher\" content=\"https:\/\/www.facebook.com\/MusiquesJuives\/\" \/>\n<meta property=\"article:published_time\" content=\"2018-04-17T09:08:56+00:00\" \/>\n<meta property=\"article:modified_time\" content=\"2025-09-08T16:38:12+00:00\" \/>\n<meta property=\"og:image\" content=\"https:\/\/www.iemj.org\/wp-content\/uploads\/2018\/04\/arton3335-e1618738084723.jpg\" \/>\n\t<meta property=\"og:image:width\" content=\"350\" \/>\n\t<meta property=\"og:image:height\" content=\"363\" \/>\n\t<meta property=\"og:image:type\" content=\"image\/jpeg\" \/>\n<meta name=\"author\" content=\"Jean-Gabriel Davis\" \/>\n<meta name=\"twitter:card\" content=\"summary_large_image\" \/>\n<meta name=\"twitter:label1\" content=\"Scritto da\" \/>\n\t<meta name=\"twitter:data1\" content=\"Jean-Gabriel Davis\" \/>\n\t<meta name=\"twitter:label2\" content=\"Tempo di lettura stimato\" \/>\n\t<meta name=\"twitter:data2\" content=\"2 minuti\" \/>\n<script type=\"application\/ld+json\" class=\"yoast-schema-graph\">{\"@context\":\"https:\\\/\\\/schema.org\",\"@graph\":[{\"@type\":\"Article\",\"@id\":\"https:\\\/\\\/www.iemj.org\\\/it\\\/so-we-dance-les-danses-folkloriques-israeliennes\\\/#article\",\"isPartOf\":{\"@id\":\"https:\\\/\\\/www.iemj.org\\\/it\\\/so-we-dance-les-danses-folkloriques-israeliennes\\\/\"},\"author\":{\"name\":\"Jean-Gabriel Davis\",\"@id\":\"https:\\\/\\\/www.iemj.org\\\/it\\\/#\\\/schema\\\/person\\\/c9bc1c386a3749579a2d675e72a18666\"},\"headline\":\"So We Dance, le danze folkloristiche israeliane\",\"datePublished\":\"2018-04-17T09:08:56+00:00\",\"dateModified\":\"2025-09-08T16:38:12+00:00\",\"mainEntityOfPage\":{\"@id\":\"https:\\\/\\\/www.iemj.org\\\/it\\\/so-we-dance-les-danses-folkloriques-israeliennes\\\/\"},\"wordCount\":260,\"publisher\":{\"@id\":\"https:\\\/\\\/www.iemj.org\\\/it\\\/#organization\"},\"image\":{\"@id\":\"https:\\\/\\\/www.iemj.org\\\/it\\\/so-we-dance-les-danses-folkloriques-israeliennes\\\/#primaryimage\"},\"thumbnailUrl\":\"https:\\\/\\\/www.iemj.org\\\/wp-content\\\/uploads\\\/2018\\\/04\\\/arton3335-e1618738084723.jpg\",\"articleSection\":[\"Indispensabili\"],\"inLanguage\":\"it-IT\"},{\"@type\":\"WebPage\",\"@id\":\"https:\\\/\\\/www.iemj.org\\\/it\\\/so-we-dance-les-danses-folkloriques-israeliennes\\\/\",\"url\":\"https:\\\/\\\/www.iemj.org\\\/it\\\/so-we-dance-les-danses-folkloriques-israeliennes\\\/\",\"name\":\"So We Dance, le danze folkloristiche israeliane - Institut Europ\u00e9en des Musiques Juives\",\"isPartOf\":{\"@id\":\"https:\\\/\\\/www.iemj.org\\\/it\\\/#website\"},\"primaryImageOfPage\":{\"@id\":\"https:\\\/\\\/www.iemj.org\\\/it\\\/so-we-dance-les-danses-folkloriques-israeliennes\\\/#primaryimage\"},\"image\":{\"@id\":\"https:\\\/\\\/www.iemj.org\\\/it\\\/so-we-dance-les-danses-folkloriques-israeliennes\\\/#primaryimage\"},\"thumbnailUrl\":\"https:\\\/\\\/www.iemj.org\\\/wp-content\\\/uploads\\\/2018\\\/04\\\/arton3335-e1618738084723.jpg\",\"datePublished\":\"2018-04-17T09:08:56+00:00\",\"dateModified\":\"2025-09-08T16:38:12+00:00\",\"breadcrumb\":{\"@id\":\"https:\\\/\\\/www.iemj.org\\\/it\\\/so-we-dance-les-danses-folkloriques-israeliennes\\\/#breadcrumb\"},\"inLanguage\":\"it-IT\",\"potentialAction\":[{\"@type\":\"ReadAction\",\"target\":[\"https:\\\/\\\/www.iemj.org\\\/it\\\/so-we-dance-les-danses-folkloriques-israeliennes\\\/\"]}]},{\"@type\":\"ImageObject\",\"inLanguage\":\"it-IT\",\"@id\":\"https:\\\/\\\/www.iemj.org\\\/it\\\/so-we-dance-les-danses-folkloriques-israeliennes\\\/#primaryimage\",\"url\":\"https:\\\/\\\/www.iemj.org\\\/wp-content\\\/uploads\\\/2018\\\/04\\\/arton3335-e1618738084723.jpg\",\"contentUrl\":\"https:\\\/\\\/www.iemj.org\\\/wp-content\\\/uploads\\\/2018\\\/04\\\/arton3335-e1618738084723.jpg\",\"width\":350,\"height\":363},{\"@type\":\"BreadcrumbList\",\"@id\":\"https:\\\/\\\/www.iemj.org\\\/it\\\/so-we-dance-les-danses-folkloriques-israeliennes\\\/#breadcrumb\",\"itemListElement\":[{\"@type\":\"ListItem\",\"position\":1,\"name\":\"Accueil\",\"item\":\"https:\\\/\\\/www.iemj.org\\\/it\\\/\"},{\"@type\":\"ListItem\",\"position\":2,\"name\":\"So We Dance, le danze folkloristiche israeliane\"}]},{\"@type\":\"WebSite\",\"@id\":\"https:\\\/\\\/www.iemj.org\\\/it\\\/#website\",\"url\":\"https:\\\/\\\/www.iemj.org\\\/it\\\/\",\"name\":\"Institut Europ\u00e9en des Musiques Juives\",\"description\":\"Des traditions musicales \u00e0 la port\u00e9e de tous\",\"publisher\":{\"@id\":\"https:\\\/\\\/www.iemj.org\\\/it\\\/#organization\"},\"potentialAction\":[{\"@type\":\"SearchAction\",\"target\":{\"@type\":\"EntryPoint\",\"urlTemplate\":\"https:\\\/\\\/www.iemj.org\\\/it\\\/?s={search_term_string}\"},\"query-input\":{\"@type\":\"PropertyValueSpecification\",\"valueRequired\":true,\"valueName\":\"search_term_string\"}}],\"inLanguage\":\"it-IT\"},{\"@type\":\"Organization\",\"@id\":\"https:\\\/\\\/www.iemj.org\\\/it\\\/#organization\",\"name\":\"Institut Europ\u00e9en des Musiques Juives\",\"url\":\"https:\\\/\\\/www.iemj.org\\\/it\\\/\",\"logo\":{\"@type\":\"ImageObject\",\"inLanguage\":\"it-IT\",\"@id\":\"https:\\\/\\\/www.iemj.org\\\/it\\\/#\\\/schema\\\/logo\\\/image\\\/\",\"url\":\"https:\\\/\\\/www.iemj.org\\\/wp-content\\\/uploads\\\/2021\\\/09\\\/Logo-IEMJ-Paypal.jpg\",\"contentUrl\":\"https:\\\/\\\/www.iemj.org\\\/wp-content\\\/uploads\\\/2021\\\/09\\\/Logo-IEMJ-Paypal.jpg\",\"width\":150,\"height\":50,\"caption\":\"Institut Europ\u00e9en des Musiques Juives\"},\"image\":{\"@id\":\"https:\\\/\\\/www.iemj.org\\\/it\\\/#\\\/schema\\\/logo\\\/image\\\/\"},\"sameAs\":[\"https:\\\/\\\/www.facebook.com\\\/MusiquesJuives\\\/\",\"https:\\\/\\\/www.instagram.com\\\/musiquesjuives\\\/\",\"https:\\\/\\\/www.youtube.com\\\/user\\\/musiquesjuives\"]},{\"@type\":\"Person\",\"@id\":\"https:\\\/\\\/www.iemj.org\\\/it\\\/#\\\/schema\\\/person\\\/c9bc1c386a3749579a2d675e72a18666\",\"name\":\"Jean-Gabriel Davis\",\"image\":{\"@type\":\"ImageObject\",\"inLanguage\":\"it-IT\",\"@id\":\"https:\\\/\\\/secure.gravatar.com\\\/avatar\\\/2b90d67bdf392c9b3a21fab87c0fa7edaf1fb3a058172a1ffd61033fcec7aec1?s=96&d=mm&r=g\",\"url\":\"https:\\\/\\\/secure.gravatar.com\\\/avatar\\\/2b90d67bdf392c9b3a21fab87c0fa7edaf1fb3a058172a1ffd61033fcec7aec1?s=96&d=mm&r=g\",\"contentUrl\":\"https:\\\/\\\/secure.gravatar.com\\\/avatar\\\/2b90d67bdf392c9b3a21fab87c0fa7edaf1fb3a058172a1ffd61033fcec7aec1?s=96&d=mm&r=g\",\"caption\":\"Jean-Gabriel Davis\"}}]}<\/script>\n<!-- \/ Yoast SEO plugin. -->","yoast_head_json":{"title":"So We Dance, le danze folkloristiche israeliane - Institut Europ\u00e9en des Musiques Juives","robots":{"index":"index","follow":"follow","max-snippet":"max-snippet:-1","max-image-preview":"max-image-preview:large","max-video-preview":"max-video-preview:-1"},"canonical":"https:\/\/www.iemj.org\/it\/so-we-dance-les-danses-folkloriques-israeliennes\/","og_locale":"it_IT","og_type":"article","og_title":"So We Dance, le danze folkloristiche israeliane - Institut Europ\u00e9en des Musiques Juives","og_description":"Pubblicato negli anni &#8217;50 a New York dalla Reena Records Corporation, questo cofanetto contenente tre 78 giri non \u00e8 solo un piacere per le orecchie, ma fa anche venire voglia","og_url":"https:\/\/www.iemj.org\/it\/so-we-dance-les-danses-folkloriques-israeliennes\/","og_site_name":"Institut Europ\u00e9en des Musiques Juives","article_publisher":"https:\/\/www.facebook.com\/MusiquesJuives\/","article_published_time":"2018-04-17T09:08:56+00:00","article_modified_time":"2025-09-08T16:38:12+00:00","og_image":[{"width":350,"height":363,"url":"https:\/\/www.iemj.org\/wp-content\/uploads\/2018\/04\/arton3335-e1618738084723.jpg","type":"image\/jpeg"}],"author":"Jean-Gabriel Davis","twitter_card":"summary_large_image","twitter_misc":{"Scritto da":"Jean-Gabriel Davis","Tempo di lettura stimato":"2 minuti"},"schema":{"@context":"https:\/\/schema.org","@graph":[{"@type":"Article","@id":"https:\/\/www.iemj.org\/it\/so-we-dance-les-danses-folkloriques-israeliennes\/#article","isPartOf":{"@id":"https:\/\/www.iemj.org\/it\/so-we-dance-les-danses-folkloriques-israeliennes\/"},"author":{"name":"Jean-Gabriel Davis","@id":"https:\/\/www.iemj.org\/it\/#\/schema\/person\/c9bc1c386a3749579a2d675e72a18666"},"headline":"So We Dance, le danze folkloristiche israeliane","datePublished":"2018-04-17T09:08:56+00:00","dateModified":"2025-09-08T16:38:12+00:00","mainEntityOfPage":{"@id":"https:\/\/www.iemj.org\/it\/so-we-dance-les-danses-folkloriques-israeliennes\/"},"wordCount":260,"publisher":{"@id":"https:\/\/www.iemj.org\/it\/#organization"},"image":{"@id":"https:\/\/www.iemj.org\/it\/so-we-dance-les-danses-folkloriques-israeliennes\/#primaryimage"},"thumbnailUrl":"https:\/\/www.iemj.org\/wp-content\/uploads\/2018\/04\/arton3335-e1618738084723.jpg","articleSection":["Indispensabili"],"inLanguage":"it-IT"},{"@type":"WebPage","@id":"https:\/\/www.iemj.org\/it\/so-we-dance-les-danses-folkloriques-israeliennes\/","url":"https:\/\/www.iemj.org\/it\/so-we-dance-les-danses-folkloriques-israeliennes\/","name":"So We Dance, le danze folkloristiche israeliane - Institut Europ\u00e9en des Musiques Juives","isPartOf":{"@id":"https:\/\/www.iemj.org\/it\/#website"},"primaryImageOfPage":{"@id":"https:\/\/www.iemj.org\/it\/so-we-dance-les-danses-folkloriques-israeliennes\/#primaryimage"},"image":{"@id":"https:\/\/www.iemj.org\/it\/so-we-dance-les-danses-folkloriques-israeliennes\/#primaryimage"},"thumbnailUrl":"https:\/\/www.iemj.org\/wp-content\/uploads\/2018\/04\/arton3335-e1618738084723.jpg","datePublished":"2018-04-17T09:08:56+00:00","dateModified":"2025-09-08T16:38:12+00:00","breadcrumb":{"@id":"https:\/\/www.iemj.org\/it\/so-we-dance-les-danses-folkloriques-israeliennes\/#breadcrumb"},"inLanguage":"it-IT","potentialAction":[{"@type":"ReadAction","target":["https:\/\/www.iemj.org\/it\/so-we-dance-les-danses-folkloriques-israeliennes\/"]}]},{"@type":"ImageObject","inLanguage":"it-IT","@id":"https:\/\/www.iemj.org\/it\/so-we-dance-les-danses-folkloriques-israeliennes\/#primaryimage","url":"https:\/\/www.iemj.org\/wp-content\/uploads\/2018\/04\/arton3335-e1618738084723.jpg","contentUrl":"https:\/\/www.iemj.org\/wp-content\/uploads\/2018\/04\/arton3335-e1618738084723.jpg","width":350,"height":363},{"@type":"BreadcrumbList","@id":"https:\/\/www.iemj.org\/it\/so-we-dance-les-danses-folkloriques-israeliennes\/#breadcrumb","itemListElement":[{"@type":"ListItem","position":1,"name":"Accueil","item":"https:\/\/www.iemj.org\/it\/"},{"@type":"ListItem","position":2,"name":"So We Dance, le danze folkloristiche israeliane"}]},{"@type":"WebSite","@id":"https:\/\/www.iemj.org\/it\/#website","url":"https:\/\/www.iemj.org\/it\/","name":"Institut Europ\u00e9en des Musiques Juives","description":"Des traditions musicales \u00e0 la port\u00e9e de tous","publisher":{"@id":"https:\/\/www.iemj.org\/it\/#organization"},"potentialAction":[{"@type":"SearchAction","target":{"@type":"EntryPoint","urlTemplate":"https:\/\/www.iemj.org\/it\/?s={search_term_string}"},"query-input":{"@type":"PropertyValueSpecification","valueRequired":true,"valueName":"search_term_string"}}],"inLanguage":"it-IT"},{"@type":"Organization","@id":"https:\/\/www.iemj.org\/it\/#organization","name":"Institut Europ\u00e9en des Musiques Juives","url":"https:\/\/www.iemj.org\/it\/","logo":{"@type":"ImageObject","inLanguage":"it-IT","@id":"https:\/\/www.iemj.org\/it\/#\/schema\/logo\/image\/","url":"https:\/\/www.iemj.org\/wp-content\/uploads\/2021\/09\/Logo-IEMJ-Paypal.jpg","contentUrl":"https:\/\/www.iemj.org\/wp-content\/uploads\/2021\/09\/Logo-IEMJ-Paypal.jpg","width":150,"height":50,"caption":"Institut Europ\u00e9en des Musiques Juives"},"image":{"@id":"https:\/\/www.iemj.org\/it\/#\/schema\/logo\/image\/"},"sameAs":["https:\/\/www.facebook.com\/MusiquesJuives\/","https:\/\/www.instagram.com\/musiquesjuives\/","https:\/\/www.youtube.com\/user\/musiquesjuives"]},{"@type":"Person","@id":"https:\/\/www.iemj.org\/it\/#\/schema\/person\/c9bc1c386a3749579a2d675e72a18666","name":"Jean-Gabriel Davis","image":{"@type":"ImageObject","inLanguage":"it-IT","@id":"https:\/\/secure.gravatar.com\/avatar\/2b90d67bdf392c9b3a21fab87c0fa7edaf1fb3a058172a1ffd61033fcec7aec1?s=96&d=mm&r=g","url":"https:\/\/secure.gravatar.com\/avatar\/2b90d67bdf392c9b3a21fab87c0fa7edaf1fb3a058172a1ffd61033fcec7aec1?s=96&d=mm&r=g","contentUrl":"https:\/\/secure.gravatar.com\/avatar\/2b90d67bdf392c9b3a21fab87c0fa7edaf1fb3a058172a1ffd61033fcec7aec1?s=96&d=mm&r=g","caption":"Jean-Gabriel Davis"}}]}},"_links":{"self":[{"href":"https:\/\/www.iemj.org\/it\/wp-json\/wp\/v2\/posts\/89605","targetHints":{"allow":["GET"]}}],"collection":[{"href":"https:\/\/www.iemj.org\/it\/wp-json\/wp\/v2\/posts"}],"about":[{"href":"https:\/\/www.iemj.org\/it\/wp-json\/wp\/v2\/types\/post"}],"author":[{"embeddable":true,"href":"https:\/\/www.iemj.org\/it\/wp-json\/wp\/v2\/users\/1048"}],"replies":[{"embeddable":true,"href":"https:\/\/www.iemj.org\/it\/wp-json\/wp\/v2\/comments?post=89605"}],"version-history":[{"count":0,"href":"https:\/\/www.iemj.org\/it\/wp-json\/wp\/v2\/posts\/89605\/revisions"}],"wp:featuredmedia":[{"embeddable":true,"href":"https:\/\/www.iemj.org\/it\/wp-json\/wp\/v2\/media\/89606"}],"wp:attachment":[{"href":"https:\/\/www.iemj.org\/it\/wp-json\/wp\/v2\/media?parent=89605"}],"wp:term":[{"taxonomy":"category","embeddable":true,"href":"https:\/\/www.iemj.org\/it\/wp-json\/wp\/v2\/categories?post=89605"},{"taxonomy":"post_tag","embeddable":true,"href":"https:\/\/www.iemj.org\/it\/wp-json\/wp\/v2\/tags?post=89605"},{"taxonomy":"technique","embeddable":true,"href":"https:\/\/www.iemj.org\/it\/wp-json\/wp\/v2\/technique?post=89605"},{"taxonomy":"squelettes","embeddable":true,"href":"https:\/\/www.iemj.org\/it\/wp-json\/wp\/v2\/squelettes?post=89605"},{"taxonomy":"sujet","embeddable":true,"href":"https:\/\/www.iemj.org\/it\/wp-json\/wp\/v2\/sujet?post=89605"},{"taxonomy":"formation","embeddable":true,"href":"https:\/\/www.iemj.org\/it\/wp-json\/wp\/v2\/formation?post=89605"},{"taxonomy":"genre","embeddable":true,"href":"https:\/\/www.iemj.org\/it\/wp-json\/wp\/v2\/genre?post=89605"},{"taxonomy":"fonds","embeddable":true,"href":"https:\/\/www.iemj.org\/it\/wp-json\/wp\/v2\/fonds?post=89605"},{"taxonomy":"tradition","embeddable":true,"href":"https:\/\/www.iemj.org\/it\/wp-json\/wp\/v2\/tradition?post=89605"},{"taxonomy":"type-de-contenu","embeddable":true,"href":"https:\/\/www.iemj.org\/it\/wp-json\/wp\/v2\/type-de-contenu?post=89605"},{"taxonomy":"interprete-compositeur","embeddable":true,"href":"https:\/\/www.iemj.org\/it\/wp-json\/wp\/v2\/interprete-compositeur?post=89605"},{"taxonomy":"frise","embeddable":true,"href":"https:\/\/www.iemj.org\/it\/wp-json\/wp\/v2\/frise?post=89605"},{"taxonomy":"type-devenement","embeddable":true,"href":"https:\/\/www.iemj.org\/it\/wp-json\/wp\/v2\/type-devenement?post=89605"},{"taxonomy":"tableaux-liens-externes","embeddable":true,"href":"https:\/\/www.iemj.org\/it\/wp-json\/wp\/v2\/tableaux-liens-externes?post=89605"}],"curies":[{"name":"wp","href":"https:\/\/api.w.org\/{rel}","templated":true}]}}