{"id":89653,"date":"2017-12-13T10:48:17","date_gmt":"2017-12-13T09:48:17","guid":{"rendered":"https:\/\/www.iemj.org\/le-33-trs-adama-de-la-chanteuse-iraelienne-ofra-haza\/"},"modified":"2022-11-03T17:09:13","modified_gmt":"2022-11-03T16:09:13","slug":"le-33-trs-adama-de-la-chanteuse-iraelienne-ofra-haza","status":"publish","type":"post","link":"https:\/\/www.iemj.org\/it\/le-33-trs-adama-de-la-chanteuse-iraelienne-ofra-haza\/","title":{"rendered":"<strong>Il 33 giri \u00ab Adama \u00bb della cantante israeliana Ofra Haza<\/strong>"},"content":{"rendered":"<p><strong>Traslucido e colorato<\/strong><\/p>\n<p>Questo disco 33 giri 30 cm di Ofra Haza \u00e8 stato pubblicato nel 1985 sotto l&#8217;etichetta israeliana <em>Hed-Arzi<\/em>.<\/p>\n<p>Si tratta di un disco particolare e piuttosto raro : \u00e8 infatti traslucido e colorato. Questo tipo di vinile \u00e8 chiamato <em>disco di colore<\/em>, da non confondere con i <em>picture dischi,<\/em> che portano un&#8217;immagine stampata direttamente sui solchi.<\/p>\n<p><strong>Piccolo richiamo :<\/strong><\/p>\n<p>La materia utilizzata per la fabbricazione dei dischi: cloruro di polivinile o PVC (un prodotto plastico derivato dal petrolio) \u00e8, alla base, incolore e per ottenere una pasta nera \u00e8 necessario aggiungere una grande quantit\u00e0 di colorante.<\/p>\n<p>Per i dischi di colore diverso dal nero (rosso, blu, verde, ecc.) \u00e8 necessaria una minore quantit\u00e0 di colorante.<\/p>\n<p><img fetchpriority=\"high\" decoding=\"async\" class=\" alignright  wp-image-17156\" src=\"https:\/\/www.iemj.org\/wp-content\/uploads\/2017\/12\/transparence_du_disque_500px.jpg\" alt=\"transparence_du_disque_500px.jpg\" width=\"173\" height=\"307\" align=\"right\" srcset=\"https:\/\/www.iemj.org\/wp-content\/uploads\/2017\/12\/transparence_du_disque_500px.jpg 240w, https:\/\/www.iemj.org\/wp-content\/uploads\/2017\/12\/transparence_du_disque_500px-169x300.jpg 169w\" sizes=\"(max-width: 173px) 100vw, 173px\" \/><\/p>\n<p>Il vinile nero \u00e8 stato utilizzato principalmente perch\u00e9 facilita l&#8217;identificazione delle zone musicali sulla superficie del disco.<\/p>\n<p>Il vinile colorato \u00e8 apparso intorno al 1977, quasi 100 anni dopo l&#8217;invenzione del disco.<\/p>\n<p>In generale, i vinili colorati sono riservati alle edizioni limitate, poich\u00e9 \u00e8 difficile trovare esattamente lo stesso colore man mano che si passa attraverso i diversi stampaggi e bagni. L&#8217;esistenza del vinile colorato ha anche incoraggiato i collezionisti a procurarsi un disco il pi\u00f9 rapidamente possibile, non appena uscito, per evitare il rischio di una penuria dell\u2019edizione collector.<\/p>\n<p>\u00a0<\/p>\n<p><strong>Attualmente abbiamo nelle nostre collezioni una di queste rare copie<\/strong> che affianca un&#8217;altra copia della versione pi\u00f9 banale e diffusa, il disco in vinile nero.<\/p>\n<p><img decoding=\"async\" class=\" aligncenter size-full wp-image-17158\" src=\"https:\/\/www.iemj.org\/wp-content\/uploads\/2017\/12\/les_deux_disques_500px.jpg\" alt=\"les_deux_disques_500px.jpg\" width=\"500\" height=\"281\" align=\"middle\" srcset=\"https:\/\/www.iemj.org\/wp-content\/uploads\/2017\/12\/les_deux_disques_500px.jpg 500w, https:\/\/www.iemj.org\/wp-content\/uploads\/2017\/12\/les_deux_disques_500px-300x169.jpg 300w\" sizes=\"(max-width: 500px) 100vw, 500px\" \/><\/p>\n<p>In generale, l&#8217;uscita di questi vinili colorati era seguita da un stampaggio standard in vinile nero. All&#8217;epoca venivano pubblicati a colori solo i 45 giri e 33 giri, ma non i maxi 45 giri.<\/p>\n<p><strong>Fonti:<\/strong><\/p>\n<p><a href=\"https:\/\/waxbuyers.club\/les-differents-types-de-disques-vinyles\/\">\u2013 I diversi tipi di dischi in vinile \u2013 Waxbuyers.club<\/a><br \/>\u2013<a href=\"https:\/\/lescopainsd-abord.over-blog.com\/article-les-disques-vinyle-de-couleur-et-les-picture-discs-par-nath-didile-110114010.html\" target=\"_blank\" rel=\"noopener\">\u00a0Dischi in vinile colorati e picture-dischi di Nath-Didile \u2013 Gli amici prima di tutto<\/a><br \/><a href=\"https:\/\/www.vinyle-actu.fr\/differents-types-de-vinyles\/\" target=\"_blank\" rel=\"noopener\">\u2013 Diversi tipi di vinile, giugno 2015 \u2013 Vinyles Actu<\/a><\/p>\n<p><a href=\"https:\/\/www.iemj.org\/it\/haza-ofra-1957-2000\/\" target=\"_blank\" rel=\"noopener\">Consultare la biografia di Ofra Haza<\/a><br \/><a href=\"http:\/\/www.rachelnet.net\/F\/?func=find-c&amp;ccl_term=WRD+%3D+Haza+ET+WRD+%3D+Adama&amp;local_base=iemcg\" target=\"_blank\" rel=\"noopener\">Consultare il file documentario di questo disco<\/a><\/p>\n<p><strong>Scoprite 5 estratti da questo disco nel video qui sotto :<\/strong><\/p>\n\n\n<figure class=\"wp-block-embed is-type-video is-provider-youtube wp-block-embed-youtube wp-embed-aspect-4-3 wp-has-aspect-ratio\"><div class=\"wp-block-embed__wrapper\">\n<iframe title=\"Adama (earth) - Ofra Haza\" width=\"640\" height=\"480\" src=\"https:\/\/www.youtube.com\/embed\/w66Z-unQVZU?feature=oembed\" frameborder=\"0\" allow=\"accelerometer; autoplay; clipboard-write; encrypted-media; gyroscope; picture-in-picture; web-share\" referrerpolicy=\"strict-origin-when-cross-origin\" allowfullscreen><\/iframe>\n<\/div><\/figure>\n","protected":false},"excerpt":{"rendered":"<p>Traslucido e colorato Questo disco 33 giri 30 cm di Ofra Haza \u00e8 stato pubblicato nel 1985 sotto l&#8217;etichetta israeliana Hed-Arzi. Si tratta di un disco particolare e piuttosto raro<\/p>\n","protected":false},"author":1052,"featured_media":89654,"comment_status":"closed","ping_status":"open","sticky":false,"template":"","format":"standard","meta":{"_acf_changed":false,"footnotes":""},"categories":[1567],"tags":[],"technique":[],"squelettes":[],"sujet":[],"formation":[],"genre":[1674],"fonds":[],"tradition":[],"type-de-contenu":[],"interprete-compositeur":[],"frise":[],"type-devenement":[],"tableaux-liens-externes":[],"class_list":["post-89653","post","type-post","status-publish","format-standard","has-post-thumbnail","hentry","category-indispensabili-it","genre-canzone-israeliena-it"],"acf":[],"yoast_head":"<!-- This site is optimized with the Yoast SEO plugin v27.3 - https:\/\/yoast.com\/product\/yoast-seo-wordpress\/ -->\n<title>Il 33 giri \u00ab Adama \u00bb della cantante israeliana Ofra Haza - Institut Europ\u00e9en des Musiques Juives<\/title>\n<meta name=\"robots\" content=\"index, follow, max-snippet:-1, max-image-preview:large, max-video-preview:-1\" \/>\n<link rel=\"canonical\" href=\"https:\/\/www.iemj.org\/it\/le-33-trs-adama-de-la-chanteuse-iraelienne-ofra-haza\/\" \/>\n<meta property=\"og:locale\" content=\"it_IT\" \/>\n<meta property=\"og:type\" content=\"article\" \/>\n<meta property=\"og:title\" content=\"Il 33 giri \u00ab Adama \u00bb della cantante israeliana Ofra Haza - Institut Europ\u00e9en des Musiques Juives\" \/>\n<meta property=\"og:description\" content=\"Traslucido e colorato Questo disco 33 giri 30 cm di Ofra Haza \u00e8 stato pubblicato nel 1985 sotto l&#8217;etichetta israeliana Hed-Arzi. Si tratta di un disco particolare e piuttosto raro\" \/>\n<meta property=\"og:url\" content=\"https:\/\/www.iemj.org\/it\/le-33-trs-adama-de-la-chanteuse-iraelienne-ofra-haza\/\" \/>\n<meta property=\"og:site_name\" content=\"Institut Europ\u00e9en des Musiques Juives\" \/>\n<meta property=\"article:publisher\" content=\"https:\/\/www.facebook.com\/MusiquesJuives\/\" \/>\n<meta property=\"article:published_time\" content=\"2017-12-13T09:48:17+00:00\" \/>\n<meta property=\"article:modified_time\" content=\"2022-11-03T16:09:13+00:00\" \/>\n<meta property=\"og:image\" content=\"https:\/\/www.iemj.org\/wp-content\/uploads\/2017\/12\/arton2876-e1618748089440.jpg\" \/>\n\t<meta property=\"og:image:width\" content=\"350\" \/>\n\t<meta property=\"og:image:height\" content=\"395\" \/>\n\t<meta property=\"og:image:type\" content=\"image\/jpeg\" \/>\n<meta name=\"author\" content=\"Lea Couderc\" \/>\n<meta name=\"twitter:card\" content=\"summary_large_image\" \/>\n<meta name=\"twitter:label1\" content=\"Scritto da\" \/>\n\t<meta name=\"twitter:data1\" content=\"Lea Couderc\" \/>\n\t<meta name=\"twitter:label2\" content=\"Tempo di lettura stimato\" \/>\n\t<meta name=\"twitter:data2\" content=\"3 minuti\" \/>\n<script type=\"application\/ld+json\" class=\"yoast-schema-graph\">{\"@context\":\"https:\\\/\\\/schema.org\",\"@graph\":[{\"@type\":\"Article\",\"@id\":\"https:\\\/\\\/www.iemj.org\\\/it\\\/le-33-trs-adama-de-la-chanteuse-iraelienne-ofra-haza\\\/#article\",\"isPartOf\":{\"@id\":\"https:\\\/\\\/www.iemj.org\\\/it\\\/le-33-trs-adama-de-la-chanteuse-iraelienne-ofra-haza\\\/\"},\"author\":{\"name\":\"Lea Couderc\",\"@id\":\"https:\\\/\\\/www.iemj.org\\\/it\\\/#\\\/schema\\\/person\\\/e2ad57f2c4be119c7ed8ab79036807a9\"},\"headline\":\"Il 33 giri \u00ab Adama \u00bb della cantante israeliana Ofra Haza\",\"datePublished\":\"2017-12-13T09:48:17+00:00\",\"dateModified\":\"2022-11-03T16:09:13+00:00\",\"mainEntityOfPage\":{\"@id\":\"https:\\\/\\\/www.iemj.org\\\/it\\\/le-33-trs-adama-de-la-chanteuse-iraelienne-ofra-haza\\\/\"},\"wordCount\":322,\"publisher\":{\"@id\":\"https:\\\/\\\/www.iemj.org\\\/it\\\/#organization\"},\"image\":{\"@id\":\"https:\\\/\\\/www.iemj.org\\\/it\\\/le-33-trs-adama-de-la-chanteuse-iraelienne-ofra-haza\\\/#primaryimage\"},\"thumbnailUrl\":\"https:\\\/\\\/www.iemj.org\\\/wp-content\\\/uploads\\\/2017\\\/12\\\/arton2876-e1618748089440.jpg\",\"articleSection\":[\"Indispensabili\"],\"inLanguage\":\"it-IT\"},{\"@type\":\"WebPage\",\"@id\":\"https:\\\/\\\/www.iemj.org\\\/it\\\/le-33-trs-adama-de-la-chanteuse-iraelienne-ofra-haza\\\/\",\"url\":\"https:\\\/\\\/www.iemj.org\\\/it\\\/le-33-trs-adama-de-la-chanteuse-iraelienne-ofra-haza\\\/\",\"name\":\"Il 33 giri \u00ab Adama \u00bb della cantante israeliana Ofra Haza - Institut Europ\u00e9en des Musiques Juives\",\"isPartOf\":{\"@id\":\"https:\\\/\\\/www.iemj.org\\\/it\\\/#website\"},\"primaryImageOfPage\":{\"@id\":\"https:\\\/\\\/www.iemj.org\\\/it\\\/le-33-trs-adama-de-la-chanteuse-iraelienne-ofra-haza\\\/#primaryimage\"},\"image\":{\"@id\":\"https:\\\/\\\/www.iemj.org\\\/it\\\/le-33-trs-adama-de-la-chanteuse-iraelienne-ofra-haza\\\/#primaryimage\"},\"thumbnailUrl\":\"https:\\\/\\\/www.iemj.org\\\/wp-content\\\/uploads\\\/2017\\\/12\\\/arton2876-e1618748089440.jpg\",\"datePublished\":\"2017-12-13T09:48:17+00:00\",\"dateModified\":\"2022-11-03T16:09:13+00:00\",\"breadcrumb\":{\"@id\":\"https:\\\/\\\/www.iemj.org\\\/it\\\/le-33-trs-adama-de-la-chanteuse-iraelienne-ofra-haza\\\/#breadcrumb\"},\"inLanguage\":\"it-IT\",\"potentialAction\":[{\"@type\":\"ReadAction\",\"target\":[\"https:\\\/\\\/www.iemj.org\\\/it\\\/le-33-trs-adama-de-la-chanteuse-iraelienne-ofra-haza\\\/\"]}]},{\"@type\":\"ImageObject\",\"inLanguage\":\"it-IT\",\"@id\":\"https:\\\/\\\/www.iemj.org\\\/it\\\/le-33-trs-adama-de-la-chanteuse-iraelienne-ofra-haza\\\/#primaryimage\",\"url\":\"https:\\\/\\\/www.iemj.org\\\/wp-content\\\/uploads\\\/2017\\\/12\\\/arton2876-e1618748089440.jpg\",\"contentUrl\":\"https:\\\/\\\/www.iemj.org\\\/wp-content\\\/uploads\\\/2017\\\/12\\\/arton2876-e1618748089440.jpg\",\"width\":350,\"height\":395},{\"@type\":\"BreadcrumbList\",\"@id\":\"https:\\\/\\\/www.iemj.org\\\/it\\\/le-33-trs-adama-de-la-chanteuse-iraelienne-ofra-haza\\\/#breadcrumb\",\"itemListElement\":[{\"@type\":\"ListItem\",\"position\":1,\"name\":\"Accueil\",\"item\":\"https:\\\/\\\/www.iemj.org\\\/it\\\/\"},{\"@type\":\"ListItem\",\"position\":2,\"name\":\"Il 33 giri \u00ab Adama \u00bb della cantante israeliana Ofra Haza\"}]},{\"@type\":\"WebSite\",\"@id\":\"https:\\\/\\\/www.iemj.org\\\/it\\\/#website\",\"url\":\"https:\\\/\\\/www.iemj.org\\\/it\\\/\",\"name\":\"Institut Europ\u00e9en des Musiques Juives\",\"description\":\"Des traditions musicales \u00e0 la port\u00e9e de tous\",\"publisher\":{\"@id\":\"https:\\\/\\\/www.iemj.org\\\/it\\\/#organization\"},\"potentialAction\":[{\"@type\":\"SearchAction\",\"target\":{\"@type\":\"EntryPoint\",\"urlTemplate\":\"https:\\\/\\\/www.iemj.org\\\/it\\\/?s={search_term_string}\"},\"query-input\":{\"@type\":\"PropertyValueSpecification\",\"valueRequired\":true,\"valueName\":\"search_term_string\"}}],\"inLanguage\":\"it-IT\"},{\"@type\":\"Organization\",\"@id\":\"https:\\\/\\\/www.iemj.org\\\/it\\\/#organization\",\"name\":\"Institut Europ\u00e9en des Musiques Juives\",\"url\":\"https:\\\/\\\/www.iemj.org\\\/it\\\/\",\"logo\":{\"@type\":\"ImageObject\",\"inLanguage\":\"it-IT\",\"@id\":\"https:\\\/\\\/www.iemj.org\\\/it\\\/#\\\/schema\\\/logo\\\/image\\\/\",\"url\":\"https:\\\/\\\/www.iemj.org\\\/wp-content\\\/uploads\\\/2021\\\/09\\\/Logo-IEMJ-Paypal.jpg\",\"contentUrl\":\"https:\\\/\\\/www.iemj.org\\\/wp-content\\\/uploads\\\/2021\\\/09\\\/Logo-IEMJ-Paypal.jpg\",\"width\":150,\"height\":50,\"caption\":\"Institut Europ\u00e9en des Musiques Juives\"},\"image\":{\"@id\":\"https:\\\/\\\/www.iemj.org\\\/it\\\/#\\\/schema\\\/logo\\\/image\\\/\"},\"sameAs\":[\"https:\\\/\\\/www.facebook.com\\\/MusiquesJuives\\\/\",\"https:\\\/\\\/www.instagram.com\\\/musiquesjuives\\\/\",\"https:\\\/\\\/www.youtube.com\\\/user\\\/musiquesjuives\"]},{\"@type\":\"Person\",\"@id\":\"https:\\\/\\\/www.iemj.org\\\/it\\\/#\\\/schema\\\/person\\\/e2ad57f2c4be119c7ed8ab79036807a9\",\"name\":\"Lea Couderc\",\"image\":{\"@type\":\"ImageObject\",\"inLanguage\":\"it-IT\",\"@id\":\"https:\\\/\\\/secure.gravatar.com\\\/avatar\\\/46ee021475d60aeff17a7e490b79dea5a5684bb392ab7fd1494027411df8ba23?s=96&d=mm&r=g\",\"url\":\"https:\\\/\\\/secure.gravatar.com\\\/avatar\\\/46ee021475d60aeff17a7e490b79dea5a5684bb392ab7fd1494027411df8ba23?s=96&d=mm&r=g\",\"contentUrl\":\"https:\\\/\\\/secure.gravatar.com\\\/avatar\\\/46ee021475d60aeff17a7e490b79dea5a5684bb392ab7fd1494027411df8ba23?s=96&d=mm&r=g\",\"caption\":\"Lea Couderc\"}}]}<\/script>\n<!-- \/ Yoast SEO plugin. -->","yoast_head_json":{"title":"Il 33 giri \u00ab Adama \u00bb della cantante israeliana Ofra Haza - Institut Europ\u00e9en des Musiques Juives","robots":{"index":"index","follow":"follow","max-snippet":"max-snippet:-1","max-image-preview":"max-image-preview:large","max-video-preview":"max-video-preview:-1"},"canonical":"https:\/\/www.iemj.org\/it\/le-33-trs-adama-de-la-chanteuse-iraelienne-ofra-haza\/","og_locale":"it_IT","og_type":"article","og_title":"Il 33 giri \u00ab Adama \u00bb della cantante israeliana Ofra Haza - Institut Europ\u00e9en des Musiques Juives","og_description":"Traslucido e colorato Questo disco 33 giri 30 cm di Ofra Haza \u00e8 stato pubblicato nel 1985 sotto l&#8217;etichetta israeliana Hed-Arzi. Si tratta di un disco particolare e piuttosto raro","og_url":"https:\/\/www.iemj.org\/it\/le-33-trs-adama-de-la-chanteuse-iraelienne-ofra-haza\/","og_site_name":"Institut Europ\u00e9en des Musiques Juives","article_publisher":"https:\/\/www.facebook.com\/MusiquesJuives\/","article_published_time":"2017-12-13T09:48:17+00:00","article_modified_time":"2022-11-03T16:09:13+00:00","og_image":[{"width":350,"height":395,"url":"https:\/\/www.iemj.org\/wp-content\/uploads\/2017\/12\/arton2876-e1618748089440.jpg","type":"image\/jpeg"}],"author":"Lea Couderc","twitter_card":"summary_large_image","twitter_misc":{"Scritto da":"Lea Couderc","Tempo di lettura stimato":"3 minuti"},"schema":{"@context":"https:\/\/schema.org","@graph":[{"@type":"Article","@id":"https:\/\/www.iemj.org\/it\/le-33-trs-adama-de-la-chanteuse-iraelienne-ofra-haza\/#article","isPartOf":{"@id":"https:\/\/www.iemj.org\/it\/le-33-trs-adama-de-la-chanteuse-iraelienne-ofra-haza\/"},"author":{"name":"Lea Couderc","@id":"https:\/\/www.iemj.org\/it\/#\/schema\/person\/e2ad57f2c4be119c7ed8ab79036807a9"},"headline":"Il 33 giri \u00ab Adama \u00bb della cantante israeliana Ofra Haza","datePublished":"2017-12-13T09:48:17+00:00","dateModified":"2022-11-03T16:09:13+00:00","mainEntityOfPage":{"@id":"https:\/\/www.iemj.org\/it\/le-33-trs-adama-de-la-chanteuse-iraelienne-ofra-haza\/"},"wordCount":322,"publisher":{"@id":"https:\/\/www.iemj.org\/it\/#organization"},"image":{"@id":"https:\/\/www.iemj.org\/it\/le-33-trs-adama-de-la-chanteuse-iraelienne-ofra-haza\/#primaryimage"},"thumbnailUrl":"https:\/\/www.iemj.org\/wp-content\/uploads\/2017\/12\/arton2876-e1618748089440.jpg","articleSection":["Indispensabili"],"inLanguage":"it-IT"},{"@type":"WebPage","@id":"https:\/\/www.iemj.org\/it\/le-33-trs-adama-de-la-chanteuse-iraelienne-ofra-haza\/","url":"https:\/\/www.iemj.org\/it\/le-33-trs-adama-de-la-chanteuse-iraelienne-ofra-haza\/","name":"Il 33 giri \u00ab Adama \u00bb della cantante israeliana Ofra Haza - Institut Europ\u00e9en des Musiques Juives","isPartOf":{"@id":"https:\/\/www.iemj.org\/it\/#website"},"primaryImageOfPage":{"@id":"https:\/\/www.iemj.org\/it\/le-33-trs-adama-de-la-chanteuse-iraelienne-ofra-haza\/#primaryimage"},"image":{"@id":"https:\/\/www.iemj.org\/it\/le-33-trs-adama-de-la-chanteuse-iraelienne-ofra-haza\/#primaryimage"},"thumbnailUrl":"https:\/\/www.iemj.org\/wp-content\/uploads\/2017\/12\/arton2876-e1618748089440.jpg","datePublished":"2017-12-13T09:48:17+00:00","dateModified":"2022-11-03T16:09:13+00:00","breadcrumb":{"@id":"https:\/\/www.iemj.org\/it\/le-33-trs-adama-de-la-chanteuse-iraelienne-ofra-haza\/#breadcrumb"},"inLanguage":"it-IT","potentialAction":[{"@type":"ReadAction","target":["https:\/\/www.iemj.org\/it\/le-33-trs-adama-de-la-chanteuse-iraelienne-ofra-haza\/"]}]},{"@type":"ImageObject","inLanguage":"it-IT","@id":"https:\/\/www.iemj.org\/it\/le-33-trs-adama-de-la-chanteuse-iraelienne-ofra-haza\/#primaryimage","url":"https:\/\/www.iemj.org\/wp-content\/uploads\/2017\/12\/arton2876-e1618748089440.jpg","contentUrl":"https:\/\/www.iemj.org\/wp-content\/uploads\/2017\/12\/arton2876-e1618748089440.jpg","width":350,"height":395},{"@type":"BreadcrumbList","@id":"https:\/\/www.iemj.org\/it\/le-33-trs-adama-de-la-chanteuse-iraelienne-ofra-haza\/#breadcrumb","itemListElement":[{"@type":"ListItem","position":1,"name":"Accueil","item":"https:\/\/www.iemj.org\/it\/"},{"@type":"ListItem","position":2,"name":"Il 33 giri \u00ab Adama \u00bb della cantante israeliana Ofra Haza"}]},{"@type":"WebSite","@id":"https:\/\/www.iemj.org\/it\/#website","url":"https:\/\/www.iemj.org\/it\/","name":"Institut Europ\u00e9en des Musiques Juives","description":"Des traditions musicales \u00e0 la port\u00e9e de tous","publisher":{"@id":"https:\/\/www.iemj.org\/it\/#organization"},"potentialAction":[{"@type":"SearchAction","target":{"@type":"EntryPoint","urlTemplate":"https:\/\/www.iemj.org\/it\/?s={search_term_string}"},"query-input":{"@type":"PropertyValueSpecification","valueRequired":true,"valueName":"search_term_string"}}],"inLanguage":"it-IT"},{"@type":"Organization","@id":"https:\/\/www.iemj.org\/it\/#organization","name":"Institut Europ\u00e9en des Musiques Juives","url":"https:\/\/www.iemj.org\/it\/","logo":{"@type":"ImageObject","inLanguage":"it-IT","@id":"https:\/\/www.iemj.org\/it\/#\/schema\/logo\/image\/","url":"https:\/\/www.iemj.org\/wp-content\/uploads\/2021\/09\/Logo-IEMJ-Paypal.jpg","contentUrl":"https:\/\/www.iemj.org\/wp-content\/uploads\/2021\/09\/Logo-IEMJ-Paypal.jpg","width":150,"height":50,"caption":"Institut Europ\u00e9en des Musiques Juives"},"image":{"@id":"https:\/\/www.iemj.org\/it\/#\/schema\/logo\/image\/"},"sameAs":["https:\/\/www.facebook.com\/MusiquesJuives\/","https:\/\/www.instagram.com\/musiquesjuives\/","https:\/\/www.youtube.com\/user\/musiquesjuives"]},{"@type":"Person","@id":"https:\/\/www.iemj.org\/it\/#\/schema\/person\/e2ad57f2c4be119c7ed8ab79036807a9","name":"Lea Couderc","image":{"@type":"ImageObject","inLanguage":"it-IT","@id":"https:\/\/secure.gravatar.com\/avatar\/46ee021475d60aeff17a7e490b79dea5a5684bb392ab7fd1494027411df8ba23?s=96&d=mm&r=g","url":"https:\/\/secure.gravatar.com\/avatar\/46ee021475d60aeff17a7e490b79dea5a5684bb392ab7fd1494027411df8ba23?s=96&d=mm&r=g","contentUrl":"https:\/\/secure.gravatar.com\/avatar\/46ee021475d60aeff17a7e490b79dea5a5684bb392ab7fd1494027411df8ba23?s=96&d=mm&r=g","caption":"Lea Couderc"}}]}},"_links":{"self":[{"href":"https:\/\/www.iemj.org\/it\/wp-json\/wp\/v2\/posts\/89653","targetHints":{"allow":["GET"]}}],"collection":[{"href":"https:\/\/www.iemj.org\/it\/wp-json\/wp\/v2\/posts"}],"about":[{"href":"https:\/\/www.iemj.org\/it\/wp-json\/wp\/v2\/types\/post"}],"author":[{"embeddable":true,"href":"https:\/\/www.iemj.org\/it\/wp-json\/wp\/v2\/users\/1052"}],"replies":[{"embeddable":true,"href":"https:\/\/www.iemj.org\/it\/wp-json\/wp\/v2\/comments?post=89653"}],"version-history":[{"count":0,"href":"https:\/\/www.iemj.org\/it\/wp-json\/wp\/v2\/posts\/89653\/revisions"}],"wp:featuredmedia":[{"embeddable":true,"href":"https:\/\/www.iemj.org\/it\/wp-json\/wp\/v2\/media\/89654"}],"wp:attachment":[{"href":"https:\/\/www.iemj.org\/it\/wp-json\/wp\/v2\/media?parent=89653"}],"wp:term":[{"taxonomy":"category","embeddable":true,"href":"https:\/\/www.iemj.org\/it\/wp-json\/wp\/v2\/categories?post=89653"},{"taxonomy":"post_tag","embeddable":true,"href":"https:\/\/www.iemj.org\/it\/wp-json\/wp\/v2\/tags?post=89653"},{"taxonomy":"technique","embeddable":true,"href":"https:\/\/www.iemj.org\/it\/wp-json\/wp\/v2\/technique?post=89653"},{"taxonomy":"squelettes","embeddable":true,"href":"https:\/\/www.iemj.org\/it\/wp-json\/wp\/v2\/squelettes?post=89653"},{"taxonomy":"sujet","embeddable":true,"href":"https:\/\/www.iemj.org\/it\/wp-json\/wp\/v2\/sujet?post=89653"},{"taxonomy":"formation","embeddable":true,"href":"https:\/\/www.iemj.org\/it\/wp-json\/wp\/v2\/formation?post=89653"},{"taxonomy":"genre","embeddable":true,"href":"https:\/\/www.iemj.org\/it\/wp-json\/wp\/v2\/genre?post=89653"},{"taxonomy":"fonds","embeddable":true,"href":"https:\/\/www.iemj.org\/it\/wp-json\/wp\/v2\/fonds?post=89653"},{"taxonomy":"tradition","embeddable":true,"href":"https:\/\/www.iemj.org\/it\/wp-json\/wp\/v2\/tradition?post=89653"},{"taxonomy":"type-de-contenu","embeddable":true,"href":"https:\/\/www.iemj.org\/it\/wp-json\/wp\/v2\/type-de-contenu?post=89653"},{"taxonomy":"interprete-compositeur","embeddable":true,"href":"https:\/\/www.iemj.org\/it\/wp-json\/wp\/v2\/interprete-compositeur?post=89653"},{"taxonomy":"frise","embeddable":true,"href":"https:\/\/www.iemj.org\/it\/wp-json\/wp\/v2\/frise?post=89653"},{"taxonomy":"type-devenement","embeddable":true,"href":"https:\/\/www.iemj.org\/it\/wp-json\/wp\/v2\/type-devenement?post=89653"},{"taxonomy":"tableaux-liens-externes","embeddable":true,"href":"https:\/\/www.iemj.org\/it\/wp-json\/wp\/v2\/tableaux-liens-externes?post=89653"}],"curies":[{"name":"wp","href":"https:\/\/api.w.org\/{rel}","templated":true}]}}