{"id":90161,"date":"2019-01-16T16:08:52","date_gmt":"2019-01-16T15:08:52","guid":{"rendered":"https:\/\/www.iemj.org\/chants-liturgiques-de-salomon-sulzer-1804-1890\/"},"modified":"2025-07-09T13:15:25","modified_gmt":"2025-07-09T11:15:25","slug":"chants-liturgiques-de-salomon-sulzer-1804-1890","status":"publish","type":"post","link":"https:\/\/www.iemj.org\/it\/chants-liturgiques-de-salomon-sulzer-1804-1890\/","title":{"rendered":"<strong>Canti liturgici di Salomon Sulzer (1804-1890)<\/strong>"},"content":{"rendered":"<p><strong>Le pi\u00f9 belle arie liturgiche di Salomon Sulzer, precursore della nuova musica sinagogale in Europa all&#8217;inizio dell&#8217;Ottocento<\/strong><\/p>\n<p><!--more--><\/p>\n<p>Considerato il padre della nuova musica sinagogale in Europa all&#8217;inizio del XIX secolo, Salomon Sulzer nasce il 30 marzo 1804 a Hohenems (Austria). Formato al canto liturgico fin dalla prima infanzia, \u00e8 assunto nel 1826, all&#8217;et\u00e0 di 22 anni, come cantore principale della nuova sinagoga di Vienna. In questo luogo di culto dove si incontrano tradizionalisti e riformisti, Sulzer riorganizza la liturgia, preservando le melodie ed i canti tradizionali di preghiera in ebraico, pur adattandoli nello stesso tempo per coro, solista ed organo. Inoltre, non esita a chiamare compositori non ebrei, come Schubert (1797-1828), Joseph Drechsler (1782-1852), Ignace von Seyfried (1767-1841), Franz Volkert (1778-1845) od ancora Vaclav W\u00fcrfel (1790-1832), per comporre nuove melodie sinagogali.<\/p>\n<p>Questa nuova liturgia del rito viennese sar\u00e0 compilata da Sulzer in un&#8217;imponente raccolta in due volumi intitolata <em>Shir Zion<\/em> (Il Cantico di Sion), pubblicata tra il 1840 e il 1865 (o 1866), comprendente 150 melodie per lo Shabbat e per le feste ebraiche per officiante, coro e risposte congregazionali, con un accompagnamento facoltativo d&#8217;organo.<\/p>\n<p>In quanto tale, Sulzer pu\u00f2 essere considerato uno dei precursori della riforma del culto sinagogale askenazita, cos\u00ec come <a href=\"https:\/\/www.iemj.org\/it\/lovy-israel-1773-1832\/\" target=\"_blank\" rel=\"noopener\">Isra\u00ebl Lovy (1773-1832)<\/a> a Parigi, Maier Kohn (1802-1875) a Monaco, Hirsch Weintraub a Koenigsberg (1838), <a href=\"https:\/\/www.iemj.org\/it\/lewandowski-louis-lazarus-1821-1894\/\" target=\"_blank\" rel=\"noopener\">Louis Lewandowski<\/a> a Berlino (1840) o <a href=\"https:\/\/www.iemj.org\/it\/naumbourg-samuel-1817-1880\/\" target=\"_blank\" rel=\"noopener\">Samuel Naumbourg<\/a> a Parigi (1845). Questi diversi <em>hazzanim<\/em> compongono melodie di preghiera nel pi\u00f9 puro stile tonale senza respingere i vecchi canti sinagogali che si sforzano di armonizzare.<\/p>\n<p>Salomon Sulzer muore il 17 gennaio 1890 a Vienna. Le sue composizioni liturgiche sono cantate ancora oggi nella sinagoga di Vienna ma anche in Francia (Parigi, Strasburgo\u2026), in Gran Bretagna e negli Stati Uniti.<\/p>\n<p><a href=\"https:\/\/www.iemj.org\/it\/sulzer-salomon-1804-1890\/\" target=\"_blank\" rel=\"noopener\">Consultare la biografia completa di Salomon Sulzer<\/a><\/p>\n<p><img fetchpriority=\"high\" decoding=\"async\" class=\"alignnone wp-image-110609 size-full\" src=\"https:\/\/www.iemj.org\/wp-content\/uploads\/2024\/03\/AUDIO-PLAYER.png\" alt=\"\" width=\"1210\" height=\"157\" srcset=\"https:\/\/www.iemj.org\/wp-content\/uploads\/2024\/03\/AUDIO-PLAYER.png 1210w, https:\/\/www.iemj.org\/wp-content\/uploads\/2024\/03\/AUDIO-PLAYER-300x39.png 300w, https:\/\/www.iemj.org\/wp-content\/uploads\/2024\/03\/AUDIO-PLAYER-1024x133.png 1024w, https:\/\/www.iemj.org\/wp-content\/uploads\/2024\/03\/AUDIO-PLAYER-768x100.png 768w, https:\/\/www.iemj.org\/wp-content\/uploads\/2024\/03\/AUDIO-PLAYER-600x78.png 600w\" sizes=\"(max-width: 1210px) 100vw, 1210px\" \/><\/p>\n","protected":false},"excerpt":{"rendered":"<p>Le pi\u00f9 belle arie liturgiche di Salomon Sulzer, precursore della nuova musica sinagogale in Europa all&#8217;inizio dell&#8217;Ottocento<\/p>\n","protected":false},"author":1045,"featured_media":90162,"comment_status":"closed","ping_status":"open","sticky":false,"template":"","format":"standard","meta":{"_acf_changed":false,"footnotes":""},"categories":[1536],"tags":[],"technique":[],"squelettes":[],"sujet":[],"formation":[],"genre":[1892],"fonds":[],"tradition":[1984],"type-de-contenu":[],"interprete-compositeur":[],"frise":[],"type-devenement":[],"tableaux-liens-externes":[],"class_list":["post-90161","post","type-post","status-publish","format-standard","has-post-thumbnail","hentry","category-playlist-it","genre-liturgia-it","tradition-rito-ashkenazita-it"],"acf":[],"yoast_head":"<!-- This site is optimized with the Yoast SEO plugin v27.3 - https:\/\/yoast.com\/product\/yoast-seo-wordpress\/ -->\n<title>Canti liturgici di Salomon Sulzer (1804-1890) - Institut Europ\u00e9en des Musiques Juives<\/title>\n<meta name=\"robots\" content=\"index, follow, max-snippet:-1, max-image-preview:large, max-video-preview:-1\" \/>\n<link rel=\"canonical\" href=\"https:\/\/www.iemj.org\/it\/chants-liturgiques-de-salomon-sulzer-1804-1890\/\" \/>\n<meta property=\"og:locale\" content=\"it_IT\" \/>\n<meta property=\"og:type\" content=\"article\" \/>\n<meta property=\"og:title\" content=\"Canti liturgici di Salomon Sulzer (1804-1890) - Institut Europ\u00e9en des Musiques Juives\" \/>\n<meta property=\"og:description\" content=\"Le pi\u00f9 belle arie liturgiche di Salomon Sulzer, precursore della nuova musica sinagogale in Europa all&#8217;inizio dell&#8217;Ottocento\" \/>\n<meta property=\"og:url\" content=\"https:\/\/www.iemj.org\/it\/chants-liturgiques-de-salomon-sulzer-1804-1890\/\" \/>\n<meta property=\"og:site_name\" content=\"Institut Europ\u00e9en des Musiques Juives\" \/>\n<meta property=\"article:publisher\" content=\"https:\/\/www.facebook.com\/MusiquesJuives\/\" \/>\n<meta property=\"article:published_time\" content=\"2019-01-16T15:08:52+00:00\" \/>\n<meta property=\"article:modified_time\" content=\"2025-07-09T11:15:25+00:00\" \/>\n<meta property=\"og:image\" content=\"https:\/\/www.iemj.org\/wp-content\/uploads\/2019\/01\/arton3892.jpg\" \/>\n\t<meta property=\"og:image:width\" content=\"336\" \/>\n\t<meta property=\"og:image:height\" content=\"409\" \/>\n\t<meta property=\"og:image:type\" content=\"image\/jpeg\" \/>\n<meta name=\"author\" content=\"Herv\u00e9 Roten\" \/>\n<meta name=\"twitter:card\" content=\"summary_large_image\" \/>\n<meta name=\"twitter:label1\" content=\"Scritto da\" \/>\n\t<meta name=\"twitter:data1\" content=\"Herv\u00e9 Roten\" \/>\n\t<meta name=\"twitter:label2\" content=\"Tempo di lettura stimato\" \/>\n\t<meta name=\"twitter:data2\" content=\"2 minuti\" \/>\n<script type=\"application\/ld+json\" class=\"yoast-schema-graph\">{\"@context\":\"https:\\\/\\\/schema.org\",\"@graph\":[{\"@type\":\"Article\",\"@id\":\"https:\\\/\\\/www.iemj.org\\\/it\\\/chants-liturgiques-de-salomon-sulzer-1804-1890\\\/#article\",\"isPartOf\":{\"@id\":\"https:\\\/\\\/www.iemj.org\\\/it\\\/chants-liturgiques-de-salomon-sulzer-1804-1890\\\/\"},\"author\":{\"name\":\"Herv\u00e9 Roten\",\"@id\":\"https:\\\/\\\/www.iemj.org\\\/it\\\/#\\\/schema\\\/person\\\/906134402c29d5c76e7b726261dd4bbd\"},\"headline\":\"Canti liturgici di Salomon Sulzer (1804-1890)\",\"datePublished\":\"2019-01-16T15:08:52+00:00\",\"dateModified\":\"2025-07-09T11:15:25+00:00\",\"mainEntityOfPage\":{\"@id\":\"https:\\\/\\\/www.iemj.org\\\/it\\\/chants-liturgiques-de-salomon-sulzer-1804-1890\\\/\"},\"wordCount\":293,\"publisher\":{\"@id\":\"https:\\\/\\\/www.iemj.org\\\/it\\\/#organization\"},\"image\":{\"@id\":\"https:\\\/\\\/www.iemj.org\\\/it\\\/chants-liturgiques-de-salomon-sulzer-1804-1890\\\/#primaryimage\"},\"thumbnailUrl\":\"https:\\\/\\\/www.iemj.org\\\/wp-content\\\/uploads\\\/2019\\\/01\\\/arton3892.jpg\",\"articleSection\":[\"Playlist\"],\"inLanguage\":\"it-IT\"},{\"@type\":\"WebPage\",\"@id\":\"https:\\\/\\\/www.iemj.org\\\/it\\\/chants-liturgiques-de-salomon-sulzer-1804-1890\\\/\",\"url\":\"https:\\\/\\\/www.iemj.org\\\/it\\\/chants-liturgiques-de-salomon-sulzer-1804-1890\\\/\",\"name\":\"Canti liturgici di Salomon Sulzer (1804-1890) - Institut Europ\u00e9en des Musiques Juives\",\"isPartOf\":{\"@id\":\"https:\\\/\\\/www.iemj.org\\\/it\\\/#website\"},\"primaryImageOfPage\":{\"@id\":\"https:\\\/\\\/www.iemj.org\\\/it\\\/chants-liturgiques-de-salomon-sulzer-1804-1890\\\/#primaryimage\"},\"image\":{\"@id\":\"https:\\\/\\\/www.iemj.org\\\/it\\\/chants-liturgiques-de-salomon-sulzer-1804-1890\\\/#primaryimage\"},\"thumbnailUrl\":\"https:\\\/\\\/www.iemj.org\\\/wp-content\\\/uploads\\\/2019\\\/01\\\/arton3892.jpg\",\"datePublished\":\"2019-01-16T15:08:52+00:00\",\"dateModified\":\"2025-07-09T11:15:25+00:00\",\"breadcrumb\":{\"@id\":\"https:\\\/\\\/www.iemj.org\\\/it\\\/chants-liturgiques-de-salomon-sulzer-1804-1890\\\/#breadcrumb\"},\"inLanguage\":\"it-IT\",\"potentialAction\":[{\"@type\":\"ReadAction\",\"target\":[\"https:\\\/\\\/www.iemj.org\\\/it\\\/chants-liturgiques-de-salomon-sulzer-1804-1890\\\/\"]}]},{\"@type\":\"ImageObject\",\"inLanguage\":\"it-IT\",\"@id\":\"https:\\\/\\\/www.iemj.org\\\/it\\\/chants-liturgiques-de-salomon-sulzer-1804-1890\\\/#primaryimage\",\"url\":\"https:\\\/\\\/www.iemj.org\\\/wp-content\\\/uploads\\\/2019\\\/01\\\/arton3892.jpg\",\"contentUrl\":\"https:\\\/\\\/www.iemj.org\\\/wp-content\\\/uploads\\\/2019\\\/01\\\/arton3892.jpg\",\"width\":336,\"height\":409},{\"@type\":\"BreadcrumbList\",\"@id\":\"https:\\\/\\\/www.iemj.org\\\/it\\\/chants-liturgiques-de-salomon-sulzer-1804-1890\\\/#breadcrumb\",\"itemListElement\":[{\"@type\":\"ListItem\",\"position\":1,\"name\":\"Accueil\",\"item\":\"https:\\\/\\\/www.iemj.org\\\/it\\\/\"},{\"@type\":\"ListItem\",\"position\":2,\"name\":\"Canti liturgici di Salomon Sulzer (1804-1890)\"}]},{\"@type\":\"WebSite\",\"@id\":\"https:\\\/\\\/www.iemj.org\\\/it\\\/#website\",\"url\":\"https:\\\/\\\/www.iemj.org\\\/it\\\/\",\"name\":\"Institut Europ\u00e9en des Musiques Juives\",\"description\":\"Des traditions musicales \u00e0 la port\u00e9e de tous\",\"publisher\":{\"@id\":\"https:\\\/\\\/www.iemj.org\\\/it\\\/#organization\"},\"potentialAction\":[{\"@type\":\"SearchAction\",\"target\":{\"@type\":\"EntryPoint\",\"urlTemplate\":\"https:\\\/\\\/www.iemj.org\\\/it\\\/?s={search_term_string}\"},\"query-input\":{\"@type\":\"PropertyValueSpecification\",\"valueRequired\":true,\"valueName\":\"search_term_string\"}}],\"inLanguage\":\"it-IT\"},{\"@type\":\"Organization\",\"@id\":\"https:\\\/\\\/www.iemj.org\\\/it\\\/#organization\",\"name\":\"Institut Europ\u00e9en des Musiques Juives\",\"url\":\"https:\\\/\\\/www.iemj.org\\\/it\\\/\",\"logo\":{\"@type\":\"ImageObject\",\"inLanguage\":\"it-IT\",\"@id\":\"https:\\\/\\\/www.iemj.org\\\/it\\\/#\\\/schema\\\/logo\\\/image\\\/\",\"url\":\"https:\\\/\\\/www.iemj.org\\\/wp-content\\\/uploads\\\/2021\\\/09\\\/Logo-IEMJ-Paypal.jpg\",\"contentUrl\":\"https:\\\/\\\/www.iemj.org\\\/wp-content\\\/uploads\\\/2021\\\/09\\\/Logo-IEMJ-Paypal.jpg\",\"width\":150,\"height\":50,\"caption\":\"Institut Europ\u00e9en des Musiques Juives\"},\"image\":{\"@id\":\"https:\\\/\\\/www.iemj.org\\\/it\\\/#\\\/schema\\\/logo\\\/image\\\/\"},\"sameAs\":[\"https:\\\/\\\/www.facebook.com\\\/MusiquesJuives\\\/\",\"https:\\\/\\\/www.instagram.com\\\/musiquesjuives\\\/\",\"https:\\\/\\\/www.youtube.com\\\/user\\\/musiquesjuives\"]},{\"@type\":\"Person\",\"@id\":\"https:\\\/\\\/www.iemj.org\\\/it\\\/#\\\/schema\\\/person\\\/906134402c29d5c76e7b726261dd4bbd\",\"name\":\"Herv\u00e9 Roten\",\"image\":{\"@type\":\"ImageObject\",\"inLanguage\":\"it-IT\",\"@id\":\"https:\\\/\\\/secure.gravatar.com\\\/avatar\\\/f96ad2db538a26481f18384936b5cd0610c92d390c4dc382209216d455f685ff?s=96&d=mm&r=g\",\"url\":\"https:\\\/\\\/secure.gravatar.com\\\/avatar\\\/f96ad2db538a26481f18384936b5cd0610c92d390c4dc382209216d455f685ff?s=96&d=mm&r=g\",\"contentUrl\":\"https:\\\/\\\/secure.gravatar.com\\\/avatar\\\/f96ad2db538a26481f18384936b5cd0610c92d390c4dc382209216d455f685ff?s=96&d=mm&r=g\",\"caption\":\"Herv\u00e9 Roten\"}}]}<\/script>\n<!-- \/ Yoast SEO plugin. -->","yoast_head_json":{"title":"Canti liturgici di Salomon Sulzer (1804-1890) - Institut Europ\u00e9en des Musiques Juives","robots":{"index":"index","follow":"follow","max-snippet":"max-snippet:-1","max-image-preview":"max-image-preview:large","max-video-preview":"max-video-preview:-1"},"canonical":"https:\/\/www.iemj.org\/it\/chants-liturgiques-de-salomon-sulzer-1804-1890\/","og_locale":"it_IT","og_type":"article","og_title":"Canti liturgici di Salomon Sulzer (1804-1890) - Institut Europ\u00e9en des Musiques Juives","og_description":"Le pi\u00f9 belle arie liturgiche di Salomon Sulzer, precursore della nuova musica sinagogale in Europa all&#8217;inizio dell&#8217;Ottocento","og_url":"https:\/\/www.iemj.org\/it\/chants-liturgiques-de-salomon-sulzer-1804-1890\/","og_site_name":"Institut Europ\u00e9en des Musiques Juives","article_publisher":"https:\/\/www.facebook.com\/MusiquesJuives\/","article_published_time":"2019-01-16T15:08:52+00:00","article_modified_time":"2025-07-09T11:15:25+00:00","og_image":[{"width":336,"height":409,"url":"https:\/\/www.iemj.org\/wp-content\/uploads\/2019\/01\/arton3892.jpg","type":"image\/jpeg"}],"author":"Herv\u00e9 Roten","twitter_card":"summary_large_image","twitter_misc":{"Scritto da":"Herv\u00e9 Roten","Tempo di lettura stimato":"2 minuti"},"schema":{"@context":"https:\/\/schema.org","@graph":[{"@type":"Article","@id":"https:\/\/www.iemj.org\/it\/chants-liturgiques-de-salomon-sulzer-1804-1890\/#article","isPartOf":{"@id":"https:\/\/www.iemj.org\/it\/chants-liturgiques-de-salomon-sulzer-1804-1890\/"},"author":{"name":"Herv\u00e9 Roten","@id":"https:\/\/www.iemj.org\/it\/#\/schema\/person\/906134402c29d5c76e7b726261dd4bbd"},"headline":"Canti liturgici di Salomon Sulzer (1804-1890)","datePublished":"2019-01-16T15:08:52+00:00","dateModified":"2025-07-09T11:15:25+00:00","mainEntityOfPage":{"@id":"https:\/\/www.iemj.org\/it\/chants-liturgiques-de-salomon-sulzer-1804-1890\/"},"wordCount":293,"publisher":{"@id":"https:\/\/www.iemj.org\/it\/#organization"},"image":{"@id":"https:\/\/www.iemj.org\/it\/chants-liturgiques-de-salomon-sulzer-1804-1890\/#primaryimage"},"thumbnailUrl":"https:\/\/www.iemj.org\/wp-content\/uploads\/2019\/01\/arton3892.jpg","articleSection":["Playlist"],"inLanguage":"it-IT"},{"@type":"WebPage","@id":"https:\/\/www.iemj.org\/it\/chants-liturgiques-de-salomon-sulzer-1804-1890\/","url":"https:\/\/www.iemj.org\/it\/chants-liturgiques-de-salomon-sulzer-1804-1890\/","name":"Canti liturgici di Salomon Sulzer (1804-1890) - Institut Europ\u00e9en des Musiques Juives","isPartOf":{"@id":"https:\/\/www.iemj.org\/it\/#website"},"primaryImageOfPage":{"@id":"https:\/\/www.iemj.org\/it\/chants-liturgiques-de-salomon-sulzer-1804-1890\/#primaryimage"},"image":{"@id":"https:\/\/www.iemj.org\/it\/chants-liturgiques-de-salomon-sulzer-1804-1890\/#primaryimage"},"thumbnailUrl":"https:\/\/www.iemj.org\/wp-content\/uploads\/2019\/01\/arton3892.jpg","datePublished":"2019-01-16T15:08:52+00:00","dateModified":"2025-07-09T11:15:25+00:00","breadcrumb":{"@id":"https:\/\/www.iemj.org\/it\/chants-liturgiques-de-salomon-sulzer-1804-1890\/#breadcrumb"},"inLanguage":"it-IT","potentialAction":[{"@type":"ReadAction","target":["https:\/\/www.iemj.org\/it\/chants-liturgiques-de-salomon-sulzer-1804-1890\/"]}]},{"@type":"ImageObject","inLanguage":"it-IT","@id":"https:\/\/www.iemj.org\/it\/chants-liturgiques-de-salomon-sulzer-1804-1890\/#primaryimage","url":"https:\/\/www.iemj.org\/wp-content\/uploads\/2019\/01\/arton3892.jpg","contentUrl":"https:\/\/www.iemj.org\/wp-content\/uploads\/2019\/01\/arton3892.jpg","width":336,"height":409},{"@type":"BreadcrumbList","@id":"https:\/\/www.iemj.org\/it\/chants-liturgiques-de-salomon-sulzer-1804-1890\/#breadcrumb","itemListElement":[{"@type":"ListItem","position":1,"name":"Accueil","item":"https:\/\/www.iemj.org\/it\/"},{"@type":"ListItem","position":2,"name":"Canti liturgici di Salomon Sulzer (1804-1890)"}]},{"@type":"WebSite","@id":"https:\/\/www.iemj.org\/it\/#website","url":"https:\/\/www.iemj.org\/it\/","name":"Institut Europ\u00e9en des Musiques Juives","description":"Des traditions musicales \u00e0 la port\u00e9e de tous","publisher":{"@id":"https:\/\/www.iemj.org\/it\/#organization"},"potentialAction":[{"@type":"SearchAction","target":{"@type":"EntryPoint","urlTemplate":"https:\/\/www.iemj.org\/it\/?s={search_term_string}"},"query-input":{"@type":"PropertyValueSpecification","valueRequired":true,"valueName":"search_term_string"}}],"inLanguage":"it-IT"},{"@type":"Organization","@id":"https:\/\/www.iemj.org\/it\/#organization","name":"Institut Europ\u00e9en des Musiques Juives","url":"https:\/\/www.iemj.org\/it\/","logo":{"@type":"ImageObject","inLanguage":"it-IT","@id":"https:\/\/www.iemj.org\/it\/#\/schema\/logo\/image\/","url":"https:\/\/www.iemj.org\/wp-content\/uploads\/2021\/09\/Logo-IEMJ-Paypal.jpg","contentUrl":"https:\/\/www.iemj.org\/wp-content\/uploads\/2021\/09\/Logo-IEMJ-Paypal.jpg","width":150,"height":50,"caption":"Institut Europ\u00e9en des Musiques Juives"},"image":{"@id":"https:\/\/www.iemj.org\/it\/#\/schema\/logo\/image\/"},"sameAs":["https:\/\/www.facebook.com\/MusiquesJuives\/","https:\/\/www.instagram.com\/musiquesjuives\/","https:\/\/www.youtube.com\/user\/musiquesjuives"]},{"@type":"Person","@id":"https:\/\/www.iemj.org\/it\/#\/schema\/person\/906134402c29d5c76e7b726261dd4bbd","name":"Herv\u00e9 Roten","image":{"@type":"ImageObject","inLanguage":"it-IT","@id":"https:\/\/secure.gravatar.com\/avatar\/f96ad2db538a26481f18384936b5cd0610c92d390c4dc382209216d455f685ff?s=96&d=mm&r=g","url":"https:\/\/secure.gravatar.com\/avatar\/f96ad2db538a26481f18384936b5cd0610c92d390c4dc382209216d455f685ff?s=96&d=mm&r=g","contentUrl":"https:\/\/secure.gravatar.com\/avatar\/f96ad2db538a26481f18384936b5cd0610c92d390c4dc382209216d455f685ff?s=96&d=mm&r=g","caption":"Herv\u00e9 Roten"}}]}},"_links":{"self":[{"href":"https:\/\/www.iemj.org\/it\/wp-json\/wp\/v2\/posts\/90161","targetHints":{"allow":["GET"]}}],"collection":[{"href":"https:\/\/www.iemj.org\/it\/wp-json\/wp\/v2\/posts"}],"about":[{"href":"https:\/\/www.iemj.org\/it\/wp-json\/wp\/v2\/types\/post"}],"author":[{"embeddable":true,"href":"https:\/\/www.iemj.org\/it\/wp-json\/wp\/v2\/users\/1045"}],"replies":[{"embeddable":true,"href":"https:\/\/www.iemj.org\/it\/wp-json\/wp\/v2\/comments?post=90161"}],"version-history":[{"count":0,"href":"https:\/\/www.iemj.org\/it\/wp-json\/wp\/v2\/posts\/90161\/revisions"}],"wp:featuredmedia":[{"embeddable":true,"href":"https:\/\/www.iemj.org\/it\/wp-json\/wp\/v2\/media\/90162"}],"wp:attachment":[{"href":"https:\/\/www.iemj.org\/it\/wp-json\/wp\/v2\/media?parent=90161"}],"wp:term":[{"taxonomy":"category","embeddable":true,"href":"https:\/\/www.iemj.org\/it\/wp-json\/wp\/v2\/categories?post=90161"},{"taxonomy":"post_tag","embeddable":true,"href":"https:\/\/www.iemj.org\/it\/wp-json\/wp\/v2\/tags?post=90161"},{"taxonomy":"technique","embeddable":true,"href":"https:\/\/www.iemj.org\/it\/wp-json\/wp\/v2\/technique?post=90161"},{"taxonomy":"squelettes","embeddable":true,"href":"https:\/\/www.iemj.org\/it\/wp-json\/wp\/v2\/squelettes?post=90161"},{"taxonomy":"sujet","embeddable":true,"href":"https:\/\/www.iemj.org\/it\/wp-json\/wp\/v2\/sujet?post=90161"},{"taxonomy":"formation","embeddable":true,"href":"https:\/\/www.iemj.org\/it\/wp-json\/wp\/v2\/formation?post=90161"},{"taxonomy":"genre","embeddable":true,"href":"https:\/\/www.iemj.org\/it\/wp-json\/wp\/v2\/genre?post=90161"},{"taxonomy":"fonds","embeddable":true,"href":"https:\/\/www.iemj.org\/it\/wp-json\/wp\/v2\/fonds?post=90161"},{"taxonomy":"tradition","embeddable":true,"href":"https:\/\/www.iemj.org\/it\/wp-json\/wp\/v2\/tradition?post=90161"},{"taxonomy":"type-de-contenu","embeddable":true,"href":"https:\/\/www.iemj.org\/it\/wp-json\/wp\/v2\/type-de-contenu?post=90161"},{"taxonomy":"interprete-compositeur","embeddable":true,"href":"https:\/\/www.iemj.org\/it\/wp-json\/wp\/v2\/interprete-compositeur?post=90161"},{"taxonomy":"frise","embeddable":true,"href":"https:\/\/www.iemj.org\/it\/wp-json\/wp\/v2\/frise?post=90161"},{"taxonomy":"type-devenement","embeddable":true,"href":"https:\/\/www.iemj.org\/it\/wp-json\/wp\/v2\/type-devenement?post=90161"},{"taxonomy":"tableaux-liens-externes","embeddable":true,"href":"https:\/\/www.iemj.org\/it\/wp-json\/wp\/v2\/tableaux-liens-externes?post=90161"}],"curies":[{"name":"wp","href":"https:\/\/api.w.org\/{rel}","templated":true}]}}