{"id":90169,"date":"2018-10-17T16:25:15","date_gmt":"2018-10-17T14:25:15","guid":{"rendered":"https:\/\/www.iemj.org\/chants-des-juifs-du-maroc-2\/"},"modified":"2025-07-08T17:29:45","modified_gmt":"2025-07-08T15:29:45","slug":"chants-des-juifs-du-maroc-2","status":"publish","type":"post","link":"https:\/\/www.iemj.org\/it\/chants-des-juifs-du-maroc-2\/","title":{"rendered":"<strong>Canti degli ebrei marocchini 2<\/strong>"},"content":{"rendered":"<p><strong>La musica giudeo-marocchina nasce dalla fusione delle culture marocchine e andaluse<\/strong><\/p>\n<p><!--more--><\/p>\n<p>Con lo sviluppo dei mezzi di registrazione e la democratizzazione dei vinili, la musica degli ebrei del Marocco si \u00e8 diffusa in tutto il mondo, facendo emergere nuovi interpreti.<\/p>\n<p><img decoding=\"async\" class=\"wp-image-21276 alignright\" src=\"https:\/\/www.iemj.org\/wp-content\/uploads\/2018\/10\/doc_2_maroc_2_500px.jpg\" alt=\"doc_2_maroc_2_500px.jpg\" width=\"170\" height=\"266\" align=\"right\" srcset=\"https:\/\/www.iemj.org\/wp-content\/uploads\/2018\/10\/doc_2_maroc_2_500px.jpg 226w, https:\/\/www.iemj.org\/wp-content\/uploads\/2018\/10\/doc_2_maroc_2_500px-192x300.jpg 192w\" sizes=\"(max-width: 170px) 100vw, 170px\" \/><\/p>\n<p>\u00c8 il caso di Sami El Maghribi, il cui vero nome \u00e8 Salomon Amzallag, che \u00e8 uno dei pionieri della canzone classica marocchina. Nello stile musicale del Cha\u00e2bi marocchino (melodia popolare), la cantante Raymonde El Bidaouia si distingue accanto a Cheikh Mwijo.<\/p>\n<p>Nascono artisti pi\u00f9 contemporanei come Vanessa Paloma, cantante giudeo-spagnola specializzata nel repertorio musicale giudeo-marocchino o Keren Esther che ci fa scoprire tutta la profondit\u00e0 del suo patrimonio musicale cullato dalle canzoni giudeo-spagnole di sua madre originaria di Tangeri.<\/p>\n<p><a href=\"https:\/\/www.iemj.org\/le-chant-judeo-espagnol-des-femmes-du-maroc\/\" target=\"_blank\" rel=\"noopener\"><img fetchpriority=\"high\" decoding=\"async\" class=\"size-medium wp-image-21278 alignleft\" src=\"https:\/\/www.iemj.org\/wp-content\/uploads\/2018\/10\/doc_1_maroc_2_500px65-189x300.jpg\" alt=\"doc_1_maroc_2_500px65.jpg\" width=\"189\" height=\"300\" srcset=\"https:\/\/www.iemj.org\/wp-content\/uploads\/2018\/10\/doc_1_maroc_2_500px65-189x300.jpg 189w, https:\/\/www.iemj.org\/wp-content\/uploads\/2018\/10\/doc_1_maroc_2_500px65.jpg 195w\" sizes=\"(max-width: 189px) 100vw, 189px\" \/><u>Ascoltare il programma radiofonico: Il canto giudeo-spagnolo delle donne del Marocco con Vanessa Paloma e Herv\u00e9 Roten<\/u>\u00a0<\/a><\/p>\n<p><a href=\"https:\/\/www.iemj.org\/it\/produit\/fuente-nueva\/\" target=\"_blank\" rel=\"noopener\">Ordinare il CD Fuente Nueva, canti tradizionali giudeo-marocchini COLLEZIONE SCOPERTA, VOL. 4<\/a><\/p>\n<p><a href=\"http:\/\/www.akadem.org\/sommaire\/themes\/culture\/musique\/musique-judeo-andalouse\/orchestre-chabab-al-andalous-de-rabat-04-03-2008-7214_416.php\" target=\"_blank\" rel=\"noopener\">Visionare l&#8217;Orchestra &#8220;Chabab Al Andalous&#8221; di Rabat, con Ha\u00efm Louk sul sito web di Akadem<\/a><\/p>\n\n<div class=\"wp-block-image\">\n<figure class=\"aligncenter size-large\"><img decoding=\"async\" width=\"1024\" height=\"133\" src=\"https:\/\/www.iemj.org\/wp-content\/uploads\/2024\/03\/AUDIO-PLAYER-1024x133.png\" alt=\"\" class=\"wp-image-110609\" srcset=\"https:\/\/www.iemj.org\/wp-content\/uploads\/2024\/03\/AUDIO-PLAYER-1024x133.png 1024w, https:\/\/www.iemj.org\/wp-content\/uploads\/2024\/03\/AUDIO-PLAYER-300x39.png 300w, https:\/\/www.iemj.org\/wp-content\/uploads\/2024\/03\/AUDIO-PLAYER-768x100.png 768w, https:\/\/www.iemj.org\/wp-content\/uploads\/2024\/03\/AUDIO-PLAYER-600x78.png 600w, https:\/\/www.iemj.org\/wp-content\/uploads\/2024\/03\/AUDIO-PLAYER.png 1210w\" sizes=\"(max-width: 1024px) 100vw, 1024px\" \/><\/figure>\n<\/div>\n\n\n<h2 class=\"wp-block-heading\"><\/h2>\n\n\n\n<div class=\"wp-block-file\"><a id=\"wp-block-file--media-766dcd97-d0bb-4a99-a3f5-53836a7c0fb7\" href=\"https:\/\/www.iemj.org\/wp-content\/uploads\/2018\/10\/ahlan_ouasahlan_-_maurice_el_medioni.mp3\">Ahlan Ouasahlan &#8211; Maurice El M\u00e9dioni<\/a><\/div>\n\n\n\n<div class=\"wp-block-file\"><a id=\"wp-block-file--media-472b1fa1-bc15-4468-b660-40e6c979b0a8\" href=\"https:\/\/www.iemj.org\/wp-content\/uploads\/2018\/10\/chant_de_mariage_extrait_-_thunayya_qaddura.mp3\">Chant de mariage (EXTRAIT) &#8211; Thunayya Qaddura<\/a><\/div>\n\n\n\n<div class=\"wp-block-file\"><a id=\"wp-block-file--media-c95196f3-b587-49e4-8532-f177f037f965\" href=\"https:\/\/www.iemj.org\/wp-content\/uploads\/2018\/10\/chir_melekh_-_chants_des_juifs_du_maroc.mp3\">Chir Melekh &#8211; Chants des Juifs du Maroc<\/a><\/div>\n\n\n\n<div class=\"wp-block-file\"><a id=\"wp-block-file--media-ed13f931-7110-4329-b818-08e8efbb6b37\" href=\"https:\/\/www.iemj.org\/wp-content\/uploads\/2018\/10\/dourbia_extrait_-_pirhei_yerushalayim.mp3\">Dourbia (EXTRAIT) &#8211; Pirhei Yerushalayim<\/a><\/div>\n\n\n\n<div class=\"wp-block-file\"><a id=\"wp-block-file--media-5c12f2d1-a170-48a6-bbf0-bc012a010486\" href=\"https:\/\/www.iemj.org\/wp-content\/uploads\/2018\/10\/ben_elbarah_li_elyom_-_groupe_lahakat_sfataim.mp3\">Ben elbarah li elyom &#8211; Groupe Lahakat Sfataim<\/a><\/div>\n\n\n\n<div class=\"wp-block-file\"><a id=\"wp-block-file--media-39e63071-5322-49ea-8183-e287d858591d\" href=\"https:\/\/www.iemj.org\/wp-content\/uploads\/2018\/10\/hamouda_-_michel_cohen.mp3\">Hamouda &#8211; Michel Cohen<\/a><\/div>\n\n\n\n<div class=\"wp-block-file\"><a id=\"wp-block-file--media-4b5eec27-a654-4d15-a309-999ba2f7693b\" href=\"https:\/\/www.iemj.org\/wp-content\/uploads\/2018\/10\/lomima_extrait_-_esther_elfasi.mp3\">Lomima (EXTRAIT) &#8211; Esther Elfasi<\/a><\/div>\n\n\n\n<div class=\"wp-block-file\"><a id=\"wp-block-file--media-6a9f96bb-2ee4-4485-8100-d99ef3d8d57c\" href=\"https:\/\/www.iemj.org\/wp-content\/uploads\/2018\/10\/ma_navou_al_heharim_-_haim_harboun.mp3\">Ma navou al heharim &#8211; Ha\u00efm Harboun<\/a><\/div>\n\n\n\n<div class=\"wp-block-file\"><a id=\"wp-block-file--media-70bb44bf-4a7a-494f-86f2-5604884901a2\" href=\"https:\/\/www.iemj.org\/wp-content\/uploads\/2018\/10\/mama_diali_extrait_-pirhei_yerushalayim.mp3\">Mama Diali (EXTRAIT) -Pirhei Yerushalayim<\/a><\/div>\n\n\n\n<div class=\"wp-block-file\"><a id=\"wp-block-file--media-108ecfed-fd5a-4b6c-9298-a9a0d0d072e8\" href=\"https:\/\/www.iemj.org\/wp-content\/uploads\/2018\/10\/ohil_yom_-_chants_des_juifs_du_maroc.mp3\">Ohil Yom &#8211; Chants des Juifs du Maroc<\/a><\/div>\n\n\n\n<div class=\"wp-block-file\"><a id=\"wp-block-file--media-32479d69-c689-402b-a809-8a2ebce3097c\" href=\"https:\/\/www.iemj.org\/wp-content\/uploads\/2018\/10\/omri_maninsak_ya_mama_extrait_-_samy_elmaghribi_.mp3\">Omri Maninsak ya mama (EXTRAIT) &#8211; Samy Elmaghribi <\/a><\/div>\n\n\n\n<div class=\"wp-block-file\"><a id=\"wp-block-file--media-ac7664a8-763b-44b0-9a1d-1836d1c4e4ce\" href=\"https:\/\/www.iemj.org\/wp-content\/uploads\/2018\/10\/scalerica_extrait_-_francoise_atlan.mp3\">Scalerica (EXTRAIT) &#8211; Fran\u00e7oise Atlan<\/a><\/div>\n\n\n\n<div class=\"wp-block-file\"><a id=\"wp-block-file--media-8545a514-91a9-4bb5-bde8-fff6db673e64\" href=\"https:\/\/www.iemj.org\/wp-content\/uploads\/2018\/10\/morenika_-_keren_esther.mp3\">Morenika &#8211; Keren Esther<\/a><\/div>\n","protected":false},"excerpt":{"rendered":"<p>La musica giudeo-marocchina nasce dalla fusione delle culture marocchine e andaluse<\/p>\n","protected":false},"author":1052,"featured_media":90170,"comment_status":"closed","ping_status":"open","sticky":false,"template":"","format":"standard","meta":{"_acf_changed":false,"footnotes":""},"categories":[1536],"tags":[],"technique":[],"squelettes":[],"sujet":[],"formation":[],"genre":[],"fonds":[],"tradition":[],"type-de-contenu":[],"interprete-compositeur":[],"frise":[],"type-devenement":[],"tableaux-liens-externes":[],"class_list":["post-90169","post","type-post","status-publish","format-standard","has-post-thumbnail","hentry","category-playlist-it"],"acf":[],"yoast_head":"<!-- This site is optimized with the Yoast SEO plugin v27.3 - https:\/\/yoast.com\/product\/yoast-seo-wordpress\/ -->\n<title>Canti degli ebrei marocchini 2 - Institut Europ\u00e9en des Musiques Juives<\/title>\n<meta name=\"robots\" content=\"index, follow, max-snippet:-1, max-image-preview:large, max-video-preview:-1\" \/>\n<link rel=\"canonical\" href=\"https:\/\/www.iemj.org\/it\/chants-des-juifs-du-maroc-2\/\" \/>\n<meta property=\"og:locale\" content=\"it_IT\" \/>\n<meta property=\"og:type\" content=\"article\" \/>\n<meta property=\"og:title\" content=\"Canti degli ebrei marocchini 2 - Institut Europ\u00e9en des Musiques Juives\" \/>\n<meta property=\"og:description\" content=\"La musica giudeo-marocchina nasce dalla fusione delle culture marocchine e andaluse\" \/>\n<meta property=\"og:url\" content=\"https:\/\/www.iemj.org\/it\/chants-des-juifs-du-maroc-2\/\" \/>\n<meta property=\"og:site_name\" content=\"Institut Europ\u00e9en des Musiques Juives\" \/>\n<meta property=\"article:publisher\" content=\"https:\/\/www.facebook.com\/MusiquesJuives\/\" \/>\n<meta property=\"article:published_time\" content=\"2018-10-17T14:25:15+00:00\" \/>\n<meta property=\"article:modified_time\" content=\"2025-07-08T15:29:45+00:00\" \/>\n<meta property=\"og:image\" content=\"https:\/\/www.iemj.org\/wp-content\/uploads\/2018\/10\/arton3684.jpg\" \/>\n\t<meta property=\"og:image:width\" content=\"400\" \/>\n\t<meta property=\"og:image:height\" content=\"519\" \/>\n\t<meta property=\"og:image:type\" content=\"image\/jpeg\" \/>\n<meta name=\"author\" content=\"Lea Couderc\" \/>\n<meta name=\"twitter:card\" content=\"summary_large_image\" \/>\n<meta name=\"twitter:label1\" content=\"Scritto da\" \/>\n\t<meta name=\"twitter:data1\" content=\"Lea Couderc\" \/>\n\t<meta name=\"twitter:label2\" content=\"Tempo di lettura stimato\" \/>\n\t<meta name=\"twitter:data2\" content=\"2 minuti\" \/>\n<script type=\"application\/ld+json\" class=\"yoast-schema-graph\">{\"@context\":\"https:\\\/\\\/schema.org\",\"@graph\":[{\"@type\":\"Article\",\"@id\":\"https:\\\/\\\/www.iemj.org\\\/it\\\/chants-des-juifs-du-maroc-2\\\/#article\",\"isPartOf\":{\"@id\":\"https:\\\/\\\/www.iemj.org\\\/it\\\/chants-des-juifs-du-maroc-2\\\/\"},\"author\":{\"name\":\"Lea Couderc\",\"@id\":\"https:\\\/\\\/www.iemj.org\\\/it\\\/#\\\/schema\\\/person\\\/e2ad57f2c4be119c7ed8ab79036807a9\"},\"headline\":\"Canti degli ebrei marocchini 2\",\"datePublished\":\"2018-10-17T14:25:15+00:00\",\"dateModified\":\"2025-07-08T15:29:45+00:00\",\"mainEntityOfPage\":{\"@id\":\"https:\\\/\\\/www.iemj.org\\\/it\\\/chants-des-juifs-du-maroc-2\\\/\"},\"wordCount\":249,\"publisher\":{\"@id\":\"https:\\\/\\\/www.iemj.org\\\/it\\\/#organization\"},\"image\":{\"@id\":\"https:\\\/\\\/www.iemj.org\\\/it\\\/chants-des-juifs-du-maroc-2\\\/#primaryimage\"},\"thumbnailUrl\":\"https:\\\/\\\/www.iemj.org\\\/wp-content\\\/uploads\\\/2018\\\/10\\\/arton3684.jpg\",\"articleSection\":[\"Playlist\"],\"inLanguage\":\"it-IT\"},{\"@type\":\"WebPage\",\"@id\":\"https:\\\/\\\/www.iemj.org\\\/it\\\/chants-des-juifs-du-maroc-2\\\/\",\"url\":\"https:\\\/\\\/www.iemj.org\\\/it\\\/chants-des-juifs-du-maroc-2\\\/\",\"name\":\"Canti degli ebrei marocchini 2 - Institut Europ\u00e9en des Musiques Juives\",\"isPartOf\":{\"@id\":\"https:\\\/\\\/www.iemj.org\\\/it\\\/#website\"},\"primaryImageOfPage\":{\"@id\":\"https:\\\/\\\/www.iemj.org\\\/it\\\/chants-des-juifs-du-maroc-2\\\/#primaryimage\"},\"image\":{\"@id\":\"https:\\\/\\\/www.iemj.org\\\/it\\\/chants-des-juifs-du-maroc-2\\\/#primaryimage\"},\"thumbnailUrl\":\"https:\\\/\\\/www.iemj.org\\\/wp-content\\\/uploads\\\/2018\\\/10\\\/arton3684.jpg\",\"datePublished\":\"2018-10-17T14:25:15+00:00\",\"dateModified\":\"2025-07-08T15:29:45+00:00\",\"breadcrumb\":{\"@id\":\"https:\\\/\\\/www.iemj.org\\\/it\\\/chants-des-juifs-du-maroc-2\\\/#breadcrumb\"},\"inLanguage\":\"it-IT\",\"potentialAction\":[{\"@type\":\"ReadAction\",\"target\":[\"https:\\\/\\\/www.iemj.org\\\/it\\\/chants-des-juifs-du-maroc-2\\\/\"]}]},{\"@type\":\"ImageObject\",\"inLanguage\":\"it-IT\",\"@id\":\"https:\\\/\\\/www.iemj.org\\\/it\\\/chants-des-juifs-du-maroc-2\\\/#primaryimage\",\"url\":\"https:\\\/\\\/www.iemj.org\\\/wp-content\\\/uploads\\\/2018\\\/10\\\/arton3684.jpg\",\"contentUrl\":\"https:\\\/\\\/www.iemj.org\\\/wp-content\\\/uploads\\\/2018\\\/10\\\/arton3684.jpg\",\"width\":400,\"height\":519},{\"@type\":\"BreadcrumbList\",\"@id\":\"https:\\\/\\\/www.iemj.org\\\/it\\\/chants-des-juifs-du-maroc-2\\\/#breadcrumb\",\"itemListElement\":[{\"@type\":\"ListItem\",\"position\":1,\"name\":\"Accueil\",\"item\":\"https:\\\/\\\/www.iemj.org\\\/it\\\/\"},{\"@type\":\"ListItem\",\"position\":2,\"name\":\"Canti degli ebrei marocchini 2\"}]},{\"@type\":\"WebSite\",\"@id\":\"https:\\\/\\\/www.iemj.org\\\/it\\\/#website\",\"url\":\"https:\\\/\\\/www.iemj.org\\\/it\\\/\",\"name\":\"Institut Europ\u00e9en des Musiques Juives\",\"description\":\"Des traditions musicales \u00e0 la port\u00e9e de tous\",\"publisher\":{\"@id\":\"https:\\\/\\\/www.iemj.org\\\/it\\\/#organization\"},\"potentialAction\":[{\"@type\":\"SearchAction\",\"target\":{\"@type\":\"EntryPoint\",\"urlTemplate\":\"https:\\\/\\\/www.iemj.org\\\/it\\\/?s={search_term_string}\"},\"query-input\":{\"@type\":\"PropertyValueSpecification\",\"valueRequired\":true,\"valueName\":\"search_term_string\"}}],\"inLanguage\":\"it-IT\"},{\"@type\":\"Organization\",\"@id\":\"https:\\\/\\\/www.iemj.org\\\/it\\\/#organization\",\"name\":\"Institut Europ\u00e9en des Musiques Juives\",\"url\":\"https:\\\/\\\/www.iemj.org\\\/it\\\/\",\"logo\":{\"@type\":\"ImageObject\",\"inLanguage\":\"it-IT\",\"@id\":\"https:\\\/\\\/www.iemj.org\\\/it\\\/#\\\/schema\\\/logo\\\/image\\\/\",\"url\":\"https:\\\/\\\/www.iemj.org\\\/wp-content\\\/uploads\\\/2021\\\/09\\\/Logo-IEMJ-Paypal.jpg\",\"contentUrl\":\"https:\\\/\\\/www.iemj.org\\\/wp-content\\\/uploads\\\/2021\\\/09\\\/Logo-IEMJ-Paypal.jpg\",\"width\":150,\"height\":50,\"caption\":\"Institut Europ\u00e9en des Musiques Juives\"},\"image\":{\"@id\":\"https:\\\/\\\/www.iemj.org\\\/it\\\/#\\\/schema\\\/logo\\\/image\\\/\"},\"sameAs\":[\"https:\\\/\\\/www.facebook.com\\\/MusiquesJuives\\\/\",\"https:\\\/\\\/www.instagram.com\\\/musiquesjuives\\\/\",\"https:\\\/\\\/www.youtube.com\\\/user\\\/musiquesjuives\"]},{\"@type\":\"Person\",\"@id\":\"https:\\\/\\\/www.iemj.org\\\/it\\\/#\\\/schema\\\/person\\\/e2ad57f2c4be119c7ed8ab79036807a9\",\"name\":\"Lea Couderc\",\"image\":{\"@type\":\"ImageObject\",\"inLanguage\":\"it-IT\",\"@id\":\"https:\\\/\\\/secure.gravatar.com\\\/avatar\\\/46ee021475d60aeff17a7e490b79dea5a5684bb392ab7fd1494027411df8ba23?s=96&d=mm&r=g\",\"url\":\"https:\\\/\\\/secure.gravatar.com\\\/avatar\\\/46ee021475d60aeff17a7e490b79dea5a5684bb392ab7fd1494027411df8ba23?s=96&d=mm&r=g\",\"contentUrl\":\"https:\\\/\\\/secure.gravatar.com\\\/avatar\\\/46ee021475d60aeff17a7e490b79dea5a5684bb392ab7fd1494027411df8ba23?s=96&d=mm&r=g\",\"caption\":\"Lea Couderc\"}}]}<\/script>\n<!-- \/ Yoast SEO plugin. -->","yoast_head_json":{"title":"Canti degli ebrei marocchini 2 - Institut Europ\u00e9en des Musiques Juives","robots":{"index":"index","follow":"follow","max-snippet":"max-snippet:-1","max-image-preview":"max-image-preview:large","max-video-preview":"max-video-preview:-1"},"canonical":"https:\/\/www.iemj.org\/it\/chants-des-juifs-du-maroc-2\/","og_locale":"it_IT","og_type":"article","og_title":"Canti degli ebrei marocchini 2 - Institut Europ\u00e9en des Musiques Juives","og_description":"La musica giudeo-marocchina nasce dalla fusione delle culture marocchine e andaluse","og_url":"https:\/\/www.iemj.org\/it\/chants-des-juifs-du-maroc-2\/","og_site_name":"Institut Europ\u00e9en des Musiques Juives","article_publisher":"https:\/\/www.facebook.com\/MusiquesJuives\/","article_published_time":"2018-10-17T14:25:15+00:00","article_modified_time":"2025-07-08T15:29:45+00:00","og_image":[{"width":400,"height":519,"url":"https:\/\/www.iemj.org\/wp-content\/uploads\/2018\/10\/arton3684.jpg","type":"image\/jpeg"}],"author":"Lea Couderc","twitter_card":"summary_large_image","twitter_misc":{"Scritto da":"Lea Couderc","Tempo di lettura stimato":"2 minuti"},"schema":{"@context":"https:\/\/schema.org","@graph":[{"@type":"Article","@id":"https:\/\/www.iemj.org\/it\/chants-des-juifs-du-maroc-2\/#article","isPartOf":{"@id":"https:\/\/www.iemj.org\/it\/chants-des-juifs-du-maroc-2\/"},"author":{"name":"Lea Couderc","@id":"https:\/\/www.iemj.org\/it\/#\/schema\/person\/e2ad57f2c4be119c7ed8ab79036807a9"},"headline":"Canti degli ebrei marocchini 2","datePublished":"2018-10-17T14:25:15+00:00","dateModified":"2025-07-08T15:29:45+00:00","mainEntityOfPage":{"@id":"https:\/\/www.iemj.org\/it\/chants-des-juifs-du-maroc-2\/"},"wordCount":249,"publisher":{"@id":"https:\/\/www.iemj.org\/it\/#organization"},"image":{"@id":"https:\/\/www.iemj.org\/it\/chants-des-juifs-du-maroc-2\/#primaryimage"},"thumbnailUrl":"https:\/\/www.iemj.org\/wp-content\/uploads\/2018\/10\/arton3684.jpg","articleSection":["Playlist"],"inLanguage":"it-IT"},{"@type":"WebPage","@id":"https:\/\/www.iemj.org\/it\/chants-des-juifs-du-maroc-2\/","url":"https:\/\/www.iemj.org\/it\/chants-des-juifs-du-maroc-2\/","name":"Canti degli ebrei marocchini 2 - Institut Europ\u00e9en des Musiques Juives","isPartOf":{"@id":"https:\/\/www.iemj.org\/it\/#website"},"primaryImageOfPage":{"@id":"https:\/\/www.iemj.org\/it\/chants-des-juifs-du-maroc-2\/#primaryimage"},"image":{"@id":"https:\/\/www.iemj.org\/it\/chants-des-juifs-du-maroc-2\/#primaryimage"},"thumbnailUrl":"https:\/\/www.iemj.org\/wp-content\/uploads\/2018\/10\/arton3684.jpg","datePublished":"2018-10-17T14:25:15+00:00","dateModified":"2025-07-08T15:29:45+00:00","breadcrumb":{"@id":"https:\/\/www.iemj.org\/it\/chants-des-juifs-du-maroc-2\/#breadcrumb"},"inLanguage":"it-IT","potentialAction":[{"@type":"ReadAction","target":["https:\/\/www.iemj.org\/it\/chants-des-juifs-du-maroc-2\/"]}]},{"@type":"ImageObject","inLanguage":"it-IT","@id":"https:\/\/www.iemj.org\/it\/chants-des-juifs-du-maroc-2\/#primaryimage","url":"https:\/\/www.iemj.org\/wp-content\/uploads\/2018\/10\/arton3684.jpg","contentUrl":"https:\/\/www.iemj.org\/wp-content\/uploads\/2018\/10\/arton3684.jpg","width":400,"height":519},{"@type":"BreadcrumbList","@id":"https:\/\/www.iemj.org\/it\/chants-des-juifs-du-maroc-2\/#breadcrumb","itemListElement":[{"@type":"ListItem","position":1,"name":"Accueil","item":"https:\/\/www.iemj.org\/it\/"},{"@type":"ListItem","position":2,"name":"Canti degli ebrei marocchini 2"}]},{"@type":"WebSite","@id":"https:\/\/www.iemj.org\/it\/#website","url":"https:\/\/www.iemj.org\/it\/","name":"Institut Europ\u00e9en des Musiques Juives","description":"Des traditions musicales \u00e0 la port\u00e9e de tous","publisher":{"@id":"https:\/\/www.iemj.org\/it\/#organization"},"potentialAction":[{"@type":"SearchAction","target":{"@type":"EntryPoint","urlTemplate":"https:\/\/www.iemj.org\/it\/?s={search_term_string}"},"query-input":{"@type":"PropertyValueSpecification","valueRequired":true,"valueName":"search_term_string"}}],"inLanguage":"it-IT"},{"@type":"Organization","@id":"https:\/\/www.iemj.org\/it\/#organization","name":"Institut Europ\u00e9en des Musiques Juives","url":"https:\/\/www.iemj.org\/it\/","logo":{"@type":"ImageObject","inLanguage":"it-IT","@id":"https:\/\/www.iemj.org\/it\/#\/schema\/logo\/image\/","url":"https:\/\/www.iemj.org\/wp-content\/uploads\/2021\/09\/Logo-IEMJ-Paypal.jpg","contentUrl":"https:\/\/www.iemj.org\/wp-content\/uploads\/2021\/09\/Logo-IEMJ-Paypal.jpg","width":150,"height":50,"caption":"Institut Europ\u00e9en des Musiques Juives"},"image":{"@id":"https:\/\/www.iemj.org\/it\/#\/schema\/logo\/image\/"},"sameAs":["https:\/\/www.facebook.com\/MusiquesJuives\/","https:\/\/www.instagram.com\/musiquesjuives\/","https:\/\/www.youtube.com\/user\/musiquesjuives"]},{"@type":"Person","@id":"https:\/\/www.iemj.org\/it\/#\/schema\/person\/e2ad57f2c4be119c7ed8ab79036807a9","name":"Lea Couderc","image":{"@type":"ImageObject","inLanguage":"it-IT","@id":"https:\/\/secure.gravatar.com\/avatar\/46ee021475d60aeff17a7e490b79dea5a5684bb392ab7fd1494027411df8ba23?s=96&d=mm&r=g","url":"https:\/\/secure.gravatar.com\/avatar\/46ee021475d60aeff17a7e490b79dea5a5684bb392ab7fd1494027411df8ba23?s=96&d=mm&r=g","contentUrl":"https:\/\/secure.gravatar.com\/avatar\/46ee021475d60aeff17a7e490b79dea5a5684bb392ab7fd1494027411df8ba23?s=96&d=mm&r=g","caption":"Lea Couderc"}}]}},"_links":{"self":[{"href":"https:\/\/www.iemj.org\/it\/wp-json\/wp\/v2\/posts\/90169","targetHints":{"allow":["GET"]}}],"collection":[{"href":"https:\/\/www.iemj.org\/it\/wp-json\/wp\/v2\/posts"}],"about":[{"href":"https:\/\/www.iemj.org\/it\/wp-json\/wp\/v2\/types\/post"}],"author":[{"embeddable":true,"href":"https:\/\/www.iemj.org\/it\/wp-json\/wp\/v2\/users\/1052"}],"replies":[{"embeddable":true,"href":"https:\/\/www.iemj.org\/it\/wp-json\/wp\/v2\/comments?post=90169"}],"version-history":[{"count":0,"href":"https:\/\/www.iemj.org\/it\/wp-json\/wp\/v2\/posts\/90169\/revisions"}],"wp:featuredmedia":[{"embeddable":true,"href":"https:\/\/www.iemj.org\/it\/wp-json\/wp\/v2\/media\/90170"}],"wp:attachment":[{"href":"https:\/\/www.iemj.org\/it\/wp-json\/wp\/v2\/media?parent=90169"}],"wp:term":[{"taxonomy":"category","embeddable":true,"href":"https:\/\/www.iemj.org\/it\/wp-json\/wp\/v2\/categories?post=90169"},{"taxonomy":"post_tag","embeddable":true,"href":"https:\/\/www.iemj.org\/it\/wp-json\/wp\/v2\/tags?post=90169"},{"taxonomy":"technique","embeddable":true,"href":"https:\/\/www.iemj.org\/it\/wp-json\/wp\/v2\/technique?post=90169"},{"taxonomy":"squelettes","embeddable":true,"href":"https:\/\/www.iemj.org\/it\/wp-json\/wp\/v2\/squelettes?post=90169"},{"taxonomy":"sujet","embeddable":true,"href":"https:\/\/www.iemj.org\/it\/wp-json\/wp\/v2\/sujet?post=90169"},{"taxonomy":"formation","embeddable":true,"href":"https:\/\/www.iemj.org\/it\/wp-json\/wp\/v2\/formation?post=90169"},{"taxonomy":"genre","embeddable":true,"href":"https:\/\/www.iemj.org\/it\/wp-json\/wp\/v2\/genre?post=90169"},{"taxonomy":"fonds","embeddable":true,"href":"https:\/\/www.iemj.org\/it\/wp-json\/wp\/v2\/fonds?post=90169"},{"taxonomy":"tradition","embeddable":true,"href":"https:\/\/www.iemj.org\/it\/wp-json\/wp\/v2\/tradition?post=90169"},{"taxonomy":"type-de-contenu","embeddable":true,"href":"https:\/\/www.iemj.org\/it\/wp-json\/wp\/v2\/type-de-contenu?post=90169"},{"taxonomy":"interprete-compositeur","embeddable":true,"href":"https:\/\/www.iemj.org\/it\/wp-json\/wp\/v2\/interprete-compositeur?post=90169"},{"taxonomy":"frise","embeddable":true,"href":"https:\/\/www.iemj.org\/it\/wp-json\/wp\/v2\/frise?post=90169"},{"taxonomy":"type-devenement","embeddable":true,"href":"https:\/\/www.iemj.org\/it\/wp-json\/wp\/v2\/type-devenement?post=90169"},{"taxonomy":"tableaux-liens-externes","embeddable":true,"href":"https:\/\/www.iemj.org\/it\/wp-json\/wp\/v2\/tableaux-liens-externes?post=90169"}],"curies":[{"name":"wp","href":"https:\/\/api.w.org\/{rel}","templated":true}]}}