{"id":90175,"date":"2017-03-15T09:51:43","date_gmt":"2017-03-15T08:51:43","guid":{"rendered":"https:\/\/www.iemj.org\/comptines-et-autres-chansons-enfantines-1\/"},"modified":"2025-06-19T12:59:40","modified_gmt":"2025-06-19T10:59:40","slug":"comptines-et-autres-chansons-enfantines-1","status":"publish","type":"post","link":"https:\/\/www.iemj.org\/it\/comptines-et-autres-chansons-enfantines-1\/","title":{"rendered":"<strong>Filastrocche e altre canzoni per bambini 1<\/strong>"},"content":{"rendered":"<p><strong>Il repertorio di canzoni per bambini<\/strong><\/p>\n<p><!--more--><\/p>\n<p>Sotto l&#8217;apparente semplicit\u00e0 melodica e ritmica delle canzoni per bambini, vi \u00e8 spesso anche uno scopo pedagogico.<\/p>\n<p>Le filastrocche sono solitamente trasmesse per tradizione orale proprio come i detti, i proverbi ed i racconti. In effetti, l&#8217;uso di un ritmo e di suoni scanditi facilita l&#8217;apprendimento.<\/p>\n<p>In particolare, questa playlist presenta una registrazione dell&#8217;alfabeto ebraico cantato da dei bambini dello Yemen &#8220;Aleph-bet: Apprendimento cantato dell\u2019alfabeto, Yemen&#8221; dal libro (accompagnato da un CD) <a style=\"font-size: revert; background-color: var(--bs-body-bg); font-family: var(--bs-body-font-family); font-weight: var(--bs-body-font-weight); text-align: var(--bs-body-text-align);\" href=\"https:\/\/www.iemj.org\/it\/musiques-liturgiques-juives\/\" target=\"_blank\" rel=\"noopener\">Musiques liturgiques juives : Parcours et escales de Herv\u00e9 Roten (<u><em>Musiche liturgiche ebraiche: Percorsi e scali di Herv\u00e9 Roten<\/em>)<\/u><\/a><\/p>\n<p><a href=\"https:\/\/www.iemj.org\/it\/comptines-et-autres-chansons-enfantines-2\/\" target=\"_blank\" rel=\"noopener\">Ascoltare la seconda playlist : Filastrocche ed altre canzoni per bambini<\/a><\/p>\n<p><img fetchpriority=\"high\" decoding=\"async\" class=\" aligncenter size-full wp-image-13551\" src=\"https:\/\/www.iemj.org\/wp-content\/uploads\/2017\/03\/doc_1_chansons_enfants_500px65.jpg\" alt=\"doc_1_chansons_enfants_500px65.jpg\" width=\"325\" height=\"221\" align=\"middle\" srcset=\"https:\/\/www.iemj.org\/wp-content\/uploads\/2017\/03\/doc_1_chansons_enfants_500px65.jpg 325w, https:\/\/www.iemj.org\/wp-content\/uploads\/2017\/03\/doc_1_chansons_enfants_500px65-300x204.jpg 300w\" sizes=\"(max-width: 325px) 100vw, 325px\" \/><\/p>\n<div style=\"text-align: center;\">\n<div style=\"margin: 8px 0px 4px;\"><a href=\"http:\/\/www.calameo.com\/books\/004612749412d95dd8fd9\" target=\"_blank\" rel=\"noopener noreferrer\">Al Giardino dei Tre Colori<\/a><\/div>\n<p><iframe style=\"margin: 0 auto;\" src=\"\/\/v.calameo.com\/?bkcode=004612749412d95dd8fd9&amp;mode=mini\" width=\"480\" height=\"300\" frameborder=\"0\" scrolling=\"no\" allowfullscreen=\"allowfullscreen\"><\/iframe><\/p>\n<div style=\"margin: 4px 0px 8px;\">\n<p><a href=\"http:\/\/www.calameo.com\/\">Leggere altre pubblicazioni su Calameo<\/a><\/p>\n<\/div>\n<\/div>\n\n<div class=\"wp-block-image\">\n<figure class=\"aligncenter size-large\"><img decoding=\"async\" width=\"1024\" height=\"133\" src=\"https:\/\/www.iemj.org\/wp-content\/uploads\/2024\/03\/AUDIO-PLAYER-1024x133.png\" alt=\"\" class=\"wp-image-110609\" srcset=\"https:\/\/www.iemj.org\/wp-content\/uploads\/2024\/03\/AUDIO-PLAYER-1024x133.png 1024w, https:\/\/www.iemj.org\/wp-content\/uploads\/2024\/03\/AUDIO-PLAYER-300x39.png 300w, https:\/\/www.iemj.org\/wp-content\/uploads\/2024\/03\/AUDIO-PLAYER-768x100.png 768w, https:\/\/www.iemj.org\/wp-content\/uploads\/2024\/03\/AUDIO-PLAYER-600x78.png 600w, https:\/\/www.iemj.org\/wp-content\/uploads\/2024\/03\/AUDIO-PLAYER.png 1210w\" sizes=\"(max-width: 1024px) 100vw, 1024px\" \/><\/figure>\n<\/div>\n\n\n<h2 class=\"wp-block-heading\"><\/h2>\n\n\n\n<div class=\"wp-block-file\"><a id=\"wp-block-file--media-8505fafd-3345-45a7-8316-206ebe86bf2b\" href=\"https:\/\/www.iemj.org\/wp-content\/uploads\/2017\/03\/aleph-bet_apprentissage_chante_de_l_alphabet_yemen_-_musique_liturgique_traditionnelle.mp3\">Aleph-bet : Apprentissage chant\u00e9 de l\u2019alphabet (Y\u00e9men) &#8211; Musique Liturgique Traditionnelle<\/a><\/div>\n\n\n\n<div class=\"wp-block-file\"><a id=\"wp-block-file--media-d095a6db-ab8f-47aa-8cc1-319afe24d673\" href=\"https:\/\/www.iemj.org\/wp-content\/uploads\/2017\/03\/etev_shabat_-_balfouria.mp3\">Etev Shabat &#8211; Balfouria<\/a><\/div>\n\n\n\n<div class=\"wp-block-file\"><a id=\"wp-block-file--media-c9cb5676-a3f6-4d58-bdaf-fc9f989b1e07\" href=\"https:\/\/www.iemj.org\/wp-content\/uploads\/2017\/03\/geyen_mir_in_shul_-_masha_benya.mp3\">Geyen Mir in Shul &#8211; Masha Benya<\/a><\/div>\n\n\n\n<div class=\"wp-block-file\"><a id=\"wp-block-file--media-fd9df450-6fe0-4030-9758-17c69e1fa28b\" href=\"https:\/\/www.iemj.org\/wp-content\/uploads\/2017\/03\/helf_ikh_mamen_extrait_-_gerrytenney.mp3\">Helf Ikh Mamen (EXTRAIT) &#8211; GerryTenney<\/a><\/div>\n\n\n\n<div class=\"wp-block-file\"><a id=\"wp-block-file--media-d8bfecd8-1406-4de7-97d4-e01f6b8b1f6a\" href=\"https:\/\/www.iemj.org\/wp-content\/uploads\/2017\/03\/kumf_ale_in_shul_-_masha_benya.mp3\">Kumt Ale in Shul &#8211; Masha Benya<\/a><\/div>\n\n\n\n<div class=\"wp-block-file\"><a id=\"wp-block-file--media-f1996f00-d98c-4a0d-bdb4-a0f62e41a8ed\" href=\"https:\/\/www.iemj.org\/wp-content\/uploads\/2017\/03\/machbo_im_-_lea_goldberg.mp3\">Machbo&#8217;im &#8211; Lea Goldberg<\/a><\/div>\n\n\n\n<div class=\"wp-block-file\"><a id=\"wp-block-file--media-911b975b-17d5-4cb7-bbf3-8a695c00f9fa\" href=\"https:\/\/www.iemj.org\/wp-content\/uploads\/2017\/03\/madu_a_hayeled_tsachak_bachalom_-_lea_goldberg.mp3\">Madu&#8217;a Hayeled Tsachak Bachalom &#8211; Lea Goldberg<\/a><\/div>\n\n\n\n<div class=\"wp-block-file\"><a id=\"wp-block-file--media-5f032f14-58f1-45c7-875c-2cb6d97569f6\" href=\"https:\/\/www.iemj.org\/wp-content\/uploads\/2017\/03\/nadned_-_balfouria.mp3\">Nadned &#8211; Balfouria<\/a><\/div>\n\n\n\n<div class=\"wp-block-file\"><a id=\"wp-block-file--media-81656b1d-60e2-4ca4-acd0-d1cb3cd278b3\" href=\"https:\/\/www.iemj.org\/wp-content\/uploads\/2017\/03\/ot_azoy_net_a_snayder_-masha_benya.mp3\">Ot Azoy Net a Snayder &#8211; Masha Benya<\/a><\/div>\n","protected":false},"excerpt":{"rendered":"<p>Il repertorio di canzoni per bambini<\/p>\n","protected":false},"author":1052,"featured_media":90176,"comment_status":"closed","ping_status":"open","sticky":false,"template":"","format":"standard","meta":{"_acf_changed":false,"footnotes":""},"categories":[1536],"tags":[],"technique":[],"squelettes":[],"sujet":[],"formation":[],"genre":[],"fonds":[],"tradition":[],"type-de-contenu":[],"interprete-compositeur":[],"frise":[],"type-devenement":[],"tableaux-liens-externes":[],"class_list":["post-90175","post","type-post","status-publish","format-standard","has-post-thumbnail","hentry","category-playlist-it"],"acf":[],"yoast_head":"<!-- This site is optimized with the Yoast SEO plugin v27.3 - https:\/\/yoast.com\/product\/yoast-seo-wordpress\/ -->\n<title>Filastrocche e altre canzoni per bambini 1 - Institut Europ\u00e9en des Musiques Juives<\/title>\n<meta name=\"robots\" content=\"index, follow, max-snippet:-1, max-image-preview:large, max-video-preview:-1\" \/>\n<link rel=\"canonical\" href=\"https:\/\/www.iemj.org\/it\/comptines-et-autres-chansons-enfantines-1\/\" \/>\n<meta property=\"og:locale\" content=\"it_IT\" \/>\n<meta property=\"og:type\" content=\"article\" \/>\n<meta property=\"og:title\" content=\"Filastrocche e altre canzoni per bambini 1 - Institut Europ\u00e9en des Musiques Juives\" \/>\n<meta property=\"og:description\" content=\"Il repertorio di canzoni per bambini\" \/>\n<meta property=\"og:url\" content=\"https:\/\/www.iemj.org\/it\/comptines-et-autres-chansons-enfantines-1\/\" \/>\n<meta property=\"og:site_name\" content=\"Institut Europ\u00e9en des Musiques Juives\" \/>\n<meta property=\"article:publisher\" content=\"https:\/\/www.facebook.com\/MusiquesJuives\/\" \/>\n<meta property=\"article:published_time\" content=\"2017-03-15T08:51:43+00:00\" \/>\n<meta property=\"article:modified_time\" content=\"2025-06-19T10:59:40+00:00\" \/>\n<meta property=\"og:image\" content=\"https:\/\/www.iemj.org\/wp-content\/uploads\/2017\/03\/arton2179.jpg\" \/>\n\t<meta property=\"og:image:width\" content=\"500\" \/>\n\t<meta property=\"og:image:height\" content=\"252\" \/>\n\t<meta property=\"og:image:type\" content=\"image\/jpeg\" \/>\n<meta name=\"author\" content=\"Lea Couderc\" \/>\n<meta name=\"twitter:card\" content=\"summary_large_image\" \/>\n<meta name=\"twitter:label1\" content=\"Scritto da\" \/>\n\t<meta name=\"twitter:data1\" content=\"Lea Couderc\" \/>\n\t<meta name=\"twitter:label2\" content=\"Tempo di lettura stimato\" \/>\n\t<meta name=\"twitter:data2\" content=\"2 minuti\" \/>\n<script type=\"application\/ld+json\" class=\"yoast-schema-graph\">{\"@context\":\"https:\\\/\\\/schema.org\",\"@graph\":[{\"@type\":\"Article\",\"@id\":\"https:\\\/\\\/www.iemj.org\\\/it\\\/comptines-et-autres-chansons-enfantines-1\\\/#article\",\"isPartOf\":{\"@id\":\"https:\\\/\\\/www.iemj.org\\\/it\\\/comptines-et-autres-chansons-enfantines-1\\\/\"},\"author\":{\"name\":\"Lea Couderc\",\"@id\":\"https:\\\/\\\/www.iemj.org\\\/it\\\/#\\\/schema\\\/person\\\/e2ad57f2c4be119c7ed8ab79036807a9\"},\"headline\":\"Filastrocche e altre canzoni per bambini 1\",\"datePublished\":\"2017-03-15T08:51:43+00:00\",\"dateModified\":\"2025-06-19T10:59:40+00:00\",\"mainEntityOfPage\":{\"@id\":\"https:\\\/\\\/www.iemj.org\\\/it\\\/comptines-et-autres-chansons-enfantines-1\\\/\"},\"wordCount\":186,\"publisher\":{\"@id\":\"https:\\\/\\\/www.iemj.org\\\/it\\\/#organization\"},\"image\":{\"@id\":\"https:\\\/\\\/www.iemj.org\\\/it\\\/comptines-et-autres-chansons-enfantines-1\\\/#primaryimage\"},\"thumbnailUrl\":\"https:\\\/\\\/www.iemj.org\\\/wp-content\\\/uploads\\\/2017\\\/03\\\/arton2179.jpg\",\"articleSection\":[\"Playlist\"],\"inLanguage\":\"it-IT\"},{\"@type\":\"WebPage\",\"@id\":\"https:\\\/\\\/www.iemj.org\\\/it\\\/comptines-et-autres-chansons-enfantines-1\\\/\",\"url\":\"https:\\\/\\\/www.iemj.org\\\/it\\\/comptines-et-autres-chansons-enfantines-1\\\/\",\"name\":\"Filastrocche e altre canzoni per bambini 1 - Institut Europ\u00e9en des Musiques Juives\",\"isPartOf\":{\"@id\":\"https:\\\/\\\/www.iemj.org\\\/it\\\/#website\"},\"primaryImageOfPage\":{\"@id\":\"https:\\\/\\\/www.iemj.org\\\/it\\\/comptines-et-autres-chansons-enfantines-1\\\/#primaryimage\"},\"image\":{\"@id\":\"https:\\\/\\\/www.iemj.org\\\/it\\\/comptines-et-autres-chansons-enfantines-1\\\/#primaryimage\"},\"thumbnailUrl\":\"https:\\\/\\\/www.iemj.org\\\/wp-content\\\/uploads\\\/2017\\\/03\\\/arton2179.jpg\",\"datePublished\":\"2017-03-15T08:51:43+00:00\",\"dateModified\":\"2025-06-19T10:59:40+00:00\",\"breadcrumb\":{\"@id\":\"https:\\\/\\\/www.iemj.org\\\/it\\\/comptines-et-autres-chansons-enfantines-1\\\/#breadcrumb\"},\"inLanguage\":\"it-IT\",\"potentialAction\":[{\"@type\":\"ReadAction\",\"target\":[\"https:\\\/\\\/www.iemj.org\\\/it\\\/comptines-et-autres-chansons-enfantines-1\\\/\"]}]},{\"@type\":\"ImageObject\",\"inLanguage\":\"it-IT\",\"@id\":\"https:\\\/\\\/www.iemj.org\\\/it\\\/comptines-et-autres-chansons-enfantines-1\\\/#primaryimage\",\"url\":\"https:\\\/\\\/www.iemj.org\\\/wp-content\\\/uploads\\\/2017\\\/03\\\/arton2179.jpg\",\"contentUrl\":\"https:\\\/\\\/www.iemj.org\\\/wp-content\\\/uploads\\\/2017\\\/03\\\/arton2179.jpg\",\"width\":500,\"height\":252},{\"@type\":\"BreadcrumbList\",\"@id\":\"https:\\\/\\\/www.iemj.org\\\/it\\\/comptines-et-autres-chansons-enfantines-1\\\/#breadcrumb\",\"itemListElement\":[{\"@type\":\"ListItem\",\"position\":1,\"name\":\"Accueil\",\"item\":\"https:\\\/\\\/www.iemj.org\\\/it\\\/\"},{\"@type\":\"ListItem\",\"position\":2,\"name\":\"Filastrocche e altre canzoni per bambini 1\"}]},{\"@type\":\"WebSite\",\"@id\":\"https:\\\/\\\/www.iemj.org\\\/it\\\/#website\",\"url\":\"https:\\\/\\\/www.iemj.org\\\/it\\\/\",\"name\":\"Institut Europ\u00e9en des Musiques Juives\",\"description\":\"Des traditions musicales \u00e0 la port\u00e9e de tous\",\"publisher\":{\"@id\":\"https:\\\/\\\/www.iemj.org\\\/it\\\/#organization\"},\"potentialAction\":[{\"@type\":\"SearchAction\",\"target\":{\"@type\":\"EntryPoint\",\"urlTemplate\":\"https:\\\/\\\/www.iemj.org\\\/it\\\/?s={search_term_string}\"},\"query-input\":{\"@type\":\"PropertyValueSpecification\",\"valueRequired\":true,\"valueName\":\"search_term_string\"}}],\"inLanguage\":\"it-IT\"},{\"@type\":\"Organization\",\"@id\":\"https:\\\/\\\/www.iemj.org\\\/it\\\/#organization\",\"name\":\"Institut Europ\u00e9en des Musiques Juives\",\"url\":\"https:\\\/\\\/www.iemj.org\\\/it\\\/\",\"logo\":{\"@type\":\"ImageObject\",\"inLanguage\":\"it-IT\",\"@id\":\"https:\\\/\\\/www.iemj.org\\\/it\\\/#\\\/schema\\\/logo\\\/image\\\/\",\"url\":\"https:\\\/\\\/www.iemj.org\\\/wp-content\\\/uploads\\\/2021\\\/09\\\/Logo-IEMJ-Paypal.jpg\",\"contentUrl\":\"https:\\\/\\\/www.iemj.org\\\/wp-content\\\/uploads\\\/2021\\\/09\\\/Logo-IEMJ-Paypal.jpg\",\"width\":150,\"height\":50,\"caption\":\"Institut Europ\u00e9en des Musiques Juives\"},\"image\":{\"@id\":\"https:\\\/\\\/www.iemj.org\\\/it\\\/#\\\/schema\\\/logo\\\/image\\\/\"},\"sameAs\":[\"https:\\\/\\\/www.facebook.com\\\/MusiquesJuives\\\/\",\"https:\\\/\\\/www.instagram.com\\\/musiquesjuives\\\/\",\"https:\\\/\\\/www.youtube.com\\\/user\\\/musiquesjuives\"]},{\"@type\":\"Person\",\"@id\":\"https:\\\/\\\/www.iemj.org\\\/it\\\/#\\\/schema\\\/person\\\/e2ad57f2c4be119c7ed8ab79036807a9\",\"name\":\"Lea Couderc\",\"image\":{\"@type\":\"ImageObject\",\"inLanguage\":\"it-IT\",\"@id\":\"https:\\\/\\\/secure.gravatar.com\\\/avatar\\\/46ee021475d60aeff17a7e490b79dea5a5684bb392ab7fd1494027411df8ba23?s=96&d=mm&r=g\",\"url\":\"https:\\\/\\\/secure.gravatar.com\\\/avatar\\\/46ee021475d60aeff17a7e490b79dea5a5684bb392ab7fd1494027411df8ba23?s=96&d=mm&r=g\",\"contentUrl\":\"https:\\\/\\\/secure.gravatar.com\\\/avatar\\\/46ee021475d60aeff17a7e490b79dea5a5684bb392ab7fd1494027411df8ba23?s=96&d=mm&r=g\",\"caption\":\"Lea Couderc\"}}]}<\/script>\n<!-- \/ Yoast SEO plugin. -->","yoast_head_json":{"title":"Filastrocche e altre canzoni per bambini 1 - Institut Europ\u00e9en des Musiques Juives","robots":{"index":"index","follow":"follow","max-snippet":"max-snippet:-1","max-image-preview":"max-image-preview:large","max-video-preview":"max-video-preview:-1"},"canonical":"https:\/\/www.iemj.org\/it\/comptines-et-autres-chansons-enfantines-1\/","og_locale":"it_IT","og_type":"article","og_title":"Filastrocche e altre canzoni per bambini 1 - Institut Europ\u00e9en des Musiques Juives","og_description":"Il repertorio di canzoni per bambini","og_url":"https:\/\/www.iemj.org\/it\/comptines-et-autres-chansons-enfantines-1\/","og_site_name":"Institut Europ\u00e9en des Musiques Juives","article_publisher":"https:\/\/www.facebook.com\/MusiquesJuives\/","article_published_time":"2017-03-15T08:51:43+00:00","article_modified_time":"2025-06-19T10:59:40+00:00","og_image":[{"width":500,"height":252,"url":"https:\/\/www.iemj.org\/wp-content\/uploads\/2017\/03\/arton2179.jpg","type":"image\/jpeg"}],"author":"Lea Couderc","twitter_card":"summary_large_image","twitter_misc":{"Scritto da":"Lea Couderc","Tempo di lettura stimato":"2 minuti"},"schema":{"@context":"https:\/\/schema.org","@graph":[{"@type":"Article","@id":"https:\/\/www.iemj.org\/it\/comptines-et-autres-chansons-enfantines-1\/#article","isPartOf":{"@id":"https:\/\/www.iemj.org\/it\/comptines-et-autres-chansons-enfantines-1\/"},"author":{"name":"Lea Couderc","@id":"https:\/\/www.iemj.org\/it\/#\/schema\/person\/e2ad57f2c4be119c7ed8ab79036807a9"},"headline":"Filastrocche e altre canzoni per bambini 1","datePublished":"2017-03-15T08:51:43+00:00","dateModified":"2025-06-19T10:59:40+00:00","mainEntityOfPage":{"@id":"https:\/\/www.iemj.org\/it\/comptines-et-autres-chansons-enfantines-1\/"},"wordCount":186,"publisher":{"@id":"https:\/\/www.iemj.org\/it\/#organization"},"image":{"@id":"https:\/\/www.iemj.org\/it\/comptines-et-autres-chansons-enfantines-1\/#primaryimage"},"thumbnailUrl":"https:\/\/www.iemj.org\/wp-content\/uploads\/2017\/03\/arton2179.jpg","articleSection":["Playlist"],"inLanguage":"it-IT"},{"@type":"WebPage","@id":"https:\/\/www.iemj.org\/it\/comptines-et-autres-chansons-enfantines-1\/","url":"https:\/\/www.iemj.org\/it\/comptines-et-autres-chansons-enfantines-1\/","name":"Filastrocche e altre canzoni per bambini 1 - Institut Europ\u00e9en des Musiques Juives","isPartOf":{"@id":"https:\/\/www.iemj.org\/it\/#website"},"primaryImageOfPage":{"@id":"https:\/\/www.iemj.org\/it\/comptines-et-autres-chansons-enfantines-1\/#primaryimage"},"image":{"@id":"https:\/\/www.iemj.org\/it\/comptines-et-autres-chansons-enfantines-1\/#primaryimage"},"thumbnailUrl":"https:\/\/www.iemj.org\/wp-content\/uploads\/2017\/03\/arton2179.jpg","datePublished":"2017-03-15T08:51:43+00:00","dateModified":"2025-06-19T10:59:40+00:00","breadcrumb":{"@id":"https:\/\/www.iemj.org\/it\/comptines-et-autres-chansons-enfantines-1\/#breadcrumb"},"inLanguage":"it-IT","potentialAction":[{"@type":"ReadAction","target":["https:\/\/www.iemj.org\/it\/comptines-et-autres-chansons-enfantines-1\/"]}]},{"@type":"ImageObject","inLanguage":"it-IT","@id":"https:\/\/www.iemj.org\/it\/comptines-et-autres-chansons-enfantines-1\/#primaryimage","url":"https:\/\/www.iemj.org\/wp-content\/uploads\/2017\/03\/arton2179.jpg","contentUrl":"https:\/\/www.iemj.org\/wp-content\/uploads\/2017\/03\/arton2179.jpg","width":500,"height":252},{"@type":"BreadcrumbList","@id":"https:\/\/www.iemj.org\/it\/comptines-et-autres-chansons-enfantines-1\/#breadcrumb","itemListElement":[{"@type":"ListItem","position":1,"name":"Accueil","item":"https:\/\/www.iemj.org\/it\/"},{"@type":"ListItem","position":2,"name":"Filastrocche e altre canzoni per bambini 1"}]},{"@type":"WebSite","@id":"https:\/\/www.iemj.org\/it\/#website","url":"https:\/\/www.iemj.org\/it\/","name":"Institut Europ\u00e9en des Musiques Juives","description":"Des traditions musicales \u00e0 la port\u00e9e de tous","publisher":{"@id":"https:\/\/www.iemj.org\/it\/#organization"},"potentialAction":[{"@type":"SearchAction","target":{"@type":"EntryPoint","urlTemplate":"https:\/\/www.iemj.org\/it\/?s={search_term_string}"},"query-input":{"@type":"PropertyValueSpecification","valueRequired":true,"valueName":"search_term_string"}}],"inLanguage":"it-IT"},{"@type":"Organization","@id":"https:\/\/www.iemj.org\/it\/#organization","name":"Institut Europ\u00e9en des Musiques Juives","url":"https:\/\/www.iemj.org\/it\/","logo":{"@type":"ImageObject","inLanguage":"it-IT","@id":"https:\/\/www.iemj.org\/it\/#\/schema\/logo\/image\/","url":"https:\/\/www.iemj.org\/wp-content\/uploads\/2021\/09\/Logo-IEMJ-Paypal.jpg","contentUrl":"https:\/\/www.iemj.org\/wp-content\/uploads\/2021\/09\/Logo-IEMJ-Paypal.jpg","width":150,"height":50,"caption":"Institut Europ\u00e9en des Musiques Juives"},"image":{"@id":"https:\/\/www.iemj.org\/it\/#\/schema\/logo\/image\/"},"sameAs":["https:\/\/www.facebook.com\/MusiquesJuives\/","https:\/\/www.instagram.com\/musiquesjuives\/","https:\/\/www.youtube.com\/user\/musiquesjuives"]},{"@type":"Person","@id":"https:\/\/www.iemj.org\/it\/#\/schema\/person\/e2ad57f2c4be119c7ed8ab79036807a9","name":"Lea Couderc","image":{"@type":"ImageObject","inLanguage":"it-IT","@id":"https:\/\/secure.gravatar.com\/avatar\/46ee021475d60aeff17a7e490b79dea5a5684bb392ab7fd1494027411df8ba23?s=96&d=mm&r=g","url":"https:\/\/secure.gravatar.com\/avatar\/46ee021475d60aeff17a7e490b79dea5a5684bb392ab7fd1494027411df8ba23?s=96&d=mm&r=g","contentUrl":"https:\/\/secure.gravatar.com\/avatar\/46ee021475d60aeff17a7e490b79dea5a5684bb392ab7fd1494027411df8ba23?s=96&d=mm&r=g","caption":"Lea Couderc"}}]}},"_links":{"self":[{"href":"https:\/\/www.iemj.org\/it\/wp-json\/wp\/v2\/posts\/90175","targetHints":{"allow":["GET"]}}],"collection":[{"href":"https:\/\/www.iemj.org\/it\/wp-json\/wp\/v2\/posts"}],"about":[{"href":"https:\/\/www.iemj.org\/it\/wp-json\/wp\/v2\/types\/post"}],"author":[{"embeddable":true,"href":"https:\/\/www.iemj.org\/it\/wp-json\/wp\/v2\/users\/1052"}],"replies":[{"embeddable":true,"href":"https:\/\/www.iemj.org\/it\/wp-json\/wp\/v2\/comments?post=90175"}],"version-history":[{"count":0,"href":"https:\/\/www.iemj.org\/it\/wp-json\/wp\/v2\/posts\/90175\/revisions"}],"wp:featuredmedia":[{"embeddable":true,"href":"https:\/\/www.iemj.org\/it\/wp-json\/wp\/v2\/media\/90176"}],"wp:attachment":[{"href":"https:\/\/www.iemj.org\/it\/wp-json\/wp\/v2\/media?parent=90175"}],"wp:term":[{"taxonomy":"category","embeddable":true,"href":"https:\/\/www.iemj.org\/it\/wp-json\/wp\/v2\/categories?post=90175"},{"taxonomy":"post_tag","embeddable":true,"href":"https:\/\/www.iemj.org\/it\/wp-json\/wp\/v2\/tags?post=90175"},{"taxonomy":"technique","embeddable":true,"href":"https:\/\/www.iemj.org\/it\/wp-json\/wp\/v2\/technique?post=90175"},{"taxonomy":"squelettes","embeddable":true,"href":"https:\/\/www.iemj.org\/it\/wp-json\/wp\/v2\/squelettes?post=90175"},{"taxonomy":"sujet","embeddable":true,"href":"https:\/\/www.iemj.org\/it\/wp-json\/wp\/v2\/sujet?post=90175"},{"taxonomy":"formation","embeddable":true,"href":"https:\/\/www.iemj.org\/it\/wp-json\/wp\/v2\/formation?post=90175"},{"taxonomy":"genre","embeddable":true,"href":"https:\/\/www.iemj.org\/it\/wp-json\/wp\/v2\/genre?post=90175"},{"taxonomy":"fonds","embeddable":true,"href":"https:\/\/www.iemj.org\/it\/wp-json\/wp\/v2\/fonds?post=90175"},{"taxonomy":"tradition","embeddable":true,"href":"https:\/\/www.iemj.org\/it\/wp-json\/wp\/v2\/tradition?post=90175"},{"taxonomy":"type-de-contenu","embeddable":true,"href":"https:\/\/www.iemj.org\/it\/wp-json\/wp\/v2\/type-de-contenu?post=90175"},{"taxonomy":"interprete-compositeur","embeddable":true,"href":"https:\/\/www.iemj.org\/it\/wp-json\/wp\/v2\/interprete-compositeur?post=90175"},{"taxonomy":"frise","embeddable":true,"href":"https:\/\/www.iemj.org\/it\/wp-json\/wp\/v2\/frise?post=90175"},{"taxonomy":"type-devenement","embeddable":true,"href":"https:\/\/www.iemj.org\/it\/wp-json\/wp\/v2\/type-devenement?post=90175"},{"taxonomy":"tableaux-liens-externes","embeddable":true,"href":"https:\/\/www.iemj.org\/it\/wp-json\/wp\/v2\/tableaux-liens-externes?post=90175"}],"curies":[{"name":"wp","href":"https:\/\/api.w.org\/{rel}","templated":true}]}}